{"id":9415,"date":"2020-03-05T11:07:22","date_gmt":"2020-03-05T14:07:22","guid":{"rendered":"https:\/\/www.univ-guyane.fr\/?p=9415"},"modified":"2024-06-27T11:16:09","modified_gmt":"2024-06-27T14:16:09","slug":"transition-energetique-dans-un-contexte-africain","status":"publish","type":"post","link":"https:\/\/www.univ-guyane.fr\/nl\/2020\/03\/05\/transition-energetique-dans-un-contexte-africain\/","title":{"rendered":"Energietransitie in een Afrikaanse context"},"content":{"rendered":"<div id=\"fws_69f3b92594a37\"  data-column-margin=\"default\" data-midnight=\"dark\"  class=\"wpb_row vc_row-fluid vc_row\"  style=\"padding-top: 0px; padding-bottom: 0px; \"><div class=\"row-bg-wrap\" data-bg-animation=\"none\" data-bg-animation-delay=\"\" data-bg-overlay=\"false\"><div class=\"inner-wrap row-bg-layer\" ><div class=\"row-bg viewport-desktop\"  style=\"\"><\/div><\/div><\/div><div class=\"row_col_wrap_12 col span_12 dark left\">\n\t<div  class=\"vc_col-sm-12 wpb_column column_container vc_column_container col no-extra-padding inherit_tablet inherit_phone\"  data-padding-pos=\"all\" data-has-bg-color=\"false\" data-bg-color=\"\" data-bg-opacity=\"1\" data-animation=\"\" data-delay=\"0\" >\n\t\t<div class=\"vc_column-inner\" >\n\t\t\t<div class=\"wpb_wrapper\">\n\t\t\t\t\n<div class=\"wpb_text_column wpb_content_element  chapo\" >\n\t<h2>Het IUT in Kourou organiseert op maandag 9 maart 2020 vanaf 18.00 uur in amfitheater E op de Troubiran-campus een conferentie met als titel \"Energietransitie in een Afrikaanse context\". De lezing wordt gegeven door Dr Mamadou Lamine NDIAYE, docent en onderzoeker elektronica aan de \u00c9cole Sup\u00e9rieure Polytechnique de l'Univ<\/h2>\n<\/div>\n\n\n\n\n<div class=\"wpb_text_column wpb_content_element\" >\n\t<div class=\"wpb_text_column wpb_content_element\">\n<div class=\"wpb_wrapper\">\n<span class=\"nectar-dropcap\" >A <\/span>Met een bevolking van meer dan een miljard is Afrika bezuiden de Sahara de regio ter wereld die het meest te lijden heeft onder energiearmoede: meer dan 600 miljoen mensen hebben geen toegang tot elektriciteit (Oxfam, 2017) en ongeveer 80% van de bevolking gebruikt traditionele brandstoffen (hout, houtskool) om te koken (AFD, 2016). Deze situatie staat in contrast met universele toegang tot energie, 7<sup>th<\/sup>\u00a0Duurzame Ontwikkelingsdoelstelling, die ervoor moet zorgen dat iedereen tegen 2030 toegang heeft tot betrouwbare, duurzame en moderne energiediensten tegen een betaalbare prijs. Energie is een sleutelsector voor het terugdringen van armoede en het bereiken van de MDG's. Toegang tot betere energiediensten is een belangrijke bepalende factor voor armoedebestrijding. Toegang tot betere energiediensten is een belangrijke bepalende factor voor armoedebestrijding.<\/p>\n<p>Het Afrikaanse platteland in het algemeen, en Senegal in het bijzonder, wordt gekenmerkt door geld- en energiearmoede, die vooral vrouwen treft. Het Senegalese platteland wordt ook gekenmerkt door een grote afhankelijkheid van houtenergie en een laag verbruik van elektrische energie.<\/p>\n<p>De presentatie zal ingaan op de energiecontext in Afrika in het algemeen en Senegal in het bijzonder, en zal ook focussen op de paradox tussen het energietekort en de beschikbaarheid van energiebronnen, vooral uit hernieuwbare bronnen. Strategie\u00ebn voor de ontwikkeling van hernieuwbare energie zullen aan bod komen via het regelgevend kader, energierichtlijnen, de uitdagingen van de integratie van hernieuwbare energiebronnen en een presentatie van lopende projecten. We sluiten onze presentatie af met enkele punten. De presentatie wordt afgesloten met een blik op de internationale uitdagingen.<\/p>\n<\/div>\n<\/div>\n<div class=\"wpb_text_column wpb_content_element vc_custom_1665423439500\">\n<div class=\"wpb_wrapper\">\n<p><strong>Een paar woorden over de spreker<\/strong><\/p>\n<p>Mamadou Lamine NDIAYE is hoogleraar elektronica en telecommunicatie aan de faculteit elektrotechniek van de ESP. Momenteel staat hij aan het hoofd van de afdeling Onderzoek en Samenwerking van de ESP. Zijn onderzoek richt zich op de modellering van complexe systemen, signaalverwerking en hernieuwbare energie. Hij heeft de afgelopen vijf jaar een twintigtal publicaties op zijn naam staan.   Prof. NDIAYE leidt sinds 2010 een onderzoeksgroep over energiebeheersystemen bij het CIFRES van de ESP. Het onderzoek van zijn team richt zich op het optimaliseren van intelligente energiebeheerstrategie\u00ebn. Dr. NDIAYE was lid van het team dat de \"Energy and first prize\" won in Orange's D4D (Data For Development) programma. Zijn werk \"Use of mobile phone data for rural electrification planning in developing countries\" is gericht op het beoordelen van de bijdrage van mobiele telefoongegevens aan de ontwikkeling van modellen voor de ontwikkeling van de vraag naar energie om energieplanningsstudies en bestaande elektrificatiepraktijken te verbeteren. Hij was energiedeskundige voor het project \"women entrepreneurship and adaptation\" dat voor 3 miljoen dollar werd gefinancierd door CIDA. Dit project hielp bij het versterken van de klimaatbestendigheid van gemeenschappen en in het bijzonder vrouwengroepen in de dorpen Dionewar, Niodior en Falia in de Saloum-delta in Senegal. Hij was een van de leiders van het EolSenegal-project: productie en onderhoud van kleine lokale windturbines voor rurale elektrificatie. Dit project leidde tot de oprichting van een lokale industrie voor de productie en het onderhoud van windturbines voor rurale elektrificatie. Hij is een van de leiders van het project \"Monitoring the performance of solar street lamps in the Sahel\" (momenteel in uitvoering), gefinancierd door het Ministerie van Hoger Onderwijs en Wetenschappelijk Onderzoek. Hij is een van de leiders van het project \"Het opzetten van een testcentrum in Dakar voor het uitvoeren van kwaliteitscontroles op fotovolta\u00efsche modules\" (oktober 2017 - december 2019). Dit project wordt gefinancierd door het Zwitserse federale energiebureau. Professor NDIAYE leidt ook het project \"Optimalisering van de prestaties van een zonnepers voor de productieve extractie van grondnootolie in Senegal\", gefinancierd door de Duitse Ontwikkelingssamenwerking (GIZ) voor de periode januari - september 2018. Dit project is gericht op de ontwikkeling van de verwerking van aardnoten met behulp van zonne-energie. Hij heeft drie reeds verdedigde doctoraatsthesissen mee begeleid en begeleidt momenteel vijf doctoraatsstudenten op het gebied van elektrische systemen.<\/p>\n<\/div>\n<\/div>\n<\/div>\n\n\n\n\n\t\t\t<\/div> \n\t\t<\/div>\n\t<\/div> \n<\/div><\/div>","protected":false},"excerpt":{"rendered":"Het IUT in Kourou organiseert op maandag 9 maart 2020 vanaf 18.00 uur een conferentie...","protected":false},"author":1,"featured_media":9417,"comment_status":"closed","ping_status":"open","sticky":false,"template":"","format":"standard","meta":{"iawp_total_views":28,"footnotes":""},"categories":[17],"tags":[],"class_list":{"0":"post-9415","1":"post","2":"type-post","3":"status-publish","4":"format-standard","5":"has-post-thumbnail","7":"category-iut"},"yoast_head":"<!-- This site is optimized with the Yoast SEO plugin v27.5 - https:\/\/yoast.com\/product\/yoast-seo-wordpress\/ -->\n<title>Transition \u00e9nerg\u00e9tique dans un contexte Africain &#8212; Universit\u00e9 de Guyane<\/title>\n<meta name=\"description\" content=\"D\u00e9couvrez les enjeux de la transition \u00e9nerg\u00e9tique en Afrique subsaharienne. Comment garantir l&#039;acc\u00e8s \u00e0 l&#039;\u00e9nergie pour tous dans une r\u00e9gion touch\u00e9e par la pauvret\u00e9 \u00e9nerg\u00e9tique.\" \/>\n<meta name=\"robots\" content=\"index, follow, max-snippet:-1, max-image-preview:large, max-video-preview:-1\" \/>\n<link rel=\"canonical\" href=\"https:\/\/www.univ-guyane.fr\/nl\/2020\/03\/05\/transition-energetique-dans-un-contexte-africain\/\" \/>\n<meta property=\"og:locale\" content=\"nl_NL\" \/>\n<meta property=\"og:type\" content=\"article\" \/>\n<meta property=\"og:title\" content=\"Transition \u00e9nerg\u00e9tique dans un contexte Africain &#8212; Universit\u00e9 de Guyane\" \/>\n<meta property=\"og:description\" content=\"D\u00e9couvrez les enjeux de la transition \u00e9nerg\u00e9tique en Afrique subsaharienne. Comment garantir l&#039;acc\u00e8s \u00e0 l&#039;\u00e9nergie pour tous dans une r\u00e9gion touch\u00e9e par la pauvret\u00e9 \u00e9nerg\u00e9tique.\" \/>\n<meta property=\"og:url\" content=\"https:\/\/www.univ-guyane.fr\/nl\/2020\/03\/05\/transition-energetique-dans-un-contexte-africain\/\" \/>\n<meta property=\"og:site_name\" content=\"Universit\u00e9 de Guyane\" \/>\n<meta property=\"article:publisher\" content=\"https:\/\/www.facebook.com\/univguyane\" \/>\n<meta property=\"article:published_time\" content=\"2020-03-05T14:07:22+00:00\" \/>\n<meta property=\"article:modified_time\" content=\"2024-06-27T14:16:09+00:00\" \/>\n<meta property=\"og:image\" content=\"https:\/\/www.univ-guyane.fr\/wp-content\/uploads\/Transition-energetique-dans-un-contexte-Africain-universite-de-guyane.jpeg\" \/>\n\t<meta property=\"og:image:width\" content=\"1024\" \/>\n\t<meta property=\"og:image:height\" content=\"683\" \/>\n\t<meta property=\"og:image:type\" content=\"image\/jpeg\" \/>\n<meta name=\"author\" content=\"Erick Loiti\u00e8re\" \/>\n<meta name=\"twitter:card\" content=\"summary_large_image\" \/>\n<meta name=\"twitter:creator\" content=\"@univguyane\" \/>\n<meta name=\"twitter:site\" content=\"@univguyane\" \/>\n<meta name=\"twitter:label1\" content=\"Geschreven door\" \/>\n\t<meta name=\"twitter:data1\" content=\"Erick Loiti\u00e8re\" \/>\n\t<meta name=\"twitter:label2\" content=\"Geschatte leestijd\" \/>\n\t<meta name=\"twitter:data2\" content=\"5 minuten\" \/>\n<script type=\"application\/ld+json\" class=\"yoast-schema-graph\">{\"@context\":\"https:\\\/\\\/schema.org\",\"@graph\":[{\"@type\":\"Article\",\"@id\":\"https:\\\/\\\/www.univ-guyane.fr\\\/2020\\\/03\\\/05\\\/transition-energetique-dans-un-contexte-africain\\\/#article\",\"isPartOf\":{\"@id\":\"https:\\\/\\\/www.univ-guyane.fr\\\/2020\\\/03\\\/05\\\/transition-energetique-dans-un-contexte-africain\\\/\"},\"author\":{\"name\":\"Erick Loiti\u00e8re\",\"@id\":\"https:\\\/\\\/www.univ-guyane.fr\\\/#\\\/schema\\\/person\\\/86d946a28a8be51bb096ccfdf19db179\"},\"headline\":\"Transition \u00e9nerg\u00e9tique dans un contexte Africain\",\"datePublished\":\"2020-03-05T14:07:22+00:00\",\"dateModified\":\"2024-06-27T14:16:09+00:00\",\"mainEntityOfPage\":{\"@id\":\"https:\\\/\\\/www.univ-guyane.fr\\\/2020\\\/03\\\/05\\\/transition-energetique-dans-un-contexte-africain\\\/\"},\"wordCount\":1028,\"publisher\":{\"@id\":\"https:\\\/\\\/www.univ-guyane.fr\\\/#organization\"},\"image\":{\"@id\":\"https:\\\/\\\/www.univ-guyane.fr\\\/2020\\\/03\\\/05\\\/transition-energetique-dans-un-contexte-africain\\\/#primaryimage\"},\"thumbnailUrl\":\"https:\\\/\\\/www.univ-guyane.fr\\\/wp-content\\\/uploads\\\/Transition-energetique-dans-un-contexte-Africain-universite-de-guyane.jpeg\",\"articleSection\":[\"\u2022 IUT\"],\"inLanguage\":\"nl-NL\"},{\"@type\":\"WebPage\",\"@id\":\"https:\\\/\\\/www.univ-guyane.fr\\\/2020\\\/03\\\/05\\\/transition-energetique-dans-un-contexte-africain\\\/\",\"url\":\"https:\\\/\\\/www.univ-guyane.fr\\\/2020\\\/03\\\/05\\\/transition-energetique-dans-un-contexte-africain\\\/\",\"name\":\"Transition \u00e9nerg\u00e9tique dans un contexte Africain &#8212; Universit\u00e9 de Guyane\",\"isPartOf\":{\"@id\":\"https:\\\/\\\/www.univ-guyane.fr\\\/#website\"},\"primaryImageOfPage\":{\"@id\":\"https:\\\/\\\/www.univ-guyane.fr\\\/2020\\\/03\\\/05\\\/transition-energetique-dans-un-contexte-africain\\\/#primaryimage\"},\"image\":{\"@id\":\"https:\\\/\\\/www.univ-guyane.fr\\\/2020\\\/03\\\/05\\\/transition-energetique-dans-un-contexte-africain\\\/#primaryimage\"},\"thumbnailUrl\":\"https:\\\/\\\/www.univ-guyane.fr\\\/wp-content\\\/uploads\\\/Transition-energetique-dans-un-contexte-Africain-universite-de-guyane.jpeg\",\"datePublished\":\"2020-03-05T14:07:22+00:00\",\"dateModified\":\"2024-06-27T14:16:09+00:00\",\"description\":\"D\u00e9couvrez les enjeux de la transition \u00e9nerg\u00e9tique en Afrique subsaharienne. Comment garantir l'acc\u00e8s \u00e0 l'\u00e9nergie pour tous dans une r\u00e9gion touch\u00e9e par la pauvret\u00e9 \u00e9nerg\u00e9tique.\",\"breadcrumb\":{\"@id\":\"https:\\\/\\\/www.univ-guyane.fr\\\/2020\\\/03\\\/05\\\/transition-energetique-dans-un-contexte-africain\\\/#breadcrumb\"},\"inLanguage\":\"nl-NL\",\"potentialAction\":[{\"@type\":\"ReadAction\",\"target\":[\"https:\\\/\\\/www.univ-guyane.fr\\\/2020\\\/03\\\/05\\\/transition-energetique-dans-un-contexte-africain\\\/\"]}]},{\"@type\":\"ImageObject\",\"inLanguage\":\"nl-NL\",\"@id\":\"https:\\\/\\\/www.univ-guyane.fr\\\/2020\\\/03\\\/05\\\/transition-energetique-dans-un-contexte-africain\\\/#primaryimage\",\"url\":\"https:\\\/\\\/www.univ-guyane.fr\\\/wp-content\\\/uploads\\\/Transition-energetique-dans-un-contexte-Africain-universite-de-guyane.jpeg\",\"contentUrl\":\"https:\\\/\\\/www.univ-guyane.fr\\\/wp-content\\\/uploads\\\/Transition-energetique-dans-un-contexte-Africain-universite-de-guyane.jpeg\",\"width\":1024,\"height\":683,\"caption\":\"Transition \u00e9nerg\u00e9tique dans un contexte Africain\"},{\"@type\":\"BreadcrumbList\",\"@id\":\"https:\\\/\\\/www.univ-guyane.fr\\\/2020\\\/03\\\/05\\\/transition-energetique-dans-un-contexte-africain\\\/#breadcrumb\",\"itemListElement\":[{\"@type\":\"ListItem\",\"position\":1,\"name\":\"Accueil\",\"item\":\"https:\\\/\\\/www.univ-guyane.fr\\\/\"},{\"@type\":\"ListItem\",\"position\":2,\"name\":\"Transition \u00e9nerg\u00e9tique dans un contexte Africain\"}]},{\"@type\":\"WebSite\",\"@id\":\"https:\\\/\\\/www.univ-guyane.fr\\\/#website\",\"url\":\"https:\\\/\\\/www.univ-guyane.fr\\\/\",\"name\":\"Universit\u00e9 de Guyane\",\"description\":\"Au c\u0153ur de l&#039;amazonie\",\"publisher\":{\"@id\":\"https:\\\/\\\/www.univ-guyane.fr\\\/#organization\"},\"alternateName\":\"UG\",\"potentialAction\":[{\"@type\":\"SearchAction\",\"target\":{\"@type\":\"EntryPoint\",\"urlTemplate\":\"https:\\\/\\\/www.univ-guyane.fr\\\/?s={search_term_string}\"},\"query-input\":{\"@type\":\"PropertyValueSpecification\",\"valueRequired\":true,\"valueName\":\"search_term_string\"}}],\"inLanguage\":\"nl-NL\"},{\"@type\":\"Organization\",\"@id\":\"https:\\\/\\\/www.univ-guyane.fr\\\/#organization\",\"name\":\"Universit\u00e9 de Guyane\",\"alternateName\":\"UG\",\"url\":\"https:\\\/\\\/www.univ-guyane.fr\\\/\",\"logo\":{\"@type\":\"ImageObject\",\"inLanguage\":\"nl-NL\",\"@id\":\"https:\\\/\\\/www.univ-guyane.fr\\\/#\\\/schema\\\/logo\\\/image\\\/\",\"url\":\"https:\\\/\\\/www.univ-guyane.fr\\\/wp-content\\\/uploads\\\/2024\\\/05\\\/f.png\",\"contentUrl\":\"https:\\\/\\\/www.univ-guyane.fr\\\/wp-content\\\/uploads\\\/2024\\\/05\\\/f.png\",\"width\":1024,\"height\":1024,\"caption\":\"Universit\u00e9 de Guyane\"},\"image\":{\"@id\":\"https:\\\/\\\/www.univ-guyane.fr\\\/#\\\/schema\\\/logo\\\/image\\\/\"},\"sameAs\":[\"https:\\\/\\\/www.facebook.com\\\/univguyane\",\"https:\\\/\\\/x.com\\\/univguyane\",\"https:\\\/\\\/gf.linkedin.com\\\/school\\\/universite-de-guyane\\\/\",\"https:\\\/\\\/www.instagram.com\\\/univ_guyane\\\/\"]},{\"@type\":\"Person\",\"@id\":\"https:\\\/\\\/www.univ-guyane.fr\\\/#\\\/schema\\\/person\\\/86d946a28a8be51bb096ccfdf19db179\",\"name\":\"Erick Loiti\u00e8re\",\"image\":{\"@type\":\"ImageObject\",\"inLanguage\":\"nl-NL\",\"@id\":\"https:\\\/\\\/secure.gravatar.com\\\/avatar\\\/0584f332103fbeaf37e52c73b15dca3c547fd9300deb05764e9ad8714839d072?s=96&d=robohash&r=g\",\"url\":\"https:\\\/\\\/secure.gravatar.com\\\/avatar\\\/0584f332103fbeaf37e52c73b15dca3c547fd9300deb05764e9ad8714839d072?s=96&d=robohash&r=g\",\"contentUrl\":\"https:\\\/\\\/secure.gravatar.com\\\/avatar\\\/0584f332103fbeaf37e52c73b15dca3c547fd9300deb05764e9ad8714839d072?s=96&d=robohash&r=g\",\"caption\":\"Erick Loiti\u00e8re\"},\"sameAs\":[\"http:\\\/\\\/www.univ-guyane.fr\"],\"url\":\"https:\\\/\\\/www.univ-guyane.fr\\\/nl\\\/author\\\/eloitierdbz\\\/\"}]}<\/script>\n<!-- \/ Yoast SEO plugin. -->","yoast_head_json":{"title":"Transition \u00e9nerg\u00e9tique dans un contexte Africain &#8212; Universit\u00e9 de Guyane","description":"D\u00e9couvrez les enjeux de la transition \u00e9nerg\u00e9tique en Afrique subsaharienne. Comment garantir l'acc\u00e8s \u00e0 l'\u00e9nergie pour tous dans une r\u00e9gion touch\u00e9e par la pauvret\u00e9 \u00e9nerg\u00e9tique.","robots":{"index":"index","follow":"follow","max-snippet":"max-snippet:-1","max-image-preview":"max-image-preview:large","max-video-preview":"max-video-preview:-1"},"canonical":"https:\/\/www.univ-guyane.fr\/nl\/2020\/03\/05\/transition-energetique-dans-un-contexte-africain\/","og_locale":"nl_NL","og_type":"article","og_title":"Transition \u00e9nerg\u00e9tique dans un contexte Africain &#8212; Universit\u00e9 de Guyane","og_description":"D\u00e9couvrez les enjeux de la transition \u00e9nerg\u00e9tique en Afrique subsaharienne. Comment garantir l'acc\u00e8s \u00e0 l'\u00e9nergie pour tous dans une r\u00e9gion touch\u00e9e par la pauvret\u00e9 \u00e9nerg\u00e9tique.","og_url":"https:\/\/www.univ-guyane.fr\/nl\/2020\/03\/05\/transition-energetique-dans-un-contexte-africain\/","og_site_name":"Universit\u00e9 de Guyane","article_publisher":"https:\/\/www.facebook.com\/univguyane","article_published_time":"2020-03-05T14:07:22+00:00","article_modified_time":"2024-06-27T14:16:09+00:00","og_image":[{"width":1024,"height":683,"url":"https:\/\/www.univ-guyane.fr\/wp-content\/uploads\/Transition-energetique-dans-un-contexte-Africain-universite-de-guyane.jpeg","type":"image\/jpeg"}],"author":"Erick Loiti\u00e8re","twitter_card":"summary_large_image","twitter_creator":"@univguyane","twitter_site":"@univguyane","twitter_misc":{"Geschreven door":"Erick Loiti\u00e8re","Geschatte leestijd":"5 minuten"},"schema":{"@context":"https:\/\/schema.org","@graph":[{"@type":"Article","@id":"https:\/\/www.univ-guyane.fr\/2020\/03\/05\/transition-energetique-dans-un-contexte-africain\/#article","isPartOf":{"@id":"https:\/\/www.univ-guyane.fr\/2020\/03\/05\/transition-energetique-dans-un-contexte-africain\/"},"author":{"name":"Erick Loiti\u00e8re","@id":"https:\/\/www.univ-guyane.fr\/#\/schema\/person\/86d946a28a8be51bb096ccfdf19db179"},"headline":"Transition \u00e9nerg\u00e9tique dans un contexte Africain","datePublished":"2020-03-05T14:07:22+00:00","dateModified":"2024-06-27T14:16:09+00:00","mainEntityOfPage":{"@id":"https:\/\/www.univ-guyane.fr\/2020\/03\/05\/transition-energetique-dans-un-contexte-africain\/"},"wordCount":1028,"publisher":{"@id":"https:\/\/www.univ-guyane.fr\/#organization"},"image":{"@id":"https:\/\/www.univ-guyane.fr\/2020\/03\/05\/transition-energetique-dans-un-contexte-africain\/#primaryimage"},"thumbnailUrl":"https:\/\/www.univ-guyane.fr\/wp-content\/uploads\/Transition-energetique-dans-un-contexte-Africain-universite-de-guyane.jpeg","articleSection":["\u2022 IUT"],"inLanguage":"nl-NL"},{"@type":"WebPage","@id":"https:\/\/www.univ-guyane.fr\/2020\/03\/05\/transition-energetique-dans-un-contexte-africain\/","url":"https:\/\/www.univ-guyane.fr\/2020\/03\/05\/transition-energetique-dans-un-contexte-africain\/","name":"Transition \u00e9nerg\u00e9tique dans un contexte Africain &#8212; Universit\u00e9 de Guyane","isPartOf":{"@id":"https:\/\/www.univ-guyane.fr\/#website"},"primaryImageOfPage":{"@id":"https:\/\/www.univ-guyane.fr\/2020\/03\/05\/transition-energetique-dans-un-contexte-africain\/#primaryimage"},"image":{"@id":"https:\/\/www.univ-guyane.fr\/2020\/03\/05\/transition-energetique-dans-un-contexte-africain\/#primaryimage"},"thumbnailUrl":"https:\/\/www.univ-guyane.fr\/wp-content\/uploads\/Transition-energetique-dans-un-contexte-Africain-universite-de-guyane.jpeg","datePublished":"2020-03-05T14:07:22+00:00","dateModified":"2024-06-27T14:16:09+00:00","description":"D\u00e9couvrez les enjeux de la transition \u00e9nerg\u00e9tique en Afrique subsaharienne. Comment garantir l'acc\u00e8s \u00e0 l'\u00e9nergie pour tous dans une r\u00e9gion touch\u00e9e par la pauvret\u00e9 \u00e9nerg\u00e9tique.","breadcrumb":{"@id":"https:\/\/www.univ-guyane.fr\/2020\/03\/05\/transition-energetique-dans-un-contexte-africain\/#breadcrumb"},"inLanguage":"nl-NL","potentialAction":[{"@type":"ReadAction","target":["https:\/\/www.univ-guyane.fr\/2020\/03\/05\/transition-energetique-dans-un-contexte-africain\/"]}]},{"@type":"ImageObject","inLanguage":"nl-NL","@id":"https:\/\/www.univ-guyane.fr\/2020\/03\/05\/transition-energetique-dans-un-contexte-africain\/#primaryimage","url":"https:\/\/www.univ-guyane.fr\/wp-content\/uploads\/Transition-energetique-dans-un-contexte-Africain-universite-de-guyane.jpeg","contentUrl":"https:\/\/www.univ-guyane.fr\/wp-content\/uploads\/Transition-energetique-dans-un-contexte-Africain-universite-de-guyane.jpeg","width":1024,"height":683,"caption":"Transition \u00e9nerg\u00e9tique dans un contexte Africain"},{"@type":"BreadcrumbList","@id":"https:\/\/www.univ-guyane.fr\/2020\/03\/05\/transition-energetique-dans-un-contexte-africain\/#breadcrumb","itemListElement":[{"@type":"ListItem","position":1,"name":"Accueil","item":"https:\/\/www.univ-guyane.fr\/"},{"@type":"ListItem","position":2,"name":"Transition \u00e9nerg\u00e9tique dans un contexte Africain"}]},{"@type":"WebSite","@id":"https:\/\/www.univ-guyane.fr\/#website","url":"https:\/\/www.univ-guyane.fr\/","name":"Universiteit van Guyana","description":"In het hart van Amazonia","publisher":{"@id":"https:\/\/www.univ-guyane.fr\/#organization"},"alternateName":"UG","potentialAction":[{"@type":"SearchAction","target":{"@type":"EntryPoint","urlTemplate":"https:\/\/www.univ-guyane.fr\/?s={search_term_string}"},"query-input":{"@type":"PropertyValueSpecification","valueRequired":true,"valueName":"search_term_string"}}],"inLanguage":"nl-NL"},{"@type":"Organization","@id":"https:\/\/www.univ-guyane.fr\/#organization","name":"Universiteit van Guyana","alternateName":"UG","url":"https:\/\/www.univ-guyane.fr\/","logo":{"@type":"ImageObject","inLanguage":"nl-NL","@id":"https:\/\/www.univ-guyane.fr\/#\/schema\/logo\/image\/","url":"https:\/\/www.univ-guyane.fr\/wp-content\/uploads\/2024\/05\/f.png","contentUrl":"https:\/\/www.univ-guyane.fr\/wp-content\/uploads\/2024\/05\/f.png","width":1024,"height":1024,"caption":"Universit\u00e9 de Guyane"},"image":{"@id":"https:\/\/www.univ-guyane.fr\/#\/schema\/logo\/image\/"},"sameAs":["https:\/\/www.facebook.com\/univguyane","https:\/\/x.com\/univguyane","https:\/\/gf.linkedin.com\/school\/universite-de-guyane\/","https:\/\/www.instagram.com\/univ_guyane\/"]},{"@type":"Person","@id":"https:\/\/www.univ-guyane.fr\/#\/schema\/person\/86d946a28a8be51bb096ccfdf19db179","name":"Erick Loiti\u00e8re","image":{"@type":"ImageObject","inLanguage":"nl-NL","@id":"https:\/\/secure.gravatar.com\/avatar\/0584f332103fbeaf37e52c73b15dca3c547fd9300deb05764e9ad8714839d072?s=96&d=robohash&r=g","url":"https:\/\/secure.gravatar.com\/avatar\/0584f332103fbeaf37e52c73b15dca3c547fd9300deb05764e9ad8714839d072?s=96&d=robohash&r=g","contentUrl":"https:\/\/secure.gravatar.com\/avatar\/0584f332103fbeaf37e52c73b15dca3c547fd9300deb05764e9ad8714839d072?s=96&d=robohash&r=g","caption":"Erick Loiti\u00e8re"},"sameAs":["http:\/\/www.univ-guyane.fr"],"url":"https:\/\/www.univ-guyane.fr\/nl\/author\/eloitierdbz\/"}]}},"_links":{"self":[{"href":"https:\/\/www.univ-guyane.fr\/nl\/wp-json\/wp\/v2\/posts\/9415","targetHints":{"allow":["GET"]}}],"collection":[{"href":"https:\/\/www.univ-guyane.fr\/nl\/wp-json\/wp\/v2\/posts"}],"about":[{"href":"https:\/\/www.univ-guyane.fr\/nl\/wp-json\/wp\/v2\/types\/post"}],"author":[{"embeddable":true,"href":"https:\/\/www.univ-guyane.fr\/nl\/wp-json\/wp\/v2\/users\/1"}],"replies":[{"embeddable":true,"href":"https:\/\/www.univ-guyane.fr\/nl\/wp-json\/wp\/v2\/comments?post=9415"}],"version-history":[{"count":1,"href":"https:\/\/www.univ-guyane.fr\/nl\/wp-json\/wp\/v2\/posts\/9415\/revisions"}],"predecessor-version":[{"id":9419,"href":"https:\/\/www.univ-guyane.fr\/nl\/wp-json\/wp\/v2\/posts\/9415\/revisions\/9419"}],"wp:featuredmedia":[{"embeddable":true,"href":"https:\/\/www.univ-guyane.fr\/nl\/wp-json\/wp\/v2\/media\/9417"}],"wp:attachment":[{"href":"https:\/\/www.univ-guyane.fr\/nl\/wp-json\/wp\/v2\/media?parent=9415"}],"wp:term":[{"taxonomy":"category","embeddable":true,"href":"https:\/\/www.univ-guyane.fr\/nl\/wp-json\/wp\/v2\/categories?post=9415"},{"taxonomy":"post_tag","embeddable":true,"href":"https:\/\/www.univ-guyane.fr\/nl\/wp-json\/wp\/v2\/tags?post=9415"}],"curies":[{"name":"wp","href":"https:\/\/api.w.org\/{rel}","templated":true}]}}