{"id":9470,"date":"2018-10-17T16:03:31","date_gmt":"2018-10-17T19:03:31","guid":{"rendered":"https:\/\/www.univ-guyane.fr\/?p=9470"},"modified":"2024-06-27T16:11:21","modified_gmt":"2024-06-27T19:11:21","slug":"luniversite-de-guyane-participe-a-la-2e-edition-de-lopen-access-week","status":"publish","type":"post","link":"https:\/\/www.univ-guyane.fr\/nl\/2018\/10\/17\/luniversite-de-guyane-participe-a-la-2e-edition-de-lopen-access-week\/","title":{"rendered":"De Universiteit van Guyana neemt deel aan de 2e Open Access Week"},"content":{"rendered":"<div id=\"fws_69f3967ce679c\"  data-column-margin=\"default\" data-midnight=\"dark\"  class=\"wpb_row vc_row-fluid vc_row\"  style=\"padding-top: 0px; padding-bottom: 0px; \"><div class=\"row-bg-wrap\" data-bg-animation=\"none\" data-bg-animation-delay=\"\" data-bg-overlay=\"false\"><div class=\"inner-wrap row-bg-layer\" ><div class=\"row-bg viewport-desktop\"  style=\"\"><\/div><\/div><\/div><div class=\"row_col_wrap_12 col span_12 dark left\">\n\t<div  class=\"vc_col-sm-12 wpb_column column_container vc_column_container col no-extra-padding inherit_tablet inherit_phone\"  data-padding-pos=\"all\" data-has-bg-color=\"false\" data-bg-color=\"\" data-bg-opacity=\"1\" data-animation=\"\" data-delay=\"0\" >\n\t\t<div class=\"vc_column-inner\" >\n\t\t\t<div class=\"wpb_wrapper\">\n\t\t\t\t\n<div class=\"wpb_text_column wpb_content_element  chapo\" >\n\t<div id=\"fws_65f306472a267\" class=\"wpb_row vc_row-fluid vc_row\" data-column-margin=\"default\" data-midnight=\"dark\">\n<div class=\"row_col_wrap_12 col span_12 dark left\">\n<div class=\"vc_col-sm-12 wpb_column column_container vc_column_container col no-extra-padding inherit_tablet inherit_phone\" data-padding-pos=\"all\" data-has-bg-color=\"false\" data-bg-color=\"\" data-bg-opacity=\"1\" data-animation=\"\" data-delay=\"0\">\n<div class=\"vc_column-inner\">\n<div class=\"wpb_wrapper\">\n<div class=\"wpb_text_column wpb_content_element\">\n<div class=\"wpb_wrapper\">\n<h2>De Universiteit van Guyana, via haar Service commun de la documentation, met de financi\u00eble steun van de IRISTA Interest Group, de Doctoral School en het ECOFOG laboratorium, neemt deel aan de tweede editie van de Open Access Week 2018.<\/h2>\n<\/div>\n<\/div>\n<\/div>\n<\/div>\n<\/div>\n<\/div>\n<\/div>\n<\/div>\n\n\n\n\n<div class=\"wpb_text_column wpb_content_element\" >\n\t<div class=\"wpb_text_column wpb_content_element\">\n<div class=\"wpb_wrapper\">\n<div id=\"lipsum\">\n<div id=\"fws_65f306472a267\" class=\"wpb_row vc_row-fluid vc_row\" data-column-margin=\"default\" data-midnight=\"dark\">\n<div class=\"row_col_wrap_12 col span_12 dark left\">\n<div class=\"vc_col-sm-12 wpb_column column_container vc_column_container col no-extra-padding inherit_tablet inherit_phone\" data-padding-pos=\"all\" data-has-bg-color=\"false\" data-bg-color=\"\" data-bg-opacity=\"1\" data-animation=\"\" data-delay=\"0\">\n<div class=\"vc_column-inner\">\n<div class=\"wpb_wrapper\">\n<div class=\"wpb_text_column wpb_content_element\">\n<div class=\"wpb_wrapper\">\n<span class=\"nectar-dropcap\" >C <\/span>zijn International Open Access Week is een wereldwijd evenement voor onderzoekers, bedoeld om open toegang en het delen van kennis te promoten.<\/p>\n<\/div>\n<\/div>\n<\/div>\n<\/div>\n<\/div>\n<\/div>\n<\/div>\n<p>Bij deze gelegenheid zal Anna\u00efg Mah\u00e9, Senior Lecturer in Information and Communication Sciences aan de Parijse URFIST en de Ecole des Chartes, en onderzoeker in het DICEN-team (EA 4420), bibliometrische en onderzoeksevaluatie-instrumenten presenteren aan laboratoria en doctoraatsstudenten over het volgende onderwerp: \"Van traditionele indicatoren naar nieuwe indicatoren: welke plaats en welke uitdagingen voor de evaluatie van onderzoek ingediend in Open Access?<\/p>\n<p>Een \"Halckathon\" wordt gelanceerd door de BU van 15\/10\/2018 tot 26\/10\/2018: tijdens deze periode kunnen onderzoekers sturen naar het adres.\u00a0<a href=\"https:\/\/web.archive.org\/web\/20240314141423\/mailto:marie.latour@univ-guyane.fr\">marie.latour@univ-guyane.fr<\/a>\u00a0een bibliografische lijst van onderzoeksdocumenten (artikelen, scripties, HDR's, boeken, conferentieverslagen, enz.) die zij sinds de oprichting van de UG hebben gepubliceerd. ) die zij sinds de oprichting van de UG hebben gepubliceerd. Deze lijst gaat vergezeld van de full-text documenten die door de leescommissies zijn gevalideerd v\u00f3\u00f3r (post-print) en na publicatie (uitgeversversie). Naast deze bibliografische referenties wordt vermeld of deze onderzoeksdocumenten het voorwerp zijn geweest van specifieke financiering (Europees, ANR-fondsen, enz.). De BU is verantwoordelijk voor het indienen van de documenten bij Hal en voert vooraf alle nodige controles uit. Een gekwantificeerd verslag van de operatie is gepland voor oktober 2019.<\/p>\n<\/div>\n<\/div>\n<\/div>\n<div class=\"wpb_text_column wpb_content_element\">\n<div class=\"wpb_wrapper\">\n<h3>Week 1<\/h3>\n<p><strong>Dinsdag 16 oktober\u00a0<\/strong><\/p>\n<p><strong>10.00 tot 12.00 uur.<\/strong>\u00a0Workshop voor onderzoekers van het Epat Laboratorium over het HAL open archief, gegeven door Marie Latour, Curator van Bibliotheken.<\/p>\n<hr \/>\n<p><strong>Woensdag 17 oktober<\/strong><\/p>\n<p><strong>10.00 tot 12.00 uur.<\/strong>\u00a0Workshop voor onderzoekers van het EspaceDev Laboratorium over het onderwerp van het HAL open archief, gegeven door Marie Latour, Curator of Libraries.<\/p>\n<hr \/>\n<p><strong>Donderdag 18 oktober<\/strong><\/p>\n<p><strong>10.00 tot 12.00 uur.<\/strong>\u00a0Workshop voor onderzoekers van het MINEA laboratorium over het HAL open archief door Marie Latour, curator bibliotheken.<\/p>\n<hr \/>\n<p><strong>Vrijdag 19 oktober<\/strong><\/p>\n<p><strong>10.00 tot 12.00 uur.<\/strong>\u00a0Workshop voor onderzoekers van het ECOFOG Laboratorium over het onderwerp van het HAL open archief, gegeven door Marie Latour, Curator of Libraries.<\/p>\n<h3>Week 2<\/h3>\n<p><strong>Maandag 22 oktober<\/strong><\/p>\n<p><strong>18.00 - 20.00 uur :\u00a0<\/strong>Lezing door Anna\u00efg Mah\u00e9 over het onderwerp \"Hoe onderzoek evalueren dat in Open Access is gedeponeerd\".<\/p>\n<hr \/>\n<p><strong>Dinsdag 23 oktober<\/strong><\/p>\n<p><strong>9.00 tot 11.00 uur.<\/strong>\u00a0Training van onderzoekers van het ECOFOG Laboratorium in het gebruik van traditionele evaluatie-instrumenten voor onderzoek (Impact Factor, Eigenfactor, SNIP, h-factor, SJR, etc.) en nieuwe indicatoren (Altmetrics, etc.) door Anna\u00efg Mah\u00e9.<\/p>\n<p><strong>16.00 tot 18.00 uur.<\/strong>\u00a0Opleiding van ED doctoraatsstudenten door Anna\u00efg Mah\u00e9 Deel 1\/5<\/p>\n<hr \/>\n<p><strong>Woensdag 24 oktober<\/strong><\/p>\n<p><strong>16.00 tot 18.00 uur.<\/strong>\u00a0Opleiding van ED doctoraatsstudenten door Anna\u00efg Mah\u00e9 Deel 2\/5<\/p>\n<hr \/>\n<p><strong>Donderdag 25 oktober<\/strong><\/p>\n<p><strong>8.00 tot 10.00 uur.<\/strong>\u00a0Opleiding van ED doctoraatsstudenten door Anna\u00efg Mah\u00e9 Deel 3\/5<\/p>\n<p><strong>11.00 tot 13.00 uur.<\/strong>\u00a0Training van onderzoekers van het MINEA laboratorium in het gebruik van traditionele evaluatie-instrumenten voor onderzoek (Impact Factor, Eigenfactor, SNIP, h-factor, SJR, etc.) en nieuwe indicatoren (Altmetrics, etc.) door Anna\u00efg Mah\u00e9.<\/p>\n<p><strong>15.00 tot 17.00 uur.<\/strong>\u00a0Opleiding van ED doctoraatsstudenten door Anna\u00efg Mah\u00e9 Deel 4\/5<\/p>\n<hr \/>\n<p><strong>Vrijdag 26 oktober<\/strong><\/p>\n<p><strong>8.00 tot 10.00 uur.<\/strong>\u00a0Opleiding van ED doctoraatsstudenten door Anna\u00efg Mah\u00e9 Deel 5\/5<\/p>\n<p><strong>13.00 tot 15.00 uur.<\/strong>\u00a0Training van Espace Dev-onderzoekers in het gebruik van traditionele onderzoeksevaluatie-instrumenten (Impact Factor, Eigenfactor, SNIP, h-factor, SJR, etc.) en nieuwe indicatoren (Altmetrics, etc.) door Anna\u00efg Mah\u00e9.<\/p>\n<\/div>\n<\/div>\n<\/div>\n\n\n\n\n\t\t\t<\/div> \n\t\t<\/div>\n\t<\/div> \n<\/div><\/div>","protected":false},"excerpt":{"rendered":"De Universiteit van Guyana, via haar Gemeenschappelijke Documentatiedienst, met de financi\u00eble steun van...","protected":false},"author":1,"featured_media":9471,"comment_status":"closed","ping_status":"open","sticky":false,"template":"","format":"standard","meta":{"iawp_total_views":34,"footnotes":""},"categories":[232,155,229],"tags":[],"class_list":{"0":"post-9470","1":"post","2":"type-post","3":"status-publish","4":"format-standard","5":"has-post-thumbnail","7":"category-bibliotheque","8":"category-recherche","9":"category-universite-actualites"},"yoast_head":"<!-- This site is optimized with the Yoast SEO plugin v27.5 - https:\/\/yoast.com\/product\/yoast-seo-wordpress\/ -->\n<title>L\u2019Universit\u00e9 de Guyane participe \u00e0 la 2e \u00e9dition de l\u2019Open Access Week &#8212; Universit\u00e9 de Guyane<\/title>\n<meta name=\"description\" content=\"D\u00e9couvrez les outils de bibliom\u00e9trie et d&#039;\u00e9valuation de la recherche en Open Access lors de la semaine de l&#039;Acc\u00e8s ouvert.\" \/>\n<meta name=\"robots\" content=\"index, follow, max-snippet:-1, max-image-preview:large, max-video-preview:-1\" \/>\n<link rel=\"canonical\" href=\"https:\/\/www.univ-guyane.fr\/nl\/2018\/10\/17\/luniversite-de-guyane-participe-a-la-2e-edition-de-lopen-access-week\/\" \/>\n<meta property=\"og:locale\" content=\"nl_NL\" \/>\n<meta property=\"og:type\" content=\"article\" \/>\n<meta property=\"og:title\" content=\"L\u2019Universit\u00e9 de Guyane participe \u00e0 la 2e \u00e9dition de l\u2019Open Access Week &#8212; Universit\u00e9 de Guyane\" \/>\n<meta property=\"og:description\" content=\"D\u00e9couvrez les outils de bibliom\u00e9trie et d&#039;\u00e9valuation de la recherche en Open Access lors de la semaine de l&#039;Acc\u00e8s ouvert.\" \/>\n<meta property=\"og:url\" content=\"https:\/\/www.univ-guyane.fr\/nl\/2018\/10\/17\/luniversite-de-guyane-participe-a-la-2e-edition-de-lopen-access-week\/\" \/>\n<meta property=\"og:site_name\" content=\"Universit\u00e9 de Guyane\" \/>\n<meta property=\"article:publisher\" content=\"https:\/\/www.facebook.com\/univguyane\" \/>\n<meta property=\"article:published_time\" content=\"2018-10-17T19:03:31+00:00\" \/>\n<meta property=\"article:modified_time\" content=\"2024-06-27T19:11:21+00:00\" \/>\n<meta property=\"og:image\" content=\"https:\/\/www.univ-guyane.fr\/wp-content\/uploads\/open-access-week-2018-universite-de-guyane.jpeg\" \/>\n\t<meta property=\"og:image:width\" content=\"1024\" \/>\n\t<meta property=\"og:image:height\" content=\"576\" \/>\n\t<meta property=\"og:image:type\" content=\"image\/jpeg\" \/>\n<meta name=\"author\" content=\"Erick Loiti\u00e8re\" \/>\n<meta name=\"twitter:card\" content=\"summary_large_image\" \/>\n<meta name=\"twitter:creator\" content=\"@univguyane\" \/>\n<meta name=\"twitter:site\" content=\"@univguyane\" \/>\n<meta name=\"twitter:label1\" content=\"Geschreven door\" \/>\n\t<meta name=\"twitter:data1\" content=\"Erick Loiti\u00e8re\" \/>\n\t<meta name=\"twitter:label2\" content=\"Geschatte leestijd\" \/>\n\t<meta name=\"twitter:data2\" content=\"4 minuten\" \/>\n<script type=\"application\/ld+json\" class=\"yoast-schema-graph\">{\"@context\":\"https:\\\/\\\/schema.org\",\"@graph\":[{\"@type\":\"Article\",\"@id\":\"https:\\\/\\\/www.univ-guyane.fr\\\/2018\\\/10\\\/17\\\/luniversite-de-guyane-participe-a-la-2e-edition-de-lopen-access-week\\\/#article\",\"isPartOf\":{\"@id\":\"https:\\\/\\\/www.univ-guyane.fr\\\/2018\\\/10\\\/17\\\/luniversite-de-guyane-participe-a-la-2e-edition-de-lopen-access-week\\\/\"},\"author\":{\"name\":\"Erick Loiti\u00e8re\",\"@id\":\"https:\\\/\\\/www.univ-guyane.fr\\\/#\\\/schema\\\/person\\\/86d946a28a8be51bb096ccfdf19db179\"},\"headline\":\"L\u2019Universit\u00e9 de Guyane participe \u00e0 la 2e \u00e9dition de l\u2019Open Access Week\",\"datePublished\":\"2018-10-17T19:03:31+00:00\",\"dateModified\":\"2024-06-27T19:11:21+00:00\",\"mainEntityOfPage\":{\"@id\":\"https:\\\/\\\/www.univ-guyane.fr\\\/2018\\\/10\\\/17\\\/luniversite-de-guyane-participe-a-la-2e-edition-de-lopen-access-week\\\/\"},\"wordCount\":830,\"publisher\":{\"@id\":\"https:\\\/\\\/www.univ-guyane.fr\\\/#organization\"},\"image\":{\"@id\":\"https:\\\/\\\/www.univ-guyane.fr\\\/2018\\\/10\\\/17\\\/luniversite-de-guyane-participe-a-la-2e-edition-de-lopen-access-week\\\/#primaryimage\"},\"thumbnailUrl\":\"https:\\\/\\\/www.univ-guyane.fr\\\/wp-content\\\/uploads\\\/open-access-week-2018-universite-de-guyane.jpeg\",\"articleSection\":[\"\u2022 Biblioth\u00e8que\",\"\u2022\u00a0Recherche\",\"\u2022 Universit\u00e9\"],\"inLanguage\":\"nl-NL\"},{\"@type\":\"WebPage\",\"@id\":\"https:\\\/\\\/www.univ-guyane.fr\\\/2018\\\/10\\\/17\\\/luniversite-de-guyane-participe-a-la-2e-edition-de-lopen-access-week\\\/\",\"url\":\"https:\\\/\\\/www.univ-guyane.fr\\\/2018\\\/10\\\/17\\\/luniversite-de-guyane-participe-a-la-2e-edition-de-lopen-access-week\\\/\",\"name\":\"L\u2019Universit\u00e9 de Guyane participe \u00e0 la 2e \u00e9dition de l\u2019Open Access Week &#8212; Universit\u00e9 de Guyane\",\"isPartOf\":{\"@id\":\"https:\\\/\\\/www.univ-guyane.fr\\\/#website\"},\"primaryImageOfPage\":{\"@id\":\"https:\\\/\\\/www.univ-guyane.fr\\\/2018\\\/10\\\/17\\\/luniversite-de-guyane-participe-a-la-2e-edition-de-lopen-access-week\\\/#primaryimage\"},\"image\":{\"@id\":\"https:\\\/\\\/www.univ-guyane.fr\\\/2018\\\/10\\\/17\\\/luniversite-de-guyane-participe-a-la-2e-edition-de-lopen-access-week\\\/#primaryimage\"},\"thumbnailUrl\":\"https:\\\/\\\/www.univ-guyane.fr\\\/wp-content\\\/uploads\\\/open-access-week-2018-universite-de-guyane.jpeg\",\"datePublished\":\"2018-10-17T19:03:31+00:00\",\"dateModified\":\"2024-06-27T19:11:21+00:00\",\"description\":\"D\u00e9couvrez les outils de bibliom\u00e9trie et d'\u00e9valuation de la recherche en Open Access lors de la semaine de l'Acc\u00e8s ouvert.\",\"breadcrumb\":{\"@id\":\"https:\\\/\\\/www.univ-guyane.fr\\\/2018\\\/10\\\/17\\\/luniversite-de-guyane-participe-a-la-2e-edition-de-lopen-access-week\\\/#breadcrumb\"},\"inLanguage\":\"nl-NL\",\"potentialAction\":[{\"@type\":\"ReadAction\",\"target\":[\"https:\\\/\\\/www.univ-guyane.fr\\\/2018\\\/10\\\/17\\\/luniversite-de-guyane-participe-a-la-2e-edition-de-lopen-access-week\\\/\"]}]},{\"@type\":\"ImageObject\",\"inLanguage\":\"nl-NL\",\"@id\":\"https:\\\/\\\/www.univ-guyane.fr\\\/2018\\\/10\\\/17\\\/luniversite-de-guyane-participe-a-la-2e-edition-de-lopen-access-week\\\/#primaryimage\",\"url\":\"https:\\\/\\\/www.univ-guyane.fr\\\/wp-content\\\/uploads\\\/open-access-week-2018-universite-de-guyane.jpeg\",\"contentUrl\":\"https:\\\/\\\/www.univ-guyane.fr\\\/wp-content\\\/uploads\\\/open-access-week-2018-universite-de-guyane.jpeg\",\"width\":1024,\"height\":576,\"caption\":\"L\u2019Universit\u00e9 de Guyane participe \u00e0 la 2e \u00e9dition de l\u2019Open Access Week\"},{\"@type\":\"BreadcrumbList\",\"@id\":\"https:\\\/\\\/www.univ-guyane.fr\\\/2018\\\/10\\\/17\\\/luniversite-de-guyane-participe-a-la-2e-edition-de-lopen-access-week\\\/#breadcrumb\",\"itemListElement\":[{\"@type\":\"ListItem\",\"position\":1,\"name\":\"Accueil\",\"item\":\"https:\\\/\\\/www.univ-guyane.fr\\\/\"},{\"@type\":\"ListItem\",\"position\":2,\"name\":\"L\u2019Universit\u00e9 de Guyane participe \u00e0 la 2e \u00e9dition de l\u2019Open Access Week\"}]},{\"@type\":\"WebSite\",\"@id\":\"https:\\\/\\\/www.univ-guyane.fr\\\/#website\",\"url\":\"https:\\\/\\\/www.univ-guyane.fr\\\/\",\"name\":\"Universit\u00e9 de Guyane\",\"description\":\"Au c\u0153ur de l&#039;amazonie\",\"publisher\":{\"@id\":\"https:\\\/\\\/www.univ-guyane.fr\\\/#organization\"},\"alternateName\":\"UG\",\"potentialAction\":[{\"@type\":\"SearchAction\",\"target\":{\"@type\":\"EntryPoint\",\"urlTemplate\":\"https:\\\/\\\/www.univ-guyane.fr\\\/?s={search_term_string}\"},\"query-input\":{\"@type\":\"PropertyValueSpecification\",\"valueRequired\":true,\"valueName\":\"search_term_string\"}}],\"inLanguage\":\"nl-NL\"},{\"@type\":\"Organization\",\"@id\":\"https:\\\/\\\/www.univ-guyane.fr\\\/#organization\",\"name\":\"Universit\u00e9 de Guyane\",\"alternateName\":\"UG\",\"url\":\"https:\\\/\\\/www.univ-guyane.fr\\\/\",\"logo\":{\"@type\":\"ImageObject\",\"inLanguage\":\"nl-NL\",\"@id\":\"https:\\\/\\\/www.univ-guyane.fr\\\/#\\\/schema\\\/logo\\\/image\\\/\",\"url\":\"https:\\\/\\\/www.univ-guyane.fr\\\/wp-content\\\/uploads\\\/2024\\\/05\\\/f.png\",\"contentUrl\":\"https:\\\/\\\/www.univ-guyane.fr\\\/wp-content\\\/uploads\\\/2024\\\/05\\\/f.png\",\"width\":1024,\"height\":1024,\"caption\":\"Universit\u00e9 de Guyane\"},\"image\":{\"@id\":\"https:\\\/\\\/www.univ-guyane.fr\\\/#\\\/schema\\\/logo\\\/image\\\/\"},\"sameAs\":[\"https:\\\/\\\/www.facebook.com\\\/univguyane\",\"https:\\\/\\\/x.com\\\/univguyane\",\"https:\\\/\\\/gf.linkedin.com\\\/school\\\/universite-de-guyane\\\/\",\"https:\\\/\\\/www.instagram.com\\\/univ_guyane\\\/\"]},{\"@type\":\"Person\",\"@id\":\"https:\\\/\\\/www.univ-guyane.fr\\\/#\\\/schema\\\/person\\\/86d946a28a8be51bb096ccfdf19db179\",\"name\":\"Erick Loiti\u00e8re\",\"image\":{\"@type\":\"ImageObject\",\"inLanguage\":\"nl-NL\",\"@id\":\"https:\\\/\\\/secure.gravatar.com\\\/avatar\\\/0584f332103fbeaf37e52c73b15dca3c547fd9300deb05764e9ad8714839d072?s=96&d=robohash&r=g\",\"url\":\"https:\\\/\\\/secure.gravatar.com\\\/avatar\\\/0584f332103fbeaf37e52c73b15dca3c547fd9300deb05764e9ad8714839d072?s=96&d=robohash&r=g\",\"contentUrl\":\"https:\\\/\\\/secure.gravatar.com\\\/avatar\\\/0584f332103fbeaf37e52c73b15dca3c547fd9300deb05764e9ad8714839d072?s=96&d=robohash&r=g\",\"caption\":\"Erick Loiti\u00e8re\"},\"sameAs\":[\"http:\\\/\\\/www.univ-guyane.fr\"],\"url\":\"https:\\\/\\\/www.univ-guyane.fr\\\/nl\\\/author\\\/eloitierdbz\\\/\"}]}<\/script>\n<!-- \/ Yoast SEO plugin. -->","yoast_head_json":{"title":"L\u2019Universit\u00e9 de Guyane participe \u00e0 la 2e \u00e9dition de l\u2019Open Access Week &#8212; Universit\u00e9 de Guyane","description":"D\u00e9couvrez les outils de bibliom\u00e9trie et d'\u00e9valuation de la recherche en Open Access lors de la semaine de l'Acc\u00e8s ouvert.","robots":{"index":"index","follow":"follow","max-snippet":"max-snippet:-1","max-image-preview":"max-image-preview:large","max-video-preview":"max-video-preview:-1"},"canonical":"https:\/\/www.univ-guyane.fr\/nl\/2018\/10\/17\/luniversite-de-guyane-participe-a-la-2e-edition-de-lopen-access-week\/","og_locale":"nl_NL","og_type":"article","og_title":"L\u2019Universit\u00e9 de Guyane participe \u00e0 la 2e \u00e9dition de l\u2019Open Access Week &#8212; Universit\u00e9 de Guyane","og_description":"D\u00e9couvrez les outils de bibliom\u00e9trie et d'\u00e9valuation de la recherche en Open Access lors de la semaine de l'Acc\u00e8s ouvert.","og_url":"https:\/\/www.univ-guyane.fr\/nl\/2018\/10\/17\/luniversite-de-guyane-participe-a-la-2e-edition-de-lopen-access-week\/","og_site_name":"Universit\u00e9 de Guyane","article_publisher":"https:\/\/www.facebook.com\/univguyane","article_published_time":"2018-10-17T19:03:31+00:00","article_modified_time":"2024-06-27T19:11:21+00:00","og_image":[{"width":1024,"height":576,"url":"https:\/\/www.univ-guyane.fr\/wp-content\/uploads\/open-access-week-2018-universite-de-guyane.jpeg","type":"image\/jpeg"}],"author":"Erick Loiti\u00e8re","twitter_card":"summary_large_image","twitter_creator":"@univguyane","twitter_site":"@univguyane","twitter_misc":{"Geschreven door":"Erick Loiti\u00e8re","Geschatte leestijd":"4 minuten"},"schema":{"@context":"https:\/\/schema.org","@graph":[{"@type":"Article","@id":"https:\/\/www.univ-guyane.fr\/2018\/10\/17\/luniversite-de-guyane-participe-a-la-2e-edition-de-lopen-access-week\/#article","isPartOf":{"@id":"https:\/\/www.univ-guyane.fr\/2018\/10\/17\/luniversite-de-guyane-participe-a-la-2e-edition-de-lopen-access-week\/"},"author":{"name":"Erick Loiti\u00e8re","@id":"https:\/\/www.univ-guyane.fr\/#\/schema\/person\/86d946a28a8be51bb096ccfdf19db179"},"headline":"L\u2019Universit\u00e9 de Guyane participe \u00e0 la 2e \u00e9dition de l\u2019Open Access Week","datePublished":"2018-10-17T19:03:31+00:00","dateModified":"2024-06-27T19:11:21+00:00","mainEntityOfPage":{"@id":"https:\/\/www.univ-guyane.fr\/2018\/10\/17\/luniversite-de-guyane-participe-a-la-2e-edition-de-lopen-access-week\/"},"wordCount":830,"publisher":{"@id":"https:\/\/www.univ-guyane.fr\/#organization"},"image":{"@id":"https:\/\/www.univ-guyane.fr\/2018\/10\/17\/luniversite-de-guyane-participe-a-la-2e-edition-de-lopen-access-week\/#primaryimage"},"thumbnailUrl":"https:\/\/www.univ-guyane.fr\/wp-content\/uploads\/open-access-week-2018-universite-de-guyane.jpeg","articleSection":["\u2022 Biblioth\u00e8que","\u2022\u00a0Recherche","\u2022 Universit\u00e9"],"inLanguage":"nl-NL"},{"@type":"WebPage","@id":"https:\/\/www.univ-guyane.fr\/2018\/10\/17\/luniversite-de-guyane-participe-a-la-2e-edition-de-lopen-access-week\/","url":"https:\/\/www.univ-guyane.fr\/2018\/10\/17\/luniversite-de-guyane-participe-a-la-2e-edition-de-lopen-access-week\/","name":"L\u2019Universit\u00e9 de Guyane participe \u00e0 la 2e \u00e9dition de l\u2019Open Access Week &#8212; Universit\u00e9 de Guyane","isPartOf":{"@id":"https:\/\/www.univ-guyane.fr\/#website"},"primaryImageOfPage":{"@id":"https:\/\/www.univ-guyane.fr\/2018\/10\/17\/luniversite-de-guyane-participe-a-la-2e-edition-de-lopen-access-week\/#primaryimage"},"image":{"@id":"https:\/\/www.univ-guyane.fr\/2018\/10\/17\/luniversite-de-guyane-participe-a-la-2e-edition-de-lopen-access-week\/#primaryimage"},"thumbnailUrl":"https:\/\/www.univ-guyane.fr\/wp-content\/uploads\/open-access-week-2018-universite-de-guyane.jpeg","datePublished":"2018-10-17T19:03:31+00:00","dateModified":"2024-06-27T19:11:21+00:00","description":"D\u00e9couvrez les outils de bibliom\u00e9trie et d'\u00e9valuation de la recherche en Open Access lors de la semaine de l'Acc\u00e8s ouvert.","breadcrumb":{"@id":"https:\/\/www.univ-guyane.fr\/2018\/10\/17\/luniversite-de-guyane-participe-a-la-2e-edition-de-lopen-access-week\/#breadcrumb"},"inLanguage":"nl-NL","potentialAction":[{"@type":"ReadAction","target":["https:\/\/www.univ-guyane.fr\/2018\/10\/17\/luniversite-de-guyane-participe-a-la-2e-edition-de-lopen-access-week\/"]}]},{"@type":"ImageObject","inLanguage":"nl-NL","@id":"https:\/\/www.univ-guyane.fr\/2018\/10\/17\/luniversite-de-guyane-participe-a-la-2e-edition-de-lopen-access-week\/#primaryimage","url":"https:\/\/www.univ-guyane.fr\/wp-content\/uploads\/open-access-week-2018-universite-de-guyane.jpeg","contentUrl":"https:\/\/www.univ-guyane.fr\/wp-content\/uploads\/open-access-week-2018-universite-de-guyane.jpeg","width":1024,"height":576,"caption":"L\u2019Universit\u00e9 de Guyane participe \u00e0 la 2e \u00e9dition de l\u2019Open Access Week"},{"@type":"BreadcrumbList","@id":"https:\/\/www.univ-guyane.fr\/2018\/10\/17\/luniversite-de-guyane-participe-a-la-2e-edition-de-lopen-access-week\/#breadcrumb","itemListElement":[{"@type":"ListItem","position":1,"name":"Accueil","item":"https:\/\/www.univ-guyane.fr\/"},{"@type":"ListItem","position":2,"name":"L\u2019Universit\u00e9 de Guyane participe \u00e0 la 2e \u00e9dition de l\u2019Open Access Week"}]},{"@type":"WebSite","@id":"https:\/\/www.univ-guyane.fr\/#website","url":"https:\/\/www.univ-guyane.fr\/","name":"Universiteit van Guyana","description":"In het hart van Amazonia","publisher":{"@id":"https:\/\/www.univ-guyane.fr\/#organization"},"alternateName":"UG","potentialAction":[{"@type":"SearchAction","target":{"@type":"EntryPoint","urlTemplate":"https:\/\/www.univ-guyane.fr\/?s={search_term_string}"},"query-input":{"@type":"PropertyValueSpecification","valueRequired":true,"valueName":"search_term_string"}}],"inLanguage":"nl-NL"},{"@type":"Organization","@id":"https:\/\/www.univ-guyane.fr\/#organization","name":"Universiteit van Guyana","alternateName":"UG","url":"https:\/\/www.univ-guyane.fr\/","logo":{"@type":"ImageObject","inLanguage":"nl-NL","@id":"https:\/\/www.univ-guyane.fr\/#\/schema\/logo\/image\/","url":"https:\/\/www.univ-guyane.fr\/wp-content\/uploads\/2024\/05\/f.png","contentUrl":"https:\/\/www.univ-guyane.fr\/wp-content\/uploads\/2024\/05\/f.png","width":1024,"height":1024,"caption":"Universit\u00e9 de Guyane"},"image":{"@id":"https:\/\/www.univ-guyane.fr\/#\/schema\/logo\/image\/"},"sameAs":["https:\/\/www.facebook.com\/univguyane","https:\/\/x.com\/univguyane","https:\/\/gf.linkedin.com\/school\/universite-de-guyane\/","https:\/\/www.instagram.com\/univ_guyane\/"]},{"@type":"Person","@id":"https:\/\/www.univ-guyane.fr\/#\/schema\/person\/86d946a28a8be51bb096ccfdf19db179","name":"Erick Loiti\u00e8re","image":{"@type":"ImageObject","inLanguage":"nl-NL","@id":"https:\/\/secure.gravatar.com\/avatar\/0584f332103fbeaf37e52c73b15dca3c547fd9300deb05764e9ad8714839d072?s=96&d=robohash&r=g","url":"https:\/\/secure.gravatar.com\/avatar\/0584f332103fbeaf37e52c73b15dca3c547fd9300deb05764e9ad8714839d072?s=96&d=robohash&r=g","contentUrl":"https:\/\/secure.gravatar.com\/avatar\/0584f332103fbeaf37e52c73b15dca3c547fd9300deb05764e9ad8714839d072?s=96&d=robohash&r=g","caption":"Erick Loiti\u00e8re"},"sameAs":["http:\/\/www.univ-guyane.fr"],"url":"https:\/\/www.univ-guyane.fr\/nl\/author\/eloitierdbz\/"}]}},"_links":{"self":[{"href":"https:\/\/www.univ-guyane.fr\/nl\/wp-json\/wp\/v2\/posts\/9470","targetHints":{"allow":["GET"]}}],"collection":[{"href":"https:\/\/www.univ-guyane.fr\/nl\/wp-json\/wp\/v2\/posts"}],"about":[{"href":"https:\/\/www.univ-guyane.fr\/nl\/wp-json\/wp\/v2\/types\/post"}],"author":[{"embeddable":true,"href":"https:\/\/www.univ-guyane.fr\/nl\/wp-json\/wp\/v2\/users\/1"}],"replies":[{"embeddable":true,"href":"https:\/\/www.univ-guyane.fr\/nl\/wp-json\/wp\/v2\/comments?post=9470"}],"version-history":[{"count":3,"href":"https:\/\/www.univ-guyane.fr\/nl\/wp-json\/wp\/v2\/posts\/9470\/revisions"}],"predecessor-version":[{"id":9474,"href":"https:\/\/www.univ-guyane.fr\/nl\/wp-json\/wp\/v2\/posts\/9470\/revisions\/9474"}],"wp:featuredmedia":[{"embeddable":true,"href":"https:\/\/www.univ-guyane.fr\/nl\/wp-json\/wp\/v2\/media\/9471"}],"wp:attachment":[{"href":"https:\/\/www.univ-guyane.fr\/nl\/wp-json\/wp\/v2\/media?parent=9470"}],"wp:term":[{"taxonomy":"category","embeddable":true,"href":"https:\/\/www.univ-guyane.fr\/nl\/wp-json\/wp\/v2\/categories?post=9470"},{"taxonomy":"post_tag","embeddable":true,"href":"https:\/\/www.univ-guyane.fr\/nl\/wp-json\/wp\/v2\/tags?post=9470"}],"curies":[{"name":"wp","href":"https:\/\/api.w.org\/{rel}","templated":true}]}}