{"id":10165,"date":"2024-09-04T08:51:50","date_gmt":"2024-09-04T11:51:50","guid":{"rendered":"https:\/\/www.univ-guyane.fr\/?p=10165"},"modified":"2024-09-04T11:00:45","modified_gmt":"2024-09-04T14:00:45","slug":"reunion-dinformation-sur-le-programme-erasmus","status":"publish","type":"post","link":"https:\/\/www.univ-guyane.fr\/pt\/2024\/09\/04\/reunion-dinformation-sur-le-programme-erasmus\/","title":{"rendered":"Reuni\u00e3o informativa sobre o programa ERASMUS"},"content":{"rendered":"<div id=\"fws_69f21c00a90c9\"  data-column-margin=\"default\" data-midnight=\"dark\"  class=\"wpb_row vc_row-fluid vc_row\"  style=\"padding-top: 0px; padding-bottom: 0px; \"><div class=\"row-bg-wrap\" data-bg-animation=\"none\" data-bg-animation-delay=\"\" data-bg-overlay=\"false\"><div class=\"inner-wrap row-bg-layer\" ><div class=\"row-bg viewport-desktop\"  style=\"\"><\/div><\/div><\/div><div class=\"row_col_wrap_12 col span_12 dark left\">\n\t<div  class=\"vc_col-sm-12 wpb_column column_container vc_column_container col no-extra-padding inherit_tablet inherit_phone\"  data-padding-pos=\"all\" data-has-bg-color=\"false\" data-bg-color=\"\" data-bg-opacity=\"1\" data-animation=\"\" data-delay=\"0\" >\n\t\t<div class=\"vc_column-inner\" >\n\t\t\t<div class=\"wpb_wrapper\">\n\t\t\t\t\n<div class=\"wpb_text_column wpb_content_element  chapo\" >\n\t<h2>Est\u00e1 sonhando com uma experi\u00eancia internacional que enriquecer\u00e1 sua carreira acad\u00eamica e pessoal? N\u00e3o perca a reuni\u00e3o informativa sobre o programa Erasmus+, organizada em 10 de setembro de 2024, \u00e0s 12h45, no anfiteatro E.<\/h2>\n<\/div>\n\n\n\n\n<div class=\"wpb_text_column wpb_content_element\" >\n\t<h3>Por que escolher o Erasmus+ para seus estudos no exterior?<\/h3>\n<p>O programa Erasmus+ \u00e9 muito mais do que apenas um interc\u00e2mbio acad\u00eamico. <strong>Ele abre as portas para mais de 13 pa\u00edses europeus<\/strong>al\u00e9m de destinos na Am\u00e9rica do Sul, como Brasil, Col\u00f4mbia e Guiana. Ao participar desse programa, voc\u00ea ter\u00e1 a oportunidade de vivenciar uma imers\u00e3o cultural \u00fanica, aperfei\u00e7oar suas habilidades no idioma e descobrir novas culturas que transformar\u00e3o a maneira como voc\u00ea v\u00ea o mundo.<\/p>\n<h3>O que voc\u00ea aprender\u00e1 na reuni\u00e3o informativa<\/h3>\n<p>A reuni\u00e3o de 10 de setembro \u00e9 essencial para qualquer aluno que deseje fazer um interc\u00e2mbio internacional. Membros do Escrit\u00f3rio de Rela\u00e7\u00f5es Internacionais estar\u00e3o \u00e0 disposi\u00e7\u00e3o para explicar em detalhes como se inscrever, os crit\u00e9rios de sele\u00e7\u00e3o e os destinos dispon\u00edveis. Voc\u00ea tamb\u00e9m ter\u00e1 a oportunidade de conversar com ex-participantes que compartilhar\u00e3o suas experi\u00eancias pessoais e dar\u00e3o conselhos valiosos sobre como fazer com que sua estadia no exterior seja um sucesso.<\/p>\n<p>Al\u00e9m disso, essa reuni\u00e3o \u00e9 uma oportunidade de conhecer os estudantes internacionais hospedados pela Universidade da Guiana este ano e conversar com eles sobre suas pr\u00f3prias experi\u00eancias de mobilidade.<\/p>\n<h3>Prepare-se para uma aventura inesquec\u00edvel com o Erasmus+!<\/h3>\n<p>Ao participar desse evento, voc\u00ea ter\u00e1 todas as informa\u00e7\u00f5es necess\u00e1rias para preparar sua inscri\u00e7\u00e3o, obter uma bolsa do Erasmus+ e embarcar em uma aventura que mudar\u00e1 sua vida. Se estiver procurando uma nova perspectiva acad\u00eamica ou uma experi\u00eancia cultural enriquecedora, o programa Erasmus+ \u00e9 a oportunidade ideal para voc\u00ea.<\/p>\n<h3><strong>N\u00e3o perca essa oportunidade!<\/strong><\/h3>\n<p><strong>Junte-se a n\u00f3s em 10 de setembro de 2024, \u00e0s 12h45, no anfiteatro E da Universidade da Guiana.<\/strong>. Descubra como o Erasmus+ pode transformar sua carreira universit\u00e1ria em uma experi\u00eancia internacional inesquec\u00edvel.<\/p>\n<\/div>\n\n\n\n\n\t\t\t<\/div> \n\t\t<\/div>\n\t<\/div> \n<\/div><\/div>","protected":false},"excerpt":{"rendered":"Voc\u00ea sonha com uma experi\u00eancia internacional que enriquecer\u00e1 sua carreira acad\u00eamica e pessoal?","protected":false},"author":1,"featured_media":10166,"comment_status":"closed","ping_status":"open","sticky":false,"template":"","format":"standard","meta":{"iawp_total_views":108,"footnotes":""},"categories":[171,170],"tags":[],"class_list":{"0":"post-10165","1":"post","2":"type-post","3":"status-publish","4":"format-standard","5":"has-post-thumbnail","7":"category-erasmus","8":"category-international"},"yoast_head":"<!-- This site is optimized with the Yoast SEO plugin v27.5 - https:\/\/yoast.com\/product\/yoast-seo-wordpress\/ -->\n<title>R\u00e9union d&#039;information sur le programme ERASMUS &#8212; Universit\u00e9 de Guyane<\/title>\n<meta name=\"description\" content=\"D\u00e9couvrez le programme Erasmus+ et explorez plus de 13 pays europ\u00e9ens. Des opportunit\u00e9s acad\u00e9miques et culturelles vous attendent.\" \/>\n<meta name=\"robots\" content=\"index, follow, max-snippet:-1, max-image-preview:large, max-video-preview:-1\" \/>\n<link rel=\"canonical\" href=\"https:\/\/www.univ-guyane.fr\/pt\/2024\/09\/04\/reunion-dinformation-sur-le-programme-erasmus\/\" \/>\n<meta property=\"og:locale\" content=\"pt_BR\" \/>\n<meta property=\"og:type\" content=\"article\" \/>\n<meta property=\"og:title\" content=\"R\u00e9union d&#039;information sur le programme ERASMUS &#8212; Universit\u00e9 de Guyane\" \/>\n<meta property=\"og:description\" content=\"D\u00e9couvrez le programme Erasmus+ et explorez plus de 13 pays europ\u00e9ens. Des opportunit\u00e9s acad\u00e9miques et culturelles vous attendent.\" \/>\n<meta property=\"og:url\" content=\"https:\/\/www.univ-guyane.fr\/pt\/2024\/09\/04\/reunion-dinformation-sur-le-programme-erasmus\/\" \/>\n<meta property=\"og:site_name\" content=\"Universit\u00e9 de Guyane\" \/>\n<meta property=\"article:publisher\" content=\"https:\/\/www.facebook.com\/univguyane\" \/>\n<meta property=\"article:published_time\" content=\"2024-09-04T11:51:50+00:00\" \/>\n<meta property=\"article:modified_time\" content=\"2024-09-04T14:00:45+00:00\" \/>\n<meta property=\"og:image\" content=\"https:\/\/www.univ-guyane.fr\/wp-content\/uploads\/osez-l-international-sept-2024.jpg\" \/>\n\t<meta property=\"og:image:width\" content=\"1800\" \/>\n\t<meta property=\"og:image:height\" content=\"1013\" \/>\n\t<meta property=\"og:image:type\" content=\"image\/jpeg\" \/>\n<meta name=\"author\" content=\"Erick Loiti\u00e8re\" \/>\n<meta name=\"twitter:card\" content=\"summary_large_image\" \/>\n<meta name=\"twitter:creator\" content=\"@univguyane\" \/>\n<meta name=\"twitter:site\" content=\"@univguyane\" \/>\n<meta name=\"twitter:label1\" content=\"Escrito por\" \/>\n\t<meta name=\"twitter:data1\" content=\"Erick Loiti\u00e8re\" \/>\n\t<meta name=\"twitter:label2\" content=\"Est. tempo de leitura\" \/>\n\t<meta name=\"twitter:data2\" content=\"3 minutos\" \/>\n<script type=\"application\/ld+json\" class=\"yoast-schema-graph\">{\"@context\":\"https:\\\/\\\/schema.org\",\"@graph\":[{\"@type\":\"Article\",\"@id\":\"https:\\\/\\\/www.univ-guyane.fr\\\/2024\\\/09\\\/04\\\/reunion-dinformation-sur-le-programme-erasmus\\\/#article\",\"isPartOf\":{\"@id\":\"https:\\\/\\\/www.univ-guyane.fr\\\/2024\\\/09\\\/04\\\/reunion-dinformation-sur-le-programme-erasmus\\\/\"},\"author\":{\"name\":\"Erick Loiti\u00e8re\",\"@id\":\"https:\\\/\\\/www.univ-guyane.fr\\\/#\\\/schema\\\/person\\\/86d946a28a8be51bb096ccfdf19db179\"},\"headline\":\"R\u00e9union d&rsquo;information sur le programme ERASMUS\",\"datePublished\":\"2024-09-04T11:51:50+00:00\",\"dateModified\":\"2024-09-04T14:00:45+00:00\",\"mainEntityOfPage\":{\"@id\":\"https:\\\/\\\/www.univ-guyane.fr\\\/2024\\\/09\\\/04\\\/reunion-dinformation-sur-le-programme-erasmus\\\/\"},\"wordCount\":533,\"publisher\":{\"@id\":\"https:\\\/\\\/www.univ-guyane.fr\\\/#organization\"},\"image\":{\"@id\":\"https:\\\/\\\/www.univ-guyane.fr\\\/2024\\\/09\\\/04\\\/reunion-dinformation-sur-le-programme-erasmus\\\/#primaryimage\"},\"thumbnailUrl\":\"https:\\\/\\\/www.univ-guyane.fr\\\/wp-content\\\/uploads\\\/osez-l-international-sept-2024.jpg\",\"articleSection\":[\"\u2022 Erasmus +\",\"\u2022 International\"],\"inLanguage\":\"pt-BR\"},{\"@type\":\"WebPage\",\"@id\":\"https:\\\/\\\/www.univ-guyane.fr\\\/2024\\\/09\\\/04\\\/reunion-dinformation-sur-le-programme-erasmus\\\/\",\"url\":\"https:\\\/\\\/www.univ-guyane.fr\\\/2024\\\/09\\\/04\\\/reunion-dinformation-sur-le-programme-erasmus\\\/\",\"name\":\"R\u00e9union d'information sur le programme ERASMUS &#8212; Universit\u00e9 de Guyane\",\"isPartOf\":{\"@id\":\"https:\\\/\\\/www.univ-guyane.fr\\\/#website\"},\"primaryImageOfPage\":{\"@id\":\"https:\\\/\\\/www.univ-guyane.fr\\\/2024\\\/09\\\/04\\\/reunion-dinformation-sur-le-programme-erasmus\\\/#primaryimage\"},\"image\":{\"@id\":\"https:\\\/\\\/www.univ-guyane.fr\\\/2024\\\/09\\\/04\\\/reunion-dinformation-sur-le-programme-erasmus\\\/#primaryimage\"},\"thumbnailUrl\":\"https:\\\/\\\/www.univ-guyane.fr\\\/wp-content\\\/uploads\\\/osez-l-international-sept-2024.jpg\",\"datePublished\":\"2024-09-04T11:51:50+00:00\",\"dateModified\":\"2024-09-04T14:00:45+00:00\",\"description\":\"D\u00e9couvrez le programme Erasmus+ et explorez plus de 13 pays europ\u00e9ens. Des opportunit\u00e9s acad\u00e9miques et culturelles vous attendent.\",\"breadcrumb\":{\"@id\":\"https:\\\/\\\/www.univ-guyane.fr\\\/2024\\\/09\\\/04\\\/reunion-dinformation-sur-le-programme-erasmus\\\/#breadcrumb\"},\"inLanguage\":\"pt-BR\",\"potentialAction\":[{\"@type\":\"ReadAction\",\"target\":[\"https:\\\/\\\/www.univ-guyane.fr\\\/2024\\\/09\\\/04\\\/reunion-dinformation-sur-le-programme-erasmus\\\/\"]}]},{\"@type\":\"ImageObject\",\"inLanguage\":\"pt-BR\",\"@id\":\"https:\\\/\\\/www.univ-guyane.fr\\\/2024\\\/09\\\/04\\\/reunion-dinformation-sur-le-programme-erasmus\\\/#primaryimage\",\"url\":\"https:\\\/\\\/www.univ-guyane.fr\\\/wp-content\\\/uploads\\\/osez-l-international-sept-2024.jpg\",\"contentUrl\":\"https:\\\/\\\/www.univ-guyane.fr\\\/wp-content\\\/uploads\\\/osez-l-international-sept-2024.jpg\",\"width\":1800,\"height\":1013},{\"@type\":\"BreadcrumbList\",\"@id\":\"https:\\\/\\\/www.univ-guyane.fr\\\/2024\\\/09\\\/04\\\/reunion-dinformation-sur-le-programme-erasmus\\\/#breadcrumb\",\"itemListElement\":[{\"@type\":\"ListItem\",\"position\":1,\"name\":\"Accueil\",\"item\":\"https:\\\/\\\/www.univ-guyane.fr\\\/\"},{\"@type\":\"ListItem\",\"position\":2,\"name\":\"R\u00e9union d&rsquo;information sur le programme ERASMUS\"}]},{\"@type\":\"WebSite\",\"@id\":\"https:\\\/\\\/www.univ-guyane.fr\\\/#website\",\"url\":\"https:\\\/\\\/www.univ-guyane.fr\\\/\",\"name\":\"Universit\u00e9 de Guyane\",\"description\":\"Au c\u0153ur de l&#039;amazonie\",\"publisher\":{\"@id\":\"https:\\\/\\\/www.univ-guyane.fr\\\/#organization\"},\"alternateName\":\"UG\",\"potentialAction\":[{\"@type\":\"SearchAction\",\"target\":{\"@type\":\"EntryPoint\",\"urlTemplate\":\"https:\\\/\\\/www.univ-guyane.fr\\\/?s={search_term_string}\"},\"query-input\":{\"@type\":\"PropertyValueSpecification\",\"valueRequired\":true,\"valueName\":\"search_term_string\"}}],\"inLanguage\":\"pt-BR\"},{\"@type\":\"Organization\",\"@id\":\"https:\\\/\\\/www.univ-guyane.fr\\\/#organization\",\"name\":\"Universit\u00e9 de Guyane\",\"alternateName\":\"UG\",\"url\":\"https:\\\/\\\/www.univ-guyane.fr\\\/\",\"logo\":{\"@type\":\"ImageObject\",\"inLanguage\":\"pt-BR\",\"@id\":\"https:\\\/\\\/www.univ-guyane.fr\\\/#\\\/schema\\\/logo\\\/image\\\/\",\"url\":\"https:\\\/\\\/www.univ-guyane.fr\\\/wp-content\\\/uploads\\\/2024\\\/05\\\/f.png\",\"contentUrl\":\"https:\\\/\\\/www.univ-guyane.fr\\\/wp-content\\\/uploads\\\/2024\\\/05\\\/f.png\",\"width\":1024,\"height\":1024,\"caption\":\"Universit\u00e9 de Guyane\"},\"image\":{\"@id\":\"https:\\\/\\\/www.univ-guyane.fr\\\/#\\\/schema\\\/logo\\\/image\\\/\"},\"sameAs\":[\"https:\\\/\\\/www.facebook.com\\\/univguyane\",\"https:\\\/\\\/x.com\\\/univguyane\",\"https:\\\/\\\/gf.linkedin.com\\\/school\\\/universite-de-guyane\\\/\",\"https:\\\/\\\/www.instagram.com\\\/univ_guyane\\\/\"]},{\"@type\":\"Person\",\"@id\":\"https:\\\/\\\/www.univ-guyane.fr\\\/#\\\/schema\\\/person\\\/86d946a28a8be51bb096ccfdf19db179\",\"name\":\"Erick Loiti\u00e8re\",\"image\":{\"@type\":\"ImageObject\",\"inLanguage\":\"pt-BR\",\"@id\":\"https:\\\/\\\/secure.gravatar.com\\\/avatar\\\/0584f332103fbeaf37e52c73b15dca3c547fd9300deb05764e9ad8714839d072?s=96&d=robohash&r=g\",\"url\":\"https:\\\/\\\/secure.gravatar.com\\\/avatar\\\/0584f332103fbeaf37e52c73b15dca3c547fd9300deb05764e9ad8714839d072?s=96&d=robohash&r=g\",\"contentUrl\":\"https:\\\/\\\/secure.gravatar.com\\\/avatar\\\/0584f332103fbeaf37e52c73b15dca3c547fd9300deb05764e9ad8714839d072?s=96&d=robohash&r=g\",\"caption\":\"Erick Loiti\u00e8re\"},\"sameAs\":[\"http:\\\/\\\/www.univ-guyane.fr\"],\"url\":\"https:\\\/\\\/www.univ-guyane.fr\\\/pt\\\/author\\\/eloitierdbz\\\/\"}]}<\/script>\n<!-- \/ Yoast SEO plugin. -->","yoast_head_json":{"title":"Reuni\u00e3o informativa sobre o programa ERASMUS - Universit\u00e9 de Guyane","description":"Conhe\u00e7a o programa Erasmus+ e explore mais de 13 pa\u00edses europeus. Oportunidades acad\u00eamicas e culturais esperam por voc\u00ea.","robots":{"index":"index","follow":"follow","max-snippet":"max-snippet:-1","max-image-preview":"max-image-preview:large","max-video-preview":"max-video-preview:-1"},"canonical":"https:\/\/www.univ-guyane.fr\/pt\/2024\/09\/04\/reunion-dinformation-sur-le-programme-erasmus\/","og_locale":"pt_BR","og_type":"article","og_title":"R\u00e9union d'information sur le programme ERASMUS &#8212; Universit\u00e9 de Guyane","og_description":"D\u00e9couvrez le programme Erasmus+ et explorez plus de 13 pays europ\u00e9ens. Des opportunit\u00e9s acad\u00e9miques et culturelles vous attendent.","og_url":"https:\/\/www.univ-guyane.fr\/pt\/2024\/09\/04\/reunion-dinformation-sur-le-programme-erasmus\/","og_site_name":"Universit\u00e9 de Guyane","article_publisher":"https:\/\/www.facebook.com\/univguyane","article_published_time":"2024-09-04T11:51:50+00:00","article_modified_time":"2024-09-04T14:00:45+00:00","og_image":[{"width":1800,"height":1013,"url":"https:\/\/www.univ-guyane.fr\/wp-content\/uploads\/osez-l-international-sept-2024.jpg","type":"image\/jpeg"}],"author":"Erick Loiti\u00e8re","twitter_card":"summary_large_image","twitter_creator":"@univguyane","twitter_site":"@univguyane","twitter_misc":{"Escrito por":"Erick Loiti\u00e8re","Est. tempo de leitura":"3 minutos"},"schema":{"@context":"https:\/\/schema.org","@graph":[{"@type":"Article","@id":"https:\/\/www.univ-guyane.fr\/2024\/09\/04\/reunion-dinformation-sur-le-programme-erasmus\/#article","isPartOf":{"@id":"https:\/\/www.univ-guyane.fr\/2024\/09\/04\/reunion-dinformation-sur-le-programme-erasmus\/"},"author":{"name":"Erick Loiti\u00e8re","@id":"https:\/\/www.univ-guyane.fr\/#\/schema\/person\/86d946a28a8be51bb096ccfdf19db179"},"headline":"R\u00e9union d&rsquo;information sur le programme ERASMUS","datePublished":"2024-09-04T11:51:50+00:00","dateModified":"2024-09-04T14:00:45+00:00","mainEntityOfPage":{"@id":"https:\/\/www.univ-guyane.fr\/2024\/09\/04\/reunion-dinformation-sur-le-programme-erasmus\/"},"wordCount":533,"publisher":{"@id":"https:\/\/www.univ-guyane.fr\/#organization"},"image":{"@id":"https:\/\/www.univ-guyane.fr\/2024\/09\/04\/reunion-dinformation-sur-le-programme-erasmus\/#primaryimage"},"thumbnailUrl":"https:\/\/www.univ-guyane.fr\/wp-content\/uploads\/osez-l-international-sept-2024.jpg","articleSection":["\u2022 Erasmus +","\u2022 International"],"inLanguage":"pt-BR"},{"@type":"WebPage","@id":"https:\/\/www.univ-guyane.fr\/2024\/09\/04\/reunion-dinformation-sur-le-programme-erasmus\/","url":"https:\/\/www.univ-guyane.fr\/2024\/09\/04\/reunion-dinformation-sur-le-programme-erasmus\/","name":"Reuni\u00e3o informativa sobre o programa ERASMUS - Universit\u00e9 de Guyane","isPartOf":{"@id":"https:\/\/www.univ-guyane.fr\/#website"},"primaryImageOfPage":{"@id":"https:\/\/www.univ-guyane.fr\/2024\/09\/04\/reunion-dinformation-sur-le-programme-erasmus\/#primaryimage"},"image":{"@id":"https:\/\/www.univ-guyane.fr\/2024\/09\/04\/reunion-dinformation-sur-le-programme-erasmus\/#primaryimage"},"thumbnailUrl":"https:\/\/www.univ-guyane.fr\/wp-content\/uploads\/osez-l-international-sept-2024.jpg","datePublished":"2024-09-04T11:51:50+00:00","dateModified":"2024-09-04T14:00:45+00:00","description":"Conhe\u00e7a o programa Erasmus+ e explore mais de 13 pa\u00edses europeus. Oportunidades acad\u00eamicas e culturais esperam por voc\u00ea.","breadcrumb":{"@id":"https:\/\/www.univ-guyane.fr\/2024\/09\/04\/reunion-dinformation-sur-le-programme-erasmus\/#breadcrumb"},"inLanguage":"pt-BR","potentialAction":[{"@type":"ReadAction","target":["https:\/\/www.univ-guyane.fr\/2024\/09\/04\/reunion-dinformation-sur-le-programme-erasmus\/"]}]},{"@type":"ImageObject","inLanguage":"pt-BR","@id":"https:\/\/www.univ-guyane.fr\/2024\/09\/04\/reunion-dinformation-sur-le-programme-erasmus\/#primaryimage","url":"https:\/\/www.univ-guyane.fr\/wp-content\/uploads\/osez-l-international-sept-2024.jpg","contentUrl":"https:\/\/www.univ-guyane.fr\/wp-content\/uploads\/osez-l-international-sept-2024.jpg","width":1800,"height":1013},{"@type":"BreadcrumbList","@id":"https:\/\/www.univ-guyane.fr\/2024\/09\/04\/reunion-dinformation-sur-le-programme-erasmus\/#breadcrumb","itemListElement":[{"@type":"ListItem","position":1,"name":"Accueil","item":"https:\/\/www.univ-guyane.fr\/"},{"@type":"ListItem","position":2,"name":"R\u00e9union d&rsquo;information sur le programme ERASMUS"}]},{"@type":"WebSite","@id":"https:\/\/www.univ-guyane.fr\/#website","url":"https:\/\/www.univ-guyane.fr\/","name":"Universidade da Guiana","description":"No cora\u00e7\u00e3o da Amaz\u00f4nia","publisher":{"@id":"https:\/\/www.univ-guyane.fr\/#organization"},"alternateName":"UG","potentialAction":[{"@type":"SearchAction","target":{"@type":"EntryPoint","urlTemplate":"https:\/\/www.univ-guyane.fr\/?s={search_term_string}"},"query-input":{"@type":"PropertyValueSpecification","valueRequired":true,"valueName":"search_term_string"}}],"inLanguage":"pt-BR"},{"@type":"Organization","@id":"https:\/\/www.univ-guyane.fr\/#organization","name":"Universidade da Guiana","alternateName":"UG","url":"https:\/\/www.univ-guyane.fr\/","logo":{"@type":"ImageObject","inLanguage":"pt-BR","@id":"https:\/\/www.univ-guyane.fr\/#\/schema\/logo\/image\/","url":"https:\/\/www.univ-guyane.fr\/wp-content\/uploads\/2024\/05\/f.png","contentUrl":"https:\/\/www.univ-guyane.fr\/wp-content\/uploads\/2024\/05\/f.png","width":1024,"height":1024,"caption":"Universit\u00e9 de Guyane"},"image":{"@id":"https:\/\/www.univ-guyane.fr\/#\/schema\/logo\/image\/"},"sameAs":["https:\/\/www.facebook.com\/univguyane","https:\/\/x.com\/univguyane","https:\/\/gf.linkedin.com\/school\/universite-de-guyane\/","https:\/\/www.instagram.com\/univ_guyane\/"]},{"@type":"Person","@id":"https:\/\/www.univ-guyane.fr\/#\/schema\/person\/86d946a28a8be51bb096ccfdf19db179","name":"Erick Loiti\u00e8re","image":{"@type":"ImageObject","inLanguage":"pt-BR","@id":"https:\/\/secure.gravatar.com\/avatar\/0584f332103fbeaf37e52c73b15dca3c547fd9300deb05764e9ad8714839d072?s=96&d=robohash&r=g","url":"https:\/\/secure.gravatar.com\/avatar\/0584f332103fbeaf37e52c73b15dca3c547fd9300deb05764e9ad8714839d072?s=96&d=robohash&r=g","contentUrl":"https:\/\/secure.gravatar.com\/avatar\/0584f332103fbeaf37e52c73b15dca3c547fd9300deb05764e9ad8714839d072?s=96&d=robohash&r=g","caption":"Erick Loiti\u00e8re"},"sameAs":["http:\/\/www.univ-guyane.fr"],"url":"https:\/\/www.univ-guyane.fr\/pt\/author\/eloitierdbz\/"}]}},"_links":{"self":[{"href":"https:\/\/www.univ-guyane.fr\/pt\/wp-json\/wp\/v2\/posts\/10165","targetHints":{"allow":["GET"]}}],"collection":[{"href":"https:\/\/www.univ-guyane.fr\/pt\/wp-json\/wp\/v2\/posts"}],"about":[{"href":"https:\/\/www.univ-guyane.fr\/pt\/wp-json\/wp\/v2\/types\/post"}],"author":[{"embeddable":true,"href":"https:\/\/www.univ-guyane.fr\/pt\/wp-json\/wp\/v2\/users\/1"}],"replies":[{"embeddable":true,"href":"https:\/\/www.univ-guyane.fr\/pt\/wp-json\/wp\/v2\/comments?post=10165"}],"version-history":[{"count":5,"href":"https:\/\/www.univ-guyane.fr\/pt\/wp-json\/wp\/v2\/posts\/10165\/revisions"}],"predecessor-version":[{"id":10171,"href":"https:\/\/www.univ-guyane.fr\/pt\/wp-json\/wp\/v2\/posts\/10165\/revisions\/10171"}],"wp:featuredmedia":[{"embeddable":true,"href":"https:\/\/www.univ-guyane.fr\/pt\/wp-json\/wp\/v2\/media\/10166"}],"wp:attachment":[{"href":"https:\/\/www.univ-guyane.fr\/pt\/wp-json\/wp\/v2\/media?parent=10165"}],"wp:term":[{"taxonomy":"category","embeddable":true,"href":"https:\/\/www.univ-guyane.fr\/pt\/wp-json\/wp\/v2\/categories?post=10165"},{"taxonomy":"post_tag","embeddable":true,"href":"https:\/\/www.univ-guyane.fr\/pt\/wp-json\/wp\/v2\/tags?post=10165"}],"curies":[{"name":"wp","href":"https:\/\/api.w.org\/{rel}","templated":true}]}}