{"id":10322,"date":"2024-09-30T14:25:59","date_gmt":"2024-09-30T17:25:59","guid":{"rendered":"https:\/\/www.univ-guyane.fr\/?p=10322"},"modified":"2024-10-02T21:50:37","modified_gmt":"2024-10-03T00:50:37","slug":"lancement-du-centre-franco-bresilien-de-biodiversite-amazonienne-cfbba","status":"publish","type":"post","link":"https:\/\/www.univ-guyane.fr\/pt\/2024\/09\/30\/lancement-du-centre-franco-bresilien-de-biodiversite-amazonienne-cfbba\/","title":{"rendered":"Lan\u00e7amento do Centro Franco-Brasileiro de Biodiversidade Amaz\u00f4nica (CFBBA)"},"content":{"rendered":"<div id=\"fws_69f3b8055e711\"  data-column-margin=\"default\" data-midnight=\"dark\"  class=\"wpb_row vc_row-fluid vc_row\"  style=\"padding-top: 0px; padding-bottom: 0px; \"><div class=\"row-bg-wrap\" data-bg-animation=\"none\" data-bg-animation-delay=\"\" data-bg-overlay=\"false\"><div class=\"inner-wrap row-bg-layer\" ><div class=\"row-bg viewport-desktop\"  style=\"\"><\/div><\/div><\/div><div class=\"row_col_wrap_12 col span_12 dark left\">\n\t<div  class=\"vc_col-sm-12 wpb_column column_container vc_column_container col no-extra-padding inherit_tablet inherit_phone\"  data-padding-pos=\"all\" data-has-bg-color=\"false\" data-bg-color=\"\" data-bg-opacity=\"1\" data-animation=\"\" data-delay=\"0\" >\n\t\t<div class=\"vc_column-inner\" >\n\t\t\t<div class=\"wpb_wrapper\">\n\t\t\t\t\n<div class=\"wpb_text_column wpb_content_element  chapo\" >\n\t<h2>Na sexta-feira, 20 de setembro de 2024, foi realizada a reuni\u00e3o de lan\u00e7amento do Centro Franco-Brasileiro de Biodiversidade Amaz\u00f4nica (CFBBA) em Manaus, Brasil. Esse centro fortalecer\u00e1 a coopera\u00e7\u00e3o entre a Fran\u00e7a e o Brasil, com o objetivo de proteger a biodiversidade amaz\u00f4nica e promover uma bioeconomia sustent\u00e1vel.<\/h2>\n<\/div>\n\n\n\n\n<div class=\"wpb_text_column wpb_content_element\" >\n\t<h3><strong>Uma estrutura binacional dedicada \u00e0 biodiversidade<\/strong><\/h3>\n<p>O CFBBA \u00e9 baseado em dois \u00f3rg\u00e3os principais: a\u00a0<strong>conselho binacional<\/strong>que supervisiona as decis\u00f5es pol\u00edticas, e um\u00a0<strong>conselho consultivo cient\u00edfico<\/strong>\u00c9 respons\u00e1vel pela aprova\u00e7\u00e3o das diretrizes de pesquisa e treinamento. Sua miss\u00e3o \u00e9 desenvolver pesquisas, treinar estudantes e executar programas conjuntos sobre quest\u00f5es ambientais, econ\u00f4micas e sociais de interesse para ambos os pa\u00edses.<\/p>\n<p>O CFBBA tamb\u00e9m tem como objetivo desenvolver mecanismos concretos para promover a conserva\u00e7\u00e3o da biodiversidade e, ao mesmo tempo, apoiar a cria\u00e7\u00e3o de empregos em setores que favore\u00e7am produtos ecologicamente corretos.<\/p>\n<h3><strong>Um relan\u00e7amento estrat\u00e9gico em 2024<\/strong><\/h3>\n<p>Criado em 2008, o CFBBA nunca havia sido implementado de forma eficaz. Agora relan\u00e7ado, ele inclui um\u00a0<strong>pesquisa aplicada<\/strong>\u00a0de acordo com as prioridades brasileiras, especialmente no campo da bioeconomia. Esse relan\u00e7amento ser\u00e1 acompanhado de uma colabora\u00e7\u00e3o mais pr\u00f3xima com o setor privado, acrescentando uma dimens\u00e3o econ\u00f4mica ao projeto.<\/p>\n<h3><strong>Composi\u00e7\u00e3o e opera\u00e7\u00e3o do CFBBA<\/strong><\/h3>\n<p>O CFBBA \u00e9 dirigido por um\u00a0<strong>conselho binacional<\/strong>\u00a0O Comit\u00ea \u00e9 composto por 16 membros, divididos igualmente entre as duas na\u00e7\u00f5es. Do lado franc\u00eas, os Minist\u00e9rios da Europa e Rela\u00e7\u00f5es Exteriores, Ensino Superior e Pesquisa, Transi\u00e7\u00e3o Ecol\u00f3gica e Coes\u00e3o Territorial, al\u00e9m da Transi\u00e7\u00e3o Ecol\u00f3gica, est\u00e3o envolvidos no processo de tomada de decis\u00e3o, com contribui\u00e7\u00f5es de \u00f3rg\u00e3os como a Ag\u00eancia do Programa Clima, Biodiversidade e Sociedades Sustent\u00e1veis (coordenada pelo CNRS) e a Ag\u00eancia do Programa Agricultura, Alimenta\u00e7\u00e3o, Florestas e Recursos Associados - Agralife (coordenada pelo INRAE), al\u00e9m da Prefeitura da Guiana Francesa e da Autoridade Regional da Guiana Francesa. Do lado brasileiro, oito representantes do Minist\u00e9rio da Educa\u00e7\u00e3o, do Minist\u00e9rio da Ci\u00eancia, Tecnologia e Inova\u00e7\u00e3o, do Minist\u00e9rio das Rela\u00e7\u00f5es Exteriores, da ag\u00eancia de fomento MCTI (CNPq) e da ag\u00eancia de fomento MEC (CAPES).<\/p>\n<p>La\u00a0<strong>gerenciamento de centros<\/strong>\u00a0foi confiado a dois codiretores:\u00a0<strong>Gilles Kleitz<\/strong>representando o IRD para a Fran\u00e7a, e\u00a0<strong>Henrique dos Santos Pereira<\/strong>Diretor do INPA em Manaus para o Brasil.<\/p>\n<h3><strong>Um conselho cient\u00edfico binacional<\/strong><\/h3>\n<p>Le\u00a0<strong>conselho consultivo cient\u00edfico<\/strong>\u00a0O CFBBA, que tem 12 membros divididos igualmente entre a Fran\u00e7a e o Brasil, tamb\u00e9m inclui dois cientistas da Guiana Francesa:\u00a0<strong>Jean-Christophe Roggy<\/strong>\u00a0INRAE e\u00a0<strong>Ghislaine Pr\u00e9vot<\/strong>\u00a0na Universidade da Guiana.<\/p>\n<p>Em sua primeira reuni\u00e3o, em 20 de setembro de 2024, o conselho binacional aprovou o\u00a0<strong>regras de procedimento<\/strong>\u00a0e aprovou o<strong>agenda cient\u00edfica<\/strong>incluindo os termos e condi\u00e7\u00f5es das chamadas para projetos. Esta agenda foi preparada pelo Conselho Consultivo Cient\u00edfico, sob a responsabilidade dos Professores\u00a0<strong>Ghislaine Pr\u00e9vot<\/strong>\u00a0e\u00a0<strong>Ima Vierra<\/strong>.<\/p>\n<h3><strong>Coopera\u00e7\u00e3o voltada para o futuro<\/strong><\/h3>\n<p>O CFBBA simboliza um compromisso renovado entre a Fran\u00e7a e o Brasil para preservar a biodiversidade amaz\u00f4nica e promover pr\u00e1ticas econ\u00f4micas sustent\u00e1veis. A iniciativa visa estimular a pesquisa aplicada, treinar novos talentos e incentivar parcerias entre os setores p\u00fablico e privado.<\/p>\n<p>Por meio dessa coopera\u00e7\u00e3o, os dois pa\u00edses est\u00e3o fortalecendo seu compromisso com a\u00a0<strong>conservando a Amaz\u00f4nia<\/strong>\u00a0e contribuir para a transi\u00e7\u00e3o para um\u00a0<strong>bioeconomia<\/strong>\u00a0respeitoso com o meio ambiente.<\/p>\n<hr \/>\n<p>&nbsp;<\/p>\n<\/div>\n\n\n\n\n\t\t\t<\/div> \n\t\t<\/div>\n\t<\/div> \n<\/div><\/div>\n\t\t<div id=\"fws_69f3b8055eca9\"  data-column-margin=\"default\" data-midnight=\"dark\"  class=\"wpb_row vc_row-fluid vc_row\"  style=\"padding-top: 0px; padding-bottom: 0px; \"><div class=\"row-bg-wrap\" data-bg-animation=\"none\" data-bg-animation-delay=\"\" data-bg-overlay=\"false\"><div class=\"inner-wrap row-bg-layer\" ><div class=\"row-bg viewport-desktop\"  style=\"\"><\/div><\/div><\/div><div class=\"row_col_wrap_12 col span_12 dark left\">\n\t<div style=\"\" class=\"vc_col-sm-12 wpb_column column_container vc_column_container col padding-2-percent inherit_tablet inherit_phone\" data-using-bg=\"true\" data-border-radius=\"3px\" data-padding-pos=\"all\" data-has-bg-color=\"true\" data-bg-color=\"#eaeaea\" data-bg-opacity=\"1\" data-animation=\"\" data-delay=\"0\" >\n\t\t<div class=\"vc_column-inner\" ><div class=\"column-bg-overlay-wrap column-bg-layer\" data-bg-animation=\"none\"><div class=\"column-bg-overlay\" style=\"opacity: 1; background-color: #eaeaea;\"><\/div><\/div>\n\t\t\t<div class=\"wpb_wrapper\">\n\t\t\t\t\n<div class=\"wpb_text_column wpb_content_element\" >\n\t<p><strong>\u00a0Ghislaine Pr\u00e9vot<\/strong>O professor de Bioqu\u00edmica da Universidade da Guiana foi nomeado membro do Conselho Cient\u00edfico do Centro Franco-Brasileiro de Biodiversidade Amaz\u00f4nica (CFBBA) na sexta-feira, 20 de setembro de 2024, em Manaus, Brasil.<\/p>\n<\/div>\n\n\n\n\n\t\t\t<\/div> \n\t\t<\/div>\n\t<\/div> \n<\/div><\/div>","protected":false},"excerpt":{"rendered":"Na sexta-feira, 20 de setembro de 2024, a reuni\u00e3o de lan\u00e7amento do Centro Franco-Brasileiro para a Biodiversidade Amaz\u00f4nica...","protected":false},"author":1,"featured_media":10328,"comment_status":"closed","ping_status":"open","sticky":false,"template":"","format":"standard","meta":{"iawp_total_views":418,"footnotes":""},"categories":[155,229],"tags":[],"class_list":{"0":"post-10322","1":"post","2":"type-post","3":"status-publish","4":"format-standard","5":"has-post-thumbnail","7":"category-recherche","8":"category-universite-actualites"},"yoast_head":"<!-- This site is optimized with the Yoast SEO plugin v27.5 - https:\/\/yoast.com\/product\/yoast-seo-wordpress\/ -->\n<title>Lancement du Centre Franco-Br\u00e9silien de Biodiversit\u00e9 Amazonienne (CFBBA) &#8212; Universit\u00e9 de Guyane<\/title>\n<meta name=\"description\" content=\"D\u00e9couvrez le CFBBA : un partenariat franco-br\u00e9silien pour la recherche et la conservation de la biodiversit\u00e9.\" \/>\n<meta name=\"robots\" content=\"index, follow, max-snippet:-1, max-image-preview:large, max-video-preview:-1\" \/>\n<link rel=\"canonical\" href=\"https:\/\/www.univ-guyane.fr\/pt\/2024\/09\/30\/lancement-du-centre-franco-bresilien-de-biodiversite-amazonienne-cfbba\/\" \/>\n<meta property=\"og:locale\" content=\"pt_BR\" \/>\n<meta property=\"og:type\" content=\"article\" \/>\n<meta property=\"og:title\" content=\"Lancement du Centre Franco-Br\u00e9silien de Biodiversit\u00e9 Amazonienne (CFBBA) &#8212; Universit\u00e9 de Guyane\" \/>\n<meta property=\"og:description\" content=\"D\u00e9couvrez le CFBBA : un partenariat franco-br\u00e9silien pour la recherche et la conservation de la biodiversit\u00e9.\" \/>\n<meta property=\"og:url\" content=\"https:\/\/www.univ-guyane.fr\/pt\/2024\/09\/30\/lancement-du-centre-franco-bresilien-de-biodiversite-amazonienne-cfbba\/\" \/>\n<meta property=\"og:site_name\" content=\"Universit\u00e9 de Guyane\" \/>\n<meta property=\"article:publisher\" content=\"https:\/\/www.facebook.com\/univguyane\" \/>\n<meta property=\"article:published_time\" content=\"2024-09-30T17:25:59+00:00\" \/>\n<meta property=\"article:modified_time\" content=\"2024-10-03T00:50:37+00:00\" \/>\n<meta property=\"og:image\" content=\"https:\/\/www.univ-guyane.fr\/wp-content\/uploads\/Lancement-du-Centre-Franco.jpg\" \/>\n\t<meta property=\"og:image:width\" content=\"1800\" \/>\n\t<meta property=\"og:image:height\" content=\"1013\" \/>\n\t<meta property=\"og:image:type\" content=\"image\/jpeg\" \/>\n<meta name=\"author\" content=\"Erick Loiti\u00e8re\" \/>\n<meta name=\"twitter:card\" content=\"summary_large_image\" \/>\n<meta name=\"twitter:creator\" content=\"@univguyane\" \/>\n<meta name=\"twitter:site\" content=\"@univguyane\" \/>\n<meta name=\"twitter:label1\" content=\"Escrito por\" \/>\n\t<meta name=\"twitter:data1\" content=\"Erick Loiti\u00e8re\" \/>\n\t<meta name=\"twitter:label2\" content=\"Est. tempo de leitura\" \/>\n\t<meta name=\"twitter:data2\" content=\"4 minutos\" \/>\n<script type=\"application\/ld+json\" class=\"yoast-schema-graph\">{\"@context\":\"https:\\\/\\\/schema.org\",\"@graph\":[{\"@type\":\"Article\",\"@id\":\"https:\\\/\\\/www.univ-guyane.fr\\\/2024\\\/09\\\/30\\\/lancement-du-centre-franco-bresilien-de-biodiversite-amazonienne-cfbba\\\/#article\",\"isPartOf\":{\"@id\":\"https:\\\/\\\/www.univ-guyane.fr\\\/2024\\\/09\\\/30\\\/lancement-du-centre-franco-bresilien-de-biodiversite-amazonienne-cfbba\\\/\"},\"author\":{\"name\":\"Erick Loiti\u00e8re\",\"@id\":\"https:\\\/\\\/www.univ-guyane.fr\\\/#\\\/schema\\\/person\\\/86d946a28a8be51bb096ccfdf19db179\"},\"headline\":\"Lancement du Centre Franco-Br\u00e9silien de Biodiversit\u00e9 Amazonienne (CFBBA)\",\"datePublished\":\"2024-09-30T17:25:59+00:00\",\"dateModified\":\"2024-10-03T00:50:37+00:00\",\"mainEntityOfPage\":{\"@id\":\"https:\\\/\\\/www.univ-guyane.fr\\\/2024\\\/09\\\/30\\\/lancement-du-centre-franco-bresilien-de-biodiversite-amazonienne-cfbba\\\/\"},\"wordCount\":1006,\"publisher\":{\"@id\":\"https:\\\/\\\/www.univ-guyane.fr\\\/#organization\"},\"image\":{\"@id\":\"https:\\\/\\\/www.univ-guyane.fr\\\/2024\\\/09\\\/30\\\/lancement-du-centre-franco-bresilien-de-biodiversite-amazonienne-cfbba\\\/#primaryimage\"},\"thumbnailUrl\":\"https:\\\/\\\/www.univ-guyane.fr\\\/wp-content\\\/uploads\\\/Lancement-du-Centre-Franco.jpg\",\"articleSection\":[\"\u2022\u00a0Recherche\",\"\u2022 Universit\u00e9\"],\"inLanguage\":\"pt-BR\"},{\"@type\":\"WebPage\",\"@id\":\"https:\\\/\\\/www.univ-guyane.fr\\\/2024\\\/09\\\/30\\\/lancement-du-centre-franco-bresilien-de-biodiversite-amazonienne-cfbba\\\/\",\"url\":\"https:\\\/\\\/www.univ-guyane.fr\\\/2024\\\/09\\\/30\\\/lancement-du-centre-franco-bresilien-de-biodiversite-amazonienne-cfbba\\\/\",\"name\":\"Lancement du Centre Franco-Br\u00e9silien de Biodiversit\u00e9 Amazonienne (CFBBA) &#8212; Universit\u00e9 de Guyane\",\"isPartOf\":{\"@id\":\"https:\\\/\\\/www.univ-guyane.fr\\\/#website\"},\"primaryImageOfPage\":{\"@id\":\"https:\\\/\\\/www.univ-guyane.fr\\\/2024\\\/09\\\/30\\\/lancement-du-centre-franco-bresilien-de-biodiversite-amazonienne-cfbba\\\/#primaryimage\"},\"image\":{\"@id\":\"https:\\\/\\\/www.univ-guyane.fr\\\/2024\\\/09\\\/30\\\/lancement-du-centre-franco-bresilien-de-biodiversite-amazonienne-cfbba\\\/#primaryimage\"},\"thumbnailUrl\":\"https:\\\/\\\/www.univ-guyane.fr\\\/wp-content\\\/uploads\\\/Lancement-du-Centre-Franco.jpg\",\"datePublished\":\"2024-09-30T17:25:59+00:00\",\"dateModified\":\"2024-10-03T00:50:37+00:00\",\"description\":\"D\u00e9couvrez le CFBBA : un partenariat franco-br\u00e9silien pour la recherche et la conservation de la biodiversit\u00e9.\",\"breadcrumb\":{\"@id\":\"https:\\\/\\\/www.univ-guyane.fr\\\/2024\\\/09\\\/30\\\/lancement-du-centre-franco-bresilien-de-biodiversite-amazonienne-cfbba\\\/#breadcrumb\"},\"inLanguage\":\"pt-BR\",\"potentialAction\":[{\"@type\":\"ReadAction\",\"target\":[\"https:\\\/\\\/www.univ-guyane.fr\\\/2024\\\/09\\\/30\\\/lancement-du-centre-franco-bresilien-de-biodiversite-amazonienne-cfbba\\\/\"]}]},{\"@type\":\"ImageObject\",\"inLanguage\":\"pt-BR\",\"@id\":\"https:\\\/\\\/www.univ-guyane.fr\\\/2024\\\/09\\\/30\\\/lancement-du-centre-franco-bresilien-de-biodiversite-amazonienne-cfbba\\\/#primaryimage\",\"url\":\"https:\\\/\\\/www.univ-guyane.fr\\\/wp-content\\\/uploads\\\/Lancement-du-Centre-Franco.jpg\",\"contentUrl\":\"https:\\\/\\\/www.univ-guyane.fr\\\/wp-content\\\/uploads\\\/Lancement-du-Centre-Franco.jpg\",\"width\":1800,\"height\":1013,\"caption\":\"Lancement du Centre Franco-Br\u00e9silien de Biodiversit\u00e9 Amazonienne\"},{\"@type\":\"BreadcrumbList\",\"@id\":\"https:\\\/\\\/www.univ-guyane.fr\\\/2024\\\/09\\\/30\\\/lancement-du-centre-franco-bresilien-de-biodiversite-amazonienne-cfbba\\\/#breadcrumb\",\"itemListElement\":[{\"@type\":\"ListItem\",\"position\":1,\"name\":\"Accueil\",\"item\":\"https:\\\/\\\/www.univ-guyane.fr\\\/\"},{\"@type\":\"ListItem\",\"position\":2,\"name\":\"Lancement du Centre Franco-Br\u00e9silien de Biodiversit\u00e9 Amazonienne (CFBBA)\"}]},{\"@type\":\"WebSite\",\"@id\":\"https:\\\/\\\/www.univ-guyane.fr\\\/#website\",\"url\":\"https:\\\/\\\/www.univ-guyane.fr\\\/\",\"name\":\"Universit\u00e9 de Guyane\",\"description\":\"Au c\u0153ur de l&#039;amazonie\",\"publisher\":{\"@id\":\"https:\\\/\\\/www.univ-guyane.fr\\\/#organization\"},\"alternateName\":\"UG\",\"potentialAction\":[{\"@type\":\"SearchAction\",\"target\":{\"@type\":\"EntryPoint\",\"urlTemplate\":\"https:\\\/\\\/www.univ-guyane.fr\\\/?s={search_term_string}\"},\"query-input\":{\"@type\":\"PropertyValueSpecification\",\"valueRequired\":true,\"valueName\":\"search_term_string\"}}],\"inLanguage\":\"pt-BR\"},{\"@type\":\"Organization\",\"@id\":\"https:\\\/\\\/www.univ-guyane.fr\\\/#organization\",\"name\":\"Universit\u00e9 de Guyane\",\"alternateName\":\"UG\",\"url\":\"https:\\\/\\\/www.univ-guyane.fr\\\/\",\"logo\":{\"@type\":\"ImageObject\",\"inLanguage\":\"pt-BR\",\"@id\":\"https:\\\/\\\/www.univ-guyane.fr\\\/#\\\/schema\\\/logo\\\/image\\\/\",\"url\":\"https:\\\/\\\/www.univ-guyane.fr\\\/wp-content\\\/uploads\\\/2024\\\/05\\\/f.png\",\"contentUrl\":\"https:\\\/\\\/www.univ-guyane.fr\\\/wp-content\\\/uploads\\\/2024\\\/05\\\/f.png\",\"width\":1024,\"height\":1024,\"caption\":\"Universit\u00e9 de Guyane\"},\"image\":{\"@id\":\"https:\\\/\\\/www.univ-guyane.fr\\\/#\\\/schema\\\/logo\\\/image\\\/\"},\"sameAs\":[\"https:\\\/\\\/www.facebook.com\\\/univguyane\",\"https:\\\/\\\/x.com\\\/univguyane\",\"https:\\\/\\\/gf.linkedin.com\\\/school\\\/universite-de-guyane\\\/\",\"https:\\\/\\\/www.instagram.com\\\/univ_guyane\\\/\"]},{\"@type\":\"Person\",\"@id\":\"https:\\\/\\\/www.univ-guyane.fr\\\/#\\\/schema\\\/person\\\/86d946a28a8be51bb096ccfdf19db179\",\"name\":\"Erick Loiti\u00e8re\",\"image\":{\"@type\":\"ImageObject\",\"inLanguage\":\"pt-BR\",\"@id\":\"https:\\\/\\\/secure.gravatar.com\\\/avatar\\\/0584f332103fbeaf37e52c73b15dca3c547fd9300deb05764e9ad8714839d072?s=96&d=robohash&r=g\",\"url\":\"https:\\\/\\\/secure.gravatar.com\\\/avatar\\\/0584f332103fbeaf37e52c73b15dca3c547fd9300deb05764e9ad8714839d072?s=96&d=robohash&r=g\",\"contentUrl\":\"https:\\\/\\\/secure.gravatar.com\\\/avatar\\\/0584f332103fbeaf37e52c73b15dca3c547fd9300deb05764e9ad8714839d072?s=96&d=robohash&r=g\",\"caption\":\"Erick Loiti\u00e8re\"},\"sameAs\":[\"http:\\\/\\\/www.univ-guyane.fr\"],\"url\":\"https:\\\/\\\/www.univ-guyane.fr\\\/pt\\\/author\\\/eloitierdbz\\\/\"}]}<\/script>\n<!-- \/ Yoast SEO plugin. -->","yoast_head_json":{"title":"Lancement du Centre Franco-Br\u00e9silien de Biodiversit\u00e9 Amazonienne (CFBBA) &#8212; Universit\u00e9 de Guyane","description":"D\u00e9couvrez le CFBBA : un partenariat franco-br\u00e9silien pour la recherche et la conservation de la biodiversit\u00e9.","robots":{"index":"index","follow":"follow","max-snippet":"max-snippet:-1","max-image-preview":"max-image-preview:large","max-video-preview":"max-video-preview:-1"},"canonical":"https:\/\/www.univ-guyane.fr\/pt\/2024\/09\/30\/lancement-du-centre-franco-bresilien-de-biodiversite-amazonienne-cfbba\/","og_locale":"pt_BR","og_type":"article","og_title":"Lancement du Centre Franco-Br\u00e9silien de Biodiversit\u00e9 Amazonienne (CFBBA) &#8212; Universit\u00e9 de Guyane","og_description":"D\u00e9couvrez le CFBBA : un partenariat franco-br\u00e9silien pour la recherche et la conservation de la biodiversit\u00e9.","og_url":"https:\/\/www.univ-guyane.fr\/pt\/2024\/09\/30\/lancement-du-centre-franco-bresilien-de-biodiversite-amazonienne-cfbba\/","og_site_name":"Universit\u00e9 de Guyane","article_publisher":"https:\/\/www.facebook.com\/univguyane","article_published_time":"2024-09-30T17:25:59+00:00","article_modified_time":"2024-10-03T00:50:37+00:00","og_image":[{"width":1800,"height":1013,"url":"https:\/\/www.univ-guyane.fr\/wp-content\/uploads\/Lancement-du-Centre-Franco.jpg","type":"image\/jpeg"}],"author":"Erick Loiti\u00e8re","twitter_card":"summary_large_image","twitter_creator":"@univguyane","twitter_site":"@univguyane","twitter_misc":{"Escrito por":"Erick Loiti\u00e8re","Est. tempo de leitura":"4 minutos"},"schema":{"@context":"https:\/\/schema.org","@graph":[{"@type":"Article","@id":"https:\/\/www.univ-guyane.fr\/2024\/09\/30\/lancement-du-centre-franco-bresilien-de-biodiversite-amazonienne-cfbba\/#article","isPartOf":{"@id":"https:\/\/www.univ-guyane.fr\/2024\/09\/30\/lancement-du-centre-franco-bresilien-de-biodiversite-amazonienne-cfbba\/"},"author":{"name":"Erick Loiti\u00e8re","@id":"https:\/\/www.univ-guyane.fr\/#\/schema\/person\/86d946a28a8be51bb096ccfdf19db179"},"headline":"Lancement du Centre Franco-Br\u00e9silien de Biodiversit\u00e9 Amazonienne (CFBBA)","datePublished":"2024-09-30T17:25:59+00:00","dateModified":"2024-10-03T00:50:37+00:00","mainEntityOfPage":{"@id":"https:\/\/www.univ-guyane.fr\/2024\/09\/30\/lancement-du-centre-franco-bresilien-de-biodiversite-amazonienne-cfbba\/"},"wordCount":1006,"publisher":{"@id":"https:\/\/www.univ-guyane.fr\/#organization"},"image":{"@id":"https:\/\/www.univ-guyane.fr\/2024\/09\/30\/lancement-du-centre-franco-bresilien-de-biodiversite-amazonienne-cfbba\/#primaryimage"},"thumbnailUrl":"https:\/\/www.univ-guyane.fr\/wp-content\/uploads\/Lancement-du-Centre-Franco.jpg","articleSection":["\u2022\u00a0Recherche","\u2022 Universit\u00e9"],"inLanguage":"pt-BR"},{"@type":"WebPage","@id":"https:\/\/www.univ-guyane.fr\/2024\/09\/30\/lancement-du-centre-franco-bresilien-de-biodiversite-amazonienne-cfbba\/","url":"https:\/\/www.univ-guyane.fr\/2024\/09\/30\/lancement-du-centre-franco-bresilien-de-biodiversite-amazonienne-cfbba\/","name":"Lancement du Centre Franco-Br\u00e9silien de Biodiversit\u00e9 Amazonienne (CFBBA) &#8212; Universit\u00e9 de Guyane","isPartOf":{"@id":"https:\/\/www.univ-guyane.fr\/#website"},"primaryImageOfPage":{"@id":"https:\/\/www.univ-guyane.fr\/2024\/09\/30\/lancement-du-centre-franco-bresilien-de-biodiversite-amazonienne-cfbba\/#primaryimage"},"image":{"@id":"https:\/\/www.univ-guyane.fr\/2024\/09\/30\/lancement-du-centre-franco-bresilien-de-biodiversite-amazonienne-cfbba\/#primaryimage"},"thumbnailUrl":"https:\/\/www.univ-guyane.fr\/wp-content\/uploads\/Lancement-du-Centre-Franco.jpg","datePublished":"2024-09-30T17:25:59+00:00","dateModified":"2024-10-03T00:50:37+00:00","description":"D\u00e9couvrez le CFBBA : un partenariat franco-br\u00e9silien pour la recherche et la conservation de la biodiversit\u00e9.","breadcrumb":{"@id":"https:\/\/www.univ-guyane.fr\/2024\/09\/30\/lancement-du-centre-franco-bresilien-de-biodiversite-amazonienne-cfbba\/#breadcrumb"},"inLanguage":"pt-BR","potentialAction":[{"@type":"ReadAction","target":["https:\/\/www.univ-guyane.fr\/2024\/09\/30\/lancement-du-centre-franco-bresilien-de-biodiversite-amazonienne-cfbba\/"]}]},{"@type":"ImageObject","inLanguage":"pt-BR","@id":"https:\/\/www.univ-guyane.fr\/2024\/09\/30\/lancement-du-centre-franco-bresilien-de-biodiversite-amazonienne-cfbba\/#primaryimage","url":"https:\/\/www.univ-guyane.fr\/wp-content\/uploads\/Lancement-du-Centre-Franco.jpg","contentUrl":"https:\/\/www.univ-guyane.fr\/wp-content\/uploads\/Lancement-du-Centre-Franco.jpg","width":1800,"height":1013,"caption":"Lancement du Centre Franco-Br\u00e9silien de Biodiversit\u00e9 Amazonienne"},{"@type":"BreadcrumbList","@id":"https:\/\/www.univ-guyane.fr\/2024\/09\/30\/lancement-du-centre-franco-bresilien-de-biodiversite-amazonienne-cfbba\/#breadcrumb","itemListElement":[{"@type":"ListItem","position":1,"name":"Accueil","item":"https:\/\/www.univ-guyane.fr\/"},{"@type":"ListItem","position":2,"name":"Lancement du Centre Franco-Br\u00e9silien de Biodiversit\u00e9 Amazonienne (CFBBA)"}]},{"@type":"WebSite","@id":"https:\/\/www.univ-guyane.fr\/#website","url":"https:\/\/www.univ-guyane.fr\/","name":"Universidade da Guiana","description":"No cora\u00e7\u00e3o da Amaz\u00f4nia","publisher":{"@id":"https:\/\/www.univ-guyane.fr\/#organization"},"alternateName":"UG","potentialAction":[{"@type":"SearchAction","target":{"@type":"EntryPoint","urlTemplate":"https:\/\/www.univ-guyane.fr\/?s={search_term_string}"},"query-input":{"@type":"PropertyValueSpecification","valueRequired":true,"valueName":"search_term_string"}}],"inLanguage":"pt-BR"},{"@type":"Organization","@id":"https:\/\/www.univ-guyane.fr\/#organization","name":"Universidade da Guiana","alternateName":"UG","url":"https:\/\/www.univ-guyane.fr\/","logo":{"@type":"ImageObject","inLanguage":"pt-BR","@id":"https:\/\/www.univ-guyane.fr\/#\/schema\/logo\/image\/","url":"https:\/\/www.univ-guyane.fr\/wp-content\/uploads\/2024\/05\/f.png","contentUrl":"https:\/\/www.univ-guyane.fr\/wp-content\/uploads\/2024\/05\/f.png","width":1024,"height":1024,"caption":"Universit\u00e9 de Guyane"},"image":{"@id":"https:\/\/www.univ-guyane.fr\/#\/schema\/logo\/image\/"},"sameAs":["https:\/\/www.facebook.com\/univguyane","https:\/\/x.com\/univguyane","https:\/\/gf.linkedin.com\/school\/universite-de-guyane\/","https:\/\/www.instagram.com\/univ_guyane\/"]},{"@type":"Person","@id":"https:\/\/www.univ-guyane.fr\/#\/schema\/person\/86d946a28a8be51bb096ccfdf19db179","name":"Erick Loiti\u00e8re","image":{"@type":"ImageObject","inLanguage":"pt-BR","@id":"https:\/\/secure.gravatar.com\/avatar\/0584f332103fbeaf37e52c73b15dca3c547fd9300deb05764e9ad8714839d072?s=96&d=robohash&r=g","url":"https:\/\/secure.gravatar.com\/avatar\/0584f332103fbeaf37e52c73b15dca3c547fd9300deb05764e9ad8714839d072?s=96&d=robohash&r=g","contentUrl":"https:\/\/secure.gravatar.com\/avatar\/0584f332103fbeaf37e52c73b15dca3c547fd9300deb05764e9ad8714839d072?s=96&d=robohash&r=g","caption":"Erick Loiti\u00e8re"},"sameAs":["http:\/\/www.univ-guyane.fr"],"url":"https:\/\/www.univ-guyane.fr\/pt\/author\/eloitierdbz\/"}]}},"_links":{"self":[{"href":"https:\/\/www.univ-guyane.fr\/pt\/wp-json\/wp\/v2\/posts\/10322","targetHints":{"allow":["GET"]}}],"collection":[{"href":"https:\/\/www.univ-guyane.fr\/pt\/wp-json\/wp\/v2\/posts"}],"about":[{"href":"https:\/\/www.univ-guyane.fr\/pt\/wp-json\/wp\/v2\/types\/post"}],"author":[{"embeddable":true,"href":"https:\/\/www.univ-guyane.fr\/pt\/wp-json\/wp\/v2\/users\/1"}],"replies":[{"embeddable":true,"href":"https:\/\/www.univ-guyane.fr\/pt\/wp-json\/wp\/v2\/comments?post=10322"}],"version-history":[{"count":4,"href":"https:\/\/www.univ-guyane.fr\/pt\/wp-json\/wp\/v2\/posts\/10322\/revisions"}],"predecessor-version":[{"id":10374,"href":"https:\/\/www.univ-guyane.fr\/pt\/wp-json\/wp\/v2\/posts\/10322\/revisions\/10374"}],"wp:featuredmedia":[{"embeddable":true,"href":"https:\/\/www.univ-guyane.fr\/pt\/wp-json\/wp\/v2\/media\/10328"}],"wp:attachment":[{"href":"https:\/\/www.univ-guyane.fr\/pt\/wp-json\/wp\/v2\/media?parent=10322"}],"wp:term":[{"taxonomy":"category","embeddable":true,"href":"https:\/\/www.univ-guyane.fr\/pt\/wp-json\/wp\/v2\/categories?post=10322"},{"taxonomy":"post_tag","embeddable":true,"href":"https:\/\/www.univ-guyane.fr\/pt\/wp-json\/wp\/v2\/tags?post=10322"}],"curies":[{"name":"wp","href":"https:\/\/api.w.org\/{rel}","templated":true}]}}