{"id":10326,"date":"2024-09-30T15:01:03","date_gmt":"2024-09-30T18:01:03","guid":{"rendered":"https:\/\/www.univ-guyane.fr\/?p=10326"},"modified":"2024-10-10T08:22:57","modified_gmt":"2024-10-10T11:22:57","slug":"la-sortie-des-frontieres-de-la-pauvrete-et-ses-obstacles-au-ceara","status":"publish","type":"post","link":"https:\/\/www.univ-guyane.fr\/pt\/2024\/09\/30\/la-sortie-des-frontieres-de-la-pauvrete-et-ses-obstacles-au-ceara\/","title":{"rendered":"Rompendo as \"fronteiras\" da pobreza e seus obst\u00e1culos no Cear\u00e1"},"content":{"rendered":"<div id=\"fws_69f3a84e39ff7\"  data-column-margin=\"default\" data-midnight=\"dark\"  class=\"wpb_row vc_row-fluid vc_row\"  style=\"padding-top: 0px; padding-bottom: 0px; \"><div class=\"row-bg-wrap\" data-bg-animation=\"none\" data-bg-animation-delay=\"\" data-bg-overlay=\"false\"><div class=\"inner-wrap row-bg-layer\" ><div class=\"row-bg viewport-desktop\"  style=\"\"><\/div><\/div><\/div><div class=\"row_col_wrap_12 col span_12 dark left\">\n\t<div  class=\"vc_col-sm-12 wpb_column column_container vc_column_container col no-extra-padding inherit_tablet inherit_phone\"  data-padding-pos=\"all\" data-has-bg-color=\"false\" data-bg-color=\"\" data-bg-opacity=\"1\" data-animation=\"\" data-delay=\"0\" >\n\t\t<div class=\"vc_column-inner\" >\n\t\t\t<div class=\"wpb_wrapper\">\n\t\t\t\t\n<div class=\"wpb_text_column wpb_content_element  chapo\" >\n\t<h2>Como parte da s\u00e9rie de semin\u00e1rios \"Fronteiras, Circula\u00e7\u00f5es, Interculturalidades e Intera\u00e7\u00f5es Homem-Meio\", a Universit\u00e9 de Guyane tem o prazer de convid\u00e1-lo para uma palestra especial sobre os desafios do combate \u00e0 pobreza no Brasil. Essa sess\u00e3o destacar\u00e1 o emblem\u00e1tico programa social Bolsa Fam\u00edlia e seu impacto sobre as fam\u00edlias mais vulner\u00e1veis do estado do Cear\u00e1.<\/h2>\n<\/div>\n\n\n\n\n<div class=\"wpb_text_column wpb_content_element\" >\n\t<p><strong>Data e local :<\/strong><br \/>\n<em>Quinta-feira, 10 de outubro de 2024, das 18h \u00e0s 20h<\/em><br \/>\n<strong>Sala 105<\/strong>Edif\u00edcio F, 1\u00ba andar<br \/>\nCampus de Troubiran, Universidade da Guiana<\/p>\n<p>Essa confer\u00eancia inaugurar\u00e1 nossa primeira sess\u00e3o do ano acad\u00eamico e promete ser uma discuss\u00e3o enriquecedora sobre a efic\u00e1cia das pol\u00edticas p\u00fablicas de combate \u00e0 pobreza no Brasil.<\/p>\n<p>Em 2004, o governo brasileiro lan\u00e7ou o\u00a0<strong>Programa Bolsa Fam\u00edlia<\/strong>\u00a0(PBF) com o objetivo de garantir uma renda m\u00ednima para fam\u00edlias em situa\u00e7\u00e3o prec\u00e1ria. Esse programa condiciona o aux\u00edlio financeiro ao fato de as crian\u00e7as frequentarem a escola, o que \u00e9 considerado tanto um dever dos pais quanto um direito fundamental das crian\u00e7as e dos adolescentes.<\/p>\n<p>A pesquisa que ser\u00e1 apresentada durante esta sess\u00e3o tem como objetivo identificar os fatores que influenciam a capacidade das fam\u00edlias de cumprir os requisitos de frequ\u00eancia escolar impostos pelo programa. Realizado em 2016 com 400 m\u00e3es no estado do Cear\u00e1, o quarto estado mais pobre do Brasil, o estudo revela que a regularidade escolar depende n\u00e3o apenas de fatores objetivos (como o n\u00famero de filhos, a presen\u00e7a de doen\u00e7as ou o apoio do parceiro), mas, sobretudo, do compromisso das m\u00e3es com a educa\u00e7\u00e3o dos filhos. Esse compromisso, a chave para o sucesso escolar, reflete a import\u00e2ncia que as m\u00e3es atribuem \u00e0 educa\u00e7\u00e3o como um meio de sucesso social.<\/p>\n<h3><strong>Biografia do palestrante<\/strong><\/h3>\n<p>Domingos S\u00e1vio Abreu \u00e9 professor de Sociologia na Universidade Federal do Cear\u00e1. Possui doutorado em sociologia pela mesma universidade, obtido em 2000, bem como mestrado pela Universit\u00e9 Lumi\u00e8re Lyon 2 (Fran\u00e7a). \u00c9 especialista no estudo de pol\u00edticas p\u00fablicas para crian\u00e7as e adolescentes sem-teto. Desde 2015, sua pesquisa tem se concentrado nos v\u00ednculos entre educa\u00e7\u00e3o e desigualdade social no Brasil. Ao mesmo tempo, ele estuda a paternidade, especialmente sob a perspectiva da ado\u00e7\u00e3o e da ado\u00e7\u00e3o internacional.<\/p>\n<p>Recentemente, ele coordenou o livro\u00a0<em>O Bolsa Fam\u00edlia e a Educa\u00e7\u00e3o: Pesquisas no \u00e2mbito da Iniciativa Educa\u00e7\u00e3o Pobreza e Desigualdade Social<\/em>\u00a0(EPDS\/UFC, Pontes 2019).<\/p>\n<\/div>\n\n\n\n\n\t\t\t<\/div> \n\t\t<\/div>\n\t<\/div> \n<\/div><\/div>","protected":false},"excerpt":{"rendered":"Como parte da s\u00e9rie de semin\u00e1rios \"Fronteiras, Circula\u00e7\u00f5es, Interculturalidades e Intera\u00e7\u00f5es Homem-Meio\", a Universidade de...","protected":false},"author":1,"featured_media":10336,"comment_status":"closed","ping_status":"open","sticky":false,"template":"","format":"standard","meta":{"iawp_total_views":27,"footnotes":""},"categories":[145,1],"tags":[],"class_list":{"0":"post-10326","1":"post","2":"type-post","3":"status-publish","4":"format-standard","5":"has-post-thumbnail","7":"category-actualites","8":"category-non-classe"},"yoast_head":"<!-- This site is optimized with the Yoast SEO plugin v27.5 - https:\/\/yoast.com\/product\/yoast-seo-wordpress\/ -->\n<title>La sortie des &quot;fronti\u00e8res&quot; de la pauvret\u00e9 et ses obstacles au Cear\u00e1 &#8212; Universit\u00e9 de Guyane<\/title>\n<meta name=\"robots\" content=\"index, follow, max-snippet:-1, max-image-preview:large, max-video-preview:-1\" \/>\n<link rel=\"canonical\" href=\"https:\/\/www.univ-guyane.fr\/pt\/2024\/09\/30\/la-sortie-des-frontieres-de-la-pauvrete-et-ses-obstacles-au-ceara\/\" \/>\n<meta property=\"og:locale\" content=\"pt_BR\" \/>\n<meta property=\"og:type\" content=\"article\" \/>\n<meta property=\"og:title\" content=\"La sortie des &quot;fronti\u00e8res&quot; de la pauvret\u00e9 et ses obstacles au Cear\u00e1 &#8212; Universit\u00e9 de Guyane\" \/>\n<meta property=\"og:url\" content=\"https:\/\/www.univ-guyane.fr\/pt\/2024\/09\/30\/la-sortie-des-frontieres-de-la-pauvrete-et-ses-obstacles-au-ceara\/\" \/>\n<meta property=\"og:site_name\" content=\"Universit\u00e9 de Guyane\" \/>\n<meta property=\"article:publisher\" content=\"https:\/\/www.facebook.com\/univguyane\" \/>\n<meta property=\"article:published_time\" content=\"2024-09-30T18:01:03+00:00\" \/>\n<meta property=\"article:modified_time\" content=\"2024-10-10T11:22:57+00:00\" \/>\n<meta property=\"og:image\" content=\"https:\/\/www.univ-guyane.fr\/wp-content\/uploads\/conference-bresil-ceara-1.jpg\" \/>\n\t<meta property=\"og:image:width\" content=\"1800\" \/>\n\t<meta property=\"og:image:height\" content=\"1013\" \/>\n\t<meta property=\"og:image:type\" content=\"image\/jpeg\" \/>\n<meta name=\"author\" content=\"Erick Loiti\u00e8re\" \/>\n<meta name=\"twitter:card\" content=\"summary_large_image\" \/>\n<meta name=\"twitter:creator\" content=\"@univguyane\" \/>\n<meta name=\"twitter:site\" content=\"@univguyane\" \/>\n<meta name=\"twitter:label1\" content=\"Escrito por\" \/>\n\t<meta name=\"twitter:data1\" content=\"Erick Loiti\u00e8re\" \/>\n\t<meta name=\"twitter:label2\" content=\"Est. tempo de leitura\" \/>\n\t<meta name=\"twitter:data2\" content=\"3 minutos\" \/>\n<script type=\"application\/ld+json\" class=\"yoast-schema-graph\">{\"@context\":\"https:\\\/\\\/schema.org\",\"@graph\":[{\"@type\":\"Article\",\"@id\":\"https:\\\/\\\/www.univ-guyane.fr\\\/2024\\\/09\\\/30\\\/la-sortie-des-frontieres-de-la-pauvrete-et-ses-obstacles-au-ceara\\\/#article\",\"isPartOf\":{\"@id\":\"https:\\\/\\\/www.univ-guyane.fr\\\/2024\\\/09\\\/30\\\/la-sortie-des-frontieres-de-la-pauvrete-et-ses-obstacles-au-ceara\\\/\"},\"author\":{\"name\":\"Erick Loiti\u00e8re\",\"@id\":\"https:\\\/\\\/www.univ-guyane.fr\\\/#\\\/schema\\\/person\\\/86d946a28a8be51bb096ccfdf19db179\"},\"headline\":\"La sortie des \u00ab\u00a0fronti\u00e8res\u00a0\u00bb de la pauvret\u00e9 et ses obstacles au Cear\u00e1\",\"datePublished\":\"2024-09-30T18:01:03+00:00\",\"dateModified\":\"2024-10-10T11:22:57+00:00\",\"mainEntityOfPage\":{\"@id\":\"https:\\\/\\\/www.univ-guyane.fr\\\/2024\\\/09\\\/30\\\/la-sortie-des-frontieres-de-la-pauvrete-et-ses-obstacles-au-ceara\\\/\"},\"wordCount\":642,\"publisher\":{\"@id\":\"https:\\\/\\\/www.univ-guyane.fr\\\/#organization\"},\"image\":{\"@id\":\"https:\\\/\\\/www.univ-guyane.fr\\\/2024\\\/09\\\/30\\\/la-sortie-des-frontieres-de-la-pauvrete-et-ses-obstacles-au-ceara\\\/#primaryimage\"},\"thumbnailUrl\":\"https:\\\/\\\/www.univ-guyane.fr\\\/wp-content\\\/uploads\\\/conference-bresil-ceara-1.jpg\",\"articleSection\":[\"Actualit\u00e9s\",\"Non class\u00e9\"],\"inLanguage\":\"pt-BR\"},{\"@type\":\"WebPage\",\"@id\":\"https:\\\/\\\/www.univ-guyane.fr\\\/2024\\\/09\\\/30\\\/la-sortie-des-frontieres-de-la-pauvrete-et-ses-obstacles-au-ceara\\\/\",\"url\":\"https:\\\/\\\/www.univ-guyane.fr\\\/2024\\\/09\\\/30\\\/la-sortie-des-frontieres-de-la-pauvrete-et-ses-obstacles-au-ceara\\\/\",\"name\":\"La sortie des \\\"fronti\u00e8res\\\" de la pauvret\u00e9 et ses obstacles au Cear\u00e1 &#8212; Universit\u00e9 de Guyane\",\"isPartOf\":{\"@id\":\"https:\\\/\\\/www.univ-guyane.fr\\\/#website\"},\"primaryImageOfPage\":{\"@id\":\"https:\\\/\\\/www.univ-guyane.fr\\\/2024\\\/09\\\/30\\\/la-sortie-des-frontieres-de-la-pauvrete-et-ses-obstacles-au-ceara\\\/#primaryimage\"},\"image\":{\"@id\":\"https:\\\/\\\/www.univ-guyane.fr\\\/2024\\\/09\\\/30\\\/la-sortie-des-frontieres-de-la-pauvrete-et-ses-obstacles-au-ceara\\\/#primaryimage\"},\"thumbnailUrl\":\"https:\\\/\\\/www.univ-guyane.fr\\\/wp-content\\\/uploads\\\/conference-bresil-ceara-1.jpg\",\"datePublished\":\"2024-09-30T18:01:03+00:00\",\"dateModified\":\"2024-10-10T11:22:57+00:00\",\"breadcrumb\":{\"@id\":\"https:\\\/\\\/www.univ-guyane.fr\\\/2024\\\/09\\\/30\\\/la-sortie-des-frontieres-de-la-pauvrete-et-ses-obstacles-au-ceara\\\/#breadcrumb\"},\"inLanguage\":\"pt-BR\",\"potentialAction\":[{\"@type\":\"ReadAction\",\"target\":[\"https:\\\/\\\/www.univ-guyane.fr\\\/2024\\\/09\\\/30\\\/la-sortie-des-frontieres-de-la-pauvrete-et-ses-obstacles-au-ceara\\\/\"]}]},{\"@type\":\"ImageObject\",\"inLanguage\":\"pt-BR\",\"@id\":\"https:\\\/\\\/www.univ-guyane.fr\\\/2024\\\/09\\\/30\\\/la-sortie-des-frontieres-de-la-pauvrete-et-ses-obstacles-au-ceara\\\/#primaryimage\",\"url\":\"https:\\\/\\\/www.univ-guyane.fr\\\/wp-content\\\/uploads\\\/conference-bresil-ceara-1.jpg\",\"contentUrl\":\"https:\\\/\\\/www.univ-guyane.fr\\\/wp-content\\\/uploads\\\/conference-bresil-ceara-1.jpg\",\"width\":1800,\"height\":1013},{\"@type\":\"BreadcrumbList\",\"@id\":\"https:\\\/\\\/www.univ-guyane.fr\\\/2024\\\/09\\\/30\\\/la-sortie-des-frontieres-de-la-pauvrete-et-ses-obstacles-au-ceara\\\/#breadcrumb\",\"itemListElement\":[{\"@type\":\"ListItem\",\"position\":1,\"name\":\"Accueil\",\"item\":\"https:\\\/\\\/www.univ-guyane.fr\\\/\"},{\"@type\":\"ListItem\",\"position\":2,\"name\":\"La sortie des \u00ab\u00a0fronti\u00e8res\u00a0\u00bb de la pauvret\u00e9 et ses obstacles au Cear\u00e1\"}]},{\"@type\":\"WebSite\",\"@id\":\"https:\\\/\\\/www.univ-guyane.fr\\\/#website\",\"url\":\"https:\\\/\\\/www.univ-guyane.fr\\\/\",\"name\":\"Universit\u00e9 de Guyane\",\"description\":\"Au c\u0153ur de l&#039;amazonie\",\"publisher\":{\"@id\":\"https:\\\/\\\/www.univ-guyane.fr\\\/#organization\"},\"alternateName\":\"UG\",\"potentialAction\":[{\"@type\":\"SearchAction\",\"target\":{\"@type\":\"EntryPoint\",\"urlTemplate\":\"https:\\\/\\\/www.univ-guyane.fr\\\/?s={search_term_string}\"},\"query-input\":{\"@type\":\"PropertyValueSpecification\",\"valueRequired\":true,\"valueName\":\"search_term_string\"}}],\"inLanguage\":\"pt-BR\"},{\"@type\":\"Organization\",\"@id\":\"https:\\\/\\\/www.univ-guyane.fr\\\/#organization\",\"name\":\"Universit\u00e9 de Guyane\",\"alternateName\":\"UG\",\"url\":\"https:\\\/\\\/www.univ-guyane.fr\\\/\",\"logo\":{\"@type\":\"ImageObject\",\"inLanguage\":\"pt-BR\",\"@id\":\"https:\\\/\\\/www.univ-guyane.fr\\\/#\\\/schema\\\/logo\\\/image\\\/\",\"url\":\"https:\\\/\\\/www.univ-guyane.fr\\\/wp-content\\\/uploads\\\/2024\\\/05\\\/f.png\",\"contentUrl\":\"https:\\\/\\\/www.univ-guyane.fr\\\/wp-content\\\/uploads\\\/2024\\\/05\\\/f.png\",\"width\":1024,\"height\":1024,\"caption\":\"Universit\u00e9 de Guyane\"},\"image\":{\"@id\":\"https:\\\/\\\/www.univ-guyane.fr\\\/#\\\/schema\\\/logo\\\/image\\\/\"},\"sameAs\":[\"https:\\\/\\\/www.facebook.com\\\/univguyane\",\"https:\\\/\\\/x.com\\\/univguyane\",\"https:\\\/\\\/gf.linkedin.com\\\/school\\\/universite-de-guyane\\\/\",\"https:\\\/\\\/www.instagram.com\\\/univ_guyane\\\/\"]},{\"@type\":\"Person\",\"@id\":\"https:\\\/\\\/www.univ-guyane.fr\\\/#\\\/schema\\\/person\\\/86d946a28a8be51bb096ccfdf19db179\",\"name\":\"Erick Loiti\u00e8re\",\"image\":{\"@type\":\"ImageObject\",\"inLanguage\":\"pt-BR\",\"@id\":\"https:\\\/\\\/secure.gravatar.com\\\/avatar\\\/0584f332103fbeaf37e52c73b15dca3c547fd9300deb05764e9ad8714839d072?s=96&d=robohash&r=g\",\"url\":\"https:\\\/\\\/secure.gravatar.com\\\/avatar\\\/0584f332103fbeaf37e52c73b15dca3c547fd9300deb05764e9ad8714839d072?s=96&d=robohash&r=g\",\"contentUrl\":\"https:\\\/\\\/secure.gravatar.com\\\/avatar\\\/0584f332103fbeaf37e52c73b15dca3c547fd9300deb05764e9ad8714839d072?s=96&d=robohash&r=g\",\"caption\":\"Erick Loiti\u00e8re\"},\"sameAs\":[\"http:\\\/\\\/www.univ-guyane.fr\"],\"url\":\"https:\\\/\\\/www.univ-guyane.fr\\\/pt\\\/author\\\/eloitierdbz\\\/\"}]}<\/script>\n<!-- \/ Yoast SEO plugin. -->","yoast_head_json":{"title":"La sortie des \"fronti\u00e8res\" de la pauvret\u00e9 et ses obstacles au Cear\u00e1 &#8212; Universit\u00e9 de Guyane","robots":{"index":"index","follow":"follow","max-snippet":"max-snippet:-1","max-image-preview":"max-image-preview:large","max-video-preview":"max-video-preview:-1"},"canonical":"https:\/\/www.univ-guyane.fr\/pt\/2024\/09\/30\/la-sortie-des-frontieres-de-la-pauvrete-et-ses-obstacles-au-ceara\/","og_locale":"pt_BR","og_type":"article","og_title":"La sortie des \"fronti\u00e8res\" de la pauvret\u00e9 et ses obstacles au Cear\u00e1 &#8212; Universit\u00e9 de Guyane","og_url":"https:\/\/www.univ-guyane.fr\/pt\/2024\/09\/30\/la-sortie-des-frontieres-de-la-pauvrete-et-ses-obstacles-au-ceara\/","og_site_name":"Universit\u00e9 de Guyane","article_publisher":"https:\/\/www.facebook.com\/univguyane","article_published_time":"2024-09-30T18:01:03+00:00","article_modified_time":"2024-10-10T11:22:57+00:00","og_image":[{"width":1800,"height":1013,"url":"https:\/\/www.univ-guyane.fr\/wp-content\/uploads\/conference-bresil-ceara-1.jpg","type":"image\/jpeg"}],"author":"Erick Loiti\u00e8re","twitter_card":"summary_large_image","twitter_creator":"@univguyane","twitter_site":"@univguyane","twitter_misc":{"Escrito por":"Erick Loiti\u00e8re","Est. tempo de leitura":"3 minutos"},"schema":{"@context":"https:\/\/schema.org","@graph":[{"@type":"Article","@id":"https:\/\/www.univ-guyane.fr\/2024\/09\/30\/la-sortie-des-frontieres-de-la-pauvrete-et-ses-obstacles-au-ceara\/#article","isPartOf":{"@id":"https:\/\/www.univ-guyane.fr\/2024\/09\/30\/la-sortie-des-frontieres-de-la-pauvrete-et-ses-obstacles-au-ceara\/"},"author":{"name":"Erick Loiti\u00e8re","@id":"https:\/\/www.univ-guyane.fr\/#\/schema\/person\/86d946a28a8be51bb096ccfdf19db179"},"headline":"La sortie des \u00ab\u00a0fronti\u00e8res\u00a0\u00bb de la pauvret\u00e9 et ses obstacles au Cear\u00e1","datePublished":"2024-09-30T18:01:03+00:00","dateModified":"2024-10-10T11:22:57+00:00","mainEntityOfPage":{"@id":"https:\/\/www.univ-guyane.fr\/2024\/09\/30\/la-sortie-des-frontieres-de-la-pauvrete-et-ses-obstacles-au-ceara\/"},"wordCount":642,"publisher":{"@id":"https:\/\/www.univ-guyane.fr\/#organization"},"image":{"@id":"https:\/\/www.univ-guyane.fr\/2024\/09\/30\/la-sortie-des-frontieres-de-la-pauvrete-et-ses-obstacles-au-ceara\/#primaryimage"},"thumbnailUrl":"https:\/\/www.univ-guyane.fr\/wp-content\/uploads\/conference-bresil-ceara-1.jpg","articleSection":["Actualit\u00e9s","Non class\u00e9"],"inLanguage":"pt-BR"},{"@type":"WebPage","@id":"https:\/\/www.univ-guyane.fr\/2024\/09\/30\/la-sortie-des-frontieres-de-la-pauvrete-et-ses-obstacles-au-ceara\/","url":"https:\/\/www.univ-guyane.fr\/2024\/09\/30\/la-sortie-des-frontieres-de-la-pauvrete-et-ses-obstacles-au-ceara\/","name":"La sortie des \"fronti\u00e8res\" de la pauvret\u00e9 et ses obstacles au Cear\u00e1 &#8212; Universit\u00e9 de Guyane","isPartOf":{"@id":"https:\/\/www.univ-guyane.fr\/#website"},"primaryImageOfPage":{"@id":"https:\/\/www.univ-guyane.fr\/2024\/09\/30\/la-sortie-des-frontieres-de-la-pauvrete-et-ses-obstacles-au-ceara\/#primaryimage"},"image":{"@id":"https:\/\/www.univ-guyane.fr\/2024\/09\/30\/la-sortie-des-frontieres-de-la-pauvrete-et-ses-obstacles-au-ceara\/#primaryimage"},"thumbnailUrl":"https:\/\/www.univ-guyane.fr\/wp-content\/uploads\/conference-bresil-ceara-1.jpg","datePublished":"2024-09-30T18:01:03+00:00","dateModified":"2024-10-10T11:22:57+00:00","breadcrumb":{"@id":"https:\/\/www.univ-guyane.fr\/2024\/09\/30\/la-sortie-des-frontieres-de-la-pauvrete-et-ses-obstacles-au-ceara\/#breadcrumb"},"inLanguage":"pt-BR","potentialAction":[{"@type":"ReadAction","target":["https:\/\/www.univ-guyane.fr\/2024\/09\/30\/la-sortie-des-frontieres-de-la-pauvrete-et-ses-obstacles-au-ceara\/"]}]},{"@type":"ImageObject","inLanguage":"pt-BR","@id":"https:\/\/www.univ-guyane.fr\/2024\/09\/30\/la-sortie-des-frontieres-de-la-pauvrete-et-ses-obstacles-au-ceara\/#primaryimage","url":"https:\/\/www.univ-guyane.fr\/wp-content\/uploads\/conference-bresil-ceara-1.jpg","contentUrl":"https:\/\/www.univ-guyane.fr\/wp-content\/uploads\/conference-bresil-ceara-1.jpg","width":1800,"height":1013},{"@type":"BreadcrumbList","@id":"https:\/\/www.univ-guyane.fr\/2024\/09\/30\/la-sortie-des-frontieres-de-la-pauvrete-et-ses-obstacles-au-ceara\/#breadcrumb","itemListElement":[{"@type":"ListItem","position":1,"name":"Accueil","item":"https:\/\/www.univ-guyane.fr\/"},{"@type":"ListItem","position":2,"name":"La sortie des \u00ab\u00a0fronti\u00e8res\u00a0\u00bb de la pauvret\u00e9 et ses obstacles au Cear\u00e1"}]},{"@type":"WebSite","@id":"https:\/\/www.univ-guyane.fr\/#website","url":"https:\/\/www.univ-guyane.fr\/","name":"Universidade da Guiana","description":"No cora\u00e7\u00e3o da Amaz\u00f4nia","publisher":{"@id":"https:\/\/www.univ-guyane.fr\/#organization"},"alternateName":"UG","potentialAction":[{"@type":"SearchAction","target":{"@type":"EntryPoint","urlTemplate":"https:\/\/www.univ-guyane.fr\/?s={search_term_string}"},"query-input":{"@type":"PropertyValueSpecification","valueRequired":true,"valueName":"search_term_string"}}],"inLanguage":"pt-BR"},{"@type":"Organization","@id":"https:\/\/www.univ-guyane.fr\/#organization","name":"Universidade da Guiana","alternateName":"UG","url":"https:\/\/www.univ-guyane.fr\/","logo":{"@type":"ImageObject","inLanguage":"pt-BR","@id":"https:\/\/www.univ-guyane.fr\/#\/schema\/logo\/image\/","url":"https:\/\/www.univ-guyane.fr\/wp-content\/uploads\/2024\/05\/f.png","contentUrl":"https:\/\/www.univ-guyane.fr\/wp-content\/uploads\/2024\/05\/f.png","width":1024,"height":1024,"caption":"Universit\u00e9 de Guyane"},"image":{"@id":"https:\/\/www.univ-guyane.fr\/#\/schema\/logo\/image\/"},"sameAs":["https:\/\/www.facebook.com\/univguyane","https:\/\/x.com\/univguyane","https:\/\/gf.linkedin.com\/school\/universite-de-guyane\/","https:\/\/www.instagram.com\/univ_guyane\/"]},{"@type":"Person","@id":"https:\/\/www.univ-guyane.fr\/#\/schema\/person\/86d946a28a8be51bb096ccfdf19db179","name":"Erick Loiti\u00e8re","image":{"@type":"ImageObject","inLanguage":"pt-BR","@id":"https:\/\/secure.gravatar.com\/avatar\/0584f332103fbeaf37e52c73b15dca3c547fd9300deb05764e9ad8714839d072?s=96&d=robohash&r=g","url":"https:\/\/secure.gravatar.com\/avatar\/0584f332103fbeaf37e52c73b15dca3c547fd9300deb05764e9ad8714839d072?s=96&d=robohash&r=g","contentUrl":"https:\/\/secure.gravatar.com\/avatar\/0584f332103fbeaf37e52c73b15dca3c547fd9300deb05764e9ad8714839d072?s=96&d=robohash&r=g","caption":"Erick Loiti\u00e8re"},"sameAs":["http:\/\/www.univ-guyane.fr"],"url":"https:\/\/www.univ-guyane.fr\/pt\/author\/eloitierdbz\/"}]}},"_links":{"self":[{"href":"https:\/\/www.univ-guyane.fr\/pt\/wp-json\/wp\/v2\/posts\/10326","targetHints":{"allow":["GET"]}}],"collection":[{"href":"https:\/\/www.univ-guyane.fr\/pt\/wp-json\/wp\/v2\/posts"}],"about":[{"href":"https:\/\/www.univ-guyane.fr\/pt\/wp-json\/wp\/v2\/types\/post"}],"author":[{"embeddable":true,"href":"https:\/\/www.univ-guyane.fr\/pt\/wp-json\/wp\/v2\/users\/1"}],"replies":[{"embeddable":true,"href":"https:\/\/www.univ-guyane.fr\/pt\/wp-json\/wp\/v2\/comments?post=10326"}],"version-history":[{"count":1,"href":"https:\/\/www.univ-guyane.fr\/pt\/wp-json\/wp\/v2\/posts\/10326\/revisions"}],"predecessor-version":[{"id":10327,"href":"https:\/\/www.univ-guyane.fr\/pt\/wp-json\/wp\/v2\/posts\/10326\/revisions\/10327"}],"wp:featuredmedia":[{"embeddable":true,"href":"https:\/\/www.univ-guyane.fr\/pt\/wp-json\/wp\/v2\/media\/10336"}],"wp:attachment":[{"href":"https:\/\/www.univ-guyane.fr\/pt\/wp-json\/wp\/v2\/media?parent=10326"}],"wp:term":[{"taxonomy":"category","embeddable":true,"href":"https:\/\/www.univ-guyane.fr\/pt\/wp-json\/wp\/v2\/categories?post=10326"},{"taxonomy":"post_tag","embeddable":true,"href":"https:\/\/www.univ-guyane.fr\/pt\/wp-json\/wp\/v2\/tags?post=10326"}],"curies":[{"name":"wp","href":"https:\/\/api.w.org\/{rel}","templated":true}]}}