{"id":10537,"date":"2024-10-14T16:01:24","date_gmt":"2024-10-14T19:01:24","guid":{"rendered":"https:\/\/www.univ-guyane.fr\/?p=10537"},"modified":"2024-10-15T08:16:30","modified_gmt":"2024-10-15T11:16:30","slug":"luniversite-de-guyane-vous-invite-a-une-journee-delicieuse-et-durable","status":"publish","type":"post","link":"https:\/\/www.univ-guyane.fr\/pt\/2024\/10\/14\/luniversite-de-guyane-vous-invite-a-une-journee-delicieuse-et-durable\/","title":{"rendered":"A Universidade da Guiana o convida para um dia delicioso e sustent\u00e1vel!"},"content":{"rendered":"<div id=\"fws_69f17c958a3f2\"  data-column-margin=\"default\" data-midnight=\"dark\"  class=\"wpb_row vc_row-fluid vc_row\"  style=\"padding-top: 0px; padding-bottom: 0px; \"><div class=\"row-bg-wrap\" data-bg-animation=\"none\" data-bg-animation-delay=\"\" data-bg-overlay=\"false\"><div class=\"inner-wrap row-bg-layer\" ><div class=\"row-bg viewport-desktop\"  style=\"\"><\/div><\/div><\/div><div class=\"row_col_wrap_12 col span_12 dark left\">\n\t<div  class=\"vc_col-sm-12 wpb_column column_container vc_column_container col no-extra-padding inherit_tablet inherit_phone\"  data-padding-pos=\"all\" data-has-bg-color=\"false\" data-bg-color=\"\" data-bg-opacity=\"1\" data-animation=\"\" data-delay=\"0\" >\n\t\t<div class=\"vc_column-inner\" >\n\t\t\t<div class=\"wpb_wrapper\">\n\t\t\t\t\n<div class=\"wpb_text_column wpb_content_element  chapo\" >\n\t<h2>Le <strong>16 de outubro de 2024<\/strong>Prepare-se para um dia em que sustentabilidade \u00e9 sin\u00f4nimo de conv\u00edvio... e um pouco de gan\u00e2ncia! A Universidade da Guiana est\u00e1 organizando o <strong>Dia da Alimenta\u00e7\u00e3o Sustent\u00e1vel<\/strong>Um evento t\u00e3o nutritivo para a mente quanto para o est\u00f4mago.<\/h2>\n<\/div>\n\n\n\n\n<div class=\"wpb_text_column wpb_content_element\" >\n\t<p>De <strong>9h00min \u00e0s 15h30min.<\/strong>Venha e descubra como os alimentos sustent\u00e1veis podem moldar nosso futuro, enquanto degusta produtos locais que v\u00e3o seduzir seu paladar. Prometemos que voc\u00ea sair\u00e1 de l\u00e1 com muitas ideias e talvez at\u00e9 com uma ou duas receitas!<\/p>\n<h3>No card\u00e1pio do dia: conhecimento, reuni\u00f5es e chocolate sem a\u00e7\u00facar!<\/h3>\n<p style=\"margin: 0px;\">Quem disse que alimentos saud\u00e1veis n\u00e3o podem ser saborosos? De <strong>9h15<\/strong>, <strong>Baudelaire Vilm\u00e9<\/strong> provar\u00e1 que estamos errados com seu <strong>confer\u00eancia<\/strong> no <strong>chocolate sem a\u00e7\u00facar para diab\u00e9ticos<\/strong>. Voc\u00ea leu certo: chocolate sem a\u00e7\u00facar! Voc\u00ea n\u00e3o precisa ser diab\u00e9tico para apreciar essa deliciosa inven\u00e7\u00e3o, que pode muito bem mudar a maneira como voc\u00ea v\u00ea os doces.<\/p>\n<p style=\"margin: 0px;\">Ent\u00e3o, em <strong>10h00<\/strong>Estamos passando de doce para... naturalmente doce! <strong>Yaovi Tabiou<\/strong> O mundo das abelhas o levar\u00e1 ao mundo das abelhas com seu <strong>argumento cient\u00edfico<\/strong> sobre as maravilhas do <strong>mel da Guiana Francesa<\/strong>. Esse n\u00e9ctar local, com suas virtudes excepcionais, certamente far\u00e1 voc\u00ea sonhar com potes de mel cheios de mel!<\/p>\n<p style=\"margin: 0px;\">E para aqueles que preferem sujar as m\u00e3os, v\u00e1 para <strong>10h30<\/strong> para um <strong>workshop pr\u00e1tico<\/strong> hospedado por <strong>Yana Wassai<\/strong> no <strong>transforma\u00e7\u00e3o da awara<\/strong>. Awara, a pequena p\u00e9rola da Guiana Francesa, ser\u00e1 o centro dessa demonstra\u00e7\u00e3o culin\u00e1ria. Esteja avisado: talvez voc\u00ea queira come\u00e7ar a processar frutas locais assim que chegar em casa!<\/p>\n<h3>Carbet Business Dating: onde a ci\u00eancia encontra os neg\u00f3cios!<\/h3>\n<p style=\"margin: 0px;\">Voc\u00ea achava que esse era o fim do dia? Bem, n\u00e3o! De <strong>11h30<\/strong>o <strong>Carbet Business Dating<\/strong>\u00c9 um momento para pesquisadores, profissionais do setor de alimentos e estudantes se reunirem e trocarem ideias, cart\u00f5es de visita e, por que n\u00e3o, desenvolverem os projetos de amanh\u00e3. Se estiver procurando colabora\u00e7\u00f5es interessantes ou curioso para ver como os alimentos sustent\u00e1veis podem andar de m\u00e3os dadas com os neg\u00f3cios, este \u00e9 O evento a n\u00e3o perder.<\/p>\n<h3><strong>E se voc\u00ea estiver com fome... n\u00e3o se preocupe!<\/strong><\/h3>\n<p style=\"margin: 0px;\">Tendo aprendido tanto, \u00e9 hora de ir direto ao assunto: o <strong>almo\u00e7o sustent\u00e1vel<\/strong>, \u00e0 <strong>13h00<\/strong>. Preparada com amor a partir de produtos locais, essa refei\u00e7\u00e3o ser\u00e1 uma oportunidade de experimentar sabores \u00fanicos enquanto compartilha um momento de conv\u00edvio com outros participantes. Afinal, falar sobre sustentabilidade \u00e9 muito bom... mas vivenci\u00e1-la em uma boa refei\u00e7\u00e3o \u00e9 ainda melhor!<\/p>\n<h3>Um dia de aprendizado, compartilhamento e (prazer em) comer<\/h3>\n<p style=\"margin: 0px;\">Isso <strong>Dia da Alimenta\u00e7\u00e3o Sustent\u00e1vel<\/strong> \u00e9 muito mais do que apenas um evento: \u00e9 uma oportunidade de pensar sobre as quest\u00f5es alimentares do futuro, conversar com especialistas e talvez at\u00e9 encontrar solu\u00e7\u00f5es inovadoras para nossas pr\u00e1ticas alimentares futuras. E tudo isso em um ambiente t\u00e3o descontra\u00eddo quanto produtivo.<\/p>\n<p style=\"margin: 0px;\">Portanto, seja voc\u00ea um pesquisador, um estudante, um profissional ou simplesmente um gourmet curioso, temos o lugar certo para voc\u00ea, <strong>Registre-se agora<\/strong> para esse dia imperd\u00edvel.<\/p>\n<\/div>\n\n\n\n\n\t\t\t<\/div> \n\t\t<\/div>\n\t<\/div> \n<\/div><\/div>","protected":false},"excerpt":{"rendered":"Em 16 de outubro de 2024, prepare-se para um dia em que sustentabilidade \u00e9 sin\u00f4nimo de conv\u00edvio... e...","protected":false},"author":1,"featured_media":10538,"comment_status":"closed","ping_status":"open","sticky":false,"template":"","format":"standard","meta":{"iawp_total_views":43,"footnotes":""},"categories":[146],"tags":[],"class_list":{"0":"post-10537","1":"post","2":"type-post","3":"status-publish","4":"format-standard","5":"has-post-thumbnail","7":"category-aibsi"},"yoast_head":"<!-- This site is optimized with the Yoast SEO plugin v27.5 - https:\/\/yoast.com\/product\/yoast-seo-wordpress\/ -->\n<title>L\u2019Universit\u00e9 de Guyane vous invite \u00e0 une journ\u00e9e d\u00e9licieuse et durable ! &#8212; Universit\u00e9 de Guyane<\/title>\n<meta name=\"robots\" content=\"index, follow, max-snippet:-1, max-image-preview:large, max-video-preview:-1\" \/>\n<link rel=\"canonical\" href=\"https:\/\/www.univ-guyane.fr\/pt\/2024\/10\/14\/luniversite-de-guyane-vous-invite-a-une-journee-delicieuse-et-durable\/\" \/>\n<meta property=\"og:locale\" content=\"pt_BR\" \/>\n<meta property=\"og:type\" content=\"article\" \/>\n<meta property=\"og:title\" content=\"L\u2019Universit\u00e9 de Guyane vous invite \u00e0 une journ\u00e9e d\u00e9licieuse et durable ! &#8212; Universit\u00e9 de Guyane\" \/>\n<meta property=\"og:url\" content=\"https:\/\/www.univ-guyane.fr\/pt\/2024\/10\/14\/luniversite-de-guyane-vous-invite-a-une-journee-delicieuse-et-durable\/\" \/>\n<meta property=\"og:site_name\" content=\"Universit\u00e9 de Guyane\" \/>\n<meta property=\"article:publisher\" content=\"https:\/\/www.facebook.com\/univguyane\" \/>\n<meta property=\"article:published_time\" content=\"2024-10-14T19:01:24+00:00\" \/>\n<meta property=\"article:modified_time\" content=\"2024-10-15T11:16:30+00:00\" \/>\n<meta property=\"og:image\" content=\"https:\/\/www.univ-guyane.fr\/wp-content\/uploads\/journee-alimentation-durable-2024.jpg\" \/>\n\t<meta property=\"og:image:width\" content=\"1832\" \/>\n\t<meta property=\"og:image:height\" content=\"1222\" \/>\n\t<meta property=\"og:image:type\" content=\"image\/jpeg\" \/>\n<meta name=\"author\" content=\"Erick Loiti\u00e8re\" \/>\n<meta name=\"twitter:card\" content=\"summary_large_image\" \/>\n<meta name=\"twitter:creator\" content=\"@univguyane\" \/>\n<meta name=\"twitter:site\" content=\"@univguyane\" \/>\n<meta name=\"twitter:label1\" content=\"Escrito por\" \/>\n\t<meta name=\"twitter:data1\" content=\"Erick Loiti\u00e8re\" \/>\n\t<meta name=\"twitter:label2\" content=\"Est. tempo de leitura\" \/>\n\t<meta name=\"twitter:data2\" content=\"3 minutos\" \/>\n<script type=\"application\/ld+json\" class=\"yoast-schema-graph\">{\"@context\":\"https:\\\/\\\/schema.org\",\"@graph\":[{\"@type\":\"Article\",\"@id\":\"https:\\\/\\\/www.univ-guyane.fr\\\/2024\\\/10\\\/14\\\/luniversite-de-guyane-vous-invite-a-une-journee-delicieuse-et-durable\\\/#article\",\"isPartOf\":{\"@id\":\"https:\\\/\\\/www.univ-guyane.fr\\\/2024\\\/10\\\/14\\\/luniversite-de-guyane-vous-invite-a-une-journee-delicieuse-et-durable\\\/\"},\"author\":{\"name\":\"Erick Loiti\u00e8re\",\"@id\":\"https:\\\/\\\/www.univ-guyane.fr\\\/#\\\/schema\\\/person\\\/86d946a28a8be51bb096ccfdf19db179\"},\"headline\":\"L\u2019Universit\u00e9 de Guyane vous invite \u00e0 une journ\u00e9e d\u00e9licieuse et durable !\",\"datePublished\":\"2024-10-14T19:01:24+00:00\",\"dateModified\":\"2024-10-15T11:16:30+00:00\",\"mainEntityOfPage\":{\"@id\":\"https:\\\/\\\/www.univ-guyane.fr\\\/2024\\\/10\\\/14\\\/luniversite-de-guyane-vous-invite-a-une-journee-delicieuse-et-durable\\\/\"},\"wordCount\":735,\"publisher\":{\"@id\":\"https:\\\/\\\/www.univ-guyane.fr\\\/#organization\"},\"image\":{\"@id\":\"https:\\\/\\\/www.univ-guyane.fr\\\/2024\\\/10\\\/14\\\/luniversite-de-guyane-vous-invite-a-une-journee-delicieuse-et-durable\\\/#primaryimage\"},\"thumbnailUrl\":\"https:\\\/\\\/www.univ-guyane.fr\\\/wp-content\\\/uploads\\\/journee-alimentation-durable-2024.jpg\",\"articleSection\":[\"\u2022 AIBSI\"],\"inLanguage\":\"pt-BR\"},{\"@type\":\"WebPage\",\"@id\":\"https:\\\/\\\/www.univ-guyane.fr\\\/2024\\\/10\\\/14\\\/luniversite-de-guyane-vous-invite-a-une-journee-delicieuse-et-durable\\\/\",\"url\":\"https:\\\/\\\/www.univ-guyane.fr\\\/2024\\\/10\\\/14\\\/luniversite-de-guyane-vous-invite-a-une-journee-delicieuse-et-durable\\\/\",\"name\":\"L\u2019Universit\u00e9 de Guyane vous invite \u00e0 une journ\u00e9e d\u00e9licieuse et durable ! &#8212; Universit\u00e9 de Guyane\",\"isPartOf\":{\"@id\":\"https:\\\/\\\/www.univ-guyane.fr\\\/#website\"},\"primaryImageOfPage\":{\"@id\":\"https:\\\/\\\/www.univ-guyane.fr\\\/2024\\\/10\\\/14\\\/luniversite-de-guyane-vous-invite-a-une-journee-delicieuse-et-durable\\\/#primaryimage\"},\"image\":{\"@id\":\"https:\\\/\\\/www.univ-guyane.fr\\\/2024\\\/10\\\/14\\\/luniversite-de-guyane-vous-invite-a-une-journee-delicieuse-et-durable\\\/#primaryimage\"},\"thumbnailUrl\":\"https:\\\/\\\/www.univ-guyane.fr\\\/wp-content\\\/uploads\\\/journee-alimentation-durable-2024.jpg\",\"datePublished\":\"2024-10-14T19:01:24+00:00\",\"dateModified\":\"2024-10-15T11:16:30+00:00\",\"breadcrumb\":{\"@id\":\"https:\\\/\\\/www.univ-guyane.fr\\\/2024\\\/10\\\/14\\\/luniversite-de-guyane-vous-invite-a-une-journee-delicieuse-et-durable\\\/#breadcrumb\"},\"inLanguage\":\"pt-BR\",\"potentialAction\":[{\"@type\":\"ReadAction\",\"target\":[\"https:\\\/\\\/www.univ-guyane.fr\\\/2024\\\/10\\\/14\\\/luniversite-de-guyane-vous-invite-a-une-journee-delicieuse-et-durable\\\/\"]}]},{\"@type\":\"ImageObject\",\"inLanguage\":\"pt-BR\",\"@id\":\"https:\\\/\\\/www.univ-guyane.fr\\\/2024\\\/10\\\/14\\\/luniversite-de-guyane-vous-invite-a-une-journee-delicieuse-et-durable\\\/#primaryimage\",\"url\":\"https:\\\/\\\/www.univ-guyane.fr\\\/wp-content\\\/uploads\\\/journee-alimentation-durable-2024.jpg\",\"contentUrl\":\"https:\\\/\\\/www.univ-guyane.fr\\\/wp-content\\\/uploads\\\/journee-alimentation-durable-2024.jpg\",\"width\":1832,\"height\":1222,\"caption\":\"Journ\u00e9e de l'alimentation durable\"},{\"@type\":\"BreadcrumbList\",\"@id\":\"https:\\\/\\\/www.univ-guyane.fr\\\/2024\\\/10\\\/14\\\/luniversite-de-guyane-vous-invite-a-une-journee-delicieuse-et-durable\\\/#breadcrumb\",\"itemListElement\":[{\"@type\":\"ListItem\",\"position\":1,\"name\":\"Accueil\",\"item\":\"https:\\\/\\\/www.univ-guyane.fr\\\/\"},{\"@type\":\"ListItem\",\"position\":2,\"name\":\"L\u2019Universit\u00e9 de Guyane vous invite \u00e0 une journ\u00e9e d\u00e9licieuse et durable !\"}]},{\"@type\":\"WebSite\",\"@id\":\"https:\\\/\\\/www.univ-guyane.fr\\\/#website\",\"url\":\"https:\\\/\\\/www.univ-guyane.fr\\\/\",\"name\":\"Universit\u00e9 de Guyane\",\"description\":\"Au c\u0153ur de l&#039;amazonie\",\"publisher\":{\"@id\":\"https:\\\/\\\/www.univ-guyane.fr\\\/#organization\"},\"alternateName\":\"UG\",\"potentialAction\":[{\"@type\":\"SearchAction\",\"target\":{\"@type\":\"EntryPoint\",\"urlTemplate\":\"https:\\\/\\\/www.univ-guyane.fr\\\/?s={search_term_string}\"},\"query-input\":{\"@type\":\"PropertyValueSpecification\",\"valueRequired\":true,\"valueName\":\"search_term_string\"}}],\"inLanguage\":\"pt-BR\"},{\"@type\":\"Organization\",\"@id\":\"https:\\\/\\\/www.univ-guyane.fr\\\/#organization\",\"name\":\"Universit\u00e9 de Guyane\",\"alternateName\":\"UG\",\"url\":\"https:\\\/\\\/www.univ-guyane.fr\\\/\",\"logo\":{\"@type\":\"ImageObject\",\"inLanguage\":\"pt-BR\",\"@id\":\"https:\\\/\\\/www.univ-guyane.fr\\\/#\\\/schema\\\/logo\\\/image\\\/\",\"url\":\"https:\\\/\\\/www.univ-guyane.fr\\\/wp-content\\\/uploads\\\/2024\\\/05\\\/f.png\",\"contentUrl\":\"https:\\\/\\\/www.univ-guyane.fr\\\/wp-content\\\/uploads\\\/2024\\\/05\\\/f.png\",\"width\":1024,\"height\":1024,\"caption\":\"Universit\u00e9 de Guyane\"},\"image\":{\"@id\":\"https:\\\/\\\/www.univ-guyane.fr\\\/#\\\/schema\\\/logo\\\/image\\\/\"},\"sameAs\":[\"https:\\\/\\\/www.facebook.com\\\/univguyane\",\"https:\\\/\\\/x.com\\\/univguyane\",\"https:\\\/\\\/gf.linkedin.com\\\/school\\\/universite-de-guyane\\\/\",\"https:\\\/\\\/www.instagram.com\\\/univ_guyane\\\/\"]},{\"@type\":\"Person\",\"@id\":\"https:\\\/\\\/www.univ-guyane.fr\\\/#\\\/schema\\\/person\\\/86d946a28a8be51bb096ccfdf19db179\",\"name\":\"Erick Loiti\u00e8re\",\"image\":{\"@type\":\"ImageObject\",\"inLanguage\":\"pt-BR\",\"@id\":\"https:\\\/\\\/secure.gravatar.com\\\/avatar\\\/0584f332103fbeaf37e52c73b15dca3c547fd9300deb05764e9ad8714839d072?s=96&d=robohash&r=g\",\"url\":\"https:\\\/\\\/secure.gravatar.com\\\/avatar\\\/0584f332103fbeaf37e52c73b15dca3c547fd9300deb05764e9ad8714839d072?s=96&d=robohash&r=g\",\"contentUrl\":\"https:\\\/\\\/secure.gravatar.com\\\/avatar\\\/0584f332103fbeaf37e52c73b15dca3c547fd9300deb05764e9ad8714839d072?s=96&d=robohash&r=g\",\"caption\":\"Erick Loiti\u00e8re\"},\"sameAs\":[\"http:\\\/\\\/www.univ-guyane.fr\"],\"url\":\"https:\\\/\\\/www.univ-guyane.fr\\\/pt\\\/author\\\/eloitierdbz\\\/\"}]}<\/script>\n<!-- \/ Yoast SEO plugin. -->","yoast_head_json":{"title":"A Universidade da Guiana o convida para um dia delicioso e sustent\u00e1vel! - Universidade da Guiana","robots":{"index":"index","follow":"follow","max-snippet":"max-snippet:-1","max-image-preview":"max-image-preview:large","max-video-preview":"max-video-preview:-1"},"canonical":"https:\/\/www.univ-guyane.fr\/pt\/2024\/10\/14\/luniversite-de-guyane-vous-invite-a-une-journee-delicieuse-et-durable\/","og_locale":"pt_BR","og_type":"article","og_title":"L\u2019Universit\u00e9 de Guyane vous invite \u00e0 une journ\u00e9e d\u00e9licieuse et durable ! &#8212; Universit\u00e9 de Guyane","og_url":"https:\/\/www.univ-guyane.fr\/pt\/2024\/10\/14\/luniversite-de-guyane-vous-invite-a-une-journee-delicieuse-et-durable\/","og_site_name":"Universit\u00e9 de Guyane","article_publisher":"https:\/\/www.facebook.com\/univguyane","article_published_time":"2024-10-14T19:01:24+00:00","article_modified_time":"2024-10-15T11:16:30+00:00","og_image":[{"width":1832,"height":1222,"url":"https:\/\/www.univ-guyane.fr\/wp-content\/uploads\/journee-alimentation-durable-2024.jpg","type":"image\/jpeg"}],"author":"Erick Loiti\u00e8re","twitter_card":"summary_large_image","twitter_creator":"@univguyane","twitter_site":"@univguyane","twitter_misc":{"Escrito por":"Erick Loiti\u00e8re","Est. tempo de leitura":"3 minutos"},"schema":{"@context":"https:\/\/schema.org","@graph":[{"@type":"Article","@id":"https:\/\/www.univ-guyane.fr\/2024\/10\/14\/luniversite-de-guyane-vous-invite-a-une-journee-delicieuse-et-durable\/#article","isPartOf":{"@id":"https:\/\/www.univ-guyane.fr\/2024\/10\/14\/luniversite-de-guyane-vous-invite-a-une-journee-delicieuse-et-durable\/"},"author":{"name":"Erick Loiti\u00e8re","@id":"https:\/\/www.univ-guyane.fr\/#\/schema\/person\/86d946a28a8be51bb096ccfdf19db179"},"headline":"L\u2019Universit\u00e9 de Guyane vous invite \u00e0 une journ\u00e9e d\u00e9licieuse et durable !","datePublished":"2024-10-14T19:01:24+00:00","dateModified":"2024-10-15T11:16:30+00:00","mainEntityOfPage":{"@id":"https:\/\/www.univ-guyane.fr\/2024\/10\/14\/luniversite-de-guyane-vous-invite-a-une-journee-delicieuse-et-durable\/"},"wordCount":735,"publisher":{"@id":"https:\/\/www.univ-guyane.fr\/#organization"},"image":{"@id":"https:\/\/www.univ-guyane.fr\/2024\/10\/14\/luniversite-de-guyane-vous-invite-a-une-journee-delicieuse-et-durable\/#primaryimage"},"thumbnailUrl":"https:\/\/www.univ-guyane.fr\/wp-content\/uploads\/journee-alimentation-durable-2024.jpg","articleSection":["\u2022 AIBSI"],"inLanguage":"pt-BR"},{"@type":"WebPage","@id":"https:\/\/www.univ-guyane.fr\/2024\/10\/14\/luniversite-de-guyane-vous-invite-a-une-journee-delicieuse-et-durable\/","url":"https:\/\/www.univ-guyane.fr\/2024\/10\/14\/luniversite-de-guyane-vous-invite-a-une-journee-delicieuse-et-durable\/","name":"A Universidade da Guiana o convida para um dia delicioso e sustent\u00e1vel! - Universidade da Guiana","isPartOf":{"@id":"https:\/\/www.univ-guyane.fr\/#website"},"primaryImageOfPage":{"@id":"https:\/\/www.univ-guyane.fr\/2024\/10\/14\/luniversite-de-guyane-vous-invite-a-une-journee-delicieuse-et-durable\/#primaryimage"},"image":{"@id":"https:\/\/www.univ-guyane.fr\/2024\/10\/14\/luniversite-de-guyane-vous-invite-a-une-journee-delicieuse-et-durable\/#primaryimage"},"thumbnailUrl":"https:\/\/www.univ-guyane.fr\/wp-content\/uploads\/journee-alimentation-durable-2024.jpg","datePublished":"2024-10-14T19:01:24+00:00","dateModified":"2024-10-15T11:16:30+00:00","breadcrumb":{"@id":"https:\/\/www.univ-guyane.fr\/2024\/10\/14\/luniversite-de-guyane-vous-invite-a-une-journee-delicieuse-et-durable\/#breadcrumb"},"inLanguage":"pt-BR","potentialAction":[{"@type":"ReadAction","target":["https:\/\/www.univ-guyane.fr\/2024\/10\/14\/luniversite-de-guyane-vous-invite-a-une-journee-delicieuse-et-durable\/"]}]},{"@type":"ImageObject","inLanguage":"pt-BR","@id":"https:\/\/www.univ-guyane.fr\/2024\/10\/14\/luniversite-de-guyane-vous-invite-a-une-journee-delicieuse-et-durable\/#primaryimage","url":"https:\/\/www.univ-guyane.fr\/wp-content\/uploads\/journee-alimentation-durable-2024.jpg","contentUrl":"https:\/\/www.univ-guyane.fr\/wp-content\/uploads\/journee-alimentation-durable-2024.jpg","width":1832,"height":1222,"caption":"Journ\u00e9e de l'alimentation durable"},{"@type":"BreadcrumbList","@id":"https:\/\/www.univ-guyane.fr\/2024\/10\/14\/luniversite-de-guyane-vous-invite-a-une-journee-delicieuse-et-durable\/#breadcrumb","itemListElement":[{"@type":"ListItem","position":1,"name":"Accueil","item":"https:\/\/www.univ-guyane.fr\/"},{"@type":"ListItem","position":2,"name":"L\u2019Universit\u00e9 de Guyane vous invite \u00e0 une journ\u00e9e d\u00e9licieuse et durable !"}]},{"@type":"WebSite","@id":"https:\/\/www.univ-guyane.fr\/#website","url":"https:\/\/www.univ-guyane.fr\/","name":"Universidade da Guiana","description":"No cora\u00e7\u00e3o da Amaz\u00f4nia","publisher":{"@id":"https:\/\/www.univ-guyane.fr\/#organization"},"alternateName":"UG","potentialAction":[{"@type":"SearchAction","target":{"@type":"EntryPoint","urlTemplate":"https:\/\/www.univ-guyane.fr\/?s={search_term_string}"},"query-input":{"@type":"PropertyValueSpecification","valueRequired":true,"valueName":"search_term_string"}}],"inLanguage":"pt-BR"},{"@type":"Organization","@id":"https:\/\/www.univ-guyane.fr\/#organization","name":"Universidade da Guiana","alternateName":"UG","url":"https:\/\/www.univ-guyane.fr\/","logo":{"@type":"ImageObject","inLanguage":"pt-BR","@id":"https:\/\/www.univ-guyane.fr\/#\/schema\/logo\/image\/","url":"https:\/\/www.univ-guyane.fr\/wp-content\/uploads\/2024\/05\/f.png","contentUrl":"https:\/\/www.univ-guyane.fr\/wp-content\/uploads\/2024\/05\/f.png","width":1024,"height":1024,"caption":"Universit\u00e9 de Guyane"},"image":{"@id":"https:\/\/www.univ-guyane.fr\/#\/schema\/logo\/image\/"},"sameAs":["https:\/\/www.facebook.com\/univguyane","https:\/\/x.com\/univguyane","https:\/\/gf.linkedin.com\/school\/universite-de-guyane\/","https:\/\/www.instagram.com\/univ_guyane\/"]},{"@type":"Person","@id":"https:\/\/www.univ-guyane.fr\/#\/schema\/person\/86d946a28a8be51bb096ccfdf19db179","name":"Erick Loiti\u00e8re","image":{"@type":"ImageObject","inLanguage":"pt-BR","@id":"https:\/\/secure.gravatar.com\/avatar\/0584f332103fbeaf37e52c73b15dca3c547fd9300deb05764e9ad8714839d072?s=96&d=robohash&r=g","url":"https:\/\/secure.gravatar.com\/avatar\/0584f332103fbeaf37e52c73b15dca3c547fd9300deb05764e9ad8714839d072?s=96&d=robohash&r=g","contentUrl":"https:\/\/secure.gravatar.com\/avatar\/0584f332103fbeaf37e52c73b15dca3c547fd9300deb05764e9ad8714839d072?s=96&d=robohash&r=g","caption":"Erick Loiti\u00e8re"},"sameAs":["http:\/\/www.univ-guyane.fr"],"url":"https:\/\/www.univ-guyane.fr\/pt\/author\/eloitierdbz\/"}]}},"_links":{"self":[{"href":"https:\/\/www.univ-guyane.fr\/pt\/wp-json\/wp\/v2\/posts\/10537","targetHints":{"allow":["GET"]}}],"collection":[{"href":"https:\/\/www.univ-guyane.fr\/pt\/wp-json\/wp\/v2\/posts"}],"about":[{"href":"https:\/\/www.univ-guyane.fr\/pt\/wp-json\/wp\/v2\/types\/post"}],"author":[{"embeddable":true,"href":"https:\/\/www.univ-guyane.fr\/pt\/wp-json\/wp\/v2\/users\/1"}],"replies":[{"embeddable":true,"href":"https:\/\/www.univ-guyane.fr\/pt\/wp-json\/wp\/v2\/comments?post=10537"}],"version-history":[{"count":3,"href":"https:\/\/www.univ-guyane.fr\/pt\/wp-json\/wp\/v2\/posts\/10537\/revisions"}],"predecessor-version":[{"id":10541,"href":"https:\/\/www.univ-guyane.fr\/pt\/wp-json\/wp\/v2\/posts\/10537\/revisions\/10541"}],"wp:featuredmedia":[{"embeddable":true,"href":"https:\/\/www.univ-guyane.fr\/pt\/wp-json\/wp\/v2\/media\/10538"}],"wp:attachment":[{"href":"https:\/\/www.univ-guyane.fr\/pt\/wp-json\/wp\/v2\/media?parent=10537"}],"wp:term":[{"taxonomy":"category","embeddable":true,"href":"https:\/\/www.univ-guyane.fr\/pt\/wp-json\/wp\/v2\/categories?post=10537"},{"taxonomy":"post_tag","embeddable":true,"href":"https:\/\/www.univ-guyane.fr\/pt\/wp-json\/wp\/v2\/tags?post=10537"}],"curies":[{"name":"wp","href":"https:\/\/api.w.org\/{rel}","templated":true}]}}