{"id":10773,"date":"2024-10-24T10:49:31","date_gmt":"2024-10-24T13:49:31","guid":{"rendered":"https:\/\/www.univ-guyane.fr\/?p=10773"},"modified":"2024-11-12T08:02:19","modified_gmt":"2024-11-12T11:02:19","slug":"seminaire-frontieres-ethnicite-et-politiques-de-reconnaissance-en-amazonie","status":"publish","type":"post","link":"https:\/\/www.univ-guyane.fr\/pt\/2024\/10\/24\/seminaire-frontieres-ethnicite-et-politiques-de-reconnaissance-en-amazonie\/","title":{"rendered":"Semin\u00e1rio: Fronteiras, etnicidade e a pol\u00edtica de reconhecimento na Amaz\u00f4nia"},"content":{"rendered":"<div id=\"fws_69f187b086543\"  data-column-margin=\"default\" data-midnight=\"dark\"  class=\"wpb_row vc_row-fluid vc_row\"  style=\"padding-top: 0px; padding-bottom: 0px; \"><div class=\"row-bg-wrap\" data-bg-animation=\"none\" data-bg-animation-delay=\"\" data-bg-overlay=\"false\"><div class=\"inner-wrap row-bg-layer\" ><div class=\"row-bg viewport-desktop\"  style=\"\"><\/div><\/div><\/div><div class=\"row_col_wrap_12 col span_12 dark left\">\n\t<div  class=\"vc_col-sm-12 wpb_column column_container vc_column_container col no-extra-padding inherit_tablet inherit_phone\"  data-padding-pos=\"all\" data-has-bg-color=\"false\" data-bg-color=\"\" data-bg-opacity=\"1\" data-animation=\"\" data-delay=\"0\" >\n\t\t<div class=\"vc_column-inner\" >\n\t\t\t<div class=\"wpb_wrapper\">\n\t\t\t\t\n<div class=\"wpb_text_column wpb_content_element  chapo\" >\n\t<h2>A Universidade da Guiana receber\u00e1 V\u00e9ronique Boyer, antrop\u00f3loga e diretora de pesquisa do CNRS, para uma nova sess\u00e3o do semin\u00e1rio \"Borders\".<\/h2>\n<\/div>\n\n\n\n\n<div class=\"wpb_text_column wpb_content_element\" >\n\t<p>Nessa reuni\u00e3o, ela apresentar\u00e1 os resultados de sua pesquisa baseada em seu livro Le Puzzle amazonien, que explora a din\u00e2mica social das popula\u00e7\u00f5es da Amaz\u00f4nia brasileira. Encontre-a na ter\u00e7a-feira, 12 de novembro de 2024, \u00e0s 18h, na sala FSC001 (pr\u00e9dio F - Humanidades).<\/p>\n<h3>Um semin\u00e1rio para entender os desafios enfrentados pelas \"popula\u00e7\u00f5es tradicionais\" na Amaz\u00f4nia<\/h3>\n<p>Desde a d\u00e9cada de 1990, muitas comunidades da Amaz\u00f4nia brasileira t\u00eam exigido o reconhecimento oficial como \"popula\u00e7\u00f5es tradicionais\", \"povos ind\u00edgenas\" ou \"comunidades quilombolas\". Este semin\u00e1rio oferece uma an\u00e1lise aprofundada dessas demandas por reconhecimento, com foco nas categorias etno-legais que moldam as identidades e as estrat\u00e9gias pol\u00edticas desses grupos.<\/p>\n<p>V\u00e9ronique Boyer destacar\u00e1 conceitos-chave como a no\u00e7\u00e3o de \"mistura\", uma ideia central na concep\u00e7\u00e3o de identidades \u00e9tnicas no Brasil. De fato, \u00e9 por causa de sua natureza \"imisc\u00edvel\" que a \"mistura\" permite escolhas de identidade, em que a capacidade de alcan\u00e7ar uma certa pureza \u00e9tnica torna-se paradoxalmente constitutiva da mistura.<\/p>\n<h3>Redefinindo a identidade dos caboclos: de marginalizados a atores pol\u00edticos<\/h3>\n<p>Por muito tempo marginalizados sob o termo pejorativo caboclos, esses grupos agora est\u00e3o emergindo como importantes atores pol\u00edticos, o que nos leva a repensar essa no\u00e7\u00e3o em sua rela\u00e7\u00e3o dupla com a express\u00e3o \"popula\u00e7\u00f5es tradicionais\" e com as cren\u00e7as urbanas, em que o termo designa entidades espirituais poderosas. V\u00e9ronique Boyer analisar\u00e1 como a capacidade de transforma\u00e7\u00e3o simbolizada por essas entidades invis\u00edveis \u00e9 uma met\u00e1fora da maneira pela qual as popula\u00e7\u00f5es de caboclos vivenciam ou reinterpretam sua \"mistura\" social.<\/p>\n<h3>Chaves para entender o reposicionamento etno-legal na Amaz\u00f4nia<\/h3>\n<p>Este semin\u00e1rio faz parte de uma reflex\u00e3o mais ampla sobre a capacidade dos caboclos invis\u00edveis de simbolizar experi\u00eancias sociais e seu papel no atual reposicionamento das popula\u00e7\u00f5es amaz\u00f4nicas. Ao oferecer uma leitura nova e estimulante, V\u00e9ronique Boyer lan\u00e7a luz sobre din\u00e2micas muitas vezes negligenciadas, mas cruciais para a compreens\u00e3o da evolu\u00e7\u00e3o das rela\u00e7\u00f5es de identidade na Amaz\u00f4nia.<\/p>\n<h3>Sobre V\u00e9ronique Boyer<\/h3>\n<p><strong>V\u00e9ronique Boyer<\/strong> \u00e9 uma renomada antrop\u00f3loga especializada na Amaz\u00f4nia brasileira. Diretora de pesquisa no CNRS (UMR Mondes am\u00e9ricains, CNRS-EHESS), ela \u00e9 autora de v\u00e1rias obras de refer\u00eancia, incluindo Femmes et cultes de possession au Br\u00e9sil : les compagnons invisibles (1993) e Expansion \u00e9vang\u00e9lique et migrations en Amazonie br\u00e9silienne : la renaissance des perdants.<\/p>\n<\/div>\n\n\n\n\n\t\t\t<\/div> \n\t\t<\/div>\n\t<\/div> \n<\/div><\/div>","protected":false},"excerpt":{"rendered":"A Universidade da Guiana receber\u00e1 V\u00e9ronique Boyer, antrop\u00f3loga e diretora de pesquisa do CNRS, para uma visita...","protected":false},"author":1,"featured_media":10774,"comment_status":"closed","ping_status":"open","sticky":false,"template":"","format":"standard","meta":{"iawp_total_views":51,"footnotes":""},"categories":[231,192,14,187],"tags":[],"class_list":{"0":"post-10773","1":"post","2":"type-post","3":"status-publish","4":"format-standard","5":"has-post-thumbnail","7":"category-labos","8":"category-leeisa","9":"category-lsh","10":"category-minea"},"yoast_head":"<!-- This site is optimized with the Yoast SEO plugin v27.5 - https:\/\/yoast.com\/product\/yoast-seo-wordpress\/ -->\n<title>S\u00e9minaire : Fronti\u00e8res, Ethnicit\u00e9 et Politiques de Reconnaissance en Amazonie &#8212; Universit\u00e9 de Guyane<\/title>\n<meta name=\"description\" content=\"D\u00e9couvrez l&#039;importance de la reconnaissance officielle des peuples indig\u00e8nes et des communaut\u00e9s quilombolas en Amazonie br\u00e9silienne.\" \/>\n<meta name=\"robots\" content=\"index, follow, max-snippet:-1, max-image-preview:large, max-video-preview:-1\" \/>\n<link rel=\"canonical\" href=\"https:\/\/www.univ-guyane.fr\/pt\/2024\/10\/24\/seminaire-frontieres-ethnicite-et-politiques-de-reconnaissance-en-amazonie\/\" \/>\n<meta property=\"og:locale\" content=\"pt_BR\" \/>\n<meta property=\"og:type\" content=\"article\" \/>\n<meta property=\"og:title\" content=\"S\u00e9minaire : Fronti\u00e8res, Ethnicit\u00e9 et Politiques de Reconnaissance en Amazonie &#8212; Universit\u00e9 de Guyane\" \/>\n<meta property=\"og:description\" content=\"D\u00e9couvrez l&#039;importance de la reconnaissance officielle des peuples indig\u00e8nes et des communaut\u00e9s quilombolas en Amazonie br\u00e9silienne.\" \/>\n<meta property=\"og:url\" content=\"https:\/\/www.univ-guyane.fr\/pt\/2024\/10\/24\/seminaire-frontieres-ethnicite-et-politiques-de-reconnaissance-en-amazonie\/\" \/>\n<meta property=\"og:site_name\" content=\"Universit\u00e9 de Guyane\" \/>\n<meta property=\"article:publisher\" content=\"https:\/\/www.facebook.com\/univguyane\" \/>\n<meta property=\"article:published_time\" content=\"2024-10-24T13:49:31+00:00\" \/>\n<meta property=\"article:modified_time\" content=\"2024-11-12T11:02:19+00:00\" \/>\n<meta property=\"og:image\" content=\"https:\/\/www.univ-guyane.fr\/wp-content\/uploads\/seminaire-Frontieresalter-do-chao-bresil.jpg\" \/>\n\t<meta property=\"og:image:width\" content=\"1920\" \/>\n\t<meta property=\"og:image:height\" content=\"1080\" \/>\n\t<meta property=\"og:image:type\" content=\"image\/jpeg\" \/>\n<meta name=\"author\" content=\"Erick Loiti\u00e8re\" \/>\n<meta name=\"twitter:card\" content=\"summary_large_image\" \/>\n<meta name=\"twitter:creator\" content=\"@univguyane\" \/>\n<meta name=\"twitter:site\" content=\"@univguyane\" \/>\n<meta name=\"twitter:label1\" content=\"Escrito por\" \/>\n\t<meta name=\"twitter:data1\" content=\"Erick Loiti\u00e8re\" \/>\n\t<meta name=\"twitter:label2\" content=\"Est. tempo de leitura\" \/>\n\t<meta name=\"twitter:data2\" content=\"3 minutos\" \/>\n<script type=\"application\/ld+json\" class=\"yoast-schema-graph\">{\"@context\":\"https:\\\/\\\/schema.org\",\"@graph\":[{\"@type\":\"Article\",\"@id\":\"https:\\\/\\\/www.univ-guyane.fr\\\/2024\\\/10\\\/24\\\/seminaire-frontieres-ethnicite-et-politiques-de-reconnaissance-en-amazonie\\\/#article\",\"isPartOf\":{\"@id\":\"https:\\\/\\\/www.univ-guyane.fr\\\/2024\\\/10\\\/24\\\/seminaire-frontieres-ethnicite-et-politiques-de-reconnaissance-en-amazonie\\\/\"},\"author\":{\"name\":\"Erick Loiti\u00e8re\",\"@id\":\"https:\\\/\\\/www.univ-guyane.fr\\\/#\\\/schema\\\/person\\\/86d946a28a8be51bb096ccfdf19db179\"},\"headline\":\"S\u00e9minaire : Fronti\u00e8res, Ethnicit\u00e9 et Politiques de Reconnaissance en Amazonie\",\"datePublished\":\"2024-10-24T13:49:31+00:00\",\"dateModified\":\"2024-11-12T11:02:19+00:00\",\"mainEntityOfPage\":{\"@id\":\"https:\\\/\\\/www.univ-guyane.fr\\\/2024\\\/10\\\/24\\\/seminaire-frontieres-ethnicite-et-politiques-de-reconnaissance-en-amazonie\\\/\"},\"wordCount\":635,\"publisher\":{\"@id\":\"https:\\\/\\\/www.univ-guyane.fr\\\/#organization\"},\"image\":{\"@id\":\"https:\\\/\\\/www.univ-guyane.fr\\\/2024\\\/10\\\/24\\\/seminaire-frontieres-ethnicite-et-politiques-de-reconnaissance-en-amazonie\\\/#primaryimage\"},\"thumbnailUrl\":\"https:\\\/\\\/www.univ-guyane.fr\\\/wp-content\\\/uploads\\\/seminaire-Frontieresalter-do-chao-bresil.jpg\",\"articleSection\":[\"\u2022 Labos\",\"\u2022 LEEISA\",\"\u2022 LSH\",\"\u2022\u00a0MINEA\"],\"inLanguage\":\"pt-BR\"},{\"@type\":\"WebPage\",\"@id\":\"https:\\\/\\\/www.univ-guyane.fr\\\/2024\\\/10\\\/24\\\/seminaire-frontieres-ethnicite-et-politiques-de-reconnaissance-en-amazonie\\\/\",\"url\":\"https:\\\/\\\/www.univ-guyane.fr\\\/2024\\\/10\\\/24\\\/seminaire-frontieres-ethnicite-et-politiques-de-reconnaissance-en-amazonie\\\/\",\"name\":\"S\u00e9minaire : Fronti\u00e8res, Ethnicit\u00e9 et Politiques de Reconnaissance en Amazonie &#8212; Universit\u00e9 de Guyane\",\"isPartOf\":{\"@id\":\"https:\\\/\\\/www.univ-guyane.fr\\\/#website\"},\"primaryImageOfPage\":{\"@id\":\"https:\\\/\\\/www.univ-guyane.fr\\\/2024\\\/10\\\/24\\\/seminaire-frontieres-ethnicite-et-politiques-de-reconnaissance-en-amazonie\\\/#primaryimage\"},\"image\":{\"@id\":\"https:\\\/\\\/www.univ-guyane.fr\\\/2024\\\/10\\\/24\\\/seminaire-frontieres-ethnicite-et-politiques-de-reconnaissance-en-amazonie\\\/#primaryimage\"},\"thumbnailUrl\":\"https:\\\/\\\/www.univ-guyane.fr\\\/wp-content\\\/uploads\\\/seminaire-Frontieresalter-do-chao-bresil.jpg\",\"datePublished\":\"2024-10-24T13:49:31+00:00\",\"dateModified\":\"2024-11-12T11:02:19+00:00\",\"description\":\"D\u00e9couvrez l'importance de la reconnaissance officielle des peuples indig\u00e8nes et des communaut\u00e9s quilombolas en Amazonie br\u00e9silienne.\",\"breadcrumb\":{\"@id\":\"https:\\\/\\\/www.univ-guyane.fr\\\/2024\\\/10\\\/24\\\/seminaire-frontieres-ethnicite-et-politiques-de-reconnaissance-en-amazonie\\\/#breadcrumb\"},\"inLanguage\":\"pt-BR\",\"potentialAction\":[{\"@type\":\"ReadAction\",\"target\":[\"https:\\\/\\\/www.univ-guyane.fr\\\/2024\\\/10\\\/24\\\/seminaire-frontieres-ethnicite-et-politiques-de-reconnaissance-en-amazonie\\\/\"]}]},{\"@type\":\"ImageObject\",\"inLanguage\":\"pt-BR\",\"@id\":\"https:\\\/\\\/www.univ-guyane.fr\\\/2024\\\/10\\\/24\\\/seminaire-frontieres-ethnicite-et-politiques-de-reconnaissance-en-amazonie\\\/#primaryimage\",\"url\":\"https:\\\/\\\/www.univ-guyane.fr\\\/wp-content\\\/uploads\\\/seminaire-Frontieresalter-do-chao-bresil.jpg\",\"contentUrl\":\"https:\\\/\\\/www.univ-guyane.fr\\\/wp-content\\\/uploads\\\/seminaire-Frontieresalter-do-chao-bresil.jpg\",\"width\":1920,\"height\":1080},{\"@type\":\"BreadcrumbList\",\"@id\":\"https:\\\/\\\/www.univ-guyane.fr\\\/2024\\\/10\\\/24\\\/seminaire-frontieres-ethnicite-et-politiques-de-reconnaissance-en-amazonie\\\/#breadcrumb\",\"itemListElement\":[{\"@type\":\"ListItem\",\"position\":1,\"name\":\"Accueil\",\"item\":\"https:\\\/\\\/www.univ-guyane.fr\\\/\"},{\"@type\":\"ListItem\",\"position\":2,\"name\":\"S\u00e9minaire : Fronti\u00e8res, Ethnicit\u00e9 et Politiques de Reconnaissance en Amazonie\"}]},{\"@type\":\"WebSite\",\"@id\":\"https:\\\/\\\/www.univ-guyane.fr\\\/#website\",\"url\":\"https:\\\/\\\/www.univ-guyane.fr\\\/\",\"name\":\"Universit\u00e9 de Guyane\",\"description\":\"Au c\u0153ur de l&#039;amazonie\",\"publisher\":{\"@id\":\"https:\\\/\\\/www.univ-guyane.fr\\\/#organization\"},\"alternateName\":\"UG\",\"potentialAction\":[{\"@type\":\"SearchAction\",\"target\":{\"@type\":\"EntryPoint\",\"urlTemplate\":\"https:\\\/\\\/www.univ-guyane.fr\\\/?s={search_term_string}\"},\"query-input\":{\"@type\":\"PropertyValueSpecification\",\"valueRequired\":true,\"valueName\":\"search_term_string\"}}],\"inLanguage\":\"pt-BR\"},{\"@type\":\"Organization\",\"@id\":\"https:\\\/\\\/www.univ-guyane.fr\\\/#organization\",\"name\":\"Universit\u00e9 de Guyane\",\"alternateName\":\"UG\",\"url\":\"https:\\\/\\\/www.univ-guyane.fr\\\/\",\"logo\":{\"@type\":\"ImageObject\",\"inLanguage\":\"pt-BR\",\"@id\":\"https:\\\/\\\/www.univ-guyane.fr\\\/#\\\/schema\\\/logo\\\/image\\\/\",\"url\":\"https:\\\/\\\/www.univ-guyane.fr\\\/wp-content\\\/uploads\\\/2024\\\/05\\\/f.png\",\"contentUrl\":\"https:\\\/\\\/www.univ-guyane.fr\\\/wp-content\\\/uploads\\\/2024\\\/05\\\/f.png\",\"width\":1024,\"height\":1024,\"caption\":\"Universit\u00e9 de Guyane\"},\"image\":{\"@id\":\"https:\\\/\\\/www.univ-guyane.fr\\\/#\\\/schema\\\/logo\\\/image\\\/\"},\"sameAs\":[\"https:\\\/\\\/www.facebook.com\\\/univguyane\",\"https:\\\/\\\/x.com\\\/univguyane\",\"https:\\\/\\\/gf.linkedin.com\\\/school\\\/universite-de-guyane\\\/\",\"https:\\\/\\\/www.instagram.com\\\/univ_guyane\\\/\"]},{\"@type\":\"Person\",\"@id\":\"https:\\\/\\\/www.univ-guyane.fr\\\/#\\\/schema\\\/person\\\/86d946a28a8be51bb096ccfdf19db179\",\"name\":\"Erick Loiti\u00e8re\",\"image\":{\"@type\":\"ImageObject\",\"inLanguage\":\"pt-BR\",\"@id\":\"https:\\\/\\\/secure.gravatar.com\\\/avatar\\\/0584f332103fbeaf37e52c73b15dca3c547fd9300deb05764e9ad8714839d072?s=96&d=robohash&r=g\",\"url\":\"https:\\\/\\\/secure.gravatar.com\\\/avatar\\\/0584f332103fbeaf37e52c73b15dca3c547fd9300deb05764e9ad8714839d072?s=96&d=robohash&r=g\",\"contentUrl\":\"https:\\\/\\\/secure.gravatar.com\\\/avatar\\\/0584f332103fbeaf37e52c73b15dca3c547fd9300deb05764e9ad8714839d072?s=96&d=robohash&r=g\",\"caption\":\"Erick Loiti\u00e8re\"},\"sameAs\":[\"http:\\\/\\\/www.univ-guyane.fr\"],\"url\":\"https:\\\/\\\/www.univ-guyane.fr\\\/pt\\\/author\\\/eloitierdbz\\\/\"}]}<\/script>\n<!-- \/ Yoast SEO plugin. -->","yoast_head_json":{"title":"Semin\u00e1rio: Fronteiras, etnicidade e pol\u00edticas de reconhecimento na Amaz\u00f4nia - Universit\u00e9 de Guyane","description":"Descubra a import\u00e2ncia do reconhecimento oficial para os povos ind\u00edgenas e as comunidades quilombolas da Amaz\u00f4nia brasileira.","robots":{"index":"index","follow":"follow","max-snippet":"max-snippet:-1","max-image-preview":"max-image-preview:large","max-video-preview":"max-video-preview:-1"},"canonical":"https:\/\/www.univ-guyane.fr\/pt\/2024\/10\/24\/seminaire-frontieres-ethnicite-et-politiques-de-reconnaissance-en-amazonie\/","og_locale":"pt_BR","og_type":"article","og_title":"S\u00e9minaire : Fronti\u00e8res, Ethnicit\u00e9 et Politiques de Reconnaissance en Amazonie &#8212; Universit\u00e9 de Guyane","og_description":"D\u00e9couvrez l'importance de la reconnaissance officielle des peuples indig\u00e8nes et des communaut\u00e9s quilombolas en Amazonie br\u00e9silienne.","og_url":"https:\/\/www.univ-guyane.fr\/pt\/2024\/10\/24\/seminaire-frontieres-ethnicite-et-politiques-de-reconnaissance-en-amazonie\/","og_site_name":"Universit\u00e9 de Guyane","article_publisher":"https:\/\/www.facebook.com\/univguyane","article_published_time":"2024-10-24T13:49:31+00:00","article_modified_time":"2024-11-12T11:02:19+00:00","og_image":[{"width":1920,"height":1080,"url":"https:\/\/www.univ-guyane.fr\/wp-content\/uploads\/seminaire-Frontieresalter-do-chao-bresil.jpg","type":"image\/jpeg"}],"author":"Erick Loiti\u00e8re","twitter_card":"summary_large_image","twitter_creator":"@univguyane","twitter_site":"@univguyane","twitter_misc":{"Escrito por":"Erick Loiti\u00e8re","Est. tempo de leitura":"3 minutos"},"schema":{"@context":"https:\/\/schema.org","@graph":[{"@type":"Article","@id":"https:\/\/www.univ-guyane.fr\/2024\/10\/24\/seminaire-frontieres-ethnicite-et-politiques-de-reconnaissance-en-amazonie\/#article","isPartOf":{"@id":"https:\/\/www.univ-guyane.fr\/2024\/10\/24\/seminaire-frontieres-ethnicite-et-politiques-de-reconnaissance-en-amazonie\/"},"author":{"name":"Erick Loiti\u00e8re","@id":"https:\/\/www.univ-guyane.fr\/#\/schema\/person\/86d946a28a8be51bb096ccfdf19db179"},"headline":"S\u00e9minaire : Fronti\u00e8res, Ethnicit\u00e9 et Politiques de Reconnaissance en Amazonie","datePublished":"2024-10-24T13:49:31+00:00","dateModified":"2024-11-12T11:02:19+00:00","mainEntityOfPage":{"@id":"https:\/\/www.univ-guyane.fr\/2024\/10\/24\/seminaire-frontieres-ethnicite-et-politiques-de-reconnaissance-en-amazonie\/"},"wordCount":635,"publisher":{"@id":"https:\/\/www.univ-guyane.fr\/#organization"},"image":{"@id":"https:\/\/www.univ-guyane.fr\/2024\/10\/24\/seminaire-frontieres-ethnicite-et-politiques-de-reconnaissance-en-amazonie\/#primaryimage"},"thumbnailUrl":"https:\/\/www.univ-guyane.fr\/wp-content\/uploads\/seminaire-Frontieresalter-do-chao-bresil.jpg","articleSection":["\u2022 Labos","\u2022 LEEISA","\u2022 LSH","\u2022\u00a0MINEA"],"inLanguage":"pt-BR"},{"@type":"WebPage","@id":"https:\/\/www.univ-guyane.fr\/2024\/10\/24\/seminaire-frontieres-ethnicite-et-politiques-de-reconnaissance-en-amazonie\/","url":"https:\/\/www.univ-guyane.fr\/2024\/10\/24\/seminaire-frontieres-ethnicite-et-politiques-de-reconnaissance-en-amazonie\/","name":"Semin\u00e1rio: Fronteiras, etnicidade e pol\u00edticas de reconhecimento na Amaz\u00f4nia - Universit\u00e9 de Guyane","isPartOf":{"@id":"https:\/\/www.univ-guyane.fr\/#website"},"primaryImageOfPage":{"@id":"https:\/\/www.univ-guyane.fr\/2024\/10\/24\/seminaire-frontieres-ethnicite-et-politiques-de-reconnaissance-en-amazonie\/#primaryimage"},"image":{"@id":"https:\/\/www.univ-guyane.fr\/2024\/10\/24\/seminaire-frontieres-ethnicite-et-politiques-de-reconnaissance-en-amazonie\/#primaryimage"},"thumbnailUrl":"https:\/\/www.univ-guyane.fr\/wp-content\/uploads\/seminaire-Frontieresalter-do-chao-bresil.jpg","datePublished":"2024-10-24T13:49:31+00:00","dateModified":"2024-11-12T11:02:19+00:00","description":"Descubra a import\u00e2ncia do reconhecimento oficial para os povos ind\u00edgenas e as comunidades quilombolas da Amaz\u00f4nia brasileira.","breadcrumb":{"@id":"https:\/\/www.univ-guyane.fr\/2024\/10\/24\/seminaire-frontieres-ethnicite-et-politiques-de-reconnaissance-en-amazonie\/#breadcrumb"},"inLanguage":"pt-BR","potentialAction":[{"@type":"ReadAction","target":["https:\/\/www.univ-guyane.fr\/2024\/10\/24\/seminaire-frontieres-ethnicite-et-politiques-de-reconnaissance-en-amazonie\/"]}]},{"@type":"ImageObject","inLanguage":"pt-BR","@id":"https:\/\/www.univ-guyane.fr\/2024\/10\/24\/seminaire-frontieres-ethnicite-et-politiques-de-reconnaissance-en-amazonie\/#primaryimage","url":"https:\/\/www.univ-guyane.fr\/wp-content\/uploads\/seminaire-Frontieresalter-do-chao-bresil.jpg","contentUrl":"https:\/\/www.univ-guyane.fr\/wp-content\/uploads\/seminaire-Frontieresalter-do-chao-bresil.jpg","width":1920,"height":1080},{"@type":"BreadcrumbList","@id":"https:\/\/www.univ-guyane.fr\/2024\/10\/24\/seminaire-frontieres-ethnicite-et-politiques-de-reconnaissance-en-amazonie\/#breadcrumb","itemListElement":[{"@type":"ListItem","position":1,"name":"Accueil","item":"https:\/\/www.univ-guyane.fr\/"},{"@type":"ListItem","position":2,"name":"S\u00e9minaire : Fronti\u00e8res, Ethnicit\u00e9 et Politiques de Reconnaissance en Amazonie"}]},{"@type":"WebSite","@id":"https:\/\/www.univ-guyane.fr\/#website","url":"https:\/\/www.univ-guyane.fr\/","name":"Universidade da Guiana","description":"No cora\u00e7\u00e3o da Amaz\u00f4nia","publisher":{"@id":"https:\/\/www.univ-guyane.fr\/#organization"},"alternateName":"UG","potentialAction":[{"@type":"SearchAction","target":{"@type":"EntryPoint","urlTemplate":"https:\/\/www.univ-guyane.fr\/?s={search_term_string}"},"query-input":{"@type":"PropertyValueSpecification","valueRequired":true,"valueName":"search_term_string"}}],"inLanguage":"pt-BR"},{"@type":"Organization","@id":"https:\/\/www.univ-guyane.fr\/#organization","name":"Universidade da Guiana","alternateName":"UG","url":"https:\/\/www.univ-guyane.fr\/","logo":{"@type":"ImageObject","inLanguage":"pt-BR","@id":"https:\/\/www.univ-guyane.fr\/#\/schema\/logo\/image\/","url":"https:\/\/www.univ-guyane.fr\/wp-content\/uploads\/2024\/05\/f.png","contentUrl":"https:\/\/www.univ-guyane.fr\/wp-content\/uploads\/2024\/05\/f.png","width":1024,"height":1024,"caption":"Universit\u00e9 de Guyane"},"image":{"@id":"https:\/\/www.univ-guyane.fr\/#\/schema\/logo\/image\/"},"sameAs":["https:\/\/www.facebook.com\/univguyane","https:\/\/x.com\/univguyane","https:\/\/gf.linkedin.com\/school\/universite-de-guyane\/","https:\/\/www.instagram.com\/univ_guyane\/"]},{"@type":"Person","@id":"https:\/\/www.univ-guyane.fr\/#\/schema\/person\/86d946a28a8be51bb096ccfdf19db179","name":"Erick Loiti\u00e8re","image":{"@type":"ImageObject","inLanguage":"pt-BR","@id":"https:\/\/secure.gravatar.com\/avatar\/0584f332103fbeaf37e52c73b15dca3c547fd9300deb05764e9ad8714839d072?s=96&d=robohash&r=g","url":"https:\/\/secure.gravatar.com\/avatar\/0584f332103fbeaf37e52c73b15dca3c547fd9300deb05764e9ad8714839d072?s=96&d=robohash&r=g","contentUrl":"https:\/\/secure.gravatar.com\/avatar\/0584f332103fbeaf37e52c73b15dca3c547fd9300deb05764e9ad8714839d072?s=96&d=robohash&r=g","caption":"Erick Loiti\u00e8re"},"sameAs":["http:\/\/www.univ-guyane.fr"],"url":"https:\/\/www.univ-guyane.fr\/pt\/author\/eloitierdbz\/"}]}},"_links":{"self":[{"href":"https:\/\/www.univ-guyane.fr\/pt\/wp-json\/wp\/v2\/posts\/10773","targetHints":{"allow":["GET"]}}],"collection":[{"href":"https:\/\/www.univ-guyane.fr\/pt\/wp-json\/wp\/v2\/posts"}],"about":[{"href":"https:\/\/www.univ-guyane.fr\/pt\/wp-json\/wp\/v2\/types\/post"}],"author":[{"embeddable":true,"href":"https:\/\/www.univ-guyane.fr\/pt\/wp-json\/wp\/v2\/users\/1"}],"replies":[{"embeddable":true,"href":"https:\/\/www.univ-guyane.fr\/pt\/wp-json\/wp\/v2\/comments?post=10773"}],"version-history":[{"count":3,"href":"https:\/\/www.univ-guyane.fr\/pt\/wp-json\/wp\/v2\/posts\/10773\/revisions"}],"predecessor-version":[{"id":10824,"href":"https:\/\/www.univ-guyane.fr\/pt\/wp-json\/wp\/v2\/posts\/10773\/revisions\/10824"}],"wp:featuredmedia":[{"embeddable":true,"href":"https:\/\/www.univ-guyane.fr\/pt\/wp-json\/wp\/v2\/media\/10774"}],"wp:attachment":[{"href":"https:\/\/www.univ-guyane.fr\/pt\/wp-json\/wp\/v2\/media?parent=10773"}],"wp:term":[{"taxonomy":"category","embeddable":true,"href":"https:\/\/www.univ-guyane.fr\/pt\/wp-json\/wp\/v2\/categories?post=10773"},{"taxonomy":"post_tag","embeddable":true,"href":"https:\/\/www.univ-guyane.fr\/pt\/wp-json\/wp\/v2\/tags?post=10773"}],"curies":[{"name":"wp","href":"https:\/\/api.w.org\/{rel}","templated":true}]}}