{"id":11988,"date":"2025-01-16T23:30:30","date_gmt":"2025-01-17T02:30:30","guid":{"rendered":"https:\/\/www.univ-guyane.fr\/?p=11988"},"modified":"2025-01-21T14:33:01","modified_gmt":"2025-01-21T17:33:01","slug":"decouvre-luniversite-de-guyane-lors-de-sa-journee-portes-ouvertes","status":"publish","type":"post","link":"https:\/\/www.univ-guyane.fr\/pt\/2025\/01\/16\/decouvre-luniversite-de-guyane-lors-de-sa-journee-portes-ouvertes\/","title":{"rendered":"Descubra a Universidade da Guiana em seu Dia Aberto"},"content":{"rendered":"<div id=\"fws_69f3981d26c3b\"  data-column-margin=\"default\" data-midnight=\"dark\"  class=\"wpb_row vc_row-fluid vc_row\"  style=\"padding-top: 0px; padding-bottom: 0px; \"><div class=\"row-bg-wrap\" data-bg-animation=\"none\" data-bg-animation-delay=\"\" data-bg-overlay=\"false\"><div class=\"inner-wrap row-bg-layer\" ><div class=\"row-bg viewport-desktop\"  style=\"\"><\/div><\/div><\/div><div class=\"row_col_wrap_12 col span_12 dark left\">\n\t<div  class=\"vc_col-sm-12 wpb_column column_container vc_column_container col no-extra-padding inherit_tablet inherit_phone\"  data-padding-pos=\"all\" data-has-bg-color=\"false\" data-bg-color=\"\" data-bg-opacity=\"1\" data-animation=\"\" data-delay=\"0\" >\n\t\t<div class=\"vc_column-inner\" >\n\t\t\t<div class=\"wpb_wrapper\">\n\t\t\t\t\n<div class=\"wpb_text_column wpb_content_element  chapo\" >\n\t<h2>Voc\u00ea \u00e9 estudante do ensino m\u00e9dio ou universit\u00e1rio, ou simplesmente est\u00e1 curioso para saber mais sobre a Universidade da Guiana Francesa? Em 7 de fevereiro de 2025, a Universidade da Guiana Francesa abrir\u00e1 suas portas para voc\u00ea em seus dois campi em Caiena (Campus Troubiran) e Kourou (Campus Bois-Chaudat).<\/h2>\n<\/div>\n\n\n\n\n<div class=\"wpb_text_column wpb_content_element\" >\n\t<p>Esse dia excepcional \u00e9 a oportunidade perfeita para conhecer o cora\u00e7\u00e3o da vida universit\u00e1ria, explorar nossos cursos e conhecer as pessoas que fazem a nossa comunidade vibrar.<\/p>\n<h4>Campus Troubiran - Cayenne: um dia cheio de descobertas!<\/h4>\n<p><em>Manh\u00e3 (das 10h \u00e0s 12h30)<\/em><br \/>\n<strong>Boas-vindas personalizadas: <\/strong>Fique no Edif\u00edcio C com folhetos, pulseiras e itens de boas-vindas.<br \/>\n<strong>Workshops tem\u00e1ticos:<\/strong> Orienta\u00e7\u00e3o, sa\u00fade mental e depoimentos de alunos em salas exclusivas.<br \/>\n<strong>Suportes de informa\u00e7\u00f5es:<\/strong> Saiba mais sobre nossos cursos, servi\u00e7os universit\u00e1rios e oportunidades de imers\u00e3o.<\/p>\n<p><em>O dia todo (das 10h30 \u00e0s 18h)<\/em><br \/>\n<strong>Passeios interativos pelo campus:<\/strong> Sa\u00eddas a cada 40 minutos para explorar nossos locais ic\u00f4nicos.<br \/>\n<strong>Eventos estudantis:<\/strong> Quizzes, jogos (forca, mem\u00f3ria) e atividades da associa\u00e7\u00e3o de alunos.<\/p>\n<p><em>Tarde (14h00 - 18h00)<\/em><br \/>\n<strong>Atividades culturais e esportivas :<\/strong> Torneios de jogos de tabuleiro (UNO, domin\u00f3), percuss\u00e3o, dan\u00e7a e atividades esportivas para todos.<\/p>\n<h4>Campus Bois-Chaudat - Kourou: workshops imersivos!<\/h4>\n<p><em>Manh\u00e3 (8h30 - 11h30)<\/em><br \/>\n<strong>Explorar os setores t\u00e9cnico e terci\u00e1rio<\/strong><\/p>\n<ul>\n<li>Engenharia El\u00e9trica e Computa\u00e7\u00e3o Industrial (GEII) : Rob\u00f3tica, energia e eletr\u00f4nica.<\/li>\n<li>Engenharia Civil e Constru\u00e7\u00e3o Sustent\u00e1vel (GCCD): Materiais de constru\u00e7\u00e3o, maquetes digitais e energia de constru\u00e7\u00e3o.<\/li>\n<li>R\u00e9seaux et T\u00e9l\u00e9coms (RT): telecomunica\u00e7\u00f5es, redes e TI.<\/li>\n<li>T\u00e9cnicas de marketing (TC): marketing digital, recursos biol\u00f3gicos e intelig\u00eancia artificial.<\/li>\n<li>Communication des Organisations (CS): imers\u00e3o profissional e apresenta\u00e7\u00e3o do curso.<\/li>\n<\/ul>\n<p><em>Tarde (12h30 - 15h30)<\/em><br \/>\n<strong>Demonstra\u00e7\u00f5es pr\u00e1ticas e workshops interativos:<\/strong> \u00c9 a maneira ideal de saber mais sobre as carreiras para as quais nossos cursos o preparam.<\/p>\n<h3>Atividades e descobertas durante todo o dia<\/h3>\n<p>Durante o dia, aproveite as diversas atividades oferecidas para explorar o campus e descobrir a vida estudantil:<br \/>\n- Passeios interativos pelo campus: sa\u00eddas a cada 40 minutos para uma imers\u00e3o divertida em nossos espa\u00e7os emblem\u00e1ticos.<br \/>\n- Estandes de informa\u00e7\u00f5es (pr\u00e9dio E): Converse com nossas equipes sobre a vida universit\u00e1ria e informe-se sobre oportunidades de imers\u00e3o durante as f\u00e9rias escolares.<br \/>\nAtividades interativas tamb\u00e9m ser\u00e3o realizadas em \u00e1reas espec\u00edficas entre 10h30 e 13h, incluindo testes animados, jogos de forca, jogos de mem\u00f3ria e muito mais. Associa\u00e7\u00f5es de estudantes estar\u00e3o \u00e0 disposi\u00e7\u00e3o para animar o dia no p\u00e1tio.<\/p>\n<h3>Uma tarde de cultura e esporte<\/h3>\n<p>Depois de um almo\u00e7o de confraterniza\u00e7\u00e3o na cafeteria ou no restaurante da universidade, junte-se a n\u00f3s a partir das 14h para atividades culturais e interativas.<br \/>\nTorneios de UNO, domin\u00f3, tambores, dan\u00e7as e outras atividades esportivas marcar\u00e3o o ritmo da tarde. Voc\u00ea tamb\u00e9m pode saber mais sobre nossos cursos em um ponto de informa\u00e7\u00f5es programado entre 16h e 18h.<\/p>\n<h3>Um dia imperd\u00edvel<\/h3>\n<p>Se voc\u00ea deseja fazer perguntas, planejar seu futuro ou simplesmente desfrutar de um dia de descobertas, este Open Day \u00e9 para voc\u00ea. Venha conhecer nossos alunos, professores e funcion\u00e1rios e compartilhe um momento de conv\u00edvio e interc\u00e2mbio.<\/p>\n<h3><strong>Vejo voc\u00ea na sexta-feira, 7 de fevereiro de 2025, nos campi da UG!\u00a0<\/strong><\/h3>\n<p>Um dia criado s\u00f3 para voc\u00ea, cheio de descobertas, encontros e interc\u00e2mbios. Venha e imagine seu futuro na Universidade da Guiana!<\/p>\n<p>Esperamos ver muitos de voc\u00eas l\u00e1 para fazer deste um evento memor\u00e1vel!<\/p>\n<\/div>\n\n\n\n\n\t\t\t<\/div> \n\t\t<\/div>\n\t<\/div> \n<\/div><\/div>","protected":false},"excerpt":{"rendered":"Voc\u00ea \u00e9 um estudante do ensino m\u00e9dio ou universit\u00e1rio, ou simplesmente est\u00e1 curioso para saber mais sobre a Universidade da Guiana Francesa? No dia 7...","protected":false},"author":1,"featured_media":11996,"comment_status":"closed","ping_status":"open","sticky":false,"template":"","format":"standard","meta":{"iawp_total_views":198,"footnotes":""},"categories":[156,1],"tags":[],"class_list":{"0":"post-11988","1":"post","2":"type-post","3":"status-publish","4":"format-standard","5":"has-post-thumbnail","7":"category-campus","8":"category-non-classe"},"yoast_head":"<!-- This site is optimized with the Yoast SEO plugin v27.5 - https:\/\/yoast.com\/product\/yoast-seo-wordpress\/ -->\n<title>D\u00e9couvre l\u2019Universit\u00e9 de Guyane lors de sa Journ\u00e9e Portes Ouvertes &#8212; Universit\u00e9 de Guyane<\/title>\n<meta name=\"description\" content=\"Vous \u00eates lyc\u00e9en, \u00e9tudiant, ou simplement curieux de d\u00e9couvrir l\u2019Universit\u00e9 de Guyane ? Ne manquez pas notre Journ\u00e9e Portes Ouvertes\" \/>\n<meta name=\"robots\" content=\"index, follow, max-snippet:-1, max-image-preview:large, max-video-preview:-1\" \/>\n<link rel=\"canonical\" href=\"https:\/\/www.univ-guyane.fr\/pt\/2025\/01\/16\/decouvre-luniversite-de-guyane-lors-de-sa-journee-portes-ouvertes\/\" \/>\n<meta property=\"og:locale\" content=\"pt_BR\" \/>\n<meta property=\"og:type\" content=\"article\" \/>\n<meta property=\"og:title\" content=\"D\u00e9couvre l\u2019Universit\u00e9 de Guyane lors de sa Journ\u00e9e Portes Ouvertes &#8212; Universit\u00e9 de Guyane\" \/>\n<meta property=\"og:description\" content=\"Vous \u00eates lyc\u00e9en, \u00e9tudiant, ou simplement curieux de d\u00e9couvrir l\u2019Universit\u00e9 de Guyane ? Ne manquez pas notre Journ\u00e9e Portes Ouvertes\" \/>\n<meta property=\"og:url\" content=\"https:\/\/www.univ-guyane.fr\/pt\/2025\/01\/16\/decouvre-luniversite-de-guyane-lors-de-sa-journee-portes-ouvertes\/\" \/>\n<meta property=\"og:site_name\" content=\"Universit\u00e9 de Guyane\" \/>\n<meta property=\"article:publisher\" content=\"https:\/\/www.facebook.com\/univguyane\" \/>\n<meta property=\"article:published_time\" content=\"2025-01-17T02:30:30+00:00\" \/>\n<meta property=\"article:modified_time\" content=\"2025-01-21T17:33:01+00:00\" \/>\n<meta property=\"og:image\" content=\"https:\/\/www.univ-guyane.fr\/wp-content\/uploads\/jpo-1.jpg\" \/>\n\t<meta property=\"og:image:width\" content=\"1920\" \/>\n\t<meta property=\"og:image:height\" content=\"1080\" \/>\n\t<meta property=\"og:image:type\" content=\"image\/jpeg\" \/>\n<meta name=\"author\" content=\"Erick Loiti\u00e8re\" \/>\n<meta name=\"twitter:card\" content=\"summary_large_image\" \/>\n<meta name=\"twitter:creator\" content=\"@univguyane\" \/>\n<meta name=\"twitter:site\" content=\"@univguyane\" \/>\n<meta name=\"twitter:label1\" content=\"Escrito por\" \/>\n\t<meta name=\"twitter:data1\" content=\"Erick Loiti\u00e8re\" \/>\n\t<meta name=\"twitter:label2\" content=\"Est. tempo de leitura\" \/>\n\t<meta name=\"twitter:data2\" content=\"3 minutos\" \/>\n<script type=\"application\/ld+json\" class=\"yoast-schema-graph\">{\"@context\":\"https:\\\/\\\/schema.org\",\"@graph\":[{\"@type\":\"Article\",\"@id\":\"https:\\\/\\\/www.univ-guyane.fr\\\/2025\\\/01\\\/16\\\/decouvre-luniversite-de-guyane-lors-de-sa-journee-portes-ouvertes\\\/#article\",\"isPartOf\":{\"@id\":\"https:\\\/\\\/www.univ-guyane.fr\\\/2025\\\/01\\\/16\\\/decouvre-luniversite-de-guyane-lors-de-sa-journee-portes-ouvertes\\\/\"},\"author\":{\"name\":\"Erick Loiti\u00e8re\",\"@id\":\"https:\\\/\\\/www.univ-guyane.fr\\\/#\\\/schema\\\/person\\\/86d946a28a8be51bb096ccfdf19db179\"},\"headline\":\"D\u00e9couvre l\u2019Universit\u00e9 de Guyane lors de sa Journ\u00e9e Portes Ouvertes\",\"datePublished\":\"2025-01-17T02:30:30+00:00\",\"dateModified\":\"2025-01-21T17:33:01+00:00\",\"mainEntityOfPage\":{\"@id\":\"https:\\\/\\\/www.univ-guyane.fr\\\/2025\\\/01\\\/16\\\/decouvre-luniversite-de-guyane-lors-de-sa-journee-portes-ouvertes\\\/\"},\"wordCount\":777,\"publisher\":{\"@id\":\"https:\\\/\\\/www.univ-guyane.fr\\\/#organization\"},\"image\":{\"@id\":\"https:\\\/\\\/www.univ-guyane.fr\\\/2025\\\/01\\\/16\\\/decouvre-luniversite-de-guyane-lors-de-sa-journee-portes-ouvertes\\\/#primaryimage\"},\"thumbnailUrl\":\"https:\\\/\\\/www.univ-guyane.fr\\\/wp-content\\\/uploads\\\/jpo-1.jpg\",\"articleSection\":[\"\u2022\u00a0Campus\",\"Non class\u00e9\"],\"inLanguage\":\"pt-BR\"},{\"@type\":\"WebPage\",\"@id\":\"https:\\\/\\\/www.univ-guyane.fr\\\/2025\\\/01\\\/16\\\/decouvre-luniversite-de-guyane-lors-de-sa-journee-portes-ouvertes\\\/\",\"url\":\"https:\\\/\\\/www.univ-guyane.fr\\\/2025\\\/01\\\/16\\\/decouvre-luniversite-de-guyane-lors-de-sa-journee-portes-ouvertes\\\/\",\"name\":\"D\u00e9couvre l\u2019Universit\u00e9 de Guyane lors de sa Journ\u00e9e Portes Ouvertes &#8212; Universit\u00e9 de Guyane\",\"isPartOf\":{\"@id\":\"https:\\\/\\\/www.univ-guyane.fr\\\/#website\"},\"primaryImageOfPage\":{\"@id\":\"https:\\\/\\\/www.univ-guyane.fr\\\/2025\\\/01\\\/16\\\/decouvre-luniversite-de-guyane-lors-de-sa-journee-portes-ouvertes\\\/#primaryimage\"},\"image\":{\"@id\":\"https:\\\/\\\/www.univ-guyane.fr\\\/2025\\\/01\\\/16\\\/decouvre-luniversite-de-guyane-lors-de-sa-journee-portes-ouvertes\\\/#primaryimage\"},\"thumbnailUrl\":\"https:\\\/\\\/www.univ-guyane.fr\\\/wp-content\\\/uploads\\\/jpo-1.jpg\",\"datePublished\":\"2025-01-17T02:30:30+00:00\",\"dateModified\":\"2025-01-21T17:33:01+00:00\",\"description\":\"Vous \u00eates lyc\u00e9en, \u00e9tudiant, ou simplement curieux de d\u00e9couvrir l\u2019Universit\u00e9 de Guyane ? Ne manquez pas notre Journ\u00e9e Portes Ouvertes\",\"breadcrumb\":{\"@id\":\"https:\\\/\\\/www.univ-guyane.fr\\\/2025\\\/01\\\/16\\\/decouvre-luniversite-de-guyane-lors-de-sa-journee-portes-ouvertes\\\/#breadcrumb\"},\"inLanguage\":\"pt-BR\",\"potentialAction\":[{\"@type\":\"ReadAction\",\"target\":[\"https:\\\/\\\/www.univ-guyane.fr\\\/2025\\\/01\\\/16\\\/decouvre-luniversite-de-guyane-lors-de-sa-journee-portes-ouvertes\\\/\"]}]},{\"@type\":\"ImageObject\",\"inLanguage\":\"pt-BR\",\"@id\":\"https:\\\/\\\/www.univ-guyane.fr\\\/2025\\\/01\\\/16\\\/decouvre-luniversite-de-guyane-lors-de-sa-journee-portes-ouvertes\\\/#primaryimage\",\"url\":\"https:\\\/\\\/www.univ-guyane.fr\\\/wp-content\\\/uploads\\\/jpo-1.jpg\",\"contentUrl\":\"https:\\\/\\\/www.univ-guyane.fr\\\/wp-content\\\/uploads\\\/jpo-1.jpg\",\"width\":1920,\"height\":1080,\"caption\":\"Lyc\u00e9ens pr\u00e9sents devant un stand d'information lors de la JPO \u00e0 l'Universit\u00e9 de guyane\"},{\"@type\":\"BreadcrumbList\",\"@id\":\"https:\\\/\\\/www.univ-guyane.fr\\\/2025\\\/01\\\/16\\\/decouvre-luniversite-de-guyane-lors-de-sa-journee-portes-ouvertes\\\/#breadcrumb\",\"itemListElement\":[{\"@type\":\"ListItem\",\"position\":1,\"name\":\"Accueil\",\"item\":\"https:\\\/\\\/www.univ-guyane.fr\\\/\"},{\"@type\":\"ListItem\",\"position\":2,\"name\":\"D\u00e9couvre l\u2019Universit\u00e9 de Guyane lors de sa Journ\u00e9e Portes Ouvertes\"}]},{\"@type\":\"WebSite\",\"@id\":\"https:\\\/\\\/www.univ-guyane.fr\\\/#website\",\"url\":\"https:\\\/\\\/www.univ-guyane.fr\\\/\",\"name\":\"Universit\u00e9 de Guyane\",\"description\":\"Au c\u0153ur de l&#039;amazonie\",\"publisher\":{\"@id\":\"https:\\\/\\\/www.univ-guyane.fr\\\/#organization\"},\"alternateName\":\"UG\",\"potentialAction\":[{\"@type\":\"SearchAction\",\"target\":{\"@type\":\"EntryPoint\",\"urlTemplate\":\"https:\\\/\\\/www.univ-guyane.fr\\\/?s={search_term_string}\"},\"query-input\":{\"@type\":\"PropertyValueSpecification\",\"valueRequired\":true,\"valueName\":\"search_term_string\"}}],\"inLanguage\":\"pt-BR\"},{\"@type\":\"Organization\",\"@id\":\"https:\\\/\\\/www.univ-guyane.fr\\\/#organization\",\"name\":\"Universit\u00e9 de Guyane\",\"alternateName\":\"UG\",\"url\":\"https:\\\/\\\/www.univ-guyane.fr\\\/\",\"logo\":{\"@type\":\"ImageObject\",\"inLanguage\":\"pt-BR\",\"@id\":\"https:\\\/\\\/www.univ-guyane.fr\\\/#\\\/schema\\\/logo\\\/image\\\/\",\"url\":\"https:\\\/\\\/www.univ-guyane.fr\\\/wp-content\\\/uploads\\\/2024\\\/05\\\/f.png\",\"contentUrl\":\"https:\\\/\\\/www.univ-guyane.fr\\\/wp-content\\\/uploads\\\/2024\\\/05\\\/f.png\",\"width\":1024,\"height\":1024,\"caption\":\"Universit\u00e9 de Guyane\"},\"image\":{\"@id\":\"https:\\\/\\\/www.univ-guyane.fr\\\/#\\\/schema\\\/logo\\\/image\\\/\"},\"sameAs\":[\"https:\\\/\\\/www.facebook.com\\\/univguyane\",\"https:\\\/\\\/x.com\\\/univguyane\",\"https:\\\/\\\/gf.linkedin.com\\\/school\\\/universite-de-guyane\\\/\",\"https:\\\/\\\/www.instagram.com\\\/univ_guyane\\\/\"]},{\"@type\":\"Person\",\"@id\":\"https:\\\/\\\/www.univ-guyane.fr\\\/#\\\/schema\\\/person\\\/86d946a28a8be51bb096ccfdf19db179\",\"name\":\"Erick Loiti\u00e8re\",\"image\":{\"@type\":\"ImageObject\",\"inLanguage\":\"pt-BR\",\"@id\":\"https:\\\/\\\/secure.gravatar.com\\\/avatar\\\/0584f332103fbeaf37e52c73b15dca3c547fd9300deb05764e9ad8714839d072?s=96&d=robohash&r=g\",\"url\":\"https:\\\/\\\/secure.gravatar.com\\\/avatar\\\/0584f332103fbeaf37e52c73b15dca3c547fd9300deb05764e9ad8714839d072?s=96&d=robohash&r=g\",\"contentUrl\":\"https:\\\/\\\/secure.gravatar.com\\\/avatar\\\/0584f332103fbeaf37e52c73b15dca3c547fd9300deb05764e9ad8714839d072?s=96&d=robohash&r=g\",\"caption\":\"Erick Loiti\u00e8re\"},\"sameAs\":[\"http:\\\/\\\/www.univ-guyane.fr\"],\"url\":\"https:\\\/\\\/www.univ-guyane.fr\\\/pt\\\/author\\\/eloitierdbz\\\/\"}]}<\/script>\n<!-- \/ Yoast SEO plugin. -->","yoast_head_json":{"title":"D\u00e9couvre l\u2019Universit\u00e9 de Guyane lors de sa Journ\u00e9e Portes Ouvertes &#8212; Universit\u00e9 de Guyane","description":"Vous \u00eates lyc\u00e9en, \u00e9tudiant, ou simplement curieux de d\u00e9couvrir l\u2019Universit\u00e9 de Guyane ? Ne manquez pas notre Journ\u00e9e Portes Ouvertes","robots":{"index":"index","follow":"follow","max-snippet":"max-snippet:-1","max-image-preview":"max-image-preview:large","max-video-preview":"max-video-preview:-1"},"canonical":"https:\/\/www.univ-guyane.fr\/pt\/2025\/01\/16\/decouvre-luniversite-de-guyane-lors-de-sa-journee-portes-ouvertes\/","og_locale":"pt_BR","og_type":"article","og_title":"D\u00e9couvre l\u2019Universit\u00e9 de Guyane lors de sa Journ\u00e9e Portes Ouvertes &#8212; Universit\u00e9 de Guyane","og_description":"Vous \u00eates lyc\u00e9en, \u00e9tudiant, ou simplement curieux de d\u00e9couvrir l\u2019Universit\u00e9 de Guyane ? Ne manquez pas notre Journ\u00e9e Portes Ouvertes","og_url":"https:\/\/www.univ-guyane.fr\/pt\/2025\/01\/16\/decouvre-luniversite-de-guyane-lors-de-sa-journee-portes-ouvertes\/","og_site_name":"Universit\u00e9 de Guyane","article_publisher":"https:\/\/www.facebook.com\/univguyane","article_published_time":"2025-01-17T02:30:30+00:00","article_modified_time":"2025-01-21T17:33:01+00:00","og_image":[{"width":1920,"height":1080,"url":"https:\/\/www.univ-guyane.fr\/wp-content\/uploads\/jpo-1.jpg","type":"image\/jpeg"}],"author":"Erick Loiti\u00e8re","twitter_card":"summary_large_image","twitter_creator":"@univguyane","twitter_site":"@univguyane","twitter_misc":{"Escrito por":"Erick Loiti\u00e8re","Est. tempo de leitura":"3 minutos"},"schema":{"@context":"https:\/\/schema.org","@graph":[{"@type":"Article","@id":"https:\/\/www.univ-guyane.fr\/2025\/01\/16\/decouvre-luniversite-de-guyane-lors-de-sa-journee-portes-ouvertes\/#article","isPartOf":{"@id":"https:\/\/www.univ-guyane.fr\/2025\/01\/16\/decouvre-luniversite-de-guyane-lors-de-sa-journee-portes-ouvertes\/"},"author":{"name":"Erick Loiti\u00e8re","@id":"https:\/\/www.univ-guyane.fr\/#\/schema\/person\/86d946a28a8be51bb096ccfdf19db179"},"headline":"D\u00e9couvre l\u2019Universit\u00e9 de Guyane lors de sa Journ\u00e9e Portes Ouvertes","datePublished":"2025-01-17T02:30:30+00:00","dateModified":"2025-01-21T17:33:01+00:00","mainEntityOfPage":{"@id":"https:\/\/www.univ-guyane.fr\/2025\/01\/16\/decouvre-luniversite-de-guyane-lors-de-sa-journee-portes-ouvertes\/"},"wordCount":777,"publisher":{"@id":"https:\/\/www.univ-guyane.fr\/#organization"},"image":{"@id":"https:\/\/www.univ-guyane.fr\/2025\/01\/16\/decouvre-luniversite-de-guyane-lors-de-sa-journee-portes-ouvertes\/#primaryimage"},"thumbnailUrl":"https:\/\/www.univ-guyane.fr\/wp-content\/uploads\/jpo-1.jpg","articleSection":["\u2022\u00a0Campus","Non class\u00e9"],"inLanguage":"pt-BR"},{"@type":"WebPage","@id":"https:\/\/www.univ-guyane.fr\/2025\/01\/16\/decouvre-luniversite-de-guyane-lors-de-sa-journee-portes-ouvertes\/","url":"https:\/\/www.univ-guyane.fr\/2025\/01\/16\/decouvre-luniversite-de-guyane-lors-de-sa-journee-portes-ouvertes\/","name":"D\u00e9couvre l\u2019Universit\u00e9 de Guyane lors de sa Journ\u00e9e Portes Ouvertes &#8212; Universit\u00e9 de Guyane","isPartOf":{"@id":"https:\/\/www.univ-guyane.fr\/#website"},"primaryImageOfPage":{"@id":"https:\/\/www.univ-guyane.fr\/2025\/01\/16\/decouvre-luniversite-de-guyane-lors-de-sa-journee-portes-ouvertes\/#primaryimage"},"image":{"@id":"https:\/\/www.univ-guyane.fr\/2025\/01\/16\/decouvre-luniversite-de-guyane-lors-de-sa-journee-portes-ouvertes\/#primaryimage"},"thumbnailUrl":"https:\/\/www.univ-guyane.fr\/wp-content\/uploads\/jpo-1.jpg","datePublished":"2025-01-17T02:30:30+00:00","dateModified":"2025-01-21T17:33:01+00:00","description":"Vous \u00eates lyc\u00e9en, \u00e9tudiant, ou simplement curieux de d\u00e9couvrir l\u2019Universit\u00e9 de Guyane ? Ne manquez pas notre Journ\u00e9e Portes Ouvertes","breadcrumb":{"@id":"https:\/\/www.univ-guyane.fr\/2025\/01\/16\/decouvre-luniversite-de-guyane-lors-de-sa-journee-portes-ouvertes\/#breadcrumb"},"inLanguage":"pt-BR","potentialAction":[{"@type":"ReadAction","target":["https:\/\/www.univ-guyane.fr\/2025\/01\/16\/decouvre-luniversite-de-guyane-lors-de-sa-journee-portes-ouvertes\/"]}]},{"@type":"ImageObject","inLanguage":"pt-BR","@id":"https:\/\/www.univ-guyane.fr\/2025\/01\/16\/decouvre-luniversite-de-guyane-lors-de-sa-journee-portes-ouvertes\/#primaryimage","url":"https:\/\/www.univ-guyane.fr\/wp-content\/uploads\/jpo-1.jpg","contentUrl":"https:\/\/www.univ-guyane.fr\/wp-content\/uploads\/jpo-1.jpg","width":1920,"height":1080,"caption":"Lyc\u00e9ens pr\u00e9sents devant un stand d'information lors de la JPO \u00e0 l'Universit\u00e9 de guyane"},{"@type":"BreadcrumbList","@id":"https:\/\/www.univ-guyane.fr\/2025\/01\/16\/decouvre-luniversite-de-guyane-lors-de-sa-journee-portes-ouvertes\/#breadcrumb","itemListElement":[{"@type":"ListItem","position":1,"name":"Accueil","item":"https:\/\/www.univ-guyane.fr\/"},{"@type":"ListItem","position":2,"name":"D\u00e9couvre l\u2019Universit\u00e9 de Guyane lors de sa Journ\u00e9e Portes Ouvertes"}]},{"@type":"WebSite","@id":"https:\/\/www.univ-guyane.fr\/#website","url":"https:\/\/www.univ-guyane.fr\/","name":"Universidade da Guiana","description":"No cora\u00e7\u00e3o da Amaz\u00f4nia","publisher":{"@id":"https:\/\/www.univ-guyane.fr\/#organization"},"alternateName":"UG","potentialAction":[{"@type":"SearchAction","target":{"@type":"EntryPoint","urlTemplate":"https:\/\/www.univ-guyane.fr\/?s={search_term_string}"},"query-input":{"@type":"PropertyValueSpecification","valueRequired":true,"valueName":"search_term_string"}}],"inLanguage":"pt-BR"},{"@type":"Organization","@id":"https:\/\/www.univ-guyane.fr\/#organization","name":"Universidade da Guiana","alternateName":"UG","url":"https:\/\/www.univ-guyane.fr\/","logo":{"@type":"ImageObject","inLanguage":"pt-BR","@id":"https:\/\/www.univ-guyane.fr\/#\/schema\/logo\/image\/","url":"https:\/\/www.univ-guyane.fr\/wp-content\/uploads\/2024\/05\/f.png","contentUrl":"https:\/\/www.univ-guyane.fr\/wp-content\/uploads\/2024\/05\/f.png","width":1024,"height":1024,"caption":"Universit\u00e9 de Guyane"},"image":{"@id":"https:\/\/www.univ-guyane.fr\/#\/schema\/logo\/image\/"},"sameAs":["https:\/\/www.facebook.com\/univguyane","https:\/\/x.com\/univguyane","https:\/\/gf.linkedin.com\/school\/universite-de-guyane\/","https:\/\/www.instagram.com\/univ_guyane\/"]},{"@type":"Person","@id":"https:\/\/www.univ-guyane.fr\/#\/schema\/person\/86d946a28a8be51bb096ccfdf19db179","name":"Erick Loiti\u00e8re","image":{"@type":"ImageObject","inLanguage":"pt-BR","@id":"https:\/\/secure.gravatar.com\/avatar\/0584f332103fbeaf37e52c73b15dca3c547fd9300deb05764e9ad8714839d072?s=96&d=robohash&r=g","url":"https:\/\/secure.gravatar.com\/avatar\/0584f332103fbeaf37e52c73b15dca3c547fd9300deb05764e9ad8714839d072?s=96&d=robohash&r=g","contentUrl":"https:\/\/secure.gravatar.com\/avatar\/0584f332103fbeaf37e52c73b15dca3c547fd9300deb05764e9ad8714839d072?s=96&d=robohash&r=g","caption":"Erick Loiti\u00e8re"},"sameAs":["http:\/\/www.univ-guyane.fr"],"url":"https:\/\/www.univ-guyane.fr\/pt\/author\/eloitierdbz\/"}]}},"_links":{"self":[{"href":"https:\/\/www.univ-guyane.fr\/pt\/wp-json\/wp\/v2\/posts\/11988","targetHints":{"allow":["GET"]}}],"collection":[{"href":"https:\/\/www.univ-guyane.fr\/pt\/wp-json\/wp\/v2\/posts"}],"about":[{"href":"https:\/\/www.univ-guyane.fr\/pt\/wp-json\/wp\/v2\/types\/post"}],"author":[{"embeddable":true,"href":"https:\/\/www.univ-guyane.fr\/pt\/wp-json\/wp\/v2\/users\/1"}],"replies":[{"embeddable":true,"href":"https:\/\/www.univ-guyane.fr\/pt\/wp-json\/wp\/v2\/comments?post=11988"}],"version-history":[{"count":5,"href":"https:\/\/www.univ-guyane.fr\/pt\/wp-json\/wp\/v2\/posts\/11988\/revisions"}],"predecessor-version":[{"id":12069,"href":"https:\/\/www.univ-guyane.fr\/pt\/wp-json\/wp\/v2\/posts\/11988\/revisions\/12069"}],"wp:featuredmedia":[{"embeddable":true,"href":"https:\/\/www.univ-guyane.fr\/pt\/wp-json\/wp\/v2\/media\/11996"}],"wp:attachment":[{"href":"https:\/\/www.univ-guyane.fr\/pt\/wp-json\/wp\/v2\/media?parent=11988"}],"wp:term":[{"taxonomy":"category","embeddable":true,"href":"https:\/\/www.univ-guyane.fr\/pt\/wp-json\/wp\/v2\/categories?post=11988"},{"taxonomy":"post_tag","embeddable":true,"href":"https:\/\/www.univ-guyane.fr\/pt\/wp-json\/wp\/v2\/tags?post=11988"}],"curies":[{"name":"wp","href":"https:\/\/api.w.org\/{rel}","templated":true}]}}