{"id":12066,"date":"2025-01-21T12:41:10","date_gmt":"2025-01-21T15:41:10","guid":{"rendered":"https:\/\/www.univ-guyane.fr\/?p=12066"},"modified":"2025-01-21T12:41:10","modified_gmt":"2025-01-21T15:41:10","slug":"retour-sur-la-vie-etudiante-en-2024-une-annee-dengagement-et-dinitiatives","status":"publish","type":"post","link":"https:\/\/www.univ-guyane.fr\/pt\/2025\/01\/21\/retour-sur-la-vie-etudiante-en-2024-une-annee-dengagement-et-dinitiatives\/","title":{"rendered":"Uma retrospectiva da vida estudantil em 2024: um ano de compromisso e iniciativas"},"content":{"rendered":"<div id=\"fws_69f5854eab071\"  data-column-margin=\"default\" data-midnight=\"dark\"  class=\"wpb_row vc_row-fluid vc_row\"  style=\"padding-top: 0px; padding-bottom: 0px; \"><div class=\"row-bg-wrap\" data-bg-animation=\"none\" data-bg-animation-delay=\"\" data-bg-overlay=\"false\"><div class=\"inner-wrap row-bg-layer\" ><div class=\"row-bg viewport-desktop\"  style=\"\"><\/div><\/div><\/div><div class=\"row_col_wrap_12 col span_12 dark left\">\n\t<div  class=\"vc_col-sm-12 wpb_column column_container vc_column_container col no-extra-padding inherit_tablet inherit_phone\"  data-padding-pos=\"all\" data-has-bg-color=\"false\" data-bg-color=\"\" data-bg-opacity=\"1\" data-animation=\"\" data-delay=\"0\" >\n\t\t<div class=\"vc_column-inner\" >\n\t\t\t<div class=\"wpb_wrapper\">\n\t\t\t\t\n<div class=\"wpb_text_column wpb_content_element  chapo\" >\n\t<h2>O ano de 2024 foi um per\u00edodo marcante para a Universidade da Guiana, com uma mobiliza\u00e7\u00e3o sem precedentes em torno dos alunos, seja em termos de orienta\u00e7\u00e3o, inclus\u00e3o ou engajamento c\u00edvico. Aqui est\u00e1 uma retrospectiva de algumas das principais iniciativas que impulsionaram a vida universit\u00e1ria.<\/h2>\n<\/div>\n\n\n\n\n<div class=\"wpb_text_column wpb_content_element\" >\n\t<h3>Semanas de orienta\u00e7\u00e3o p\u00f3s-acad\u00eamica: uma porta de entrada para o ensino superior<\/h3>\n<p>Como parte das Semanas de Orienta\u00e7\u00e3o P\u00f3s-Bac, a Universidade recebeu mais de 250 alunos do ensino m\u00e9dio em seu campus. Esses jovens tiveram a oportunidade \u00fanica de :<br \/>\n- Participar de cursos e workshops de orienta\u00e7\u00e3o,<br \/>\n- Saiba mais sobre os cursos oferecidos pela Universidade,<br \/>\n- Conversar com professores e alunos para entender melhor seu futuro acad\u00eamico.<br \/>\nAo mesmo tempo, equipes da Universidade viajaram por toda a regi\u00e3o, visitando mais de uma d\u00fazia de escolas secund\u00e1rias e conhecendo mais de 1.000 alunos. Esses interc\u00e2mbios proporcionaram uma oportunidade de responder diretamente \u00e0s perguntas dos alunos e apresentar as muitas oportunidades oferecidas pela Universidade da Guiana Francesa, com \u00eanfase especial na import\u00e2ncia da educa\u00e7\u00e3o para o desenvolvimento da regi\u00e3o.<\/p>\n<h3>DUODAY: inclus\u00e3o e descoberta profissional<\/h3>\n<p>Por ocasi\u00e3o da 7\u00aa edi\u00e7\u00e3o do DUODAY, organizada como parte da Semana Europeia do Emprego para Pessoas com Defici\u00eancia (SEEPH), tr\u00eas alunos participaram de uma imers\u00e3o em estruturas profissionais. Dois deles se juntaram aos servi\u00e7os da Prefeitura da Guiana Francesa, enquanto um terceiro descobriu o funcionamento de uma empresa privada.<br \/>\nEssa experi\u00eancia permitiu que os alunos se familiarizassem com o mundo do trabalho e se beneficiassem de um ambiente inclusivo e atencioso. Al\u00e9m da experi\u00eancia profissional, o dia ajudou a mudar a maneira como as pessoas encaram a defici\u00eancia, ressaltando a import\u00e2ncia de um ambiente profissional aberto e acess\u00edvel a todos.<\/p>\n<h3>Compromisso do aluno: uma alavanca para o sucesso e a cidadania<\/h3>\n<p>A Universidade da Guiana incentiva ativamente seus alunos a se envolverem por meio de esquemas como servi\u00e7o c\u00edvico e emprego estudantil. Em 2024:<br \/>\n- <strong>10 volunt\u00e1rios de servi\u00e7o c\u00edvico foram recrutados<\/strong>. Esses jovens realizaram uma ampla gama de tarefas, desde a conscientiza\u00e7\u00e3o sobre quest\u00f5es de sa\u00fade e educa\u00e7\u00e3o at\u00e9 a organiza\u00e7\u00e3o de atividades culturais e esportivas.<br \/>\n- <strong>62 funcion\u00e1rios estudantes<\/strong> contribu\u00edram para o funcionamento cotidiano da universidade, seja recebendo alunos, prestando assist\u00eancia pedag\u00f3gica ou organizando eventos.<br \/>\nEsses programas complementares permitem que os alunos desenvolvam habilidades profissionais enquanto participam ativamente da vida universit\u00e1ria. Eles tamb\u00e9m fortalecem seu senso de pertencimento \u00e0 comunidade universit\u00e1ria e lhes d\u00e3o as ferramentas necess\u00e1rias para entrar no mundo profissional.<\/p>\n<p>Essas a\u00e7\u00f5es demonstram o compromisso da Universidade da Guiana com seus alunos e com o sucesso deles. Ao investir em projetos de orienta\u00e7\u00e3o, inclus\u00e3o e engajamento c\u00edvico, a Universidade est\u00e1 atuando como catalisadora do desenvolvimento da Guiana Francesa e, ao mesmo tempo, promovendo o talento local.<\/p>\n<\/div>\n\n\n\n\n\t\t\t<\/div> \n\t\t<\/div>\n\t<\/div> \n<\/div><\/div>","protected":false},"excerpt":{"rendered":"O ano de 2024 foi um per\u00edodo marcante para a Universidade da Guiana, com uma mobiliza\u00e7\u00e3o sem precedentes de...","protected":false},"author":1,"featured_media":8327,"comment_status":"closed","ping_status":"open","sticky":false,"template":"","format":"standard","meta":{"iawp_total_views":66,"footnotes":""},"categories":[156,229],"tags":[],"class_list":{"0":"post-12066","1":"post","2":"type-post","3":"status-publish","4":"format-standard","5":"has-post-thumbnail","7":"category-campus","8":"category-universite-actualites"},"yoast_head":"<!-- This site is optimized with the Yoast SEO plugin v27.5 - https:\/\/yoast.com\/product\/yoast-seo-wordpress\/ -->\n<title>Retour sur la vie \u00e9tudiante en 2024 : une ann\u00e9e d\u2019engagement et d\u2019initiatives &#8212; Universit\u00e9 de Guyane<\/title>\n<meta name=\"description\" content=\"L\u2019ann\u00e9e 2024 a \u00e9t\u00e9 une p\u00e9riode marquante pour l\u2019Universit\u00e9 de Guyane, avec une mobilisation sans pr\u00e9c\u00e9dent autour des \u00e9tudiants, qu\u2019il s\u2019agisse d\u2019orientation, d\u2019inclusion ou d\u2019engagement citoyen. Retour sur les initiatives phares qui ont dynamis\u00e9 la vie universitaire.\" \/>\n<meta name=\"robots\" content=\"index, follow, max-snippet:-1, max-image-preview:large, max-video-preview:-1\" \/>\n<link rel=\"canonical\" href=\"https:\/\/www.univ-guyane.fr\/pt\/2025\/01\/21\/retour-sur-la-vie-etudiante-en-2024-une-annee-dengagement-et-dinitiatives\/\" \/>\n<meta property=\"og:locale\" content=\"pt_BR\" \/>\n<meta property=\"og:type\" content=\"article\" \/>\n<meta property=\"og:title\" content=\"Retour sur la vie \u00e9tudiante en 2024 : une ann\u00e9e d\u2019engagement et d\u2019initiatives &#8212; Universit\u00e9 de Guyane\" \/>\n<meta property=\"og:description\" content=\"L\u2019ann\u00e9e 2024 a \u00e9t\u00e9 une p\u00e9riode marquante pour l\u2019Universit\u00e9 de Guyane, avec une mobilisation sans pr\u00e9c\u00e9dent autour des \u00e9tudiants, qu\u2019il s\u2019agisse d\u2019orientation, d\u2019inclusion ou d\u2019engagement citoyen. Retour sur les initiatives phares qui ont dynamis\u00e9 la vie universitaire.\" \/>\n<meta property=\"og:url\" content=\"https:\/\/www.univ-guyane.fr\/pt\/2025\/01\/21\/retour-sur-la-vie-etudiante-en-2024-une-annee-dengagement-et-dinitiatives\/\" \/>\n<meta property=\"og:site_name\" content=\"Universit\u00e9 de Guyane\" \/>\n<meta property=\"article:publisher\" content=\"https:\/\/www.facebook.com\/univguyane\" \/>\n<meta property=\"article:published_time\" content=\"2025-01-21T15:41:10+00:00\" \/>\n<meta property=\"og:image\" content=\"https:\/\/www.univ-guyane.fr\/wp-content\/uploads\/Les-cordees-de-la-reussite.jpeg\" \/>\n\t<meta property=\"og:image:width\" content=\"1800\" \/>\n\t<meta property=\"og:image:height\" content=\"1013\" \/>\n\t<meta property=\"og:image:type\" content=\"image\/jpeg\" \/>\n<meta name=\"author\" content=\"Erick Loiti\u00e8re\" \/>\n<meta name=\"twitter:card\" content=\"summary_large_image\" \/>\n<meta name=\"twitter:creator\" content=\"@univguyane\" \/>\n<meta name=\"twitter:site\" content=\"@univguyane\" \/>\n<meta name=\"twitter:label1\" content=\"Escrito por\" \/>\n\t<meta name=\"twitter:data1\" content=\"Erick Loiti\u00e8re\" \/>\n\t<meta name=\"twitter:label2\" content=\"Est. tempo de leitura\" \/>\n\t<meta name=\"twitter:data2\" content=\"3 minutos\" \/>\n<script type=\"application\/ld+json\" class=\"yoast-schema-graph\">{\"@context\":\"https:\\\/\\\/schema.org\",\"@graph\":[{\"@type\":\"Article\",\"@id\":\"https:\\\/\\\/www.univ-guyane.fr\\\/2025\\\/01\\\/21\\\/retour-sur-la-vie-etudiante-en-2024-une-annee-dengagement-et-dinitiatives\\\/#article\",\"isPartOf\":{\"@id\":\"https:\\\/\\\/www.univ-guyane.fr\\\/2025\\\/01\\\/21\\\/retour-sur-la-vie-etudiante-en-2024-une-annee-dengagement-et-dinitiatives\\\/\"},\"author\":{\"name\":\"Erick Loiti\u00e8re\",\"@id\":\"https:\\\/\\\/www.univ-guyane.fr\\\/#\\\/schema\\\/person\\\/86d946a28a8be51bb096ccfdf19db179\"},\"headline\":\"Retour sur la vie \u00e9tudiante en 2024 : une ann\u00e9e d\u2019engagement et d\u2019initiatives\",\"datePublished\":\"2025-01-21T15:41:10+00:00\",\"mainEntityOfPage\":{\"@id\":\"https:\\\/\\\/www.univ-guyane.fr\\\/2025\\\/01\\\/21\\\/retour-sur-la-vie-etudiante-en-2024-une-annee-dengagement-et-dinitiatives\\\/\"},\"wordCount\":702,\"publisher\":{\"@id\":\"https:\\\/\\\/www.univ-guyane.fr\\\/#organization\"},\"image\":{\"@id\":\"https:\\\/\\\/www.univ-guyane.fr\\\/2025\\\/01\\\/21\\\/retour-sur-la-vie-etudiante-en-2024-une-annee-dengagement-et-dinitiatives\\\/#primaryimage\"},\"thumbnailUrl\":\"https:\\\/\\\/www.univ-guyane.fr\\\/wp-content\\\/uploads\\\/Les-cordees-de-la-reussite.jpeg\",\"articleSection\":[\"\u2022\u00a0Campus\",\"\u2022 Universit\u00e9\"],\"inLanguage\":\"pt-BR\"},{\"@type\":\"WebPage\",\"@id\":\"https:\\\/\\\/www.univ-guyane.fr\\\/2025\\\/01\\\/21\\\/retour-sur-la-vie-etudiante-en-2024-une-annee-dengagement-et-dinitiatives\\\/\",\"url\":\"https:\\\/\\\/www.univ-guyane.fr\\\/2025\\\/01\\\/21\\\/retour-sur-la-vie-etudiante-en-2024-une-annee-dengagement-et-dinitiatives\\\/\",\"name\":\"Retour sur la vie \u00e9tudiante en 2024 : une ann\u00e9e d\u2019engagement et d\u2019initiatives &#8212; Universit\u00e9 de Guyane\",\"isPartOf\":{\"@id\":\"https:\\\/\\\/www.univ-guyane.fr\\\/#website\"},\"primaryImageOfPage\":{\"@id\":\"https:\\\/\\\/www.univ-guyane.fr\\\/2025\\\/01\\\/21\\\/retour-sur-la-vie-etudiante-en-2024-une-annee-dengagement-et-dinitiatives\\\/#primaryimage\"},\"image\":{\"@id\":\"https:\\\/\\\/www.univ-guyane.fr\\\/2025\\\/01\\\/21\\\/retour-sur-la-vie-etudiante-en-2024-une-annee-dengagement-et-dinitiatives\\\/#primaryimage\"},\"thumbnailUrl\":\"https:\\\/\\\/www.univ-guyane.fr\\\/wp-content\\\/uploads\\\/Les-cordees-de-la-reussite.jpeg\",\"datePublished\":\"2025-01-21T15:41:10+00:00\",\"description\":\"L\u2019ann\u00e9e 2024 a \u00e9t\u00e9 une p\u00e9riode marquante pour l\u2019Universit\u00e9 de Guyane, avec une mobilisation sans pr\u00e9c\u00e9dent autour des \u00e9tudiants, qu\u2019il s\u2019agisse d\u2019orientation, d\u2019inclusion ou d\u2019engagement citoyen. Retour sur les initiatives phares qui ont dynamis\u00e9 la vie universitaire.\",\"breadcrumb\":{\"@id\":\"https:\\\/\\\/www.univ-guyane.fr\\\/2025\\\/01\\\/21\\\/retour-sur-la-vie-etudiante-en-2024-une-annee-dengagement-et-dinitiatives\\\/#breadcrumb\"},\"inLanguage\":\"pt-BR\",\"potentialAction\":[{\"@type\":\"ReadAction\",\"target\":[\"https:\\\/\\\/www.univ-guyane.fr\\\/2025\\\/01\\\/21\\\/retour-sur-la-vie-etudiante-en-2024-une-annee-dengagement-et-dinitiatives\\\/\"]}]},{\"@type\":\"ImageObject\",\"inLanguage\":\"pt-BR\",\"@id\":\"https:\\\/\\\/www.univ-guyane.fr\\\/2025\\\/01\\\/21\\\/retour-sur-la-vie-etudiante-en-2024-une-annee-dengagement-et-dinitiatives\\\/#primaryimage\",\"url\":\"https:\\\/\\\/www.univ-guyane.fr\\\/wp-content\\\/uploads\\\/Les-cordees-de-la-reussite.jpeg\",\"contentUrl\":\"https:\\\/\\\/www.univ-guyane.fr\\\/wp-content\\\/uploads\\\/Les-cordees-de-la-reussite.jpeg\",\"width\":1800,\"height\":1013,\"caption\":\"Les Cord\u00e9es de la r\u00e9ussite \u00e0 l\u2019 Universit\u00e9 de Guyane : \u00c9largir les horizons pour tous\"},{\"@type\":\"BreadcrumbList\",\"@id\":\"https:\\\/\\\/www.univ-guyane.fr\\\/2025\\\/01\\\/21\\\/retour-sur-la-vie-etudiante-en-2024-une-annee-dengagement-et-dinitiatives\\\/#breadcrumb\",\"itemListElement\":[{\"@type\":\"ListItem\",\"position\":1,\"name\":\"Accueil\",\"item\":\"https:\\\/\\\/www.univ-guyane.fr\\\/\"},{\"@type\":\"ListItem\",\"position\":2,\"name\":\"Retour sur la vie \u00e9tudiante en 2024 : une ann\u00e9e d\u2019engagement et d\u2019initiatives\"}]},{\"@type\":\"WebSite\",\"@id\":\"https:\\\/\\\/www.univ-guyane.fr\\\/#website\",\"url\":\"https:\\\/\\\/www.univ-guyane.fr\\\/\",\"name\":\"Universit\u00e9 de Guyane\",\"description\":\"Au c\u0153ur de l&#039;amazonie\",\"publisher\":{\"@id\":\"https:\\\/\\\/www.univ-guyane.fr\\\/#organization\"},\"alternateName\":\"UG\",\"potentialAction\":[{\"@type\":\"SearchAction\",\"target\":{\"@type\":\"EntryPoint\",\"urlTemplate\":\"https:\\\/\\\/www.univ-guyane.fr\\\/?s={search_term_string}\"},\"query-input\":{\"@type\":\"PropertyValueSpecification\",\"valueRequired\":true,\"valueName\":\"search_term_string\"}}],\"inLanguage\":\"pt-BR\"},{\"@type\":\"Organization\",\"@id\":\"https:\\\/\\\/www.univ-guyane.fr\\\/#organization\",\"name\":\"Universit\u00e9 de Guyane\",\"alternateName\":\"UG\",\"url\":\"https:\\\/\\\/www.univ-guyane.fr\\\/\",\"logo\":{\"@type\":\"ImageObject\",\"inLanguage\":\"pt-BR\",\"@id\":\"https:\\\/\\\/www.univ-guyane.fr\\\/#\\\/schema\\\/logo\\\/image\\\/\",\"url\":\"https:\\\/\\\/www.univ-guyane.fr\\\/wp-content\\\/uploads\\\/2024\\\/05\\\/f.png\",\"contentUrl\":\"https:\\\/\\\/www.univ-guyane.fr\\\/wp-content\\\/uploads\\\/2024\\\/05\\\/f.png\",\"width\":1024,\"height\":1024,\"caption\":\"Universit\u00e9 de Guyane\"},\"image\":{\"@id\":\"https:\\\/\\\/www.univ-guyane.fr\\\/#\\\/schema\\\/logo\\\/image\\\/\"},\"sameAs\":[\"https:\\\/\\\/www.facebook.com\\\/univguyane\",\"https:\\\/\\\/x.com\\\/univguyane\",\"https:\\\/\\\/gf.linkedin.com\\\/school\\\/universite-de-guyane\\\/\",\"https:\\\/\\\/www.instagram.com\\\/univ_guyane\\\/\"]},{\"@type\":\"Person\",\"@id\":\"https:\\\/\\\/www.univ-guyane.fr\\\/#\\\/schema\\\/person\\\/86d946a28a8be51bb096ccfdf19db179\",\"name\":\"Erick Loiti\u00e8re\",\"image\":{\"@type\":\"ImageObject\",\"inLanguage\":\"pt-BR\",\"@id\":\"https:\\\/\\\/secure.gravatar.com\\\/avatar\\\/0584f332103fbeaf37e52c73b15dca3c547fd9300deb05764e9ad8714839d072?s=96&d=robohash&r=g\",\"url\":\"https:\\\/\\\/secure.gravatar.com\\\/avatar\\\/0584f332103fbeaf37e52c73b15dca3c547fd9300deb05764e9ad8714839d072?s=96&d=robohash&r=g\",\"contentUrl\":\"https:\\\/\\\/secure.gravatar.com\\\/avatar\\\/0584f332103fbeaf37e52c73b15dca3c547fd9300deb05764e9ad8714839d072?s=96&d=robohash&r=g\",\"caption\":\"Erick Loiti\u00e8re\"},\"sameAs\":[\"http:\\\/\\\/www.univ-guyane.fr\"],\"url\":\"https:\\\/\\\/www.univ-guyane.fr\\\/pt\\\/author\\\/eloitierdbz\\\/\"}]}<\/script>\n<!-- \/ Yoast SEO plugin. -->","yoast_head_json":{"title":"Retour sur la vie \u00e9tudiante en 2024 : une ann\u00e9e d\u2019engagement et d\u2019initiatives &#8212; Universit\u00e9 de Guyane","description":"O ano de 2024 foi um per\u00edodo marcante para a Universidade da Guiana, com uma mobiliza\u00e7\u00e3o sem precedentes em torno dos alunos, seja em termos de orienta\u00e7\u00e3o, inclus\u00e3o ou engajamento c\u00edvico. Aqui est\u00e1 uma retrospectiva de algumas das principais iniciativas que impulsionaram a vida universit\u00e1ria.","robots":{"index":"index","follow":"follow","max-snippet":"max-snippet:-1","max-image-preview":"max-image-preview:large","max-video-preview":"max-video-preview:-1"},"canonical":"https:\/\/www.univ-guyane.fr\/pt\/2025\/01\/21\/retour-sur-la-vie-etudiante-en-2024-une-annee-dengagement-et-dinitiatives\/","og_locale":"pt_BR","og_type":"article","og_title":"Retour sur la vie \u00e9tudiante en 2024 : une ann\u00e9e d\u2019engagement et d\u2019initiatives &#8212; Universit\u00e9 de Guyane","og_description":"L\u2019ann\u00e9e 2024 a \u00e9t\u00e9 une p\u00e9riode marquante pour l\u2019Universit\u00e9 de Guyane, avec une mobilisation sans pr\u00e9c\u00e9dent autour des \u00e9tudiants, qu\u2019il s\u2019agisse d\u2019orientation, d\u2019inclusion ou d\u2019engagement citoyen. Retour sur les initiatives phares qui ont dynamis\u00e9 la vie universitaire.","og_url":"https:\/\/www.univ-guyane.fr\/pt\/2025\/01\/21\/retour-sur-la-vie-etudiante-en-2024-une-annee-dengagement-et-dinitiatives\/","og_site_name":"Universit\u00e9 de Guyane","article_publisher":"https:\/\/www.facebook.com\/univguyane","article_published_time":"2025-01-21T15:41:10+00:00","og_image":[{"width":1800,"height":1013,"url":"https:\/\/www.univ-guyane.fr\/wp-content\/uploads\/Les-cordees-de-la-reussite.jpeg","type":"image\/jpeg"}],"author":"Erick Loiti\u00e8re","twitter_card":"summary_large_image","twitter_creator":"@univguyane","twitter_site":"@univguyane","twitter_misc":{"Escrito por":"Erick Loiti\u00e8re","Est. tempo de leitura":"3 minutos"},"schema":{"@context":"https:\/\/schema.org","@graph":[{"@type":"Article","@id":"https:\/\/www.univ-guyane.fr\/2025\/01\/21\/retour-sur-la-vie-etudiante-en-2024-une-annee-dengagement-et-dinitiatives\/#article","isPartOf":{"@id":"https:\/\/www.univ-guyane.fr\/2025\/01\/21\/retour-sur-la-vie-etudiante-en-2024-une-annee-dengagement-et-dinitiatives\/"},"author":{"name":"Erick Loiti\u00e8re","@id":"https:\/\/www.univ-guyane.fr\/#\/schema\/person\/86d946a28a8be51bb096ccfdf19db179"},"headline":"Retour sur la vie \u00e9tudiante en 2024 : une ann\u00e9e d\u2019engagement et d\u2019initiatives","datePublished":"2025-01-21T15:41:10+00:00","mainEntityOfPage":{"@id":"https:\/\/www.univ-guyane.fr\/2025\/01\/21\/retour-sur-la-vie-etudiante-en-2024-une-annee-dengagement-et-dinitiatives\/"},"wordCount":702,"publisher":{"@id":"https:\/\/www.univ-guyane.fr\/#organization"},"image":{"@id":"https:\/\/www.univ-guyane.fr\/2025\/01\/21\/retour-sur-la-vie-etudiante-en-2024-une-annee-dengagement-et-dinitiatives\/#primaryimage"},"thumbnailUrl":"https:\/\/www.univ-guyane.fr\/wp-content\/uploads\/Les-cordees-de-la-reussite.jpeg","articleSection":["\u2022\u00a0Campus","\u2022 Universit\u00e9"],"inLanguage":"pt-BR"},{"@type":"WebPage","@id":"https:\/\/www.univ-guyane.fr\/2025\/01\/21\/retour-sur-la-vie-etudiante-en-2024-une-annee-dengagement-et-dinitiatives\/","url":"https:\/\/www.univ-guyane.fr\/2025\/01\/21\/retour-sur-la-vie-etudiante-en-2024-une-annee-dengagement-et-dinitiatives\/","name":"Retour sur la vie \u00e9tudiante en 2024 : une ann\u00e9e d\u2019engagement et d\u2019initiatives &#8212; Universit\u00e9 de Guyane","isPartOf":{"@id":"https:\/\/www.univ-guyane.fr\/#website"},"primaryImageOfPage":{"@id":"https:\/\/www.univ-guyane.fr\/2025\/01\/21\/retour-sur-la-vie-etudiante-en-2024-une-annee-dengagement-et-dinitiatives\/#primaryimage"},"image":{"@id":"https:\/\/www.univ-guyane.fr\/2025\/01\/21\/retour-sur-la-vie-etudiante-en-2024-une-annee-dengagement-et-dinitiatives\/#primaryimage"},"thumbnailUrl":"https:\/\/www.univ-guyane.fr\/wp-content\/uploads\/Les-cordees-de-la-reussite.jpeg","datePublished":"2025-01-21T15:41:10+00:00","description":"O ano de 2024 foi um per\u00edodo marcante para a Universidade da Guiana, com uma mobiliza\u00e7\u00e3o sem precedentes em torno dos alunos, seja em termos de orienta\u00e7\u00e3o, inclus\u00e3o ou engajamento c\u00edvico. Aqui est\u00e1 uma retrospectiva de algumas das principais iniciativas que impulsionaram a vida universit\u00e1ria.","breadcrumb":{"@id":"https:\/\/www.univ-guyane.fr\/2025\/01\/21\/retour-sur-la-vie-etudiante-en-2024-une-annee-dengagement-et-dinitiatives\/#breadcrumb"},"inLanguage":"pt-BR","potentialAction":[{"@type":"ReadAction","target":["https:\/\/www.univ-guyane.fr\/2025\/01\/21\/retour-sur-la-vie-etudiante-en-2024-une-annee-dengagement-et-dinitiatives\/"]}]},{"@type":"ImageObject","inLanguage":"pt-BR","@id":"https:\/\/www.univ-guyane.fr\/2025\/01\/21\/retour-sur-la-vie-etudiante-en-2024-une-annee-dengagement-et-dinitiatives\/#primaryimage","url":"https:\/\/www.univ-guyane.fr\/wp-content\/uploads\/Les-cordees-de-la-reussite.jpeg","contentUrl":"https:\/\/www.univ-guyane.fr\/wp-content\/uploads\/Les-cordees-de-la-reussite.jpeg","width":1800,"height":1013,"caption":"Les Cord\u00e9es de la r\u00e9ussite \u00e0 l\u2019 Universit\u00e9 de Guyane : \u00c9largir les horizons pour tous"},{"@type":"BreadcrumbList","@id":"https:\/\/www.univ-guyane.fr\/2025\/01\/21\/retour-sur-la-vie-etudiante-en-2024-une-annee-dengagement-et-dinitiatives\/#breadcrumb","itemListElement":[{"@type":"ListItem","position":1,"name":"Accueil","item":"https:\/\/www.univ-guyane.fr\/"},{"@type":"ListItem","position":2,"name":"Retour sur la vie \u00e9tudiante en 2024 : une ann\u00e9e d\u2019engagement et d\u2019initiatives"}]},{"@type":"WebSite","@id":"https:\/\/www.univ-guyane.fr\/#website","url":"https:\/\/www.univ-guyane.fr\/","name":"Universidade da Guiana","description":"No cora\u00e7\u00e3o da Amaz\u00f4nia","publisher":{"@id":"https:\/\/www.univ-guyane.fr\/#organization"},"alternateName":"UG","potentialAction":[{"@type":"SearchAction","target":{"@type":"EntryPoint","urlTemplate":"https:\/\/www.univ-guyane.fr\/?s={search_term_string}"},"query-input":{"@type":"PropertyValueSpecification","valueRequired":true,"valueName":"search_term_string"}}],"inLanguage":"pt-BR"},{"@type":"Organization","@id":"https:\/\/www.univ-guyane.fr\/#organization","name":"Universidade da Guiana","alternateName":"UG","url":"https:\/\/www.univ-guyane.fr\/","logo":{"@type":"ImageObject","inLanguage":"pt-BR","@id":"https:\/\/www.univ-guyane.fr\/#\/schema\/logo\/image\/","url":"https:\/\/www.univ-guyane.fr\/wp-content\/uploads\/2024\/05\/f.png","contentUrl":"https:\/\/www.univ-guyane.fr\/wp-content\/uploads\/2024\/05\/f.png","width":1024,"height":1024,"caption":"Universit\u00e9 de Guyane"},"image":{"@id":"https:\/\/www.univ-guyane.fr\/#\/schema\/logo\/image\/"},"sameAs":["https:\/\/www.facebook.com\/univguyane","https:\/\/x.com\/univguyane","https:\/\/gf.linkedin.com\/school\/universite-de-guyane\/","https:\/\/www.instagram.com\/univ_guyane\/"]},{"@type":"Person","@id":"https:\/\/www.univ-guyane.fr\/#\/schema\/person\/86d946a28a8be51bb096ccfdf19db179","name":"Erick Loiti\u00e8re","image":{"@type":"ImageObject","inLanguage":"pt-BR","@id":"https:\/\/secure.gravatar.com\/avatar\/0584f332103fbeaf37e52c73b15dca3c547fd9300deb05764e9ad8714839d072?s=96&d=robohash&r=g","url":"https:\/\/secure.gravatar.com\/avatar\/0584f332103fbeaf37e52c73b15dca3c547fd9300deb05764e9ad8714839d072?s=96&d=robohash&r=g","contentUrl":"https:\/\/secure.gravatar.com\/avatar\/0584f332103fbeaf37e52c73b15dca3c547fd9300deb05764e9ad8714839d072?s=96&d=robohash&r=g","caption":"Erick Loiti\u00e8re"},"sameAs":["http:\/\/www.univ-guyane.fr"],"url":"https:\/\/www.univ-guyane.fr\/pt\/author\/eloitierdbz\/"}]}},"_links":{"self":[{"href":"https:\/\/www.univ-guyane.fr\/pt\/wp-json\/wp\/v2\/posts\/12066","targetHints":{"allow":["GET"]}}],"collection":[{"href":"https:\/\/www.univ-guyane.fr\/pt\/wp-json\/wp\/v2\/posts"}],"about":[{"href":"https:\/\/www.univ-guyane.fr\/pt\/wp-json\/wp\/v2\/types\/post"}],"author":[{"embeddable":true,"href":"https:\/\/www.univ-guyane.fr\/pt\/wp-json\/wp\/v2\/users\/1"}],"replies":[{"embeddable":true,"href":"https:\/\/www.univ-guyane.fr\/pt\/wp-json\/wp\/v2\/comments?post=12066"}],"version-history":[{"count":1,"href":"https:\/\/www.univ-guyane.fr\/pt\/wp-json\/wp\/v2\/posts\/12066\/revisions"}],"predecessor-version":[{"id":12067,"href":"https:\/\/www.univ-guyane.fr\/pt\/wp-json\/wp\/v2\/posts\/12066\/revisions\/12067"}],"wp:featuredmedia":[{"embeddable":true,"href":"https:\/\/www.univ-guyane.fr\/pt\/wp-json\/wp\/v2\/media\/8327"}],"wp:attachment":[{"href":"https:\/\/www.univ-guyane.fr\/pt\/wp-json\/wp\/v2\/media?parent=12066"}],"wp:term":[{"taxonomy":"category","embeddable":true,"href":"https:\/\/www.univ-guyane.fr\/pt\/wp-json\/wp\/v2\/categories?post=12066"},{"taxonomy":"post_tag","embeddable":true,"href":"https:\/\/www.univ-guyane.fr\/pt\/wp-json\/wp\/v2\/tags?post=12066"}],"curies":[{"name":"wp","href":"https:\/\/api.w.org\/{rel}","templated":true}]}}