{"id":12327,"date":"2025-02-14T09:44:01","date_gmt":"2025-02-14T12:44:01","guid":{"rendered":"https:\/\/www.univ-guyane.fr\/?p=12327"},"modified":"2025-02-14T09:45:48","modified_gmt":"2025-02-14T12:45:48","slug":"voyage-sonore-et-anthropologique-from-castries-to-saul","status":"publish","type":"post","link":"https:\/\/www.univ-guyane.fr\/pt\/2025\/02\/14\/voyage-sonore-et-anthropologique-from-castries-to-saul\/","title":{"rendered":"Uma jornada antropol\u00f3gica em som: de Castries a Sa\u00fcl"},"content":{"rendered":"<div id=\"fws_69f5aff2d52cb\"  data-column-margin=\"default\" data-midnight=\"dark\"  class=\"wpb_row vc_row-fluid vc_row\"  style=\"padding-top: 0px; padding-bottom: 0px; \"><div class=\"row-bg-wrap\" data-bg-animation=\"none\" data-bg-animation-delay=\"\" data-bg-overlay=\"false\"><div class=\"inner-wrap row-bg-layer\" ><div class=\"row-bg viewport-desktop\"  style=\"\"><\/div><\/div><\/div><div class=\"row_col_wrap_12 col span_12 dark left\">\n\t<div  class=\"vc_col-sm-12 wpb_column column_container vc_column_container col no-extra-padding inherit_tablet inherit_phone\"  data-padding-pos=\"all\" data-has-bg-color=\"false\" data-bg-color=\"\" data-bg-opacity=\"1\" data-animation=\"\" data-delay=\"0\" >\n\t\t<div class=\"vc_column-inner\" >\n\t\t\t<div class=\"wpb_wrapper\">\n\t\t\t\t\n<div class=\"wpb_text_column wpb_content_element  chapo\" >\n\t<p><em>Foto: Karl Joseph.<\/em><\/p>\n<h2>A Universidade da Guiana o convida para um semin\u00e1rio que explorar\u00e1 os v\u00ednculos entre as pessoas e seu ambiente. Organizado por Agn\u00e8s Clerc-Renaud (LEEISA), Damien Davy (LEEISA), Rosuel Lima-Pereira (MINEA) e Marianne Palisse (LEEISA), esse evento ser\u00e1 realizado na quinta-feira, 20 de fevereiro de 2025, das 18h \u00e0s 20h, no anfiteatro E do campus Troubiran.<\/h2>\n<\/div>\n\n\n\n\n<div class=\"wpb_text_column wpb_content_element\" >\n\t<p>Esta sess\u00e3o ser\u00e1 conduzida por Marc-Alexandre Tareau (INSERM - CIC H\u00f4pital de Cayenne) e se concentrar\u00e1 na pe\u00e7a sonora \"From Castries to Sa\u00fcl\". Esse projeto, concebido em 2021 pelo antrop\u00f3logo Marc-Alexandre Tareau e pelo artista sonoro Thomas Tilly, foi desenvolvido pela associa\u00e7\u00e3o M\u00e9lisse como parte do projeto Milieu(x). Ele oferece uma explora\u00e7\u00e3o original das culturas e intera\u00e7\u00f5es entre os povos da Guiana Francesa e seu ambiente por meio do som.<\/p>\n<p>Esse trabalho singular n\u00e3o se limita a uma simples documenta\u00e7\u00e3o etnogr\u00e1fica, mas destaca os sons \u00fanicos da Guiana Francesa: os idiomas, o gr\u00e3o das vozes, bem como os sons da natureza e das atividades humanas. O projeto concentra-se na transmiss\u00e3o do conhecimento amaz\u00f4nico por meio da audi\u00e7\u00e3o, um meio frequentemente subestimado, por\u00e9m essencial.<\/p>\n<p>A primeira pe\u00e7a dessa s\u00e9rie, \"From Castries to Sa\u00fcl\", d\u00e1 voz aos gangan, anci\u00e3os da comunidade crioula no interior da Guiana Francesa. Ele tra\u00e7a a hist\u00f3ria e o conhecimento etnobot\u00e2nico dos migrantes de Saint Lucian que vieram para a Guiana Francesa em busca de oportunidades econ\u00f4micas, principalmente nas planta\u00e7\u00f5es de cana-de-a\u00e7\u00facar e na minera\u00e7\u00e3o de ouro. Esse projeto fascinante destaca sua adapta\u00e7\u00e3o \u00e0 floresta amaz\u00f4nica e a troca de conhecimento com os povos amer\u00edndios e negros.<\/p>\n<p><strong>Marc-Alexandre Tareau<\/strong>Ph.D. em etnobot\u00e2nica e antropologia da sa\u00fade, dedicou sua pesquisa \u00e0s farmacopeias mesti\u00e7as da Guiana Francesa e ao estudo das pr\u00e1ticas etnom\u00e9dicas das popula\u00e7\u00f5es do Planalto da Guiana e do Caribe. Agora, como pesquisador do INSERM, ele explora as inter-rela\u00e7\u00f5es entre os seres humanos e a natureza, especialmente por meio da fitoterapia e das representa\u00e7\u00f5es do corpo e da doen\u00e7a.<\/p>\n<p><strong>Thomas Tilly<\/strong>um artista sonoro e compositor de m\u00fasica experimental, est\u00e1 desenvolvendo uma abordagem \u00fanica para a fonografia. Seu trabalho, no cruzamento da biologia, antropologia e medi\u00e7\u00e3o ac\u00fastica, oferece uma perspectiva inovadora sobre ambientes sonoros. Suas cria\u00e7\u00f5es foram apresentadas em v\u00e1rios festivais e exposi\u00e7\u00f5es em todo o mundo.<\/p>\n<p>Este semin\u00e1rio \u00e9 uma oportunidade \u00fanica de descobrir as ricas intera\u00e7\u00f5es entre as pessoas e seu ambiente por meio de uma abordagem sensorial original. Venha explorar a hist\u00f3ria e a cultura da Guiana por meio do som e das vozes que o transmitem.<\/p>\n<p><strong>Encontre-nos na quinta-feira, 20 de fevereiro de 2025, \u00e0s 18h, no anfiteatro E do campus Troubiran.<\/strong>\u00a0para uma experi\u00eancia imersiva e enriquecedora!<\/p>\n<\/div>\n\n\n\n\n\t\t\t<\/div> \n\t\t<\/div>\n\t<\/div> \n<\/div><\/div>","protected":false},"excerpt":{"rendered":"Foto: Karl Joseph. A Universidade da Guiana o convida para um semin\u00e1rio que explorar\u00e1 as...","protected":false},"author":1,"featured_media":12329,"comment_status":"closed","ping_status":"open","sticky":false,"template":"","format":"standard","meta":{"iawp_total_views":134,"footnotes":""},"categories":[175,192,187],"tags":[193,191,274],"class_list":{"0":"post-12327","1":"post","2":"type-post","3":"status-publish","4":"format-standard","5":"has-post-thumbnail","7":"category-laboratoires","8":"category-leeisa","9":"category-minea","10":"tag-leeisa","11":"tag-minea","12":"tag-seminaire"},"yoast_head":"<!-- This site is optimized with the Yoast SEO plugin v27.5 - https:\/\/yoast.com\/product\/yoast-seo-wordpress\/ -->\n<title>Voyage sonore et anthropologique \u00e0 travers les cultures &#8212; Universit\u00e9 de Guyane<\/title>\n<meta name=\"description\" content=\"D\u00e9couvrez le voyage sonore et anthropologique \u00e0 travers la pi\u00e8ce &#039;From Castries to Sa\u00fcl&#039;, explorant les cultures de Guyane.\" \/>\n<meta name=\"robots\" content=\"index, follow, max-snippet:-1, max-image-preview:large, max-video-preview:-1\" \/>\n<link rel=\"canonical\" href=\"https:\/\/www.univ-guyane.fr\/pt\/2025\/02\/14\/voyage-sonore-et-anthropologique-from-castries-to-saul\/\" \/>\n<meta property=\"og:locale\" content=\"pt_BR\" \/>\n<meta property=\"og:type\" content=\"article\" \/>\n<meta property=\"og:title\" content=\"Voyage sonore et anthropologique \u00e0 travers les cultures &#8212; Universit\u00e9 de Guyane\" \/>\n<meta property=\"og:description\" content=\"D\u00e9couvrez le voyage sonore et anthropologique \u00e0 travers la pi\u00e8ce &#039;From Castries to Sa\u00fcl&#039;, explorant les cultures de Guyane.\" \/>\n<meta property=\"og:url\" content=\"https:\/\/www.univ-guyane.fr\/pt\/2025\/02\/14\/voyage-sonore-et-anthropologique-from-castries-to-saul\/\" \/>\n<meta property=\"og:site_name\" content=\"Universit\u00e9 de Guyane\" \/>\n<meta property=\"article:publisher\" content=\"https:\/\/www.facebook.com\/univguyane\" \/>\n<meta property=\"article:published_time\" content=\"2025-02-14T12:44:01+00:00\" \/>\n<meta property=\"article:modified_time\" content=\"2025-02-14T12:45:48+00:00\" \/>\n<meta property=\"og:image\" content=\"https:\/\/www.univ-guyane.fr\/wp-content\/uploads\/Voyage-sonore-et-anthropologique-From-Castries-to-Saul.jpg\" \/>\n\t<meta property=\"og:image:width\" content=\"1920\" \/>\n\t<meta property=\"og:image:height\" content=\"1080\" \/>\n\t<meta property=\"og:image:type\" content=\"image\/jpeg\" \/>\n<meta name=\"author\" content=\"Erick Loiti\u00e8re\" \/>\n<meta name=\"twitter:card\" content=\"summary_large_image\" \/>\n<meta name=\"twitter:creator\" content=\"@univguyane\" \/>\n<meta name=\"twitter:site\" content=\"@univguyane\" \/>\n<meta name=\"twitter:label1\" content=\"Escrito por\" \/>\n\t<meta name=\"twitter:data1\" content=\"Erick Loiti\u00e8re\" \/>\n\t<meta name=\"twitter:label2\" content=\"Est. tempo de leitura\" \/>\n\t<meta name=\"twitter:data2\" content=\"3 minutos\" \/>\n<script type=\"application\/ld+json\" class=\"yoast-schema-graph\">{\"@context\":\"https:\\\/\\\/schema.org\",\"@graph\":[{\"@type\":\"Article\",\"@id\":\"https:\\\/\\\/www.univ-guyane.fr\\\/2025\\\/02\\\/14\\\/voyage-sonore-et-anthropologique-from-castries-to-saul\\\/#article\",\"isPartOf\":{\"@id\":\"https:\\\/\\\/www.univ-guyane.fr\\\/2025\\\/02\\\/14\\\/voyage-sonore-et-anthropologique-from-castries-to-saul\\\/\"},\"author\":{\"name\":\"Erick Loiti\u00e8re\",\"@id\":\"https:\\\/\\\/www.univ-guyane.fr\\\/#\\\/schema\\\/person\\\/86d946a28a8be51bb096ccfdf19db179\"},\"headline\":\"Voyage sonore et anthropologique : From Castries to Sa\u00fcl\",\"datePublished\":\"2025-02-14T12:44:01+00:00\",\"dateModified\":\"2025-02-14T12:45:48+00:00\",\"mainEntityOfPage\":{\"@id\":\"https:\\\/\\\/www.univ-guyane.fr\\\/2025\\\/02\\\/14\\\/voyage-sonore-et-anthropologique-from-castries-to-saul\\\/\"},\"wordCount\":672,\"publisher\":{\"@id\":\"https:\\\/\\\/www.univ-guyane.fr\\\/#organization\"},\"image\":{\"@id\":\"https:\\\/\\\/www.univ-guyane.fr\\\/2025\\\/02\\\/14\\\/voyage-sonore-et-anthropologique-from-castries-to-saul\\\/#primaryimage\"},\"thumbnailUrl\":\"https:\\\/\\\/www.univ-guyane.fr\\\/wp-content\\\/uploads\\\/Voyage-sonore-et-anthropologique-From-Castries-to-Saul.jpg\",\"keywords\":[\"LEEISA\",\"MINEA\",\"S\u00e9minaire\"],\"articleSection\":[\"\u2022\u00a0Laboratoires\",\"\u2022 LEEISA\",\"\u2022\u00a0MINEA\"],\"inLanguage\":\"pt-BR\"},{\"@type\":\"WebPage\",\"@id\":\"https:\\\/\\\/www.univ-guyane.fr\\\/2025\\\/02\\\/14\\\/voyage-sonore-et-anthropologique-from-castries-to-saul\\\/\",\"url\":\"https:\\\/\\\/www.univ-guyane.fr\\\/2025\\\/02\\\/14\\\/voyage-sonore-et-anthropologique-from-castries-to-saul\\\/\",\"name\":\"Voyage sonore et anthropologique \u00e0 travers les cultures &#8212; Universit\u00e9 de Guyane\",\"isPartOf\":{\"@id\":\"https:\\\/\\\/www.univ-guyane.fr\\\/#website\"},\"primaryImageOfPage\":{\"@id\":\"https:\\\/\\\/www.univ-guyane.fr\\\/2025\\\/02\\\/14\\\/voyage-sonore-et-anthropologique-from-castries-to-saul\\\/#primaryimage\"},\"image\":{\"@id\":\"https:\\\/\\\/www.univ-guyane.fr\\\/2025\\\/02\\\/14\\\/voyage-sonore-et-anthropologique-from-castries-to-saul\\\/#primaryimage\"},\"thumbnailUrl\":\"https:\\\/\\\/www.univ-guyane.fr\\\/wp-content\\\/uploads\\\/Voyage-sonore-et-anthropologique-From-Castries-to-Saul.jpg\",\"datePublished\":\"2025-02-14T12:44:01+00:00\",\"dateModified\":\"2025-02-14T12:45:48+00:00\",\"description\":\"D\u00e9couvrez le voyage sonore et anthropologique \u00e0 travers la pi\u00e8ce 'From Castries to Sa\u00fcl', explorant les cultures de Guyane.\",\"breadcrumb\":{\"@id\":\"https:\\\/\\\/www.univ-guyane.fr\\\/2025\\\/02\\\/14\\\/voyage-sonore-et-anthropologique-from-castries-to-saul\\\/#breadcrumb\"},\"inLanguage\":\"pt-BR\",\"potentialAction\":[{\"@type\":\"ReadAction\",\"target\":[\"https:\\\/\\\/www.univ-guyane.fr\\\/2025\\\/02\\\/14\\\/voyage-sonore-et-anthropologique-from-castries-to-saul\\\/\"]}]},{\"@type\":\"ImageObject\",\"inLanguage\":\"pt-BR\",\"@id\":\"https:\\\/\\\/www.univ-guyane.fr\\\/2025\\\/02\\\/14\\\/voyage-sonore-et-anthropologique-from-castries-to-saul\\\/#primaryimage\",\"url\":\"https:\\\/\\\/www.univ-guyane.fr\\\/wp-content\\\/uploads\\\/Voyage-sonore-et-anthropologique-From-Castries-to-Saul.jpg\",\"contentUrl\":\"https:\\\/\\\/www.univ-guyane.fr\\\/wp-content\\\/uploads\\\/Voyage-sonore-et-anthropologique-From-Castries-to-Saul.jpg\",\"width\":1920,\"height\":1080,\"caption\":\"Voyage sonore et anthropologique : From Castries to Sa\u00fcl\"},{\"@type\":\"BreadcrumbList\",\"@id\":\"https:\\\/\\\/www.univ-guyane.fr\\\/2025\\\/02\\\/14\\\/voyage-sonore-et-anthropologique-from-castries-to-saul\\\/#breadcrumb\",\"itemListElement\":[{\"@type\":\"ListItem\",\"position\":1,\"name\":\"Accueil\",\"item\":\"https:\\\/\\\/www.univ-guyane.fr\\\/\"},{\"@type\":\"ListItem\",\"position\":2,\"name\":\"Voyage sonore et anthropologique : From Castries to Sa\u00fcl\"}]},{\"@type\":\"WebSite\",\"@id\":\"https:\\\/\\\/www.univ-guyane.fr\\\/#website\",\"url\":\"https:\\\/\\\/www.univ-guyane.fr\\\/\",\"name\":\"Universit\u00e9 de Guyane\",\"description\":\"Au c\u0153ur de l&#039;amazonie\",\"publisher\":{\"@id\":\"https:\\\/\\\/www.univ-guyane.fr\\\/#organization\"},\"alternateName\":\"UG\",\"potentialAction\":[{\"@type\":\"SearchAction\",\"target\":{\"@type\":\"EntryPoint\",\"urlTemplate\":\"https:\\\/\\\/www.univ-guyane.fr\\\/?s={search_term_string}\"},\"query-input\":{\"@type\":\"PropertyValueSpecification\",\"valueRequired\":true,\"valueName\":\"search_term_string\"}}],\"inLanguage\":\"pt-BR\"},{\"@type\":\"Organization\",\"@id\":\"https:\\\/\\\/www.univ-guyane.fr\\\/#organization\",\"name\":\"Universit\u00e9 de Guyane\",\"alternateName\":\"UG\",\"url\":\"https:\\\/\\\/www.univ-guyane.fr\\\/\",\"logo\":{\"@type\":\"ImageObject\",\"inLanguage\":\"pt-BR\",\"@id\":\"https:\\\/\\\/www.univ-guyane.fr\\\/#\\\/schema\\\/logo\\\/image\\\/\",\"url\":\"https:\\\/\\\/www.univ-guyane.fr\\\/wp-content\\\/uploads\\\/2024\\\/05\\\/f.png\",\"contentUrl\":\"https:\\\/\\\/www.univ-guyane.fr\\\/wp-content\\\/uploads\\\/2024\\\/05\\\/f.png\",\"width\":1024,\"height\":1024,\"caption\":\"Universit\u00e9 de Guyane\"},\"image\":{\"@id\":\"https:\\\/\\\/www.univ-guyane.fr\\\/#\\\/schema\\\/logo\\\/image\\\/\"},\"sameAs\":[\"https:\\\/\\\/www.facebook.com\\\/univguyane\",\"https:\\\/\\\/x.com\\\/univguyane\",\"https:\\\/\\\/gf.linkedin.com\\\/school\\\/universite-de-guyane\\\/\",\"https:\\\/\\\/www.instagram.com\\\/univ_guyane\\\/\"]},{\"@type\":\"Person\",\"@id\":\"https:\\\/\\\/www.univ-guyane.fr\\\/#\\\/schema\\\/person\\\/86d946a28a8be51bb096ccfdf19db179\",\"name\":\"Erick Loiti\u00e8re\",\"image\":{\"@type\":\"ImageObject\",\"inLanguage\":\"pt-BR\",\"@id\":\"https:\\\/\\\/secure.gravatar.com\\\/avatar\\\/0584f332103fbeaf37e52c73b15dca3c547fd9300deb05764e9ad8714839d072?s=96&d=robohash&r=g\",\"url\":\"https:\\\/\\\/secure.gravatar.com\\\/avatar\\\/0584f332103fbeaf37e52c73b15dca3c547fd9300deb05764e9ad8714839d072?s=96&d=robohash&r=g\",\"contentUrl\":\"https:\\\/\\\/secure.gravatar.com\\\/avatar\\\/0584f332103fbeaf37e52c73b15dca3c547fd9300deb05764e9ad8714839d072?s=96&d=robohash&r=g\",\"caption\":\"Erick Loiti\u00e8re\"},\"sameAs\":[\"http:\\\/\\\/www.univ-guyane.fr\"],\"url\":\"https:\\\/\\\/www.univ-guyane.fr\\\/pt\\\/author\\\/eloitierdbz\\\/\"}]}<\/script>\n<!-- \/ Yoast SEO plugin. -->","yoast_head_json":{"title":"Voyage sonore et anthropologique \u00e0 travers les cultures &#8212; Universit\u00e9 de Guyane","description":"D\u00e9couvrez le voyage sonore et anthropologique \u00e0 travers la pi\u00e8ce 'From Castries to Sa\u00fcl', explorant les cultures de Guyane.","robots":{"index":"index","follow":"follow","max-snippet":"max-snippet:-1","max-image-preview":"max-image-preview:large","max-video-preview":"max-video-preview:-1"},"canonical":"https:\/\/www.univ-guyane.fr\/pt\/2025\/02\/14\/voyage-sonore-et-anthropologique-from-castries-to-saul\/","og_locale":"pt_BR","og_type":"article","og_title":"Voyage sonore et anthropologique \u00e0 travers les cultures &#8212; Universit\u00e9 de Guyane","og_description":"D\u00e9couvrez le voyage sonore et anthropologique \u00e0 travers la pi\u00e8ce 'From Castries to Sa\u00fcl', explorant les cultures de Guyane.","og_url":"https:\/\/www.univ-guyane.fr\/pt\/2025\/02\/14\/voyage-sonore-et-anthropologique-from-castries-to-saul\/","og_site_name":"Universit\u00e9 de Guyane","article_publisher":"https:\/\/www.facebook.com\/univguyane","article_published_time":"2025-02-14T12:44:01+00:00","article_modified_time":"2025-02-14T12:45:48+00:00","og_image":[{"width":1920,"height":1080,"url":"https:\/\/www.univ-guyane.fr\/wp-content\/uploads\/Voyage-sonore-et-anthropologique-From-Castries-to-Saul.jpg","type":"image\/jpeg"}],"author":"Erick Loiti\u00e8re","twitter_card":"summary_large_image","twitter_creator":"@univguyane","twitter_site":"@univguyane","twitter_misc":{"Escrito por":"Erick Loiti\u00e8re","Est. tempo de leitura":"3 minutos"},"schema":{"@context":"https:\/\/schema.org","@graph":[{"@type":"Article","@id":"https:\/\/www.univ-guyane.fr\/2025\/02\/14\/voyage-sonore-et-anthropologique-from-castries-to-saul\/#article","isPartOf":{"@id":"https:\/\/www.univ-guyane.fr\/2025\/02\/14\/voyage-sonore-et-anthropologique-from-castries-to-saul\/"},"author":{"name":"Erick Loiti\u00e8re","@id":"https:\/\/www.univ-guyane.fr\/#\/schema\/person\/86d946a28a8be51bb096ccfdf19db179"},"headline":"Voyage sonore et anthropologique : From Castries to Sa\u00fcl","datePublished":"2025-02-14T12:44:01+00:00","dateModified":"2025-02-14T12:45:48+00:00","mainEntityOfPage":{"@id":"https:\/\/www.univ-guyane.fr\/2025\/02\/14\/voyage-sonore-et-anthropologique-from-castries-to-saul\/"},"wordCount":672,"publisher":{"@id":"https:\/\/www.univ-guyane.fr\/#organization"},"image":{"@id":"https:\/\/www.univ-guyane.fr\/2025\/02\/14\/voyage-sonore-et-anthropologique-from-castries-to-saul\/#primaryimage"},"thumbnailUrl":"https:\/\/www.univ-guyane.fr\/wp-content\/uploads\/Voyage-sonore-et-anthropologique-From-Castries-to-Saul.jpg","keywords":["LEEISA","MINEA","S\u00e9minaire"],"articleSection":["\u2022\u00a0Laboratoires","\u2022 LEEISA","\u2022\u00a0MINEA"],"inLanguage":"pt-BR"},{"@type":"WebPage","@id":"https:\/\/www.univ-guyane.fr\/2025\/02\/14\/voyage-sonore-et-anthropologique-from-castries-to-saul\/","url":"https:\/\/www.univ-guyane.fr\/2025\/02\/14\/voyage-sonore-et-anthropologique-from-castries-to-saul\/","name":"Voyage sonore et anthropologique \u00e0 travers les cultures &#8212; Universit\u00e9 de Guyane","isPartOf":{"@id":"https:\/\/www.univ-guyane.fr\/#website"},"primaryImageOfPage":{"@id":"https:\/\/www.univ-guyane.fr\/2025\/02\/14\/voyage-sonore-et-anthropologique-from-castries-to-saul\/#primaryimage"},"image":{"@id":"https:\/\/www.univ-guyane.fr\/2025\/02\/14\/voyage-sonore-et-anthropologique-from-castries-to-saul\/#primaryimage"},"thumbnailUrl":"https:\/\/www.univ-guyane.fr\/wp-content\/uploads\/Voyage-sonore-et-anthropologique-From-Castries-to-Saul.jpg","datePublished":"2025-02-14T12:44:01+00:00","dateModified":"2025-02-14T12:45:48+00:00","description":"D\u00e9couvrez le voyage sonore et anthropologique \u00e0 travers la pi\u00e8ce 'From Castries to Sa\u00fcl', explorant les cultures de Guyane.","breadcrumb":{"@id":"https:\/\/www.univ-guyane.fr\/2025\/02\/14\/voyage-sonore-et-anthropologique-from-castries-to-saul\/#breadcrumb"},"inLanguage":"pt-BR","potentialAction":[{"@type":"ReadAction","target":["https:\/\/www.univ-guyane.fr\/2025\/02\/14\/voyage-sonore-et-anthropologique-from-castries-to-saul\/"]}]},{"@type":"ImageObject","inLanguage":"pt-BR","@id":"https:\/\/www.univ-guyane.fr\/2025\/02\/14\/voyage-sonore-et-anthropologique-from-castries-to-saul\/#primaryimage","url":"https:\/\/www.univ-guyane.fr\/wp-content\/uploads\/Voyage-sonore-et-anthropologique-From-Castries-to-Saul.jpg","contentUrl":"https:\/\/www.univ-guyane.fr\/wp-content\/uploads\/Voyage-sonore-et-anthropologique-From-Castries-to-Saul.jpg","width":1920,"height":1080,"caption":"Voyage sonore et anthropologique : From Castries to Sa\u00fcl"},{"@type":"BreadcrumbList","@id":"https:\/\/www.univ-guyane.fr\/2025\/02\/14\/voyage-sonore-et-anthropologique-from-castries-to-saul\/#breadcrumb","itemListElement":[{"@type":"ListItem","position":1,"name":"Accueil","item":"https:\/\/www.univ-guyane.fr\/"},{"@type":"ListItem","position":2,"name":"Voyage sonore et anthropologique : From Castries to Sa\u00fcl"}]},{"@type":"WebSite","@id":"https:\/\/www.univ-guyane.fr\/#website","url":"https:\/\/www.univ-guyane.fr\/","name":"Universidade da Guiana","description":"No cora\u00e7\u00e3o da Amaz\u00f4nia","publisher":{"@id":"https:\/\/www.univ-guyane.fr\/#organization"},"alternateName":"UG","potentialAction":[{"@type":"SearchAction","target":{"@type":"EntryPoint","urlTemplate":"https:\/\/www.univ-guyane.fr\/?s={search_term_string}"},"query-input":{"@type":"PropertyValueSpecification","valueRequired":true,"valueName":"search_term_string"}}],"inLanguage":"pt-BR"},{"@type":"Organization","@id":"https:\/\/www.univ-guyane.fr\/#organization","name":"Universidade da Guiana","alternateName":"UG","url":"https:\/\/www.univ-guyane.fr\/","logo":{"@type":"ImageObject","inLanguage":"pt-BR","@id":"https:\/\/www.univ-guyane.fr\/#\/schema\/logo\/image\/","url":"https:\/\/www.univ-guyane.fr\/wp-content\/uploads\/2024\/05\/f.png","contentUrl":"https:\/\/www.univ-guyane.fr\/wp-content\/uploads\/2024\/05\/f.png","width":1024,"height":1024,"caption":"Universit\u00e9 de Guyane"},"image":{"@id":"https:\/\/www.univ-guyane.fr\/#\/schema\/logo\/image\/"},"sameAs":["https:\/\/www.facebook.com\/univguyane","https:\/\/x.com\/univguyane","https:\/\/gf.linkedin.com\/school\/universite-de-guyane\/","https:\/\/www.instagram.com\/univ_guyane\/"]},{"@type":"Person","@id":"https:\/\/www.univ-guyane.fr\/#\/schema\/person\/86d946a28a8be51bb096ccfdf19db179","name":"Erick Loiti\u00e8re","image":{"@type":"ImageObject","inLanguage":"pt-BR","@id":"https:\/\/secure.gravatar.com\/avatar\/0584f332103fbeaf37e52c73b15dca3c547fd9300deb05764e9ad8714839d072?s=96&d=robohash&r=g","url":"https:\/\/secure.gravatar.com\/avatar\/0584f332103fbeaf37e52c73b15dca3c547fd9300deb05764e9ad8714839d072?s=96&d=robohash&r=g","contentUrl":"https:\/\/secure.gravatar.com\/avatar\/0584f332103fbeaf37e52c73b15dca3c547fd9300deb05764e9ad8714839d072?s=96&d=robohash&r=g","caption":"Erick Loiti\u00e8re"},"sameAs":["http:\/\/www.univ-guyane.fr"],"url":"https:\/\/www.univ-guyane.fr\/pt\/author\/eloitierdbz\/"}]}},"_links":{"self":[{"href":"https:\/\/www.univ-guyane.fr\/pt\/wp-json\/wp\/v2\/posts\/12327","targetHints":{"allow":["GET"]}}],"collection":[{"href":"https:\/\/www.univ-guyane.fr\/pt\/wp-json\/wp\/v2\/posts"}],"about":[{"href":"https:\/\/www.univ-guyane.fr\/pt\/wp-json\/wp\/v2\/types\/post"}],"author":[{"embeddable":true,"href":"https:\/\/www.univ-guyane.fr\/pt\/wp-json\/wp\/v2\/users\/1"}],"replies":[{"embeddable":true,"href":"https:\/\/www.univ-guyane.fr\/pt\/wp-json\/wp\/v2\/comments?post=12327"}],"version-history":[{"count":3,"href":"https:\/\/www.univ-guyane.fr\/pt\/wp-json\/wp\/v2\/posts\/12327\/revisions"}],"predecessor-version":[{"id":12331,"href":"https:\/\/www.univ-guyane.fr\/pt\/wp-json\/wp\/v2\/posts\/12327\/revisions\/12331"}],"wp:featuredmedia":[{"embeddable":true,"href":"https:\/\/www.univ-guyane.fr\/pt\/wp-json\/wp\/v2\/media\/12329"}],"wp:attachment":[{"href":"https:\/\/www.univ-guyane.fr\/pt\/wp-json\/wp\/v2\/media?parent=12327"}],"wp:term":[{"taxonomy":"category","embeddable":true,"href":"https:\/\/www.univ-guyane.fr\/pt\/wp-json\/wp\/v2\/categories?post=12327"},{"taxonomy":"post_tag","embeddable":true,"href":"https:\/\/www.univ-guyane.fr\/pt\/wp-json\/wp\/v2\/tags?post=12327"}],"curies":[{"name":"wp","href":"https:\/\/api.w.org\/{rel}","templated":true}]}}