{"id":12514,"date":"2025-02-19T17:57:27","date_gmt":"2025-02-19T20:57:27","guid":{"rendered":"https:\/\/www.univ-guyane.fr\/?p=12514"},"modified":"2025-05-12T10:25:13","modified_gmt":"2025-05-12T13:25:13","slug":"elections-des-representants-etudiants-au-cneser","status":"publish","type":"post","link":"https:\/\/www.univ-guyane.fr\/pt\/2025\/02\/19\/elections-des-representants-etudiants-au-cneser\/","title":{"rendered":"Elei\u00e7\u00f5es de representantes estudantis para o CNESER"},"content":{"rendered":"<div id=\"fws_69f3e4303f956\"  data-column-margin=\"default\" data-midnight=\"dark\"  class=\"wpb_row vc_row-fluid vc_row\"  style=\"padding-top: 0px; padding-bottom: 0px; \"><div class=\"row-bg-wrap\" data-bg-animation=\"none\" data-bg-animation-delay=\"\" data-bg-overlay=\"false\"><div class=\"inner-wrap row-bg-layer\" ><div class=\"row-bg viewport-desktop\"  style=\"\"><\/div><\/div><\/div><div class=\"row_col_wrap_12 col span_12 dark left\">\n\t<div  class=\"vc_col-sm-12 wpb_column column_container vc_column_container col no-extra-padding inherit_tablet inherit_phone\"  data-padding-pos=\"all\" data-has-bg-color=\"false\" data-bg-color=\"\" data-bg-opacity=\"1\" data-animation=\"\" data-delay=\"0\" >\n\t\t<div class=\"vc_column-inner\" >\n\t\t\t<div class=\"wpb_wrapper\">\n\t\t\t\t\n<div class=\"wpb_text_column wpb_content_element  chapo\" >\n\t<h2>De 2 a 6 de junho de 2025, os alunos de institui\u00e7\u00f5es p\u00fablicas de ensino superior dever\u00e3o eleger seus representantes para o Conseil National de l'Enseignement Sup\u00e9rieur et de la Recherche (CNESER). Esse \u00f3rg\u00e3o consultivo, que se reporta ao minist\u00e9rio, desempenha um papel fundamental na dire\u00e7\u00e3o estrat\u00e9gica do ensino superior na Fran\u00e7a.<\/h2>\n<\/div>\n\n\n\n\n<div class=\"wpb_text_column wpb_content_element\" >\n\t<h3>O CNESER: um \u00f3rg\u00e3o fundamental para os alunos<\/h3>\n<p>O CNESER est\u00e1 envolvido nas principais quest\u00f5es relacionadas ao ensino superior e aos estabelecimentos de pesquisa. Ele oferece um f\u00f3rum para o di\u00e1logo entre estudantes, universidades e o Minist\u00e9rio, garantindo que as necessidades e expectativas dos estudantes sejam levadas em conta na tomada de decis\u00f5es p\u00fablicas.<\/p>\n<h3>Como funcionam as elei\u00e7\u00f5es?<\/h3>\n<h4>1. Elei\u00e7\u00e3o de eleitores (GE)<\/h4>\n<p>Cada universidade deve eleger seus grandes eleitores entre os alunos eleitos para os conselhos centrais (CA e CAC). Esses alunos eleitos devem indicar 4 eleitores. <a href=\"https:\/\/www.univ-guyane.fr\/pt\/ugfm\/docs\/elections\/2025\/ARRETE-2025-029-PORTANT-ORGANISATION-DE-LELECTION-DES-REPRESENTANTS-DES-ETUDIANTS-DES-EPCSCP-%2B-CALENDRIER_CNESER-%C3%A9tudiants-2025.pdf\/\">A ordem que estabelece os termos e condi\u00e7\u00f5es foi postada e enviada aos representantes dos alunos.<\/a>.<\/p>\n<h4><strong>2 Elei\u00e7\u00e3o dos representantes dos alunos no CNESER<\/strong><\/h4>\n<p>Em seguida, os eleitores votar\u00e3o para indicar os representantes dos alunos no CNESER para um mandato de dois anos.<\/p>\n<h3><strong>O que \u00e9 um eleitor importante?<\/strong><\/h3>\n<p>Um \"grand \u00e9lecteur\" \u00e9 um estudante eleito entre os representantes estudantis nos conselhos centrais de sua universidade. Sua fun\u00e7\u00e3o \u00e9 participar das elei\u00e7\u00f5es nacionais, apresentando-se como candidato e\/ou votando nos representantes estudantis no CNESER, garantindo assim a representa\u00e7\u00e3o estudantil em n\u00edvel nacional.<\/p>\n<h3><strong>Calend\u00e1rio eleitoral nacional<\/strong><\/h3>\n<ul>\n<li><strong>De 17 de fevereiro a 25 de fevereiro (\u00e0s 12 horas)<\/strong> Indica\u00e7\u00f5es enviadas por alunos eleitos para os conselhos centrais.<\/li>\n<li><strong>11 de mar\u00e7o de 2025: <\/strong>Dia da vota\u00e7\u00e3o (elei\u00e7\u00e3o dos grandes eleitores)<\/li>\n<li><strong>Exibi\u00e7\u00e3o de resultados : <\/strong>No mais tardar 3 dias ap\u00f3s a vota\u00e7\u00e3o<\/li>\n<li><strong>De 2 de abril a 2 de maio de 2025<\/strong>\u00a0Envio de inscri\u00e7\u00f5es (cada EG receber\u00e1 uma por e-mail).<\/li>\n<li><strong>16 de maio de 2025 (no m\u00e1ximo)<\/strong>\u00a0Identificadores de vota\u00e7\u00e3o e instru\u00e7\u00f5es enviadas aos eleitores.<\/li>\n<li><strong>De 2 de junho (meio-dia, hor\u00e1rio de Paris) a 6 de junho de 2025 (meio-dia, hor\u00e1rio de Paris)<\/strong>\u00a0C\u00e9dula eletr\u00f4nica via legavote.<\/li>\n<li><strong>6 de junho de 2025, a partir das 15h (hor\u00e1rio de Paris)<\/strong>\u00a0Contagem de votos e an\u00fancio dos resultados.<\/li>\n<\/ul>\n<h3>Por que essa elei\u00e7\u00e3o \u00e9 importante?<\/h3>\n<p>Essas elei\u00e7\u00f5es permitem que os estudantes tenham voz em n\u00edvel nacional e influenciem as decis\u00f5es relativas ao ensino superior e \u00e0 pesquisa. Uma forte mobiliza\u00e7\u00e3o dos representantes estudantis \u00e9 essencial para garantir que os estudantes sejam representados de uma forma que atenda aos desafios.<\/p>\n<p><a href=\"https:\/\/www.univ-guyane.fr\/pt\/ugfm\/docs\/elections\/2025\/listes-electorales-cneser-0104-definitive-01-04-25.pdf\/\" target=\"_blank\" rel=\"noopener\">Lista eleitoral da CNESER<\/a><br \/>\n<a href=\"https:\/\/www.univ-guyane.fr\/ugfm\/docs\/elections\/2025\/CNESER-ETUDIANTS\/election2025desetudiantsauc---liste-candidatures-pour-affichage.pdf\" target=\"_blank\" rel=\"noopener\">Aplicativos<\/a><br \/>\n<a href=\"https:\/\/www.univ-guyane.fr\/ugfm\/docs\/elections\/2025\/CNESER-ETUDIANTS\/professiondefoi2025.pdf\" target=\"_blank\" rel=\"noopener\">Profiss\u00e3o de foi<\/a><\/p>\n<p><span style=\"color: #008080;\"><em>Participe ativamente desse processo democr\u00e1tico, repassando essas informa\u00e7\u00f5es para as pessoas ao seu redor! N\u00e3o hesite em incentivar os alunos eleitos\/eleitores principais a se candidatarem e a apoi\u00e1-los durante todo o processo.<\/em><\/span><\/p>\n<\/div>\n\n\n\n\n\t\t\t<\/div> \n\t\t<\/div>\n\t<\/div> \n<\/div><\/div>","protected":false},"excerpt":{"rendered":"De 2 a 6 de junho de 2025, os alunos de estabelecimentos p\u00fablicos de ensino superior ser\u00e3o convocados a...","protected":false},"author":1,"featured_media":12528,"comment_status":"closed","ping_status":"open","sticky":false,"template":"","format":"standard","meta":{"iawp_total_views":61,"footnotes":""},"categories":[149,230,229],"tags":[],"class_list":{"0":"post-12514","1":"post","2":"type-post","3":"status-publish","4":"format-standard","5":"has-post-thumbnail","7":"category-daji","8":"category-elections","9":"category-universite-actualites"},"yoast_head":"<!-- This site is optimized with the Yoast SEO plugin v27.5 - https:\/\/yoast.com\/product\/yoast-seo-wordpress\/ -->\n<title>\u00c9lections des repr\u00e9sentants \u00e9tudiants au CNESER &#8212; Universit\u00e9 de Guyane<\/title>\n<meta name=\"description\" content=\"\u00c9lections des repr\u00e9sentants \u00e9tudiants au CNESER : Vos repr\u00e9sentants dans les instances pourront participer au scrutin 2025 !\" \/>\n<meta name=\"robots\" content=\"index, follow, max-snippet:-1, max-image-preview:large, max-video-preview:-1\" \/>\n<link rel=\"canonical\" href=\"https:\/\/www.univ-guyane.fr\/pt\/2025\/02\/19\/elections-des-representants-etudiants-au-cneser\/\" \/>\n<meta property=\"og:locale\" content=\"pt_BR\" \/>\n<meta property=\"og:type\" content=\"article\" \/>\n<meta property=\"og:title\" content=\"\u00c9lections des repr\u00e9sentants \u00e9tudiants au CNESER &#8212; Universit\u00e9 de Guyane\" \/>\n<meta property=\"og:description\" content=\"\u00c9lections des repr\u00e9sentants \u00e9tudiants au CNESER : Vos repr\u00e9sentants dans les instances pourront participer au scrutin 2025 !\" \/>\n<meta property=\"og:url\" content=\"https:\/\/www.univ-guyane.fr\/pt\/2025\/02\/19\/elections-des-representants-etudiants-au-cneser\/\" \/>\n<meta property=\"og:site_name\" content=\"Universit\u00e9 de Guyane\" \/>\n<meta property=\"article:publisher\" content=\"https:\/\/www.facebook.com\/univguyane\" \/>\n<meta property=\"article:published_time\" content=\"2025-02-19T20:57:27+00:00\" \/>\n<meta property=\"article:modified_time\" content=\"2025-05-12T13:25:13+00:00\" \/>\n<meta property=\"og:image\" content=\"https:\/\/www.univ-guyane.fr\/wp-content\/uploads\/CNESER-25-SITE-1.jpg\" \/>\n\t<meta property=\"og:image:width\" content=\"1920\" \/>\n\t<meta property=\"og:image:height\" content=\"1080\" \/>\n\t<meta property=\"og:image:type\" content=\"image\/jpeg\" \/>\n<meta name=\"author\" content=\"Erick Loiti\u00e8re\" \/>\n<meta name=\"twitter:card\" content=\"summary_large_image\" \/>\n<meta name=\"twitter:creator\" content=\"@univguyane\" \/>\n<meta name=\"twitter:site\" content=\"@univguyane\" \/>\n<meta name=\"twitter:label1\" content=\"Escrito por\" \/>\n\t<meta name=\"twitter:data1\" content=\"Erick Loiti\u00e8re\" \/>\n\t<meta name=\"twitter:label2\" content=\"Est. tempo de leitura\" \/>\n\t<meta name=\"twitter:data2\" content=\"3 minutos\" \/>\n<script type=\"application\/ld+json\" class=\"yoast-schema-graph\">{\"@context\":\"https:\\\/\\\/schema.org\",\"@graph\":[{\"@type\":\"Article\",\"@id\":\"https:\\\/\\\/www.univ-guyane.fr\\\/2025\\\/02\\\/19\\\/elections-des-representants-etudiants-au-cneser\\\/#article\",\"isPartOf\":{\"@id\":\"https:\\\/\\\/www.univ-guyane.fr\\\/2025\\\/02\\\/19\\\/elections-des-representants-etudiants-au-cneser\\\/\"},\"author\":{\"name\":\"Erick Loiti\u00e8re\",\"@id\":\"https:\\\/\\\/www.univ-guyane.fr\\\/#\\\/schema\\\/person\\\/86d946a28a8be51bb096ccfdf19db179\"},\"headline\":\"\u00c9lections des repr\u00e9sentants \u00e9tudiants au CNESER\",\"datePublished\":\"2025-02-19T20:57:27+00:00\",\"dateModified\":\"2025-05-12T13:25:13+00:00\",\"mainEntityOfPage\":{\"@id\":\"https:\\\/\\\/www.univ-guyane.fr\\\/2025\\\/02\\\/19\\\/elections-des-representants-etudiants-au-cneser\\\/\"},\"wordCount\":636,\"publisher\":{\"@id\":\"https:\\\/\\\/www.univ-guyane.fr\\\/#organization\"},\"image\":{\"@id\":\"https:\\\/\\\/www.univ-guyane.fr\\\/2025\\\/02\\\/19\\\/elections-des-representants-etudiants-au-cneser\\\/#primaryimage\"},\"thumbnailUrl\":\"https:\\\/\\\/www.univ-guyane.fr\\\/wp-content\\\/uploads\\\/CNESER-25-SITE-1.jpg\",\"articleSection\":[\"\u2022 DAJI\",\"\u2022 \u00c9lections\",\"\u2022 Universit\u00e9\"],\"inLanguage\":\"pt-BR\"},{\"@type\":\"WebPage\",\"@id\":\"https:\\\/\\\/www.univ-guyane.fr\\\/2025\\\/02\\\/19\\\/elections-des-representants-etudiants-au-cneser\\\/\",\"url\":\"https:\\\/\\\/www.univ-guyane.fr\\\/2025\\\/02\\\/19\\\/elections-des-representants-etudiants-au-cneser\\\/\",\"name\":\"\u00c9lections des repr\u00e9sentants \u00e9tudiants au CNESER &#8212; Universit\u00e9 de Guyane\",\"isPartOf\":{\"@id\":\"https:\\\/\\\/www.univ-guyane.fr\\\/#website\"},\"primaryImageOfPage\":{\"@id\":\"https:\\\/\\\/www.univ-guyane.fr\\\/2025\\\/02\\\/19\\\/elections-des-representants-etudiants-au-cneser\\\/#primaryimage\"},\"image\":{\"@id\":\"https:\\\/\\\/www.univ-guyane.fr\\\/2025\\\/02\\\/19\\\/elections-des-representants-etudiants-au-cneser\\\/#primaryimage\"},\"thumbnailUrl\":\"https:\\\/\\\/www.univ-guyane.fr\\\/wp-content\\\/uploads\\\/CNESER-25-SITE-1.jpg\",\"datePublished\":\"2025-02-19T20:57:27+00:00\",\"dateModified\":\"2025-05-12T13:25:13+00:00\",\"description\":\"\u00c9lections des repr\u00e9sentants \u00e9tudiants au CNESER : Vos repr\u00e9sentants dans les instances pourront participer au scrutin 2025 !\",\"breadcrumb\":{\"@id\":\"https:\\\/\\\/www.univ-guyane.fr\\\/2025\\\/02\\\/19\\\/elections-des-representants-etudiants-au-cneser\\\/#breadcrumb\"},\"inLanguage\":\"pt-BR\",\"potentialAction\":[{\"@type\":\"ReadAction\",\"target\":[\"https:\\\/\\\/www.univ-guyane.fr\\\/2025\\\/02\\\/19\\\/elections-des-representants-etudiants-au-cneser\\\/\"]}]},{\"@type\":\"ImageObject\",\"inLanguage\":\"pt-BR\",\"@id\":\"https:\\\/\\\/www.univ-guyane.fr\\\/2025\\\/02\\\/19\\\/elections-des-representants-etudiants-au-cneser\\\/#primaryimage\",\"url\":\"https:\\\/\\\/www.univ-guyane.fr\\\/wp-content\\\/uploads\\\/CNESER-25-SITE-1.jpg\",\"contentUrl\":\"https:\\\/\\\/www.univ-guyane.fr\\\/wp-content\\\/uploads\\\/CNESER-25-SITE-1.jpg\",\"width\":1920,\"height\":1080},{\"@type\":\"BreadcrumbList\",\"@id\":\"https:\\\/\\\/www.univ-guyane.fr\\\/2025\\\/02\\\/19\\\/elections-des-representants-etudiants-au-cneser\\\/#breadcrumb\",\"itemListElement\":[{\"@type\":\"ListItem\",\"position\":1,\"name\":\"Accueil\",\"item\":\"https:\\\/\\\/www.univ-guyane.fr\\\/\"},{\"@type\":\"ListItem\",\"position\":2,\"name\":\"\u00c9lections des repr\u00e9sentants \u00e9tudiants au CNESER\"}]},{\"@type\":\"WebSite\",\"@id\":\"https:\\\/\\\/www.univ-guyane.fr\\\/#website\",\"url\":\"https:\\\/\\\/www.univ-guyane.fr\\\/\",\"name\":\"Universit\u00e9 de Guyane\",\"description\":\"Au c\u0153ur de l&#039;amazonie\",\"publisher\":{\"@id\":\"https:\\\/\\\/www.univ-guyane.fr\\\/#organization\"},\"alternateName\":\"UG\",\"potentialAction\":[{\"@type\":\"SearchAction\",\"target\":{\"@type\":\"EntryPoint\",\"urlTemplate\":\"https:\\\/\\\/www.univ-guyane.fr\\\/?s={search_term_string}\"},\"query-input\":{\"@type\":\"PropertyValueSpecification\",\"valueRequired\":true,\"valueName\":\"search_term_string\"}}],\"inLanguage\":\"pt-BR\"},{\"@type\":\"Organization\",\"@id\":\"https:\\\/\\\/www.univ-guyane.fr\\\/#organization\",\"name\":\"Universit\u00e9 de Guyane\",\"alternateName\":\"UG\",\"url\":\"https:\\\/\\\/www.univ-guyane.fr\\\/\",\"logo\":{\"@type\":\"ImageObject\",\"inLanguage\":\"pt-BR\",\"@id\":\"https:\\\/\\\/www.univ-guyane.fr\\\/#\\\/schema\\\/logo\\\/image\\\/\",\"url\":\"https:\\\/\\\/www.univ-guyane.fr\\\/wp-content\\\/uploads\\\/2024\\\/05\\\/f.png\",\"contentUrl\":\"https:\\\/\\\/www.univ-guyane.fr\\\/wp-content\\\/uploads\\\/2024\\\/05\\\/f.png\",\"width\":1024,\"height\":1024,\"caption\":\"Universit\u00e9 de Guyane\"},\"image\":{\"@id\":\"https:\\\/\\\/www.univ-guyane.fr\\\/#\\\/schema\\\/logo\\\/image\\\/\"},\"sameAs\":[\"https:\\\/\\\/www.facebook.com\\\/univguyane\",\"https:\\\/\\\/x.com\\\/univguyane\",\"https:\\\/\\\/gf.linkedin.com\\\/school\\\/universite-de-guyane\\\/\",\"https:\\\/\\\/www.instagram.com\\\/univ_guyane\\\/\"]},{\"@type\":\"Person\",\"@id\":\"https:\\\/\\\/www.univ-guyane.fr\\\/#\\\/schema\\\/person\\\/86d946a28a8be51bb096ccfdf19db179\",\"name\":\"Erick Loiti\u00e8re\",\"image\":{\"@type\":\"ImageObject\",\"inLanguage\":\"pt-BR\",\"@id\":\"https:\\\/\\\/secure.gravatar.com\\\/avatar\\\/0584f332103fbeaf37e52c73b15dca3c547fd9300deb05764e9ad8714839d072?s=96&d=robohash&r=g\",\"url\":\"https:\\\/\\\/secure.gravatar.com\\\/avatar\\\/0584f332103fbeaf37e52c73b15dca3c547fd9300deb05764e9ad8714839d072?s=96&d=robohash&r=g\",\"contentUrl\":\"https:\\\/\\\/secure.gravatar.com\\\/avatar\\\/0584f332103fbeaf37e52c73b15dca3c547fd9300deb05764e9ad8714839d072?s=96&d=robohash&r=g\",\"caption\":\"Erick Loiti\u00e8re\"},\"sameAs\":[\"http:\\\/\\\/www.univ-guyane.fr\"],\"url\":\"https:\\\/\\\/www.univ-guyane.fr\\\/pt\\\/author\\\/eloitierdbz\\\/\"}]}<\/script>\n<!-- \/ Yoast SEO plugin. -->","yoast_head_json":{"title":"Elei\u00e7\u00f5es de representantes estudantis para o CNESER - University of Guyana","description":"Elei\u00e7\u00f5es para representantes estudantis no CNESER: seus representantes nos \u00f3rg\u00e3os poder\u00e3o participar da vota\u00e7\u00e3o de 2025!","robots":{"index":"index","follow":"follow","max-snippet":"max-snippet:-1","max-image-preview":"max-image-preview:large","max-video-preview":"max-video-preview:-1"},"canonical":"https:\/\/www.univ-guyane.fr\/pt\/2025\/02\/19\/elections-des-representants-etudiants-au-cneser\/","og_locale":"pt_BR","og_type":"article","og_title":"\u00c9lections des repr\u00e9sentants \u00e9tudiants au CNESER &#8212; Universit\u00e9 de Guyane","og_description":"\u00c9lections des repr\u00e9sentants \u00e9tudiants au CNESER : Vos repr\u00e9sentants dans les instances pourront participer au scrutin 2025 !","og_url":"https:\/\/www.univ-guyane.fr\/pt\/2025\/02\/19\/elections-des-representants-etudiants-au-cneser\/","og_site_name":"Universit\u00e9 de Guyane","article_publisher":"https:\/\/www.facebook.com\/univguyane","article_published_time":"2025-02-19T20:57:27+00:00","article_modified_time":"2025-05-12T13:25:13+00:00","og_image":[{"width":1920,"height":1080,"url":"https:\/\/www.univ-guyane.fr\/wp-content\/uploads\/CNESER-25-SITE-1.jpg","type":"image\/jpeg"}],"author":"Erick Loiti\u00e8re","twitter_card":"summary_large_image","twitter_creator":"@univguyane","twitter_site":"@univguyane","twitter_misc":{"Escrito por":"Erick Loiti\u00e8re","Est. tempo de leitura":"3 minutos"},"schema":{"@context":"https:\/\/schema.org","@graph":[{"@type":"Article","@id":"https:\/\/www.univ-guyane.fr\/2025\/02\/19\/elections-des-representants-etudiants-au-cneser\/#article","isPartOf":{"@id":"https:\/\/www.univ-guyane.fr\/2025\/02\/19\/elections-des-representants-etudiants-au-cneser\/"},"author":{"name":"Erick Loiti\u00e8re","@id":"https:\/\/www.univ-guyane.fr\/#\/schema\/person\/86d946a28a8be51bb096ccfdf19db179"},"headline":"\u00c9lections des repr\u00e9sentants \u00e9tudiants au CNESER","datePublished":"2025-02-19T20:57:27+00:00","dateModified":"2025-05-12T13:25:13+00:00","mainEntityOfPage":{"@id":"https:\/\/www.univ-guyane.fr\/2025\/02\/19\/elections-des-representants-etudiants-au-cneser\/"},"wordCount":636,"publisher":{"@id":"https:\/\/www.univ-guyane.fr\/#organization"},"image":{"@id":"https:\/\/www.univ-guyane.fr\/2025\/02\/19\/elections-des-representants-etudiants-au-cneser\/#primaryimage"},"thumbnailUrl":"https:\/\/www.univ-guyane.fr\/wp-content\/uploads\/CNESER-25-SITE-1.jpg","articleSection":["\u2022 DAJI","\u2022 \u00c9lections","\u2022 Universit\u00e9"],"inLanguage":"pt-BR"},{"@type":"WebPage","@id":"https:\/\/www.univ-guyane.fr\/2025\/02\/19\/elections-des-representants-etudiants-au-cneser\/","url":"https:\/\/www.univ-guyane.fr\/2025\/02\/19\/elections-des-representants-etudiants-au-cneser\/","name":"Elei\u00e7\u00f5es de representantes estudantis para o CNESER - University of Guyana","isPartOf":{"@id":"https:\/\/www.univ-guyane.fr\/#website"},"primaryImageOfPage":{"@id":"https:\/\/www.univ-guyane.fr\/2025\/02\/19\/elections-des-representants-etudiants-au-cneser\/#primaryimage"},"image":{"@id":"https:\/\/www.univ-guyane.fr\/2025\/02\/19\/elections-des-representants-etudiants-au-cneser\/#primaryimage"},"thumbnailUrl":"https:\/\/www.univ-guyane.fr\/wp-content\/uploads\/CNESER-25-SITE-1.jpg","datePublished":"2025-02-19T20:57:27+00:00","dateModified":"2025-05-12T13:25:13+00:00","description":"Elei\u00e7\u00f5es para representantes estudantis no CNESER: seus representantes nos \u00f3rg\u00e3os poder\u00e3o participar da vota\u00e7\u00e3o de 2025!","breadcrumb":{"@id":"https:\/\/www.univ-guyane.fr\/2025\/02\/19\/elections-des-representants-etudiants-au-cneser\/#breadcrumb"},"inLanguage":"pt-BR","potentialAction":[{"@type":"ReadAction","target":["https:\/\/www.univ-guyane.fr\/2025\/02\/19\/elections-des-representants-etudiants-au-cneser\/"]}]},{"@type":"ImageObject","inLanguage":"pt-BR","@id":"https:\/\/www.univ-guyane.fr\/2025\/02\/19\/elections-des-representants-etudiants-au-cneser\/#primaryimage","url":"https:\/\/www.univ-guyane.fr\/wp-content\/uploads\/CNESER-25-SITE-1.jpg","contentUrl":"https:\/\/www.univ-guyane.fr\/wp-content\/uploads\/CNESER-25-SITE-1.jpg","width":1920,"height":1080},{"@type":"BreadcrumbList","@id":"https:\/\/www.univ-guyane.fr\/2025\/02\/19\/elections-des-representants-etudiants-au-cneser\/#breadcrumb","itemListElement":[{"@type":"ListItem","position":1,"name":"Accueil","item":"https:\/\/www.univ-guyane.fr\/"},{"@type":"ListItem","position":2,"name":"\u00c9lections des repr\u00e9sentants \u00e9tudiants au CNESER"}]},{"@type":"WebSite","@id":"https:\/\/www.univ-guyane.fr\/#website","url":"https:\/\/www.univ-guyane.fr\/","name":"Universidade da Guiana","description":"No cora\u00e7\u00e3o da Amaz\u00f4nia","publisher":{"@id":"https:\/\/www.univ-guyane.fr\/#organization"},"alternateName":"UG","potentialAction":[{"@type":"SearchAction","target":{"@type":"EntryPoint","urlTemplate":"https:\/\/www.univ-guyane.fr\/?s={search_term_string}"},"query-input":{"@type":"PropertyValueSpecification","valueRequired":true,"valueName":"search_term_string"}}],"inLanguage":"pt-BR"},{"@type":"Organization","@id":"https:\/\/www.univ-guyane.fr\/#organization","name":"Universidade da Guiana","alternateName":"UG","url":"https:\/\/www.univ-guyane.fr\/","logo":{"@type":"ImageObject","inLanguage":"pt-BR","@id":"https:\/\/www.univ-guyane.fr\/#\/schema\/logo\/image\/","url":"https:\/\/www.univ-guyane.fr\/wp-content\/uploads\/2024\/05\/f.png","contentUrl":"https:\/\/www.univ-guyane.fr\/wp-content\/uploads\/2024\/05\/f.png","width":1024,"height":1024,"caption":"Universit\u00e9 de Guyane"},"image":{"@id":"https:\/\/www.univ-guyane.fr\/#\/schema\/logo\/image\/"},"sameAs":["https:\/\/www.facebook.com\/univguyane","https:\/\/x.com\/univguyane","https:\/\/gf.linkedin.com\/school\/universite-de-guyane\/","https:\/\/www.instagram.com\/univ_guyane\/"]},{"@type":"Person","@id":"https:\/\/www.univ-guyane.fr\/#\/schema\/person\/86d946a28a8be51bb096ccfdf19db179","name":"Erick Loiti\u00e8re","image":{"@type":"ImageObject","inLanguage":"pt-BR","@id":"https:\/\/secure.gravatar.com\/avatar\/0584f332103fbeaf37e52c73b15dca3c547fd9300deb05764e9ad8714839d072?s=96&d=robohash&r=g","url":"https:\/\/secure.gravatar.com\/avatar\/0584f332103fbeaf37e52c73b15dca3c547fd9300deb05764e9ad8714839d072?s=96&d=robohash&r=g","contentUrl":"https:\/\/secure.gravatar.com\/avatar\/0584f332103fbeaf37e52c73b15dca3c547fd9300deb05764e9ad8714839d072?s=96&d=robohash&r=g","caption":"Erick Loiti\u00e8re"},"sameAs":["http:\/\/www.univ-guyane.fr"],"url":"https:\/\/www.univ-guyane.fr\/pt\/author\/eloitierdbz\/"}]}},"_links":{"self":[{"href":"https:\/\/www.univ-guyane.fr\/pt\/wp-json\/wp\/v2\/posts\/12514","targetHints":{"allow":["GET"]}}],"collection":[{"href":"https:\/\/www.univ-guyane.fr\/pt\/wp-json\/wp\/v2\/posts"}],"about":[{"href":"https:\/\/www.univ-guyane.fr\/pt\/wp-json\/wp\/v2\/types\/post"}],"author":[{"embeddable":true,"href":"https:\/\/www.univ-guyane.fr\/pt\/wp-json\/wp\/v2\/users\/1"}],"replies":[{"embeddable":true,"href":"https:\/\/www.univ-guyane.fr\/pt\/wp-json\/wp\/v2\/comments?post=12514"}],"version-history":[{"count":3,"href":"https:\/\/www.univ-guyane.fr\/pt\/wp-json\/wp\/v2\/posts\/12514\/revisions"}],"predecessor-version":[{"id":12719,"href":"https:\/\/www.univ-guyane.fr\/pt\/wp-json\/wp\/v2\/posts\/12514\/revisions\/12719"}],"wp:featuredmedia":[{"embeddable":true,"href":"https:\/\/www.univ-guyane.fr\/pt\/wp-json\/wp\/v2\/media\/12528"}],"wp:attachment":[{"href":"https:\/\/www.univ-guyane.fr\/pt\/wp-json\/wp\/v2\/media?parent=12514"}],"wp:term":[{"taxonomy":"category","embeddable":true,"href":"https:\/\/www.univ-guyane.fr\/pt\/wp-json\/wp\/v2\/categories?post=12514"},{"taxonomy":"post_tag","embeddable":true,"href":"https:\/\/www.univ-guyane.fr\/pt\/wp-json\/wp\/v2\/tags?post=12514"}],"curies":[{"name":"wp","href":"https:\/\/api.w.org\/{rel}","templated":true}]}}