{"id":12694,"date":"2025-04-17T17:02:18","date_gmt":"2025-04-17T20:02:18","guid":{"rendered":"https:\/\/www.univ-guyane.fr\/?p=12694"},"modified":"2025-04-17T17:02:18","modified_gmt":"2025-04-17T20:02:18","slug":"conference-inaugurale-de-linstitut-detudes-judiciaires-en-guyane-un-moment-historique","status":"publish","type":"post","link":"https:\/\/www.univ-guyane.fr\/pt\/2025\/04\/17\/conference-inaugurale-de-linstitut-detudes-judiciaires-en-guyane-un-moment-historique\/","title":{"rendered":"Confer\u00eancia inaugural do Instituto de Estudos Judici\u00e1rios na Guiana Francesa: um momento hist\u00f3rico"},"content":{"rendered":"<div id=\"fws_69f36246b9da5\"  data-column-margin=\"default\" data-midnight=\"dark\"  class=\"wpb_row vc_row-fluid vc_row\"  style=\"padding-top: 0px; padding-bottom: 0px; \"><div class=\"row-bg-wrap\" data-bg-animation=\"none\" data-bg-animation-delay=\"\" data-bg-overlay=\"false\"><div class=\"inner-wrap row-bg-layer\" ><div class=\"row-bg viewport-desktop\"  style=\"\"><\/div><\/div><\/div><div class=\"row_col_wrap_12 col span_12 dark left\">\n\t<div  class=\"vc_col-sm-12 wpb_column column_container vc_column_container col no-extra-padding inherit_tablet inherit_phone\"  data-padding-pos=\"all\" data-has-bg-color=\"false\" data-bg-color=\"\" data-bg-opacity=\"1\" data-animation=\"\" data-delay=\"0\" >\n\t\t<div class=\"vc_column-inner\" >\n\t\t\t<div class=\"wpb_wrapper\">\n\t\t\t\t\n<div class=\"wpb_text_column wpb_content_element  chapo\" >\n\t<h2>Na ter\u00e7a-feira, 15 de abril de 2025, a Universidade da Guiana comemorou a inaugura\u00e7\u00e3o oficial de seu Instituto de Estudos Judiciais (IEJ) em uma cerim\u00f4nia solene no Anfiteatro A do campus Troubiran.<\/h2>\n<\/div>\n\n\n\n\n<div class=\"wpb_text_column wpb_content_element\" >\n\t<p>O evento, realizado sob o patroc\u00ednio de Christiane Taubira, ex-Ministra da Justi\u00e7a, contou com a presen\u00e7a de uma ampla gama de participantes do judici\u00e1rio e da profiss\u00e3o jur\u00eddica, destacando a import\u00e2ncia dessa nova estrutura para o desenvolvimento do setor jur\u00eddico na regi\u00e3o.<\/p>\n<p>Christiane Taubira, uma figura emblem\u00e1tica no cen\u00e1rio pol\u00edtico franc\u00eas, fez um discurso poderoso baseado no que ela chamou de \"as exce\u00e7\u00f5es da lei\". Ela convidou os alunos da primeira turma a adotarem uma abordagem cr\u00edtica do pensamento e a se apropriarem das ferramentas jur\u00eddicas para entender, questionar e transformar a sociedade.<\/p>\n<p>Ela usou os exemplos do Code Noir - aplic\u00e1vel na Guiana Francesa desde 1704 - para ilustrar uma exce\u00e7\u00e3o \u00e0 lei, bem como a lei de terras na Guiana Francesa, que difere significativamente daquela em vigor em outras regi\u00f5es francesas. Em sua opini\u00e3o, esses exemplos incorporam a complexidade da lei e a import\u00e2ncia de nunca perder de vista as realidades hist\u00f3ricas, sociais e culturais nas quais ela est\u00e1 inserida.<\/p>\n<p>Abordando as principais quest\u00f5es contempor\u00e2neas, o Ministro abriu uma s\u00e9rie de caminhos de reflex\u00e3o para os futuros profissionais do direito: o lugar do direito internacional nas desordens globais (os Tratados de Westphalia, a \u00e9tica internacional, o crime transnacional, etc.), as diferen\u00e7as entre os sistemas de direito comum e de direito continental, a urg\u00eancia dos direitos ambientais no contexto dos preparativos para a COP30 na Amaz\u00f4nia e o papel da economia social nas democracias modernas.<\/p>\n<p>A cria\u00e7\u00e3o do IEJ na Guiana Francesa marca um passo significativo para o ensino superior e o treinamento de profissionais da \u00e1rea jur\u00eddica na regi\u00e3o. Demonstra tamb\u00e9m a determina\u00e7\u00e3o da Universidade da Guiana Francesa em contribuir plenamente com os debates sociais, formando jovens esclarecidos, comprometidos e conectados com as quest\u00f5es do mundo atual.<\/p>\n<\/div>\n\n\n\n\n\t\t\t<\/div> \n\t\t<\/div>\n\t<\/div> \n<\/div><\/div>","protected":false},"excerpt":{"rendered":"Na ter\u00e7a-feira, 15 de abril de 2025, a Universidade da Guiana comemorou a inaugura\u00e7\u00e3o oficial de seu Instituto...","protected":false},"author":1,"featured_media":12695,"comment_status":"closed","ping_status":"open","sticky":false,"template":"","format":"standard","meta":{"iawp_total_views":309,"footnotes":""},"categories":[229],"tags":[],"class_list":{"0":"post-12694","1":"post","2":"type-post","3":"status-publish","4":"format-standard","5":"has-post-thumbnail","7":"category-universite-actualites"},"yoast_head":"<!-- This site is optimized with the Yoast SEO plugin v27.5 - https:\/\/yoast.com\/product\/yoast-seo-wordpress\/ -->\n<title>Conf\u00e9rence inaugurale de l\u2019Institut d\u2019\u00c9tudes Judiciaires en Guyane : un moment historique &#8212; Universit\u00e9 de Guyane<\/title>\n<meta name=\"description\" content=\"L\u2019Universit\u00e9 de Guyane a c\u00e9l\u00e9br\u00e9 l\u2019inauguration officielle de son Institut d\u2019\u00c9tudes Judiciaires lors d\u2019une c\u00e9r\u00e9monie solennelle\" \/>\n<meta name=\"robots\" content=\"index, follow, max-snippet:-1, max-image-preview:large, max-video-preview:-1\" \/>\n<link rel=\"canonical\" href=\"https:\/\/www.univ-guyane.fr\/pt\/2025\/04\/17\/conference-inaugurale-de-linstitut-detudes-judiciaires-en-guyane-un-moment-historique\/\" \/>\n<meta property=\"og:locale\" content=\"pt_BR\" \/>\n<meta property=\"og:type\" content=\"article\" \/>\n<meta property=\"og:title\" content=\"Conf\u00e9rence inaugurale de l\u2019Institut d\u2019\u00c9tudes Judiciaires en Guyane : un moment historique &#8212; Universit\u00e9 de Guyane\" \/>\n<meta property=\"og:description\" content=\"L\u2019Universit\u00e9 de Guyane a c\u00e9l\u00e9br\u00e9 l\u2019inauguration officielle de son Institut d\u2019\u00c9tudes Judiciaires lors d\u2019une c\u00e9r\u00e9monie solennelle\" \/>\n<meta property=\"og:url\" content=\"https:\/\/www.univ-guyane.fr\/pt\/2025\/04\/17\/conference-inaugurale-de-linstitut-detudes-judiciaires-en-guyane-un-moment-historique\/\" \/>\n<meta property=\"og:site_name\" content=\"Universit\u00e9 de Guyane\" \/>\n<meta property=\"article:publisher\" content=\"https:\/\/www.facebook.com\/univguyane\" \/>\n<meta property=\"article:published_time\" content=\"2025-04-17T20:02:18+00:00\" \/>\n<meta property=\"og:image\" content=\"https:\/\/www.univ-guyane.fr\/wp-content\/uploads\/IEJ.jpg\" \/>\n\t<meta property=\"og:image:width\" content=\"1920\" \/>\n\t<meta property=\"og:image:height\" content=\"1080\" \/>\n\t<meta property=\"og:image:type\" content=\"image\/jpeg\" \/>\n<meta name=\"author\" content=\"Erick Loiti\u00e8re\" \/>\n<meta name=\"twitter:card\" content=\"summary_large_image\" \/>\n<meta name=\"twitter:creator\" content=\"@univguyane\" \/>\n<meta name=\"twitter:site\" content=\"@univguyane\" \/>\n<meta name=\"twitter:label1\" content=\"Escrito por\" \/>\n\t<meta name=\"twitter:data1\" content=\"Erick Loiti\u00e8re\" \/>\n\t<meta name=\"twitter:label2\" content=\"Est. tempo de leitura\" \/>\n\t<meta name=\"twitter:data2\" content=\"2 minutos\" \/>\n<script type=\"application\/ld+json\" class=\"yoast-schema-graph\">{\"@context\":\"https:\\\/\\\/schema.org\",\"@graph\":[{\"@type\":\"Article\",\"@id\":\"https:\\\/\\\/www.univ-guyane.fr\\\/2025\\\/04\\\/17\\\/conference-inaugurale-de-linstitut-detudes-judiciaires-en-guyane-un-moment-historique\\\/#article\",\"isPartOf\":{\"@id\":\"https:\\\/\\\/www.univ-guyane.fr\\\/2025\\\/04\\\/17\\\/conference-inaugurale-de-linstitut-detudes-judiciaires-en-guyane-un-moment-historique\\\/\"},\"author\":{\"name\":\"Erick Loiti\u00e8re\",\"@id\":\"https:\\\/\\\/www.univ-guyane.fr\\\/#\\\/schema\\\/person\\\/86d946a28a8be51bb096ccfdf19db179\"},\"headline\":\"Conf\u00e9rence inaugurale de l\u2019Institut d\u2019\u00c9tudes Judiciaires en Guyane : un moment historique\",\"datePublished\":\"2025-04-17T20:02:18+00:00\",\"mainEntityOfPage\":{\"@id\":\"https:\\\/\\\/www.univ-guyane.fr\\\/2025\\\/04\\\/17\\\/conference-inaugurale-de-linstitut-detudes-judiciaires-en-guyane-un-moment-historique\\\/\"},\"wordCount\":563,\"publisher\":{\"@id\":\"https:\\\/\\\/www.univ-guyane.fr\\\/#organization\"},\"image\":{\"@id\":\"https:\\\/\\\/www.univ-guyane.fr\\\/2025\\\/04\\\/17\\\/conference-inaugurale-de-linstitut-detudes-judiciaires-en-guyane-un-moment-historique\\\/#primaryimage\"},\"thumbnailUrl\":\"https:\\\/\\\/www.univ-guyane.fr\\\/wp-content\\\/uploads\\\/IEJ.jpg\",\"articleSection\":[\"\u2022 Universit\u00e9\"],\"inLanguage\":\"pt-BR\"},{\"@type\":\"WebPage\",\"@id\":\"https:\\\/\\\/www.univ-guyane.fr\\\/2025\\\/04\\\/17\\\/conference-inaugurale-de-linstitut-detudes-judiciaires-en-guyane-un-moment-historique\\\/\",\"url\":\"https:\\\/\\\/www.univ-guyane.fr\\\/2025\\\/04\\\/17\\\/conference-inaugurale-de-linstitut-detudes-judiciaires-en-guyane-un-moment-historique\\\/\",\"name\":\"Conf\u00e9rence inaugurale de l\u2019Institut d\u2019\u00c9tudes Judiciaires en Guyane : un moment historique &#8212; Universit\u00e9 de Guyane\",\"isPartOf\":{\"@id\":\"https:\\\/\\\/www.univ-guyane.fr\\\/#website\"},\"primaryImageOfPage\":{\"@id\":\"https:\\\/\\\/www.univ-guyane.fr\\\/2025\\\/04\\\/17\\\/conference-inaugurale-de-linstitut-detudes-judiciaires-en-guyane-un-moment-historique\\\/#primaryimage\"},\"image\":{\"@id\":\"https:\\\/\\\/www.univ-guyane.fr\\\/2025\\\/04\\\/17\\\/conference-inaugurale-de-linstitut-detudes-judiciaires-en-guyane-un-moment-historique\\\/#primaryimage\"},\"thumbnailUrl\":\"https:\\\/\\\/www.univ-guyane.fr\\\/wp-content\\\/uploads\\\/IEJ.jpg\",\"datePublished\":\"2025-04-17T20:02:18+00:00\",\"description\":\"L\u2019Universit\u00e9 de Guyane a c\u00e9l\u00e9br\u00e9 l\u2019inauguration officielle de son Institut d\u2019\u00c9tudes Judiciaires lors d\u2019une c\u00e9r\u00e9monie solennelle\",\"breadcrumb\":{\"@id\":\"https:\\\/\\\/www.univ-guyane.fr\\\/2025\\\/04\\\/17\\\/conference-inaugurale-de-linstitut-detudes-judiciaires-en-guyane-un-moment-historique\\\/#breadcrumb\"},\"inLanguage\":\"pt-BR\",\"potentialAction\":[{\"@type\":\"ReadAction\",\"target\":[\"https:\\\/\\\/www.univ-guyane.fr\\\/2025\\\/04\\\/17\\\/conference-inaugurale-de-linstitut-detudes-judiciaires-en-guyane-un-moment-historique\\\/\"]}]},{\"@type\":\"ImageObject\",\"inLanguage\":\"pt-BR\",\"@id\":\"https:\\\/\\\/www.univ-guyane.fr\\\/2025\\\/04\\\/17\\\/conference-inaugurale-de-linstitut-detudes-judiciaires-en-guyane-un-moment-historique\\\/#primaryimage\",\"url\":\"https:\\\/\\\/www.univ-guyane.fr\\\/wp-content\\\/uploads\\\/IEJ.jpg\",\"contentUrl\":\"https:\\\/\\\/www.univ-guyane.fr\\\/wp-content\\\/uploads\\\/IEJ.jpg\",\"width\":1920,\"height\":1080,\"caption\":\"Conf\u00e9rence inaugurale de l\u2019Institut d\u2019\u00c9tudes Judiciaires en Guyane\"},{\"@type\":\"BreadcrumbList\",\"@id\":\"https:\\\/\\\/www.univ-guyane.fr\\\/2025\\\/04\\\/17\\\/conference-inaugurale-de-linstitut-detudes-judiciaires-en-guyane-un-moment-historique\\\/#breadcrumb\",\"itemListElement\":[{\"@type\":\"ListItem\",\"position\":1,\"name\":\"Accueil\",\"item\":\"https:\\\/\\\/www.univ-guyane.fr\\\/\"},{\"@type\":\"ListItem\",\"position\":2,\"name\":\"Conf\u00e9rence inaugurale de l\u2019Institut d\u2019\u00c9tudes Judiciaires en Guyane : un moment historique\"}]},{\"@type\":\"WebSite\",\"@id\":\"https:\\\/\\\/www.univ-guyane.fr\\\/#website\",\"url\":\"https:\\\/\\\/www.univ-guyane.fr\\\/\",\"name\":\"Universit\u00e9 de Guyane\",\"description\":\"Au c\u0153ur de l&#039;amazonie\",\"publisher\":{\"@id\":\"https:\\\/\\\/www.univ-guyane.fr\\\/#organization\"},\"alternateName\":\"UG\",\"potentialAction\":[{\"@type\":\"SearchAction\",\"target\":{\"@type\":\"EntryPoint\",\"urlTemplate\":\"https:\\\/\\\/www.univ-guyane.fr\\\/?s={search_term_string}\"},\"query-input\":{\"@type\":\"PropertyValueSpecification\",\"valueRequired\":true,\"valueName\":\"search_term_string\"}}],\"inLanguage\":\"pt-BR\"},{\"@type\":\"Organization\",\"@id\":\"https:\\\/\\\/www.univ-guyane.fr\\\/#organization\",\"name\":\"Universit\u00e9 de Guyane\",\"alternateName\":\"UG\",\"url\":\"https:\\\/\\\/www.univ-guyane.fr\\\/\",\"logo\":{\"@type\":\"ImageObject\",\"inLanguage\":\"pt-BR\",\"@id\":\"https:\\\/\\\/www.univ-guyane.fr\\\/#\\\/schema\\\/logo\\\/image\\\/\",\"url\":\"https:\\\/\\\/www.univ-guyane.fr\\\/wp-content\\\/uploads\\\/2024\\\/05\\\/f.png\",\"contentUrl\":\"https:\\\/\\\/www.univ-guyane.fr\\\/wp-content\\\/uploads\\\/2024\\\/05\\\/f.png\",\"width\":1024,\"height\":1024,\"caption\":\"Universit\u00e9 de Guyane\"},\"image\":{\"@id\":\"https:\\\/\\\/www.univ-guyane.fr\\\/#\\\/schema\\\/logo\\\/image\\\/\"},\"sameAs\":[\"https:\\\/\\\/www.facebook.com\\\/univguyane\",\"https:\\\/\\\/x.com\\\/univguyane\",\"https:\\\/\\\/gf.linkedin.com\\\/school\\\/universite-de-guyane\\\/\",\"https:\\\/\\\/www.instagram.com\\\/univ_guyane\\\/\"]},{\"@type\":\"Person\",\"@id\":\"https:\\\/\\\/www.univ-guyane.fr\\\/#\\\/schema\\\/person\\\/86d946a28a8be51bb096ccfdf19db179\",\"name\":\"Erick Loiti\u00e8re\",\"image\":{\"@type\":\"ImageObject\",\"inLanguage\":\"pt-BR\",\"@id\":\"https:\\\/\\\/secure.gravatar.com\\\/avatar\\\/0584f332103fbeaf37e52c73b15dca3c547fd9300deb05764e9ad8714839d072?s=96&d=robohash&r=g\",\"url\":\"https:\\\/\\\/secure.gravatar.com\\\/avatar\\\/0584f332103fbeaf37e52c73b15dca3c547fd9300deb05764e9ad8714839d072?s=96&d=robohash&r=g\",\"contentUrl\":\"https:\\\/\\\/secure.gravatar.com\\\/avatar\\\/0584f332103fbeaf37e52c73b15dca3c547fd9300deb05764e9ad8714839d072?s=96&d=robohash&r=g\",\"caption\":\"Erick Loiti\u00e8re\"},\"sameAs\":[\"http:\\\/\\\/www.univ-guyane.fr\"],\"url\":\"https:\\\/\\\/www.univ-guyane.fr\\\/pt\\\/author\\\/eloitierdbz\\\/\"}]}<\/script>\n<!-- \/ Yoast SEO plugin. -->","yoast_head_json":{"title":"Conf\u00e9rence inaugurale de l\u2019Institut d\u2019\u00c9tudes Judiciaires en Guyane : un moment historique &#8212; Universit\u00e9 de Guyane","description":"L\u2019Universit\u00e9 de Guyane a c\u00e9l\u00e9br\u00e9 l\u2019inauguration officielle de son Institut d\u2019\u00c9tudes Judiciaires lors d\u2019une c\u00e9r\u00e9monie solennelle","robots":{"index":"index","follow":"follow","max-snippet":"max-snippet:-1","max-image-preview":"max-image-preview:large","max-video-preview":"max-video-preview:-1"},"canonical":"https:\/\/www.univ-guyane.fr\/pt\/2025\/04\/17\/conference-inaugurale-de-linstitut-detudes-judiciaires-en-guyane-un-moment-historique\/","og_locale":"pt_BR","og_type":"article","og_title":"Conf\u00e9rence inaugurale de l\u2019Institut d\u2019\u00c9tudes Judiciaires en Guyane : un moment historique &#8212; Universit\u00e9 de Guyane","og_description":"L\u2019Universit\u00e9 de Guyane a c\u00e9l\u00e9br\u00e9 l\u2019inauguration officielle de son Institut d\u2019\u00c9tudes Judiciaires lors d\u2019une c\u00e9r\u00e9monie solennelle","og_url":"https:\/\/www.univ-guyane.fr\/pt\/2025\/04\/17\/conference-inaugurale-de-linstitut-detudes-judiciaires-en-guyane-un-moment-historique\/","og_site_name":"Universit\u00e9 de Guyane","article_publisher":"https:\/\/www.facebook.com\/univguyane","article_published_time":"2025-04-17T20:02:18+00:00","og_image":[{"width":1920,"height":1080,"url":"https:\/\/www.univ-guyane.fr\/wp-content\/uploads\/IEJ.jpg","type":"image\/jpeg"}],"author":"Erick Loiti\u00e8re","twitter_card":"summary_large_image","twitter_creator":"@univguyane","twitter_site":"@univguyane","twitter_misc":{"Escrito por":"Erick Loiti\u00e8re","Est. tempo de leitura":"2 minutos"},"schema":{"@context":"https:\/\/schema.org","@graph":[{"@type":"Article","@id":"https:\/\/www.univ-guyane.fr\/2025\/04\/17\/conference-inaugurale-de-linstitut-detudes-judiciaires-en-guyane-un-moment-historique\/#article","isPartOf":{"@id":"https:\/\/www.univ-guyane.fr\/2025\/04\/17\/conference-inaugurale-de-linstitut-detudes-judiciaires-en-guyane-un-moment-historique\/"},"author":{"name":"Erick Loiti\u00e8re","@id":"https:\/\/www.univ-guyane.fr\/#\/schema\/person\/86d946a28a8be51bb096ccfdf19db179"},"headline":"Conf\u00e9rence inaugurale de l\u2019Institut d\u2019\u00c9tudes Judiciaires en Guyane : un moment historique","datePublished":"2025-04-17T20:02:18+00:00","mainEntityOfPage":{"@id":"https:\/\/www.univ-guyane.fr\/2025\/04\/17\/conference-inaugurale-de-linstitut-detudes-judiciaires-en-guyane-un-moment-historique\/"},"wordCount":563,"publisher":{"@id":"https:\/\/www.univ-guyane.fr\/#organization"},"image":{"@id":"https:\/\/www.univ-guyane.fr\/2025\/04\/17\/conference-inaugurale-de-linstitut-detudes-judiciaires-en-guyane-un-moment-historique\/#primaryimage"},"thumbnailUrl":"https:\/\/www.univ-guyane.fr\/wp-content\/uploads\/IEJ.jpg","articleSection":["\u2022 Universit\u00e9"],"inLanguage":"pt-BR"},{"@type":"WebPage","@id":"https:\/\/www.univ-guyane.fr\/2025\/04\/17\/conference-inaugurale-de-linstitut-detudes-judiciaires-en-guyane-un-moment-historique\/","url":"https:\/\/www.univ-guyane.fr\/2025\/04\/17\/conference-inaugurale-de-linstitut-detudes-judiciaires-en-guyane-un-moment-historique\/","name":"Conf\u00e9rence inaugurale de l\u2019Institut d\u2019\u00c9tudes Judiciaires en Guyane : un moment historique &#8212; Universit\u00e9 de Guyane","isPartOf":{"@id":"https:\/\/www.univ-guyane.fr\/#website"},"primaryImageOfPage":{"@id":"https:\/\/www.univ-guyane.fr\/2025\/04\/17\/conference-inaugurale-de-linstitut-detudes-judiciaires-en-guyane-un-moment-historique\/#primaryimage"},"image":{"@id":"https:\/\/www.univ-guyane.fr\/2025\/04\/17\/conference-inaugurale-de-linstitut-detudes-judiciaires-en-guyane-un-moment-historique\/#primaryimage"},"thumbnailUrl":"https:\/\/www.univ-guyane.fr\/wp-content\/uploads\/IEJ.jpg","datePublished":"2025-04-17T20:02:18+00:00","description":"L\u2019Universit\u00e9 de Guyane a c\u00e9l\u00e9br\u00e9 l\u2019inauguration officielle de son Institut d\u2019\u00c9tudes Judiciaires lors d\u2019une c\u00e9r\u00e9monie solennelle","breadcrumb":{"@id":"https:\/\/www.univ-guyane.fr\/2025\/04\/17\/conference-inaugurale-de-linstitut-detudes-judiciaires-en-guyane-un-moment-historique\/#breadcrumb"},"inLanguage":"pt-BR","potentialAction":[{"@type":"ReadAction","target":["https:\/\/www.univ-guyane.fr\/2025\/04\/17\/conference-inaugurale-de-linstitut-detudes-judiciaires-en-guyane-un-moment-historique\/"]}]},{"@type":"ImageObject","inLanguage":"pt-BR","@id":"https:\/\/www.univ-guyane.fr\/2025\/04\/17\/conference-inaugurale-de-linstitut-detudes-judiciaires-en-guyane-un-moment-historique\/#primaryimage","url":"https:\/\/www.univ-guyane.fr\/wp-content\/uploads\/IEJ.jpg","contentUrl":"https:\/\/www.univ-guyane.fr\/wp-content\/uploads\/IEJ.jpg","width":1920,"height":1080,"caption":"Conf\u00e9rence inaugurale de l\u2019Institut d\u2019\u00c9tudes Judiciaires en Guyane"},{"@type":"BreadcrumbList","@id":"https:\/\/www.univ-guyane.fr\/2025\/04\/17\/conference-inaugurale-de-linstitut-detudes-judiciaires-en-guyane-un-moment-historique\/#breadcrumb","itemListElement":[{"@type":"ListItem","position":1,"name":"Accueil","item":"https:\/\/www.univ-guyane.fr\/"},{"@type":"ListItem","position":2,"name":"Conf\u00e9rence inaugurale de l\u2019Institut d\u2019\u00c9tudes Judiciaires en Guyane : un moment historique"}]},{"@type":"WebSite","@id":"https:\/\/www.univ-guyane.fr\/#website","url":"https:\/\/www.univ-guyane.fr\/","name":"Universidade da Guiana","description":"No cora\u00e7\u00e3o da Amaz\u00f4nia","publisher":{"@id":"https:\/\/www.univ-guyane.fr\/#organization"},"alternateName":"UG","potentialAction":[{"@type":"SearchAction","target":{"@type":"EntryPoint","urlTemplate":"https:\/\/www.univ-guyane.fr\/?s={search_term_string}"},"query-input":{"@type":"PropertyValueSpecification","valueRequired":true,"valueName":"search_term_string"}}],"inLanguage":"pt-BR"},{"@type":"Organization","@id":"https:\/\/www.univ-guyane.fr\/#organization","name":"Universidade da Guiana","alternateName":"UG","url":"https:\/\/www.univ-guyane.fr\/","logo":{"@type":"ImageObject","inLanguage":"pt-BR","@id":"https:\/\/www.univ-guyane.fr\/#\/schema\/logo\/image\/","url":"https:\/\/www.univ-guyane.fr\/wp-content\/uploads\/2024\/05\/f.png","contentUrl":"https:\/\/www.univ-guyane.fr\/wp-content\/uploads\/2024\/05\/f.png","width":1024,"height":1024,"caption":"Universit\u00e9 de Guyane"},"image":{"@id":"https:\/\/www.univ-guyane.fr\/#\/schema\/logo\/image\/"},"sameAs":["https:\/\/www.facebook.com\/univguyane","https:\/\/x.com\/univguyane","https:\/\/gf.linkedin.com\/school\/universite-de-guyane\/","https:\/\/www.instagram.com\/univ_guyane\/"]},{"@type":"Person","@id":"https:\/\/www.univ-guyane.fr\/#\/schema\/person\/86d946a28a8be51bb096ccfdf19db179","name":"Erick Loiti\u00e8re","image":{"@type":"ImageObject","inLanguage":"pt-BR","@id":"https:\/\/secure.gravatar.com\/avatar\/0584f332103fbeaf37e52c73b15dca3c547fd9300deb05764e9ad8714839d072?s=96&d=robohash&r=g","url":"https:\/\/secure.gravatar.com\/avatar\/0584f332103fbeaf37e52c73b15dca3c547fd9300deb05764e9ad8714839d072?s=96&d=robohash&r=g","contentUrl":"https:\/\/secure.gravatar.com\/avatar\/0584f332103fbeaf37e52c73b15dca3c547fd9300deb05764e9ad8714839d072?s=96&d=robohash&r=g","caption":"Erick Loiti\u00e8re"},"sameAs":["http:\/\/www.univ-guyane.fr"],"url":"https:\/\/www.univ-guyane.fr\/pt\/author\/eloitierdbz\/"}]}},"_links":{"self":[{"href":"https:\/\/www.univ-guyane.fr\/pt\/wp-json\/wp\/v2\/posts\/12694","targetHints":{"allow":["GET"]}}],"collection":[{"href":"https:\/\/www.univ-guyane.fr\/pt\/wp-json\/wp\/v2\/posts"}],"about":[{"href":"https:\/\/www.univ-guyane.fr\/pt\/wp-json\/wp\/v2\/types\/post"}],"author":[{"embeddable":true,"href":"https:\/\/www.univ-guyane.fr\/pt\/wp-json\/wp\/v2\/users\/1"}],"replies":[{"embeddable":true,"href":"https:\/\/www.univ-guyane.fr\/pt\/wp-json\/wp\/v2\/comments?post=12694"}],"version-history":[{"count":1,"href":"https:\/\/www.univ-guyane.fr\/pt\/wp-json\/wp\/v2\/posts\/12694\/revisions"}],"predecessor-version":[{"id":12696,"href":"https:\/\/www.univ-guyane.fr\/pt\/wp-json\/wp\/v2\/posts\/12694\/revisions\/12696"}],"wp:featuredmedia":[{"embeddable":true,"href":"https:\/\/www.univ-guyane.fr\/pt\/wp-json\/wp\/v2\/media\/12695"}],"wp:attachment":[{"href":"https:\/\/www.univ-guyane.fr\/pt\/wp-json\/wp\/v2\/media?parent=12694"}],"wp:term":[{"taxonomy":"category","embeddable":true,"href":"https:\/\/www.univ-guyane.fr\/pt\/wp-json\/wp\/v2\/categories?post=12694"},{"taxonomy":"post_tag","embeddable":true,"href":"https:\/\/www.univ-guyane.fr\/pt\/wp-json\/wp\/v2\/tags?post=12694"}],"curies":[{"name":"wp","href":"https:\/\/api.w.org\/{rel}","templated":true}]}}