{"id":12772,"date":"2025-05-19T10:24:31","date_gmt":"2025-05-19T13:24:31","guid":{"rendered":"https:\/\/www.univ-guyane.fr\/?p=12772"},"modified":"2025-05-19T10:24:31","modified_gmt":"2025-05-19T13:24:31","slug":"carrefour-de-lalternance-renforcer-les-liens-entre-universite-et-entreprises","status":"publish","type":"post","link":"https:\/\/www.univ-guyane.fr\/pt\/2025\/05\/19\/carrefour-de-lalternance-renforcer-les-liens-entre-universite-et-entreprises\/","title":{"rendered":"Carrefour de l'alternance: fortalecendo os v\u00ednculos entre universidades e empresas"},"content":{"rendered":"<div id=\"fws_69f1f423958cc\"  data-column-margin=\"default\" data-midnight=\"dark\"  class=\"wpb_row vc_row-fluid vc_row\"  style=\"padding-top: 0px; padding-bottom: 0px; \"><div class=\"row-bg-wrap\" data-bg-animation=\"none\" data-bg-animation-delay=\"\" data-bg-overlay=\"false\"><div class=\"inner-wrap row-bg-layer\" ><div class=\"row-bg viewport-desktop\"  style=\"\"><\/div><\/div><\/div><div class=\"row_col_wrap_12 col span_12 dark left\">\n\t<div  class=\"vc_col-sm-12 wpb_column column_container vc_column_container col no-extra-padding inherit_tablet inherit_phone\"  data-padding-pos=\"all\" data-has-bg-color=\"false\" data-bg-color=\"\" data-bg-opacity=\"1\" data-animation=\"\" data-delay=\"0\" >\n\t\t<div class=\"vc_column-inner\" >\n\t\t\t<div class=\"wpb_wrapper\">\n\t\t\t\t\n<div class=\"wpb_text_column wpb_content_element  chapo\" >\n\t<h2>Na quarta-feira, 7 de maio de 2025, a Universidade da Guiana sediou a segunda edi\u00e7\u00e3o do Carrefour de l'alternance. Uma manh\u00e3 de reuni\u00f5es entre empresas, equipe de professores e alunos, para construir pontes pr\u00e1ticas entre a educa\u00e7\u00e3o e o mundo do trabalho.<\/h2>\n<\/div>\n\n\n\n\n<div class=\"wpb_text_column wpb_content_element\" >\n\t<p>O Carrefour de l'alternance 2025 foi realizado no campus de Troubiran. Organizado pela universidade CFA e apoiado pelo Departamento de Treinamento Profissional da Universidade (DFPU), o evento tinha um objetivo claro: promover o di\u00e1logo entre os programas de treinamento ligados ao trabalho da universidade e os agentes econ\u00f4micos locais.<\/p>\n<p>Cerca de vinte empresas compareceram. Elas puderam se informar sobre a oferta de cursos vinculados ao trabalho, conversar com os professores e conhecer os alunos.<\/p>\n<h2>Estandes hospedados pelos setores<\/h2>\n<p>Cada departamento tinha seu pr\u00f3prio estande. Professores e alunos apresentavam seus cursos, compartilhavam suas experi\u00eancias e explicavam as habilidades que haviam adquirido por meio do treinamento em regime de altern\u00e2ncia. Esse formato pr\u00f3ximo e pessoal permitiu trocas simples, concretas e humanas.<br \/>\nOs visitantes puderam fazer perguntas, informar-se sobre as caracter\u00edsticas espec\u00edficas dos cursos e compreender melhor as oportunidades de carreira dispon\u00edveis.<\/p>\n<h2>Experi\u00eancia da OPCO a servi\u00e7o dos projetos<\/h2>\n<p>Os \u00f3rg\u00e3os de financiamento do treinamento em altern\u00e2ncia (OPCOs) tamb\u00e9m estavam presentes. Sua presen\u00e7a forneceu informa\u00e7\u00f5es valiosas sobre :<\/p>\n<ul>\n<li>termos e condi\u00e7\u00f5es contratuais,<\/li>\n<li>a assist\u00eancia financeira dispon\u00edvel,<\/li>\n<li>o suporte oferecido \u00e0s empresas.<\/li>\n<\/ul>\n<p>Suas discuss\u00f5es com os participantes ajudaram a remover v\u00e1rios obst\u00e1culos e a esclarecer as condi\u00e7\u00f5es para a implementa\u00e7\u00e3o do treinamento vinculado ao trabalho.<\/p>\n<h2>Perspectivas concretas de colabora\u00e7\u00e3o<\/h2>\n<p>Algumas empresas vieram para se informar sobre os cursos. Outras expressaram uma necessidade imediata de recrutamento ou parceria. V\u00e1rios caminhos para a colabora\u00e7\u00e3o foram explorados durante as discuss\u00f5es.<\/p>\n<p>O feedback tem sido muito positivo, tanto de profissionais quanto de professores e alunos.<\/p>\n<p>Com esse evento, a Universidade da Guiana Francesa est\u00e1 confirmando seu compromisso com o treinamento de alta qualidade vinculado ao trabalho, em sintonia com as realidades econ\u00f4micas da regi\u00e3o.<br \/>\nO Carrefour de l'alternance est\u00e1 totalmente alinhado com essa din\u00e2mica, criando v\u00ednculos duradouros entre o ensino superior, as empresas e os jovens talentos guianenses.<\/p>\n<\/div>\n\n\n\n\n\t\t\t<\/div> \n\t\t<\/div>\n\t<\/div> \n<\/div><\/div>","protected":false},"excerpt":{"rendered":"Na quarta-feira, 7 de maio de 2025, a Universidade da Guiana sediou a segunda edi\u00e7\u00e3o do Carrefour...","protected":false},"author":1,"featured_media":12773,"comment_status":"closed","ping_status":"open","sticky":false,"template":"","format":"standard","meta":{"iawp_total_views":167,"footnotes":""},"categories":[240],"tags":[],"class_list":{"0":"post-12772","1":"post","2":"type-post","3":"status-publish","4":"format-standard","5":"has-post-thumbnail","7":"category-cfa-u"},"yoast_head":"<!-- This site is optimized with the Yoast SEO plugin v27.5 - https:\/\/yoast.com\/product\/yoast-seo-wordpress\/ -->\n<title>Carrefour de l\u2019alternance : renforcer les liens entre universit\u00e9 et entreprises &#8212; Universit\u00e9 de Guyane<\/title>\n<meta name=\"description\" content=\"Le Carrefour de l&#039;alternance 2025 a rassembl\u00e9 \u00e9tudiants et entreprises pour promouvoir les formations en alternance.\" \/>\n<meta name=\"robots\" content=\"index, follow, max-snippet:-1, max-image-preview:large, max-video-preview:-1\" \/>\n<link rel=\"canonical\" href=\"https:\/\/www.univ-guyane.fr\/pt\/2025\/05\/19\/carrefour-de-lalternance-renforcer-les-liens-entre-universite-et-entreprises\/\" \/>\n<meta property=\"og:locale\" content=\"pt_BR\" \/>\n<meta property=\"og:type\" content=\"article\" \/>\n<meta property=\"og:title\" content=\"Carrefour de l\u2019alternance : renforcer les liens entre universit\u00e9 et entreprises &#8212; Universit\u00e9 de Guyane\" \/>\n<meta property=\"og:description\" content=\"Le Carrefour de l&#039;alternance 2025 a rassembl\u00e9 \u00e9tudiants et entreprises pour promouvoir les formations en alternance.\" \/>\n<meta property=\"og:url\" content=\"https:\/\/www.univ-guyane.fr\/pt\/2025\/05\/19\/carrefour-de-lalternance-renforcer-les-liens-entre-universite-et-entreprises\/\" \/>\n<meta property=\"og:site_name\" content=\"Universit\u00e9 de Guyane\" \/>\n<meta property=\"article:publisher\" content=\"https:\/\/www.facebook.com\/univguyane\" \/>\n<meta property=\"article:published_time\" content=\"2025-05-19T13:24:31+00:00\" \/>\n<meta property=\"og:image\" content=\"https:\/\/www.univ-guyane.fr\/wp-content\/uploads\/Carrefour-alternance.jpg\" \/>\n\t<meta property=\"og:image:width\" content=\"1920\" \/>\n\t<meta property=\"og:image:height\" content=\"1080\" \/>\n\t<meta property=\"og:image:type\" content=\"image\/jpeg\" \/>\n<meta name=\"author\" content=\"Erick Loiti\u00e8re\" \/>\n<meta name=\"twitter:card\" content=\"summary_large_image\" \/>\n<meta name=\"twitter:creator\" content=\"@univguyane\" \/>\n<meta name=\"twitter:site\" content=\"@univguyane\" \/>\n<meta name=\"twitter:label1\" content=\"Escrito por\" \/>\n\t<meta name=\"twitter:data1\" content=\"Erick Loiti\u00e8re\" \/>\n\t<meta name=\"twitter:label2\" content=\"Est. tempo de leitura\" \/>\n\t<meta name=\"twitter:data2\" content=\"2 minutos\" \/>\n<script type=\"application\/ld+json\" class=\"yoast-schema-graph\">{\"@context\":\"https:\\\/\\\/schema.org\",\"@graph\":[{\"@type\":\"Article\",\"@id\":\"https:\\\/\\\/www.univ-guyane.fr\\\/2025\\\/05\\\/19\\\/carrefour-de-lalternance-renforcer-les-liens-entre-universite-et-entreprises\\\/#article\",\"isPartOf\":{\"@id\":\"https:\\\/\\\/www.univ-guyane.fr\\\/2025\\\/05\\\/19\\\/carrefour-de-lalternance-renforcer-les-liens-entre-universite-et-entreprises\\\/\"},\"author\":{\"name\":\"Erick Loiti\u00e8re\",\"@id\":\"https:\\\/\\\/www.univ-guyane.fr\\\/#\\\/schema\\\/person\\\/86d946a28a8be51bb096ccfdf19db179\"},\"headline\":\"Carrefour de l\u2019alternance : renforcer les liens entre universit\u00e9 et entreprises\",\"datePublished\":\"2025-05-19T13:24:31+00:00\",\"mainEntityOfPage\":{\"@id\":\"https:\\\/\\\/www.univ-guyane.fr\\\/2025\\\/05\\\/19\\\/carrefour-de-lalternance-renforcer-les-liens-entre-universite-et-entreprises\\\/\"},\"wordCount\":561,\"publisher\":{\"@id\":\"https:\\\/\\\/www.univ-guyane.fr\\\/#organization\"},\"image\":{\"@id\":\"https:\\\/\\\/www.univ-guyane.fr\\\/2025\\\/05\\\/19\\\/carrefour-de-lalternance-renforcer-les-liens-entre-universite-et-entreprises\\\/#primaryimage\"},\"thumbnailUrl\":\"https:\\\/\\\/www.univ-guyane.fr\\\/wp-content\\\/uploads\\\/Carrefour-alternance.jpg\",\"articleSection\":[\"\u2022 CFA-U\"],\"inLanguage\":\"pt-BR\"},{\"@type\":\"WebPage\",\"@id\":\"https:\\\/\\\/www.univ-guyane.fr\\\/2025\\\/05\\\/19\\\/carrefour-de-lalternance-renforcer-les-liens-entre-universite-et-entreprises\\\/\",\"url\":\"https:\\\/\\\/www.univ-guyane.fr\\\/2025\\\/05\\\/19\\\/carrefour-de-lalternance-renforcer-les-liens-entre-universite-et-entreprises\\\/\",\"name\":\"Carrefour de l\u2019alternance : renforcer les liens entre universit\u00e9 et entreprises &#8212; Universit\u00e9 de Guyane\",\"isPartOf\":{\"@id\":\"https:\\\/\\\/www.univ-guyane.fr\\\/#website\"},\"primaryImageOfPage\":{\"@id\":\"https:\\\/\\\/www.univ-guyane.fr\\\/2025\\\/05\\\/19\\\/carrefour-de-lalternance-renforcer-les-liens-entre-universite-et-entreprises\\\/#primaryimage\"},\"image\":{\"@id\":\"https:\\\/\\\/www.univ-guyane.fr\\\/2025\\\/05\\\/19\\\/carrefour-de-lalternance-renforcer-les-liens-entre-universite-et-entreprises\\\/#primaryimage\"},\"thumbnailUrl\":\"https:\\\/\\\/www.univ-guyane.fr\\\/wp-content\\\/uploads\\\/Carrefour-alternance.jpg\",\"datePublished\":\"2025-05-19T13:24:31+00:00\",\"description\":\"Le Carrefour de l'alternance 2025 a rassembl\u00e9 \u00e9tudiants et entreprises pour promouvoir les formations en alternance.\",\"breadcrumb\":{\"@id\":\"https:\\\/\\\/www.univ-guyane.fr\\\/2025\\\/05\\\/19\\\/carrefour-de-lalternance-renforcer-les-liens-entre-universite-et-entreprises\\\/#breadcrumb\"},\"inLanguage\":\"pt-BR\",\"potentialAction\":[{\"@type\":\"ReadAction\",\"target\":[\"https:\\\/\\\/www.univ-guyane.fr\\\/2025\\\/05\\\/19\\\/carrefour-de-lalternance-renforcer-les-liens-entre-universite-et-entreprises\\\/\"]}]},{\"@type\":\"ImageObject\",\"inLanguage\":\"pt-BR\",\"@id\":\"https:\\\/\\\/www.univ-guyane.fr\\\/2025\\\/05\\\/19\\\/carrefour-de-lalternance-renforcer-les-liens-entre-universite-et-entreprises\\\/#primaryimage\",\"url\":\"https:\\\/\\\/www.univ-guyane.fr\\\/wp-content\\\/uploads\\\/Carrefour-alternance.jpg\",\"contentUrl\":\"https:\\\/\\\/www.univ-guyane.fr\\\/wp-content\\\/uploads\\\/Carrefour-alternance.jpg\",\"width\":1920,\"height\":1080},{\"@type\":\"BreadcrumbList\",\"@id\":\"https:\\\/\\\/www.univ-guyane.fr\\\/2025\\\/05\\\/19\\\/carrefour-de-lalternance-renforcer-les-liens-entre-universite-et-entreprises\\\/#breadcrumb\",\"itemListElement\":[{\"@type\":\"ListItem\",\"position\":1,\"name\":\"Accueil\",\"item\":\"https:\\\/\\\/www.univ-guyane.fr\\\/\"},{\"@type\":\"ListItem\",\"position\":2,\"name\":\"Carrefour de l\u2019alternance : renforcer les liens entre universit\u00e9 et entreprises\"}]},{\"@type\":\"WebSite\",\"@id\":\"https:\\\/\\\/www.univ-guyane.fr\\\/#website\",\"url\":\"https:\\\/\\\/www.univ-guyane.fr\\\/\",\"name\":\"Universit\u00e9 de Guyane\",\"description\":\"Au c\u0153ur de l&#039;amazonie\",\"publisher\":{\"@id\":\"https:\\\/\\\/www.univ-guyane.fr\\\/#organization\"},\"alternateName\":\"UG\",\"potentialAction\":[{\"@type\":\"SearchAction\",\"target\":{\"@type\":\"EntryPoint\",\"urlTemplate\":\"https:\\\/\\\/www.univ-guyane.fr\\\/?s={search_term_string}\"},\"query-input\":{\"@type\":\"PropertyValueSpecification\",\"valueRequired\":true,\"valueName\":\"search_term_string\"}}],\"inLanguage\":\"pt-BR\"},{\"@type\":\"Organization\",\"@id\":\"https:\\\/\\\/www.univ-guyane.fr\\\/#organization\",\"name\":\"Universit\u00e9 de Guyane\",\"alternateName\":\"UG\",\"url\":\"https:\\\/\\\/www.univ-guyane.fr\\\/\",\"logo\":{\"@type\":\"ImageObject\",\"inLanguage\":\"pt-BR\",\"@id\":\"https:\\\/\\\/www.univ-guyane.fr\\\/#\\\/schema\\\/logo\\\/image\\\/\",\"url\":\"https:\\\/\\\/www.univ-guyane.fr\\\/wp-content\\\/uploads\\\/2024\\\/05\\\/f.png\",\"contentUrl\":\"https:\\\/\\\/www.univ-guyane.fr\\\/wp-content\\\/uploads\\\/2024\\\/05\\\/f.png\",\"width\":1024,\"height\":1024,\"caption\":\"Universit\u00e9 de Guyane\"},\"image\":{\"@id\":\"https:\\\/\\\/www.univ-guyane.fr\\\/#\\\/schema\\\/logo\\\/image\\\/\"},\"sameAs\":[\"https:\\\/\\\/www.facebook.com\\\/univguyane\",\"https:\\\/\\\/x.com\\\/univguyane\",\"https:\\\/\\\/gf.linkedin.com\\\/school\\\/universite-de-guyane\\\/\",\"https:\\\/\\\/www.instagram.com\\\/univ_guyane\\\/\"]},{\"@type\":\"Person\",\"@id\":\"https:\\\/\\\/www.univ-guyane.fr\\\/#\\\/schema\\\/person\\\/86d946a28a8be51bb096ccfdf19db179\",\"name\":\"Erick Loiti\u00e8re\",\"image\":{\"@type\":\"ImageObject\",\"inLanguage\":\"pt-BR\",\"@id\":\"https:\\\/\\\/secure.gravatar.com\\\/avatar\\\/0584f332103fbeaf37e52c73b15dca3c547fd9300deb05764e9ad8714839d072?s=96&d=robohash&r=g\",\"url\":\"https:\\\/\\\/secure.gravatar.com\\\/avatar\\\/0584f332103fbeaf37e52c73b15dca3c547fd9300deb05764e9ad8714839d072?s=96&d=robohash&r=g\",\"contentUrl\":\"https:\\\/\\\/secure.gravatar.com\\\/avatar\\\/0584f332103fbeaf37e52c73b15dca3c547fd9300deb05764e9ad8714839d072?s=96&d=robohash&r=g\",\"caption\":\"Erick Loiti\u00e8re\"},\"sameAs\":[\"http:\\\/\\\/www.univ-guyane.fr\"],\"url\":\"https:\\\/\\\/www.univ-guyane.fr\\\/pt\\\/author\\\/eloitierdbz\\\/\"}]}<\/script>\n<!-- \/ Yoast SEO plugin. -->","yoast_head_json":{"title":"Carrefour de l'alternance: fortalecendo os v\u00ednculos entre universidades e empresas - Universit\u00e9 de Guyane","description":"O Carrefour de l'alternance 2025 reuniu estudantes e empresas para promover o treinamento vinculado ao trabalho.","robots":{"index":"index","follow":"follow","max-snippet":"max-snippet:-1","max-image-preview":"max-image-preview:large","max-video-preview":"max-video-preview:-1"},"canonical":"https:\/\/www.univ-guyane.fr\/pt\/2025\/05\/19\/carrefour-de-lalternance-renforcer-les-liens-entre-universite-et-entreprises\/","og_locale":"pt_BR","og_type":"article","og_title":"Carrefour de l\u2019alternance : renforcer les liens entre universit\u00e9 et entreprises &#8212; Universit\u00e9 de Guyane","og_description":"Le Carrefour de l'alternance 2025 a rassembl\u00e9 \u00e9tudiants et entreprises pour promouvoir les formations en alternance.","og_url":"https:\/\/www.univ-guyane.fr\/pt\/2025\/05\/19\/carrefour-de-lalternance-renforcer-les-liens-entre-universite-et-entreprises\/","og_site_name":"Universit\u00e9 de Guyane","article_publisher":"https:\/\/www.facebook.com\/univguyane","article_published_time":"2025-05-19T13:24:31+00:00","og_image":[{"width":1920,"height":1080,"url":"https:\/\/www.univ-guyane.fr\/wp-content\/uploads\/Carrefour-alternance.jpg","type":"image\/jpeg"}],"author":"Erick Loiti\u00e8re","twitter_card":"summary_large_image","twitter_creator":"@univguyane","twitter_site":"@univguyane","twitter_misc":{"Escrito por":"Erick Loiti\u00e8re","Est. tempo de leitura":"2 minutos"},"schema":{"@context":"https:\/\/schema.org","@graph":[{"@type":"Article","@id":"https:\/\/www.univ-guyane.fr\/2025\/05\/19\/carrefour-de-lalternance-renforcer-les-liens-entre-universite-et-entreprises\/#article","isPartOf":{"@id":"https:\/\/www.univ-guyane.fr\/2025\/05\/19\/carrefour-de-lalternance-renforcer-les-liens-entre-universite-et-entreprises\/"},"author":{"name":"Erick Loiti\u00e8re","@id":"https:\/\/www.univ-guyane.fr\/#\/schema\/person\/86d946a28a8be51bb096ccfdf19db179"},"headline":"Carrefour de l\u2019alternance : renforcer les liens entre universit\u00e9 et entreprises","datePublished":"2025-05-19T13:24:31+00:00","mainEntityOfPage":{"@id":"https:\/\/www.univ-guyane.fr\/2025\/05\/19\/carrefour-de-lalternance-renforcer-les-liens-entre-universite-et-entreprises\/"},"wordCount":561,"publisher":{"@id":"https:\/\/www.univ-guyane.fr\/#organization"},"image":{"@id":"https:\/\/www.univ-guyane.fr\/2025\/05\/19\/carrefour-de-lalternance-renforcer-les-liens-entre-universite-et-entreprises\/#primaryimage"},"thumbnailUrl":"https:\/\/www.univ-guyane.fr\/wp-content\/uploads\/Carrefour-alternance.jpg","articleSection":["\u2022 CFA-U"],"inLanguage":"pt-BR"},{"@type":"WebPage","@id":"https:\/\/www.univ-guyane.fr\/2025\/05\/19\/carrefour-de-lalternance-renforcer-les-liens-entre-universite-et-entreprises\/","url":"https:\/\/www.univ-guyane.fr\/2025\/05\/19\/carrefour-de-lalternance-renforcer-les-liens-entre-universite-et-entreprises\/","name":"Carrefour de l'alternance: fortalecendo os v\u00ednculos entre universidades e empresas - Universit\u00e9 de Guyane","isPartOf":{"@id":"https:\/\/www.univ-guyane.fr\/#website"},"primaryImageOfPage":{"@id":"https:\/\/www.univ-guyane.fr\/2025\/05\/19\/carrefour-de-lalternance-renforcer-les-liens-entre-universite-et-entreprises\/#primaryimage"},"image":{"@id":"https:\/\/www.univ-guyane.fr\/2025\/05\/19\/carrefour-de-lalternance-renforcer-les-liens-entre-universite-et-entreprises\/#primaryimage"},"thumbnailUrl":"https:\/\/www.univ-guyane.fr\/wp-content\/uploads\/Carrefour-alternance.jpg","datePublished":"2025-05-19T13:24:31+00:00","description":"O Carrefour de l'alternance 2025 reuniu estudantes e empresas para promover o treinamento vinculado ao trabalho.","breadcrumb":{"@id":"https:\/\/www.univ-guyane.fr\/2025\/05\/19\/carrefour-de-lalternance-renforcer-les-liens-entre-universite-et-entreprises\/#breadcrumb"},"inLanguage":"pt-BR","potentialAction":[{"@type":"ReadAction","target":["https:\/\/www.univ-guyane.fr\/2025\/05\/19\/carrefour-de-lalternance-renforcer-les-liens-entre-universite-et-entreprises\/"]}]},{"@type":"ImageObject","inLanguage":"pt-BR","@id":"https:\/\/www.univ-guyane.fr\/2025\/05\/19\/carrefour-de-lalternance-renforcer-les-liens-entre-universite-et-entreprises\/#primaryimage","url":"https:\/\/www.univ-guyane.fr\/wp-content\/uploads\/Carrefour-alternance.jpg","contentUrl":"https:\/\/www.univ-guyane.fr\/wp-content\/uploads\/Carrefour-alternance.jpg","width":1920,"height":1080},{"@type":"BreadcrumbList","@id":"https:\/\/www.univ-guyane.fr\/2025\/05\/19\/carrefour-de-lalternance-renforcer-les-liens-entre-universite-et-entreprises\/#breadcrumb","itemListElement":[{"@type":"ListItem","position":1,"name":"Accueil","item":"https:\/\/www.univ-guyane.fr\/"},{"@type":"ListItem","position":2,"name":"Carrefour de l\u2019alternance : renforcer les liens entre universit\u00e9 et entreprises"}]},{"@type":"WebSite","@id":"https:\/\/www.univ-guyane.fr\/#website","url":"https:\/\/www.univ-guyane.fr\/","name":"Universidade da Guiana","description":"No cora\u00e7\u00e3o da Amaz\u00f4nia","publisher":{"@id":"https:\/\/www.univ-guyane.fr\/#organization"},"alternateName":"UG","potentialAction":[{"@type":"SearchAction","target":{"@type":"EntryPoint","urlTemplate":"https:\/\/www.univ-guyane.fr\/?s={search_term_string}"},"query-input":{"@type":"PropertyValueSpecification","valueRequired":true,"valueName":"search_term_string"}}],"inLanguage":"pt-BR"},{"@type":"Organization","@id":"https:\/\/www.univ-guyane.fr\/#organization","name":"Universidade da Guiana","alternateName":"UG","url":"https:\/\/www.univ-guyane.fr\/","logo":{"@type":"ImageObject","inLanguage":"pt-BR","@id":"https:\/\/www.univ-guyane.fr\/#\/schema\/logo\/image\/","url":"https:\/\/www.univ-guyane.fr\/wp-content\/uploads\/2024\/05\/f.png","contentUrl":"https:\/\/www.univ-guyane.fr\/wp-content\/uploads\/2024\/05\/f.png","width":1024,"height":1024,"caption":"Universit\u00e9 de Guyane"},"image":{"@id":"https:\/\/www.univ-guyane.fr\/#\/schema\/logo\/image\/"},"sameAs":["https:\/\/www.facebook.com\/univguyane","https:\/\/x.com\/univguyane","https:\/\/gf.linkedin.com\/school\/universite-de-guyane\/","https:\/\/www.instagram.com\/univ_guyane\/"]},{"@type":"Person","@id":"https:\/\/www.univ-guyane.fr\/#\/schema\/person\/86d946a28a8be51bb096ccfdf19db179","name":"Erick Loiti\u00e8re","image":{"@type":"ImageObject","inLanguage":"pt-BR","@id":"https:\/\/secure.gravatar.com\/avatar\/0584f332103fbeaf37e52c73b15dca3c547fd9300deb05764e9ad8714839d072?s=96&d=robohash&r=g","url":"https:\/\/secure.gravatar.com\/avatar\/0584f332103fbeaf37e52c73b15dca3c547fd9300deb05764e9ad8714839d072?s=96&d=robohash&r=g","contentUrl":"https:\/\/secure.gravatar.com\/avatar\/0584f332103fbeaf37e52c73b15dca3c547fd9300deb05764e9ad8714839d072?s=96&d=robohash&r=g","caption":"Erick Loiti\u00e8re"},"sameAs":["http:\/\/www.univ-guyane.fr"],"url":"https:\/\/www.univ-guyane.fr\/pt\/author\/eloitierdbz\/"}]}},"_links":{"self":[{"href":"https:\/\/www.univ-guyane.fr\/pt\/wp-json\/wp\/v2\/posts\/12772","targetHints":{"allow":["GET"]}}],"collection":[{"href":"https:\/\/www.univ-guyane.fr\/pt\/wp-json\/wp\/v2\/posts"}],"about":[{"href":"https:\/\/www.univ-guyane.fr\/pt\/wp-json\/wp\/v2\/types\/post"}],"author":[{"embeddable":true,"href":"https:\/\/www.univ-guyane.fr\/pt\/wp-json\/wp\/v2\/users\/1"}],"replies":[{"embeddable":true,"href":"https:\/\/www.univ-guyane.fr\/pt\/wp-json\/wp\/v2\/comments?post=12772"}],"version-history":[{"count":1,"href":"https:\/\/www.univ-guyane.fr\/pt\/wp-json\/wp\/v2\/posts\/12772\/revisions"}],"predecessor-version":[{"id":12774,"href":"https:\/\/www.univ-guyane.fr\/pt\/wp-json\/wp\/v2\/posts\/12772\/revisions\/12774"}],"wp:featuredmedia":[{"embeddable":true,"href":"https:\/\/www.univ-guyane.fr\/pt\/wp-json\/wp\/v2\/media\/12773"}],"wp:attachment":[{"href":"https:\/\/www.univ-guyane.fr\/pt\/wp-json\/wp\/v2\/media?parent=12772"}],"wp:term":[{"taxonomy":"category","embeddable":true,"href":"https:\/\/www.univ-guyane.fr\/pt\/wp-json\/wp\/v2\/categories?post=12772"},{"taxonomy":"post_tag","embeddable":true,"href":"https:\/\/www.univ-guyane.fr\/pt\/wp-json\/wp\/v2\/tags?post=12772"}],"curies":[{"name":"wp","href":"https:\/\/api.w.org\/{rel}","templated":true}]}}