{"id":12994,"date":"2025-06-11T09:20:24","date_gmt":"2025-06-11T12:20:24","guid":{"rendered":"https:\/\/www.univ-guyane.fr\/?p=12994"},"modified":"2025-06-11T09:22:35","modified_gmt":"2025-06-11T12:22:35","slug":"la-licence-staps-de-luniversite-de-guyane-recrute-pour-la-rentree-2025","status":"publish","type":"post","link":"https:\/\/www.univ-guyane.fr\/pt\/2025\/06\/11\/la-licence-staps-de-luniversite-de-guyane-recrute-pour-la-rentree-2025\/","title":{"rendered":"O curso STAPS da Universidade da Guiana est\u00e1 recrutando para o in\u00edcio do ano acad\u00eamico de 2025"},"content":{"rendered":"<div id=\"fws_69f186b03de29\"  data-column-margin=\"default\" data-midnight=\"dark\"  class=\"wpb_row vc_row-fluid vc_row\"  style=\"padding-top: 0px; padding-bottom: 0px; \"><div class=\"row-bg-wrap\" data-bg-animation=\"none\" data-bg-animation-delay=\"\" data-bg-overlay=\"false\"><div class=\"inner-wrap row-bg-layer\" ><div class=\"row-bg viewport-desktop\"  style=\"\"><\/div><\/div><\/div><div class=\"row_col_wrap_12 col span_12 dark left\">\n\t<div  class=\"vc_col-sm-12 wpb_column column_container vc_column_container col no-extra-padding inherit_tablet inherit_phone\"  data-padding-pos=\"all\" data-has-bg-color=\"false\" data-bg-color=\"\" data-bg-opacity=\"1\" data-animation=\"\" data-delay=\"0\" >\n\t\t<div class=\"vc_column-inner\" >\n\t\t\t<div class=\"wpb_wrapper\">\n\t\t\t\t\n<div class=\"wpb_text_column wpb_content_element\" >\n\t<p>Como parte dos preparativos para o in\u00edcio do ano acad\u00eamico de 2025-2026, o curso STAPS (Sciences et Techniques des Activit\u00e9s Physiques et Sportives) da Universidade da Guiana est\u00e1 lan\u00e7ando uma campanha de recrutamento de professores para ministrar cursos na Licen\u00e7a 1 e na Licen\u00e7a 2.<\/p>\n<p>O principal objetivo desse curso \u00e9 capacitar os futuros professores de educa\u00e7\u00e3o f\u00edsica e educadores esportivos da regi\u00e3o, visando ao desenvolvimento local, \u00e0 inclus\u00e3o social e \u00e0 promo\u00e7\u00e3o da atividade f\u00edsica como ferramenta de educa\u00e7\u00e3o, sa\u00fade e cidadania.<\/p>\n<h3>Vagas para professores<\/h3>\n<p>Os cursos abertos aos candidatos abrangem uma ampla gama de \u00e1reas<\/p>\n<\/div>\n\n\n\n\n\t\t\t<\/div> \n\t\t<\/div>\n\t<\/div> \n<\/div><\/div>\n\t\t<div id=\"fws_69f186b03e2e3\"  data-column-margin=\"default\" data-midnight=\"dark\"  class=\"wpb_row vc_row-fluid vc_row vc_row-o-equal-height vc_row-flex\"  style=\"padding-top: 0px; padding-bottom: 0px; \"><div class=\"row-bg-wrap\" data-bg-animation=\"none\" data-bg-animation-delay=\"\" data-bg-overlay=\"false\"><div class=\"inner-wrap row-bg-layer\" ><div class=\"row-bg viewport-desktop\"  style=\"\"><\/div><\/div><\/div><div class=\"row_col_wrap_12 col span_12 dark left\">\n\t<div style=\"\" class=\"vc_col-sm-6 wpb_column column_container vc_column_container col left_padding_desktop_30px top_padding_desktop_30px right_padding_desktop_30px bottom_padding_desktop_30px\" data-using-bg=\"true\" data-border-radius=\"5px\" data-padding-pos=\"all\" data-has-bg-color=\"true\" data-bg-color=\"#f5f5f5\" data-bg-opacity=\"1\" data-animation=\"\" data-delay=\"0\" >\n\t\t<div class=\"vc_column-inner\" ><div class=\"column-bg-overlay-wrap column-bg-layer\" data-bg-animation=\"none\"><div class=\"column-bg-overlay\" style=\"opacity: 1; background-color: #f5f5f5;\"><\/div><\/div>\n\t\t\t<div class=\"wpb_wrapper\">\n\t\t\t\t\n<div class=\"wpb_text_column wpb_content_element\" >\n\t<p><strong>Cultura geral e ferramentas interdisciplinares<\/strong><\/p>\n<ul>\n<li>Ingl\u00eas,<\/li>\n<li>Base metodol\u00f3gica,<\/li>\n<li>Transi\u00e7\u00e3o ecol\u00f3gica<\/li>\n<\/ul>\n<p><strong>Ci\u00eancias humanas e sociais<\/strong><\/p>\n<ul>\n<li>Sociologia do esporte,<\/li>\n<li>Sociologia do corpo e atividades esportivas,<\/li>\n<li>Psicologia social,<\/li>\n<li>Psicologia da aprendizagem<\/li>\n<\/ul>\n<p><strong>Ci\u00eancias do movimento e do desempenho<\/strong><\/p>\n<ul>\n<li>Anatomia funcional,<\/li>\n<li>Biomec\u00e2nica, controle motor,<\/li>\n<li>Anatomia do gesto esportivo<\/li>\n<\/ul>\n<\/div>\n\n\n\n\n\t\t\t<\/div> \n\t\t<\/div>\n\t<\/div> \n\n\t<div style=\"\" class=\"vc_col-sm-6 wpb_column column_container vc_column_container col left_padding_desktop_30px top_padding_desktop_30px right_padding_desktop_30px bottom_padding_desktop_30px\" data-using-bg=\"true\" data-border-radius=\"5px\" data-padding-pos=\"all\" data-has-bg-color=\"true\" data-bg-color=\"#f5f5f5\" data-bg-opacity=\"1\" data-animation=\"\" data-delay=\"0\" >\n\t\t<div class=\"vc_column-inner\" ><div class=\"column-bg-overlay-wrap column-bg-layer\" data-bg-animation=\"none\"><div class=\"column-bg-overlay\" style=\"opacity: 1; background-color: #f5f5f5;\"><\/div><\/div>\n\t\t\t<div class=\"wpb_wrapper\">\n\t\t\t\t\n<div class=\"wpb_text_column wpb_content_element\" >\n\t<p><strong>Fisiologia e sa\u00fade<\/strong><\/p>\n<ul>\n<li>Fisiologia do exerc\u00edcio,<\/li>\n<li>Bioenerg\u00e9tica, Nutri\u00e7\u00e3o,<\/li>\n<li>Qualidades f\u00edsicas,<\/li>\n<li>Atividade f\u00edsica e sa\u00fade<\/li>\n<\/ul>\n<p><strong>Inclus\u00e3o e grupos espec\u00edficos<\/strong><\/p>\n<ul>\n<li>Defici\u00eancia e atividade f\u00edsica,<\/li>\n<li>Conhecimento de pessoas com defici\u00eancia<\/li>\n<\/ul>\n<p><strong>Interven\u00e7\u00e3o e anima\u00e7\u00e3o<\/strong><\/p>\n<ul>\n<li>Ci\u00eancias da educa\u00e7\u00e3o,<\/li>\n<li>T\u00e9cnicas de interven\u00e7\u00e3o e lideran\u00e7a esportiva<\/li>\n<\/ul>\n<\/div>\n\n\n\n\n\t\t\t<\/div> \n\t\t<\/div>\n\t<\/div> \n<\/div><\/div>\n\t\t<div id=\"fws_69f186b03e6ec\"  data-column-margin=\"default\" data-midnight=\"dark\"  class=\"wpb_row vc_row-fluid vc_row\"  style=\"padding-top: 0px; padding-bottom: 0px; \"><div class=\"row-bg-wrap\" data-bg-animation=\"none\" data-bg-animation-delay=\"\" data-bg-overlay=\"false\"><div class=\"inner-wrap row-bg-layer\" ><div class=\"row-bg viewport-desktop\"  style=\"\"><\/div><\/div><\/div><div class=\"row_col_wrap_12 col span_12 dark left\">\n\t<div  class=\"vc_col-sm-12 wpb_column column_container vc_column_container col no-extra-padding inherit_tablet inherit_phone\"  data-padding-pos=\"all\" data-has-bg-color=\"false\" data-bg-color=\"\" data-bg-opacity=\"1\" data-animation=\"\" data-delay=\"0\" >\n\t\t<div class=\"vc_column-inner\" >\n\t\t\t<div class=\"wpb_wrapper\">\n\t\t\t\t\n<div class=\"wpb_text_column wpb_content_element\" >\n\t<p>La <a href=\"https:\/\/www.univ-guyane.fr\/ugfm\/docs\/st\/maquette-de-formation-licence-staps-appel-a-candidature-universite-de-guyane.pdf\" target=\"_blank\" rel=\"noopener\">modelo<\/a> \u00e9 anexado em <a href=\"https:\/\/www.univ-guyane.fr\/ugfm\/docs\/st\/maquette-de-formation-licence-staps-appel-a-candidature-universite-de-guyane.pdf\" target=\"_blank\" rel=\"noopener\">sala lateral<\/a>. As vagas em potencial est\u00e3o indicadas em azul, sujeitas \u00e0 valida\u00e7\u00e3o final. Alguns cursos s\u00e3o ministrados v\u00e1rias vezes ao longo dos dois anos.<\/p>\n<h3>Como se inscrever<\/h3>\n<p>As partes interessadas s\u00e3o convidadas a enviar suas candidaturas (CV, status, assuntos) at\u00e9 <strong>Sexta-feira, 20 de junho de 2025<\/strong> \u00e0 :<\/p>\n<ul>\n<li>Christian Haridas - <a href=\"mailto:christian.haridas@univ-guyane.fr\">christian.haridas@univ-guyane.fr<\/a><\/li>\n<li>C\u00e9cile Chauffour - <a href=\"mailto:cecile.chauffour@univ-guyane.fr\">cecile.chauffour@univ-guyane.fr<\/a><\/li>\n<li>David Frion - <a href=\"mailto:david.frion@univ-guyane.fr\">david.frion@univ-guyane.fr<\/a><\/li>\n<\/ul>\n<p>Ajude a treinar os futuros jogadores em esportes e educa\u00e7\u00e3o f\u00edsica na Guiana Francesa.<br \/>\nAo fazer parte da equipe de professores, voc\u00ea ter\u00e1 um papel ativo em um projeto de treinamento que tem o compromisso de atender \u00e0 regi\u00e3o.<\/p>\n<\/div>\n\n\n\n\n\t\t\t<\/div> \n\t\t<\/div>\n\t<\/div> \n<\/div><\/div>","protected":false},"excerpt":{"rendered":"Como parte dos preparativos para o in\u00edcio do ano acad\u00eamico de 2025-2026, o STAPS (Sports Science and...","protected":false},"author":1,"featured_media":10776,"comment_status":"closed","ping_status":"open","sticky":false,"template":"","format":"standard","meta":{"iawp_total_views":1014,"footnotes":""},"categories":[9,283],"tags":[285,284],"class_list":{"0":"post-12994","1":"post","2":"type-post","3":"status-publish","4":"format-standard","5":"has-post-thumbnail","7":"category-st","8":"category-staps","9":"tag-sport","10":"tag-staps"},"yoast_head":"<!-- This site is optimized with the Yoast SEO plugin v27.5 - https:\/\/yoast.com\/product\/yoast-seo-wordpress\/ -->\n<title>La licence STAPS de l\u2019Universit\u00e9 de Guyane recrute\u00a0 pour la rentr\u00e9e 2025 &#8212; Universit\u00e9 de Guyane<\/title>\n<meta name=\"description\" content=\"Rejoignez la licence STAPS de l\u2019Universit\u00e9 de Guyane : enseignements vacants en L1 et L2 \u00e0 pourvoir pour la rentr\u00e9e 2025. Candidature avant le 20 juin.\" \/>\n<meta name=\"robots\" content=\"index, follow, max-snippet:-1, max-image-preview:large, max-video-preview:-1\" \/>\n<link rel=\"canonical\" href=\"https:\/\/www.univ-guyane.fr\/pt\/2025\/06\/11\/la-licence-staps-de-luniversite-de-guyane-recrute-pour-la-rentree-2025\/\" \/>\n<meta property=\"og:locale\" content=\"pt_BR\" \/>\n<meta property=\"og:type\" content=\"article\" \/>\n<meta property=\"og:title\" content=\"La licence STAPS de l\u2019Universit\u00e9 de Guyane recrute\u00a0 pour la rentr\u00e9e 2025 &#8212; Universit\u00e9 de Guyane\" \/>\n<meta property=\"og:description\" content=\"Rejoignez la licence STAPS de l\u2019Universit\u00e9 de Guyane : enseignements vacants en L1 et L2 \u00e0 pourvoir pour la rentr\u00e9e 2025. Candidature avant le 20 juin.\" \/>\n<meta property=\"og:url\" content=\"https:\/\/www.univ-guyane.fr\/pt\/2025\/06\/11\/la-licence-staps-de-luniversite-de-guyane-recrute-pour-la-rentree-2025\/\" \/>\n<meta property=\"og:site_name\" content=\"Universit\u00e9 de Guyane\" \/>\n<meta property=\"article:publisher\" content=\"https:\/\/www.facebook.com\/univguyane\" \/>\n<meta property=\"article:published_time\" content=\"2025-06-11T12:20:24+00:00\" \/>\n<meta property=\"article:modified_time\" content=\"2025-06-11T12:22:35+00:00\" \/>\n<meta property=\"og:image\" content=\"https:\/\/www.univ-guyane.fr\/wp-content\/uploads\/campus-sport-suaps.jpg\" \/>\n\t<meta property=\"og:image:width\" content=\"1920\" \/>\n\t<meta property=\"og:image:height\" content=\"1080\" \/>\n\t<meta property=\"og:image:type\" content=\"image\/jpeg\" \/>\n<meta name=\"author\" content=\"Erick Loiti\u00e8re\" \/>\n<meta name=\"twitter:card\" content=\"summary_large_image\" \/>\n<meta name=\"twitter:creator\" content=\"@univguyane\" \/>\n<meta name=\"twitter:site\" content=\"@univguyane\" \/>\n<meta name=\"twitter:label1\" content=\"Escrito por\" \/>\n\t<meta name=\"twitter:data1\" content=\"Erick Loiti\u00e8re\" \/>\n\t<meta name=\"twitter:label2\" content=\"Est. tempo de leitura\" \/>\n\t<meta name=\"twitter:data2\" content=\"2 minutos\" \/>\n<script type=\"application\/ld+json\" class=\"yoast-schema-graph\">{\"@context\":\"https:\\\/\\\/schema.org\",\"@graph\":[{\"@type\":\"Article\",\"@id\":\"https:\\\/\\\/www.univ-guyane.fr\\\/2025\\\/06\\\/11\\\/la-licence-staps-de-luniversite-de-guyane-recrute-pour-la-rentree-2025\\\/#article\",\"isPartOf\":{\"@id\":\"https:\\\/\\\/www.univ-guyane.fr\\\/2025\\\/06\\\/11\\\/la-licence-staps-de-luniversite-de-guyane-recrute-pour-la-rentree-2025\\\/\"},\"author\":{\"name\":\"Erick Loiti\u00e8re\",\"@id\":\"https:\\\/\\\/www.univ-guyane.fr\\\/#\\\/schema\\\/person\\\/86d946a28a8be51bb096ccfdf19db179\"},\"headline\":\"La licence STAPS de l\u2019Universit\u00e9 de Guyane recrute\u00a0 pour la rentr\u00e9e 2025\",\"datePublished\":\"2025-06-11T12:20:24+00:00\",\"dateModified\":\"2025-06-11T12:22:35+00:00\",\"mainEntityOfPage\":{\"@id\":\"https:\\\/\\\/www.univ-guyane.fr\\\/2025\\\/06\\\/11\\\/la-licence-staps-de-luniversite-de-guyane-recrute-pour-la-rentree-2025\\\/\"},\"wordCount\":964,\"publisher\":{\"@id\":\"https:\\\/\\\/www.univ-guyane.fr\\\/#organization\"},\"image\":{\"@id\":\"https:\\\/\\\/www.univ-guyane.fr\\\/2025\\\/06\\\/11\\\/la-licence-staps-de-luniversite-de-guyane-recrute-pour-la-rentree-2025\\\/#primaryimage\"},\"thumbnailUrl\":\"https:\\\/\\\/www.univ-guyane.fr\\\/wp-content\\\/uploads\\\/campus-sport-suaps.jpg\",\"keywords\":[\"Sport\",\"STAPS\"],\"articleSection\":[\"\u2022 ST\",\"\u2022 STAPS\"],\"inLanguage\":\"pt-BR\"},{\"@type\":\"WebPage\",\"@id\":\"https:\\\/\\\/www.univ-guyane.fr\\\/2025\\\/06\\\/11\\\/la-licence-staps-de-luniversite-de-guyane-recrute-pour-la-rentree-2025\\\/\",\"url\":\"https:\\\/\\\/www.univ-guyane.fr\\\/2025\\\/06\\\/11\\\/la-licence-staps-de-luniversite-de-guyane-recrute-pour-la-rentree-2025\\\/\",\"name\":\"La licence STAPS de l\u2019Universit\u00e9 de Guyane recrute\u00a0 pour la rentr\u00e9e 2025 &#8212; Universit\u00e9 de Guyane\",\"isPartOf\":{\"@id\":\"https:\\\/\\\/www.univ-guyane.fr\\\/#website\"},\"primaryImageOfPage\":{\"@id\":\"https:\\\/\\\/www.univ-guyane.fr\\\/2025\\\/06\\\/11\\\/la-licence-staps-de-luniversite-de-guyane-recrute-pour-la-rentree-2025\\\/#primaryimage\"},\"image\":{\"@id\":\"https:\\\/\\\/www.univ-guyane.fr\\\/2025\\\/06\\\/11\\\/la-licence-staps-de-luniversite-de-guyane-recrute-pour-la-rentree-2025\\\/#primaryimage\"},\"thumbnailUrl\":\"https:\\\/\\\/www.univ-guyane.fr\\\/wp-content\\\/uploads\\\/campus-sport-suaps.jpg\",\"datePublished\":\"2025-06-11T12:20:24+00:00\",\"dateModified\":\"2025-06-11T12:22:35+00:00\",\"description\":\"Rejoignez la licence STAPS de l\u2019Universit\u00e9 de Guyane : enseignements vacants en L1 et L2 \u00e0 pourvoir pour la rentr\u00e9e 2025. Candidature avant le 20 juin.\",\"breadcrumb\":{\"@id\":\"https:\\\/\\\/www.univ-guyane.fr\\\/2025\\\/06\\\/11\\\/la-licence-staps-de-luniversite-de-guyane-recrute-pour-la-rentree-2025\\\/#breadcrumb\"},\"inLanguage\":\"pt-BR\",\"potentialAction\":[{\"@type\":\"ReadAction\",\"target\":[\"https:\\\/\\\/www.univ-guyane.fr\\\/2025\\\/06\\\/11\\\/la-licence-staps-de-luniversite-de-guyane-recrute-pour-la-rentree-2025\\\/\"]}]},{\"@type\":\"ImageObject\",\"inLanguage\":\"pt-BR\",\"@id\":\"https:\\\/\\\/www.univ-guyane.fr\\\/2025\\\/06\\\/11\\\/la-licence-staps-de-luniversite-de-guyane-recrute-pour-la-rentree-2025\\\/#primaryimage\",\"url\":\"https:\\\/\\\/www.univ-guyane.fr\\\/wp-content\\\/uploads\\\/campus-sport-suaps.jpg\",\"contentUrl\":\"https:\\\/\\\/www.univ-guyane.fr\\\/wp-content\\\/uploads\\\/campus-sport-suaps.jpg\",\"width\":1920,\"height\":1080,\"caption\":\"SUAPS\"},{\"@type\":\"BreadcrumbList\",\"@id\":\"https:\\\/\\\/www.univ-guyane.fr\\\/2025\\\/06\\\/11\\\/la-licence-staps-de-luniversite-de-guyane-recrute-pour-la-rentree-2025\\\/#breadcrumb\",\"itemListElement\":[{\"@type\":\"ListItem\",\"position\":1,\"name\":\"Accueil\",\"item\":\"https:\\\/\\\/www.univ-guyane.fr\\\/\"},{\"@type\":\"ListItem\",\"position\":2,\"name\":\"La licence STAPS de l\u2019Universit\u00e9 de Guyane recrute\u00a0 pour la rentr\u00e9e 2025\"}]},{\"@type\":\"WebSite\",\"@id\":\"https:\\\/\\\/www.univ-guyane.fr\\\/#website\",\"url\":\"https:\\\/\\\/www.univ-guyane.fr\\\/\",\"name\":\"Universit\u00e9 de Guyane\",\"description\":\"Au c\u0153ur de l&#039;amazonie\",\"publisher\":{\"@id\":\"https:\\\/\\\/www.univ-guyane.fr\\\/#organization\"},\"alternateName\":\"UG\",\"potentialAction\":[{\"@type\":\"SearchAction\",\"target\":{\"@type\":\"EntryPoint\",\"urlTemplate\":\"https:\\\/\\\/www.univ-guyane.fr\\\/?s={search_term_string}\"},\"query-input\":{\"@type\":\"PropertyValueSpecification\",\"valueRequired\":true,\"valueName\":\"search_term_string\"}}],\"inLanguage\":\"pt-BR\"},{\"@type\":\"Organization\",\"@id\":\"https:\\\/\\\/www.univ-guyane.fr\\\/#organization\",\"name\":\"Universit\u00e9 de Guyane\",\"alternateName\":\"UG\",\"url\":\"https:\\\/\\\/www.univ-guyane.fr\\\/\",\"logo\":{\"@type\":\"ImageObject\",\"inLanguage\":\"pt-BR\",\"@id\":\"https:\\\/\\\/www.univ-guyane.fr\\\/#\\\/schema\\\/logo\\\/image\\\/\",\"url\":\"https:\\\/\\\/www.univ-guyane.fr\\\/wp-content\\\/uploads\\\/2024\\\/05\\\/f.png\",\"contentUrl\":\"https:\\\/\\\/www.univ-guyane.fr\\\/wp-content\\\/uploads\\\/2024\\\/05\\\/f.png\",\"width\":1024,\"height\":1024,\"caption\":\"Universit\u00e9 de Guyane\"},\"image\":{\"@id\":\"https:\\\/\\\/www.univ-guyane.fr\\\/#\\\/schema\\\/logo\\\/image\\\/\"},\"sameAs\":[\"https:\\\/\\\/www.facebook.com\\\/univguyane\",\"https:\\\/\\\/x.com\\\/univguyane\",\"https:\\\/\\\/gf.linkedin.com\\\/school\\\/universite-de-guyane\\\/\",\"https:\\\/\\\/www.instagram.com\\\/univ_guyane\\\/\"]},{\"@type\":\"Person\",\"@id\":\"https:\\\/\\\/www.univ-guyane.fr\\\/#\\\/schema\\\/person\\\/86d946a28a8be51bb096ccfdf19db179\",\"name\":\"Erick Loiti\u00e8re\",\"image\":{\"@type\":\"ImageObject\",\"inLanguage\":\"pt-BR\",\"@id\":\"https:\\\/\\\/secure.gravatar.com\\\/avatar\\\/0584f332103fbeaf37e52c73b15dca3c547fd9300deb05764e9ad8714839d072?s=96&d=robohash&r=g\",\"url\":\"https:\\\/\\\/secure.gravatar.com\\\/avatar\\\/0584f332103fbeaf37e52c73b15dca3c547fd9300deb05764e9ad8714839d072?s=96&d=robohash&r=g\",\"contentUrl\":\"https:\\\/\\\/secure.gravatar.com\\\/avatar\\\/0584f332103fbeaf37e52c73b15dca3c547fd9300deb05764e9ad8714839d072?s=96&d=robohash&r=g\",\"caption\":\"Erick Loiti\u00e8re\"},\"sameAs\":[\"http:\\\/\\\/www.univ-guyane.fr\"],\"url\":\"https:\\\/\\\/www.univ-guyane.fr\\\/pt\\\/author\\\/eloitierdbz\\\/\"}]}<\/script>\n<!-- \/ Yoast SEO plugin. -->","yoast_head_json":{"title":"La licence STAPS de l\u2019Universit\u00e9 de Guyane recrute\u00a0 pour la rentr\u00e9e 2025 &#8212; Universit\u00e9 de Guyane","description":"Rejoignez la licence STAPS de l\u2019Universit\u00e9 de Guyane : enseignements vacants en L1 et L2 \u00e0 pourvoir pour la rentr\u00e9e 2025. Candidature avant le 20 juin.","robots":{"index":"index","follow":"follow","max-snippet":"max-snippet:-1","max-image-preview":"max-image-preview:large","max-video-preview":"max-video-preview:-1"},"canonical":"https:\/\/www.univ-guyane.fr\/pt\/2025\/06\/11\/la-licence-staps-de-luniversite-de-guyane-recrute-pour-la-rentree-2025\/","og_locale":"pt_BR","og_type":"article","og_title":"La licence STAPS de l\u2019Universit\u00e9 de Guyane recrute\u00a0 pour la rentr\u00e9e 2025 &#8212; Universit\u00e9 de Guyane","og_description":"Rejoignez la licence STAPS de l\u2019Universit\u00e9 de Guyane : enseignements vacants en L1 et L2 \u00e0 pourvoir pour la rentr\u00e9e 2025. Candidature avant le 20 juin.","og_url":"https:\/\/www.univ-guyane.fr\/pt\/2025\/06\/11\/la-licence-staps-de-luniversite-de-guyane-recrute-pour-la-rentree-2025\/","og_site_name":"Universit\u00e9 de Guyane","article_publisher":"https:\/\/www.facebook.com\/univguyane","article_published_time":"2025-06-11T12:20:24+00:00","article_modified_time":"2025-06-11T12:22:35+00:00","og_image":[{"width":1920,"height":1080,"url":"https:\/\/www.univ-guyane.fr\/wp-content\/uploads\/campus-sport-suaps.jpg","type":"image\/jpeg"}],"author":"Erick Loiti\u00e8re","twitter_card":"summary_large_image","twitter_creator":"@univguyane","twitter_site":"@univguyane","twitter_misc":{"Escrito por":"Erick Loiti\u00e8re","Est. tempo de leitura":"2 minutos"},"schema":{"@context":"https:\/\/schema.org","@graph":[{"@type":"Article","@id":"https:\/\/www.univ-guyane.fr\/2025\/06\/11\/la-licence-staps-de-luniversite-de-guyane-recrute-pour-la-rentree-2025\/#article","isPartOf":{"@id":"https:\/\/www.univ-guyane.fr\/2025\/06\/11\/la-licence-staps-de-luniversite-de-guyane-recrute-pour-la-rentree-2025\/"},"author":{"name":"Erick Loiti\u00e8re","@id":"https:\/\/www.univ-guyane.fr\/#\/schema\/person\/86d946a28a8be51bb096ccfdf19db179"},"headline":"La licence STAPS de l\u2019Universit\u00e9 de Guyane recrute\u00a0 pour la rentr\u00e9e 2025","datePublished":"2025-06-11T12:20:24+00:00","dateModified":"2025-06-11T12:22:35+00:00","mainEntityOfPage":{"@id":"https:\/\/www.univ-guyane.fr\/2025\/06\/11\/la-licence-staps-de-luniversite-de-guyane-recrute-pour-la-rentree-2025\/"},"wordCount":964,"publisher":{"@id":"https:\/\/www.univ-guyane.fr\/#organization"},"image":{"@id":"https:\/\/www.univ-guyane.fr\/2025\/06\/11\/la-licence-staps-de-luniversite-de-guyane-recrute-pour-la-rentree-2025\/#primaryimage"},"thumbnailUrl":"https:\/\/www.univ-guyane.fr\/wp-content\/uploads\/campus-sport-suaps.jpg","keywords":["Sport","STAPS"],"articleSection":["\u2022 ST","\u2022 STAPS"],"inLanguage":"pt-BR"},{"@type":"WebPage","@id":"https:\/\/www.univ-guyane.fr\/2025\/06\/11\/la-licence-staps-de-luniversite-de-guyane-recrute-pour-la-rentree-2025\/","url":"https:\/\/www.univ-guyane.fr\/2025\/06\/11\/la-licence-staps-de-luniversite-de-guyane-recrute-pour-la-rentree-2025\/","name":"La licence STAPS de l\u2019Universit\u00e9 de Guyane recrute\u00a0 pour la rentr\u00e9e 2025 &#8212; Universit\u00e9 de Guyane","isPartOf":{"@id":"https:\/\/www.univ-guyane.fr\/#website"},"primaryImageOfPage":{"@id":"https:\/\/www.univ-guyane.fr\/2025\/06\/11\/la-licence-staps-de-luniversite-de-guyane-recrute-pour-la-rentree-2025\/#primaryimage"},"image":{"@id":"https:\/\/www.univ-guyane.fr\/2025\/06\/11\/la-licence-staps-de-luniversite-de-guyane-recrute-pour-la-rentree-2025\/#primaryimage"},"thumbnailUrl":"https:\/\/www.univ-guyane.fr\/wp-content\/uploads\/campus-sport-suaps.jpg","datePublished":"2025-06-11T12:20:24+00:00","dateModified":"2025-06-11T12:22:35+00:00","description":"Rejoignez la licence STAPS de l\u2019Universit\u00e9 de Guyane : enseignements vacants en L1 et L2 \u00e0 pourvoir pour la rentr\u00e9e 2025. Candidature avant le 20 juin.","breadcrumb":{"@id":"https:\/\/www.univ-guyane.fr\/2025\/06\/11\/la-licence-staps-de-luniversite-de-guyane-recrute-pour-la-rentree-2025\/#breadcrumb"},"inLanguage":"pt-BR","potentialAction":[{"@type":"ReadAction","target":["https:\/\/www.univ-guyane.fr\/2025\/06\/11\/la-licence-staps-de-luniversite-de-guyane-recrute-pour-la-rentree-2025\/"]}]},{"@type":"ImageObject","inLanguage":"pt-BR","@id":"https:\/\/www.univ-guyane.fr\/2025\/06\/11\/la-licence-staps-de-luniversite-de-guyane-recrute-pour-la-rentree-2025\/#primaryimage","url":"https:\/\/www.univ-guyane.fr\/wp-content\/uploads\/campus-sport-suaps.jpg","contentUrl":"https:\/\/www.univ-guyane.fr\/wp-content\/uploads\/campus-sport-suaps.jpg","width":1920,"height":1080,"caption":"SUAPS"},{"@type":"BreadcrumbList","@id":"https:\/\/www.univ-guyane.fr\/2025\/06\/11\/la-licence-staps-de-luniversite-de-guyane-recrute-pour-la-rentree-2025\/#breadcrumb","itemListElement":[{"@type":"ListItem","position":1,"name":"Accueil","item":"https:\/\/www.univ-guyane.fr\/"},{"@type":"ListItem","position":2,"name":"La licence STAPS de l\u2019Universit\u00e9 de Guyane recrute\u00a0 pour la rentr\u00e9e 2025"}]},{"@type":"WebSite","@id":"https:\/\/www.univ-guyane.fr\/#website","url":"https:\/\/www.univ-guyane.fr\/","name":"Universidade da Guiana","description":"No cora\u00e7\u00e3o da Amaz\u00f4nia","publisher":{"@id":"https:\/\/www.univ-guyane.fr\/#organization"},"alternateName":"UG","potentialAction":[{"@type":"SearchAction","target":{"@type":"EntryPoint","urlTemplate":"https:\/\/www.univ-guyane.fr\/?s={search_term_string}"},"query-input":{"@type":"PropertyValueSpecification","valueRequired":true,"valueName":"search_term_string"}}],"inLanguage":"pt-BR"},{"@type":"Organization","@id":"https:\/\/www.univ-guyane.fr\/#organization","name":"Universidade da Guiana","alternateName":"UG","url":"https:\/\/www.univ-guyane.fr\/","logo":{"@type":"ImageObject","inLanguage":"pt-BR","@id":"https:\/\/www.univ-guyane.fr\/#\/schema\/logo\/image\/","url":"https:\/\/www.univ-guyane.fr\/wp-content\/uploads\/2024\/05\/f.png","contentUrl":"https:\/\/www.univ-guyane.fr\/wp-content\/uploads\/2024\/05\/f.png","width":1024,"height":1024,"caption":"Universit\u00e9 de Guyane"},"image":{"@id":"https:\/\/www.univ-guyane.fr\/#\/schema\/logo\/image\/"},"sameAs":["https:\/\/www.facebook.com\/univguyane","https:\/\/x.com\/univguyane","https:\/\/gf.linkedin.com\/school\/universite-de-guyane\/","https:\/\/www.instagram.com\/univ_guyane\/"]},{"@type":"Person","@id":"https:\/\/www.univ-guyane.fr\/#\/schema\/person\/86d946a28a8be51bb096ccfdf19db179","name":"Erick Loiti\u00e8re","image":{"@type":"ImageObject","inLanguage":"pt-BR","@id":"https:\/\/secure.gravatar.com\/avatar\/0584f332103fbeaf37e52c73b15dca3c547fd9300deb05764e9ad8714839d072?s=96&d=robohash&r=g","url":"https:\/\/secure.gravatar.com\/avatar\/0584f332103fbeaf37e52c73b15dca3c547fd9300deb05764e9ad8714839d072?s=96&d=robohash&r=g","contentUrl":"https:\/\/secure.gravatar.com\/avatar\/0584f332103fbeaf37e52c73b15dca3c547fd9300deb05764e9ad8714839d072?s=96&d=robohash&r=g","caption":"Erick Loiti\u00e8re"},"sameAs":["http:\/\/www.univ-guyane.fr"],"url":"https:\/\/www.univ-guyane.fr\/pt\/author\/eloitierdbz\/"}]}},"_links":{"self":[{"href":"https:\/\/www.univ-guyane.fr\/pt\/wp-json\/wp\/v2\/posts\/12994","targetHints":{"allow":["GET"]}}],"collection":[{"href":"https:\/\/www.univ-guyane.fr\/pt\/wp-json\/wp\/v2\/posts"}],"about":[{"href":"https:\/\/www.univ-guyane.fr\/pt\/wp-json\/wp\/v2\/types\/post"}],"author":[{"embeddable":true,"href":"https:\/\/www.univ-guyane.fr\/pt\/wp-json\/wp\/v2\/users\/1"}],"replies":[{"embeddable":true,"href":"https:\/\/www.univ-guyane.fr\/pt\/wp-json\/wp\/v2\/comments?post=12994"}],"version-history":[{"count":5,"href":"https:\/\/www.univ-guyane.fr\/pt\/wp-json\/wp\/v2\/posts\/12994\/revisions"}],"predecessor-version":[{"id":12999,"href":"https:\/\/www.univ-guyane.fr\/pt\/wp-json\/wp\/v2\/posts\/12994\/revisions\/12999"}],"wp:featuredmedia":[{"embeddable":true,"href":"https:\/\/www.univ-guyane.fr\/pt\/wp-json\/wp\/v2\/media\/10776"}],"wp:attachment":[{"href":"https:\/\/www.univ-guyane.fr\/pt\/wp-json\/wp\/v2\/media?parent=12994"}],"wp:term":[{"taxonomy":"category","embeddable":true,"href":"https:\/\/www.univ-guyane.fr\/pt\/wp-json\/wp\/v2\/categories?post=12994"},{"taxonomy":"post_tag","embeddable":true,"href":"https:\/\/www.univ-guyane.fr\/pt\/wp-json\/wp\/v2\/tags?post=12994"}],"curies":[{"name":"wp","href":"https:\/\/api.w.org\/{rel}","templated":true}]}}