{"id":13211,"date":"2025-09-05T10:58:16","date_gmt":"2025-09-05T13:58:16","guid":{"rendered":"https:\/\/www.univ-guyane.fr\/?p=13211"},"modified":"2025-09-05T11:07:36","modified_gmt":"2025-09-05T14:07:36","slug":"rentree-2025-luniversite-de-guyane-accueille-ses-nouveaux-talents-dans-une-ambiance-federatrice","status":"publish","type":"post","link":"https:\/\/www.univ-guyane.fr\/pt\/2025\/09\/05\/rentree-2025-luniversite-de-guyane-accueille-ses-nouveaux-talents-dans-une-ambiance-federatrice\/","title":{"rendered":"In\u00edcio do ano acad\u00eamico de 2025: a Universidade da Guiana Francesa d\u00e1 as boas-vindas a seus novos talentos em uma atmosfera unificadora"},"content":{"rendered":"<div id=\"fws_69f1e85a692ce\"  data-column-margin=\"default\" data-midnight=\"dark\"  class=\"wpb_row vc_row-fluid vc_row\"  style=\"padding-top: 0px; padding-bottom: 0px; \"><div class=\"row-bg-wrap\" data-bg-animation=\"none\" data-bg-animation-delay=\"\" data-bg-overlay=\"false\"><div class=\"inner-wrap row-bg-layer\" ><div class=\"row-bg viewport-desktop\"  style=\"\"><\/div><\/div><\/div><div class=\"row_col_wrap_12 col span_12 dark left\">\n\t<div  class=\"vc_col-sm-12 wpb_column column_container vc_column_container col no-extra-padding inherit_tablet inherit_phone\"  data-padding-pos=\"all\" data-has-bg-color=\"false\" data-bg-color=\"\" data-bg-opacity=\"1\" data-animation=\"\" data-delay=\"0\" >\n\t\t<div class=\"vc_column-inner\" >\n\t\t\t<div class=\"wpb_wrapper\">\n\t\t\t\t\n<div class=\"wpb_text_column wpb_content_element  chapo\" >\n\t<h2>Mais uma vez este ano, a Universidade da Guiana est\u00e1 comemorando o in\u00edcio do novo ano acad\u00eamico em uma atmosfera din\u00e2mica e unificadora.<\/h2>\n<p>Sob a autoridade de seu presidente, Laurent Linguet, mais de mil novos alunos entraram pelas portas do campus de Troubiran, prontos para come\u00e7ar um novo ano de sucesso, apoio e abertura para uma regi\u00e3o com quase 4.500 alunos. Gra\u00e7as ao apoio dos 350 membros da equipe e das seis unidades de pesquisa, sete componentes e institutos que comp\u00f5em a UG, este novo ano acad\u00eamico promete ser rico e estruturado.<\/p>\n<p>O P\u00f4le d'accompagnement de la vie \u00e9tudiante de l'Universit\u00e9 organizou esse evento para oferecer aos alunos um primeiro contato com o ambiente universit\u00e1rio em uma atmosfera amig\u00e1vel. As atividades do dia inclu\u00edram estandes de informa\u00e7\u00f5es, orienta\u00e7\u00e3o pessoal, oficinas de sa\u00fade e bem-estar e reuni\u00f5es com professores e funcion\u00e1rios administrativos.<\/p>\n<p>O objetivo era claro: facilitar a integra\u00e7\u00e3o dos rec\u00e9m-chegados e fortalecer seu senso de pertencimento \u00e0 comunidade universit\u00e1ria.<\/p>\n<p>O sucesso desse dia de integra\u00e7\u00e3o tamb\u00e9m se deve ao compromisso de todos os parceiros e participantes da vida estudantil presentes na vila estudantil. Esse esp\u00edrito de colabora\u00e7\u00e3o reflete o desejo da Universidade da Guiana de trabalhar lado a lado com os participantes locais para proporcionar o melhor ambiente poss\u00edvel a todos os seus alunos.<\/p>\n<p>Para o Presidente Laurent Linguet e suas equipes administrativas e de professores, o in\u00edcio do novo ano acad\u00eamico \u00e9 um momento importante: ele incorpora a vitalidade de uma institui\u00e7\u00e3o em r\u00e1pido crescimento, atenta \u00e0s necessidades de seus jovens e interessada em promover a riqueza cultural e social da regi\u00e3o. Assim, a Universidade da Guiana confirmou sua posi\u00e7\u00e3o central no cen\u00e1rio acad\u00eamico regional, oferecendo n\u00e3o apenas uma ampla gama de cursos de alta qualidade, mas tamb\u00e9m um ambiente prop\u00edcio ao sucesso e \u00e0 obten\u00e7\u00e3o de diplomas, bem como \u00e0 realiza\u00e7\u00e3o e ao desenvolvimento pessoal, em uma estrutura que continua a promover a igualdade de oportunidades para todos.<\/p>\n<p>O in\u00edcio do ano acad\u00eamico de 2025 marca, portanto, o come\u00e7o de um ano promissor, no qual o compromisso, a solidariedade e a ambi\u00e7\u00e3o guiar\u00e3o os talentos de nossa comunidade universit\u00e1ria rumo a novos sucessos.<\/p>\n<hr \/>\n<p><a href=\"https:\/\/la1ere.franceinfo.fr\/guyane\/programme-video\/la1ere_guyane_guyane-soir\/diffusion\/7453619-emission-du-mardi-02-septembre-2025.html\" target=\"_blank\" rel=\"noopener\">Discurso de Laurent Linguet no notici\u00e1rio da Guyane 1ere TV<\/a><\/p>\n<\/div>\n\n\n\n\n\t\t\t<\/div> \n\t\t<\/div>\n\t<\/div> \n<\/div><\/div>","protected":false},"excerpt":{"rendered":"Mais uma vez este ano, a Universidade da Guiana est\u00e1 comemorando o in\u00edcio do ano acad\u00eamico em uma atmosfera din\u00e2mica e unificadora....","protected":false},"author":1,"featured_media":13212,"comment_status":"closed","ping_status":"open","sticky":false,"template":"","format":"standard","meta":{"iawp_total_views":178,"footnotes":""},"categories":[229],"tags":[],"class_list":{"0":"post-13211","1":"post","2":"type-post","3":"status-publish","4":"format-standard","5":"has-post-thumbnail","7":"category-universite-actualites"},"yoast_head":"<!-- This site is optimized with the Yoast SEO plugin v27.5 - https:\/\/yoast.com\/product\/yoast-seo-wordpress\/ -->\n<title>Rentr\u00e9e 2025 : l\u2019Universit\u00e9 de Guyane accueille ses nouveaux talents dans une ambiance f\u00e9d\u00e9ratrice &#8212; Universit\u00e9 de Guyane<\/title>\n<meta name=\"robots\" content=\"index, follow, max-snippet:-1, max-image-preview:large, max-video-preview:-1\" \/>\n<link rel=\"canonical\" href=\"https:\/\/www.univ-guyane.fr\/pt\/2025\/09\/05\/rentree-2025-luniversite-de-guyane-accueille-ses-nouveaux-talents-dans-une-ambiance-federatrice\/\" \/>\n<meta property=\"og:locale\" content=\"pt_BR\" \/>\n<meta property=\"og:type\" content=\"article\" \/>\n<meta property=\"og:title\" content=\"Rentr\u00e9e 2025 : l\u2019Universit\u00e9 de Guyane accueille ses nouveaux talents dans une ambiance f\u00e9d\u00e9ratrice &#8212; Universit\u00e9 de Guyane\" \/>\n<meta property=\"og:url\" content=\"https:\/\/www.univ-guyane.fr\/pt\/2025\/09\/05\/rentree-2025-luniversite-de-guyane-accueille-ses-nouveaux-talents-dans-une-ambiance-federatrice\/\" \/>\n<meta property=\"og:site_name\" content=\"Universit\u00e9 de Guyane\" \/>\n<meta property=\"article:publisher\" content=\"https:\/\/www.facebook.com\/univguyane\" \/>\n<meta property=\"article:published_time\" content=\"2025-09-05T13:58:16+00:00\" \/>\n<meta property=\"article:modified_time\" content=\"2025-09-05T14:07:36+00:00\" \/>\n<meta property=\"og:image\" content=\"https:\/\/www.univ-guyane.fr\/wp-content\/uploads\/rentree-universitaire-2025.jpg\" \/>\n\t<meta property=\"og:image:width\" content=\"1920\" \/>\n\t<meta property=\"og:image:height\" content=\"1080\" \/>\n\t<meta property=\"og:image:type\" content=\"image\/jpeg\" \/>\n<meta name=\"author\" content=\"Erick Loiti\u00e8re\" \/>\n<meta name=\"twitter:card\" content=\"summary_large_image\" \/>\n<meta name=\"twitter:creator\" content=\"@univguyane\" \/>\n<meta name=\"twitter:site\" content=\"@univguyane\" \/>\n<meta name=\"twitter:label1\" content=\"Escrito por\" \/>\n\t<meta name=\"twitter:data1\" content=\"Erick Loiti\u00e8re\" \/>\n\t<meta name=\"twitter:label2\" content=\"Est. tempo de leitura\" \/>\n\t<meta name=\"twitter:data2\" content=\"3 minutos\" \/>\n<script type=\"application\/ld+json\" class=\"yoast-schema-graph\">{\"@context\":\"https:\\\/\\\/schema.org\",\"@graph\":[{\"@type\":\"Article\",\"@id\":\"https:\\\/\\\/www.univ-guyane.fr\\\/2025\\\/09\\\/05\\\/rentree-2025-luniversite-de-guyane-accueille-ses-nouveaux-talents-dans-une-ambiance-federatrice\\\/#article\",\"isPartOf\":{\"@id\":\"https:\\\/\\\/www.univ-guyane.fr\\\/2025\\\/09\\\/05\\\/rentree-2025-luniversite-de-guyane-accueille-ses-nouveaux-talents-dans-une-ambiance-federatrice\\\/\"},\"author\":{\"name\":\"Erick Loiti\u00e8re\",\"@id\":\"https:\\\/\\\/www.univ-guyane.fr\\\/#\\\/schema\\\/person\\\/86d946a28a8be51bb096ccfdf19db179\"},\"headline\":\"Rentr\u00e9e 2025 : l\u2019Universit\u00e9 de Guyane accueille ses nouveaux talents dans une ambiance f\u00e9d\u00e9ratrice\",\"datePublished\":\"2025-09-05T13:58:16+00:00\",\"dateModified\":\"2025-09-05T14:07:36+00:00\",\"mainEntityOfPage\":{\"@id\":\"https:\\\/\\\/www.univ-guyane.fr\\\/2025\\\/09\\\/05\\\/rentree-2025-luniversite-de-guyane-accueille-ses-nouveaux-talents-dans-une-ambiance-federatrice\\\/\"},\"wordCount\":590,\"publisher\":{\"@id\":\"https:\\\/\\\/www.univ-guyane.fr\\\/#organization\"},\"image\":{\"@id\":\"https:\\\/\\\/www.univ-guyane.fr\\\/2025\\\/09\\\/05\\\/rentree-2025-luniversite-de-guyane-accueille-ses-nouveaux-talents-dans-une-ambiance-federatrice\\\/#primaryimage\"},\"thumbnailUrl\":\"https:\\\/\\\/www.univ-guyane.fr\\\/wp-content\\\/uploads\\\/rentree-universitaire-2025.jpg\",\"articleSection\":[\"\u2022 Universit\u00e9\"],\"inLanguage\":\"pt-BR\"},{\"@type\":\"WebPage\",\"@id\":\"https:\\\/\\\/www.univ-guyane.fr\\\/2025\\\/09\\\/05\\\/rentree-2025-luniversite-de-guyane-accueille-ses-nouveaux-talents-dans-une-ambiance-federatrice\\\/\",\"url\":\"https:\\\/\\\/www.univ-guyane.fr\\\/2025\\\/09\\\/05\\\/rentree-2025-luniversite-de-guyane-accueille-ses-nouveaux-talents-dans-une-ambiance-federatrice\\\/\",\"name\":\"Rentr\u00e9e 2025 : l\u2019Universit\u00e9 de Guyane accueille ses nouveaux talents dans une ambiance f\u00e9d\u00e9ratrice &#8212; Universit\u00e9 de Guyane\",\"isPartOf\":{\"@id\":\"https:\\\/\\\/www.univ-guyane.fr\\\/#website\"},\"primaryImageOfPage\":{\"@id\":\"https:\\\/\\\/www.univ-guyane.fr\\\/2025\\\/09\\\/05\\\/rentree-2025-luniversite-de-guyane-accueille-ses-nouveaux-talents-dans-une-ambiance-federatrice\\\/#primaryimage\"},\"image\":{\"@id\":\"https:\\\/\\\/www.univ-guyane.fr\\\/2025\\\/09\\\/05\\\/rentree-2025-luniversite-de-guyane-accueille-ses-nouveaux-talents-dans-une-ambiance-federatrice\\\/#primaryimage\"},\"thumbnailUrl\":\"https:\\\/\\\/www.univ-guyane.fr\\\/wp-content\\\/uploads\\\/rentree-universitaire-2025.jpg\",\"datePublished\":\"2025-09-05T13:58:16+00:00\",\"dateModified\":\"2025-09-05T14:07:36+00:00\",\"breadcrumb\":{\"@id\":\"https:\\\/\\\/www.univ-guyane.fr\\\/2025\\\/09\\\/05\\\/rentree-2025-luniversite-de-guyane-accueille-ses-nouveaux-talents-dans-une-ambiance-federatrice\\\/#breadcrumb\"},\"inLanguage\":\"pt-BR\",\"potentialAction\":[{\"@type\":\"ReadAction\",\"target\":[\"https:\\\/\\\/www.univ-guyane.fr\\\/2025\\\/09\\\/05\\\/rentree-2025-luniversite-de-guyane-accueille-ses-nouveaux-talents-dans-une-ambiance-federatrice\\\/\"]}]},{\"@type\":\"ImageObject\",\"inLanguage\":\"pt-BR\",\"@id\":\"https:\\\/\\\/www.univ-guyane.fr\\\/2025\\\/09\\\/05\\\/rentree-2025-luniversite-de-guyane-accueille-ses-nouveaux-talents-dans-une-ambiance-federatrice\\\/#primaryimage\",\"url\":\"https:\\\/\\\/www.univ-guyane.fr\\\/wp-content\\\/uploads\\\/rentree-universitaire-2025.jpg\",\"contentUrl\":\"https:\\\/\\\/www.univ-guyane.fr\\\/wp-content\\\/uploads\\\/rentree-universitaire-2025.jpg\",\"width\":1920,\"height\":1080,\"caption\":\"\u00c9tudiant\u00b7es et primo-arrivants assis dans un amphith\u00e9\u00e2tre, de dos, attentifs aux discours lors de la rentr\u00e9e universitaire \u00e0 l\u2019Universit\u00e9 de Guyane.\"},{\"@type\":\"BreadcrumbList\",\"@id\":\"https:\\\/\\\/www.univ-guyane.fr\\\/2025\\\/09\\\/05\\\/rentree-2025-luniversite-de-guyane-accueille-ses-nouveaux-talents-dans-une-ambiance-federatrice\\\/#breadcrumb\",\"itemListElement\":[{\"@type\":\"ListItem\",\"position\":1,\"name\":\"Accueil\",\"item\":\"https:\\\/\\\/www.univ-guyane.fr\\\/\"},{\"@type\":\"ListItem\",\"position\":2,\"name\":\"Rentr\u00e9e 2025 : l\u2019Universit\u00e9 de Guyane accueille ses nouveaux talents dans une ambiance f\u00e9d\u00e9ratrice\"}]},{\"@type\":\"WebSite\",\"@id\":\"https:\\\/\\\/www.univ-guyane.fr\\\/#website\",\"url\":\"https:\\\/\\\/www.univ-guyane.fr\\\/\",\"name\":\"Universit\u00e9 de Guyane\",\"description\":\"Au c\u0153ur de l&#039;amazonie\",\"publisher\":{\"@id\":\"https:\\\/\\\/www.univ-guyane.fr\\\/#organization\"},\"alternateName\":\"UG\",\"potentialAction\":[{\"@type\":\"SearchAction\",\"target\":{\"@type\":\"EntryPoint\",\"urlTemplate\":\"https:\\\/\\\/www.univ-guyane.fr\\\/?s={search_term_string}\"},\"query-input\":{\"@type\":\"PropertyValueSpecification\",\"valueRequired\":true,\"valueName\":\"search_term_string\"}}],\"inLanguage\":\"pt-BR\"},{\"@type\":\"Organization\",\"@id\":\"https:\\\/\\\/www.univ-guyane.fr\\\/#organization\",\"name\":\"Universit\u00e9 de Guyane\",\"alternateName\":\"UG\",\"url\":\"https:\\\/\\\/www.univ-guyane.fr\\\/\",\"logo\":{\"@type\":\"ImageObject\",\"inLanguage\":\"pt-BR\",\"@id\":\"https:\\\/\\\/www.univ-guyane.fr\\\/#\\\/schema\\\/logo\\\/image\\\/\",\"url\":\"https:\\\/\\\/www.univ-guyane.fr\\\/wp-content\\\/uploads\\\/2024\\\/05\\\/f.png\",\"contentUrl\":\"https:\\\/\\\/www.univ-guyane.fr\\\/wp-content\\\/uploads\\\/2024\\\/05\\\/f.png\",\"width\":1024,\"height\":1024,\"caption\":\"Universit\u00e9 de Guyane\"},\"image\":{\"@id\":\"https:\\\/\\\/www.univ-guyane.fr\\\/#\\\/schema\\\/logo\\\/image\\\/\"},\"sameAs\":[\"https:\\\/\\\/www.facebook.com\\\/univguyane\",\"https:\\\/\\\/x.com\\\/univguyane\",\"https:\\\/\\\/gf.linkedin.com\\\/school\\\/universite-de-guyane\\\/\",\"https:\\\/\\\/www.instagram.com\\\/univ_guyane\\\/\"]},{\"@type\":\"Person\",\"@id\":\"https:\\\/\\\/www.univ-guyane.fr\\\/#\\\/schema\\\/person\\\/86d946a28a8be51bb096ccfdf19db179\",\"name\":\"Erick Loiti\u00e8re\",\"image\":{\"@type\":\"ImageObject\",\"inLanguage\":\"pt-BR\",\"@id\":\"https:\\\/\\\/secure.gravatar.com\\\/avatar\\\/0584f332103fbeaf37e52c73b15dca3c547fd9300deb05764e9ad8714839d072?s=96&d=robohash&r=g\",\"url\":\"https:\\\/\\\/secure.gravatar.com\\\/avatar\\\/0584f332103fbeaf37e52c73b15dca3c547fd9300deb05764e9ad8714839d072?s=96&d=robohash&r=g\",\"contentUrl\":\"https:\\\/\\\/secure.gravatar.com\\\/avatar\\\/0584f332103fbeaf37e52c73b15dca3c547fd9300deb05764e9ad8714839d072?s=96&d=robohash&r=g\",\"caption\":\"Erick Loiti\u00e8re\"},\"sameAs\":[\"http:\\\/\\\/www.univ-guyane.fr\"],\"url\":\"https:\\\/\\\/www.univ-guyane.fr\\\/pt\\\/author\\\/eloitierdbz\\\/\"}]}<\/script>\n<!-- \/ Yoast SEO plugin. -->","yoast_head_json":{"title":"Rentr\u00e9e 2025 : l\u2019Universit\u00e9 de Guyane accueille ses nouveaux talents dans une ambiance f\u00e9d\u00e9ratrice &#8212; Universit\u00e9 de Guyane","robots":{"index":"index","follow":"follow","max-snippet":"max-snippet:-1","max-image-preview":"max-image-preview:large","max-video-preview":"max-video-preview:-1"},"canonical":"https:\/\/www.univ-guyane.fr\/pt\/2025\/09\/05\/rentree-2025-luniversite-de-guyane-accueille-ses-nouveaux-talents-dans-une-ambiance-federatrice\/","og_locale":"pt_BR","og_type":"article","og_title":"Rentr\u00e9e 2025 : l\u2019Universit\u00e9 de Guyane accueille ses nouveaux talents dans une ambiance f\u00e9d\u00e9ratrice &#8212; Universit\u00e9 de Guyane","og_url":"https:\/\/www.univ-guyane.fr\/pt\/2025\/09\/05\/rentree-2025-luniversite-de-guyane-accueille-ses-nouveaux-talents-dans-une-ambiance-federatrice\/","og_site_name":"Universit\u00e9 de Guyane","article_publisher":"https:\/\/www.facebook.com\/univguyane","article_published_time":"2025-09-05T13:58:16+00:00","article_modified_time":"2025-09-05T14:07:36+00:00","og_image":[{"width":1920,"height":1080,"url":"https:\/\/www.univ-guyane.fr\/wp-content\/uploads\/rentree-universitaire-2025.jpg","type":"image\/jpeg"}],"author":"Erick Loiti\u00e8re","twitter_card":"summary_large_image","twitter_creator":"@univguyane","twitter_site":"@univguyane","twitter_misc":{"Escrito por":"Erick Loiti\u00e8re","Est. tempo de leitura":"3 minutos"},"schema":{"@context":"https:\/\/schema.org","@graph":[{"@type":"Article","@id":"https:\/\/www.univ-guyane.fr\/2025\/09\/05\/rentree-2025-luniversite-de-guyane-accueille-ses-nouveaux-talents-dans-une-ambiance-federatrice\/#article","isPartOf":{"@id":"https:\/\/www.univ-guyane.fr\/2025\/09\/05\/rentree-2025-luniversite-de-guyane-accueille-ses-nouveaux-talents-dans-une-ambiance-federatrice\/"},"author":{"name":"Erick Loiti\u00e8re","@id":"https:\/\/www.univ-guyane.fr\/#\/schema\/person\/86d946a28a8be51bb096ccfdf19db179"},"headline":"Rentr\u00e9e 2025 : l\u2019Universit\u00e9 de Guyane accueille ses nouveaux talents dans une ambiance f\u00e9d\u00e9ratrice","datePublished":"2025-09-05T13:58:16+00:00","dateModified":"2025-09-05T14:07:36+00:00","mainEntityOfPage":{"@id":"https:\/\/www.univ-guyane.fr\/2025\/09\/05\/rentree-2025-luniversite-de-guyane-accueille-ses-nouveaux-talents-dans-une-ambiance-federatrice\/"},"wordCount":590,"publisher":{"@id":"https:\/\/www.univ-guyane.fr\/#organization"},"image":{"@id":"https:\/\/www.univ-guyane.fr\/2025\/09\/05\/rentree-2025-luniversite-de-guyane-accueille-ses-nouveaux-talents-dans-une-ambiance-federatrice\/#primaryimage"},"thumbnailUrl":"https:\/\/www.univ-guyane.fr\/wp-content\/uploads\/rentree-universitaire-2025.jpg","articleSection":["\u2022 Universit\u00e9"],"inLanguage":"pt-BR"},{"@type":"WebPage","@id":"https:\/\/www.univ-guyane.fr\/2025\/09\/05\/rentree-2025-luniversite-de-guyane-accueille-ses-nouveaux-talents-dans-une-ambiance-federatrice\/","url":"https:\/\/www.univ-guyane.fr\/2025\/09\/05\/rentree-2025-luniversite-de-guyane-accueille-ses-nouveaux-talents-dans-une-ambiance-federatrice\/","name":"Rentr\u00e9e 2025 : l\u2019Universit\u00e9 de Guyane accueille ses nouveaux talents dans une ambiance f\u00e9d\u00e9ratrice &#8212; Universit\u00e9 de Guyane","isPartOf":{"@id":"https:\/\/www.univ-guyane.fr\/#website"},"primaryImageOfPage":{"@id":"https:\/\/www.univ-guyane.fr\/2025\/09\/05\/rentree-2025-luniversite-de-guyane-accueille-ses-nouveaux-talents-dans-une-ambiance-federatrice\/#primaryimage"},"image":{"@id":"https:\/\/www.univ-guyane.fr\/2025\/09\/05\/rentree-2025-luniversite-de-guyane-accueille-ses-nouveaux-talents-dans-une-ambiance-federatrice\/#primaryimage"},"thumbnailUrl":"https:\/\/www.univ-guyane.fr\/wp-content\/uploads\/rentree-universitaire-2025.jpg","datePublished":"2025-09-05T13:58:16+00:00","dateModified":"2025-09-05T14:07:36+00:00","breadcrumb":{"@id":"https:\/\/www.univ-guyane.fr\/2025\/09\/05\/rentree-2025-luniversite-de-guyane-accueille-ses-nouveaux-talents-dans-une-ambiance-federatrice\/#breadcrumb"},"inLanguage":"pt-BR","potentialAction":[{"@type":"ReadAction","target":["https:\/\/www.univ-guyane.fr\/2025\/09\/05\/rentree-2025-luniversite-de-guyane-accueille-ses-nouveaux-talents-dans-une-ambiance-federatrice\/"]}]},{"@type":"ImageObject","inLanguage":"pt-BR","@id":"https:\/\/www.univ-guyane.fr\/2025\/09\/05\/rentree-2025-luniversite-de-guyane-accueille-ses-nouveaux-talents-dans-une-ambiance-federatrice\/#primaryimage","url":"https:\/\/www.univ-guyane.fr\/wp-content\/uploads\/rentree-universitaire-2025.jpg","contentUrl":"https:\/\/www.univ-guyane.fr\/wp-content\/uploads\/rentree-universitaire-2025.jpg","width":1920,"height":1080,"caption":"\u00c9tudiant\u00b7es et primo-arrivants assis dans un amphith\u00e9\u00e2tre, de dos, attentifs aux discours lors de la rentr\u00e9e universitaire \u00e0 l\u2019Universit\u00e9 de Guyane."},{"@type":"BreadcrumbList","@id":"https:\/\/www.univ-guyane.fr\/2025\/09\/05\/rentree-2025-luniversite-de-guyane-accueille-ses-nouveaux-talents-dans-une-ambiance-federatrice\/#breadcrumb","itemListElement":[{"@type":"ListItem","position":1,"name":"Accueil","item":"https:\/\/www.univ-guyane.fr\/"},{"@type":"ListItem","position":2,"name":"Rentr\u00e9e 2025 : l\u2019Universit\u00e9 de Guyane accueille ses nouveaux talents dans une ambiance f\u00e9d\u00e9ratrice"}]},{"@type":"WebSite","@id":"https:\/\/www.univ-guyane.fr\/#website","url":"https:\/\/www.univ-guyane.fr\/","name":"Universidade da Guiana","description":"No cora\u00e7\u00e3o da Amaz\u00f4nia","publisher":{"@id":"https:\/\/www.univ-guyane.fr\/#organization"},"alternateName":"UG","potentialAction":[{"@type":"SearchAction","target":{"@type":"EntryPoint","urlTemplate":"https:\/\/www.univ-guyane.fr\/?s={search_term_string}"},"query-input":{"@type":"PropertyValueSpecification","valueRequired":true,"valueName":"search_term_string"}}],"inLanguage":"pt-BR"},{"@type":"Organization","@id":"https:\/\/www.univ-guyane.fr\/#organization","name":"Universidade da Guiana","alternateName":"UG","url":"https:\/\/www.univ-guyane.fr\/","logo":{"@type":"ImageObject","inLanguage":"pt-BR","@id":"https:\/\/www.univ-guyane.fr\/#\/schema\/logo\/image\/","url":"https:\/\/www.univ-guyane.fr\/wp-content\/uploads\/2024\/05\/f.png","contentUrl":"https:\/\/www.univ-guyane.fr\/wp-content\/uploads\/2024\/05\/f.png","width":1024,"height":1024,"caption":"Universit\u00e9 de Guyane"},"image":{"@id":"https:\/\/www.univ-guyane.fr\/#\/schema\/logo\/image\/"},"sameAs":["https:\/\/www.facebook.com\/univguyane","https:\/\/x.com\/univguyane","https:\/\/gf.linkedin.com\/school\/universite-de-guyane\/","https:\/\/www.instagram.com\/univ_guyane\/"]},{"@type":"Person","@id":"https:\/\/www.univ-guyane.fr\/#\/schema\/person\/86d946a28a8be51bb096ccfdf19db179","name":"Erick Loiti\u00e8re","image":{"@type":"ImageObject","inLanguage":"pt-BR","@id":"https:\/\/secure.gravatar.com\/avatar\/0584f332103fbeaf37e52c73b15dca3c547fd9300deb05764e9ad8714839d072?s=96&d=robohash&r=g","url":"https:\/\/secure.gravatar.com\/avatar\/0584f332103fbeaf37e52c73b15dca3c547fd9300deb05764e9ad8714839d072?s=96&d=robohash&r=g","contentUrl":"https:\/\/secure.gravatar.com\/avatar\/0584f332103fbeaf37e52c73b15dca3c547fd9300deb05764e9ad8714839d072?s=96&d=robohash&r=g","caption":"Erick Loiti\u00e8re"},"sameAs":["http:\/\/www.univ-guyane.fr"],"url":"https:\/\/www.univ-guyane.fr\/pt\/author\/eloitierdbz\/"}]}},"_links":{"self":[{"href":"https:\/\/www.univ-guyane.fr\/pt\/wp-json\/wp\/v2\/posts\/13211","targetHints":{"allow":["GET"]}}],"collection":[{"href":"https:\/\/www.univ-guyane.fr\/pt\/wp-json\/wp\/v2\/posts"}],"about":[{"href":"https:\/\/www.univ-guyane.fr\/pt\/wp-json\/wp\/v2\/types\/post"}],"author":[{"embeddable":true,"href":"https:\/\/www.univ-guyane.fr\/pt\/wp-json\/wp\/v2\/users\/1"}],"replies":[{"embeddable":true,"href":"https:\/\/www.univ-guyane.fr\/pt\/wp-json\/wp\/v2\/comments?post=13211"}],"version-history":[{"count":3,"href":"https:\/\/www.univ-guyane.fr\/pt\/wp-json\/wp\/v2\/posts\/13211\/revisions"}],"predecessor-version":[{"id":13215,"href":"https:\/\/www.univ-guyane.fr\/pt\/wp-json\/wp\/v2\/posts\/13211\/revisions\/13215"}],"wp:featuredmedia":[{"embeddable":true,"href":"https:\/\/www.univ-guyane.fr\/pt\/wp-json\/wp\/v2\/media\/13212"}],"wp:attachment":[{"href":"https:\/\/www.univ-guyane.fr\/pt\/wp-json\/wp\/v2\/media?parent=13211"}],"wp:term":[{"taxonomy":"category","embeddable":true,"href":"https:\/\/www.univ-guyane.fr\/pt\/wp-json\/wp\/v2\/categories?post=13211"},{"taxonomy":"post_tag","embeddable":true,"href":"https:\/\/www.univ-guyane.fr\/pt\/wp-json\/wp\/v2\/tags?post=13211"}],"curies":[{"name":"wp","href":"https:\/\/api.w.org\/{rel}","templated":true}]}}