{"id":13229,"date":"2025-09-11T16:13:35","date_gmt":"2025-09-11T19:13:35","guid":{"rendered":"https:\/\/www.univ-guyane.fr\/?p=13229"},"modified":"2025-09-11T17:38:46","modified_gmt":"2025-09-11T20:38:46","slug":"valorisez-votre-engagement-etudiant25","status":"publish","type":"post","link":"https:\/\/www.univ-guyane.fr\/pt\/2025\/09\/11\/valorisez-votre-engagement-etudiant25\/","title":{"rendered":"Promova seu compromisso com os alunos"},"content":{"rendered":"<div id=\"fws_69f1814abaded\"  data-column-margin=\"default\" data-midnight=\"dark\"  class=\"wpb_row vc_row-fluid vc_row\"  style=\"padding-top: 0px; padding-bottom: 0px; \"><div class=\"row-bg-wrap\" data-bg-animation=\"none\" data-bg-animation-delay=\"\" data-bg-overlay=\"false\"><div class=\"inner-wrap row-bg-layer\" ><div class=\"row-bg viewport-desktop\"  style=\"\"><\/div><\/div><\/div><div class=\"row_col_wrap_12 col span_12 dark left\">\n\t<div  class=\"vc_col-sm-12 wpb_column column_container vc_column_container col no-extra-padding inherit_tablet inherit_phone\"  data-padding-pos=\"all\" data-has-bg-color=\"false\" data-bg-color=\"\" data-bg-opacity=\"1\" data-animation=\"\" data-delay=\"0\" >\n\t\t<div class=\"vc_column-inner\" >\n\t\t\t<div class=\"wpb_wrapper\">\n\t\t\t\t\n<div class=\"wpb_text_column wpb_content_element  chapo\" >\n\t<h2>A Universidade da Guiana v\u00ea o envolvimento dos alunos como um pilar complementar do treinamento acad\u00eamico.<\/h2>\n<\/div>\n\n\n\n\n<div class=\"wpb_text_column wpb_content_element\" >\n\t<div class=\"wpb_text_column wpb_content_element\">\n<div class=\"wpb_wrapper\">\n<p>\u00c9 uma alavanca para a coes\u00e3o, a inclus\u00e3o social, a integra\u00e7\u00e3o profissional e o desenvolvimento de valores c\u00edvicos.<\/p>\n<p>Essas habilidades agora podem ser desenvolvidas como parte do curr\u00edculo universit\u00e1rio.<\/p>\n<p>A responsabilidade social, a cultura do compromisso e o esp\u00edrito empreendedor s\u00e3o valores que a Universidade deseja disseminar em sua comunidade.<\/p>\n<\/div>\n<\/div>\n<div class=\"wpb_text_column wpb_content_element\">\n<div class=\"wpb_wrapper\">\n<h3>Dois sistemas de aprimoramento<\/h3>\n<\/div>\n<\/div>\n<\/div>\n\n\n\n\n\t\t\t<\/div> \n\t\t<\/div>\n\t<\/div> \n<\/div><\/div>\n\t\t<div id=\"fws_69f1814abb23c\"  data-column-margin=\"default\" data-midnight=\"dark\"  class=\"wpb_row vc_row-fluid vc_row\"  style=\"padding-top: 0px; padding-bottom: 0px; \"><div class=\"row-bg-wrap\" data-bg-animation=\"none\" data-bg-animation-delay=\"\" data-bg-overlay=\"false\"><div class=\"inner-wrap row-bg-layer\" ><div class=\"row-bg viewport-desktop\"  style=\"\"><\/div><\/div><\/div><div class=\"row_col_wrap_12 col span_12 dark left\">\n\t<div  class=\"vc_col-sm-6 wpb_column column_container vc_column_container col no-extra-padding inherit_tablet inherit_phone\"  data-padding-pos=\"all\" data-has-bg-color=\"false\" data-bg-color=\"\" data-bg-opacity=\"1\" data-animation=\"\" data-delay=\"0\" >\n\t\t<div class=\"vc_column-inner\" >\n\t\t\t<div class=\"wpb_wrapper\">\n\t\t\t\t\n<div class=\"wpb_text_column wpb_content_element  vc_custom_1757618199619\" >\n\t<p><strong>1. Pontos de b\u00f4nus na m\u00e9dia geral<\/strong><\/p>\n<ul>\n<li>Aplic\u00e1vel a cursos de bacharelado e mestrado.<\/li>\n<li>B\u00f4nus de at\u00e9 <strong>0,5 ponto por semestre<\/strong>.<\/li>\n<li>Inscri\u00e7\u00e3o por meio de um formul\u00e1rio dispon\u00edvel on-line (c\u00f3digo QR) ou no Student Life Office (BVE).<\/li>\n<li>Um comit\u00ea, formado por membros da comunidade universit\u00e1ria e da sociedade civil, decide sobre as inscri\u00e7\u00f5es a cada semestre.<\/li>\n<li>Avalia\u00e7\u00e3o realizada pelo BVE com base em uma grade adaptada a cada tipo de compromisso.<\/li>\n<li>Somente os compromissos reconhecidos pelo artigo 11 da MGCCC s\u00e3o eleg\u00edveis.<\/li>\n<\/ul>\n<\/div>\n\n\n\n\n\t\t\t<\/div> \n\t\t<\/div>\n\t<\/div> \n\n\t<div  class=\"vc_col-sm-6 wpb_column column_container vc_column_container col no-extra-padding inherit_tablet inherit_phone\"  data-padding-pos=\"all\" data-has-bg-color=\"false\" data-bg-color=\"\" data-bg-opacity=\"1\" data-animation=\"\" data-delay=\"0\" >\n\t\t<div class=\"vc_column-inner\" >\n\t\t\t<div class=\"wpb_wrapper\">\n\t\t\t\t\n<div class=\"wpb_text_column wpb_content_element  vc_custom_1757618307309\" >\n\t<ol start=\"2\">\n<li><strong> Concess\u00e3o de cr\u00e9ditos ECTS por meio do curso suplementar gratuito \u00abEnvolvimento do aluno\u00bb (ECL)\u00bb<\/strong><\/li>\n<\/ol>\n<ul>\n<li>Aberto a alunos L3 (semestre 1) e L2 (semestre 2).<\/li>\n<li>A ECL oferece cursos e treinamentos integrados \u00e0 grade de avalia\u00e7\u00e3o (desenvolvimento sustent\u00e1vel, responsabilidade social corporativa, treinamento para l\u00edderes sem fins lucrativos, etc.).<\/li>\n<li>Os cr\u00e9ditos ECTS s\u00e3o concedidos com base em um relat\u00f3rio escrito.<\/li>\n<li>Observe: <strong>n\u00e3o cumulativo<\/strong> com pontos de b\u00f4nus para o mesmo semestre.<\/li>\n<\/ul>\n<\/div>\n\n\n\n\n\t\t\t<\/div> \n\t\t<\/div>\n\t<\/div> \n<\/div><\/div>\n\t\t<div id=\"fws_69f1814abb608\"  data-column-margin=\"default\" data-midnight=\"dark\"  class=\"wpb_row vc_row-fluid vc_row\"  style=\"padding-top: 0px; padding-bottom: 0px; \"><div class=\"row-bg-wrap\" data-bg-animation=\"none\" data-bg-animation-delay=\"\" data-bg-overlay=\"false\"><div class=\"inner-wrap row-bg-layer\" ><div class=\"row-bg viewport-desktop\"  style=\"\"><\/div><\/div><\/div><div class=\"row_col_wrap_12 col span_12 dark left\">\n\t<div  class=\"vc_col-sm-12 wpb_column column_container vc_column_container col no-extra-padding inherit_tablet inherit_phone\"  data-padding-pos=\"all\" data-has-bg-color=\"false\" data-bg-color=\"\" data-bg-opacity=\"1\" data-animation=\"\" data-delay=\"0\" >\n\t\t<div class=\"vc_column-inner\" >\n\t\t\t<div class=\"wpb_wrapper\">\n\t\t\t\t\n<div class=\"wpb_text_column wpb_content_element\" >\n\t<div class=\"wpb_text_column wpb_content_element\">\n<h3 class=\"wpb_wrapper\">Tipos reconhecidos de compromisso<\/h3>\n<\/div>\n<div class=\"wpb_text_column wpb_content_element\">\n<div class=\"wpb_wrapper\">\n<ul>\n<li>Participa\u00e7\u00e3o ativa em uma associa\u00e7\u00e3o de acordo com a lei de 1901 (excluindo compromissos pol\u00edticos ou ideol\u00f3gicos).<\/li>\n<li>Mandato como membro eleito dos conselhos universit\u00e1rios.<\/li>\n<li>Atividade profissional (empregado assalariado ou estudante empreendedor).<\/li>\n<li>Brigada de inc\u00eandio volunt\u00e1ria.<\/li>\n<li>Servi\u00e7o na reserva operacional militar.<\/li>\n<li>Atribui\u00e7\u00e3o como parte de um servi\u00e7o c\u00edvico.<\/li>\n<li>Voluntariado nas for\u00e7as armadas.<\/li>\n<li>Participa\u00e7\u00e3o em <strong>acordos de tutoria<\/strong> (veja abaixo).<\/li>\n<\/ul>\n<p>&nbsp;<\/p>\n<h3><strong>Os diferentes tipos de tutoria reconhecida<\/strong><\/h3>\n<ol>\n<li><strong> Tutoriais acad\u00eamicos<\/strong><\/li>\n<\/ol>\n<ul>\n<li><strong>Suporte educacional<\/strong> Ajuda para entender as aulas e os tutoriais.<\/li>\n<li><strong>Prepara\u00e7\u00e3o para o exame<\/strong> Organiza\u00e7\u00e3o de sess\u00f5es de revis\u00e3o e aconselhamento metodol\u00f3gico.<\/li>\n<li><strong>Aprendizado metodol\u00f3gico<\/strong> anota\u00e7\u00f5es, gerenciamento de tempo e organiza\u00e7\u00e3o do trabalho.<\/li>\n<\/ul>\n<ol start=\"2\">\n<li><strong> Tutoriais de informa\u00e7\u00e3o e orienta\u00e7\u00e3o<\/strong><\/li>\n<\/ol>\n<ul>\n<li>Informa\u00e7\u00f5es sobre cursos e ajuda para planejar seus estudos.<\/li>\n<li>Orienta\u00e7\u00e3o profissional: busca de est\u00e1gios e ajuda na integra\u00e7\u00e3o.<\/li>\n<\/ul>\n<ol start=\"3\">\n<li><strong> Tutoriais de integra\u00e7\u00e3o social<\/strong><\/li>\n<\/ol>\n<ul>\n<li>Dar as boas-vindas aos novos alunos e explorar o campus.<\/li>\n<li>Ajudar a organizar eventos e promover a vida comunit\u00e1ria.<\/li>\n<\/ul>\n<ol start=\"4\">\n<li><strong> Tutoriais especializados<\/strong><\/li>\n<\/ol>\n<ul>\n<li>Suporte individual para alunos com dificuldades.<\/li>\n<li>Suporte adaptado para alunos com defici\u00eancias.<\/li>\n<\/ul>\n<ol start=\"5\">\n<li><strong> Aulas de refor\u00e7o para combater a inseguran\u00e7a no trabalho<\/strong><\/li>\n<\/ol>\n<ul>\n<li>Ajuda para alunos com dificuldades sociais ou financeiras, em conjunto com os departamentos relevantes da universidade.<\/li>\n<\/ul>\n<p>&nbsp;<\/p>\n<\/div>\n<\/div>\n<\/div>\n\n\n\n\n\t\t\t<\/div> \n\t\t<\/div>\n\t<\/div> \n\n\t<div  class=\"vc_col-sm-12 wpb_column column_container vc_column_container col no-extra-padding inherit_tablet inherit_phone\"  data-padding-pos=\"all\" data-has-bg-color=\"false\" data-bg-color=\"\" data-bg-opacity=\"1\" data-animation=\"\" data-delay=\"0\" >\n\t\t<div class=\"vc_column-inner\" >\n\t\t\t<div class=\"wpb_wrapper\">\n\t\t\t\t\n\t\t\t<\/div> \n\t\t<\/div>\n\t<\/div> \n<\/div><\/div>\n\t\t<div id=\"fws_69f1814abb9f3\"  data-column-margin=\"default\" data-midnight=\"dark\"  class=\"wpb_row vc_row-fluid vc_row\"  style=\"padding-top: 0px; padding-bottom: 0px; \"><div class=\"row-bg-wrap\" data-bg-animation=\"none\" data-bg-animation-delay=\"\" data-bg-overlay=\"false\"><div class=\"inner-wrap row-bg-layer\" ><div class=\"row-bg viewport-desktop\"  style=\"\"><\/div><\/div><\/div><div class=\"row_col_wrap_12 col span_12 dark left\">\n\t<div  class=\"vc_col-sm-12 wpb_column column_container vc_column_container col no-extra-padding inherit_tablet inherit_phone\"  data-padding-pos=\"all\" data-has-bg-color=\"false\" data-bg-color=\"\" data-bg-opacity=\"1\" data-animation=\"\" data-delay=\"0\" >\n\t\t<div class=\"vc_column-inner\" >\n\t\t\t<div class=\"wpb_wrapper\">\n\t\t\t\t\n<div class=\"wpb_text_column wpb_content_element  vc_custom_1757618719876\" >\n\t<h2><strong>Como se registrar<\/strong><\/h2>\n<ul>\n<li><strong>Semestre 1<\/strong> De 2 de setembro a 31 de outubro.<\/li>\n<li><strong>Semestre 2<\/strong> De 1\u00ba de janeiro a 30 de mar\u00e7o.<\/li>\n<li>Arquivo a ser preenchido com documentos de apoio.<\/li>\n<li>Participa\u00e7\u00e3o ativa em eventos organizados pela Universidade (Volta \u00e0s Aulas, Student Village, palestras de quinta-feira, f\u00f3runs, passeios culturais etc.).<\/li>\n<\/ul>\n<\/div>\n\n\n\n\n<div class=\"wpb_text_column wpb_content_element  vc_custom_1757618711740\" >\n\t<h2><strong>Informa\u00e7\u00f5es pr\u00e1ticas<\/strong><\/h2>\n<ul>\n<li style=\"list-style-type: none;\">\n<ul>\n<li>Formul\u00e1rio dispon\u00edvel on-line (c\u00f3digo QR) ou no Student Life Office (BVE).<\/li>\n<li>Para a ECL \u00abEnvolvimento do aluno\u00bb (coeficiente 2): recebimento do <strong>PAVE - Edif\u00edcio G, andar t\u00e9rreo<\/strong>.<\/li>\n<\/ul>\n<\/li>\n<\/ul>\n<\/div>\n\n\n\n<a class=\"nectar-button small regular accent-color  regular-button\"  role=\"button\" style=\"\"  href=\"https:\/\/forms.office.com\/Pages\/ResponsePage.aspx?id=PLBk5DxXnEG4flSJPYlN6RzjDBzv4qlBqKaUUkb-y8NUM1pKUU9SUU5HN1YwSTFTMlFLUjBTSUdCUi4u&#038;origin=QRCode\" data-color-override=\"false\" data-hover-color-override=\"false\" data-hover-text-color-override=\"#fff\"><span>Formul\u00e1rio 2025-2026<\/span><\/a>\n\t\t\t<\/div> \n\t\t<\/div>\n\t<\/div> \n<\/div><\/div>","protected":false},"excerpt":{"rendered":"A Universidade da Guiana v\u00ea o envolvimento dos alunos como um pilar complementar do treinamento acad\u00eamico. Ela...","protected":false},"author":1,"featured_media":8497,"comment_status":"closed","ping_status":"open","sticky":false,"template":"","format":"standard","meta":{"iawp_total_views":228,"footnotes":""},"categories":[151,156,235],"tags":[],"class_list":{"0":"post-13229","1":"post","2":"type-post","3":"status-publish","4":"format-standard","5":"has-post-thumbnail","7":"category-bve","8":"category-campus","9":"category-vie-associative"},"yoast_head":"<!-- This site is optimized with the Yoast SEO plugin v27.5 - https:\/\/yoast.com\/product\/yoast-seo-wordpress\/ -->\n<title>Valorisez votre engagement \u00e9tudiant &#8212; Universit\u00e9 de Guyane<\/title>\n<meta name=\"description\" content=\"D\u00e9couvrez comment valoriser votre engagement \u00e9tudiant \u00e0 l&#039;Universit\u00e9 de Guyane. Demandez la reconnaissance de votre engagement via notre formulaire simple et t\u00e9l\u00e9chargeable.\" \/>\n<meta name=\"robots\" content=\"index, follow, max-snippet:-1, max-image-preview:large, max-video-preview:-1\" \/>\n<link rel=\"canonical\" href=\"https:\/\/www.univ-guyane.fr\/pt\/2025\/09\/11\/valorisez-votre-engagement-etudiant25\/\" \/>\n<meta property=\"og:locale\" content=\"pt_BR\" \/>\n<meta property=\"og:type\" content=\"article\" \/>\n<meta property=\"og:title\" content=\"Valorisez votre engagement \u00e9tudiant &#8212; Universit\u00e9 de Guyane\" \/>\n<meta property=\"og:description\" content=\"D\u00e9couvrez comment valoriser votre engagement \u00e9tudiant \u00e0 l&#039;Universit\u00e9 de Guyane. Demandez la reconnaissance de votre engagement via notre formulaire simple et t\u00e9l\u00e9chargeable.\" \/>\n<meta property=\"og:url\" content=\"https:\/\/www.univ-guyane.fr\/pt\/2025\/09\/11\/valorisez-votre-engagement-etudiant25\/\" \/>\n<meta property=\"og:site_name\" content=\"Universit\u00e9 de Guyane\" \/>\n<meta property=\"article:publisher\" content=\"https:\/\/www.facebook.com\/univguyane\" \/>\n<meta property=\"article:published_time\" content=\"2025-09-11T19:13:35+00:00\" \/>\n<meta property=\"article:modified_time\" content=\"2025-09-11T20:38:46+00:00\" \/>\n<meta property=\"og:image\" content=\"https:\/\/www.univ-guyane.fr\/wp-content\/uploads\/valoriser-votre-engagement-etudiant-universite-de-guyane.jpeg\" \/>\n\t<meta property=\"og:image:width\" content=\"1800\" \/>\n\t<meta property=\"og:image:height\" content=\"1013\" \/>\n\t<meta property=\"og:image:type\" content=\"image\/jpeg\" \/>\n<meta name=\"author\" content=\"Erick Loiti\u00e8re\" \/>\n<meta name=\"twitter:card\" content=\"summary_large_image\" \/>\n<meta name=\"twitter:creator\" content=\"@univguyane\" \/>\n<meta name=\"twitter:site\" content=\"@univguyane\" \/>\n<meta name=\"twitter:label1\" content=\"Escrito por\" \/>\n\t<meta name=\"twitter:data1\" content=\"Erick Loiti\u00e8re\" \/>\n\t<meta name=\"twitter:label2\" content=\"Est. tempo de leitura\" \/>\n\t<meta name=\"twitter:data2\" content=\"3 minutos\" \/>\n<script type=\"application\/ld+json\" class=\"yoast-schema-graph\">{\"@context\":\"https:\\\/\\\/schema.org\",\"@graph\":[{\"@type\":\"Article\",\"@id\":\"https:\\\/\\\/www.univ-guyane.fr\\\/2025\\\/09\\\/11\\\/valorisez-votre-engagement-etudiant25\\\/#article\",\"isPartOf\":{\"@id\":\"https:\\\/\\\/www.univ-guyane.fr\\\/2025\\\/09\\\/11\\\/valorisez-votre-engagement-etudiant25\\\/\"},\"author\":{\"name\":\"Erick Loiti\u00e8re\",\"@id\":\"https:\\\/\\\/www.univ-guyane.fr\\\/#\\\/schema\\\/person\\\/86d946a28a8be51bb096ccfdf19db179\"},\"headline\":\"Valorisez votre engagement \u00e9tudiant\",\"datePublished\":\"2025-09-11T19:13:35+00:00\",\"dateModified\":\"2025-09-11T20:38:46+00:00\",\"mainEntityOfPage\":{\"@id\":\"https:\\\/\\\/www.univ-guyane.fr\\\/2025\\\/09\\\/11\\\/valorisez-votre-engagement-etudiant25\\\/\"},\"wordCount\":1580,\"publisher\":{\"@id\":\"https:\\\/\\\/www.univ-guyane.fr\\\/#organization\"},\"image\":{\"@id\":\"https:\\\/\\\/www.univ-guyane.fr\\\/2025\\\/09\\\/11\\\/valorisez-votre-engagement-etudiant25\\\/#primaryimage\"},\"thumbnailUrl\":\"https:\\\/\\\/www.univ-guyane.fr\\\/wp-content\\\/uploads\\\/valoriser-votre-engagement-etudiant-universite-de-guyane.jpeg\",\"articleSection\":[\"\u2022 BVE\",\"\u2022\u00a0Campus\",\"\u2022 Vie associative\"],\"inLanguage\":\"pt-BR\"},{\"@type\":\"WebPage\",\"@id\":\"https:\\\/\\\/www.univ-guyane.fr\\\/2025\\\/09\\\/11\\\/valorisez-votre-engagement-etudiant25\\\/\",\"url\":\"https:\\\/\\\/www.univ-guyane.fr\\\/2025\\\/09\\\/11\\\/valorisez-votre-engagement-etudiant25\\\/\",\"name\":\"Valorisez votre engagement \u00e9tudiant &#8212; Universit\u00e9 de Guyane\",\"isPartOf\":{\"@id\":\"https:\\\/\\\/www.univ-guyane.fr\\\/#website\"},\"primaryImageOfPage\":{\"@id\":\"https:\\\/\\\/www.univ-guyane.fr\\\/2025\\\/09\\\/11\\\/valorisez-votre-engagement-etudiant25\\\/#primaryimage\"},\"image\":{\"@id\":\"https:\\\/\\\/www.univ-guyane.fr\\\/2025\\\/09\\\/11\\\/valorisez-votre-engagement-etudiant25\\\/#primaryimage\"},\"thumbnailUrl\":\"https:\\\/\\\/www.univ-guyane.fr\\\/wp-content\\\/uploads\\\/valoriser-votre-engagement-etudiant-universite-de-guyane.jpeg\",\"datePublished\":\"2025-09-11T19:13:35+00:00\",\"dateModified\":\"2025-09-11T20:38:46+00:00\",\"description\":\"D\u00e9couvrez comment valoriser votre engagement \u00e9tudiant \u00e0 l'Universit\u00e9 de Guyane. Demandez la reconnaissance de votre engagement via notre formulaire simple et t\u00e9l\u00e9chargeable.\",\"breadcrumb\":{\"@id\":\"https:\\\/\\\/www.univ-guyane.fr\\\/2025\\\/09\\\/11\\\/valorisez-votre-engagement-etudiant25\\\/#breadcrumb\"},\"inLanguage\":\"pt-BR\",\"potentialAction\":[{\"@type\":\"ReadAction\",\"target\":[\"https:\\\/\\\/www.univ-guyane.fr\\\/2025\\\/09\\\/11\\\/valorisez-votre-engagement-etudiant25\\\/\"]}]},{\"@type\":\"ImageObject\",\"inLanguage\":\"pt-BR\",\"@id\":\"https:\\\/\\\/www.univ-guyane.fr\\\/2025\\\/09\\\/11\\\/valorisez-votre-engagement-etudiant25\\\/#primaryimage\",\"url\":\"https:\\\/\\\/www.univ-guyane.fr\\\/wp-content\\\/uploads\\\/valoriser-votre-engagement-etudiant-universite-de-guyane.jpeg\",\"contentUrl\":\"https:\\\/\\\/www.univ-guyane.fr\\\/wp-content\\\/uploads\\\/valoriser-votre-engagement-etudiant-universite-de-guyane.jpeg\",\"width\":1800,\"height\":1013,\"caption\":\"Valorisez votre engagement \u00e9tudiant\"},{\"@type\":\"BreadcrumbList\",\"@id\":\"https:\\\/\\\/www.univ-guyane.fr\\\/2025\\\/09\\\/11\\\/valorisez-votre-engagement-etudiant25\\\/#breadcrumb\",\"itemListElement\":[{\"@type\":\"ListItem\",\"position\":1,\"name\":\"Accueil\",\"item\":\"https:\\\/\\\/www.univ-guyane.fr\\\/\"},{\"@type\":\"ListItem\",\"position\":2,\"name\":\"Valorisez votre engagement \u00e9tudiant\"}]},{\"@type\":\"WebSite\",\"@id\":\"https:\\\/\\\/www.univ-guyane.fr\\\/#website\",\"url\":\"https:\\\/\\\/www.univ-guyane.fr\\\/\",\"name\":\"Universit\u00e9 de Guyane\",\"description\":\"Au c\u0153ur de l&#039;amazonie\",\"publisher\":{\"@id\":\"https:\\\/\\\/www.univ-guyane.fr\\\/#organization\"},\"alternateName\":\"UG\",\"potentialAction\":[{\"@type\":\"SearchAction\",\"target\":{\"@type\":\"EntryPoint\",\"urlTemplate\":\"https:\\\/\\\/www.univ-guyane.fr\\\/?s={search_term_string}\"},\"query-input\":{\"@type\":\"PropertyValueSpecification\",\"valueRequired\":true,\"valueName\":\"search_term_string\"}}],\"inLanguage\":\"pt-BR\"},{\"@type\":\"Organization\",\"@id\":\"https:\\\/\\\/www.univ-guyane.fr\\\/#organization\",\"name\":\"Universit\u00e9 de Guyane\",\"alternateName\":\"UG\",\"url\":\"https:\\\/\\\/www.univ-guyane.fr\\\/\",\"logo\":{\"@type\":\"ImageObject\",\"inLanguage\":\"pt-BR\",\"@id\":\"https:\\\/\\\/www.univ-guyane.fr\\\/#\\\/schema\\\/logo\\\/image\\\/\",\"url\":\"https:\\\/\\\/www.univ-guyane.fr\\\/wp-content\\\/uploads\\\/2024\\\/05\\\/f.png\",\"contentUrl\":\"https:\\\/\\\/www.univ-guyane.fr\\\/wp-content\\\/uploads\\\/2024\\\/05\\\/f.png\",\"width\":1024,\"height\":1024,\"caption\":\"Universit\u00e9 de Guyane\"},\"image\":{\"@id\":\"https:\\\/\\\/www.univ-guyane.fr\\\/#\\\/schema\\\/logo\\\/image\\\/\"},\"sameAs\":[\"https:\\\/\\\/www.facebook.com\\\/univguyane\",\"https:\\\/\\\/x.com\\\/univguyane\",\"https:\\\/\\\/gf.linkedin.com\\\/school\\\/universite-de-guyane\\\/\",\"https:\\\/\\\/www.instagram.com\\\/univ_guyane\\\/\"]},{\"@type\":\"Person\",\"@id\":\"https:\\\/\\\/www.univ-guyane.fr\\\/#\\\/schema\\\/person\\\/86d946a28a8be51bb096ccfdf19db179\",\"name\":\"Erick Loiti\u00e8re\",\"image\":{\"@type\":\"ImageObject\",\"inLanguage\":\"pt-BR\",\"@id\":\"https:\\\/\\\/secure.gravatar.com\\\/avatar\\\/0584f332103fbeaf37e52c73b15dca3c547fd9300deb05764e9ad8714839d072?s=96&d=robohash&r=g\",\"url\":\"https:\\\/\\\/secure.gravatar.com\\\/avatar\\\/0584f332103fbeaf37e52c73b15dca3c547fd9300deb05764e9ad8714839d072?s=96&d=robohash&r=g\",\"contentUrl\":\"https:\\\/\\\/secure.gravatar.com\\\/avatar\\\/0584f332103fbeaf37e52c73b15dca3c547fd9300deb05764e9ad8714839d072?s=96&d=robohash&r=g\",\"caption\":\"Erick Loiti\u00e8re\"},\"sameAs\":[\"http:\\\/\\\/www.univ-guyane.fr\"],\"url\":\"https:\\\/\\\/www.univ-guyane.fr\\\/pt\\\/author\\\/eloitierdbz\\\/\"}]}<\/script>\n<!-- \/ Yoast SEO plugin. -->","yoast_head_json":{"title":"Aproveite ao m\u00e1ximo seu compromisso estudantil - Universit\u00e9 de Guyane","description":"Descubra como aproveitar ao m\u00e1ximo seu compromisso estudantil na Universidade da Guiana. Solicite o reconhecimento de seu compromisso usando nosso formul\u00e1rio simples, que pode ser baixado.","robots":{"index":"index","follow":"follow","max-snippet":"max-snippet:-1","max-image-preview":"max-image-preview:large","max-video-preview":"max-video-preview:-1"},"canonical":"https:\/\/www.univ-guyane.fr\/pt\/2025\/09\/11\/valorisez-votre-engagement-etudiant25\/","og_locale":"pt_BR","og_type":"article","og_title":"Valorisez votre engagement \u00e9tudiant &#8212; Universit\u00e9 de Guyane","og_description":"D\u00e9couvrez comment valoriser votre engagement \u00e9tudiant \u00e0 l'Universit\u00e9 de Guyane. Demandez la reconnaissance de votre engagement via notre formulaire simple et t\u00e9l\u00e9chargeable.","og_url":"https:\/\/www.univ-guyane.fr\/pt\/2025\/09\/11\/valorisez-votre-engagement-etudiant25\/","og_site_name":"Universit\u00e9 de Guyane","article_publisher":"https:\/\/www.facebook.com\/univguyane","article_published_time":"2025-09-11T19:13:35+00:00","article_modified_time":"2025-09-11T20:38:46+00:00","og_image":[{"width":1800,"height":1013,"url":"https:\/\/www.univ-guyane.fr\/wp-content\/uploads\/valoriser-votre-engagement-etudiant-universite-de-guyane.jpeg","type":"image\/jpeg"}],"author":"Erick Loiti\u00e8re","twitter_card":"summary_large_image","twitter_creator":"@univguyane","twitter_site":"@univguyane","twitter_misc":{"Escrito por":"Erick Loiti\u00e8re","Est. tempo de leitura":"3 minutos"},"schema":{"@context":"https:\/\/schema.org","@graph":[{"@type":"Article","@id":"https:\/\/www.univ-guyane.fr\/2025\/09\/11\/valorisez-votre-engagement-etudiant25\/#article","isPartOf":{"@id":"https:\/\/www.univ-guyane.fr\/2025\/09\/11\/valorisez-votre-engagement-etudiant25\/"},"author":{"name":"Erick Loiti\u00e8re","@id":"https:\/\/www.univ-guyane.fr\/#\/schema\/person\/86d946a28a8be51bb096ccfdf19db179"},"headline":"Valorisez votre engagement \u00e9tudiant","datePublished":"2025-09-11T19:13:35+00:00","dateModified":"2025-09-11T20:38:46+00:00","mainEntityOfPage":{"@id":"https:\/\/www.univ-guyane.fr\/2025\/09\/11\/valorisez-votre-engagement-etudiant25\/"},"wordCount":1580,"publisher":{"@id":"https:\/\/www.univ-guyane.fr\/#organization"},"image":{"@id":"https:\/\/www.univ-guyane.fr\/2025\/09\/11\/valorisez-votre-engagement-etudiant25\/#primaryimage"},"thumbnailUrl":"https:\/\/www.univ-guyane.fr\/wp-content\/uploads\/valoriser-votre-engagement-etudiant-universite-de-guyane.jpeg","articleSection":["\u2022 BVE","\u2022\u00a0Campus","\u2022 Vie associative"],"inLanguage":"pt-BR"},{"@type":"WebPage","@id":"https:\/\/www.univ-guyane.fr\/2025\/09\/11\/valorisez-votre-engagement-etudiant25\/","url":"https:\/\/www.univ-guyane.fr\/2025\/09\/11\/valorisez-votre-engagement-etudiant25\/","name":"Aproveite ao m\u00e1ximo seu compromisso estudantil - Universit\u00e9 de Guyane","isPartOf":{"@id":"https:\/\/www.univ-guyane.fr\/#website"},"primaryImageOfPage":{"@id":"https:\/\/www.univ-guyane.fr\/2025\/09\/11\/valorisez-votre-engagement-etudiant25\/#primaryimage"},"image":{"@id":"https:\/\/www.univ-guyane.fr\/2025\/09\/11\/valorisez-votre-engagement-etudiant25\/#primaryimage"},"thumbnailUrl":"https:\/\/www.univ-guyane.fr\/wp-content\/uploads\/valoriser-votre-engagement-etudiant-universite-de-guyane.jpeg","datePublished":"2025-09-11T19:13:35+00:00","dateModified":"2025-09-11T20:38:46+00:00","description":"Descubra como aproveitar ao m\u00e1ximo seu compromisso estudantil na Universidade da Guiana. Solicite o reconhecimento de seu compromisso usando nosso formul\u00e1rio simples, que pode ser baixado.","breadcrumb":{"@id":"https:\/\/www.univ-guyane.fr\/2025\/09\/11\/valorisez-votre-engagement-etudiant25\/#breadcrumb"},"inLanguage":"pt-BR","potentialAction":[{"@type":"ReadAction","target":["https:\/\/www.univ-guyane.fr\/2025\/09\/11\/valorisez-votre-engagement-etudiant25\/"]}]},{"@type":"ImageObject","inLanguage":"pt-BR","@id":"https:\/\/www.univ-guyane.fr\/2025\/09\/11\/valorisez-votre-engagement-etudiant25\/#primaryimage","url":"https:\/\/www.univ-guyane.fr\/wp-content\/uploads\/valoriser-votre-engagement-etudiant-universite-de-guyane.jpeg","contentUrl":"https:\/\/www.univ-guyane.fr\/wp-content\/uploads\/valoriser-votre-engagement-etudiant-universite-de-guyane.jpeg","width":1800,"height":1013,"caption":"Valorisez votre engagement \u00e9tudiant"},{"@type":"BreadcrumbList","@id":"https:\/\/www.univ-guyane.fr\/2025\/09\/11\/valorisez-votre-engagement-etudiant25\/#breadcrumb","itemListElement":[{"@type":"ListItem","position":1,"name":"Accueil","item":"https:\/\/www.univ-guyane.fr\/"},{"@type":"ListItem","position":2,"name":"Valorisez votre engagement \u00e9tudiant"}]},{"@type":"WebSite","@id":"https:\/\/www.univ-guyane.fr\/#website","url":"https:\/\/www.univ-guyane.fr\/","name":"Universidade da Guiana","description":"No cora\u00e7\u00e3o da Amaz\u00f4nia","publisher":{"@id":"https:\/\/www.univ-guyane.fr\/#organization"},"alternateName":"UG","potentialAction":[{"@type":"SearchAction","target":{"@type":"EntryPoint","urlTemplate":"https:\/\/www.univ-guyane.fr\/?s={search_term_string}"},"query-input":{"@type":"PropertyValueSpecification","valueRequired":true,"valueName":"search_term_string"}}],"inLanguage":"pt-BR"},{"@type":"Organization","@id":"https:\/\/www.univ-guyane.fr\/#organization","name":"Universidade da Guiana","alternateName":"UG","url":"https:\/\/www.univ-guyane.fr\/","logo":{"@type":"ImageObject","inLanguage":"pt-BR","@id":"https:\/\/www.univ-guyane.fr\/#\/schema\/logo\/image\/","url":"https:\/\/www.univ-guyane.fr\/wp-content\/uploads\/2024\/05\/f.png","contentUrl":"https:\/\/www.univ-guyane.fr\/wp-content\/uploads\/2024\/05\/f.png","width":1024,"height":1024,"caption":"Universit\u00e9 de Guyane"},"image":{"@id":"https:\/\/www.univ-guyane.fr\/#\/schema\/logo\/image\/"},"sameAs":["https:\/\/www.facebook.com\/univguyane","https:\/\/x.com\/univguyane","https:\/\/gf.linkedin.com\/school\/universite-de-guyane\/","https:\/\/www.instagram.com\/univ_guyane\/"]},{"@type":"Person","@id":"https:\/\/www.univ-guyane.fr\/#\/schema\/person\/86d946a28a8be51bb096ccfdf19db179","name":"Erick Loiti\u00e8re","image":{"@type":"ImageObject","inLanguage":"pt-BR","@id":"https:\/\/secure.gravatar.com\/avatar\/0584f332103fbeaf37e52c73b15dca3c547fd9300deb05764e9ad8714839d072?s=96&d=robohash&r=g","url":"https:\/\/secure.gravatar.com\/avatar\/0584f332103fbeaf37e52c73b15dca3c547fd9300deb05764e9ad8714839d072?s=96&d=robohash&r=g","contentUrl":"https:\/\/secure.gravatar.com\/avatar\/0584f332103fbeaf37e52c73b15dca3c547fd9300deb05764e9ad8714839d072?s=96&d=robohash&r=g","caption":"Erick Loiti\u00e8re"},"sameAs":["http:\/\/www.univ-guyane.fr"],"url":"https:\/\/www.univ-guyane.fr\/pt\/author\/eloitierdbz\/"}]}},"_links":{"self":[{"href":"https:\/\/www.univ-guyane.fr\/pt\/wp-json\/wp\/v2\/posts\/13229","targetHints":{"allow":["GET"]}}],"collection":[{"href":"https:\/\/www.univ-guyane.fr\/pt\/wp-json\/wp\/v2\/posts"}],"about":[{"href":"https:\/\/www.univ-guyane.fr\/pt\/wp-json\/wp\/v2\/types\/post"}],"author":[{"embeddable":true,"href":"https:\/\/www.univ-guyane.fr\/pt\/wp-json\/wp\/v2\/users\/1"}],"replies":[{"embeddable":true,"href":"https:\/\/www.univ-guyane.fr\/pt\/wp-json\/wp\/v2\/comments?post=13229"}],"version-history":[{"count":6,"href":"https:\/\/www.univ-guyane.fr\/pt\/wp-json\/wp\/v2\/posts\/13229\/revisions"}],"predecessor-version":[{"id":13235,"href":"https:\/\/www.univ-guyane.fr\/pt\/wp-json\/wp\/v2\/posts\/13229\/revisions\/13235"}],"wp:featuredmedia":[{"embeddable":true,"href":"https:\/\/www.univ-guyane.fr\/pt\/wp-json\/wp\/v2\/media\/8497"}],"wp:attachment":[{"href":"https:\/\/www.univ-guyane.fr\/pt\/wp-json\/wp\/v2\/media?parent=13229"}],"wp:term":[{"taxonomy":"category","embeddable":true,"href":"https:\/\/www.univ-guyane.fr\/pt\/wp-json\/wp\/v2\/categories?post=13229"},{"taxonomy":"post_tag","embeddable":true,"href":"https:\/\/www.univ-guyane.fr\/pt\/wp-json\/wp\/v2\/tags?post=13229"}],"curies":[{"name":"wp","href":"https:\/\/api.w.org\/{rel}","templated":true}]}}