{"id":13407,"date":"2025-10-08T10:45:25","date_gmt":"2025-10-08T13:45:25","guid":{"rendered":"https:\/\/www.univ-guyane.fr\/?p=13407"},"modified":"2025-10-22T12:13:01","modified_gmt":"2025-10-22T15:13:01","slug":"habiter-le-littoral-des-guyanes-retour-sur-un-projet-de-recherche-aux-frontieres-des-disciplines","status":"publish","type":"post","link":"https:\/\/www.univ-guyane.fr\/pt\/2025\/10\/08\/habiter-le-littoral-des-guyanes-retour-sur-un-projet-de-recherche-aux-frontieres-des-disciplines\/","title":{"rendered":"Habitando o litoral da Guiana: uma retrospectiva de um projeto de pesquisa nas fronteiras das disciplinas"},"content":{"rendered":"<div id=\"fws_69f4c48aa106c\"  data-column-margin=\"default\" data-midnight=\"dark\"  class=\"wpb_row vc_row-fluid vc_row\"  style=\"padding-top: 0px; padding-bottom: 0px; \"><div class=\"row-bg-wrap\" data-bg-animation=\"none\" data-bg-animation-delay=\"\" data-bg-overlay=\"false\"><div class=\"inner-wrap row-bg-layer\" ><div class=\"row-bg viewport-desktop\"  style=\"\"><\/div><\/div><\/div><div class=\"row_col_wrap_12 col span_12 dark left\">\n\t<div  class=\"vc_col-sm-12 wpb_column column_container vc_column_container col no-extra-padding inherit_tablet inherit_phone\"  data-padding-pos=\"all\" data-has-bg-color=\"false\" data-bg-color=\"\" data-bg-opacity=\"1\" data-animation=\"\" data-delay=\"0\" >\n\t\t<div class=\"vc_column-inner\" >\n\t\t\t<div class=\"wpb_wrapper\">\n\t\t\t\t\n<div class=\"wpb_text_column wpb_content_element  ug_chapo\" >\n\t<h2>Na quinta-feira, 16 de outubro de 2025, a Biblioteca Universit\u00e1ria da Universidade da Guiana sediou outra sess\u00e3o do semin\u00e1rio \u201cBorders, Circulations, Interculturalities and Human-Milieu Interactions\u201d. Essa reuni\u00e3o destacou o projeto de pesquisa coletiva baseado no livro Habiter le littoral des Guyanes, s'adapter au changement? dirigido por Marianne Palisse e G\u00e9rard Collomb.<\/h2>\n<\/div>\n\n\n\n\n<div class=\"wpb_text_column wpb_content_element\" >\n\t<h3><strong>Entendendo a din\u00e2mica do litoral da Guiana<\/strong><\/h3>\n<p>Como voc\u00ea vive ao longo do litoral do Escudo das Guianas, um dos mais m\u00f3veis do mundo? Esse litoral, cercado por lama\u00e7ais da Amaz\u00f4nia, est\u00e1 constantemente mudando de cara. Os manguezais se movem, as praias aparecem ou desaparecem e os epis\u00f3dios de eros\u00e3o r\u00e1pida transformam profundamente as \u00e1reas habitadas. Este semin\u00e1rio proporcionou uma oportunidade de combinar abordagens cient\u00edficas, ambientais e sociais para entender melhor essas mudan\u00e7as.<br \/>\nOs pesquisadores compartilharam suas an\u00e1lises e questionaram a capacidade das pessoas de se adaptarem a essas mudan\u00e7as naturais.<\/p>\n<h3><strong>Um trabalho coletivo sobre mudan\u00e7as<\/strong><\/h3>\n<p>O livro <em>Vivendo na costa da Guiana, adaptando-se \u00e0s mudan\u00e7as?<\/em> re\u00fane pesquisadores de uma ampla gama de disciplinas. Sua primeira ambi\u00e7\u00e3o \u00e9 descrever como as pessoas habitaram e continuam habitando esse litoral \u00fanico. A segunda era entender a vulnerabilidade das sociedades e seus mecanismos de adapta\u00e7\u00e3o em face da r\u00e1pida mudan\u00e7a ambiental. Hoje, em um cen\u00e1rio de mudan\u00e7as clim\u00e1ticas globais, o livro oferece uma se\u00e7\u00e3o transversal do conhecimento local e cient\u00edfico. Ele destaca a riqueza da experi\u00eancia humana e a diversidade de respostas aos desafios enfrentados pela Guiana costeira.<\/p>\n<h3><strong>Uma abordagem multidisciplinar<\/strong><\/h3>\n<p>Cada cap\u00edtulo explora um aspecto espec\u00edfico do litoral da Guiana:<\/p>\n<ul>\n<li>Arque\u00f3logos apresentam suas descobertas sobre ocupa\u00e7\u00f5es pr\u00e9-colombianas.<\/li>\n<li>Os ge\u00f3grafos e historiadores analisam as tentativas coloniais de controlar o meio ambiente, como a recupera\u00e7\u00e3o de terras no Suriname e a constru\u00e7\u00e3o de diques na Guiana.<\/li>\n<li>Os antrop\u00f3logos est\u00e3o estudando os modos de vida dos amer\u00edndios e crioulos, baseados na mobilidade e na adapta\u00e7\u00e3o.<\/li>\n<li>Por fim, o caso de Kourou, a \u201ccidade espacial\u201d, ilustra a tens\u00e3o entre o desenvolvimento planejado e o espont\u00e2neo.<\/li>\n<\/ul>\n<p>Essa diversidade de perspectivas proporciona uma melhor compreens\u00e3o da rela\u00e7\u00e3o entre as sociedades humanas e seu ambiente costeiro.<\/p>\n<h3><strong>Um semin\u00e1rio no centro das quest\u00f5es locais<\/strong><\/h3>\n<p>Ao reunir pesquisadores de diversas origens, o semin\u00e1rio \u201cBorders, Circulations, Interculturalities and Human-Milieu Interactions\u201d confirma a posi\u00e7\u00e3o da Universidade da Guiana como um dos principais participantes da pesquisa regional.<br \/>\nEle ajuda a promover o trabalho interdisciplinar e a reflex\u00e3o coletiva sobre os desafios ambientais enfrentados pelas Guianas.<\/p>\n<p>Esse projeto \u00e9 uma ilustra\u00e7\u00e3o perfeita de nosso desejo de pensar sobre fronteiras, mobilidade e intera\u00e7\u00f5es entre o homem e o meio ambiente.<\/p>\n<p>Esta an\u00e1lise do <em>Vivendo na costa da Guiana<\/em> destaca o <strong>a necessidade de di\u00e1logo entre as disciplinas<\/strong> para entender e antecipar as mudan\u00e7as no litoral. Reunindo ci\u00eancia, cultura e sociedade, essa iniciativa refor\u00e7a o papel da pesquisa na constru\u00e7\u00e3o de um futuro sustent\u00e1vel para as Guianas.<\/p>\n<p>\ud83d\udc49 <strong>Pr\u00f3ximo evento:<\/strong> para dar continuidade a esses interc\u00e2mbios cient\u00edficos a fim de compreender melhor a rela\u00e7\u00e3o entre as popula\u00e7\u00f5es e seu ambiente.<\/p>\n<p><a href=\"https:\/\/www.dropbox.com\/scl\/fo\/d7bvraoifanldsh9r9qie\/AIoBBDFmDoe7DBSOBtVRFNo?rlkey=efpux6xvdg5jig6xi9rrius6b&amp;dl=0\" target=\"_blank\" rel=\"noopener\">Saiba mais sobre o livro<\/a> : <span style=\"color: #333333;\"><em>Palisse, Marianne e G\u00e9rard Collomb. 2025. Vivendo na costa da Guiana, adaptando-se \u00e0s mudan\u00e7as? Das Am\u00e9ricas. Presses universitaires de Rennes.<\/em><\/span><\/p>\n<\/div>\n\n\n\n<div class=\"toggles accordion\" data-br=\"\" data-starting=\"closed\" data-style=\"minimal\"><div class=\"toggle default\" data-inner-wrap=\"true\"><h3 class=\"toggle-title\"><a href=\"#\" role=\"button\" class=\"toggle-heading\"><i role=\"presentation\" class=\"fa fa-plus\"><\/i>FAQ - Perguntas mais frequentes<\/a><\/h3><div><div class=\"inner-toggle-wrap\">\n<div class=\"wpb_text_column wpb_content_element\" >\n\t<h3>Quando o semin\u00e1rio ser\u00e1 realizado?<\/h3>\n<p>O semin\u00e1rio ser\u00e1 realizado na quinta-feira, 16 de outubro de 2025, das 18h \u00e0s 20h.<\/p>\n<h3>Onde a sess\u00e3o ser\u00e1 realizada?<\/h3>\n<p>A reuni\u00e3o ser\u00e1 realizada na Biblioteca da Universidade da Guiana, no campus de Troubiran, em Caiena.<\/p>\n<h3>Quem est\u00e1 organizando o evento?<\/h3>\n<p>O evento \u00e9 organizado como parte do semin\u00e1rio \u00abFronteiras, Circula\u00e7\u00e3o, Interculturalidade e Intera\u00e7\u00e3o Humano-Meio Ambiente\u00bb, organizado pela :<\/p>\n<p>Agn\u00e8s Clerc-Renaud (LEEISA), Damien Davy (LEEISA), Rosuel Lima-Pereira (MINEA), Marianne Palisse (LEEISA)<\/p>\n<h3>Que tema ser\u00e1 abordado?<\/h3>\n<p>A sess\u00e3o se concentrar\u00e1 no projeto de pesquisa coletiva sobre o livro Habiter le littoral des Guyanes, s'adapter au changement? (Presses universitaires de Rennes, 2025), dirigido por Marianne Palisse e G\u00e9rard Collomb. Ela explorar\u00e1 a din\u00e2mica do litoral da Guiana, as transforma\u00e7\u00f5es ambientais e as estrat\u00e9gias de adapta\u00e7\u00e3o das sociedades humanas.<\/p>\n<h3>Quem falar\u00e1 na sess\u00e3o?<\/h3>\n<p>Marianne Palisse (Universidade da Guiana \/ LEEISA); Antoine Gardel (CNRS \/ LEEISA)<\/p>\n<h3>Por que falar sobre o litoral da Guiana?<\/h3>\n<p>Porque esse litoral \u00e9 um dos mais m\u00f3veis do mundo. Ela est\u00e1 sujeita a mudan\u00e7as r\u00e1pidas como resultado dos bancos de sedimentos da Amaz\u00f4nia e apresenta grandes desafios para as pessoas que vivem l\u00e1. Esta reuni\u00e3o proporcionar\u00e1 uma oportunidade de refletir sobre quest\u00f5es ambientais e sociais no contexto das mudan\u00e7as clim\u00e1ticas.<\/p>\n<h3>Para quem \u00e9 esse semin\u00e1rio?<\/h3>\n<p>Qualquer pessoa interessada em din\u00e2mica costeira, intera\u00e7\u00f5es sociedade-ambiente, pesquisa interdisciplinar e quest\u00f5es clim\u00e1ticas. A entrada \u00e9 gratuita.<\/p>\n<h3>Preciso me registrar?<\/h3>\n<p>N\u00e3o \u00e9 necess\u00e1rio registro pr\u00e9vio. O acesso \u00e9 gratuito e aberto a todos.<\/p>\n<\/div>\n\n\n\n<\/div><\/div><\/div><\/div>\n\t\t\t<\/div> \n\t\t<\/div>\n\t<\/div> \n<\/div><\/div>","protected":false},"excerpt":{"rendered":"Na quinta-feira, 16 de outubro de 2025, a Biblioteca Universit\u00e1ria da Universidade da Guiana Francesa sediou um...","protected":false},"author":1,"featured_media":13410,"comment_status":"closed","ping_status":"open","sticky":false,"template":"","format":"standard","meta":{"iawp_total_views":166,"footnotes":""},"categories":[192,14,187],"tags":[],"class_list":{"0":"post-13407","1":"post","2":"type-post","3":"status-publish","4":"format-standard","5":"has-post-thumbnail","7":"category-leeisa","8":"category-lsh","9":"category-minea"},"yoast_head":"<!-- This site is optimized with the Yoast SEO plugin v27.5 - https:\/\/yoast.com\/product\/yoast-seo-wordpress\/ -->\n<title>Habiter le littoral des Guyanes : retour sur un projet de recherche aux fronti\u00e8res des disciplines &#8212; Universit\u00e9 de Guyane<\/title>\n<meta name=\"description\" content=\"Habiter le littoral des Guyanes : un s\u00e9minaire \u00e0 l\u2019Universit\u00e9 de Guyane explore les dynamiques humaines et environnementales d\u2019un littoral en perp\u00e9tuel changement.\" \/>\n<meta name=\"robots\" content=\"index, follow, max-snippet:-1, max-image-preview:large, max-video-preview:-1\" \/>\n<link rel=\"canonical\" href=\"https:\/\/www.univ-guyane.fr\/pt\/2025\/10\/08\/habiter-le-littoral-des-guyanes-retour-sur-un-projet-de-recherche-aux-frontieres-des-disciplines\/\" \/>\n<meta property=\"og:locale\" content=\"pt_BR\" \/>\n<meta property=\"og:type\" content=\"article\" \/>\n<meta property=\"og:title\" content=\"Habiter le littoral des Guyanes : retour sur un projet de recherche aux fronti\u00e8res des disciplines &#8212; Universit\u00e9 de Guyane\" \/>\n<meta property=\"og:description\" content=\"Habiter le littoral des Guyanes : un s\u00e9minaire \u00e0 l\u2019Universit\u00e9 de Guyane explore les dynamiques humaines et environnementales d\u2019un littoral en perp\u00e9tuel changement.\" \/>\n<meta property=\"og:url\" content=\"https:\/\/www.univ-guyane.fr\/pt\/2025\/10\/08\/habiter-le-littoral-des-guyanes-retour-sur-un-projet-de-recherche-aux-frontieres-des-disciplines\/\" \/>\n<meta property=\"og:site_name\" content=\"Universit\u00e9 de Guyane\" \/>\n<meta property=\"article:publisher\" content=\"https:\/\/www.facebook.com\/univguyane\" \/>\n<meta property=\"article:published_time\" content=\"2025-10-08T13:45:25+00:00\" \/>\n<meta property=\"article:modified_time\" content=\"2025-10-22T15:13:01+00:00\" \/>\n<meta property=\"og:image\" content=\"https:\/\/www.univ-guyane.fr\/wp-content\/uploads\/frontieres.jpg\" \/>\n\t<meta property=\"og:image:width\" content=\"1920\" \/>\n\t<meta property=\"og:image:height\" content=\"1080\" \/>\n\t<meta property=\"og:image:type\" content=\"image\/jpeg\" \/>\n<meta name=\"author\" content=\"Erick Loiti\u00e8re\" \/>\n<meta name=\"twitter:card\" content=\"summary_large_image\" \/>\n<meta name=\"twitter:creator\" content=\"@univguyane\" \/>\n<meta name=\"twitter:site\" content=\"@univguyane\" \/>\n<meta name=\"twitter:label1\" content=\"Escrito por\" \/>\n\t<meta name=\"twitter:data1\" content=\"Erick Loiti\u00e8re\" \/>\n\t<meta name=\"twitter:label2\" content=\"Est. tempo de leitura\" \/>\n\t<meta name=\"twitter:data2\" content=\"4 minutos\" \/>\n<script type=\"application\/ld+json\" class=\"yoast-schema-graph\">{\"@context\":\"https:\\\/\\\/schema.org\",\"@graph\":[{\"@type\":\"Article\",\"@id\":\"https:\\\/\\\/www.univ-guyane.fr\\\/2025\\\/10\\\/08\\\/habiter-le-littoral-des-guyanes-retour-sur-un-projet-de-recherche-aux-frontieres-des-disciplines\\\/#article\",\"isPartOf\":{\"@id\":\"https:\\\/\\\/www.univ-guyane.fr\\\/2025\\\/10\\\/08\\\/habiter-le-littoral-des-guyanes-retour-sur-un-projet-de-recherche-aux-frontieres-des-disciplines\\\/\"},\"author\":{\"name\":\"Erick Loiti\u00e8re\",\"@id\":\"https:\\\/\\\/www.univ-guyane.fr\\\/#\\\/schema\\\/person\\\/86d946a28a8be51bb096ccfdf19db179\"},\"headline\":\"Habiter le littoral des Guyanes : retour sur un projet de recherche aux fronti\u00e8res des disciplines\",\"datePublished\":\"2025-10-08T13:45:25+00:00\",\"dateModified\":\"2025-10-22T15:13:01+00:00\",\"mainEntityOfPage\":{\"@id\":\"https:\\\/\\\/www.univ-guyane.fr\\\/2025\\\/10\\\/08\\\/habiter-le-littoral-des-guyanes-retour-sur-un-projet-de-recherche-aux-frontieres-des-disciplines\\\/\"},\"wordCount\":1066,\"publisher\":{\"@id\":\"https:\\\/\\\/www.univ-guyane.fr\\\/#organization\"},\"image\":{\"@id\":\"https:\\\/\\\/www.univ-guyane.fr\\\/2025\\\/10\\\/08\\\/habiter-le-littoral-des-guyanes-retour-sur-un-projet-de-recherche-aux-frontieres-des-disciplines\\\/#primaryimage\"},\"thumbnailUrl\":\"https:\\\/\\\/www.univ-guyane.fr\\\/wp-content\\\/uploads\\\/frontieres.jpg\",\"articleSection\":[\"\u2022 LEEISA\",\"\u2022 LSH\",\"\u2022\u00a0MINEA\"],\"inLanguage\":\"pt-BR\"},{\"@type\":\"WebPage\",\"@id\":\"https:\\\/\\\/www.univ-guyane.fr\\\/2025\\\/10\\\/08\\\/habiter-le-littoral-des-guyanes-retour-sur-un-projet-de-recherche-aux-frontieres-des-disciplines\\\/\",\"url\":\"https:\\\/\\\/www.univ-guyane.fr\\\/2025\\\/10\\\/08\\\/habiter-le-littoral-des-guyanes-retour-sur-un-projet-de-recherche-aux-frontieres-des-disciplines\\\/\",\"name\":\"Habiter le littoral des Guyanes : retour sur un projet de recherche aux fronti\u00e8res des disciplines &#8212; Universit\u00e9 de Guyane\",\"isPartOf\":{\"@id\":\"https:\\\/\\\/www.univ-guyane.fr\\\/#website\"},\"primaryImageOfPage\":{\"@id\":\"https:\\\/\\\/www.univ-guyane.fr\\\/2025\\\/10\\\/08\\\/habiter-le-littoral-des-guyanes-retour-sur-un-projet-de-recherche-aux-frontieres-des-disciplines\\\/#primaryimage\"},\"image\":{\"@id\":\"https:\\\/\\\/www.univ-guyane.fr\\\/2025\\\/10\\\/08\\\/habiter-le-littoral-des-guyanes-retour-sur-un-projet-de-recherche-aux-frontieres-des-disciplines\\\/#primaryimage\"},\"thumbnailUrl\":\"https:\\\/\\\/www.univ-guyane.fr\\\/wp-content\\\/uploads\\\/frontieres.jpg\",\"datePublished\":\"2025-10-08T13:45:25+00:00\",\"dateModified\":\"2025-10-22T15:13:01+00:00\",\"description\":\"Habiter le littoral des Guyanes : un s\u00e9minaire \u00e0 l\u2019Universit\u00e9 de Guyane explore les dynamiques humaines et environnementales d\u2019un littoral en perp\u00e9tuel changement.\",\"breadcrumb\":{\"@id\":\"https:\\\/\\\/www.univ-guyane.fr\\\/2025\\\/10\\\/08\\\/habiter-le-littoral-des-guyanes-retour-sur-un-projet-de-recherche-aux-frontieres-des-disciplines\\\/#breadcrumb\"},\"inLanguage\":\"pt-BR\",\"potentialAction\":[{\"@type\":\"ReadAction\",\"target\":[\"https:\\\/\\\/www.univ-guyane.fr\\\/2025\\\/10\\\/08\\\/habiter-le-littoral-des-guyanes-retour-sur-un-projet-de-recherche-aux-frontieres-des-disciplines\\\/\"]}]},{\"@type\":\"ImageObject\",\"inLanguage\":\"pt-BR\",\"@id\":\"https:\\\/\\\/www.univ-guyane.fr\\\/2025\\\/10\\\/08\\\/habiter-le-littoral-des-guyanes-retour-sur-un-projet-de-recherche-aux-frontieres-des-disciplines\\\/#primaryimage\",\"url\":\"https:\\\/\\\/www.univ-guyane.fr\\\/wp-content\\\/uploads\\\/frontieres.jpg\",\"contentUrl\":\"https:\\\/\\\/www.univ-guyane.fr\\\/wp-content\\\/uploads\\\/frontieres.jpg\",\"width\":1920,\"height\":1080},{\"@type\":\"BreadcrumbList\",\"@id\":\"https:\\\/\\\/www.univ-guyane.fr\\\/2025\\\/10\\\/08\\\/habiter-le-littoral-des-guyanes-retour-sur-un-projet-de-recherche-aux-frontieres-des-disciplines\\\/#breadcrumb\",\"itemListElement\":[{\"@type\":\"ListItem\",\"position\":1,\"name\":\"Accueil\",\"item\":\"https:\\\/\\\/www.univ-guyane.fr\\\/\"},{\"@type\":\"ListItem\",\"position\":2,\"name\":\"Habiter le littoral des Guyanes : retour sur un projet de recherche aux fronti\u00e8res des disciplines\"}]},{\"@type\":\"WebSite\",\"@id\":\"https:\\\/\\\/www.univ-guyane.fr\\\/#website\",\"url\":\"https:\\\/\\\/www.univ-guyane.fr\\\/\",\"name\":\"Universit\u00e9 de Guyane\",\"description\":\"Au c\u0153ur de l&#039;amazonie\",\"publisher\":{\"@id\":\"https:\\\/\\\/www.univ-guyane.fr\\\/#organization\"},\"alternateName\":\"UG\",\"potentialAction\":[{\"@type\":\"SearchAction\",\"target\":{\"@type\":\"EntryPoint\",\"urlTemplate\":\"https:\\\/\\\/www.univ-guyane.fr\\\/?s={search_term_string}\"},\"query-input\":{\"@type\":\"PropertyValueSpecification\",\"valueRequired\":true,\"valueName\":\"search_term_string\"}}],\"inLanguage\":\"pt-BR\"},{\"@type\":\"Organization\",\"@id\":\"https:\\\/\\\/www.univ-guyane.fr\\\/#organization\",\"name\":\"Universit\u00e9 de Guyane\",\"alternateName\":\"UG\",\"url\":\"https:\\\/\\\/www.univ-guyane.fr\\\/\",\"logo\":{\"@type\":\"ImageObject\",\"inLanguage\":\"pt-BR\",\"@id\":\"https:\\\/\\\/www.univ-guyane.fr\\\/#\\\/schema\\\/logo\\\/image\\\/\",\"url\":\"https:\\\/\\\/www.univ-guyane.fr\\\/wp-content\\\/uploads\\\/2024\\\/05\\\/f.png\",\"contentUrl\":\"https:\\\/\\\/www.univ-guyane.fr\\\/wp-content\\\/uploads\\\/2024\\\/05\\\/f.png\",\"width\":1024,\"height\":1024,\"caption\":\"Universit\u00e9 de Guyane\"},\"image\":{\"@id\":\"https:\\\/\\\/www.univ-guyane.fr\\\/#\\\/schema\\\/logo\\\/image\\\/\"},\"sameAs\":[\"https:\\\/\\\/www.facebook.com\\\/univguyane\",\"https:\\\/\\\/x.com\\\/univguyane\",\"https:\\\/\\\/gf.linkedin.com\\\/school\\\/universite-de-guyane\\\/\",\"https:\\\/\\\/www.instagram.com\\\/univ_guyane\\\/\"]},{\"@type\":\"Person\",\"@id\":\"https:\\\/\\\/www.univ-guyane.fr\\\/#\\\/schema\\\/person\\\/86d946a28a8be51bb096ccfdf19db179\",\"name\":\"Erick Loiti\u00e8re\",\"image\":{\"@type\":\"ImageObject\",\"inLanguage\":\"pt-BR\",\"@id\":\"https:\\\/\\\/secure.gravatar.com\\\/avatar\\\/0584f332103fbeaf37e52c73b15dca3c547fd9300deb05764e9ad8714839d072?s=96&d=robohash&r=g\",\"url\":\"https:\\\/\\\/secure.gravatar.com\\\/avatar\\\/0584f332103fbeaf37e52c73b15dca3c547fd9300deb05764e9ad8714839d072?s=96&d=robohash&r=g\",\"contentUrl\":\"https:\\\/\\\/secure.gravatar.com\\\/avatar\\\/0584f332103fbeaf37e52c73b15dca3c547fd9300deb05764e9ad8714839d072?s=96&d=robohash&r=g\",\"caption\":\"Erick Loiti\u00e8re\"},\"sameAs\":[\"http:\\\/\\\/www.univ-guyane.fr\"],\"url\":\"https:\\\/\\\/www.univ-guyane.fr\\\/pt\\\/author\\\/eloitierdbz\\\/\"}]}<\/script>\n<!-- \/ Yoast SEO plugin. -->","yoast_head_json":{"title":"Habitando o litoral da Guiana: uma retrospectiva de um projeto de pesquisa nas fronteiras das disciplinas - Universit\u00e9 de Guyane","description":"Habitando o litoral da Guiana: um semin\u00e1rio na Universidade da Guiana explora a din\u00e2mica humana e ambiental de um litoral em constante mudan\u00e7a.","robots":{"index":"index","follow":"follow","max-snippet":"max-snippet:-1","max-image-preview":"max-image-preview:large","max-video-preview":"max-video-preview:-1"},"canonical":"https:\/\/www.univ-guyane.fr\/pt\/2025\/10\/08\/habiter-le-littoral-des-guyanes-retour-sur-un-projet-de-recherche-aux-frontieres-des-disciplines\/","og_locale":"pt_BR","og_type":"article","og_title":"Habiter le littoral des Guyanes : retour sur un projet de recherche aux fronti\u00e8res des disciplines &#8212; Universit\u00e9 de Guyane","og_description":"Habiter le littoral des Guyanes : un s\u00e9minaire \u00e0 l\u2019Universit\u00e9 de Guyane explore les dynamiques humaines et environnementales d\u2019un littoral en perp\u00e9tuel changement.","og_url":"https:\/\/www.univ-guyane.fr\/pt\/2025\/10\/08\/habiter-le-littoral-des-guyanes-retour-sur-un-projet-de-recherche-aux-frontieres-des-disciplines\/","og_site_name":"Universit\u00e9 de Guyane","article_publisher":"https:\/\/www.facebook.com\/univguyane","article_published_time":"2025-10-08T13:45:25+00:00","article_modified_time":"2025-10-22T15:13:01+00:00","og_image":[{"width":1920,"height":1080,"url":"https:\/\/www.univ-guyane.fr\/wp-content\/uploads\/frontieres.jpg","type":"image\/jpeg"}],"author":"Erick Loiti\u00e8re","twitter_card":"summary_large_image","twitter_creator":"@univguyane","twitter_site":"@univguyane","twitter_misc":{"Escrito por":"Erick Loiti\u00e8re","Est. tempo de leitura":"4 minutos"},"schema":{"@context":"https:\/\/schema.org","@graph":[{"@type":"Article","@id":"https:\/\/www.univ-guyane.fr\/2025\/10\/08\/habiter-le-littoral-des-guyanes-retour-sur-un-projet-de-recherche-aux-frontieres-des-disciplines\/#article","isPartOf":{"@id":"https:\/\/www.univ-guyane.fr\/2025\/10\/08\/habiter-le-littoral-des-guyanes-retour-sur-un-projet-de-recherche-aux-frontieres-des-disciplines\/"},"author":{"name":"Erick Loiti\u00e8re","@id":"https:\/\/www.univ-guyane.fr\/#\/schema\/person\/86d946a28a8be51bb096ccfdf19db179"},"headline":"Habiter le littoral des Guyanes : retour sur un projet de recherche aux fronti\u00e8res des disciplines","datePublished":"2025-10-08T13:45:25+00:00","dateModified":"2025-10-22T15:13:01+00:00","mainEntityOfPage":{"@id":"https:\/\/www.univ-guyane.fr\/2025\/10\/08\/habiter-le-littoral-des-guyanes-retour-sur-un-projet-de-recherche-aux-frontieres-des-disciplines\/"},"wordCount":1066,"publisher":{"@id":"https:\/\/www.univ-guyane.fr\/#organization"},"image":{"@id":"https:\/\/www.univ-guyane.fr\/2025\/10\/08\/habiter-le-littoral-des-guyanes-retour-sur-un-projet-de-recherche-aux-frontieres-des-disciplines\/#primaryimage"},"thumbnailUrl":"https:\/\/www.univ-guyane.fr\/wp-content\/uploads\/frontieres.jpg","articleSection":["\u2022 LEEISA","\u2022 LSH","\u2022\u00a0MINEA"],"inLanguage":"pt-BR"},{"@type":"WebPage","@id":"https:\/\/www.univ-guyane.fr\/2025\/10\/08\/habiter-le-littoral-des-guyanes-retour-sur-un-projet-de-recherche-aux-frontieres-des-disciplines\/","url":"https:\/\/www.univ-guyane.fr\/2025\/10\/08\/habiter-le-littoral-des-guyanes-retour-sur-un-projet-de-recherche-aux-frontieres-des-disciplines\/","name":"Habitando o litoral da Guiana: uma retrospectiva de um projeto de pesquisa nas fronteiras das disciplinas - Universit\u00e9 de Guyane","isPartOf":{"@id":"https:\/\/www.univ-guyane.fr\/#website"},"primaryImageOfPage":{"@id":"https:\/\/www.univ-guyane.fr\/2025\/10\/08\/habiter-le-littoral-des-guyanes-retour-sur-un-projet-de-recherche-aux-frontieres-des-disciplines\/#primaryimage"},"image":{"@id":"https:\/\/www.univ-guyane.fr\/2025\/10\/08\/habiter-le-littoral-des-guyanes-retour-sur-un-projet-de-recherche-aux-frontieres-des-disciplines\/#primaryimage"},"thumbnailUrl":"https:\/\/www.univ-guyane.fr\/wp-content\/uploads\/frontieres.jpg","datePublished":"2025-10-08T13:45:25+00:00","dateModified":"2025-10-22T15:13:01+00:00","description":"Habitando o litoral da Guiana: um semin\u00e1rio na Universidade da Guiana explora a din\u00e2mica humana e ambiental de um litoral em constante mudan\u00e7a.","breadcrumb":{"@id":"https:\/\/www.univ-guyane.fr\/2025\/10\/08\/habiter-le-littoral-des-guyanes-retour-sur-un-projet-de-recherche-aux-frontieres-des-disciplines\/#breadcrumb"},"inLanguage":"pt-BR","potentialAction":[{"@type":"ReadAction","target":["https:\/\/www.univ-guyane.fr\/2025\/10\/08\/habiter-le-littoral-des-guyanes-retour-sur-un-projet-de-recherche-aux-frontieres-des-disciplines\/"]}]},{"@type":"ImageObject","inLanguage":"pt-BR","@id":"https:\/\/www.univ-guyane.fr\/2025\/10\/08\/habiter-le-littoral-des-guyanes-retour-sur-un-projet-de-recherche-aux-frontieres-des-disciplines\/#primaryimage","url":"https:\/\/www.univ-guyane.fr\/wp-content\/uploads\/frontieres.jpg","contentUrl":"https:\/\/www.univ-guyane.fr\/wp-content\/uploads\/frontieres.jpg","width":1920,"height":1080},{"@type":"BreadcrumbList","@id":"https:\/\/www.univ-guyane.fr\/2025\/10\/08\/habiter-le-littoral-des-guyanes-retour-sur-un-projet-de-recherche-aux-frontieres-des-disciplines\/#breadcrumb","itemListElement":[{"@type":"ListItem","position":1,"name":"Accueil","item":"https:\/\/www.univ-guyane.fr\/"},{"@type":"ListItem","position":2,"name":"Habiter le littoral des Guyanes : retour sur un projet de recherche aux fronti\u00e8res des disciplines"}]},{"@type":"WebSite","@id":"https:\/\/www.univ-guyane.fr\/#website","url":"https:\/\/www.univ-guyane.fr\/","name":"Universidade da Guiana","description":"No cora\u00e7\u00e3o da Amaz\u00f4nia","publisher":{"@id":"https:\/\/www.univ-guyane.fr\/#organization"},"alternateName":"UG","potentialAction":[{"@type":"SearchAction","target":{"@type":"EntryPoint","urlTemplate":"https:\/\/www.univ-guyane.fr\/?s={search_term_string}"},"query-input":{"@type":"PropertyValueSpecification","valueRequired":true,"valueName":"search_term_string"}}],"inLanguage":"pt-BR"},{"@type":"Organization","@id":"https:\/\/www.univ-guyane.fr\/#organization","name":"Universidade da Guiana","alternateName":"UG","url":"https:\/\/www.univ-guyane.fr\/","logo":{"@type":"ImageObject","inLanguage":"pt-BR","@id":"https:\/\/www.univ-guyane.fr\/#\/schema\/logo\/image\/","url":"https:\/\/www.univ-guyane.fr\/wp-content\/uploads\/2024\/05\/f.png","contentUrl":"https:\/\/www.univ-guyane.fr\/wp-content\/uploads\/2024\/05\/f.png","width":1024,"height":1024,"caption":"Universit\u00e9 de Guyane"},"image":{"@id":"https:\/\/www.univ-guyane.fr\/#\/schema\/logo\/image\/"},"sameAs":["https:\/\/www.facebook.com\/univguyane","https:\/\/x.com\/univguyane","https:\/\/gf.linkedin.com\/school\/universite-de-guyane\/","https:\/\/www.instagram.com\/univ_guyane\/"]},{"@type":"Person","@id":"https:\/\/www.univ-guyane.fr\/#\/schema\/person\/86d946a28a8be51bb096ccfdf19db179","name":"Erick Loiti\u00e8re","image":{"@type":"ImageObject","inLanguage":"pt-BR","@id":"https:\/\/secure.gravatar.com\/avatar\/0584f332103fbeaf37e52c73b15dca3c547fd9300deb05764e9ad8714839d072?s=96&d=robohash&r=g","url":"https:\/\/secure.gravatar.com\/avatar\/0584f332103fbeaf37e52c73b15dca3c547fd9300deb05764e9ad8714839d072?s=96&d=robohash&r=g","contentUrl":"https:\/\/secure.gravatar.com\/avatar\/0584f332103fbeaf37e52c73b15dca3c547fd9300deb05764e9ad8714839d072?s=96&d=robohash&r=g","caption":"Erick Loiti\u00e8re"},"sameAs":["http:\/\/www.univ-guyane.fr"],"url":"https:\/\/www.univ-guyane.fr\/pt\/author\/eloitierdbz\/"}]}},"_links":{"self":[{"href":"https:\/\/www.univ-guyane.fr\/pt\/wp-json\/wp\/v2\/posts\/13407","targetHints":{"allow":["GET"]}}],"collection":[{"href":"https:\/\/www.univ-guyane.fr\/pt\/wp-json\/wp\/v2\/posts"}],"about":[{"href":"https:\/\/www.univ-guyane.fr\/pt\/wp-json\/wp\/v2\/types\/post"}],"author":[{"embeddable":true,"href":"https:\/\/www.univ-guyane.fr\/pt\/wp-json\/wp\/v2\/users\/1"}],"replies":[{"embeddable":true,"href":"https:\/\/www.univ-guyane.fr\/pt\/wp-json\/wp\/v2\/comments?post=13407"}],"version-history":[{"count":10,"href":"https:\/\/www.univ-guyane.fr\/pt\/wp-json\/wp\/v2\/posts\/13407\/revisions"}],"predecessor-version":[{"id":13548,"href":"https:\/\/www.univ-guyane.fr\/pt\/wp-json\/wp\/v2\/posts\/13407\/revisions\/13548"}],"wp:featuredmedia":[{"embeddable":true,"href":"https:\/\/www.univ-guyane.fr\/pt\/wp-json\/wp\/v2\/media\/13410"}],"wp:attachment":[{"href":"https:\/\/www.univ-guyane.fr\/pt\/wp-json\/wp\/v2\/media?parent=13407"}],"wp:term":[{"taxonomy":"category","embeddable":true,"href":"https:\/\/www.univ-guyane.fr\/pt\/wp-json\/wp\/v2\/categories?post=13407"},{"taxonomy":"post_tag","embeddable":true,"href":"https:\/\/www.univ-guyane.fr\/pt\/wp-json\/wp\/v2\/tags?post=13407"}],"curies":[{"name":"wp","href":"https:\/\/api.w.org\/{rel}","templated":true}]}}