{"id":13875,"date":"2025-12-15T15:56:54","date_gmt":"2025-12-15T18:56:54","guid":{"rendered":"https:\/\/www.univ-guyane.fr\/?p=13875"},"modified":"2025-12-15T15:56:54","modified_gmt":"2025-12-15T18:56:54","slug":"distinction-de-deux-etudiantes-admises-a-lexamen-dentree-au-crfpa","status":"publish","type":"post","link":"https:\/\/www.univ-guyane.fr\/pt\/2025\/12\/15\/distinction-de-deux-etudiantes-admises-a-lexamen-dentree-au-crfpa\/","title":{"rendered":"Distin\u00e7\u00e3o de duas alunas admitidas no exame de admiss\u00e3o ao CRFPA"},"content":{"rendered":"<div id=\"fws_69f3e33b18253\"  data-column-margin=\"default\" data-midnight=\"dark\"  class=\"wpb_row vc_row-fluid vc_row\"  style=\"padding-top: 0px; padding-bottom: 0px; \"><div class=\"row-bg-wrap\" data-bg-animation=\"none\" data-bg-animation-delay=\"\" data-bg-overlay=\"false\"><div class=\"inner-wrap row-bg-layer\" ><div class=\"row-bg viewport-desktop\"  style=\"\"><\/div><\/div><\/div><div class=\"row_col_wrap_12 col span_12 dark left\">\n\t<div  class=\"vc_col-sm-12 wpb_column column_container vc_column_container col no-extra-padding inherit_tablet inherit_phone\"  data-padding-pos=\"all\" data-has-bg-color=\"false\" data-bg-color=\"\" data-bg-opacity=\"1\" data-animation=\"\" data-delay=\"0\" >\n\t\t<div class=\"vc_column-inner\" >\n\t\t\t<div class=\"wpb_wrapper\">\n\t\t\t\t\n<div class=\"wpb_text_column wpb_content_element  ug_chapo\" >\n\t<h2>Duas alunas do Instituto de Estudos Judiciais da Universidade da Guiana foram aprovadas com distin\u00e7\u00e3o no exame de admiss\u00e3o ao centro regional de forma\u00e7\u00e3o profissional de advogados. Esta distin\u00e7\u00e3o destaca a excel\u00eancia do seu percurso, a qualidade da forma\u00e7\u00e3o jur\u00eddica oferecida pela UG e o empenho das suas equipas pedag\u00f3gicas em prol do sucesso dos alunos.<\/h2>\n<\/div>\n\n\n\n\n<div class=\"wpb_text_column wpb_content_element\" >\n\t<h3>A Universidade da Guiana homenageia a excel\u00eancia e o sucesso do IEJ<\/h3>\n<p>A Universidade da Guiana parabeniza calorosamente duas alunas do Instituto de Estudos Judiciais que foram aprovadas no exame de admiss\u00e3o ao Centro Regional de Forma\u00e7\u00e3o Profissional de Advogados (CRFPA). Esse sucesso \u00e9 um reconhecimento ao empenho, ao trabalho e \u00e0 perseveran\u00e7a dessas alunas, bem como \u00e0 qualidade do acompanhamento pedag\u00f3gico oferecido pela UG.<\/p>\n<p>A admiss\u00e3o no CRFPA, rede que centraliza as 11 prestigiadas Escolas de Advocacia, constitui uma etapa decisiva na forma\u00e7\u00e3o desses futuros juristas. Ela ilustra o dinamismo e o n\u00edvel de exig\u00eancia da forma\u00e7\u00e3o jur\u00eddica local e atesta a capacidade do IEJ da Universidade da Guiana de preparar eficazmente seus alunos para os concursos e exames das profiss\u00f5es da Justi\u00e7a e do Direito desde h\u00e1 um ano.<\/p>\n<p>A fim de valorizar esse sucesso exemplar e homenagear essa turma, foi organizada uma cerim\u00f4nia de distin\u00e7\u00e3o na sexta-feira, 12 de dezembro, na Universidade. Na presen\u00e7a de suas fam\u00edlias, representantes da CTG, do Tribunal Administrativo e da Ordem dos Advogados de Cayenne, Anne-Sophie N\u2019DAMITE e Yasmine KRIM foram parabenizadas por Laurent LINGUET, presidente da Universidade, e Jean-Philippe VAUTHIER, diretor do IEJ. Uma mensagem de apoio e reconhecimento foi enviada, por meio de um v\u00eddeo gravado, por Christiane TAUBIRA, ex-Ministra da Justi\u00e7a e madrinha desta primeira turma.<\/p>\n<p>A cerim\u00f4nia, solene e convivial, foi uma oportunidade para relembrar a trajet\u00f3ria das laureadas, compartilhar experi\u00eancias e fortalecer os la\u00e7os entre as diferentes turmas e equipes pedag\u00f3gicas. Esta iniciativa insere-se plenamente na miss\u00e3o da Universidade da Guiana de promover o sucesso dos seus estudantes, apoiar as ambi\u00e7\u00f5es profissionais dos seus licenciados e, de um modo mais geral, contribuir para o prest\u00edgio da \u00e1rea do Direito no territ\u00f3rio.<\/p>\n<\/div>\n\n\n\n\n\t\t\t<\/div> \n\t\t<\/div>\n\t<\/div> \n<\/div><\/div>\n\t\t<div id=\"fws_69f3e33b187a8\"  data-column-margin=\"default\" data-midnight=\"dark\"  class=\"wpb_row vc_row-fluid vc_row\"  style=\"padding-top: 0px; padding-bottom: 0px; \"><div class=\"row-bg-wrap\" data-bg-animation=\"none\" data-bg-animation-delay=\"\" data-bg-overlay=\"false\"><div class=\"inner-wrap row-bg-layer\" ><div class=\"row-bg viewport-desktop\"  style=\"\"><\/div><\/div><\/div><div class=\"row_col_wrap_12 col span_12 dark left\">\n\t<div style=\"\" class=\"vc_col-sm-12 wpb_column column_container vc_column_container col left_padding_desktop_30px top_padding_desktop_30px right_padding_desktop_30px bottom_padding_desktop_30px\" data-using-bg=\"true\" data-border-radius=\"20px\" data-padding-pos=\"all\" data-has-bg-color=\"true\" data-bg-color=\"#f6edfb\" data-bg-opacity=\"1\" data-animation=\"\" data-delay=\"0\" >\n\t\t<div class=\"vc_column-inner\" ><div class=\"column-bg-overlay-wrap column-bg-layer\" data-bg-animation=\"none\"><div class=\"column-bg-overlay\" style=\"opacity: 1; background-color: #f6edfb;\"><\/div><\/div>\n\t\t\t<div class=\"wpb_wrapper\">\n\t\t\t\t\n<div class=\"wpb_text_column wpb_content_element\" >\n\t<h3>Perguntas frequentes \u2013 Distin\u00e7\u00e3o de duas alunas admitidas no CRFPA<\/h3>\n<p><strong>1. Do que se trata?<\/strong><br \/>\nTrata-se da distin\u00e7\u00e3o de duas alunas do IEJ da Universidade da Guiana admitidas no exame de admiss\u00e3o ao CRFPA.<\/p>\n<p><strong>2. Quem s\u00e3o as alunas envolvidas?<\/strong><br \/>\nAnne-Sophie N'Damite e Yasmine Krim, aprovadas no exame de admiss\u00e3o ao CRFPA.<\/p>\n<p><strong>3. Por que esse sucesso \u00e9 importante?<\/strong><br \/>\nA admiss\u00e3o no CRFPA constitui uma etapa fundamental para a profiss\u00e3o de advogado e atesta a excel\u00eancia da forma\u00e7\u00e3o jur\u00eddica da UG.<\/p>\n<p><strong>4. Como a universidade valorizou esse sucesso?<\/strong><br \/>\nUma cerim\u00f4nia de distin\u00e7\u00e3o foi organizada na Universidade da Guiana, na presen\u00e7a das fam\u00edlias e dos parceiros institucionais.<\/p>\n<\/div>\n\n\n\n\n\t\t\t<\/div> \n\t\t<\/div>\n\t<\/div> \n<\/div><\/div>","protected":false},"excerpt":{"rendered":"Duas alunas do Instituto de Estudos Judiciais da Universidade da Guiana foram aprovadas com distin\u00e7\u00e3o no exame de admiss\u00e3o...","protected":false},"author":1,"featured_media":13876,"comment_status":"closed","ping_status":"open","sticky":false,"template":"","format":"standard","meta":{"iawp_total_views":354,"footnotes":""},"categories":[252,3],"tags":[],"class_list":{"0":"post-13875","1":"post","2":"type-post","3":"status-publish","4":"format-standard","5":"has-post-thumbnail","7":"category-droit","8":"category-sje"},"yoast_head":"<!-- This site is optimized with the Yoast SEO plugin v27.5 - https:\/\/yoast.com\/product\/yoast-seo-wordpress\/ -->\n<title>Distinction de deux \u00e9tudiantes admises \u00e0 l\u2019examen d\u2019entr\u00e9e au CRFPA &#8212; Universit\u00e9 de Guyane<\/title>\n<meta name=\"description\" content=\"l\u2019universit\u00e9 de guyane distingue deux \u00e9tudiantes de l\u2019iej admises \u00e0 l\u2019examen d\u2019entr\u00e9e au crfpa, saluant leur excellence, leur engagement et la qualit\u00e9 de la formation juridique propos\u00e9e.\" \/>\n<meta name=\"robots\" content=\"index, follow, max-snippet:-1, max-image-preview:large, max-video-preview:-1\" \/>\n<link rel=\"canonical\" href=\"https:\/\/www.univ-guyane.fr\/pt\/2025\/12\/15\/distinction-de-deux-etudiantes-admises-a-lexamen-dentree-au-crfpa\/\" \/>\n<meta property=\"og:locale\" content=\"pt_BR\" \/>\n<meta property=\"og:type\" content=\"article\" \/>\n<meta property=\"og:title\" content=\"Distinction de deux \u00e9tudiantes admises \u00e0 l\u2019examen d\u2019entr\u00e9e au CRFPA &#8212; Universit\u00e9 de Guyane\" \/>\n<meta property=\"og:description\" content=\"l\u2019universit\u00e9 de guyane distingue deux \u00e9tudiantes de l\u2019iej admises \u00e0 l\u2019examen d\u2019entr\u00e9e au crfpa, saluant leur excellence, leur engagement et la qualit\u00e9 de la formation juridique propos\u00e9e.\" \/>\n<meta property=\"og:url\" content=\"https:\/\/www.univ-guyane.fr\/pt\/2025\/12\/15\/distinction-de-deux-etudiantes-admises-a-lexamen-dentree-au-crfpa\/\" \/>\n<meta property=\"og:site_name\" content=\"Universit\u00e9 de Guyane\" \/>\n<meta property=\"article:publisher\" content=\"https:\/\/www.facebook.com\/univguyane\" \/>\n<meta property=\"article:published_time\" content=\"2025-12-15T18:56:54+00:00\" \/>\n<meta property=\"og:image\" content=\"https:\/\/www.univ-guyane.fr\/wp-content\/uploads\/distinction-des-etudiantes-de-lug-au-crfpa-universite-de-guyane.jpg\" \/>\n\t<meta property=\"og:image:width\" content=\"1920\" \/>\n\t<meta property=\"og:image:height\" content=\"1080\" \/>\n\t<meta property=\"og:image:type\" content=\"image\/jpeg\" \/>\n<meta name=\"author\" content=\"Erick Loiti\u00e8re\" \/>\n<meta name=\"twitter:card\" content=\"summary_large_image\" \/>\n<meta name=\"twitter:creator\" content=\"@univguyane\" \/>\n<meta name=\"twitter:site\" content=\"@univguyane\" \/>\n<meta name=\"twitter:label1\" content=\"Escrito por\" \/>\n\t<meta name=\"twitter:data1\" content=\"Erick Loiti\u00e8re\" \/>\n\t<meta name=\"twitter:label2\" content=\"Est. tempo de leitura\" \/>\n\t<meta name=\"twitter:data2\" content=\"3 minutos\" \/>\n<script type=\"application\/ld+json\" class=\"yoast-schema-graph\">{\"@context\":\"https:\\\/\\\/schema.org\",\"@graph\":[{\"@type\":\"Article\",\"@id\":\"https:\\\/\\\/www.univ-guyane.fr\\\/2025\\\/12\\\/15\\\/distinction-de-deux-etudiantes-admises-a-lexamen-dentree-au-crfpa\\\/#article\",\"isPartOf\":{\"@id\":\"https:\\\/\\\/www.univ-guyane.fr\\\/2025\\\/12\\\/15\\\/distinction-de-deux-etudiantes-admises-a-lexamen-dentree-au-crfpa\\\/\"},\"author\":{\"name\":\"Erick Loiti\u00e8re\",\"@id\":\"https:\\\/\\\/www.univ-guyane.fr\\\/#\\\/schema\\\/person\\\/86d946a28a8be51bb096ccfdf19db179\"},\"headline\":\"Distinction de deux \u00e9tudiantes admises \u00e0 l\u2019examen d\u2019entr\u00e9e au CRFPA\",\"datePublished\":\"2025-12-15T18:56:54+00:00\",\"mainEntityOfPage\":{\"@id\":\"https:\\\/\\\/www.univ-guyane.fr\\\/2025\\\/12\\\/15\\\/distinction-de-deux-etudiantes-admises-a-lexamen-dentree-au-crfpa\\\/\"},\"wordCount\":912,\"publisher\":{\"@id\":\"https:\\\/\\\/www.univ-guyane.fr\\\/#organization\"},\"image\":{\"@id\":\"https:\\\/\\\/www.univ-guyane.fr\\\/2025\\\/12\\\/15\\\/distinction-de-deux-etudiantes-admises-a-lexamen-dentree-au-crfpa\\\/#primaryimage\"},\"thumbnailUrl\":\"https:\\\/\\\/www.univ-guyane.fr\\\/wp-content\\\/uploads\\\/distinction-des-etudiantes-de-lug-au-crfpa-universite-de-guyane.jpg\",\"articleSection\":[\"\u2022\u00a0Droit\",\"\u2022\u00a0SJE\"],\"inLanguage\":\"pt-BR\"},{\"@type\":\"WebPage\",\"@id\":\"https:\\\/\\\/www.univ-guyane.fr\\\/2025\\\/12\\\/15\\\/distinction-de-deux-etudiantes-admises-a-lexamen-dentree-au-crfpa\\\/\",\"url\":\"https:\\\/\\\/www.univ-guyane.fr\\\/2025\\\/12\\\/15\\\/distinction-de-deux-etudiantes-admises-a-lexamen-dentree-au-crfpa\\\/\",\"name\":\"Distinction de deux \u00e9tudiantes admises \u00e0 l\u2019examen d\u2019entr\u00e9e au CRFPA &#8212; Universit\u00e9 de Guyane\",\"isPartOf\":{\"@id\":\"https:\\\/\\\/www.univ-guyane.fr\\\/#website\"},\"primaryImageOfPage\":{\"@id\":\"https:\\\/\\\/www.univ-guyane.fr\\\/2025\\\/12\\\/15\\\/distinction-de-deux-etudiantes-admises-a-lexamen-dentree-au-crfpa\\\/#primaryimage\"},\"image\":{\"@id\":\"https:\\\/\\\/www.univ-guyane.fr\\\/2025\\\/12\\\/15\\\/distinction-de-deux-etudiantes-admises-a-lexamen-dentree-au-crfpa\\\/#primaryimage\"},\"thumbnailUrl\":\"https:\\\/\\\/www.univ-guyane.fr\\\/wp-content\\\/uploads\\\/distinction-des-etudiantes-de-lug-au-crfpa-universite-de-guyane.jpg\",\"datePublished\":\"2025-12-15T18:56:54+00:00\",\"description\":\"l\u2019universit\u00e9 de guyane distingue deux \u00e9tudiantes de l\u2019iej admises \u00e0 l\u2019examen d\u2019entr\u00e9e au crfpa, saluant leur excellence, leur engagement et la qualit\u00e9 de la formation juridique propos\u00e9e.\",\"breadcrumb\":{\"@id\":\"https:\\\/\\\/www.univ-guyane.fr\\\/2025\\\/12\\\/15\\\/distinction-de-deux-etudiantes-admises-a-lexamen-dentree-au-crfpa\\\/#breadcrumb\"},\"inLanguage\":\"pt-BR\",\"potentialAction\":[{\"@type\":\"ReadAction\",\"target\":[\"https:\\\/\\\/www.univ-guyane.fr\\\/2025\\\/12\\\/15\\\/distinction-de-deux-etudiantes-admises-a-lexamen-dentree-au-crfpa\\\/\"]}]},{\"@type\":\"ImageObject\",\"inLanguage\":\"pt-BR\",\"@id\":\"https:\\\/\\\/www.univ-guyane.fr\\\/2025\\\/12\\\/15\\\/distinction-de-deux-etudiantes-admises-a-lexamen-dentree-au-crfpa\\\/#primaryimage\",\"url\":\"https:\\\/\\\/www.univ-guyane.fr\\\/wp-content\\\/uploads\\\/distinction-des-etudiantes-de-lug-au-crfpa-universite-de-guyane.jpg\",\"contentUrl\":\"https:\\\/\\\/www.univ-guyane.fr\\\/wp-content\\\/uploads\\\/distinction-des-etudiantes-de-lug-au-crfpa-universite-de-guyane.jpg\",\"width\":1920,\"height\":1080},{\"@type\":\"BreadcrumbList\",\"@id\":\"https:\\\/\\\/www.univ-guyane.fr\\\/2025\\\/12\\\/15\\\/distinction-de-deux-etudiantes-admises-a-lexamen-dentree-au-crfpa\\\/#breadcrumb\",\"itemListElement\":[{\"@type\":\"ListItem\",\"position\":1,\"name\":\"Accueil\",\"item\":\"https:\\\/\\\/www.univ-guyane.fr\\\/\"},{\"@type\":\"ListItem\",\"position\":2,\"name\":\"Distinction de deux \u00e9tudiantes admises \u00e0 l\u2019examen d\u2019entr\u00e9e au CRFPA\"}]},{\"@type\":\"WebSite\",\"@id\":\"https:\\\/\\\/www.univ-guyane.fr\\\/#website\",\"url\":\"https:\\\/\\\/www.univ-guyane.fr\\\/\",\"name\":\"Universit\u00e9 de Guyane\",\"description\":\"Au c\u0153ur de l&#039;amazonie\",\"publisher\":{\"@id\":\"https:\\\/\\\/www.univ-guyane.fr\\\/#organization\"},\"alternateName\":\"UG\",\"potentialAction\":[{\"@type\":\"SearchAction\",\"target\":{\"@type\":\"EntryPoint\",\"urlTemplate\":\"https:\\\/\\\/www.univ-guyane.fr\\\/?s={search_term_string}\"},\"query-input\":{\"@type\":\"PropertyValueSpecification\",\"valueRequired\":true,\"valueName\":\"search_term_string\"}}],\"inLanguage\":\"pt-BR\"},{\"@type\":\"Organization\",\"@id\":\"https:\\\/\\\/www.univ-guyane.fr\\\/#organization\",\"name\":\"Universit\u00e9 de Guyane\",\"alternateName\":\"UG\",\"url\":\"https:\\\/\\\/www.univ-guyane.fr\\\/\",\"logo\":{\"@type\":\"ImageObject\",\"inLanguage\":\"pt-BR\",\"@id\":\"https:\\\/\\\/www.univ-guyane.fr\\\/#\\\/schema\\\/logo\\\/image\\\/\",\"url\":\"https:\\\/\\\/www.univ-guyane.fr\\\/wp-content\\\/uploads\\\/2024\\\/05\\\/f.png\",\"contentUrl\":\"https:\\\/\\\/www.univ-guyane.fr\\\/wp-content\\\/uploads\\\/2024\\\/05\\\/f.png\",\"width\":1024,\"height\":1024,\"caption\":\"Universit\u00e9 de Guyane\"},\"image\":{\"@id\":\"https:\\\/\\\/www.univ-guyane.fr\\\/#\\\/schema\\\/logo\\\/image\\\/\"},\"sameAs\":[\"https:\\\/\\\/www.facebook.com\\\/univguyane\",\"https:\\\/\\\/x.com\\\/univguyane\",\"https:\\\/\\\/gf.linkedin.com\\\/school\\\/universite-de-guyane\\\/\",\"https:\\\/\\\/www.instagram.com\\\/univ_guyane\\\/\"]},{\"@type\":\"Person\",\"@id\":\"https:\\\/\\\/www.univ-guyane.fr\\\/#\\\/schema\\\/person\\\/86d946a28a8be51bb096ccfdf19db179\",\"name\":\"Erick Loiti\u00e8re\",\"image\":{\"@type\":\"ImageObject\",\"inLanguage\":\"pt-BR\",\"@id\":\"https:\\\/\\\/secure.gravatar.com\\\/avatar\\\/0584f332103fbeaf37e52c73b15dca3c547fd9300deb05764e9ad8714839d072?s=96&d=robohash&r=g\",\"url\":\"https:\\\/\\\/secure.gravatar.com\\\/avatar\\\/0584f332103fbeaf37e52c73b15dca3c547fd9300deb05764e9ad8714839d072?s=96&d=robohash&r=g\",\"contentUrl\":\"https:\\\/\\\/secure.gravatar.com\\\/avatar\\\/0584f332103fbeaf37e52c73b15dca3c547fd9300deb05764e9ad8714839d072?s=96&d=robohash&r=g\",\"caption\":\"Erick Loiti\u00e8re\"},\"sameAs\":[\"http:\\\/\\\/www.univ-guyane.fr\"],\"url\":\"https:\\\/\\\/www.univ-guyane.fr\\\/pt\\\/author\\\/eloitierdbz\\\/\"}]}<\/script>\n<!-- \/ Yoast SEO plugin. -->","yoast_head_json":{"title":"Distin\u00e7\u00e3o de duas alunas admitidas no exame de admiss\u00e3o ao CRFPA \u2014 Universidade da Guiana","description":"A Universidade da Guiana distingue duas alunas do IEJ admitidas no exame de admiss\u00e3o ao CRFPA, elogiando a sua excel\u00eancia, o seu empenho e a qualidade da forma\u00e7\u00e3o jur\u00eddica oferecida.","robots":{"index":"index","follow":"follow","max-snippet":"max-snippet:-1","max-image-preview":"max-image-preview:large","max-video-preview":"max-video-preview:-1"},"canonical":"https:\/\/www.univ-guyane.fr\/pt\/2025\/12\/15\/distinction-de-deux-etudiantes-admises-a-lexamen-dentree-au-crfpa\/","og_locale":"pt_BR","og_type":"article","og_title":"Distinction de deux \u00e9tudiantes admises \u00e0 l\u2019examen d\u2019entr\u00e9e au CRFPA &#8212; Universit\u00e9 de Guyane","og_description":"l\u2019universit\u00e9 de guyane distingue deux \u00e9tudiantes de l\u2019iej admises \u00e0 l\u2019examen d\u2019entr\u00e9e au crfpa, saluant leur excellence, leur engagement et la qualit\u00e9 de la formation juridique propos\u00e9e.","og_url":"https:\/\/www.univ-guyane.fr\/pt\/2025\/12\/15\/distinction-de-deux-etudiantes-admises-a-lexamen-dentree-au-crfpa\/","og_site_name":"Universit\u00e9 de Guyane","article_publisher":"https:\/\/www.facebook.com\/univguyane","article_published_time":"2025-12-15T18:56:54+00:00","og_image":[{"width":1920,"height":1080,"url":"https:\/\/www.univ-guyane.fr\/wp-content\/uploads\/distinction-des-etudiantes-de-lug-au-crfpa-universite-de-guyane.jpg","type":"image\/jpeg"}],"author":"Erick Loiti\u00e8re","twitter_card":"summary_large_image","twitter_creator":"@univguyane","twitter_site":"@univguyane","twitter_misc":{"Escrito por":"Erick Loiti\u00e8re","Est. tempo de leitura":"3 minutos"},"schema":{"@context":"https:\/\/schema.org","@graph":[{"@type":"Article","@id":"https:\/\/www.univ-guyane.fr\/2025\/12\/15\/distinction-de-deux-etudiantes-admises-a-lexamen-dentree-au-crfpa\/#article","isPartOf":{"@id":"https:\/\/www.univ-guyane.fr\/2025\/12\/15\/distinction-de-deux-etudiantes-admises-a-lexamen-dentree-au-crfpa\/"},"author":{"name":"Erick Loiti\u00e8re","@id":"https:\/\/www.univ-guyane.fr\/#\/schema\/person\/86d946a28a8be51bb096ccfdf19db179"},"headline":"Distinction de deux \u00e9tudiantes admises \u00e0 l\u2019examen d\u2019entr\u00e9e au CRFPA","datePublished":"2025-12-15T18:56:54+00:00","mainEntityOfPage":{"@id":"https:\/\/www.univ-guyane.fr\/2025\/12\/15\/distinction-de-deux-etudiantes-admises-a-lexamen-dentree-au-crfpa\/"},"wordCount":912,"publisher":{"@id":"https:\/\/www.univ-guyane.fr\/#organization"},"image":{"@id":"https:\/\/www.univ-guyane.fr\/2025\/12\/15\/distinction-de-deux-etudiantes-admises-a-lexamen-dentree-au-crfpa\/#primaryimage"},"thumbnailUrl":"https:\/\/www.univ-guyane.fr\/wp-content\/uploads\/distinction-des-etudiantes-de-lug-au-crfpa-universite-de-guyane.jpg","articleSection":["\u2022\u00a0Droit","\u2022\u00a0SJE"],"inLanguage":"pt-BR"},{"@type":"WebPage","@id":"https:\/\/www.univ-guyane.fr\/2025\/12\/15\/distinction-de-deux-etudiantes-admises-a-lexamen-dentree-au-crfpa\/","url":"https:\/\/www.univ-guyane.fr\/2025\/12\/15\/distinction-de-deux-etudiantes-admises-a-lexamen-dentree-au-crfpa\/","name":"Distin\u00e7\u00e3o de duas alunas admitidas no exame de admiss\u00e3o ao CRFPA \u2014 Universidade da Guiana","isPartOf":{"@id":"https:\/\/www.univ-guyane.fr\/#website"},"primaryImageOfPage":{"@id":"https:\/\/www.univ-guyane.fr\/2025\/12\/15\/distinction-de-deux-etudiantes-admises-a-lexamen-dentree-au-crfpa\/#primaryimage"},"image":{"@id":"https:\/\/www.univ-guyane.fr\/2025\/12\/15\/distinction-de-deux-etudiantes-admises-a-lexamen-dentree-au-crfpa\/#primaryimage"},"thumbnailUrl":"https:\/\/www.univ-guyane.fr\/wp-content\/uploads\/distinction-des-etudiantes-de-lug-au-crfpa-universite-de-guyane.jpg","datePublished":"2025-12-15T18:56:54+00:00","description":"A Universidade da Guiana distingue duas alunas do IEJ admitidas no exame de admiss\u00e3o ao CRFPA, elogiando a sua excel\u00eancia, o seu empenho e a qualidade da forma\u00e7\u00e3o jur\u00eddica oferecida.","breadcrumb":{"@id":"https:\/\/www.univ-guyane.fr\/2025\/12\/15\/distinction-de-deux-etudiantes-admises-a-lexamen-dentree-au-crfpa\/#breadcrumb"},"inLanguage":"pt-BR","potentialAction":[{"@type":"ReadAction","target":["https:\/\/www.univ-guyane.fr\/2025\/12\/15\/distinction-de-deux-etudiantes-admises-a-lexamen-dentree-au-crfpa\/"]}]},{"@type":"ImageObject","inLanguage":"pt-BR","@id":"https:\/\/www.univ-guyane.fr\/2025\/12\/15\/distinction-de-deux-etudiantes-admises-a-lexamen-dentree-au-crfpa\/#primaryimage","url":"https:\/\/www.univ-guyane.fr\/wp-content\/uploads\/distinction-des-etudiantes-de-lug-au-crfpa-universite-de-guyane.jpg","contentUrl":"https:\/\/www.univ-guyane.fr\/wp-content\/uploads\/distinction-des-etudiantes-de-lug-au-crfpa-universite-de-guyane.jpg","width":1920,"height":1080},{"@type":"BreadcrumbList","@id":"https:\/\/www.univ-guyane.fr\/2025\/12\/15\/distinction-de-deux-etudiantes-admises-a-lexamen-dentree-au-crfpa\/#breadcrumb","itemListElement":[{"@type":"ListItem","position":1,"name":"Accueil","item":"https:\/\/www.univ-guyane.fr\/"},{"@type":"ListItem","position":2,"name":"Distinction de deux \u00e9tudiantes admises \u00e0 l\u2019examen d\u2019entr\u00e9e au CRFPA"}]},{"@type":"WebSite","@id":"https:\/\/www.univ-guyane.fr\/#website","url":"https:\/\/www.univ-guyane.fr\/","name":"Universidade da Guiana","description":"No cora\u00e7\u00e3o da Amaz\u00f4nia","publisher":{"@id":"https:\/\/www.univ-guyane.fr\/#organization"},"alternateName":"UG","potentialAction":[{"@type":"SearchAction","target":{"@type":"EntryPoint","urlTemplate":"https:\/\/www.univ-guyane.fr\/?s={search_term_string}"},"query-input":{"@type":"PropertyValueSpecification","valueRequired":true,"valueName":"search_term_string"}}],"inLanguage":"pt-BR"},{"@type":"Organization","@id":"https:\/\/www.univ-guyane.fr\/#organization","name":"Universidade da Guiana","alternateName":"UG","url":"https:\/\/www.univ-guyane.fr\/","logo":{"@type":"ImageObject","inLanguage":"pt-BR","@id":"https:\/\/www.univ-guyane.fr\/#\/schema\/logo\/image\/","url":"https:\/\/www.univ-guyane.fr\/wp-content\/uploads\/2024\/05\/f.png","contentUrl":"https:\/\/www.univ-guyane.fr\/wp-content\/uploads\/2024\/05\/f.png","width":1024,"height":1024,"caption":"Universit\u00e9 de Guyane"},"image":{"@id":"https:\/\/www.univ-guyane.fr\/#\/schema\/logo\/image\/"},"sameAs":["https:\/\/www.facebook.com\/univguyane","https:\/\/x.com\/univguyane","https:\/\/gf.linkedin.com\/school\/universite-de-guyane\/","https:\/\/www.instagram.com\/univ_guyane\/"]},{"@type":"Person","@id":"https:\/\/www.univ-guyane.fr\/#\/schema\/person\/86d946a28a8be51bb096ccfdf19db179","name":"Erick Loiti\u00e8re","image":{"@type":"ImageObject","inLanguage":"pt-BR","@id":"https:\/\/secure.gravatar.com\/avatar\/0584f332103fbeaf37e52c73b15dca3c547fd9300deb05764e9ad8714839d072?s=96&d=robohash&r=g","url":"https:\/\/secure.gravatar.com\/avatar\/0584f332103fbeaf37e52c73b15dca3c547fd9300deb05764e9ad8714839d072?s=96&d=robohash&r=g","contentUrl":"https:\/\/secure.gravatar.com\/avatar\/0584f332103fbeaf37e52c73b15dca3c547fd9300deb05764e9ad8714839d072?s=96&d=robohash&r=g","caption":"Erick Loiti\u00e8re"},"sameAs":["http:\/\/www.univ-guyane.fr"],"url":"https:\/\/www.univ-guyane.fr\/pt\/author\/eloitierdbz\/"}]}},"_links":{"self":[{"href":"https:\/\/www.univ-guyane.fr\/pt\/wp-json\/wp\/v2\/posts\/13875","targetHints":{"allow":["GET"]}}],"collection":[{"href":"https:\/\/www.univ-guyane.fr\/pt\/wp-json\/wp\/v2\/posts"}],"about":[{"href":"https:\/\/www.univ-guyane.fr\/pt\/wp-json\/wp\/v2\/types\/post"}],"author":[{"embeddable":true,"href":"https:\/\/www.univ-guyane.fr\/pt\/wp-json\/wp\/v2\/users\/1"}],"replies":[{"embeddable":true,"href":"https:\/\/www.univ-guyane.fr\/pt\/wp-json\/wp\/v2\/comments?post=13875"}],"version-history":[{"count":1,"href":"https:\/\/www.univ-guyane.fr\/pt\/wp-json\/wp\/v2\/posts\/13875\/revisions"}],"predecessor-version":[{"id":13877,"href":"https:\/\/www.univ-guyane.fr\/pt\/wp-json\/wp\/v2\/posts\/13875\/revisions\/13877"}],"wp:featuredmedia":[{"embeddable":true,"href":"https:\/\/www.univ-guyane.fr\/pt\/wp-json\/wp\/v2\/media\/13876"}],"wp:attachment":[{"href":"https:\/\/www.univ-guyane.fr\/pt\/wp-json\/wp\/v2\/media?parent=13875"}],"wp:term":[{"taxonomy":"category","embeddable":true,"href":"https:\/\/www.univ-guyane.fr\/pt\/wp-json\/wp\/v2\/categories?post=13875"},{"taxonomy":"post_tag","embeddable":true,"href":"https:\/\/www.univ-guyane.fr\/pt\/wp-json\/wp\/v2\/tags?post=13875"}],"curies":[{"name":"wp","href":"https:\/\/api.w.org\/{rel}","templated":true}]}}