{"id":14071,"date":"2026-03-13T09:28:45","date_gmt":"2026-03-13T12:28:45","guid":{"rendered":"https:\/\/www.univ-guyane.fr\/?p=14071"},"modified":"2026-03-13T09:28:45","modified_gmt":"2026-03-13T12:28:45","slug":"semaine-des-mathematiques-2026-universite-de-guyane-conferences-et-programme","status":"publish","type":"post","link":"https:\/\/www.univ-guyane.fr\/pt\/2026\/03\/13\/semaine-des-mathematiques-2026-universite-de-guyane-conferences-et-programme\/","title":{"rendered":"Semana da Matem\u00e1tica da Universidade da Guiana 2026: palestras e programa\u00e7\u00e3o"},"content":{"rendered":"<div id=\"fws_69f17b7f5822f\"  data-column-margin=\"default\" data-midnight=\"dark\"  class=\"wpb_row vc_row-fluid vc_row\"  style=\"padding-top: 0px; padding-bottom: 0px; \"><div class=\"row-bg-wrap\" data-bg-animation=\"none\" data-bg-animation-delay=\"\" data-bg-overlay=\"false\"><div class=\"inner-wrap row-bg-layer\" ><div class=\"row-bg viewport-desktop\"  style=\"\"><\/div><\/div><\/div><div class=\"row_col_wrap_12 col span_12 dark left\">\n\t<div  class=\"vc_col-sm-12 wpb_column column_container vc_column_container col no-extra-padding inherit_tablet inherit_phone flex_gap_desktop_10px\"  data-padding-pos=\"all\" data-has-bg-color=\"false\" data-bg-color=\"\" data-bg-opacity=\"1\" data-animation=\"\" data-delay=\"0\" >\n\t\t<div class=\"vc_column-inner\" >\n\t\t\t<div class=\"wpb_wrapper\">\n\t\t\t\t\n<div class=\"wpb_text_column wpb_content_element  ug_chapo\" >\n\t<h2>A Semana da Matem\u00e1tica 2026 na Universidade da Guiana est\u00e1 sendo realizada de 14 a 25 de mar\u00e7o com o tema \u00abIgualdades\u00bb. Tr\u00eas confer\u00eancias cient\u00edficas abertas ao p\u00fablico ser\u00e3o realizadas pessoalmente e por videoconfer\u00eancia para promover a pesquisa e a cultura matem\u00e1tica.<\/h2>\n<\/div>\n\n\n\n\n<div class=\"wpb_text_column wpb_content_element\" >\n\t<p>Todos os anos, a Semana da Matem\u00e1tica celebra a matem\u00e1tica por meio de eventos educacionais e cient\u00edficos. Em 2026, a Universidade da Guiana est\u00e1 participando ativamente dessa iniciativa nacional, oferecendo v\u00e1rias confer\u00eancias abertas ao p\u00fablico.<\/p>\n<p>A edi\u00e7\u00e3o de 2026 vai de 14 a 25 de mar\u00e7o e se concentra no tema \u00abEqualities\u00bb (Igualdades). Esse tema nos convida a refletir sobre o papel fundamental da igualdade no racioc\u00ednio matem\u00e1tico, mas tamb\u00e9m sobre suas aplica\u00e7\u00f5es em muitos campos cient\u00edficos.<\/p>\n<p>Nessa ocasi\u00e3o, professores e especialistas apresentar\u00e3o seus trabalhos e compartilhar\u00e3o suas ideias em confer\u00eancias organizadas no campus. As palestras poder\u00e3o ser assistidas pessoalmente ou por videoconfer\u00eancia.<\/p>\n<h3>Um tema para 2026 com foco na igualdade em matem\u00e1tica<\/h3>\n<p>Igualdade\u00ab \u00e9 um conceito central na matem\u00e1tica. Ele nos permite entender as rela\u00e7\u00f5es entre diferentes express\u00f5es, estruturas ou fen\u00f4menos.<\/p>\n<p>Uma igualdade pode expressar uma identidade matem\u00e1tica, uma equival\u00eancia l\u00f3gica ou uma rela\u00e7\u00e3o estrutural entre objetos matem\u00e1ticos. Portanto, ela est\u00e1 no centro de muitas demonstra\u00e7\u00f5es e modelos cient\u00edficos.<\/p>\n<p>Esse tema tamb\u00e9m abre perspectivas interdisciplinares. Ele oferece uma oportunidade de abordar quest\u00f5es relacionadas \u00e0 educa\u00e7\u00e3o, modelagem e an\u00e1lise de fen\u00f4menos naturais.<\/p>\n<h3>Confer\u00eancia em 16 de mar\u00e7o de 2026: Igualdade em matem\u00e1tica<\/h3>\n<p>A primeira palestra ocorrer\u00e1 na segunda-feira, 16 de mar\u00e7o de 2026, das 14h \u00e0s 16h (hor\u00e1rio da Guiana). Ela ser\u00e1 conduzida por Silv\u00e8re Paul NUIRO, professor de HDR na Universidade da Guiana.<\/p>\n<p>Intitulada \u00abEqualities in mathematics: identity, equivalence and structure\u00bb (Igualdades na matem\u00e1tica: identidade, equival\u00eancia e estrutura), esta palestra oferecer\u00e1 uma vis\u00e3o aprofundada da no\u00e7\u00e3o de igualdade na disciplina.<\/p>\n<p>A confer\u00eancia ser\u00e1 realizada no anfiteatro A e poder\u00e1 ser acessada tanto presencialmente quanto remotamente.<\/p>\n<h3>Confer\u00eancia em 17 de mar\u00e7o de 2026: pr\u00e1ticas de aritm\u00e9tica mental<\/h3>\n<p>A segunda palestra ocorrer\u00e1 na ter\u00e7a-feira, 17 de mar\u00e7o de 2026, tamb\u00e9m das 14h \u00e0s 16h. Ela ser\u00e1 apresentada por Manuel Gar\u00e7on, doutor em matem\u00e1tica e membro do INSPE na Martinica.<\/p>\n<p>Esta palestra se concentrar\u00e1 em \u00abPr\u00e1ticas de aritm\u00e9tica mental: uma an\u00e1lise comparativa da Martinica e do Senegal\u00bb. Ela analisar\u00e1 os m\u00e9todos de ensino usados em diferentes contextos educacionais.<\/p>\n<p>O objetivo \u00e9 obter uma melhor compreens\u00e3o das estrat\u00e9gias de aprendizagem da aritm\u00e9tica mental e seu impacto no sucesso acad\u00eamico. A confer\u00eancia ser\u00e1 oferecida como uma sess\u00e3o de ensino \u00e0 dist\u00e2ncia e transmitida no anfiteatro A.<\/p>\n<h3>Confer\u00eancia em 19 de mar\u00e7o de 2026: modelagem e meio ambiente<\/h3>\n<p>A terceira palestra ocorrer\u00e1 na quinta-feira, 19 de mar\u00e7o de 2026, das 14h \u00e0s 16h. Ela ser\u00e1 conduzida por Alain Pietrus, professor de matem\u00e1tica da Universidade da Guiana.<\/p>\n<p>Sua palestra \u00e9 intitulada \u00abModelando os efeitos da press\u00e3o humana e das mudan\u00e7as clim\u00e1ticas na biomassa florestal\u00bb. Ela discutir\u00e1 o uso de modelos matem\u00e1ticos para analisar as mudan\u00e7as nos ecossistemas florestais.<\/p>\n<p>Essa confer\u00eancia ilustrar\u00e1 como a matem\u00e1tica contribui para a compreens\u00e3o das quest\u00f5es ambientais. Ela ser\u00e1 realizada no anfiteatro C e poder\u00e1 ser acessada pessoalmente e por videoconfer\u00eancia.<\/p>\n<h3>Um evento cient\u00edfico aberto a estudantes e ao p\u00fablico<\/h3>\n<p>A Semana da Matem\u00e1tica 2026 da Universidade da Guiana \u00e9 voltada para alunos, professores e qualquer pessoa interessada em cultura cient\u00edfica.<\/p>\n<p>O formato h\u00edbrido facilita a participa\u00e7\u00e3o em confer\u00eancias, seja no campus ou remotamente. Essa acessibilidade significa que o conhecimento matem\u00e1tico pode ser disseminado mais amplamente.<\/p>\n<p>Al\u00e9m das confer\u00eancias, esse evento tamb\u00e9m est\u00e1 ajudando a promover a pesquisa cient\u00edfica que est\u00e1 sendo realizada na Guiana Francesa e a incentivar as pessoas a se dedicarem \u00e0s disciplinas cient\u00edficas.<\/p>\n<p>A Semana da Matem\u00e1tica 2026 da Universidade da Guiana destacar\u00e1 a riqueza de pesquisas e ideias em torno do tema \u00abIgualdade\u00bb. Por meio de tr\u00eas confer\u00eancias acess\u00edveis pessoalmente e por videoconfer\u00eancia, esse evento oferece uma vis\u00e3o cient\u00edfica e educacional da matem\u00e1tica. Estudantes, professores e entusiastas da ci\u00eancia est\u00e3o convidados a participar e descobrir como a matem\u00e1tica nos ajuda a entender o mundo. N\u00e3o hesite em participar das confer\u00eancias para ampliar seus conhecimentos e trocar ideias com pesquisadores.<\/p>\n<\/div>\n\n\n\n\n\t\t\t<\/div> \n\t\t<\/div>\n\t<\/div> \n<\/div><\/div>\n\t\t<div id=\"fws_69f17b7f58786\"  data-column-margin=\"default\" data-midnight=\"dark\"  class=\"wpb_row vc_row-fluid vc_row\"  style=\"padding-top: 0px; padding-bottom: 0px; \"><div class=\"row-bg-wrap\" data-bg-animation=\"none\" data-bg-animation-delay=\"\" data-bg-overlay=\"false\"><div class=\"inner-wrap row-bg-layer\" ><div class=\"row-bg viewport-desktop\"  style=\"\"><\/div><\/div><\/div><div class=\"row_col_wrap_12 col span_12 dark left\">\n\t<div style=\"\" class=\"vc_col-sm-12 wpb_column column_container vc_column_container col left_padding_desktop_30px top_padding_desktop_30px right_padding_desktop_30px bottom_padding_desktop_30px flex_gap_desktop_10px\" data-using-bg=\"true\" data-border-radius=\"20px\" data-padding-pos=\"all\" data-has-bg-color=\"true\" data-bg-color=\"#f6edfb\" data-bg-opacity=\"1\" data-animation=\"\" data-delay=\"0\" >\n\t\t<div class=\"vc_column-inner\" ><div class=\"column-bg-overlay-wrap column-bg-layer\" data-bg-animation=\"none\"><div class=\"column-bg-overlay\" style=\"opacity: 1; background-color: #f6edfb;\"><\/div><\/div>\n\t\t\t<div class=\"wpb_wrapper\">\n\t\t\t\t\n<div class=\"wpb_text_column wpb_content_element\" >\n\t<p><strong>O que \u00e9 a Maths Week 2026?<\/strong><br \/>\nA Semana da Matem\u00e1tica 2026 \u00e9 um evento nacional criado para promover a cultura matem\u00e1tica. Ela acontece de 14 a 25 de mar\u00e7o e apresenta confer\u00eancias, workshops e reuni\u00f5es cient\u00edficas.<\/p>\n<p><strong>Qual \u00e9 o tema da Semana da Matem\u00e1tica de 2026?<\/strong><br \/>\nO tema escolhido para 2026 \u00e9 \u00abEqualities\u00bb (Igualdade). Ele nos convida a explorar o papel da igualdade no racioc\u00ednio matem\u00e1tico e em v\u00e1rias aplica\u00e7\u00f5es cient\u00edficas.<\/p>\n<p><strong>Onde s\u00e3o realizadas as confer\u00eancias na Universidade da Guiana?<\/strong><br \/>\nAs confer\u00eancias s\u00e3o realizadas nos anfiteatros A e C da Universidade da Guiana. Elas tamb\u00e9m podem ser acessadas por videoconfer\u00eancia para permitir a participa\u00e7\u00e3o remota.<\/p>\n<p><strong>Quem pode participar das confer\u00eancias?<\/strong><br \/>\nAs palestras s\u00e3o abertas a alunos, professores e ao p\u00fablico em geral. Qualquer pessoa com interesse em matem\u00e1tica ou ci\u00eancias \u00e9 bem-vinda.<\/p>\n<p><strong>Quantas confer\u00eancias ser\u00e3o oferecidas durante o evento?<\/strong><br \/>\nA Universidade da Guiana est\u00e1 oferecendo tr\u00eas confer\u00eancias cient\u00edficas nos dias 16, 17 e 19 de mar\u00e7o de 2026. Elas abrangem uma ampla gama de t\u00f3picos, desde conceitos matem\u00e1ticos at\u00e9 aplica\u00e7\u00f5es ambientais.<\/p>\n<p><strong>Por que participar da Mathematics Week 2026 na Universidade da Guiana?<\/strong><br \/>\nParticipar desse evento \u00e9 uma oportunidade de conhecer o trabalho de pesquisa, compreender melhor as aplica\u00e7\u00f5es da matem\u00e1tica e conversar com pesquisadores e professores especializados.<\/p>\n<\/div>\n\n\n\n\n\t\t\t<\/div> \n\t\t<\/div>\n\t<\/div> \n<\/div><\/div>","protected":false},"excerpt":{"rendered":"A Semana da Matem\u00e1tica 2026 na Universidade da Guiana vai de 14 a 25 de mar\u00e7o...","protected":false},"author":1,"featured_media":14072,"comment_status":"closed","ping_status":"open","sticky":false,"template":"","format":"standard","meta":{"iawp_total_views":63,"footnotes":""},"categories":[9],"tags":[334],"class_list":{"0":"post-14071","1":"post","2":"type-post","3":"status-publish","4":"format-standard","5":"has-post-thumbnail","7":"category-st","8":"tag-mathematiques"},"yoast_head":"<!-- This site is optimized with the Yoast SEO plugin v27.5 - https:\/\/yoast.com\/product\/yoast-seo-wordpress\/ -->\n<title>Semaine des Math\u00e9matiques 2026 universit\u00e9 de Guyane : conf\u00e9rences et programme &#8212; Universit\u00e9 de Guyane<\/title>\n<meta name=\"description\" content=\"La semaine des Math\u00e9matiques 2026 universit\u00e9 de Guyane propose trois conf\u00e9rences sur le th\u00e8me \u00ab Les \u00e9galit\u00e9s \u00bb, du 16 au 19 mars, en pr\u00e9sentiel et visioconf\u00e9rence.\" \/>\n<meta name=\"robots\" content=\"index, follow, max-snippet:-1, max-image-preview:large, max-video-preview:-1\" \/>\n<link rel=\"canonical\" href=\"https:\/\/www.univ-guyane.fr\/pt\/2026\/03\/13\/semaine-des-mathematiques-2026-universite-de-guyane-conferences-et-programme\/\" \/>\n<meta property=\"og:locale\" content=\"pt_BR\" \/>\n<meta property=\"og:type\" content=\"article\" \/>\n<meta property=\"og:title\" content=\"Semaine des Math\u00e9matiques 2026 universit\u00e9 de Guyane : conf\u00e9rences et programme &#8212; Universit\u00e9 de Guyane\" \/>\n<meta property=\"og:description\" content=\"La semaine des Math\u00e9matiques 2026 universit\u00e9 de Guyane propose trois conf\u00e9rences sur le th\u00e8me \u00ab Les \u00e9galit\u00e9s \u00bb, du 16 au 19 mars, en pr\u00e9sentiel et visioconf\u00e9rence.\" \/>\n<meta property=\"og:url\" content=\"https:\/\/www.univ-guyane.fr\/pt\/2026\/03\/13\/semaine-des-mathematiques-2026-universite-de-guyane-conferences-et-programme\/\" \/>\n<meta property=\"og:site_name\" content=\"Universit\u00e9 de Guyane\" \/>\n<meta property=\"article:publisher\" content=\"https:\/\/www.facebook.com\/univguyane\" \/>\n<meta property=\"article:published_time\" content=\"2026-03-13T12:28:45+00:00\" \/>\n<meta property=\"og:image\" content=\"https:\/\/www.univ-guyane.fr\/wp-content\/uploads\/semaine-des-mathematiques-2026-conferences-et-programme-universite-de-guyane.jpg\" \/>\n\t<meta property=\"og:image:width\" content=\"1920\" \/>\n\t<meta property=\"og:image:height\" content=\"1280\" \/>\n\t<meta property=\"og:image:type\" content=\"image\/jpeg\" \/>\n<meta name=\"author\" content=\"Erick Loiti\u00e8re\" \/>\n<meta name=\"twitter:card\" content=\"summary_large_image\" \/>\n<meta name=\"twitter:creator\" content=\"@univguyane\" \/>\n<meta name=\"twitter:site\" content=\"@univguyane\" \/>\n<meta name=\"twitter:label1\" content=\"Escrito por\" \/>\n\t<meta name=\"twitter:data1\" content=\"Erick Loiti\u00e8re\" \/>\n\t<meta name=\"twitter:label2\" content=\"Est. tempo de leitura\" \/>\n\t<meta name=\"twitter:data2\" content=\"5 minutos\" \/>\n<script type=\"application\/ld+json\" class=\"yoast-schema-graph\">{\"@context\":\"https:\\\/\\\/schema.org\",\"@graph\":[{\"@type\":\"Article\",\"@id\":\"https:\\\/\\\/www.univ-guyane.fr\\\/2026\\\/03\\\/13\\\/semaine-des-mathematiques-2026-universite-de-guyane-conferences-et-programme\\\/#article\",\"isPartOf\":{\"@id\":\"https:\\\/\\\/www.univ-guyane.fr\\\/2026\\\/03\\\/13\\\/semaine-des-mathematiques-2026-universite-de-guyane-conferences-et-programme\\\/\"},\"author\":{\"name\":\"Erick Loiti\u00e8re\",\"@id\":\"https:\\\/\\\/www.univ-guyane.fr\\\/#\\\/schema\\\/person\\\/86d946a28a8be51bb096ccfdf19db179\"},\"headline\":\"Semaine des Math\u00e9matiques 2026 universit\u00e9 de Guyane : conf\u00e9rences et programme\",\"datePublished\":\"2026-03-13T12:28:45+00:00\",\"mainEntityOfPage\":{\"@id\":\"https:\\\/\\\/www.univ-guyane.fr\\\/2026\\\/03\\\/13\\\/semaine-des-mathematiques-2026-universite-de-guyane-conferences-et-programme\\\/\"},\"wordCount\":1414,\"publisher\":{\"@id\":\"https:\\\/\\\/www.univ-guyane.fr\\\/#organization\"},\"image\":{\"@id\":\"https:\\\/\\\/www.univ-guyane.fr\\\/2026\\\/03\\\/13\\\/semaine-des-mathematiques-2026-universite-de-guyane-conferences-et-programme\\\/#primaryimage\"},\"thumbnailUrl\":\"https:\\\/\\\/www.univ-guyane.fr\\\/wp-content\\\/uploads\\\/semaine-des-mathematiques-2026-conferences-et-programme-universite-de-guyane.jpg\",\"keywords\":[\"Math\u00e9matiques\"],\"articleSection\":[\"\u2022 ST\"],\"inLanguage\":\"pt-BR\"},{\"@type\":\"WebPage\",\"@id\":\"https:\\\/\\\/www.univ-guyane.fr\\\/2026\\\/03\\\/13\\\/semaine-des-mathematiques-2026-universite-de-guyane-conferences-et-programme\\\/\",\"url\":\"https:\\\/\\\/www.univ-guyane.fr\\\/2026\\\/03\\\/13\\\/semaine-des-mathematiques-2026-universite-de-guyane-conferences-et-programme\\\/\",\"name\":\"Semaine des Math\u00e9matiques 2026 universit\u00e9 de Guyane : conf\u00e9rences et programme &#8212; Universit\u00e9 de Guyane\",\"isPartOf\":{\"@id\":\"https:\\\/\\\/www.univ-guyane.fr\\\/#website\"},\"primaryImageOfPage\":{\"@id\":\"https:\\\/\\\/www.univ-guyane.fr\\\/2026\\\/03\\\/13\\\/semaine-des-mathematiques-2026-universite-de-guyane-conferences-et-programme\\\/#primaryimage\"},\"image\":{\"@id\":\"https:\\\/\\\/www.univ-guyane.fr\\\/2026\\\/03\\\/13\\\/semaine-des-mathematiques-2026-universite-de-guyane-conferences-et-programme\\\/#primaryimage\"},\"thumbnailUrl\":\"https:\\\/\\\/www.univ-guyane.fr\\\/wp-content\\\/uploads\\\/semaine-des-mathematiques-2026-conferences-et-programme-universite-de-guyane.jpg\",\"datePublished\":\"2026-03-13T12:28:45+00:00\",\"description\":\"La semaine des Math\u00e9matiques 2026 universit\u00e9 de Guyane propose trois conf\u00e9rences sur le th\u00e8me \u00ab Les \u00e9galit\u00e9s \u00bb, du 16 au 19 mars, en pr\u00e9sentiel et visioconf\u00e9rence.\",\"breadcrumb\":{\"@id\":\"https:\\\/\\\/www.univ-guyane.fr\\\/2026\\\/03\\\/13\\\/semaine-des-mathematiques-2026-universite-de-guyane-conferences-et-programme\\\/#breadcrumb\"},\"inLanguage\":\"pt-BR\",\"potentialAction\":[{\"@type\":\"ReadAction\",\"target\":[\"https:\\\/\\\/www.univ-guyane.fr\\\/2026\\\/03\\\/13\\\/semaine-des-mathematiques-2026-universite-de-guyane-conferences-et-programme\\\/\"]}]},{\"@type\":\"ImageObject\",\"inLanguage\":\"pt-BR\",\"@id\":\"https:\\\/\\\/www.univ-guyane.fr\\\/2026\\\/03\\\/13\\\/semaine-des-mathematiques-2026-universite-de-guyane-conferences-et-programme\\\/#primaryimage\",\"url\":\"https:\\\/\\\/www.univ-guyane.fr\\\/wp-content\\\/uploads\\\/semaine-des-mathematiques-2026-conferences-et-programme-universite-de-guyane.jpg\",\"contentUrl\":\"https:\\\/\\\/www.univ-guyane.fr\\\/wp-content\\\/uploads\\\/semaine-des-mathematiques-2026-conferences-et-programme-universite-de-guyane.jpg\",\"width\":1920,\"height\":1280,\"caption\":\"Conf\u00e9rences de la semaine des Math\u00e9matiques 2026 universit\u00e9 de Guyane en amphith\u00e9\u00e2tre\"},{\"@type\":\"BreadcrumbList\",\"@id\":\"https:\\\/\\\/www.univ-guyane.fr\\\/2026\\\/03\\\/13\\\/semaine-des-mathematiques-2026-universite-de-guyane-conferences-et-programme\\\/#breadcrumb\",\"itemListElement\":[{\"@type\":\"ListItem\",\"position\":1,\"name\":\"Accueil\",\"item\":\"https:\\\/\\\/www.univ-guyane.fr\\\/\"},{\"@type\":\"ListItem\",\"position\":2,\"name\":\"Semaine des Math\u00e9matiques 2026 universit\u00e9 de Guyane : conf\u00e9rences et programme\"}]},{\"@type\":\"WebSite\",\"@id\":\"https:\\\/\\\/www.univ-guyane.fr\\\/#website\",\"url\":\"https:\\\/\\\/www.univ-guyane.fr\\\/\",\"name\":\"Universit\u00e9 de Guyane\",\"description\":\"Au c\u0153ur de l&#039;amazonie\",\"publisher\":{\"@id\":\"https:\\\/\\\/www.univ-guyane.fr\\\/#organization\"},\"alternateName\":\"UG\",\"potentialAction\":[{\"@type\":\"SearchAction\",\"target\":{\"@type\":\"EntryPoint\",\"urlTemplate\":\"https:\\\/\\\/www.univ-guyane.fr\\\/?s={search_term_string}\"},\"query-input\":{\"@type\":\"PropertyValueSpecification\",\"valueRequired\":true,\"valueName\":\"search_term_string\"}}],\"inLanguage\":\"pt-BR\"},{\"@type\":\"Organization\",\"@id\":\"https:\\\/\\\/www.univ-guyane.fr\\\/#organization\",\"name\":\"Universit\u00e9 de Guyane\",\"alternateName\":\"UG\",\"url\":\"https:\\\/\\\/www.univ-guyane.fr\\\/\",\"logo\":{\"@type\":\"ImageObject\",\"inLanguage\":\"pt-BR\",\"@id\":\"https:\\\/\\\/www.univ-guyane.fr\\\/#\\\/schema\\\/logo\\\/image\\\/\",\"url\":\"https:\\\/\\\/www.univ-guyane.fr\\\/wp-content\\\/uploads\\\/2024\\\/05\\\/f.png\",\"contentUrl\":\"https:\\\/\\\/www.univ-guyane.fr\\\/wp-content\\\/uploads\\\/2024\\\/05\\\/f.png\",\"width\":1024,\"height\":1024,\"caption\":\"Universit\u00e9 de Guyane\"},\"image\":{\"@id\":\"https:\\\/\\\/www.univ-guyane.fr\\\/#\\\/schema\\\/logo\\\/image\\\/\"},\"sameAs\":[\"https:\\\/\\\/www.facebook.com\\\/univguyane\",\"https:\\\/\\\/x.com\\\/univguyane\",\"https:\\\/\\\/gf.linkedin.com\\\/school\\\/universite-de-guyane\\\/\",\"https:\\\/\\\/www.instagram.com\\\/univ_guyane\\\/\"]},{\"@type\":\"Person\",\"@id\":\"https:\\\/\\\/www.univ-guyane.fr\\\/#\\\/schema\\\/person\\\/86d946a28a8be51bb096ccfdf19db179\",\"name\":\"Erick Loiti\u00e8re\",\"image\":{\"@type\":\"ImageObject\",\"inLanguage\":\"pt-BR\",\"@id\":\"https:\\\/\\\/secure.gravatar.com\\\/avatar\\\/0584f332103fbeaf37e52c73b15dca3c547fd9300deb05764e9ad8714839d072?s=96&d=robohash&r=g\",\"url\":\"https:\\\/\\\/secure.gravatar.com\\\/avatar\\\/0584f332103fbeaf37e52c73b15dca3c547fd9300deb05764e9ad8714839d072?s=96&d=robohash&r=g\",\"contentUrl\":\"https:\\\/\\\/secure.gravatar.com\\\/avatar\\\/0584f332103fbeaf37e52c73b15dca3c547fd9300deb05764e9ad8714839d072?s=96&d=robohash&r=g\",\"caption\":\"Erick Loiti\u00e8re\"},\"sameAs\":[\"http:\\\/\\\/www.univ-guyane.fr\"],\"url\":\"https:\\\/\\\/www.univ-guyane.fr\\\/pt\\\/author\\\/eloitierdbz\\\/\"}]}<\/script>\n<!-- \/ Yoast SEO plugin. -->","yoast_head_json":{"title":"Semana da Matem\u00e1tica 2026 na Universidade da Guiana: palestras e programa\u00e7\u00e3o - Universidade da Guiana","description":"A Semana de Matem\u00e1tica 2026 da Universidade da Guiana est\u00e1 oferecendo tr\u00eas palestras sobre o tema \u00abIgualdades\u00bb, de 16 a 19 de mar\u00e7o, tanto presencialmente quanto por videoconfer\u00eancia.","robots":{"index":"index","follow":"follow","max-snippet":"max-snippet:-1","max-image-preview":"max-image-preview:large","max-video-preview":"max-video-preview:-1"},"canonical":"https:\/\/www.univ-guyane.fr\/pt\/2026\/03\/13\/semaine-des-mathematiques-2026-universite-de-guyane-conferences-et-programme\/","og_locale":"pt_BR","og_type":"article","og_title":"Semaine des Math\u00e9matiques 2026 universit\u00e9 de Guyane : conf\u00e9rences et programme &#8212; Universit\u00e9 de Guyane","og_description":"La semaine des Math\u00e9matiques 2026 universit\u00e9 de Guyane propose trois conf\u00e9rences sur le th\u00e8me \u00ab Les \u00e9galit\u00e9s \u00bb, du 16 au 19 mars, en pr\u00e9sentiel et visioconf\u00e9rence.","og_url":"https:\/\/www.univ-guyane.fr\/pt\/2026\/03\/13\/semaine-des-mathematiques-2026-universite-de-guyane-conferences-et-programme\/","og_site_name":"Universit\u00e9 de Guyane","article_publisher":"https:\/\/www.facebook.com\/univguyane","article_published_time":"2026-03-13T12:28:45+00:00","og_image":[{"width":1920,"height":1280,"url":"https:\/\/www.univ-guyane.fr\/wp-content\/uploads\/semaine-des-mathematiques-2026-conferences-et-programme-universite-de-guyane.jpg","type":"image\/jpeg"}],"author":"Erick Loiti\u00e8re","twitter_card":"summary_large_image","twitter_creator":"@univguyane","twitter_site":"@univguyane","twitter_misc":{"Escrito por":"Erick Loiti\u00e8re","Est. tempo de leitura":"5 minutos"},"schema":{"@context":"https:\/\/schema.org","@graph":[{"@type":"Article","@id":"https:\/\/www.univ-guyane.fr\/2026\/03\/13\/semaine-des-mathematiques-2026-universite-de-guyane-conferences-et-programme\/#article","isPartOf":{"@id":"https:\/\/www.univ-guyane.fr\/2026\/03\/13\/semaine-des-mathematiques-2026-universite-de-guyane-conferences-et-programme\/"},"author":{"name":"Erick Loiti\u00e8re","@id":"https:\/\/www.univ-guyane.fr\/#\/schema\/person\/86d946a28a8be51bb096ccfdf19db179"},"headline":"Semaine des Math\u00e9matiques 2026 universit\u00e9 de Guyane : conf\u00e9rences et programme","datePublished":"2026-03-13T12:28:45+00:00","mainEntityOfPage":{"@id":"https:\/\/www.univ-guyane.fr\/2026\/03\/13\/semaine-des-mathematiques-2026-universite-de-guyane-conferences-et-programme\/"},"wordCount":1414,"publisher":{"@id":"https:\/\/www.univ-guyane.fr\/#organization"},"image":{"@id":"https:\/\/www.univ-guyane.fr\/2026\/03\/13\/semaine-des-mathematiques-2026-universite-de-guyane-conferences-et-programme\/#primaryimage"},"thumbnailUrl":"https:\/\/www.univ-guyane.fr\/wp-content\/uploads\/semaine-des-mathematiques-2026-conferences-et-programme-universite-de-guyane.jpg","keywords":["Math\u00e9matiques"],"articleSection":["\u2022 ST"],"inLanguage":"pt-BR"},{"@type":"WebPage","@id":"https:\/\/www.univ-guyane.fr\/2026\/03\/13\/semaine-des-mathematiques-2026-universite-de-guyane-conferences-et-programme\/","url":"https:\/\/www.univ-guyane.fr\/2026\/03\/13\/semaine-des-mathematiques-2026-universite-de-guyane-conferences-et-programme\/","name":"Semana da Matem\u00e1tica 2026 na Universidade da Guiana: palestras e programa\u00e7\u00e3o - Universidade da Guiana","isPartOf":{"@id":"https:\/\/www.univ-guyane.fr\/#website"},"primaryImageOfPage":{"@id":"https:\/\/www.univ-guyane.fr\/2026\/03\/13\/semaine-des-mathematiques-2026-universite-de-guyane-conferences-et-programme\/#primaryimage"},"image":{"@id":"https:\/\/www.univ-guyane.fr\/2026\/03\/13\/semaine-des-mathematiques-2026-universite-de-guyane-conferences-et-programme\/#primaryimage"},"thumbnailUrl":"https:\/\/www.univ-guyane.fr\/wp-content\/uploads\/semaine-des-mathematiques-2026-conferences-et-programme-universite-de-guyane.jpg","datePublished":"2026-03-13T12:28:45+00:00","description":"A Semana de Matem\u00e1tica 2026 da Universidade da Guiana est\u00e1 oferecendo tr\u00eas palestras sobre o tema \u00abIgualdades\u00bb, de 16 a 19 de mar\u00e7o, tanto presencialmente quanto por videoconfer\u00eancia.","breadcrumb":{"@id":"https:\/\/www.univ-guyane.fr\/2026\/03\/13\/semaine-des-mathematiques-2026-universite-de-guyane-conferences-et-programme\/#breadcrumb"},"inLanguage":"pt-BR","potentialAction":[{"@type":"ReadAction","target":["https:\/\/www.univ-guyane.fr\/2026\/03\/13\/semaine-des-mathematiques-2026-universite-de-guyane-conferences-et-programme\/"]}]},{"@type":"ImageObject","inLanguage":"pt-BR","@id":"https:\/\/www.univ-guyane.fr\/2026\/03\/13\/semaine-des-mathematiques-2026-universite-de-guyane-conferences-et-programme\/#primaryimage","url":"https:\/\/www.univ-guyane.fr\/wp-content\/uploads\/semaine-des-mathematiques-2026-conferences-et-programme-universite-de-guyane.jpg","contentUrl":"https:\/\/www.univ-guyane.fr\/wp-content\/uploads\/semaine-des-mathematiques-2026-conferences-et-programme-universite-de-guyane.jpg","width":1920,"height":1280,"caption":"Conf\u00e9rences de la semaine des Math\u00e9matiques 2026 universit\u00e9 de Guyane en amphith\u00e9\u00e2tre"},{"@type":"BreadcrumbList","@id":"https:\/\/www.univ-guyane.fr\/2026\/03\/13\/semaine-des-mathematiques-2026-universite-de-guyane-conferences-et-programme\/#breadcrumb","itemListElement":[{"@type":"ListItem","position":1,"name":"Accueil","item":"https:\/\/www.univ-guyane.fr\/"},{"@type":"ListItem","position":2,"name":"Semaine des Math\u00e9matiques 2026 universit\u00e9 de Guyane : conf\u00e9rences et programme"}]},{"@type":"WebSite","@id":"https:\/\/www.univ-guyane.fr\/#website","url":"https:\/\/www.univ-guyane.fr\/","name":"Universidade da Guiana","description":"No cora\u00e7\u00e3o da Amaz\u00f4nia","publisher":{"@id":"https:\/\/www.univ-guyane.fr\/#organization"},"alternateName":"UG","potentialAction":[{"@type":"SearchAction","target":{"@type":"EntryPoint","urlTemplate":"https:\/\/www.univ-guyane.fr\/?s={search_term_string}"},"query-input":{"@type":"PropertyValueSpecification","valueRequired":true,"valueName":"search_term_string"}}],"inLanguage":"pt-BR"},{"@type":"Organization","@id":"https:\/\/www.univ-guyane.fr\/#organization","name":"Universidade da Guiana","alternateName":"UG","url":"https:\/\/www.univ-guyane.fr\/","logo":{"@type":"ImageObject","inLanguage":"pt-BR","@id":"https:\/\/www.univ-guyane.fr\/#\/schema\/logo\/image\/","url":"https:\/\/www.univ-guyane.fr\/wp-content\/uploads\/2024\/05\/f.png","contentUrl":"https:\/\/www.univ-guyane.fr\/wp-content\/uploads\/2024\/05\/f.png","width":1024,"height":1024,"caption":"Universit\u00e9 de Guyane"},"image":{"@id":"https:\/\/www.univ-guyane.fr\/#\/schema\/logo\/image\/"},"sameAs":["https:\/\/www.facebook.com\/univguyane","https:\/\/x.com\/univguyane","https:\/\/gf.linkedin.com\/school\/universite-de-guyane\/","https:\/\/www.instagram.com\/univ_guyane\/"]},{"@type":"Person","@id":"https:\/\/www.univ-guyane.fr\/#\/schema\/person\/86d946a28a8be51bb096ccfdf19db179","name":"Erick Loiti\u00e8re","image":{"@type":"ImageObject","inLanguage":"pt-BR","@id":"https:\/\/secure.gravatar.com\/avatar\/0584f332103fbeaf37e52c73b15dca3c547fd9300deb05764e9ad8714839d072?s=96&d=robohash&r=g","url":"https:\/\/secure.gravatar.com\/avatar\/0584f332103fbeaf37e52c73b15dca3c547fd9300deb05764e9ad8714839d072?s=96&d=robohash&r=g","contentUrl":"https:\/\/secure.gravatar.com\/avatar\/0584f332103fbeaf37e52c73b15dca3c547fd9300deb05764e9ad8714839d072?s=96&d=robohash&r=g","caption":"Erick Loiti\u00e8re"},"sameAs":["http:\/\/www.univ-guyane.fr"],"url":"https:\/\/www.univ-guyane.fr\/pt\/author\/eloitierdbz\/"}]}},"_links":{"self":[{"href":"https:\/\/www.univ-guyane.fr\/pt\/wp-json\/wp\/v2\/posts\/14071","targetHints":{"allow":["GET"]}}],"collection":[{"href":"https:\/\/www.univ-guyane.fr\/pt\/wp-json\/wp\/v2\/posts"}],"about":[{"href":"https:\/\/www.univ-guyane.fr\/pt\/wp-json\/wp\/v2\/types\/post"}],"author":[{"embeddable":true,"href":"https:\/\/www.univ-guyane.fr\/pt\/wp-json\/wp\/v2\/users\/1"}],"replies":[{"embeddable":true,"href":"https:\/\/www.univ-guyane.fr\/pt\/wp-json\/wp\/v2\/comments?post=14071"}],"version-history":[{"count":1,"href":"https:\/\/www.univ-guyane.fr\/pt\/wp-json\/wp\/v2\/posts\/14071\/revisions"}],"predecessor-version":[{"id":14073,"href":"https:\/\/www.univ-guyane.fr\/pt\/wp-json\/wp\/v2\/posts\/14071\/revisions\/14073"}],"wp:featuredmedia":[{"embeddable":true,"href":"https:\/\/www.univ-guyane.fr\/pt\/wp-json\/wp\/v2\/media\/14072"}],"wp:attachment":[{"href":"https:\/\/www.univ-guyane.fr\/pt\/wp-json\/wp\/v2\/media?parent=14071"}],"wp:term":[{"taxonomy":"category","embeddable":true,"href":"https:\/\/www.univ-guyane.fr\/pt\/wp-json\/wp\/v2\/categories?post=14071"},{"taxonomy":"post_tag","embeddable":true,"href":"https:\/\/www.univ-guyane.fr\/pt\/wp-json\/wp\/v2\/tags?post=14071"}],"curies":[{"name":"wp","href":"https:\/\/api.w.org\/{rel}","templated":true}]}}