{"id":6676,"date":"2024-02-26T08:31:59","date_gmt":"2024-02-26T11:31:59","guid":{"rendered":"https:\/\/www.univ-guyane.fr\/?p=6676"},"modified":"2024-07-12T12:27:11","modified_gmt":"2024-07-12T15:27:11","slug":"quels-rites-pour-une-education-a-la-nature","status":"publish","type":"post","link":"https:\/\/www.univ-guyane.fr\/pt\/2024\/02\/26\/quels-rites-pour-une-education-a-la-nature\/","title":{"rendered":"Que rituais s\u00e3o necess\u00e1rios para uma educa\u00e7\u00e3o na \"natureza\"?"},"content":{"rendered":"<div id=\"fws_69f5adb6109b2\"  data-column-margin=\"default\" data-midnight=\"dark\"  class=\"wpb_row vc_row-fluid vc_row\"  style=\"padding-top: 0px; padding-bottom: 0px; \"><div class=\"row-bg-wrap\" data-bg-animation=\"none\" data-bg-animation-delay=\"\" data-bg-overlay=\"false\"><div class=\"inner-wrap row-bg-layer\" ><div class=\"row-bg viewport-desktop\"  style=\"\"><\/div><\/div><\/div><div class=\"row_col_wrap_12 col span_12 dark left\">\n\t<div  class=\"vc_col-sm-12 wpb_column column_container vc_column_container col no-extra-padding inherit_tablet inherit_phone\"  data-padding-pos=\"all\" data-has-bg-color=\"false\" data-bg-color=\"\" data-bg-opacity=\"1\" data-animation=\"\" data-delay=\"0\" >\n\t\t<div class=\"vc_column-inner\" >\n\t\t\t<div class=\"wpb_wrapper\">\n\t\t\t\t\n<div class=\"wpb_text_column wpb_content_element  chapo\" >\n\t<h2>A Unidade de Pesquisa do MINEA, o CTG e o CACL t\u00eam o prazer de inform\u00e1-lo sobre uma nova s\u00e9rie de confer\u00eancias, que nos dar\u00e1 a oportunidade de nos reunirmos uma vez por m\u00eas, \u00e0s quintas-feiras, \u00e0s 18h30min.<\/h2>\n<\/div>\n\n\n\n\n<div class=\"wpb_text_column wpb_content_element\" >\n\t<p><span class=\"nectar-dropcap\" style=\" color: #17274f;\">J <\/span>esde agora at\u00e9 dezembro de 2025, pesquisadores do MINEA e de outros laborat\u00f3rios na Fran\u00e7a e em outros pa\u00edses estar\u00e3o explorando o tema dos ritos de passagem para a vida adulta, ou ritos sociais da puberdade (Van Gennep; Goguel d'Allondans; Lachance). Eles analisar\u00e3o a maneira como a natureza \u00e9 usada nesses ritos, por meio dos quais muitos povos ajudam os jovens a cruzar o limiar da inf\u00e2ncia. Em uma \u00e9poca em que estamos perdendo o contato com a natureza e as quest\u00f5es ambientais est\u00e3o se tornando cada vez mais urgentes, veremos que o conhecimento natural transmitido durante esses ritos ajuda a \"inserir\" as pessoas na vida. Tamb\u00e9m tentaremos entender como esses ritos incentivaram (encorajaram?) a emancipa\u00e7\u00e3o dos jovens e contribu\u00edram para sua integra\u00e7\u00e3o social. Duas coisas que podem parecer contradit\u00f3rias hoje...<\/p>\n<div id=\"lipsum\">\n<p>Essas confer\u00eancias ser\u00e3o uma oportunidade para analisar a maneira como estamos \"conectados\", tanto com a natureza quanto com os jovens, aos quais \u00e0s vezes deixamos de oferecer perspectivas de emancipa\u00e7\u00e3o. Ser\u00e1 que certos comportamentos antissociais, no sentido de Winnicott, n\u00e3o t\u00eam como objetivo encontrar as sa\u00eddas que os adultos n\u00e3o oferecem aos jovens?<\/p>\n<p>Para questionar o que est\u00e1 impedindo a emancipa\u00e7\u00e3o de uma parcela da juventude contempor\u00e2nea, refletiremos juntos sobre o que pode, ou poderia, facilit\u00e1-la. Esses debates se destinam a todos os interessados em jovens e profissionais que trabalham no cuidado e no apoio a crian\u00e7as e adolescentes.<\/p>\n<\/div>\n<p>Com nossos parceiros do CTG e da CACL, que tornaram esse projeto poss\u00edvel, esperamos receb\u00ea-los na Universit\u00e9 de Guyane para essas confer\u00eancias, que s\u00e3o gratuitas e abertas a todos, at\u00e9 mesmo aos mais jovens!<\/p>\n<h3>Amn\u00e9sia sociocultural sobre a natureza: que rituais para uma educa\u00e7\u00e3o na \"natureza\"? Palestra de Mara SIERRA-JIMENEZ<\/h3>\n<p>H\u00e1 v\u00e1rios anos, os relat\u00f3rios internacionais da IPBES (Plataforma Intergovernamental sobre Biodiversidade e Servi\u00e7os Ecossist\u00eamicos) v\u00eam denunciando os perigos associados \u00e0 extin\u00e7\u00e3o da biodiversidade, al\u00e9m de dois fen\u00f4menos sociais que levantam quest\u00f5es sobre a transforma\u00e7\u00e3o da rela\u00e7\u00e3o entre o homem e a natureza: Por um lado, a amn\u00e9sia ambiental, na medida em que cada gera\u00e7\u00e3o toma o estado degradado do meio ambiente ao seu redor como uma experi\u00eancia normal; por outro lado, a extin\u00e7\u00e3o das experi\u00eancias de encontros com a natureza, vividas de v\u00e1rias maneiras diferentes - por meio do conhecimento, das emo\u00e7\u00f5es, das sensa\u00e7\u00f5es corporais etc. - e a perda de um senso de identidade.<\/p>\n<p>Em nossa opini\u00e3o, embora importantes, a amn\u00e9sia ambiental e a extin\u00e7\u00e3o das experi\u00eancias da natureza escondem outro grande problema, o da amn\u00e9sia sociocultural da natureza, entendida aqui como o fen\u00f4meno do desaparecimento gradual das formas de se relacionar com a natureza por meio da perda de conhecimentos e rela\u00e7\u00f5es socioculturais na educa\u00e7\u00e3o sobre os seres vivos (Sierra-Jimenez, 2024). No decorrer de nossa confer\u00eancia, discutiremos o lugar que o rito de passagem ocupa ou pode ocupar na educa\u00e7\u00e3o para a natureza, ou melhor, na educa\u00e7\u00e3o biocultural para a natureza, a fim de combater essa \"perda\" dos marcadores simb\u00f3licos que ligam os seres humanos a outros elementos naturais.<\/p>\n<p>O rito de passagem pode ser visto como um processo educacional que permite n\u00e3o apenas a transmiss\u00e3o de conhecimentos e habilidades socioculturais (mitos, idiomas locais, pr\u00e1ticas, artesanato, dan\u00e7a etc.), mas tamb\u00e9m o aprendizado de um modo de relacionamento afetivo e emocional com os componentes naturais. A natureza ocupa um lugar central na materializa\u00e7\u00e3o do rito de passagem. Ela pode ser o centro, o cen\u00e1rio, o guia, o caminho, o confidente, o protetor ou o gatilho para uma mudan\u00e7a de status ou de participa\u00e7\u00e3o em um grupo social. Nesse sentido, o rito de passagem, como uma experi\u00eancia emocional e transformadora, parece-nos inteiramente relevante para ser questionado como uma pr\u00e1tica educacional que ajuda jovens e adultos a construir sua identidade e cultura.<\/p>\n<\/div>\n\n\n\n\n<div class=\"wpb_text_column wpb_content_element  vc_custom_1716119783790\" >\n\t<h3>Sobre Mara SIERRA-JIMENEZ<\/h3>\n<div class=\"page\" title=\"P\u00e1gina 1\">\n<div class=\"layoutArea\">\n<div class=\"column\">\n<p>Mara Sierra-Jimenez tem doutorado em geografia cultural. Sua pesquisa se concentra especialmente nas formas como os seres humanos se relacionam com a natureza e, mais especificamente, nas rela\u00e7\u00f5es sens\u00edveis e experienciais em pr\u00e1ticas educacionais que envolvem seres vivos. Ela est\u00e1 desenvolvendo uma metodologia centrada em abordagens cartogr\u00e1ficas sens\u00edveis e experienciais, bem como na an\u00e1lise de relatos de experi\u00eancias vividas na e com a natureza. Participou do projeto europeu REGREEN sobre educa\u00e7\u00e3o para a natureza na Fran\u00e7a, Cro\u00e1cia e Dinamarca, e atualmente trabalha como pesquisadora de p\u00f3s-doutorado no INRAE\/Universidade de Bordeaux como parte do projeto \"Tackling Global Change\". Recentemente, ela contribuiu para o livro l'\u00e9cole face au d\u00e9fi \u00e9cologique (ESF Sciences humaines, cahiers p\u00e9dagogiques, a ser lan\u00e7ado) com : \"Mais on ne peut pas avoir un relation avec une arbre\" e \"Art et sciences participatives \u00e0 l'\u00e9cole\".<\/p>\n<ul>\n<li><em>SIERRA-JIMENEZ, M.,(2020). \"Dessiner sa Guyane : les cartes mentales de jeunes du littoral\". in: Atlas critique de la Guyane ; Chapitre 11 : Imaginer la Guyane par les cartes. Matthieu Noucher, Laurent Polidori (eds.), CNRS \u00c9ditions, Paris 2020, ISBN 978-2-271-13213-0<\/em><\/li>\n<li><em>SIERRA-JIMENEZ, M., \"Amn\u00e9sie socio-culturelle de la nature et Rites de passage contemporains\", em: Chapellon S., &amp; Lachance, J. Devenir adulte au contact de la nature. Rites d'initiation d'hier et d'aujourd'hui en Guyane et ailleurs, Presses Universit\u00e9 Laval (no prelo).<\/em><\/li>\n<li><em>DESHAYES T., et al. Analyse narrative de \" r\u00e9cits de nature \" de jeunes Parisiennes et Fr\u00e9jusiennes : approche sociolinguistique des exp\u00e9riences de nature \". Revue Langage et Soci\u00e9t\u00e9, no prelo<\/em><\/li>\n<\/ul>\n<\/div>\n<\/div>\n<\/div>\n<\/div>\n\n\n\n\n\t\t\t<\/div> \n\t\t<\/div>\n\t<\/div> \n<\/div><\/div>","protected":false},"excerpt":{"rendered":"A Unidade de Pesquisa do MINEA, o CTG e a CACL t\u00eam o prazer de inform\u00e1-lo sobre...","protected":false},"author":1,"featured_media":6678,"comment_status":"closed","ping_status":"open","sticky":false,"template":"","format":"standard","meta":{"iawp_total_views":149,"footnotes":""},"categories":[175,187],"tags":[190,174,189,177,191],"class_list":{"0":"post-6676","1":"post","2":"type-post","3":"status-publish","4":"format-standard","5":"has-post-thumbnail","7":"category-laboratoires","8":"category-minea","9":"tag-cacl","10":"tag-conference","11":"tag-ctg","12":"tag-laboratoires","13":"tag-minea"},"yoast_head":"<!-- This site is optimized with the Yoast SEO plugin v27.5 - https:\/\/yoast.com\/product\/yoast-seo-wordpress\/ -->\n<title>Quels rites pour une \u00e9ducation \u00e0 la \u00ab nature \u00bb ? &#8212; Universit\u00e9 de Guyane<\/title>\n<meta name=\"description\" content=\"L\u2019Unit\u00e9 de Recherche MINEA, la CTG et la CACL, sont heureux de vous informer de la tenue d\u2019un nouveau cycle conf\u00e9rences, qui nous offrira l\u2019occasion de nous retrouver au rythme d\u2019une conf\u00e9rence par mois, les jeudis, \u00e0 18 H 30.\" \/>\n<meta name=\"robots\" content=\"index, follow, max-snippet:-1, max-image-preview:large, max-video-preview:-1\" \/>\n<link rel=\"canonical\" href=\"https:\/\/www.univ-guyane.fr\/pt\/2024\/02\/26\/quels-rites-pour-une-education-a-la-nature\/\" \/>\n<meta property=\"og:locale\" content=\"pt_BR\" \/>\n<meta property=\"og:type\" content=\"article\" \/>\n<meta property=\"og:title\" content=\"Quels rites pour une \u00e9ducation \u00e0 la \u00ab nature \u00bb ? &#8212; Universit\u00e9 de Guyane\" \/>\n<meta property=\"og:description\" content=\"L\u2019Unit\u00e9 de Recherche MINEA, la CTG et la CACL, sont heureux de vous informer de la tenue d\u2019un nouveau cycle conf\u00e9rences, qui nous offrira l\u2019occasion de nous retrouver au rythme d\u2019une conf\u00e9rence par mois, les jeudis, \u00e0 18 H 30.\" \/>\n<meta property=\"og:url\" content=\"https:\/\/www.univ-guyane.fr\/pt\/2024\/02\/26\/quels-rites-pour-une-education-a-la-nature\/\" \/>\n<meta property=\"og:site_name\" content=\"Universit\u00e9 de Guyane\" \/>\n<meta property=\"article:publisher\" content=\"https:\/\/www.facebook.com\/univguyane\" \/>\n<meta property=\"article:published_time\" content=\"2024-02-26T11:31:59+00:00\" \/>\n<meta property=\"article:modified_time\" content=\"2024-07-12T15:27:11+00:00\" \/>\n<meta property=\"og:image\" content=\"https:\/\/www.univ-guyane.fr\/wp-content\/uploads\/quels-rites-pour-une-education-a-la-nature-universite-de-guyane.jpg\" \/>\n\t<meta property=\"og:image:width\" content=\"1920\" \/>\n\t<meta property=\"og:image:height\" content=\"1080\" \/>\n\t<meta property=\"og:image:type\" content=\"image\/jpeg\" \/>\n<meta name=\"author\" content=\"Erick Loiti\u00e8re\" \/>\n<meta name=\"twitter:card\" content=\"summary_large_image\" \/>\n<meta name=\"twitter:creator\" content=\"@univguyane\" \/>\n<meta name=\"twitter:site\" content=\"@univguyane\" \/>\n<meta name=\"twitter:label1\" content=\"Escrito por\" \/>\n\t<meta name=\"twitter:data1\" content=\"Erick Loiti\u00e8re\" \/>\n\t<meta name=\"twitter:label2\" content=\"Est. tempo de leitura\" \/>\n\t<meta name=\"twitter:data2\" content=\"6 minutos\" \/>\n<script type=\"application\/ld+json\" class=\"yoast-schema-graph\">{\"@context\":\"https:\\\/\\\/schema.org\",\"@graph\":[{\"@type\":\"Article\",\"@id\":\"https:\\\/\\\/www.univ-guyane.fr\\\/2024\\\/02\\\/26\\\/quels-rites-pour-une-education-a-la-nature\\\/#article\",\"isPartOf\":{\"@id\":\"https:\\\/\\\/www.univ-guyane.fr\\\/2024\\\/02\\\/26\\\/quels-rites-pour-une-education-a-la-nature\\\/\"},\"author\":{\"name\":\"Erick Loiti\u00e8re\",\"@id\":\"https:\\\/\\\/www.univ-guyane.fr\\\/#\\\/schema\\\/person\\\/86d946a28a8be51bb096ccfdf19db179\"},\"headline\":\"Quels rites pour une \u00e9ducation \u00e0 la \u00ab nature \u00bb ?\",\"datePublished\":\"2024-02-26T11:31:59+00:00\",\"dateModified\":\"2024-07-12T15:27:11+00:00\",\"mainEntityOfPage\":{\"@id\":\"https:\\\/\\\/www.univ-guyane.fr\\\/2024\\\/02\\\/26\\\/quels-rites-pour-une-education-a-la-nature\\\/\"},\"wordCount\":1234,\"publisher\":{\"@id\":\"https:\\\/\\\/www.univ-guyane.fr\\\/#organization\"},\"image\":{\"@id\":\"https:\\\/\\\/www.univ-guyane.fr\\\/2024\\\/02\\\/26\\\/quels-rites-pour-une-education-a-la-nature\\\/#primaryimage\"},\"thumbnailUrl\":\"https:\\\/\\\/www.univ-guyane.fr\\\/wp-content\\\/uploads\\\/quels-rites-pour-une-education-a-la-nature-universite-de-guyane.jpg\",\"keywords\":[\"CACL\",\"Conf\u00e9rence\",\"CTG\",\"Laboratoires\",\"MINEA\"],\"articleSection\":[\"\u2022\u00a0Laboratoires\",\"\u2022\u00a0MINEA\"],\"inLanguage\":\"pt-BR\"},{\"@type\":\"WebPage\",\"@id\":\"https:\\\/\\\/www.univ-guyane.fr\\\/2024\\\/02\\\/26\\\/quels-rites-pour-une-education-a-la-nature\\\/\",\"url\":\"https:\\\/\\\/www.univ-guyane.fr\\\/2024\\\/02\\\/26\\\/quels-rites-pour-une-education-a-la-nature\\\/\",\"name\":\"Quels rites pour une \u00e9ducation \u00e0 la \u00ab nature \u00bb ? &#8212; Universit\u00e9 de Guyane\",\"isPartOf\":{\"@id\":\"https:\\\/\\\/www.univ-guyane.fr\\\/#website\"},\"primaryImageOfPage\":{\"@id\":\"https:\\\/\\\/www.univ-guyane.fr\\\/2024\\\/02\\\/26\\\/quels-rites-pour-une-education-a-la-nature\\\/#primaryimage\"},\"image\":{\"@id\":\"https:\\\/\\\/www.univ-guyane.fr\\\/2024\\\/02\\\/26\\\/quels-rites-pour-une-education-a-la-nature\\\/#primaryimage\"},\"thumbnailUrl\":\"https:\\\/\\\/www.univ-guyane.fr\\\/wp-content\\\/uploads\\\/quels-rites-pour-une-education-a-la-nature-universite-de-guyane.jpg\",\"datePublished\":\"2024-02-26T11:31:59+00:00\",\"dateModified\":\"2024-07-12T15:27:11+00:00\",\"description\":\"L\u2019Unit\u00e9 de Recherche MINEA, la CTG et la CACL, sont heureux de vous informer de la tenue d\u2019un nouveau cycle conf\u00e9rences, qui nous offrira l\u2019occasion de nous retrouver au rythme d\u2019une conf\u00e9rence par mois, les jeudis, \u00e0 18 H 30.\",\"breadcrumb\":{\"@id\":\"https:\\\/\\\/www.univ-guyane.fr\\\/2024\\\/02\\\/26\\\/quels-rites-pour-une-education-a-la-nature\\\/#breadcrumb\"},\"inLanguage\":\"pt-BR\",\"potentialAction\":[{\"@type\":\"ReadAction\",\"target\":[\"https:\\\/\\\/www.univ-guyane.fr\\\/2024\\\/02\\\/26\\\/quels-rites-pour-une-education-a-la-nature\\\/\"]}]},{\"@type\":\"ImageObject\",\"inLanguage\":\"pt-BR\",\"@id\":\"https:\\\/\\\/www.univ-guyane.fr\\\/2024\\\/02\\\/26\\\/quels-rites-pour-une-education-a-la-nature\\\/#primaryimage\",\"url\":\"https:\\\/\\\/www.univ-guyane.fr\\\/wp-content\\\/uploads\\\/quels-rites-pour-une-education-a-la-nature-universite-de-guyane.jpg\",\"contentUrl\":\"https:\\\/\\\/www.univ-guyane.fr\\\/wp-content\\\/uploads\\\/quels-rites-pour-une-education-a-la-nature-universite-de-guyane.jpg\",\"width\":1920,\"height\":1080,\"caption\":\"Quels rites pour une \u00e9ducation \u00e0 la \u00ab nature \u00bb ?\"},{\"@type\":\"BreadcrumbList\",\"@id\":\"https:\\\/\\\/www.univ-guyane.fr\\\/2024\\\/02\\\/26\\\/quels-rites-pour-une-education-a-la-nature\\\/#breadcrumb\",\"itemListElement\":[{\"@type\":\"ListItem\",\"position\":1,\"name\":\"Accueil\",\"item\":\"https:\\\/\\\/www.univ-guyane.fr\\\/\"},{\"@type\":\"ListItem\",\"position\":2,\"name\":\"Quels rites pour une \u00e9ducation \u00e0 la \u00ab nature \u00bb ?\"}]},{\"@type\":\"WebSite\",\"@id\":\"https:\\\/\\\/www.univ-guyane.fr\\\/#website\",\"url\":\"https:\\\/\\\/www.univ-guyane.fr\\\/\",\"name\":\"Universit\u00e9 de Guyane\",\"description\":\"Au c\u0153ur de l&#039;amazonie\",\"publisher\":{\"@id\":\"https:\\\/\\\/www.univ-guyane.fr\\\/#organization\"},\"alternateName\":\"UG\",\"potentialAction\":[{\"@type\":\"SearchAction\",\"target\":{\"@type\":\"EntryPoint\",\"urlTemplate\":\"https:\\\/\\\/www.univ-guyane.fr\\\/?s={search_term_string}\"},\"query-input\":{\"@type\":\"PropertyValueSpecification\",\"valueRequired\":true,\"valueName\":\"search_term_string\"}}],\"inLanguage\":\"pt-BR\"},{\"@type\":\"Organization\",\"@id\":\"https:\\\/\\\/www.univ-guyane.fr\\\/#organization\",\"name\":\"Universit\u00e9 de Guyane\",\"alternateName\":\"UG\",\"url\":\"https:\\\/\\\/www.univ-guyane.fr\\\/\",\"logo\":{\"@type\":\"ImageObject\",\"inLanguage\":\"pt-BR\",\"@id\":\"https:\\\/\\\/www.univ-guyane.fr\\\/#\\\/schema\\\/logo\\\/image\\\/\",\"url\":\"https:\\\/\\\/www.univ-guyane.fr\\\/wp-content\\\/uploads\\\/2024\\\/05\\\/f.png\",\"contentUrl\":\"https:\\\/\\\/www.univ-guyane.fr\\\/wp-content\\\/uploads\\\/2024\\\/05\\\/f.png\",\"width\":1024,\"height\":1024,\"caption\":\"Universit\u00e9 de Guyane\"},\"image\":{\"@id\":\"https:\\\/\\\/www.univ-guyane.fr\\\/#\\\/schema\\\/logo\\\/image\\\/\"},\"sameAs\":[\"https:\\\/\\\/www.facebook.com\\\/univguyane\",\"https:\\\/\\\/x.com\\\/univguyane\",\"https:\\\/\\\/gf.linkedin.com\\\/school\\\/universite-de-guyane\\\/\",\"https:\\\/\\\/www.instagram.com\\\/univ_guyane\\\/\"]},{\"@type\":\"Person\",\"@id\":\"https:\\\/\\\/www.univ-guyane.fr\\\/#\\\/schema\\\/person\\\/86d946a28a8be51bb096ccfdf19db179\",\"name\":\"Erick Loiti\u00e8re\",\"image\":{\"@type\":\"ImageObject\",\"inLanguage\":\"pt-BR\",\"@id\":\"https:\\\/\\\/secure.gravatar.com\\\/avatar\\\/0584f332103fbeaf37e52c73b15dca3c547fd9300deb05764e9ad8714839d072?s=96&d=robohash&r=g\",\"url\":\"https:\\\/\\\/secure.gravatar.com\\\/avatar\\\/0584f332103fbeaf37e52c73b15dca3c547fd9300deb05764e9ad8714839d072?s=96&d=robohash&r=g\",\"contentUrl\":\"https:\\\/\\\/secure.gravatar.com\\\/avatar\\\/0584f332103fbeaf37e52c73b15dca3c547fd9300deb05764e9ad8714839d072?s=96&d=robohash&r=g\",\"caption\":\"Erick Loiti\u00e8re\"},\"sameAs\":[\"http:\\\/\\\/www.univ-guyane.fr\"],\"url\":\"https:\\\/\\\/www.univ-guyane.fr\\\/pt\\\/author\\\/eloitierdbz\\\/\"}]}<\/script>\n<!-- \/ Yoast SEO plugin. -->","yoast_head_json":{"title":"Quels rites pour une \u00e9ducation \u00e0 la \u00ab nature \u00bb ? &#8212; Universit\u00e9 de Guyane","description":"A Unidade de Pesquisa do MINEA, o CTG e o CACL t\u00eam o prazer de inform\u00e1-lo sobre uma nova s\u00e9rie de confer\u00eancias, que nos dar\u00e1 a oportunidade de nos reunirmos uma vez por m\u00eas, \u00e0s quintas-feiras, \u00e0s 18h30min.","robots":{"index":"index","follow":"follow","max-snippet":"max-snippet:-1","max-image-preview":"max-image-preview:large","max-video-preview":"max-video-preview:-1"},"canonical":"https:\/\/www.univ-guyane.fr\/pt\/2024\/02\/26\/quels-rites-pour-une-education-a-la-nature\/","og_locale":"pt_BR","og_type":"article","og_title":"Quels rites pour une \u00e9ducation \u00e0 la \u00ab nature \u00bb ? &#8212; Universit\u00e9 de Guyane","og_description":"L\u2019Unit\u00e9 de Recherche MINEA, la CTG et la CACL, sont heureux de vous informer de la tenue d\u2019un nouveau cycle conf\u00e9rences, qui nous offrira l\u2019occasion de nous retrouver au rythme d\u2019une conf\u00e9rence par mois, les jeudis, \u00e0 18 H 30.","og_url":"https:\/\/www.univ-guyane.fr\/pt\/2024\/02\/26\/quels-rites-pour-une-education-a-la-nature\/","og_site_name":"Universit\u00e9 de Guyane","article_publisher":"https:\/\/www.facebook.com\/univguyane","article_published_time":"2024-02-26T11:31:59+00:00","article_modified_time":"2024-07-12T15:27:11+00:00","og_image":[{"width":1920,"height":1080,"url":"https:\/\/www.univ-guyane.fr\/wp-content\/uploads\/quels-rites-pour-une-education-a-la-nature-universite-de-guyane.jpg","type":"image\/jpeg"}],"author":"Erick Loiti\u00e8re","twitter_card":"summary_large_image","twitter_creator":"@univguyane","twitter_site":"@univguyane","twitter_misc":{"Escrito por":"Erick Loiti\u00e8re","Est. tempo de leitura":"6 minutos"},"schema":{"@context":"https:\/\/schema.org","@graph":[{"@type":"Article","@id":"https:\/\/www.univ-guyane.fr\/2024\/02\/26\/quels-rites-pour-une-education-a-la-nature\/#article","isPartOf":{"@id":"https:\/\/www.univ-guyane.fr\/2024\/02\/26\/quels-rites-pour-une-education-a-la-nature\/"},"author":{"name":"Erick Loiti\u00e8re","@id":"https:\/\/www.univ-guyane.fr\/#\/schema\/person\/86d946a28a8be51bb096ccfdf19db179"},"headline":"Quels rites pour une \u00e9ducation \u00e0 la \u00ab nature \u00bb ?","datePublished":"2024-02-26T11:31:59+00:00","dateModified":"2024-07-12T15:27:11+00:00","mainEntityOfPage":{"@id":"https:\/\/www.univ-guyane.fr\/2024\/02\/26\/quels-rites-pour-une-education-a-la-nature\/"},"wordCount":1234,"publisher":{"@id":"https:\/\/www.univ-guyane.fr\/#organization"},"image":{"@id":"https:\/\/www.univ-guyane.fr\/2024\/02\/26\/quels-rites-pour-une-education-a-la-nature\/#primaryimage"},"thumbnailUrl":"https:\/\/www.univ-guyane.fr\/wp-content\/uploads\/quels-rites-pour-une-education-a-la-nature-universite-de-guyane.jpg","keywords":["CACL","Conf\u00e9rence","CTG","Laboratoires","MINEA"],"articleSection":["\u2022\u00a0Laboratoires","\u2022\u00a0MINEA"],"inLanguage":"pt-BR"},{"@type":"WebPage","@id":"https:\/\/www.univ-guyane.fr\/2024\/02\/26\/quels-rites-pour-une-education-a-la-nature\/","url":"https:\/\/www.univ-guyane.fr\/2024\/02\/26\/quels-rites-pour-une-education-a-la-nature\/","name":"Quels rites pour une \u00e9ducation \u00e0 la \u00ab nature \u00bb ? &#8212; Universit\u00e9 de Guyane","isPartOf":{"@id":"https:\/\/www.univ-guyane.fr\/#website"},"primaryImageOfPage":{"@id":"https:\/\/www.univ-guyane.fr\/2024\/02\/26\/quels-rites-pour-une-education-a-la-nature\/#primaryimage"},"image":{"@id":"https:\/\/www.univ-guyane.fr\/2024\/02\/26\/quels-rites-pour-une-education-a-la-nature\/#primaryimage"},"thumbnailUrl":"https:\/\/www.univ-guyane.fr\/wp-content\/uploads\/quels-rites-pour-une-education-a-la-nature-universite-de-guyane.jpg","datePublished":"2024-02-26T11:31:59+00:00","dateModified":"2024-07-12T15:27:11+00:00","description":"A Unidade de Pesquisa do MINEA, o CTG e o CACL t\u00eam o prazer de inform\u00e1-lo sobre uma nova s\u00e9rie de confer\u00eancias, que nos dar\u00e1 a oportunidade de nos reunirmos uma vez por m\u00eas, \u00e0s quintas-feiras, \u00e0s 18h30min.","breadcrumb":{"@id":"https:\/\/www.univ-guyane.fr\/2024\/02\/26\/quels-rites-pour-une-education-a-la-nature\/#breadcrumb"},"inLanguage":"pt-BR","potentialAction":[{"@type":"ReadAction","target":["https:\/\/www.univ-guyane.fr\/2024\/02\/26\/quels-rites-pour-une-education-a-la-nature\/"]}]},{"@type":"ImageObject","inLanguage":"pt-BR","@id":"https:\/\/www.univ-guyane.fr\/2024\/02\/26\/quels-rites-pour-une-education-a-la-nature\/#primaryimage","url":"https:\/\/www.univ-guyane.fr\/wp-content\/uploads\/quels-rites-pour-une-education-a-la-nature-universite-de-guyane.jpg","contentUrl":"https:\/\/www.univ-guyane.fr\/wp-content\/uploads\/quels-rites-pour-une-education-a-la-nature-universite-de-guyane.jpg","width":1920,"height":1080,"caption":"Quels rites pour une \u00e9ducation \u00e0 la \u00ab nature \u00bb ?"},{"@type":"BreadcrumbList","@id":"https:\/\/www.univ-guyane.fr\/2024\/02\/26\/quels-rites-pour-une-education-a-la-nature\/#breadcrumb","itemListElement":[{"@type":"ListItem","position":1,"name":"Accueil","item":"https:\/\/www.univ-guyane.fr\/"},{"@type":"ListItem","position":2,"name":"Quels rites pour une \u00e9ducation \u00e0 la \u00ab nature \u00bb ?"}]},{"@type":"WebSite","@id":"https:\/\/www.univ-guyane.fr\/#website","url":"https:\/\/www.univ-guyane.fr\/","name":"Universidade da Guiana","description":"No cora\u00e7\u00e3o da Amaz\u00f4nia","publisher":{"@id":"https:\/\/www.univ-guyane.fr\/#organization"},"alternateName":"UG","potentialAction":[{"@type":"SearchAction","target":{"@type":"EntryPoint","urlTemplate":"https:\/\/www.univ-guyane.fr\/?s={search_term_string}"},"query-input":{"@type":"PropertyValueSpecification","valueRequired":true,"valueName":"search_term_string"}}],"inLanguage":"pt-BR"},{"@type":"Organization","@id":"https:\/\/www.univ-guyane.fr\/#organization","name":"Universidade da Guiana","alternateName":"UG","url":"https:\/\/www.univ-guyane.fr\/","logo":{"@type":"ImageObject","inLanguage":"pt-BR","@id":"https:\/\/www.univ-guyane.fr\/#\/schema\/logo\/image\/","url":"https:\/\/www.univ-guyane.fr\/wp-content\/uploads\/2024\/05\/f.png","contentUrl":"https:\/\/www.univ-guyane.fr\/wp-content\/uploads\/2024\/05\/f.png","width":1024,"height":1024,"caption":"Universit\u00e9 de Guyane"},"image":{"@id":"https:\/\/www.univ-guyane.fr\/#\/schema\/logo\/image\/"},"sameAs":["https:\/\/www.facebook.com\/univguyane","https:\/\/x.com\/univguyane","https:\/\/gf.linkedin.com\/school\/universite-de-guyane\/","https:\/\/www.instagram.com\/univ_guyane\/"]},{"@type":"Person","@id":"https:\/\/www.univ-guyane.fr\/#\/schema\/person\/86d946a28a8be51bb096ccfdf19db179","name":"Erick Loiti\u00e8re","image":{"@type":"ImageObject","inLanguage":"pt-BR","@id":"https:\/\/secure.gravatar.com\/avatar\/0584f332103fbeaf37e52c73b15dca3c547fd9300deb05764e9ad8714839d072?s=96&d=robohash&r=g","url":"https:\/\/secure.gravatar.com\/avatar\/0584f332103fbeaf37e52c73b15dca3c547fd9300deb05764e9ad8714839d072?s=96&d=robohash&r=g","contentUrl":"https:\/\/secure.gravatar.com\/avatar\/0584f332103fbeaf37e52c73b15dca3c547fd9300deb05764e9ad8714839d072?s=96&d=robohash&r=g","caption":"Erick Loiti\u00e8re"},"sameAs":["http:\/\/www.univ-guyane.fr"],"url":"https:\/\/www.univ-guyane.fr\/pt\/author\/eloitierdbz\/"}]}},"_links":{"self":[{"href":"https:\/\/www.univ-guyane.fr\/pt\/wp-json\/wp\/v2\/posts\/6676","targetHints":{"allow":["GET"]}}],"collection":[{"href":"https:\/\/www.univ-guyane.fr\/pt\/wp-json\/wp\/v2\/posts"}],"about":[{"href":"https:\/\/www.univ-guyane.fr\/pt\/wp-json\/wp\/v2\/types\/post"}],"author":[{"embeddable":true,"href":"https:\/\/www.univ-guyane.fr\/pt\/wp-json\/wp\/v2\/users\/1"}],"replies":[{"embeddable":true,"href":"https:\/\/www.univ-guyane.fr\/pt\/wp-json\/wp\/v2\/comments?post=6676"}],"version-history":[{"count":12,"href":"https:\/\/www.univ-guyane.fr\/pt\/wp-json\/wp\/v2\/posts\/6676\/revisions"}],"predecessor-version":[{"id":9966,"href":"https:\/\/www.univ-guyane.fr\/pt\/wp-json\/wp\/v2\/posts\/6676\/revisions\/9966"}],"wp:featuredmedia":[{"embeddable":true,"href":"https:\/\/www.univ-guyane.fr\/pt\/wp-json\/wp\/v2\/media\/6678"}],"wp:attachment":[{"href":"https:\/\/www.univ-guyane.fr\/pt\/wp-json\/wp\/v2\/media?parent=6676"}],"wp:term":[{"taxonomy":"category","embeddable":true,"href":"https:\/\/www.univ-guyane.fr\/pt\/wp-json\/wp\/v2\/categories?post=6676"},{"taxonomy":"post_tag","embeddable":true,"href":"https:\/\/www.univ-guyane.fr\/pt\/wp-json\/wp\/v2\/tags?post=6676"}],"curies":[{"name":"wp","href":"https:\/\/api.w.org\/{rel}","templated":true}]}}