{"id":8312,"date":"2024-02-05T09:48:51","date_gmt":"2024-02-05T12:48:51","guid":{"rendered":"https:\/\/www.univ-guyane.fr\/?p=8312"},"modified":"2024-07-12T13:08:10","modified_gmt":"2024-07-12T16:08:10","slug":"conferences-sur-la-biologie-marine-par-joao-pedro-barreiros","status":"publish","type":"post","link":"https:\/\/www.univ-guyane.fr\/pt\/2024\/02\/05\/conferences-sur-la-biologie-marine-par-joao-pedro-barreiros\/","title":{"rendered":"Palestras sobre biologia marinha de Jo\u00e3o Pedro Barreiros"},"content":{"rendered":"<div id=\"fws_69f4c41a68938\"  data-column-margin=\"default\" data-midnight=\"dark\"  class=\"wpb_row vc_row-fluid vc_row\"  style=\"padding-top: 0px; padding-bottom: 0px; \"><div class=\"row-bg-wrap\" data-bg-animation=\"none\" data-bg-animation-delay=\"\" data-bg-overlay=\"false\"><div class=\"inner-wrap row-bg-layer\" ><div class=\"row-bg viewport-desktop\"  style=\"\"><\/div><\/div><\/div><div class=\"row_col_wrap_12 col span_12 dark left\">\n\t<div  class=\"vc_col-sm-12 wpb_column column_container vc_column_container col no-extra-padding inherit_tablet inherit_phone\"  data-padding-pos=\"all\" data-has-bg-color=\"false\" data-bg-color=\"\" data-bg-opacity=\"1\" data-animation=\"\" data-delay=\"0\" >\n\t\t<div class=\"vc_column-inner\" >\n\t\t\t<div class=\"wpb_wrapper\">\n\t\t\t\t\n<div class=\"wpb_text_column wpb_content_element  chapo\" >\n\t<h2>O Departamento de Treinamento e Pesquisa (DFR) de Ci\u00eancia e Tecnologia est\u00e1 organizando duas palestras exclusivas do Professor Jo\u00e3o Pedro Barreiros, Professor Associado da Universidade dos A\u00e7ores (Portugal) e reconhecido especialista em biologia marinha. As palestras aprimorar\u00e3o o conhecimento do p\u00fablico sobre a vida marinha, explorando dois temas fascinantes: a biologia marinha e a evolu\u00e7\u00e3o dos peixes.<\/h2>\n<\/div>\n\n\n\n\n<div class=\"wpb_text_column wpb_content_element\" >\n\t<h3>Evolu\u00e7\u00e3o e adapta\u00e7\u00e3o dos peixes aos habitats marinhos<\/h3>\n<h4><em>Data e hor\u00e1rio: ter\u00e7a-feira, 6 de fevereiro, das 13h \u00e0s 13h55<\/em><br \/>\n<em>Local: Amphi C<\/em><\/h4>\n<p>Os peixes evolu\u00edram de antigos cordados - provavelmente semelhantes aos atuais cefalocordados - durante a explos\u00e3o de vida do Cambriano, por volta de 530 milh\u00f5es de anos a.C. Embora um grande n\u00famero de t\u00e1xons esteja extinto e at\u00e9 mesmo a palavra \"peixe\" seja um termo artificial n\u00e3o zool\u00f3gico, ainda temos esp\u00e9cies atuais dos principais ramos da filogenia dos peixes: dos Agnathans aos Chondrichthyes, dos Coelacanths aos Actinopterygians, e assim por diante. Os peixes se adaptaram a todos os ambientes aqu\u00e1ticos e formam o grupo mais diversificado de vertebrados (Craniata), encontrados em todo o mundo, desde as profundezas do oceano at\u00e9 rios, lagos e at\u00e9 mesmo fontes hidrotermais, tanto no interior quanto em cristas tect\u00f4nicas no fundo do oceano. Algumas esp\u00e9cies desenvolveram pulm\u00f5es e outras at\u00e9 evitam a \u00e1gua na maior parte do tempo. Nesta apresenta\u00e7\u00e3o, o palestrante o levar\u00e1 a uma \"viagem\" no tempo e mostrar\u00e1 como os peixes evolu\u00edram e se adaptaram, o que acabou dando um caminho evolutivo para anf\u00edbios, r\u00e9pteis e, \u00e9 claro, mam\u00edferos e n\u00f3s mesmos.<\/p>\n<h3>Elasmobr\u00e2nquios do Atl\u00e2ntico Nordeste - esp\u00e9cies dos A\u00e7ores como um estudo de caso<\/h3>\n<h4><em>Data e hor\u00e1rio: quarta-feira, 7 de fevereiro, das 13h \u00e0s 13h55<\/em><br \/>\n<em>Local: Amphi C<\/em><\/h4>\n<p>Os A\u00e7ores, o arquip\u00e9lago mais setentrional da Macaron\u00e9sia, s\u00e3o dominados por \u00e1guas profundas em sua vasta Zona Econ\u00f4mica Exclusiva. Os elasmobr\u00e2nquios s\u00e3o encontrados nessas \u00e1guas, variando de esp\u00e9cies pel\u00e1gicas a esp\u00e9cies oce\u00e2nicas costeiras e, acima de tudo, a uma gama vasta e pouco estudada de esp\u00e9cies de mar profundo. Nesta apresenta\u00e7\u00e3o, o palestrante mostrar\u00e1 todas as esp\u00e9cies atuais conhecidas dessa regi\u00e3o e discutir\u00e1 suas abund\u00e2ncias relativas, ocorr\u00eancias err\u00e1ticas\/vagrantes e distribui\u00e7\u00f5es verticais, ao mesmo tempo em que detalhar\u00e1 aquelas de alguma import\u00e2ncia econ\u00f4mica.<\/p>\n<\/div>\n\n\n\n\n<div class=\"wpb_text_column wpb_content_element  vc_custom_1720800486930\" >\n\t<h4><strong>Algumas palavras sobre o palestrante<\/strong><\/h4>\n<p>Jo\u00e3o Pedro Barreiros nasceu em Lisboa, em 21 de outubro de 1964, no seio de uma fam\u00edlia macaense que viveu em Angola e Lisboa, mas que optou por estudar e viver nos A\u00e7ores quando terminou o ensino secund\u00e1rio. J\u00e1 licenciado em Engenharia Zoot\u00e9cnica, ingressou na Universidade dos A\u00e7ores como assistente estagi\u00e1rio em 1991. Em 1995, foi aprovado nas provas de aptid\u00e3o pedag\u00f3gica e cient\u00edfica na especialidade de etologia animal e, em 2001, concluiu o doutoramento em Biologia\/Ecologia Animal. Em 2008, foi aprovado nas provas de agrega\u00e7\u00e3o em etologia animal e \u00e9 atualmente professor associado de agrega\u00e7\u00e3o na Universidade dos A\u00e7ores, onde leciona v\u00e1rias disciplinas nas licenciaturas de Natureza e Patrim\u00f4nio, Ci\u00eancias Agron\u00f4micas, Medicina Veterin\u00e1ria e Engenharia Zoot\u00e9cnica. Autor e coautor de cerca de uma centena de publica\u00e7\u00f5es em revistas internacionais com revis\u00e3o por pares, bem como de v\u00e1rios artigos, colunas e livros de ci\u00eancia popular, tem focado sua pesquisa principalmente em predadores aqu\u00e1ticos nos A\u00e7ores, no Golfo da Guin\u00e9 e no Brasil, onde nos \u00faltimos anos tem se concentrado principalmente na bacia amaz\u00f4nica.<\/p>\n<p>Pesquisador do Grupo de Biodiversidade dos A\u00e7ores (GBA, ABG), do Centre d'\u00c9volution de l'Ecologie et des Changements Environnementaux (ce3c) e membro do laborat\u00f3rio associado CHANGE.<\/p>\n<p>Ilustrador cient\u00edfico e membro do Guild of Natural Science Illustrators, ele tamb\u00e9m se dedica ao estudo do viol\u00e3o cl\u00e1ssico. Desde cedo, o mar desempenhou um papel importante em sua vida, tanto como pesquisador quanto como ca\u00e7ador subaqu\u00e1tico, uma modalidade que ele combina com seu trabalho em t\u00e9cnicas de coleta de dados. Ele pertence a v\u00e1rias associa\u00e7\u00f5es nacionais e internacionais, incluindo a Classe de Artes, Letras e Ci\u00eancias da Academia Marinha como membro titular. Ele tamb\u00e9m \u00e9 membro do grupo de especialistas em garoupas e bodi\u00f5es da Uni\u00e3o Internacional para a Conserva\u00e7\u00e3o da Natureza.<\/p>\n<\/div>\n\n\n\n\n\t\t\t<\/div> \n\t\t<\/div>\n\t<\/div> \n<\/div><\/div>","protected":false},"excerpt":{"rendered":"O Departamento de Treinamento e Pesquisa (DFR) de Ci\u00eancia e Tecnologia est\u00e1 organizando duas confer\u00eancias exclusivas...","protected":false},"author":1,"featured_media":8313,"comment_status":"closed","ping_status":"open","sticky":false,"template":"","format":"standard","meta":{"iawp_total_views":67,"footnotes":""},"categories":[9],"tags":[],"class_list":{"0":"post-8312","1":"post","2":"type-post","3":"status-publish","4":"format-standard","5":"has-post-thumbnail","7":"category-st"},"yoast_head":"<!-- This site is optimized with the Yoast SEO plugin v27.5 - https:\/\/yoast.com\/product\/yoast-seo-wordpress\/ -->\n<title>Conf\u00e9rences sur la biologie marine par Jo\u00e3o Pedro Barreiros &#8212; Universit\u00e9 de Guyane<\/title>\n<meta name=\"description\" content=\"Plongez dans l&#039;univers des poissons et d\u00e9couvrez leur incroyable diversit\u00e9 et leur adaptation \u00e0 diff\u00e9rents milieux.\" \/>\n<meta name=\"robots\" content=\"index, follow, max-snippet:-1, max-image-preview:large, max-video-preview:-1\" \/>\n<link rel=\"canonical\" href=\"https:\/\/www.univ-guyane.fr\/pt\/2024\/02\/05\/conferences-sur-la-biologie-marine-par-joao-pedro-barreiros\/\" \/>\n<meta property=\"og:locale\" content=\"pt_BR\" \/>\n<meta property=\"og:type\" content=\"article\" \/>\n<meta property=\"og:title\" content=\"Conf\u00e9rences sur la biologie marine par Jo\u00e3o Pedro Barreiros &#8212; Universit\u00e9 de Guyane\" \/>\n<meta property=\"og:description\" content=\"Plongez dans l&#039;univers des poissons et d\u00e9couvrez leur incroyable diversit\u00e9 et leur adaptation \u00e0 diff\u00e9rents milieux.\" \/>\n<meta property=\"og:url\" content=\"https:\/\/www.univ-guyane.fr\/pt\/2024\/02\/05\/conferences-sur-la-biologie-marine-par-joao-pedro-barreiros\/\" \/>\n<meta property=\"og:site_name\" content=\"Universit\u00e9 de Guyane\" \/>\n<meta property=\"article:publisher\" content=\"https:\/\/www.facebook.com\/univguyane\" \/>\n<meta property=\"article:published_time\" content=\"2024-02-05T12:48:51+00:00\" \/>\n<meta property=\"article:modified_time\" content=\"2024-07-12T16:08:10+00:00\" \/>\n<meta property=\"og:image\" content=\"https:\/\/www.univ-guyane.fr\/wp-content\/uploads\/conference-st-biologie-marine.jpeg\" \/>\n\t<meta property=\"og:image:width\" content=\"1800\" \/>\n\t<meta property=\"og:image:height\" content=\"1013\" \/>\n\t<meta property=\"og:image:type\" content=\"image\/jpeg\" \/>\n<meta name=\"author\" content=\"Erick Loiti\u00e8re\" \/>\n<meta name=\"twitter:card\" content=\"summary_large_image\" \/>\n<meta name=\"twitter:creator\" content=\"@univguyane\" \/>\n<meta name=\"twitter:site\" content=\"@univguyane\" \/>\n<meta name=\"twitter:label1\" content=\"Escrito por\" \/>\n\t<meta name=\"twitter:data1\" content=\"Erick Loiti\u00e8re\" \/>\n\t<meta name=\"twitter:label2\" content=\"Est. tempo de leitura\" \/>\n\t<meta name=\"twitter:data2\" content=\"3 minutos\" \/>\n<script type=\"application\/ld+json\" class=\"yoast-schema-graph\">{\"@context\":\"https:\\\/\\\/schema.org\",\"@graph\":[{\"@type\":\"Article\",\"@id\":\"https:\\\/\\\/www.univ-guyane.fr\\\/2024\\\/02\\\/05\\\/conferences-sur-la-biologie-marine-par-joao-pedro-barreiros\\\/#article\",\"isPartOf\":{\"@id\":\"https:\\\/\\\/www.univ-guyane.fr\\\/2024\\\/02\\\/05\\\/conferences-sur-la-biologie-marine-par-joao-pedro-barreiros\\\/\"},\"author\":{\"name\":\"Erick Loiti\u00e8re\",\"@id\":\"https:\\\/\\\/www.univ-guyane.fr\\\/#\\\/schema\\\/person\\\/86d946a28a8be51bb096ccfdf19db179\"},\"headline\":\"Conf\u00e9rences sur la biologie marine par Jo\u00e3o Pedro Barreiros\",\"datePublished\":\"2024-02-05T12:48:51+00:00\",\"dateModified\":\"2024-07-12T16:08:10+00:00\",\"mainEntityOfPage\":{\"@id\":\"https:\\\/\\\/www.univ-guyane.fr\\\/2024\\\/02\\\/05\\\/conferences-sur-la-biologie-marine-par-joao-pedro-barreiros\\\/\"},\"wordCount\":995,\"publisher\":{\"@id\":\"https:\\\/\\\/www.univ-guyane.fr\\\/#organization\"},\"image\":{\"@id\":\"https:\\\/\\\/www.univ-guyane.fr\\\/2024\\\/02\\\/05\\\/conferences-sur-la-biologie-marine-par-joao-pedro-barreiros\\\/#primaryimage\"},\"thumbnailUrl\":\"https:\\\/\\\/www.univ-guyane.fr\\\/wp-content\\\/uploads\\\/conference-st-biologie-marine.jpeg\",\"articleSection\":[\"\u2022 ST\"],\"inLanguage\":\"pt-BR\"},{\"@type\":\"WebPage\",\"@id\":\"https:\\\/\\\/www.univ-guyane.fr\\\/2024\\\/02\\\/05\\\/conferences-sur-la-biologie-marine-par-joao-pedro-barreiros\\\/\",\"url\":\"https:\\\/\\\/www.univ-guyane.fr\\\/2024\\\/02\\\/05\\\/conferences-sur-la-biologie-marine-par-joao-pedro-barreiros\\\/\",\"name\":\"Conf\u00e9rences sur la biologie marine par Jo\u00e3o Pedro Barreiros &#8212; Universit\u00e9 de Guyane\",\"isPartOf\":{\"@id\":\"https:\\\/\\\/www.univ-guyane.fr\\\/#website\"},\"primaryImageOfPage\":{\"@id\":\"https:\\\/\\\/www.univ-guyane.fr\\\/2024\\\/02\\\/05\\\/conferences-sur-la-biologie-marine-par-joao-pedro-barreiros\\\/#primaryimage\"},\"image\":{\"@id\":\"https:\\\/\\\/www.univ-guyane.fr\\\/2024\\\/02\\\/05\\\/conferences-sur-la-biologie-marine-par-joao-pedro-barreiros\\\/#primaryimage\"},\"thumbnailUrl\":\"https:\\\/\\\/www.univ-guyane.fr\\\/wp-content\\\/uploads\\\/conference-st-biologie-marine.jpeg\",\"datePublished\":\"2024-02-05T12:48:51+00:00\",\"dateModified\":\"2024-07-12T16:08:10+00:00\",\"description\":\"Plongez dans l'univers des poissons et d\u00e9couvrez leur incroyable diversit\u00e9 et leur adaptation \u00e0 diff\u00e9rents milieux.\",\"breadcrumb\":{\"@id\":\"https:\\\/\\\/www.univ-guyane.fr\\\/2024\\\/02\\\/05\\\/conferences-sur-la-biologie-marine-par-joao-pedro-barreiros\\\/#breadcrumb\"},\"inLanguage\":\"pt-BR\",\"potentialAction\":[{\"@type\":\"ReadAction\",\"target\":[\"https:\\\/\\\/www.univ-guyane.fr\\\/2024\\\/02\\\/05\\\/conferences-sur-la-biologie-marine-par-joao-pedro-barreiros\\\/\"]}]},{\"@type\":\"ImageObject\",\"inLanguage\":\"pt-BR\",\"@id\":\"https:\\\/\\\/www.univ-guyane.fr\\\/2024\\\/02\\\/05\\\/conferences-sur-la-biologie-marine-par-joao-pedro-barreiros\\\/#primaryimage\",\"url\":\"https:\\\/\\\/www.univ-guyane.fr\\\/wp-content\\\/uploads\\\/conference-st-biologie-marine.jpeg\",\"contentUrl\":\"https:\\\/\\\/www.univ-guyane.fr\\\/wp-content\\\/uploads\\\/conference-st-biologie-marine.jpeg\",\"width\":1800,\"height\":1013,\"caption\":\"Conf\u00e9rences sur la biologie marine par Jo\u00e3o Pedro Barreiros\"},{\"@type\":\"BreadcrumbList\",\"@id\":\"https:\\\/\\\/www.univ-guyane.fr\\\/2024\\\/02\\\/05\\\/conferences-sur-la-biologie-marine-par-joao-pedro-barreiros\\\/#breadcrumb\",\"itemListElement\":[{\"@type\":\"ListItem\",\"position\":1,\"name\":\"Accueil\",\"item\":\"https:\\\/\\\/www.univ-guyane.fr\\\/\"},{\"@type\":\"ListItem\",\"position\":2,\"name\":\"Conf\u00e9rences sur la biologie marine par Jo\u00e3o Pedro Barreiros\"}]},{\"@type\":\"WebSite\",\"@id\":\"https:\\\/\\\/www.univ-guyane.fr\\\/#website\",\"url\":\"https:\\\/\\\/www.univ-guyane.fr\\\/\",\"name\":\"Universit\u00e9 de Guyane\",\"description\":\"Au c\u0153ur de l&#039;amazonie\",\"publisher\":{\"@id\":\"https:\\\/\\\/www.univ-guyane.fr\\\/#organization\"},\"alternateName\":\"UG\",\"potentialAction\":[{\"@type\":\"SearchAction\",\"target\":{\"@type\":\"EntryPoint\",\"urlTemplate\":\"https:\\\/\\\/www.univ-guyane.fr\\\/?s={search_term_string}\"},\"query-input\":{\"@type\":\"PropertyValueSpecification\",\"valueRequired\":true,\"valueName\":\"search_term_string\"}}],\"inLanguage\":\"pt-BR\"},{\"@type\":\"Organization\",\"@id\":\"https:\\\/\\\/www.univ-guyane.fr\\\/#organization\",\"name\":\"Universit\u00e9 de Guyane\",\"alternateName\":\"UG\",\"url\":\"https:\\\/\\\/www.univ-guyane.fr\\\/\",\"logo\":{\"@type\":\"ImageObject\",\"inLanguage\":\"pt-BR\",\"@id\":\"https:\\\/\\\/www.univ-guyane.fr\\\/#\\\/schema\\\/logo\\\/image\\\/\",\"url\":\"https:\\\/\\\/www.univ-guyane.fr\\\/wp-content\\\/uploads\\\/2024\\\/05\\\/f.png\",\"contentUrl\":\"https:\\\/\\\/www.univ-guyane.fr\\\/wp-content\\\/uploads\\\/2024\\\/05\\\/f.png\",\"width\":1024,\"height\":1024,\"caption\":\"Universit\u00e9 de Guyane\"},\"image\":{\"@id\":\"https:\\\/\\\/www.univ-guyane.fr\\\/#\\\/schema\\\/logo\\\/image\\\/\"},\"sameAs\":[\"https:\\\/\\\/www.facebook.com\\\/univguyane\",\"https:\\\/\\\/x.com\\\/univguyane\",\"https:\\\/\\\/gf.linkedin.com\\\/school\\\/universite-de-guyane\\\/\",\"https:\\\/\\\/www.instagram.com\\\/univ_guyane\\\/\"]},{\"@type\":\"Person\",\"@id\":\"https:\\\/\\\/www.univ-guyane.fr\\\/#\\\/schema\\\/person\\\/86d946a28a8be51bb096ccfdf19db179\",\"name\":\"Erick Loiti\u00e8re\",\"image\":{\"@type\":\"ImageObject\",\"inLanguage\":\"pt-BR\",\"@id\":\"https:\\\/\\\/secure.gravatar.com\\\/avatar\\\/0584f332103fbeaf37e52c73b15dca3c547fd9300deb05764e9ad8714839d072?s=96&d=robohash&r=g\",\"url\":\"https:\\\/\\\/secure.gravatar.com\\\/avatar\\\/0584f332103fbeaf37e52c73b15dca3c547fd9300deb05764e9ad8714839d072?s=96&d=robohash&r=g\",\"contentUrl\":\"https:\\\/\\\/secure.gravatar.com\\\/avatar\\\/0584f332103fbeaf37e52c73b15dca3c547fd9300deb05764e9ad8714839d072?s=96&d=robohash&r=g\",\"caption\":\"Erick Loiti\u00e8re\"},\"sameAs\":[\"http:\\\/\\\/www.univ-guyane.fr\"],\"url\":\"https:\\\/\\\/www.univ-guyane.fr\\\/pt\\\/author\\\/eloitierdbz\\\/\"}]}<\/script>\n<!-- \/ Yoast SEO plugin. -->","yoast_head_json":{"title":"Palestras sobre biologia marinha de Jo\u00e3o Pedro Barreiros - Universidade da Guiana","description":"Mergulhe no mundo dos peixes e descubra sua incr\u00edvel diversidade e adapta\u00e7\u00e3o a diferentes ambientes.","robots":{"index":"index","follow":"follow","max-snippet":"max-snippet:-1","max-image-preview":"max-image-preview:large","max-video-preview":"max-video-preview:-1"},"canonical":"https:\/\/www.univ-guyane.fr\/pt\/2024\/02\/05\/conferences-sur-la-biologie-marine-par-joao-pedro-barreiros\/","og_locale":"pt_BR","og_type":"article","og_title":"Conf\u00e9rences sur la biologie marine par Jo\u00e3o Pedro Barreiros &#8212; Universit\u00e9 de Guyane","og_description":"Plongez dans l'univers des poissons et d\u00e9couvrez leur incroyable diversit\u00e9 et leur adaptation \u00e0 diff\u00e9rents milieux.","og_url":"https:\/\/www.univ-guyane.fr\/pt\/2024\/02\/05\/conferences-sur-la-biologie-marine-par-joao-pedro-barreiros\/","og_site_name":"Universit\u00e9 de Guyane","article_publisher":"https:\/\/www.facebook.com\/univguyane","article_published_time":"2024-02-05T12:48:51+00:00","article_modified_time":"2024-07-12T16:08:10+00:00","og_image":[{"width":1800,"height":1013,"url":"https:\/\/www.univ-guyane.fr\/wp-content\/uploads\/conference-st-biologie-marine.jpeg","type":"image\/jpeg"}],"author":"Erick Loiti\u00e8re","twitter_card":"summary_large_image","twitter_creator":"@univguyane","twitter_site":"@univguyane","twitter_misc":{"Escrito por":"Erick Loiti\u00e8re","Est. tempo de leitura":"3 minutos"},"schema":{"@context":"https:\/\/schema.org","@graph":[{"@type":"Article","@id":"https:\/\/www.univ-guyane.fr\/2024\/02\/05\/conferences-sur-la-biologie-marine-par-joao-pedro-barreiros\/#article","isPartOf":{"@id":"https:\/\/www.univ-guyane.fr\/2024\/02\/05\/conferences-sur-la-biologie-marine-par-joao-pedro-barreiros\/"},"author":{"name":"Erick Loiti\u00e8re","@id":"https:\/\/www.univ-guyane.fr\/#\/schema\/person\/86d946a28a8be51bb096ccfdf19db179"},"headline":"Conf\u00e9rences sur la biologie marine par Jo\u00e3o Pedro Barreiros","datePublished":"2024-02-05T12:48:51+00:00","dateModified":"2024-07-12T16:08:10+00:00","mainEntityOfPage":{"@id":"https:\/\/www.univ-guyane.fr\/2024\/02\/05\/conferences-sur-la-biologie-marine-par-joao-pedro-barreiros\/"},"wordCount":995,"publisher":{"@id":"https:\/\/www.univ-guyane.fr\/#organization"},"image":{"@id":"https:\/\/www.univ-guyane.fr\/2024\/02\/05\/conferences-sur-la-biologie-marine-par-joao-pedro-barreiros\/#primaryimage"},"thumbnailUrl":"https:\/\/www.univ-guyane.fr\/wp-content\/uploads\/conference-st-biologie-marine.jpeg","articleSection":["\u2022 ST"],"inLanguage":"pt-BR"},{"@type":"WebPage","@id":"https:\/\/www.univ-guyane.fr\/2024\/02\/05\/conferences-sur-la-biologie-marine-par-joao-pedro-barreiros\/","url":"https:\/\/www.univ-guyane.fr\/2024\/02\/05\/conferences-sur-la-biologie-marine-par-joao-pedro-barreiros\/","name":"Palestras sobre biologia marinha de Jo\u00e3o Pedro Barreiros - Universidade da Guiana","isPartOf":{"@id":"https:\/\/www.univ-guyane.fr\/#website"},"primaryImageOfPage":{"@id":"https:\/\/www.univ-guyane.fr\/2024\/02\/05\/conferences-sur-la-biologie-marine-par-joao-pedro-barreiros\/#primaryimage"},"image":{"@id":"https:\/\/www.univ-guyane.fr\/2024\/02\/05\/conferences-sur-la-biologie-marine-par-joao-pedro-barreiros\/#primaryimage"},"thumbnailUrl":"https:\/\/www.univ-guyane.fr\/wp-content\/uploads\/conference-st-biologie-marine.jpeg","datePublished":"2024-02-05T12:48:51+00:00","dateModified":"2024-07-12T16:08:10+00:00","description":"Mergulhe no mundo dos peixes e descubra sua incr\u00edvel diversidade e adapta\u00e7\u00e3o a diferentes ambientes.","breadcrumb":{"@id":"https:\/\/www.univ-guyane.fr\/2024\/02\/05\/conferences-sur-la-biologie-marine-par-joao-pedro-barreiros\/#breadcrumb"},"inLanguage":"pt-BR","potentialAction":[{"@type":"ReadAction","target":["https:\/\/www.univ-guyane.fr\/2024\/02\/05\/conferences-sur-la-biologie-marine-par-joao-pedro-barreiros\/"]}]},{"@type":"ImageObject","inLanguage":"pt-BR","@id":"https:\/\/www.univ-guyane.fr\/2024\/02\/05\/conferences-sur-la-biologie-marine-par-joao-pedro-barreiros\/#primaryimage","url":"https:\/\/www.univ-guyane.fr\/wp-content\/uploads\/conference-st-biologie-marine.jpeg","contentUrl":"https:\/\/www.univ-guyane.fr\/wp-content\/uploads\/conference-st-biologie-marine.jpeg","width":1800,"height":1013,"caption":"Conf\u00e9rences sur la biologie marine par Jo\u00e3o Pedro Barreiros"},{"@type":"BreadcrumbList","@id":"https:\/\/www.univ-guyane.fr\/2024\/02\/05\/conferences-sur-la-biologie-marine-par-joao-pedro-barreiros\/#breadcrumb","itemListElement":[{"@type":"ListItem","position":1,"name":"Accueil","item":"https:\/\/www.univ-guyane.fr\/"},{"@type":"ListItem","position":2,"name":"Conf\u00e9rences sur la biologie marine par Jo\u00e3o Pedro Barreiros"}]},{"@type":"WebSite","@id":"https:\/\/www.univ-guyane.fr\/#website","url":"https:\/\/www.univ-guyane.fr\/","name":"Universidade da Guiana","description":"No cora\u00e7\u00e3o da Amaz\u00f4nia","publisher":{"@id":"https:\/\/www.univ-guyane.fr\/#organization"},"alternateName":"UG","potentialAction":[{"@type":"SearchAction","target":{"@type":"EntryPoint","urlTemplate":"https:\/\/www.univ-guyane.fr\/?s={search_term_string}"},"query-input":{"@type":"PropertyValueSpecification","valueRequired":true,"valueName":"search_term_string"}}],"inLanguage":"pt-BR"},{"@type":"Organization","@id":"https:\/\/www.univ-guyane.fr\/#organization","name":"Universidade da Guiana","alternateName":"UG","url":"https:\/\/www.univ-guyane.fr\/","logo":{"@type":"ImageObject","inLanguage":"pt-BR","@id":"https:\/\/www.univ-guyane.fr\/#\/schema\/logo\/image\/","url":"https:\/\/www.univ-guyane.fr\/wp-content\/uploads\/2024\/05\/f.png","contentUrl":"https:\/\/www.univ-guyane.fr\/wp-content\/uploads\/2024\/05\/f.png","width":1024,"height":1024,"caption":"Universit\u00e9 de Guyane"},"image":{"@id":"https:\/\/www.univ-guyane.fr\/#\/schema\/logo\/image\/"},"sameAs":["https:\/\/www.facebook.com\/univguyane","https:\/\/x.com\/univguyane","https:\/\/gf.linkedin.com\/school\/universite-de-guyane\/","https:\/\/www.instagram.com\/univ_guyane\/"]},{"@type":"Person","@id":"https:\/\/www.univ-guyane.fr\/#\/schema\/person\/86d946a28a8be51bb096ccfdf19db179","name":"Erick Loiti\u00e8re","image":{"@type":"ImageObject","inLanguage":"pt-BR","@id":"https:\/\/secure.gravatar.com\/avatar\/0584f332103fbeaf37e52c73b15dca3c547fd9300deb05764e9ad8714839d072?s=96&d=robohash&r=g","url":"https:\/\/secure.gravatar.com\/avatar\/0584f332103fbeaf37e52c73b15dca3c547fd9300deb05764e9ad8714839d072?s=96&d=robohash&r=g","contentUrl":"https:\/\/secure.gravatar.com\/avatar\/0584f332103fbeaf37e52c73b15dca3c547fd9300deb05764e9ad8714839d072?s=96&d=robohash&r=g","caption":"Erick Loiti\u00e8re"},"sameAs":["http:\/\/www.univ-guyane.fr"],"url":"https:\/\/www.univ-guyane.fr\/pt\/author\/eloitierdbz\/"}]}},"_links":{"self":[{"href":"https:\/\/www.univ-guyane.fr\/pt\/wp-json\/wp\/v2\/posts\/8312","targetHints":{"allow":["GET"]}}],"collection":[{"href":"https:\/\/www.univ-guyane.fr\/pt\/wp-json\/wp\/v2\/posts"}],"about":[{"href":"https:\/\/www.univ-guyane.fr\/pt\/wp-json\/wp\/v2\/types\/post"}],"author":[{"embeddable":true,"href":"https:\/\/www.univ-guyane.fr\/pt\/wp-json\/wp\/v2\/users\/1"}],"replies":[{"embeddable":true,"href":"https:\/\/www.univ-guyane.fr\/pt\/wp-json\/wp\/v2\/comments?post=8312"}],"version-history":[{"count":4,"href":"https:\/\/www.univ-guyane.fr\/pt\/wp-json\/wp\/v2\/posts\/8312\/revisions"}],"predecessor-version":[{"id":9978,"href":"https:\/\/www.univ-guyane.fr\/pt\/wp-json\/wp\/v2\/posts\/8312\/revisions\/9978"}],"wp:featuredmedia":[{"embeddable":true,"href":"https:\/\/www.univ-guyane.fr\/pt\/wp-json\/wp\/v2\/media\/8313"}],"wp:attachment":[{"href":"https:\/\/www.univ-guyane.fr\/pt\/wp-json\/wp\/v2\/media?parent=8312"}],"wp:term":[{"taxonomy":"category","embeddable":true,"href":"https:\/\/www.univ-guyane.fr\/pt\/wp-json\/wp\/v2\/categories?post=8312"},{"taxonomy":"post_tag","embeddable":true,"href":"https:\/\/www.univ-guyane.fr\/pt\/wp-json\/wp\/v2\/tags?post=8312"}],"curies":[{"name":"wp","href":"https:\/\/api.w.org\/{rel}","templated":true}]}}