{"id":8343,"date":"2024-01-16T11:00:56","date_gmt":"2024-01-16T14:00:56","guid":{"rendered":"https:\/\/www.univ-guyane.fr\/?p=8343"},"modified":"2024-06-17T11:08:56","modified_gmt":"2024-06-17T14:08:56","slug":"jean-tously-laureat-du-prix-memoires-et-theses-anacofi-2023","status":"publish","type":"post","link":"https:\/\/www.univ-guyane.fr\/pt\/2024\/01\/16\/jean-tously-laureat-du-prix-memoires-et-theses-anacofi-2023\/","title":{"rendered":"Jean-Tously, vencedor do pr\u00eamio M\u00e9moires et Th\u00e8ses Anacofi 2023"},"content":{"rendered":"<div id=\"fws_69f3f20a2cc4d\"  data-column-margin=\"default\" data-midnight=\"dark\"  class=\"wpb_row vc_row-fluid vc_row\"  style=\"padding-top: 0px; padding-bottom: 0px; \"><div class=\"row-bg-wrap\" data-bg-animation=\"none\" data-bg-animation-delay=\"\" data-bg-overlay=\"false\"><div class=\"inner-wrap row-bg-layer\" ><div class=\"row-bg viewport-desktop\"  style=\"\"><\/div><\/div><\/div><div class=\"row_col_wrap_12 col span_12 dark left\">\n\t<div  class=\"vc_col-sm-12 wpb_column column_container vc_column_container col no-extra-padding inherit_tablet inherit_phone\"  data-padding-pos=\"all\" data-has-bg-color=\"false\" data-bg-color=\"\" data-bg-opacity=\"1\" data-animation=\"\" data-delay=\"0\" >\n\t\t<div class=\"vc_column-inner\" >\n\t\t\t<div class=\"wpb_wrapper\">\n\t\t\t\t\n<div class=\"wpb_text_column wpb_content_element  chapo\" >\n\t<h2>Jean-Tously Fortune Montina recebeu o Grand Prix M\u00e9moires et Th\u00e8ses Anacofi 2023 em uma cerim\u00f4nia de prest\u00edgio no Cercle de l'Union Interalli\u00e9e, em Paris, em 14 de dezembro de 2023.<\/h2>\n<\/div>\n\n\n\n\n<div class=\"wpb_text_column wpb_content_element\" >\n\t<p><span class=\"nectar-dropcap\" >C <\/span>Esse evento, organizado pela Association Nationale des Conseillers Financiers (ANACOFI), a maior associa\u00e7\u00e3o profissional de empresas de corretagem e consultoria nos setores banc\u00e1rio, financeiro e de seguros, premia anualmente disserta\u00e7\u00f5es e teses de destaque nas \u00e1reas de Corporate, Wealth Management, Real Estate e Environmental, Social and Governance (ESG).<\/p>\n<p>Jean-Tously realizou sua pesquisa no laborat\u00f3rio MINEA da Universidade da Guiana, sob a orienta\u00e7\u00e3o especializada dos professores Florence Faberon e Fr\u00e9d\u00e9ric Bondil. Tamb\u00e9m houve colabora\u00e7\u00f5es frut\u00edferas na McGill University e na Oxford University, enriquecendo o escopo internacional de sua tese.<\/p>\n<p>Sua pesquisa, que se concentra na gest\u00e3o de Soci\u00e9t\u00e9s Civiles de Placement Immobilier (SCPI) em face dos desafios ambientais, assume import\u00e2ncia especial em um momento em que a Uni\u00e3o Europeia se comprometeu a atingir a neutralidade de carbono at\u00e9 2050. Os edif\u00edcios, que s\u00e3o respons\u00e1veis por 40 % do consumo de energia da UE e 36 % de suas emiss\u00f5es de CO2, est\u00e3o no centro das preocupa\u00e7\u00f5es com o clima.<\/p>\n<p>A tese de Jean-Tously identifica as lacunas regulat\u00f3rias e financeiras que impedem a a\u00e7\u00e3o ambiental das SCPIs e prop\u00f5e solu\u00e7\u00f5es te\u00f3ricas e pr\u00e1ticas para superar essas dificuldades. Em um momento em que a Comiss\u00e3o Europeia enfatiza a necessidade de acelerar as redu\u00e7\u00f5es de emiss\u00f5es, as SCPIs, como ve\u00edculos de investimento coletivo, podem desempenhar um papel crucial no gerenciamento sustent\u00e1vel de seus edif\u00edcios.<\/p>\n<p><strong>Inovando para um futuro sustent\u00e1vel<\/strong><\/p>\n<p>Juntamente com seu trabalho acad\u00eamico, Jean-Tously \u00e9 o fundador e diretor administrativo da DEXSO, uma Empresa Universit\u00e1ria Jovem (JEU) sediada na Guyane D\u00e9veloppement Innovation. A DEXSO, especializada em gest\u00e3o de patrim\u00f4nio, corretagem banc\u00e1ria e de seguros e transa\u00e7\u00f5es imobili\u00e1rias, destaca-se por seu compromisso com a pesquisa acad\u00eamica. Em parceria com a Universidade da Guiana, a DEXSO est\u00e1 trabalhando para oferecer solu\u00e7\u00f5es inovadoras em suas \u00e1reas de atividade.<\/p>\n<p>A empresa est\u00e1 totalmente ciente das quest\u00f5es ambientais em jogo e investe pesadamente em pesquisa e inova\u00e7\u00e3o para ajudar os participantes p\u00fablicos e privados a antecipar os riscos associados \u00e0s suas atividades, contribuindo assim para a ambiciosa meta de neutralidade de carbono at\u00e9 2050. Jean-Tously e DEXSO incorporam uma vis\u00e3o que combina excel\u00eancia acad\u00eamica, compromisso social e responsabilidade ambiental.<\/p>\n<\/div>\n\n\n\n\n\t\t\t<\/div> \n\t\t<\/div>\n\t<\/div> \n<\/div><\/div>","protected":false},"excerpt":{"rendered":"Jean-Tously Fortune Montina foi homenageado com o Grand Prix M\u00e9moires et Th\u00e8ses Anacofi 2023, concedido...","protected":false},"author":1,"featured_media":8344,"comment_status":"closed","ping_status":"open","sticky":false,"template":"","format":"standard","meta":{"iawp_total_views":164,"footnotes":""},"categories":[175,187,3,145],"tags":[],"class_list":{"0":"post-8343","1":"post","2":"type-post","3":"status-publish","4":"format-standard","5":"has-post-thumbnail","7":"category-laboratoires","8":"category-minea","9":"category-sje","10":"category-actualites"},"yoast_head":"<!-- This site is optimized with the Yoast SEO plugin v27.5 - https:\/\/yoast.com\/product\/yoast-seo-wordpress\/ -->\n<title>Jean-Tously, laur\u00e9at du prix M\u00e9moires et Th\u00e8ses Anacofi 2023 &#8212; Universit\u00e9 de Guyane<\/title>\n<meta name=\"description\" content=\"ANACOFI r\u00e9compense les meilleures th\u00e8ses et m\u00e9moires de 2023 dans les domaines de l&#039;Entreprise, de la Gestion de Patrimoine, de l&#039;Immobilier et de l&#039;Environnement, du social et de la gouvernance (ESG).\" \/>\n<meta name=\"robots\" content=\"index, follow, max-snippet:-1, max-image-preview:large, max-video-preview:-1\" \/>\n<link rel=\"canonical\" href=\"https:\/\/www.univ-guyane.fr\/pt\/2024\/01\/16\/jean-tously-laureat-du-prix-memoires-et-theses-anacofi-2023\/\" \/>\n<meta property=\"og:locale\" content=\"pt_BR\" \/>\n<meta property=\"og:type\" content=\"article\" \/>\n<meta property=\"og:title\" content=\"Jean-Tously, laur\u00e9at du prix M\u00e9moires et Th\u00e8ses Anacofi 2023 &#8212; Universit\u00e9 de Guyane\" \/>\n<meta property=\"og:description\" content=\"ANACOFI r\u00e9compense les meilleures th\u00e8ses et m\u00e9moires de 2023 dans les domaines de l&#039;Entreprise, de la Gestion de Patrimoine, de l&#039;Immobilier et de l&#039;Environnement, du social et de la gouvernance (ESG).\" \/>\n<meta property=\"og:url\" content=\"https:\/\/www.univ-guyane.fr\/pt\/2024\/01\/16\/jean-tously-laureat-du-prix-memoires-et-theses-anacofi-2023\/\" \/>\n<meta property=\"og:site_name\" content=\"Universit\u00e9 de Guyane\" \/>\n<meta property=\"article:publisher\" content=\"https:\/\/www.facebook.com\/univguyane\" \/>\n<meta property=\"article:published_time\" content=\"2024-01-16T14:00:56+00:00\" \/>\n<meta property=\"article:modified_time\" content=\"2024-06-17T14:08:56+00:00\" \/>\n<meta property=\"og:image\" content=\"https:\/\/www.univ-guyane.fr\/wp-content\/uploads\/jean-tously.jpeg\" \/>\n\t<meta property=\"og:image:width\" content=\"1800\" \/>\n\t<meta property=\"og:image:height\" content=\"1013\" \/>\n\t<meta property=\"og:image:type\" content=\"image\/jpeg\" \/>\n<meta name=\"author\" content=\"Erick Loiti\u00e8re\" \/>\n<meta name=\"twitter:card\" content=\"summary_large_image\" \/>\n<meta name=\"twitter:creator\" content=\"@univguyane\" \/>\n<meta name=\"twitter:site\" content=\"@univguyane\" \/>\n<meta name=\"twitter:label1\" content=\"Escrito por\" \/>\n\t<meta name=\"twitter:data1\" content=\"Erick Loiti\u00e8re\" \/>\n\t<meta name=\"twitter:label2\" content=\"Est. tempo de leitura\" \/>\n\t<meta name=\"twitter:data2\" content=\"3 minutos\" \/>\n<script type=\"application\/ld+json\" class=\"yoast-schema-graph\">{\"@context\":\"https:\\\/\\\/schema.org\",\"@graph\":[{\"@type\":\"Article\",\"@id\":\"https:\\\/\\\/www.univ-guyane.fr\\\/2024\\\/01\\\/16\\\/jean-tously-laureat-du-prix-memoires-et-theses-anacofi-2023\\\/#article\",\"isPartOf\":{\"@id\":\"https:\\\/\\\/www.univ-guyane.fr\\\/2024\\\/01\\\/16\\\/jean-tously-laureat-du-prix-memoires-et-theses-anacofi-2023\\\/\"},\"author\":{\"name\":\"Erick Loiti\u00e8re\",\"@id\":\"https:\\\/\\\/www.univ-guyane.fr\\\/#\\\/schema\\\/person\\\/86d946a28a8be51bb096ccfdf19db179\"},\"headline\":\"Jean-Tously, laur\u00e9at du prix M\u00e9moires et Th\u00e8ses Anacofi 2023\",\"datePublished\":\"2024-01-16T14:00:56+00:00\",\"dateModified\":\"2024-06-17T14:08:56+00:00\",\"mainEntityOfPage\":{\"@id\":\"https:\\\/\\\/www.univ-guyane.fr\\\/2024\\\/01\\\/16\\\/jean-tously-laureat-du-prix-memoires-et-theses-anacofi-2023\\\/\"},\"wordCount\":632,\"publisher\":{\"@id\":\"https:\\\/\\\/www.univ-guyane.fr\\\/#organization\"},\"image\":{\"@id\":\"https:\\\/\\\/www.univ-guyane.fr\\\/2024\\\/01\\\/16\\\/jean-tously-laureat-du-prix-memoires-et-theses-anacofi-2023\\\/#primaryimage\"},\"thumbnailUrl\":\"https:\\\/\\\/www.univ-guyane.fr\\\/wp-content\\\/uploads\\\/jean-tously.jpeg\",\"articleSection\":[\"\u2022\u00a0Laboratoires\",\"\u2022\u00a0MINEA\",\"\u2022\u00a0SJE\",\"Actualit\u00e9s\"],\"inLanguage\":\"pt-BR\"},{\"@type\":\"WebPage\",\"@id\":\"https:\\\/\\\/www.univ-guyane.fr\\\/2024\\\/01\\\/16\\\/jean-tously-laureat-du-prix-memoires-et-theses-anacofi-2023\\\/\",\"url\":\"https:\\\/\\\/www.univ-guyane.fr\\\/2024\\\/01\\\/16\\\/jean-tously-laureat-du-prix-memoires-et-theses-anacofi-2023\\\/\",\"name\":\"Jean-Tously, laur\u00e9at du prix M\u00e9moires et Th\u00e8ses Anacofi 2023 &#8212; Universit\u00e9 de Guyane\",\"isPartOf\":{\"@id\":\"https:\\\/\\\/www.univ-guyane.fr\\\/#website\"},\"primaryImageOfPage\":{\"@id\":\"https:\\\/\\\/www.univ-guyane.fr\\\/2024\\\/01\\\/16\\\/jean-tously-laureat-du-prix-memoires-et-theses-anacofi-2023\\\/#primaryimage\"},\"image\":{\"@id\":\"https:\\\/\\\/www.univ-guyane.fr\\\/2024\\\/01\\\/16\\\/jean-tously-laureat-du-prix-memoires-et-theses-anacofi-2023\\\/#primaryimage\"},\"thumbnailUrl\":\"https:\\\/\\\/www.univ-guyane.fr\\\/wp-content\\\/uploads\\\/jean-tously.jpeg\",\"datePublished\":\"2024-01-16T14:00:56+00:00\",\"dateModified\":\"2024-06-17T14:08:56+00:00\",\"description\":\"ANACOFI r\u00e9compense les meilleures th\u00e8ses et m\u00e9moires de 2023 dans les domaines de l'Entreprise, de la Gestion de Patrimoine, de l'Immobilier et de l'Environnement, du social et de la gouvernance (ESG).\",\"breadcrumb\":{\"@id\":\"https:\\\/\\\/www.univ-guyane.fr\\\/2024\\\/01\\\/16\\\/jean-tously-laureat-du-prix-memoires-et-theses-anacofi-2023\\\/#breadcrumb\"},\"inLanguage\":\"pt-BR\",\"potentialAction\":[{\"@type\":\"ReadAction\",\"target\":[\"https:\\\/\\\/www.univ-guyane.fr\\\/2024\\\/01\\\/16\\\/jean-tously-laureat-du-prix-memoires-et-theses-anacofi-2023\\\/\"]}]},{\"@type\":\"ImageObject\",\"inLanguage\":\"pt-BR\",\"@id\":\"https:\\\/\\\/www.univ-guyane.fr\\\/2024\\\/01\\\/16\\\/jean-tously-laureat-du-prix-memoires-et-theses-anacofi-2023\\\/#primaryimage\",\"url\":\"https:\\\/\\\/www.univ-guyane.fr\\\/wp-content\\\/uploads\\\/jean-tously.jpeg\",\"contentUrl\":\"https:\\\/\\\/www.univ-guyane.fr\\\/wp-content\\\/uploads\\\/jean-tously.jpeg\",\"width\":1800,\"height\":1013,\"caption\":\"Jean-Tously, laur\u00e9at du prix M\u00e9moires et Th\u00e8ses Anacofi 2023\"},{\"@type\":\"BreadcrumbList\",\"@id\":\"https:\\\/\\\/www.univ-guyane.fr\\\/2024\\\/01\\\/16\\\/jean-tously-laureat-du-prix-memoires-et-theses-anacofi-2023\\\/#breadcrumb\",\"itemListElement\":[{\"@type\":\"ListItem\",\"position\":1,\"name\":\"Accueil\",\"item\":\"https:\\\/\\\/www.univ-guyane.fr\\\/\"},{\"@type\":\"ListItem\",\"position\":2,\"name\":\"Jean-Tously, laur\u00e9at du prix M\u00e9moires et Th\u00e8ses Anacofi 2023\"}]},{\"@type\":\"WebSite\",\"@id\":\"https:\\\/\\\/www.univ-guyane.fr\\\/#website\",\"url\":\"https:\\\/\\\/www.univ-guyane.fr\\\/\",\"name\":\"Universit\u00e9 de Guyane\",\"description\":\"Au c\u0153ur de l&#039;amazonie\",\"publisher\":{\"@id\":\"https:\\\/\\\/www.univ-guyane.fr\\\/#organization\"},\"alternateName\":\"UG\",\"potentialAction\":[{\"@type\":\"SearchAction\",\"target\":{\"@type\":\"EntryPoint\",\"urlTemplate\":\"https:\\\/\\\/www.univ-guyane.fr\\\/?s={search_term_string}\"},\"query-input\":{\"@type\":\"PropertyValueSpecification\",\"valueRequired\":true,\"valueName\":\"search_term_string\"}}],\"inLanguage\":\"pt-BR\"},{\"@type\":\"Organization\",\"@id\":\"https:\\\/\\\/www.univ-guyane.fr\\\/#organization\",\"name\":\"Universit\u00e9 de Guyane\",\"alternateName\":\"UG\",\"url\":\"https:\\\/\\\/www.univ-guyane.fr\\\/\",\"logo\":{\"@type\":\"ImageObject\",\"inLanguage\":\"pt-BR\",\"@id\":\"https:\\\/\\\/www.univ-guyane.fr\\\/#\\\/schema\\\/logo\\\/image\\\/\",\"url\":\"https:\\\/\\\/www.univ-guyane.fr\\\/wp-content\\\/uploads\\\/2024\\\/05\\\/f.png\",\"contentUrl\":\"https:\\\/\\\/www.univ-guyane.fr\\\/wp-content\\\/uploads\\\/2024\\\/05\\\/f.png\",\"width\":1024,\"height\":1024,\"caption\":\"Universit\u00e9 de Guyane\"},\"image\":{\"@id\":\"https:\\\/\\\/www.univ-guyane.fr\\\/#\\\/schema\\\/logo\\\/image\\\/\"},\"sameAs\":[\"https:\\\/\\\/www.facebook.com\\\/univguyane\",\"https:\\\/\\\/x.com\\\/univguyane\",\"https:\\\/\\\/gf.linkedin.com\\\/school\\\/universite-de-guyane\\\/\",\"https:\\\/\\\/www.instagram.com\\\/univ_guyane\\\/\"]},{\"@type\":\"Person\",\"@id\":\"https:\\\/\\\/www.univ-guyane.fr\\\/#\\\/schema\\\/person\\\/86d946a28a8be51bb096ccfdf19db179\",\"name\":\"Erick Loiti\u00e8re\",\"image\":{\"@type\":\"ImageObject\",\"inLanguage\":\"pt-BR\",\"@id\":\"https:\\\/\\\/secure.gravatar.com\\\/avatar\\\/0584f332103fbeaf37e52c73b15dca3c547fd9300deb05764e9ad8714839d072?s=96&d=robohash&r=g\",\"url\":\"https:\\\/\\\/secure.gravatar.com\\\/avatar\\\/0584f332103fbeaf37e52c73b15dca3c547fd9300deb05764e9ad8714839d072?s=96&d=robohash&r=g\",\"contentUrl\":\"https:\\\/\\\/secure.gravatar.com\\\/avatar\\\/0584f332103fbeaf37e52c73b15dca3c547fd9300deb05764e9ad8714839d072?s=96&d=robohash&r=g\",\"caption\":\"Erick Loiti\u00e8re\"},\"sameAs\":[\"http:\\\/\\\/www.univ-guyane.fr\"],\"url\":\"https:\\\/\\\/www.univ-guyane.fr\\\/pt\\\/author\\\/eloitierdbz\\\/\"}]}<\/script>\n<!-- \/ Yoast SEO plugin. -->","yoast_head_json":{"title":"Jean-Tously, laur\u00e9at du prix M\u00e9moires et Th\u00e8ses Anacofi 2023 &#8212; Universit\u00e9 de Guyane","description":"ANACOFI r\u00e9compense les meilleures th\u00e8ses et m\u00e9moires de 2023 dans les domaines de l'Entreprise, de la Gestion de Patrimoine, de l'Immobilier et de l'Environnement, du social et de la gouvernance (ESG).","robots":{"index":"index","follow":"follow","max-snippet":"max-snippet:-1","max-image-preview":"max-image-preview:large","max-video-preview":"max-video-preview:-1"},"canonical":"https:\/\/www.univ-guyane.fr\/pt\/2024\/01\/16\/jean-tously-laureat-du-prix-memoires-et-theses-anacofi-2023\/","og_locale":"pt_BR","og_type":"article","og_title":"Jean-Tously, laur\u00e9at du prix M\u00e9moires et Th\u00e8ses Anacofi 2023 &#8212; Universit\u00e9 de Guyane","og_description":"ANACOFI r\u00e9compense les meilleures th\u00e8ses et m\u00e9moires de 2023 dans les domaines de l'Entreprise, de la Gestion de Patrimoine, de l'Immobilier et de l'Environnement, du social et de la gouvernance (ESG).","og_url":"https:\/\/www.univ-guyane.fr\/pt\/2024\/01\/16\/jean-tously-laureat-du-prix-memoires-et-theses-anacofi-2023\/","og_site_name":"Universit\u00e9 de Guyane","article_publisher":"https:\/\/www.facebook.com\/univguyane","article_published_time":"2024-01-16T14:00:56+00:00","article_modified_time":"2024-06-17T14:08:56+00:00","og_image":[{"width":1800,"height":1013,"url":"https:\/\/www.univ-guyane.fr\/wp-content\/uploads\/jean-tously.jpeg","type":"image\/jpeg"}],"author":"Erick Loiti\u00e8re","twitter_card":"summary_large_image","twitter_creator":"@univguyane","twitter_site":"@univguyane","twitter_misc":{"Escrito por":"Erick Loiti\u00e8re","Est. tempo de leitura":"3 minutos"},"schema":{"@context":"https:\/\/schema.org","@graph":[{"@type":"Article","@id":"https:\/\/www.univ-guyane.fr\/2024\/01\/16\/jean-tously-laureat-du-prix-memoires-et-theses-anacofi-2023\/#article","isPartOf":{"@id":"https:\/\/www.univ-guyane.fr\/2024\/01\/16\/jean-tously-laureat-du-prix-memoires-et-theses-anacofi-2023\/"},"author":{"name":"Erick Loiti\u00e8re","@id":"https:\/\/www.univ-guyane.fr\/#\/schema\/person\/86d946a28a8be51bb096ccfdf19db179"},"headline":"Jean-Tously, laur\u00e9at du prix M\u00e9moires et Th\u00e8ses Anacofi 2023","datePublished":"2024-01-16T14:00:56+00:00","dateModified":"2024-06-17T14:08:56+00:00","mainEntityOfPage":{"@id":"https:\/\/www.univ-guyane.fr\/2024\/01\/16\/jean-tously-laureat-du-prix-memoires-et-theses-anacofi-2023\/"},"wordCount":632,"publisher":{"@id":"https:\/\/www.univ-guyane.fr\/#organization"},"image":{"@id":"https:\/\/www.univ-guyane.fr\/2024\/01\/16\/jean-tously-laureat-du-prix-memoires-et-theses-anacofi-2023\/#primaryimage"},"thumbnailUrl":"https:\/\/www.univ-guyane.fr\/wp-content\/uploads\/jean-tously.jpeg","articleSection":["\u2022\u00a0Laboratoires","\u2022\u00a0MINEA","\u2022\u00a0SJE","Actualit\u00e9s"],"inLanguage":"pt-BR"},{"@type":"WebPage","@id":"https:\/\/www.univ-guyane.fr\/2024\/01\/16\/jean-tously-laureat-du-prix-memoires-et-theses-anacofi-2023\/","url":"https:\/\/www.univ-guyane.fr\/2024\/01\/16\/jean-tously-laureat-du-prix-memoires-et-theses-anacofi-2023\/","name":"Jean-Tously, laur\u00e9at du prix M\u00e9moires et Th\u00e8ses Anacofi 2023 &#8212; Universit\u00e9 de Guyane","isPartOf":{"@id":"https:\/\/www.univ-guyane.fr\/#website"},"primaryImageOfPage":{"@id":"https:\/\/www.univ-guyane.fr\/2024\/01\/16\/jean-tously-laureat-du-prix-memoires-et-theses-anacofi-2023\/#primaryimage"},"image":{"@id":"https:\/\/www.univ-guyane.fr\/2024\/01\/16\/jean-tously-laureat-du-prix-memoires-et-theses-anacofi-2023\/#primaryimage"},"thumbnailUrl":"https:\/\/www.univ-guyane.fr\/wp-content\/uploads\/jean-tously.jpeg","datePublished":"2024-01-16T14:00:56+00:00","dateModified":"2024-06-17T14:08:56+00:00","description":"ANACOFI r\u00e9compense les meilleures th\u00e8ses et m\u00e9moires de 2023 dans les domaines de l'Entreprise, de la Gestion de Patrimoine, de l'Immobilier et de l'Environnement, du social et de la gouvernance (ESG).","breadcrumb":{"@id":"https:\/\/www.univ-guyane.fr\/2024\/01\/16\/jean-tously-laureat-du-prix-memoires-et-theses-anacofi-2023\/#breadcrumb"},"inLanguage":"pt-BR","potentialAction":[{"@type":"ReadAction","target":["https:\/\/www.univ-guyane.fr\/2024\/01\/16\/jean-tously-laureat-du-prix-memoires-et-theses-anacofi-2023\/"]}]},{"@type":"ImageObject","inLanguage":"pt-BR","@id":"https:\/\/www.univ-guyane.fr\/2024\/01\/16\/jean-tously-laureat-du-prix-memoires-et-theses-anacofi-2023\/#primaryimage","url":"https:\/\/www.univ-guyane.fr\/wp-content\/uploads\/jean-tously.jpeg","contentUrl":"https:\/\/www.univ-guyane.fr\/wp-content\/uploads\/jean-tously.jpeg","width":1800,"height":1013,"caption":"Jean-Tously, laur\u00e9at du prix M\u00e9moires et Th\u00e8ses Anacofi 2023"},{"@type":"BreadcrumbList","@id":"https:\/\/www.univ-guyane.fr\/2024\/01\/16\/jean-tously-laureat-du-prix-memoires-et-theses-anacofi-2023\/#breadcrumb","itemListElement":[{"@type":"ListItem","position":1,"name":"Accueil","item":"https:\/\/www.univ-guyane.fr\/"},{"@type":"ListItem","position":2,"name":"Jean-Tously, laur\u00e9at du prix M\u00e9moires et Th\u00e8ses Anacofi 2023"}]},{"@type":"WebSite","@id":"https:\/\/www.univ-guyane.fr\/#website","url":"https:\/\/www.univ-guyane.fr\/","name":"Universidade da Guiana","description":"No cora\u00e7\u00e3o da Amaz\u00f4nia","publisher":{"@id":"https:\/\/www.univ-guyane.fr\/#organization"},"alternateName":"UG","potentialAction":[{"@type":"SearchAction","target":{"@type":"EntryPoint","urlTemplate":"https:\/\/www.univ-guyane.fr\/?s={search_term_string}"},"query-input":{"@type":"PropertyValueSpecification","valueRequired":true,"valueName":"search_term_string"}}],"inLanguage":"pt-BR"},{"@type":"Organization","@id":"https:\/\/www.univ-guyane.fr\/#organization","name":"Universidade da Guiana","alternateName":"UG","url":"https:\/\/www.univ-guyane.fr\/","logo":{"@type":"ImageObject","inLanguage":"pt-BR","@id":"https:\/\/www.univ-guyane.fr\/#\/schema\/logo\/image\/","url":"https:\/\/www.univ-guyane.fr\/wp-content\/uploads\/2024\/05\/f.png","contentUrl":"https:\/\/www.univ-guyane.fr\/wp-content\/uploads\/2024\/05\/f.png","width":1024,"height":1024,"caption":"Universit\u00e9 de Guyane"},"image":{"@id":"https:\/\/www.univ-guyane.fr\/#\/schema\/logo\/image\/"},"sameAs":["https:\/\/www.facebook.com\/univguyane","https:\/\/x.com\/univguyane","https:\/\/gf.linkedin.com\/school\/universite-de-guyane\/","https:\/\/www.instagram.com\/univ_guyane\/"]},{"@type":"Person","@id":"https:\/\/www.univ-guyane.fr\/#\/schema\/person\/86d946a28a8be51bb096ccfdf19db179","name":"Erick Loiti\u00e8re","image":{"@type":"ImageObject","inLanguage":"pt-BR","@id":"https:\/\/secure.gravatar.com\/avatar\/0584f332103fbeaf37e52c73b15dca3c547fd9300deb05764e9ad8714839d072?s=96&d=robohash&r=g","url":"https:\/\/secure.gravatar.com\/avatar\/0584f332103fbeaf37e52c73b15dca3c547fd9300deb05764e9ad8714839d072?s=96&d=robohash&r=g","contentUrl":"https:\/\/secure.gravatar.com\/avatar\/0584f332103fbeaf37e52c73b15dca3c547fd9300deb05764e9ad8714839d072?s=96&d=robohash&r=g","caption":"Erick Loiti\u00e8re"},"sameAs":["http:\/\/www.univ-guyane.fr"],"url":"https:\/\/www.univ-guyane.fr\/pt\/author\/eloitierdbz\/"}]}},"_links":{"self":[{"href":"https:\/\/www.univ-guyane.fr\/pt\/wp-json\/wp\/v2\/posts\/8343","targetHints":{"allow":["GET"]}}],"collection":[{"href":"https:\/\/www.univ-guyane.fr\/pt\/wp-json\/wp\/v2\/posts"}],"about":[{"href":"https:\/\/www.univ-guyane.fr\/pt\/wp-json\/wp\/v2\/types\/post"}],"author":[{"embeddable":true,"href":"https:\/\/www.univ-guyane.fr\/pt\/wp-json\/wp\/v2\/users\/1"}],"replies":[{"embeddable":true,"href":"https:\/\/www.univ-guyane.fr\/pt\/wp-json\/wp\/v2\/comments?post=8343"}],"version-history":[{"count":1,"href":"https:\/\/www.univ-guyane.fr\/pt\/wp-json\/wp\/v2\/posts\/8343\/revisions"}],"predecessor-version":[{"id":8345,"href":"https:\/\/www.univ-guyane.fr\/pt\/wp-json\/wp\/v2\/posts\/8343\/revisions\/8345"}],"wp:featuredmedia":[{"embeddable":true,"href":"https:\/\/www.univ-guyane.fr\/pt\/wp-json\/wp\/v2\/media\/8344"}],"wp:attachment":[{"href":"https:\/\/www.univ-guyane.fr\/pt\/wp-json\/wp\/v2\/media?parent=8343"}],"wp:term":[{"taxonomy":"category","embeddable":true,"href":"https:\/\/www.univ-guyane.fr\/pt\/wp-json\/wp\/v2\/categories?post=8343"},{"taxonomy":"post_tag","embeddable":true,"href":"https:\/\/www.univ-guyane.fr\/pt\/wp-json\/wp\/v2\/tags?post=8343"}],"curies":[{"name":"wp","href":"https:\/\/api.w.org\/{rel}","templated":true}]}}