{"id":8349,"date":"2023-12-21T11:15:08","date_gmt":"2023-12-21T14:15:08","guid":{"rendered":"https:\/\/www.univ-guyane.fr\/?p=8349"},"modified":"2024-06-17T11:22:25","modified_gmt":"2024-06-17T14:22:25","slug":"combler-les-blancs-des-cartes-pour-marquer-ses-frontieres","status":"publish","type":"post","link":"https:\/\/www.univ-guyane.fr\/pt\/2023\/12\/21\/combler-les-blancs-des-cartes-pour-marquer-ses-frontieres\/","title":{"rendered":"Preencha os espa\u00e7os em branco para marcar suas bordas"},"content":{"rendered":"<div id=\"fws_69f219584d5b8\"  data-column-margin=\"default\" data-midnight=\"dark\"  class=\"wpb_row vc_row-fluid vc_row\"  style=\"padding-top: 0px; padding-bottom: 0px; \"><div class=\"row-bg-wrap\" data-bg-animation=\"none\" data-bg-animation-delay=\"\" data-bg-overlay=\"false\"><div class=\"inner-wrap row-bg-layer\" ><div class=\"row-bg viewport-desktop\"  style=\"\"><\/div><\/div><\/div><div class=\"row_col_wrap_12 col span_12 dark left\">\n\t<div  class=\"vc_col-sm-12 wpb_column column_container vc_column_container col no-extra-padding inherit_tablet inherit_phone\"  data-padding-pos=\"all\" data-has-bg-color=\"false\" data-bg-color=\"\" data-bg-opacity=\"1\" data-animation=\"\" data-delay=\"0\" >\n\t\t<div class=\"vc_column-inner\" >\n\t\t\t<div class=\"wpb_wrapper\">\n\t\t\t\t\n<div class=\"wpb_text_column wpb_content_element  chapo\" >\n\t<h2>No \u00e2mbito do semin\u00e1rio \"Fronteiras, Circula\u00e7\u00e3o, Interculturalidade e Intera\u00e7\u00f5es Homem-Meio\", os laborat\u00f3rios LEEISA e MINEA, em parceria com o DFR LSH, t\u00eam o prazer de convid\u00e1-lo para uma confer\u00eancia intitulada \"Preenchendo os espa\u00e7os em branco nos mapas para marcar suas fronteiras\". Essa apresenta\u00e7\u00e3o ser\u00e1 feita por Matthieu NOUCHER, ge\u00f3grafo e diretor de pesquisa do CNRS, e ocorrer\u00e1 na sexta-feira, 12 de janeiro de 2024, das 18h \u00e0s 20h, na sala F 002.<\/h2>\n<\/div>\n\n\n\n\n<div class=\"wpb_text_column wpb_content_element\" >\n\t<div class=\"wpb_text_column wpb_content_element\">\n<div class=\"wpb_wrapper\">\n<div id=\"lipsum\">\n<p>&nbsp;<\/p>\n<p><span class=\"nectar-dropcap\" >T <\/span>oda cartografia tem seus pr\u00f3prios espa\u00e7os em branco, lacunas ou omiss\u00f5es, sejam eles deliberados ou inconscientes. Os historiadores da cartografia destacaram as implica\u00e7\u00f5es pol\u00edticas desses sil\u00eancios cartogr\u00e1ficos, principalmente durante os per\u00edodos de conquista colonial ou quando as fronteiras estavam sendo tra\u00e7adas. A hip\u00f3tese central deste trabalho \u00e9 que os espa\u00e7os em branco nos mapas, longe de serem obsoletos, ainda hoje t\u00eam potencial heur\u00edstico para analisar os interesses pol\u00edticos envolvidos nas representa\u00e7\u00f5es simb\u00f3licas da fronteira. Agora que o Estado n\u00e3o tem mais o monop\u00f3lio de branquear ou escurecer o mapa, como os mapas em branco s\u00e3o usados para (in)tornar vis\u00edveis determinados territ\u00f3rios? Que quest\u00f5es de (des)regulamenta\u00e7\u00e3o informacional v\u00eam \u00e0 tona quando observamos as l\u00f3gicas de omiss\u00e3o em a\u00e7\u00e3o atualmente, especialmente em \u00e1reas transfronteiri\u00e7as cujos limites s\u00e3o, \u00e0s vezes, incertos? A Amaz\u00f4nia, e mais especificamente a Guiana Francesa, \u00e9 um lugar ideal para buscar respostas a essas perguntas. Hist\u00f3rica e simbolicamente marcada por espa\u00e7os em branco no mapa, essa margem territorial pode, em muitos aspectos, ser considerada tamb\u00e9m como uma margem cartogr\u00e1fica. As investiga\u00e7\u00f5es sobre tr\u00eas sistemas metrol\u00f3gicos para detectar garimpo ilegal de ouro, medir a biodiversidade e mapear assentamentos informais oferecem uma oportunidade de explorar sistemas das esferas institucional, cient\u00edfica, cidad\u00e3 e ind\u00edgena. Ao defender a import\u00e2ncia da pesquisa emp\u00edrica para ficar o mais pr\u00f3ximo poss\u00edvel dos atores (produtores e usu\u00e1rios de mapas), dos sistemas (c\u00f3digos e dados) e dos m\u00e9todos (in situ e remotos), e ao desenvolver uma abordagem multissituada e interdisciplinar, combinando geografia, ci\u00eancias da informa\u00e7\u00e3o geogr\u00e1fica e estudos de ci\u00eancia e tecnologia (STS), esta pesquisa faz parte do campo emergente de estudos cr\u00edticos de dados. Com base nesses estudos de caso, ela leva a uma reflex\u00e3o interdisciplinar sobre as duas principais formas de resist\u00eancia ao preenchimento das lacunas nos mapas observados desde as margens do Maroni at\u00e9 os limites do Oyapock: contra-mapeamento e fuga cartogr\u00e1fica. Essa proposta permite visualizar, por um lado, uma geografia da ignor\u00e2ncia geodigital que revela conhecimentos esquecidos, ocultos ou destru\u00eddos e, por outro lado, uma geografia da resist\u00eancia geodigital que torna vis\u00edveis alternativas \u00e0s representa\u00e7\u00f5es espaciais dominantes. Juntas, essas duas l\u00f3gicas da indisciplina cartogr\u00e1fica possibilitam a apreens\u00e3o dos espa\u00e7os em branco nos mapas contempor\u00e2neos como uma oportunidade de diversificar nossas formas de ver essas regi\u00f5es de fronteira, que est\u00e3o longe de ser apenas \"mundos vazios\", como \u00e0s vezes s\u00e3o descritos.<\/p>\n<\/div>\n<\/div>\n<\/div>\n<div class=\"wpb_text_column wpb_content_element vc_custom_1703164159438\">\n<div class=\"wpb_wrapper\">\n<p><strong>Sobre o palestrante<br \/>\n<\/strong><\/p>\n<p><strong>Matthieu Noucher<\/strong>\u00a0\u00e9 ge\u00f3grafo, diretor de pesquisa do laborat\u00f3rio PASSAGES do CNRS em Bordeaux e vice-diretor da rede de pesquisa francesa em ci\u00eancias da informa\u00e7\u00e3o geogr\u00e1fica (GdR MAGIS). Ele publicou\u00a0<em>Pequenos mapas da Web<\/em>\u00a0em 2017 (\u00c9ditions de la rue d'Ulm) e co-editou o livro<em>Atlas cr\u00edtico da Guiana Francesa<\/em>\u00a0publicado em 2020 pelo CNRS. Em junho de 2023, ele publicou\u00a0<em>Cart\u00f5es em branco e caixas pretas algor\u00edtmicas<\/em>Uma vers\u00e3o revisada e ampliada do volume in\u00e9dito do dossi\u00ea da Habilitation \u00e0 Diriger des Recherches (HDR) que ele defendeu em 2022 na Universidade Bordeaux Montaigne ser\u00e1 usada como base para este artigo.<\/p>\n<\/div>\n<\/div>\n<\/div>\n\n\n\n\n\t\t\t<\/div> \n\t\t<\/div>\n\t<\/div> \n<\/div><\/div>","protected":false},"excerpt":{"rendered":"Como parte do semin\u00e1rio \"Fronteiras, Circula\u00e7\u00e3o, Interculturalidade e Intera\u00e7\u00e3o Humano-Meio\", os laborat\u00f3rios franceses...","protected":false},"author":1,"featured_media":8351,"comment_status":"closed","ping_status":"open","sticky":false,"template":"","format":"standard","meta":{"iawp_total_views":30,"footnotes":""},"categories":[192,14,187],"tags":[],"class_list":{"0":"post-8349","1":"post","2":"type-post","3":"status-publish","4":"format-standard","5":"has-post-thumbnail","7":"category-leeisa","8":"category-lsh","9":"category-minea"},"yoast_head":"<!-- This site is optimized with the Yoast SEO plugin v27.5 - https:\/\/yoast.com\/product\/yoast-seo-wordpress\/ -->\n<title>Combler les blancs des cartes pour marquer ses fronti\u00e8res &#8212; Universit\u00e9 de Guyane<\/title>\n<meta name=\"description\" content=\"D\u00e9couvrez le potentiel heuristique des blancs des cartes pour analyser les enjeux politiques des fronti\u00e8res dans les repr\u00e9sentations symboliques.\" \/>\n<meta name=\"robots\" content=\"index, follow, max-snippet:-1, max-image-preview:large, max-video-preview:-1\" \/>\n<link rel=\"canonical\" href=\"https:\/\/www.univ-guyane.fr\/pt\/2023\/12\/21\/combler-les-blancs-des-cartes-pour-marquer-ses-frontieres\/\" \/>\n<meta property=\"og:locale\" content=\"pt_BR\" \/>\n<meta property=\"og:type\" content=\"article\" \/>\n<meta property=\"og:title\" content=\"Combler les blancs des cartes pour marquer ses fronti\u00e8res &#8212; Universit\u00e9 de Guyane\" \/>\n<meta property=\"og:description\" content=\"D\u00e9couvrez le potentiel heuristique des blancs des cartes pour analyser les enjeux politiques des fronti\u00e8res dans les repr\u00e9sentations symboliques.\" \/>\n<meta property=\"og:url\" content=\"https:\/\/www.univ-guyane.fr\/pt\/2023\/12\/21\/combler-les-blancs-des-cartes-pour-marquer-ses-frontieres\/\" \/>\n<meta property=\"og:site_name\" content=\"Universit\u00e9 de Guyane\" \/>\n<meta property=\"article:publisher\" content=\"https:\/\/www.facebook.com\/univguyane\" \/>\n<meta property=\"article:published_time\" content=\"2023-12-21T14:15:08+00:00\" \/>\n<meta property=\"article:modified_time\" content=\"2024-06-17T14:22:25+00:00\" \/>\n<meta property=\"og:image\" content=\"https:\/\/www.univ-guyane.fr\/wp-content\/uploads\/conference-combler-le-blanc-des-cartes.jpeg\" \/>\n\t<meta property=\"og:image:width\" content=\"1800\" \/>\n\t<meta property=\"og:image:height\" content=\"1013\" \/>\n\t<meta property=\"og:image:type\" content=\"image\/jpeg\" \/>\n<meta name=\"author\" content=\"Erick Loiti\u00e8re\" \/>\n<meta name=\"twitter:card\" content=\"summary_large_image\" \/>\n<meta name=\"twitter:creator\" content=\"@univguyane\" \/>\n<meta name=\"twitter:site\" content=\"@univguyane\" \/>\n<meta name=\"twitter:label1\" content=\"Escrito por\" \/>\n\t<meta name=\"twitter:data1\" content=\"Erick Loiti\u00e8re\" \/>\n\t<meta name=\"twitter:label2\" content=\"Est. tempo de leitura\" \/>\n\t<meta name=\"twitter:data2\" content=\"4 minutos\" \/>\n<script type=\"application\/ld+json\" class=\"yoast-schema-graph\">{\"@context\":\"https:\\\/\\\/schema.org\",\"@graph\":[{\"@type\":\"Article\",\"@id\":\"https:\\\/\\\/www.univ-guyane.fr\\\/2023\\\/12\\\/21\\\/combler-les-blancs-des-cartes-pour-marquer-ses-frontieres\\\/#article\",\"isPartOf\":{\"@id\":\"https:\\\/\\\/www.univ-guyane.fr\\\/2023\\\/12\\\/21\\\/combler-les-blancs-des-cartes-pour-marquer-ses-frontieres\\\/\"},\"author\":{\"name\":\"Erick Loiti\u00e8re\",\"@id\":\"https:\\\/\\\/www.univ-guyane.fr\\\/#\\\/schema\\\/person\\\/86d946a28a8be51bb096ccfdf19db179\"},\"headline\":\"Combler les blancs des cartes pour marquer ses fronti\u00e8res\",\"datePublished\":\"2023-12-21T14:15:08+00:00\",\"dateModified\":\"2024-06-17T14:22:25+00:00\",\"mainEntityOfPage\":{\"@id\":\"https:\\\/\\\/www.univ-guyane.fr\\\/2023\\\/12\\\/21\\\/combler-les-blancs-des-cartes-pour-marquer-ses-frontieres\\\/\"},\"wordCount\":862,\"publisher\":{\"@id\":\"https:\\\/\\\/www.univ-guyane.fr\\\/#organization\"},\"image\":{\"@id\":\"https:\\\/\\\/www.univ-guyane.fr\\\/2023\\\/12\\\/21\\\/combler-les-blancs-des-cartes-pour-marquer-ses-frontieres\\\/#primaryimage\"},\"thumbnailUrl\":\"https:\\\/\\\/www.univ-guyane.fr\\\/wp-content\\\/uploads\\\/conference-combler-le-blanc-des-cartes.jpeg\",\"articleSection\":[\"\u2022 LEEISA\",\"\u2022 LSH\",\"\u2022\u00a0MINEA\"],\"inLanguage\":\"pt-BR\"},{\"@type\":\"WebPage\",\"@id\":\"https:\\\/\\\/www.univ-guyane.fr\\\/2023\\\/12\\\/21\\\/combler-les-blancs-des-cartes-pour-marquer-ses-frontieres\\\/\",\"url\":\"https:\\\/\\\/www.univ-guyane.fr\\\/2023\\\/12\\\/21\\\/combler-les-blancs-des-cartes-pour-marquer-ses-frontieres\\\/\",\"name\":\"Combler les blancs des cartes pour marquer ses fronti\u00e8res &#8212; Universit\u00e9 de Guyane\",\"isPartOf\":{\"@id\":\"https:\\\/\\\/www.univ-guyane.fr\\\/#website\"},\"primaryImageOfPage\":{\"@id\":\"https:\\\/\\\/www.univ-guyane.fr\\\/2023\\\/12\\\/21\\\/combler-les-blancs-des-cartes-pour-marquer-ses-frontieres\\\/#primaryimage\"},\"image\":{\"@id\":\"https:\\\/\\\/www.univ-guyane.fr\\\/2023\\\/12\\\/21\\\/combler-les-blancs-des-cartes-pour-marquer-ses-frontieres\\\/#primaryimage\"},\"thumbnailUrl\":\"https:\\\/\\\/www.univ-guyane.fr\\\/wp-content\\\/uploads\\\/conference-combler-le-blanc-des-cartes.jpeg\",\"datePublished\":\"2023-12-21T14:15:08+00:00\",\"dateModified\":\"2024-06-17T14:22:25+00:00\",\"description\":\"D\u00e9couvrez le potentiel heuristique des blancs des cartes pour analyser les enjeux politiques des fronti\u00e8res dans les repr\u00e9sentations symboliques.\",\"breadcrumb\":{\"@id\":\"https:\\\/\\\/www.univ-guyane.fr\\\/2023\\\/12\\\/21\\\/combler-les-blancs-des-cartes-pour-marquer-ses-frontieres\\\/#breadcrumb\"},\"inLanguage\":\"pt-BR\",\"potentialAction\":[{\"@type\":\"ReadAction\",\"target\":[\"https:\\\/\\\/www.univ-guyane.fr\\\/2023\\\/12\\\/21\\\/combler-les-blancs-des-cartes-pour-marquer-ses-frontieres\\\/\"]}]},{\"@type\":\"ImageObject\",\"inLanguage\":\"pt-BR\",\"@id\":\"https:\\\/\\\/www.univ-guyane.fr\\\/2023\\\/12\\\/21\\\/combler-les-blancs-des-cartes-pour-marquer-ses-frontieres\\\/#primaryimage\",\"url\":\"https:\\\/\\\/www.univ-guyane.fr\\\/wp-content\\\/uploads\\\/conference-combler-le-blanc-des-cartes.jpeg\",\"contentUrl\":\"https:\\\/\\\/www.univ-guyane.fr\\\/wp-content\\\/uploads\\\/conference-combler-le-blanc-des-cartes.jpeg\",\"width\":1800,\"height\":1013,\"caption\":\"Combler les blancs des cartes pour marquer ses fronti\u00e8res\"},{\"@type\":\"BreadcrumbList\",\"@id\":\"https:\\\/\\\/www.univ-guyane.fr\\\/2023\\\/12\\\/21\\\/combler-les-blancs-des-cartes-pour-marquer-ses-frontieres\\\/#breadcrumb\",\"itemListElement\":[{\"@type\":\"ListItem\",\"position\":1,\"name\":\"Accueil\",\"item\":\"https:\\\/\\\/www.univ-guyane.fr\\\/\"},{\"@type\":\"ListItem\",\"position\":2,\"name\":\"Combler les blancs des cartes pour marquer ses fronti\u00e8res\"}]},{\"@type\":\"WebSite\",\"@id\":\"https:\\\/\\\/www.univ-guyane.fr\\\/#website\",\"url\":\"https:\\\/\\\/www.univ-guyane.fr\\\/\",\"name\":\"Universit\u00e9 de Guyane\",\"description\":\"Au c\u0153ur de l&#039;amazonie\",\"publisher\":{\"@id\":\"https:\\\/\\\/www.univ-guyane.fr\\\/#organization\"},\"alternateName\":\"UG\",\"potentialAction\":[{\"@type\":\"SearchAction\",\"target\":{\"@type\":\"EntryPoint\",\"urlTemplate\":\"https:\\\/\\\/www.univ-guyane.fr\\\/?s={search_term_string}\"},\"query-input\":{\"@type\":\"PropertyValueSpecification\",\"valueRequired\":true,\"valueName\":\"search_term_string\"}}],\"inLanguage\":\"pt-BR\"},{\"@type\":\"Organization\",\"@id\":\"https:\\\/\\\/www.univ-guyane.fr\\\/#organization\",\"name\":\"Universit\u00e9 de Guyane\",\"alternateName\":\"UG\",\"url\":\"https:\\\/\\\/www.univ-guyane.fr\\\/\",\"logo\":{\"@type\":\"ImageObject\",\"inLanguage\":\"pt-BR\",\"@id\":\"https:\\\/\\\/www.univ-guyane.fr\\\/#\\\/schema\\\/logo\\\/image\\\/\",\"url\":\"https:\\\/\\\/www.univ-guyane.fr\\\/wp-content\\\/uploads\\\/2024\\\/05\\\/f.png\",\"contentUrl\":\"https:\\\/\\\/www.univ-guyane.fr\\\/wp-content\\\/uploads\\\/2024\\\/05\\\/f.png\",\"width\":1024,\"height\":1024,\"caption\":\"Universit\u00e9 de Guyane\"},\"image\":{\"@id\":\"https:\\\/\\\/www.univ-guyane.fr\\\/#\\\/schema\\\/logo\\\/image\\\/\"},\"sameAs\":[\"https:\\\/\\\/www.facebook.com\\\/univguyane\",\"https:\\\/\\\/x.com\\\/univguyane\",\"https:\\\/\\\/gf.linkedin.com\\\/school\\\/universite-de-guyane\\\/\",\"https:\\\/\\\/www.instagram.com\\\/univ_guyane\\\/\"]},{\"@type\":\"Person\",\"@id\":\"https:\\\/\\\/www.univ-guyane.fr\\\/#\\\/schema\\\/person\\\/86d946a28a8be51bb096ccfdf19db179\",\"name\":\"Erick Loiti\u00e8re\",\"image\":{\"@type\":\"ImageObject\",\"inLanguage\":\"pt-BR\",\"@id\":\"https:\\\/\\\/secure.gravatar.com\\\/avatar\\\/0584f332103fbeaf37e52c73b15dca3c547fd9300deb05764e9ad8714839d072?s=96&d=robohash&r=g\",\"url\":\"https:\\\/\\\/secure.gravatar.com\\\/avatar\\\/0584f332103fbeaf37e52c73b15dca3c547fd9300deb05764e9ad8714839d072?s=96&d=robohash&r=g\",\"contentUrl\":\"https:\\\/\\\/secure.gravatar.com\\\/avatar\\\/0584f332103fbeaf37e52c73b15dca3c547fd9300deb05764e9ad8714839d072?s=96&d=robohash&r=g\",\"caption\":\"Erick Loiti\u00e8re\"},\"sameAs\":[\"http:\\\/\\\/www.univ-guyane.fr\"],\"url\":\"https:\\\/\\\/www.univ-guyane.fr\\\/pt\\\/author\\\/eloitierdbz\\\/\"}]}<\/script>\n<!-- \/ Yoast SEO plugin. -->","yoast_head_json":{"title":"Combler les blancs des cartes pour marquer ses fronti\u00e8res &#8212; Universit\u00e9 de Guyane","description":"D\u00e9couvrez le potentiel heuristique des blancs des cartes pour analyser les enjeux politiques des fronti\u00e8res dans les repr\u00e9sentations symboliques.","robots":{"index":"index","follow":"follow","max-snippet":"max-snippet:-1","max-image-preview":"max-image-preview:large","max-video-preview":"max-video-preview:-1"},"canonical":"https:\/\/www.univ-guyane.fr\/pt\/2023\/12\/21\/combler-les-blancs-des-cartes-pour-marquer-ses-frontieres\/","og_locale":"pt_BR","og_type":"article","og_title":"Combler les blancs des cartes pour marquer ses fronti\u00e8res &#8212; Universit\u00e9 de Guyane","og_description":"D\u00e9couvrez le potentiel heuristique des blancs des cartes pour analyser les enjeux politiques des fronti\u00e8res dans les repr\u00e9sentations symboliques.","og_url":"https:\/\/www.univ-guyane.fr\/pt\/2023\/12\/21\/combler-les-blancs-des-cartes-pour-marquer-ses-frontieres\/","og_site_name":"Universit\u00e9 de Guyane","article_publisher":"https:\/\/www.facebook.com\/univguyane","article_published_time":"2023-12-21T14:15:08+00:00","article_modified_time":"2024-06-17T14:22:25+00:00","og_image":[{"width":1800,"height":1013,"url":"https:\/\/www.univ-guyane.fr\/wp-content\/uploads\/conference-combler-le-blanc-des-cartes.jpeg","type":"image\/jpeg"}],"author":"Erick Loiti\u00e8re","twitter_card":"summary_large_image","twitter_creator":"@univguyane","twitter_site":"@univguyane","twitter_misc":{"Escrito por":"Erick Loiti\u00e8re","Est. tempo de leitura":"4 minutos"},"schema":{"@context":"https:\/\/schema.org","@graph":[{"@type":"Article","@id":"https:\/\/www.univ-guyane.fr\/2023\/12\/21\/combler-les-blancs-des-cartes-pour-marquer-ses-frontieres\/#article","isPartOf":{"@id":"https:\/\/www.univ-guyane.fr\/2023\/12\/21\/combler-les-blancs-des-cartes-pour-marquer-ses-frontieres\/"},"author":{"name":"Erick Loiti\u00e8re","@id":"https:\/\/www.univ-guyane.fr\/#\/schema\/person\/86d946a28a8be51bb096ccfdf19db179"},"headline":"Combler les blancs des cartes pour marquer ses fronti\u00e8res","datePublished":"2023-12-21T14:15:08+00:00","dateModified":"2024-06-17T14:22:25+00:00","mainEntityOfPage":{"@id":"https:\/\/www.univ-guyane.fr\/2023\/12\/21\/combler-les-blancs-des-cartes-pour-marquer-ses-frontieres\/"},"wordCount":862,"publisher":{"@id":"https:\/\/www.univ-guyane.fr\/#organization"},"image":{"@id":"https:\/\/www.univ-guyane.fr\/2023\/12\/21\/combler-les-blancs-des-cartes-pour-marquer-ses-frontieres\/#primaryimage"},"thumbnailUrl":"https:\/\/www.univ-guyane.fr\/wp-content\/uploads\/conference-combler-le-blanc-des-cartes.jpeg","articleSection":["\u2022 LEEISA","\u2022 LSH","\u2022\u00a0MINEA"],"inLanguage":"pt-BR"},{"@type":"WebPage","@id":"https:\/\/www.univ-guyane.fr\/2023\/12\/21\/combler-les-blancs-des-cartes-pour-marquer-ses-frontieres\/","url":"https:\/\/www.univ-guyane.fr\/2023\/12\/21\/combler-les-blancs-des-cartes-pour-marquer-ses-frontieres\/","name":"Combler les blancs des cartes pour marquer ses fronti\u00e8res &#8212; Universit\u00e9 de Guyane","isPartOf":{"@id":"https:\/\/www.univ-guyane.fr\/#website"},"primaryImageOfPage":{"@id":"https:\/\/www.univ-guyane.fr\/2023\/12\/21\/combler-les-blancs-des-cartes-pour-marquer-ses-frontieres\/#primaryimage"},"image":{"@id":"https:\/\/www.univ-guyane.fr\/2023\/12\/21\/combler-les-blancs-des-cartes-pour-marquer-ses-frontieres\/#primaryimage"},"thumbnailUrl":"https:\/\/www.univ-guyane.fr\/wp-content\/uploads\/conference-combler-le-blanc-des-cartes.jpeg","datePublished":"2023-12-21T14:15:08+00:00","dateModified":"2024-06-17T14:22:25+00:00","description":"D\u00e9couvrez le potentiel heuristique des blancs des cartes pour analyser les enjeux politiques des fronti\u00e8res dans les repr\u00e9sentations symboliques.","breadcrumb":{"@id":"https:\/\/www.univ-guyane.fr\/2023\/12\/21\/combler-les-blancs-des-cartes-pour-marquer-ses-frontieres\/#breadcrumb"},"inLanguage":"pt-BR","potentialAction":[{"@type":"ReadAction","target":["https:\/\/www.univ-guyane.fr\/2023\/12\/21\/combler-les-blancs-des-cartes-pour-marquer-ses-frontieres\/"]}]},{"@type":"ImageObject","inLanguage":"pt-BR","@id":"https:\/\/www.univ-guyane.fr\/2023\/12\/21\/combler-les-blancs-des-cartes-pour-marquer-ses-frontieres\/#primaryimage","url":"https:\/\/www.univ-guyane.fr\/wp-content\/uploads\/conference-combler-le-blanc-des-cartes.jpeg","contentUrl":"https:\/\/www.univ-guyane.fr\/wp-content\/uploads\/conference-combler-le-blanc-des-cartes.jpeg","width":1800,"height":1013,"caption":"Combler les blancs des cartes pour marquer ses fronti\u00e8res"},{"@type":"BreadcrumbList","@id":"https:\/\/www.univ-guyane.fr\/2023\/12\/21\/combler-les-blancs-des-cartes-pour-marquer-ses-frontieres\/#breadcrumb","itemListElement":[{"@type":"ListItem","position":1,"name":"Accueil","item":"https:\/\/www.univ-guyane.fr\/"},{"@type":"ListItem","position":2,"name":"Combler les blancs des cartes pour marquer ses fronti\u00e8res"}]},{"@type":"WebSite","@id":"https:\/\/www.univ-guyane.fr\/#website","url":"https:\/\/www.univ-guyane.fr\/","name":"Universidade da Guiana","description":"No cora\u00e7\u00e3o da Amaz\u00f4nia","publisher":{"@id":"https:\/\/www.univ-guyane.fr\/#organization"},"alternateName":"UG","potentialAction":[{"@type":"SearchAction","target":{"@type":"EntryPoint","urlTemplate":"https:\/\/www.univ-guyane.fr\/?s={search_term_string}"},"query-input":{"@type":"PropertyValueSpecification","valueRequired":true,"valueName":"search_term_string"}}],"inLanguage":"pt-BR"},{"@type":"Organization","@id":"https:\/\/www.univ-guyane.fr\/#organization","name":"Universidade da Guiana","alternateName":"UG","url":"https:\/\/www.univ-guyane.fr\/","logo":{"@type":"ImageObject","inLanguage":"pt-BR","@id":"https:\/\/www.univ-guyane.fr\/#\/schema\/logo\/image\/","url":"https:\/\/www.univ-guyane.fr\/wp-content\/uploads\/2024\/05\/f.png","contentUrl":"https:\/\/www.univ-guyane.fr\/wp-content\/uploads\/2024\/05\/f.png","width":1024,"height":1024,"caption":"Universit\u00e9 de Guyane"},"image":{"@id":"https:\/\/www.univ-guyane.fr\/#\/schema\/logo\/image\/"},"sameAs":["https:\/\/www.facebook.com\/univguyane","https:\/\/x.com\/univguyane","https:\/\/gf.linkedin.com\/school\/universite-de-guyane\/","https:\/\/www.instagram.com\/univ_guyane\/"]},{"@type":"Person","@id":"https:\/\/www.univ-guyane.fr\/#\/schema\/person\/86d946a28a8be51bb096ccfdf19db179","name":"Erick Loiti\u00e8re","image":{"@type":"ImageObject","inLanguage":"pt-BR","@id":"https:\/\/secure.gravatar.com\/avatar\/0584f332103fbeaf37e52c73b15dca3c547fd9300deb05764e9ad8714839d072?s=96&d=robohash&r=g","url":"https:\/\/secure.gravatar.com\/avatar\/0584f332103fbeaf37e52c73b15dca3c547fd9300deb05764e9ad8714839d072?s=96&d=robohash&r=g","contentUrl":"https:\/\/secure.gravatar.com\/avatar\/0584f332103fbeaf37e52c73b15dca3c547fd9300deb05764e9ad8714839d072?s=96&d=robohash&r=g","caption":"Erick Loiti\u00e8re"},"sameAs":["http:\/\/www.univ-guyane.fr"],"url":"https:\/\/www.univ-guyane.fr\/pt\/author\/eloitierdbz\/"}]}},"_links":{"self":[{"href":"https:\/\/www.univ-guyane.fr\/pt\/wp-json\/wp\/v2\/posts\/8349","targetHints":{"allow":["GET"]}}],"collection":[{"href":"https:\/\/www.univ-guyane.fr\/pt\/wp-json\/wp\/v2\/posts"}],"about":[{"href":"https:\/\/www.univ-guyane.fr\/pt\/wp-json\/wp\/v2\/types\/post"}],"author":[{"embeddable":true,"href":"https:\/\/www.univ-guyane.fr\/pt\/wp-json\/wp\/v2\/users\/1"}],"replies":[{"embeddable":true,"href":"https:\/\/www.univ-guyane.fr\/pt\/wp-json\/wp\/v2\/comments?post=8349"}],"version-history":[{"count":2,"href":"https:\/\/www.univ-guyane.fr\/pt\/wp-json\/wp\/v2\/posts\/8349\/revisions"}],"predecessor-version":[{"id":8353,"href":"https:\/\/www.univ-guyane.fr\/pt\/wp-json\/wp\/v2\/posts\/8349\/revisions\/8353"}],"wp:featuredmedia":[{"embeddable":true,"href":"https:\/\/www.univ-guyane.fr\/pt\/wp-json\/wp\/v2\/media\/8351"}],"wp:attachment":[{"href":"https:\/\/www.univ-guyane.fr\/pt\/wp-json\/wp\/v2\/media?parent=8349"}],"wp:term":[{"taxonomy":"category","embeddable":true,"href":"https:\/\/www.univ-guyane.fr\/pt\/wp-json\/wp\/v2\/categories?post=8349"},{"taxonomy":"post_tag","embeddable":true,"href":"https:\/\/www.univ-guyane.fr\/pt\/wp-json\/wp\/v2\/tags?post=8349"}],"curies":[{"name":"wp","href":"https:\/\/api.w.org\/{rel}","templated":true}]}}