{"id":8403,"date":"2023-12-01T13:58:13","date_gmt":"2023-12-01T16:58:13","guid":{"rendered":"https:\/\/www.univ-guyane.fr\/?p=8403"},"modified":"2024-06-17T14:04:27","modified_gmt":"2024-06-17T17:04:27","slug":"la-lutte-des-migrants-pour-la-liberte-de-circulation-le-cas-de-la-frontiere-franco-italienne-et-de-la-ville-frontaliere-de-vintimille","status":"publish","type":"post","link":"https:\/\/www.univ-guyane.fr\/pt\/2023\/12\/01\/la-lutte-des-migrants-pour-la-liberte-de-circulation-le-cas-de-la-frontiere-franco-italienne-et-de-la-ville-frontaliere-de-vintimille\/","title":{"rendered":"A luta dos migrantes pela liberdade de circula\u00e7\u00e3o: o caso da fronteira franco-italiana e a cidade fronteiri\u00e7a de Ventimiglia"},"content":{"rendered":"<div id=\"fws_69f397face03a\"  data-column-margin=\"default\" data-midnight=\"dark\"  class=\"wpb_row vc_row-fluid vc_row\"  style=\"padding-top: 0px; padding-bottom: 0px; \"><div class=\"row-bg-wrap\" data-bg-animation=\"none\" data-bg-animation-delay=\"\" data-bg-overlay=\"false\"><div class=\"inner-wrap row-bg-layer\" ><div class=\"row-bg viewport-desktop\"  style=\"\"><\/div><\/div><\/div><div class=\"row_col_wrap_12 col span_12 dark left\">\n\t<div  class=\"vc_col-sm-12 wpb_column column_container vc_column_container col no-extra-padding inherit_tablet inherit_phone\"  data-padding-pos=\"all\" data-has-bg-color=\"false\" data-bg-color=\"\" data-bg-opacity=\"1\" data-animation=\"\" data-delay=\"0\" >\n\t\t<div class=\"vc_column-inner\" >\n\t\t\t<div class=\"wpb_wrapper\">\n\t\t\t\t\n<div class=\"wpb_text_column wpb_content_element  chapo\" >\n\t<h2>Como parte do semin\u00e1rio \"Fronteiras, circula\u00e7\u00e3o, interculturalidade e intera\u00e7\u00f5es homem-ambiente\", os laborat\u00f3rios LEEISA e MINEA, em colabora\u00e7\u00e3o com o DFR LSH, est\u00e3o organizando uma confer\u00eancia intitulada \"A luta dos migrantes pela liberdade de circula\u00e7\u00e3o: o caso da fronteira franco-italiana e a cidade fronteiri\u00e7a de Ventimiglia\", na sexta-feira, 8 de dezembro de 2023, das 16h \u00e0s 20h, no F 108.<\/h2>\n<\/div>\n\n\n\n\n<div class=\"wpb_text_column wpb_content_element\" >\n\t<div class=\"wpb_text_column wpb_content_element\">\n<div class=\"wpb_wrapper\">\n<div id=\"lipsum\">\n<span class=\"nectar-dropcap\" >C <\/span>ste artigo tem como objetivo descrever a batalha entre o movimento social aut\u00f4nomo de migra\u00e7\u00e3o e o regime de mobilidade europeu e nacional no contexto das chamadas \"fronteiras internas do espa\u00e7o Schengen de livre circula\u00e7\u00e3o\".<\/p>\n<p>A reintrodu\u00e7\u00e3o de controles pela Fran\u00e7a ao longo de sua fronteira nacional com a It\u00e1lia precisa ser avaliada no contexto europeu mais amplo da \"crise\" desencadeada pela escala da migra\u00e7\u00e3o nos \u00faltimos anos. Desde 2015, de fato, pr\u00e1ticas de verifica\u00e7\u00e3o e rejei\u00e7\u00e3o de movimentos n\u00e3o autorizados come\u00e7aram a se materializar em trens e \u00f4nibus transfronteiri\u00e7os, em estradas provinciais, em ped\u00e1gios de autoestradas e at\u00e9 mesmo em trilhas nas montanhas, em detrimento de pessoas racializadas. Isso n\u00e3o levou a uma interrup\u00e7\u00e3o dos fluxos migrat\u00f3rios, pois as pessoas ainda conseguem passar, mas aumentou o custo humano da viagem em termos de mortes, ferimentos, fadiga e sofrimento. Nesse sentido, as pr\u00e1ticas de auto-organiza\u00e7\u00e3o dos migrantes, as infraestruturas sociais da solidariedade europeia e o ambiente n\u00e3o humano desempenharam um papel fundamental para permitir a ocorr\u00eancia de movimentos n\u00e3o autorizados.<\/p>\n<p>Ventimiglia est\u00e1 localizada na costa da Lig\u00faria, a apenas 6 km da fronteira franco-italiana. Essa cidade de 20.000 habitantes, situada no cora\u00e7\u00e3o de uma \u00e1rea de fronteira historicamente porosa, tem uma longa tradi\u00e7\u00e3o de com\u00e9rcio, alf\u00e2ndega e atividades de contrabando. A reintrodu\u00e7\u00e3o dos controles de fronteira em 2015 remodelou radicalmente a paisagem social do local, como havia se tornado ap\u00f3s a liberaliza\u00e7\u00e3o do movimento sob o Acordo de Schengen. A cidade se tornou tanto uma \u00e1rea de espera informal e um centro de informa\u00e7\u00f5es para pessoas em tr\u00e2nsito quanto um local para o gerenciamento, a discrimina\u00e7\u00e3o e a repress\u00e3o da popula\u00e7\u00e3o migrante.<\/p>\n<p>O Ponente da Lig\u00faria, deformado pela sensibilidade do escritor de San Biagio della Cima, com suas in\u00fameras pequenas hist\u00f3rias fronteiri\u00e7as, aparece como protagonista absoluto da narrativa, e a entidade fronteiri\u00e7a a caracteriza de forma decisiva. A rela\u00e7\u00e3o entre a escrita de Biamonti e a fronteira \u00e9 \u00edntima e intensa, e os leitores podem se inspirar nela para refletir sobre temas caros ao autor: acima de tudo, o antigo <em>pietas<\/em> em meio \u00e0 tempestade da hist\u00f3ria.<\/p>\n<\/div>\n<\/div>\n<\/div>\n<div class=\"wpb_text_column wpb_content_element vc_custom_1701429426851\">\n<div class=\"wpb_wrapper\">\n<p><strong>Sobre o palestrante<\/strong><br \/>\nIvan Bonnin \u00e9 soci\u00f3logo cr\u00edtico e atualmente \u00e9 pesquisador de p\u00f3s-doutorado na Universidade de G\u00eanova. Seus interesses de pesquisa variam de estudos de fronteira a capitalismo racial na Europa e no Mediterr\u00e2neo, de teoria social a rela\u00e7\u00f5es internacionais \"de baixo para cima\". Desde 2015, Ivan tem trabalhado extensivamente na \u00e1rea de fronteira de Ventimiglia, onde realizou an\u00e1lises etnogr\u00e1ficas de v\u00e1rios tipos. Como soci\u00f3logo e ativista, ele acredita na energia transformadora da solidariedade e apoia pr\u00e1ticas democr\u00e1ticas radicais.<\/p>\n<\/div>\n<\/div>\n<\/div>\n\n\n\n\n\t\t\t<\/div> \n\t\t<\/div>\n\t<\/div> \n<\/div><\/div>","protected":false},"excerpt":{"rendered":"Como parte do semin\u00e1rio \"Fronteiras, Circula\u00e7\u00e3o, Interculturalidade e Intera\u00e7\u00e3o Humano-Meio\", a LEEISA e a...","protected":false},"author":1,"featured_media":8404,"comment_status":"closed","ping_status":"open","sticky":false,"template":"","format":"standard","meta":{"iawp_total_views":38,"footnotes":""},"categories":[192,187],"tags":[],"class_list":{"0":"post-8403","1":"post","2":"type-post","3":"status-publish","4":"format-standard","5":"has-post-thumbnail","7":"category-leeisa","8":"category-minea"},"yoast_head":"<!-- This site is optimized with the Yoast SEO plugin v27.5 - https:\/\/yoast.com\/product\/yoast-seo-wordpress\/ -->\n<title>La lutte des migrants pour la libert\u00e9 de circulation : le cas de la fronti\u00e8re franco-italienne et de la ville frontali\u00e8re de Vintimille &#8212; Universit\u00e9 de Guyane<\/title>\n<meta name=\"description\" content=\"D\u00e9couvrez la lutte des migrants pour la libert\u00e9 de circuler en Europe. Une analyse du mouvement social autonome face aux fronti\u00e8res int\u00e9rieures de l&#039;espace Schengen.\" \/>\n<meta name=\"robots\" content=\"index, follow, max-snippet:-1, max-image-preview:large, max-video-preview:-1\" \/>\n<link rel=\"canonical\" href=\"https:\/\/www.univ-guyane.fr\/pt\/2023\/12\/01\/la-lutte-des-migrants-pour-la-liberte-de-circulation-le-cas-de-la-frontiere-franco-italienne-et-de-la-ville-frontaliere-de-vintimille\/\" \/>\n<meta property=\"og:locale\" content=\"pt_BR\" \/>\n<meta property=\"og:type\" content=\"article\" \/>\n<meta property=\"og:title\" content=\"La lutte des migrants pour la libert\u00e9 de circulation : le cas de la fronti\u00e8re franco-italienne et de la ville frontali\u00e8re de Vintimille &#8212; Universit\u00e9 de Guyane\" \/>\n<meta property=\"og:description\" content=\"D\u00e9couvrez la lutte des migrants pour la libert\u00e9 de circuler en Europe. Une analyse du mouvement social autonome face aux fronti\u00e8res int\u00e9rieures de l&#039;espace Schengen.\" \/>\n<meta property=\"og:url\" content=\"https:\/\/www.univ-guyane.fr\/pt\/2023\/12\/01\/la-lutte-des-migrants-pour-la-liberte-de-circulation-le-cas-de-la-frontiere-franco-italienne-et-de-la-ville-frontaliere-de-vintimille\/\" \/>\n<meta property=\"og:site_name\" content=\"Universit\u00e9 de Guyane\" \/>\n<meta property=\"article:publisher\" content=\"https:\/\/www.facebook.com\/univguyane\" \/>\n<meta property=\"article:published_time\" content=\"2023-12-01T16:58:13+00:00\" \/>\n<meta property=\"article:modified_time\" content=\"2024-06-17T17:04:27+00:00\" \/>\n<meta property=\"og:image\" content=\"https:\/\/www.univ-guyane.fr\/wp-content\/uploads\/la-lutte-des-migrants-pour-la-liberte-de-circulation-universite-de-guyane.jpeg\" \/>\n\t<meta property=\"og:image:width\" content=\"1800\" \/>\n\t<meta property=\"og:image:height\" content=\"1013\" \/>\n\t<meta property=\"og:image:type\" content=\"image\/jpeg\" \/>\n<meta name=\"author\" content=\"Erick Loiti\u00e8re\" \/>\n<meta name=\"twitter:card\" content=\"summary_large_image\" \/>\n<meta name=\"twitter:creator\" content=\"@univguyane\" \/>\n<meta name=\"twitter:site\" content=\"@univguyane\" \/>\n<meta name=\"twitter:label1\" content=\"Escrito por\" \/>\n\t<meta name=\"twitter:data1\" content=\"Erick Loiti\u00e8re\" \/>\n\t<meta name=\"twitter:label2\" content=\"Est. tempo de leitura\" \/>\n\t<meta name=\"twitter:data2\" content=\"4 minutos\" \/>\n<script type=\"application\/ld+json\" class=\"yoast-schema-graph\">{\"@context\":\"https:\\\/\\\/schema.org\",\"@graph\":[{\"@type\":\"Article\",\"@id\":\"https:\\\/\\\/www.univ-guyane.fr\\\/2023\\\/12\\\/01\\\/la-lutte-des-migrants-pour-la-liberte-de-circulation-le-cas-de-la-frontiere-franco-italienne-et-de-la-ville-frontaliere-de-vintimille\\\/#article\",\"isPartOf\":{\"@id\":\"https:\\\/\\\/www.univ-guyane.fr\\\/2023\\\/12\\\/01\\\/la-lutte-des-migrants-pour-la-liberte-de-circulation-le-cas-de-la-frontiere-franco-italienne-et-de-la-ville-frontaliere-de-vintimille\\\/\"},\"author\":{\"name\":\"Erick Loiti\u00e8re\",\"@id\":\"https:\\\/\\\/www.univ-guyane.fr\\\/#\\\/schema\\\/person\\\/86d946a28a8be51bb096ccfdf19db179\"},\"headline\":\"La lutte des migrants pour la libert\u00e9 de circulation : le cas de la fronti\u00e8re franco-italienne et de la ville frontali\u00e8re de Vintimille\",\"datePublished\":\"2023-12-01T16:58:13+00:00\",\"dateModified\":\"2024-06-17T17:04:27+00:00\",\"mainEntityOfPage\":{\"@id\":\"https:\\\/\\\/www.univ-guyane.fr\\\/2023\\\/12\\\/01\\\/la-lutte-des-migrants-pour-la-liberte-de-circulation-le-cas-de-la-frontiere-franco-italienne-et-de-la-ville-frontaliere-de-vintimille\\\/\"},\"wordCount\":803,\"publisher\":{\"@id\":\"https:\\\/\\\/www.univ-guyane.fr\\\/#organization\"},\"image\":{\"@id\":\"https:\\\/\\\/www.univ-guyane.fr\\\/2023\\\/12\\\/01\\\/la-lutte-des-migrants-pour-la-liberte-de-circulation-le-cas-de-la-frontiere-franco-italienne-et-de-la-ville-frontaliere-de-vintimille\\\/#primaryimage\"},\"thumbnailUrl\":\"https:\\\/\\\/www.univ-guyane.fr\\\/wp-content\\\/uploads\\\/la-lutte-des-migrants-pour-la-liberte-de-circulation-universite-de-guyane.jpeg\",\"articleSection\":[\"\u2022 LEEISA\",\"\u2022\u00a0MINEA\"],\"inLanguage\":\"pt-BR\"},{\"@type\":\"WebPage\",\"@id\":\"https:\\\/\\\/www.univ-guyane.fr\\\/2023\\\/12\\\/01\\\/la-lutte-des-migrants-pour-la-liberte-de-circulation-le-cas-de-la-frontiere-franco-italienne-et-de-la-ville-frontaliere-de-vintimille\\\/\",\"url\":\"https:\\\/\\\/www.univ-guyane.fr\\\/2023\\\/12\\\/01\\\/la-lutte-des-migrants-pour-la-liberte-de-circulation-le-cas-de-la-frontiere-franco-italienne-et-de-la-ville-frontaliere-de-vintimille\\\/\",\"name\":\"La lutte des migrants pour la libert\u00e9 de circulation : le cas de la fronti\u00e8re franco-italienne et de la ville frontali\u00e8re de Vintimille &#8212; Universit\u00e9 de Guyane\",\"isPartOf\":{\"@id\":\"https:\\\/\\\/www.univ-guyane.fr\\\/#website\"},\"primaryImageOfPage\":{\"@id\":\"https:\\\/\\\/www.univ-guyane.fr\\\/2023\\\/12\\\/01\\\/la-lutte-des-migrants-pour-la-liberte-de-circulation-le-cas-de-la-frontiere-franco-italienne-et-de-la-ville-frontaliere-de-vintimille\\\/#primaryimage\"},\"image\":{\"@id\":\"https:\\\/\\\/www.univ-guyane.fr\\\/2023\\\/12\\\/01\\\/la-lutte-des-migrants-pour-la-liberte-de-circulation-le-cas-de-la-frontiere-franco-italienne-et-de-la-ville-frontaliere-de-vintimille\\\/#primaryimage\"},\"thumbnailUrl\":\"https:\\\/\\\/www.univ-guyane.fr\\\/wp-content\\\/uploads\\\/la-lutte-des-migrants-pour-la-liberte-de-circulation-universite-de-guyane.jpeg\",\"datePublished\":\"2023-12-01T16:58:13+00:00\",\"dateModified\":\"2024-06-17T17:04:27+00:00\",\"description\":\"D\u00e9couvrez la lutte des migrants pour la libert\u00e9 de circuler en Europe. Une analyse du mouvement social autonome face aux fronti\u00e8res int\u00e9rieures de l'espace Schengen.\",\"breadcrumb\":{\"@id\":\"https:\\\/\\\/www.univ-guyane.fr\\\/2023\\\/12\\\/01\\\/la-lutte-des-migrants-pour-la-liberte-de-circulation-le-cas-de-la-frontiere-franco-italienne-et-de-la-ville-frontaliere-de-vintimille\\\/#breadcrumb\"},\"inLanguage\":\"pt-BR\",\"potentialAction\":[{\"@type\":\"ReadAction\",\"target\":[\"https:\\\/\\\/www.univ-guyane.fr\\\/2023\\\/12\\\/01\\\/la-lutte-des-migrants-pour-la-liberte-de-circulation-le-cas-de-la-frontiere-franco-italienne-et-de-la-ville-frontaliere-de-vintimille\\\/\"]}]},{\"@type\":\"ImageObject\",\"inLanguage\":\"pt-BR\",\"@id\":\"https:\\\/\\\/www.univ-guyane.fr\\\/2023\\\/12\\\/01\\\/la-lutte-des-migrants-pour-la-liberte-de-circulation-le-cas-de-la-frontiere-franco-italienne-et-de-la-ville-frontaliere-de-vintimille\\\/#primaryimage\",\"url\":\"https:\\\/\\\/www.univ-guyane.fr\\\/wp-content\\\/uploads\\\/la-lutte-des-migrants-pour-la-liberte-de-circulation-universite-de-guyane.jpeg\",\"contentUrl\":\"https:\\\/\\\/www.univ-guyane.fr\\\/wp-content\\\/uploads\\\/la-lutte-des-migrants-pour-la-liberte-de-circulation-universite-de-guyane.jpeg\",\"width\":1800,\"height\":1013,\"caption\":\"La lutte des migrants pour la libert\u00e9 de circulation : le cas de la fronti\u00e8re franco-italienne et de la ville frontali\u00e8re de Vintimille\"},{\"@type\":\"BreadcrumbList\",\"@id\":\"https:\\\/\\\/www.univ-guyane.fr\\\/2023\\\/12\\\/01\\\/la-lutte-des-migrants-pour-la-liberte-de-circulation-le-cas-de-la-frontiere-franco-italienne-et-de-la-ville-frontaliere-de-vintimille\\\/#breadcrumb\",\"itemListElement\":[{\"@type\":\"ListItem\",\"position\":1,\"name\":\"Accueil\",\"item\":\"https:\\\/\\\/www.univ-guyane.fr\\\/\"},{\"@type\":\"ListItem\",\"position\":2,\"name\":\"La lutte des migrants pour la libert\u00e9 de circulation : le cas de la fronti\u00e8re franco-italienne et de la ville frontali\u00e8re de Vintimille\"}]},{\"@type\":\"WebSite\",\"@id\":\"https:\\\/\\\/www.univ-guyane.fr\\\/#website\",\"url\":\"https:\\\/\\\/www.univ-guyane.fr\\\/\",\"name\":\"Universit\u00e9 de Guyane\",\"description\":\"Au c\u0153ur de l&#039;amazonie\",\"publisher\":{\"@id\":\"https:\\\/\\\/www.univ-guyane.fr\\\/#organization\"},\"alternateName\":\"UG\",\"potentialAction\":[{\"@type\":\"SearchAction\",\"target\":{\"@type\":\"EntryPoint\",\"urlTemplate\":\"https:\\\/\\\/www.univ-guyane.fr\\\/?s={search_term_string}\"},\"query-input\":{\"@type\":\"PropertyValueSpecification\",\"valueRequired\":true,\"valueName\":\"search_term_string\"}}],\"inLanguage\":\"pt-BR\"},{\"@type\":\"Organization\",\"@id\":\"https:\\\/\\\/www.univ-guyane.fr\\\/#organization\",\"name\":\"Universit\u00e9 de Guyane\",\"alternateName\":\"UG\",\"url\":\"https:\\\/\\\/www.univ-guyane.fr\\\/\",\"logo\":{\"@type\":\"ImageObject\",\"inLanguage\":\"pt-BR\",\"@id\":\"https:\\\/\\\/www.univ-guyane.fr\\\/#\\\/schema\\\/logo\\\/image\\\/\",\"url\":\"https:\\\/\\\/www.univ-guyane.fr\\\/wp-content\\\/uploads\\\/2024\\\/05\\\/f.png\",\"contentUrl\":\"https:\\\/\\\/www.univ-guyane.fr\\\/wp-content\\\/uploads\\\/2024\\\/05\\\/f.png\",\"width\":1024,\"height\":1024,\"caption\":\"Universit\u00e9 de Guyane\"},\"image\":{\"@id\":\"https:\\\/\\\/www.univ-guyane.fr\\\/#\\\/schema\\\/logo\\\/image\\\/\"},\"sameAs\":[\"https:\\\/\\\/www.facebook.com\\\/univguyane\",\"https:\\\/\\\/x.com\\\/univguyane\",\"https:\\\/\\\/gf.linkedin.com\\\/school\\\/universite-de-guyane\\\/\",\"https:\\\/\\\/www.instagram.com\\\/univ_guyane\\\/\"]},{\"@type\":\"Person\",\"@id\":\"https:\\\/\\\/www.univ-guyane.fr\\\/#\\\/schema\\\/person\\\/86d946a28a8be51bb096ccfdf19db179\",\"name\":\"Erick Loiti\u00e8re\",\"image\":{\"@type\":\"ImageObject\",\"inLanguage\":\"pt-BR\",\"@id\":\"https:\\\/\\\/secure.gravatar.com\\\/avatar\\\/0584f332103fbeaf37e52c73b15dca3c547fd9300deb05764e9ad8714839d072?s=96&d=robohash&r=g\",\"url\":\"https:\\\/\\\/secure.gravatar.com\\\/avatar\\\/0584f332103fbeaf37e52c73b15dca3c547fd9300deb05764e9ad8714839d072?s=96&d=robohash&r=g\",\"contentUrl\":\"https:\\\/\\\/secure.gravatar.com\\\/avatar\\\/0584f332103fbeaf37e52c73b15dca3c547fd9300deb05764e9ad8714839d072?s=96&d=robohash&r=g\",\"caption\":\"Erick Loiti\u00e8re\"},\"sameAs\":[\"http:\\\/\\\/www.univ-guyane.fr\"],\"url\":\"https:\\\/\\\/www.univ-guyane.fr\\\/pt\\\/author\\\/eloitierdbz\\\/\"}]}<\/script>\n<!-- \/ Yoast SEO plugin. -->","yoast_head_json":{"title":"A luta dos migrantes pela liberdade de circula\u00e7\u00e3o: o caso da fronteira franco-italiana e a cidade fronteiri\u00e7a de Ventimiglia - Universit\u00e9 de Guyane","description":"Saiba mais sobre a luta dos migrantes pela liberdade de circula\u00e7\u00e3o na Europa. Uma an\u00e1lise do movimento social aut\u00f4nomo contra as fronteiras internas do espa\u00e7o Schengen.","robots":{"index":"index","follow":"follow","max-snippet":"max-snippet:-1","max-image-preview":"max-image-preview:large","max-video-preview":"max-video-preview:-1"},"canonical":"https:\/\/www.univ-guyane.fr\/pt\/2023\/12\/01\/la-lutte-des-migrants-pour-la-liberte-de-circulation-le-cas-de-la-frontiere-franco-italienne-et-de-la-ville-frontaliere-de-vintimille\/","og_locale":"pt_BR","og_type":"article","og_title":"La lutte des migrants pour la libert\u00e9 de circulation : le cas de la fronti\u00e8re franco-italienne et de la ville frontali\u00e8re de Vintimille &#8212; Universit\u00e9 de Guyane","og_description":"D\u00e9couvrez la lutte des migrants pour la libert\u00e9 de circuler en Europe. Une analyse du mouvement social autonome face aux fronti\u00e8res int\u00e9rieures de l'espace Schengen.","og_url":"https:\/\/www.univ-guyane.fr\/pt\/2023\/12\/01\/la-lutte-des-migrants-pour-la-liberte-de-circulation-le-cas-de-la-frontiere-franco-italienne-et-de-la-ville-frontaliere-de-vintimille\/","og_site_name":"Universit\u00e9 de Guyane","article_publisher":"https:\/\/www.facebook.com\/univguyane","article_published_time":"2023-12-01T16:58:13+00:00","article_modified_time":"2024-06-17T17:04:27+00:00","og_image":[{"width":1800,"height":1013,"url":"https:\/\/www.univ-guyane.fr\/wp-content\/uploads\/la-lutte-des-migrants-pour-la-liberte-de-circulation-universite-de-guyane.jpeg","type":"image\/jpeg"}],"author":"Erick Loiti\u00e8re","twitter_card":"summary_large_image","twitter_creator":"@univguyane","twitter_site":"@univguyane","twitter_misc":{"Escrito por":"Erick Loiti\u00e8re","Est. tempo de leitura":"4 minutos"},"schema":{"@context":"https:\/\/schema.org","@graph":[{"@type":"Article","@id":"https:\/\/www.univ-guyane.fr\/2023\/12\/01\/la-lutte-des-migrants-pour-la-liberte-de-circulation-le-cas-de-la-frontiere-franco-italienne-et-de-la-ville-frontaliere-de-vintimille\/#article","isPartOf":{"@id":"https:\/\/www.univ-guyane.fr\/2023\/12\/01\/la-lutte-des-migrants-pour-la-liberte-de-circulation-le-cas-de-la-frontiere-franco-italienne-et-de-la-ville-frontaliere-de-vintimille\/"},"author":{"name":"Erick Loiti\u00e8re","@id":"https:\/\/www.univ-guyane.fr\/#\/schema\/person\/86d946a28a8be51bb096ccfdf19db179"},"headline":"La lutte des migrants pour la libert\u00e9 de circulation : le cas de la fronti\u00e8re franco-italienne et de la ville frontali\u00e8re de Vintimille","datePublished":"2023-12-01T16:58:13+00:00","dateModified":"2024-06-17T17:04:27+00:00","mainEntityOfPage":{"@id":"https:\/\/www.univ-guyane.fr\/2023\/12\/01\/la-lutte-des-migrants-pour-la-liberte-de-circulation-le-cas-de-la-frontiere-franco-italienne-et-de-la-ville-frontaliere-de-vintimille\/"},"wordCount":803,"publisher":{"@id":"https:\/\/www.univ-guyane.fr\/#organization"},"image":{"@id":"https:\/\/www.univ-guyane.fr\/2023\/12\/01\/la-lutte-des-migrants-pour-la-liberte-de-circulation-le-cas-de-la-frontiere-franco-italienne-et-de-la-ville-frontaliere-de-vintimille\/#primaryimage"},"thumbnailUrl":"https:\/\/www.univ-guyane.fr\/wp-content\/uploads\/la-lutte-des-migrants-pour-la-liberte-de-circulation-universite-de-guyane.jpeg","articleSection":["\u2022 LEEISA","\u2022\u00a0MINEA"],"inLanguage":"pt-BR"},{"@type":"WebPage","@id":"https:\/\/www.univ-guyane.fr\/2023\/12\/01\/la-lutte-des-migrants-pour-la-liberte-de-circulation-le-cas-de-la-frontiere-franco-italienne-et-de-la-ville-frontaliere-de-vintimille\/","url":"https:\/\/www.univ-guyane.fr\/2023\/12\/01\/la-lutte-des-migrants-pour-la-liberte-de-circulation-le-cas-de-la-frontiere-franco-italienne-et-de-la-ville-frontaliere-de-vintimille\/","name":"A luta dos migrantes pela liberdade de circula\u00e7\u00e3o: o caso da fronteira franco-italiana e a cidade fronteiri\u00e7a de Ventimiglia - Universit\u00e9 de Guyane","isPartOf":{"@id":"https:\/\/www.univ-guyane.fr\/#website"},"primaryImageOfPage":{"@id":"https:\/\/www.univ-guyane.fr\/2023\/12\/01\/la-lutte-des-migrants-pour-la-liberte-de-circulation-le-cas-de-la-frontiere-franco-italienne-et-de-la-ville-frontaliere-de-vintimille\/#primaryimage"},"image":{"@id":"https:\/\/www.univ-guyane.fr\/2023\/12\/01\/la-lutte-des-migrants-pour-la-liberte-de-circulation-le-cas-de-la-frontiere-franco-italienne-et-de-la-ville-frontaliere-de-vintimille\/#primaryimage"},"thumbnailUrl":"https:\/\/www.univ-guyane.fr\/wp-content\/uploads\/la-lutte-des-migrants-pour-la-liberte-de-circulation-universite-de-guyane.jpeg","datePublished":"2023-12-01T16:58:13+00:00","dateModified":"2024-06-17T17:04:27+00:00","description":"Saiba mais sobre a luta dos migrantes pela liberdade de circula\u00e7\u00e3o na Europa. Uma an\u00e1lise do movimento social aut\u00f4nomo contra as fronteiras internas do espa\u00e7o Schengen.","breadcrumb":{"@id":"https:\/\/www.univ-guyane.fr\/2023\/12\/01\/la-lutte-des-migrants-pour-la-liberte-de-circulation-le-cas-de-la-frontiere-franco-italienne-et-de-la-ville-frontaliere-de-vintimille\/#breadcrumb"},"inLanguage":"pt-BR","potentialAction":[{"@type":"ReadAction","target":["https:\/\/www.univ-guyane.fr\/2023\/12\/01\/la-lutte-des-migrants-pour-la-liberte-de-circulation-le-cas-de-la-frontiere-franco-italienne-et-de-la-ville-frontaliere-de-vintimille\/"]}]},{"@type":"ImageObject","inLanguage":"pt-BR","@id":"https:\/\/www.univ-guyane.fr\/2023\/12\/01\/la-lutte-des-migrants-pour-la-liberte-de-circulation-le-cas-de-la-frontiere-franco-italienne-et-de-la-ville-frontaliere-de-vintimille\/#primaryimage","url":"https:\/\/www.univ-guyane.fr\/wp-content\/uploads\/la-lutte-des-migrants-pour-la-liberte-de-circulation-universite-de-guyane.jpeg","contentUrl":"https:\/\/www.univ-guyane.fr\/wp-content\/uploads\/la-lutte-des-migrants-pour-la-liberte-de-circulation-universite-de-guyane.jpeg","width":1800,"height":1013,"caption":"La lutte des migrants pour la libert\u00e9 de circulation : le cas de la fronti\u00e8re franco-italienne et de la ville frontali\u00e8re de Vintimille"},{"@type":"BreadcrumbList","@id":"https:\/\/www.univ-guyane.fr\/2023\/12\/01\/la-lutte-des-migrants-pour-la-liberte-de-circulation-le-cas-de-la-frontiere-franco-italienne-et-de-la-ville-frontaliere-de-vintimille\/#breadcrumb","itemListElement":[{"@type":"ListItem","position":1,"name":"Accueil","item":"https:\/\/www.univ-guyane.fr\/"},{"@type":"ListItem","position":2,"name":"La lutte des migrants pour la libert\u00e9 de circulation : le cas de la fronti\u00e8re franco-italienne et de la ville frontali\u00e8re de Vintimille"}]},{"@type":"WebSite","@id":"https:\/\/www.univ-guyane.fr\/#website","url":"https:\/\/www.univ-guyane.fr\/","name":"Universidade da Guiana","description":"No cora\u00e7\u00e3o da Amaz\u00f4nia","publisher":{"@id":"https:\/\/www.univ-guyane.fr\/#organization"},"alternateName":"UG","potentialAction":[{"@type":"SearchAction","target":{"@type":"EntryPoint","urlTemplate":"https:\/\/www.univ-guyane.fr\/?s={search_term_string}"},"query-input":{"@type":"PropertyValueSpecification","valueRequired":true,"valueName":"search_term_string"}}],"inLanguage":"pt-BR"},{"@type":"Organization","@id":"https:\/\/www.univ-guyane.fr\/#organization","name":"Universidade da Guiana","alternateName":"UG","url":"https:\/\/www.univ-guyane.fr\/","logo":{"@type":"ImageObject","inLanguage":"pt-BR","@id":"https:\/\/www.univ-guyane.fr\/#\/schema\/logo\/image\/","url":"https:\/\/www.univ-guyane.fr\/wp-content\/uploads\/2024\/05\/f.png","contentUrl":"https:\/\/www.univ-guyane.fr\/wp-content\/uploads\/2024\/05\/f.png","width":1024,"height":1024,"caption":"Universit\u00e9 de Guyane"},"image":{"@id":"https:\/\/www.univ-guyane.fr\/#\/schema\/logo\/image\/"},"sameAs":["https:\/\/www.facebook.com\/univguyane","https:\/\/x.com\/univguyane","https:\/\/gf.linkedin.com\/school\/universite-de-guyane\/","https:\/\/www.instagram.com\/univ_guyane\/"]},{"@type":"Person","@id":"https:\/\/www.univ-guyane.fr\/#\/schema\/person\/86d946a28a8be51bb096ccfdf19db179","name":"Erick Loiti\u00e8re","image":{"@type":"ImageObject","inLanguage":"pt-BR","@id":"https:\/\/secure.gravatar.com\/avatar\/0584f332103fbeaf37e52c73b15dca3c547fd9300deb05764e9ad8714839d072?s=96&d=robohash&r=g","url":"https:\/\/secure.gravatar.com\/avatar\/0584f332103fbeaf37e52c73b15dca3c547fd9300deb05764e9ad8714839d072?s=96&d=robohash&r=g","contentUrl":"https:\/\/secure.gravatar.com\/avatar\/0584f332103fbeaf37e52c73b15dca3c547fd9300deb05764e9ad8714839d072?s=96&d=robohash&r=g","caption":"Erick Loiti\u00e8re"},"sameAs":["http:\/\/www.univ-guyane.fr"],"url":"https:\/\/www.univ-guyane.fr\/pt\/author\/eloitierdbz\/"}]}},"_links":{"self":[{"href":"https:\/\/www.univ-guyane.fr\/pt\/wp-json\/wp\/v2\/posts\/8403","targetHints":{"allow":["GET"]}}],"collection":[{"href":"https:\/\/www.univ-guyane.fr\/pt\/wp-json\/wp\/v2\/posts"}],"about":[{"href":"https:\/\/www.univ-guyane.fr\/pt\/wp-json\/wp\/v2\/types\/post"}],"author":[{"embeddable":true,"href":"https:\/\/www.univ-guyane.fr\/pt\/wp-json\/wp\/v2\/users\/1"}],"replies":[{"embeddable":true,"href":"https:\/\/www.univ-guyane.fr\/pt\/wp-json\/wp\/v2\/comments?post=8403"}],"version-history":[{"count":1,"href":"https:\/\/www.univ-guyane.fr\/pt\/wp-json\/wp\/v2\/posts\/8403\/revisions"}],"predecessor-version":[{"id":8405,"href":"https:\/\/www.univ-guyane.fr\/pt\/wp-json\/wp\/v2\/posts\/8403\/revisions\/8405"}],"wp:featuredmedia":[{"embeddable":true,"href":"https:\/\/www.univ-guyane.fr\/pt\/wp-json\/wp\/v2\/media\/8404"}],"wp:attachment":[{"href":"https:\/\/www.univ-guyane.fr\/pt\/wp-json\/wp\/v2\/media?parent=8403"}],"wp:term":[{"taxonomy":"category","embeddable":true,"href":"https:\/\/www.univ-guyane.fr\/pt\/wp-json\/wp\/v2\/categories?post=8403"},{"taxonomy":"post_tag","embeddable":true,"href":"https:\/\/www.univ-guyane.fr\/pt\/wp-json\/wp\/v2\/tags?post=8403"}],"curies":[{"name":"wp","href":"https:\/\/api.w.org\/{rel}","templated":true}]}}