{"id":8420,"date":"2023-11-28T14:24:26","date_gmt":"2023-11-28T17:24:26","guid":{"rendered":"https:\/\/www.univ-guyane.fr\/?p=8420"},"modified":"2024-06-17T14:30:53","modified_gmt":"2024-06-17T17:30:53","slug":"une-cooperation-triangulaire-ambitieuse-entre-lamazonie-les-caraibes-et-lafrique","status":"publish","type":"post","link":"https:\/\/www.univ-guyane.fr\/pt\/2023\/11\/28\/une-cooperation-triangulaire-ambitieuse-entre-lamazonie-les-caraibes-et-lafrique\/","title":{"rendered":"Ambiciosa coopera\u00e7\u00e3o triangular entre a Amaz\u00f4nia, o Caribe e a \u00c1frica"},"content":{"rendered":"<div id=\"fws_69f3a6c2381c1\"  data-column-margin=\"default\" data-midnight=\"dark\"  class=\"wpb_row vc_row-fluid vc_row\"  style=\"padding-top: 0px; padding-bottom: 0px; \"><div class=\"row-bg-wrap\" data-bg-animation=\"none\" data-bg-animation-delay=\"\" data-bg-overlay=\"false\"><div class=\"inner-wrap row-bg-layer\" ><div class=\"row-bg viewport-desktop\"  style=\"\"><\/div><\/div><\/div><div class=\"row_col_wrap_12 col span_12 dark left\">\n\t<div  class=\"vc_col-sm-12 wpb_column column_container vc_column_container col no-extra-padding inherit_tablet inherit_phone\"  data-padding-pos=\"all\" data-has-bg-color=\"false\" data-bg-color=\"\" data-bg-opacity=\"1\" data-animation=\"\" data-delay=\"0\" >\n\t\t<div class=\"vc_column-inner\" >\n\t\t\t<div class=\"wpb_wrapper\">\n\t\t\t\t\n<div class=\"wpb_text_column wpb_content_element  chapo\" >\n\t<h2>Um ambicioso projeto de coopera\u00e7\u00e3o internacional entre a Amaz\u00f4nia, o Caribe e a \u00c1frica tomou forma recentemente, orquestrado pela Universidade da Guiana.<\/h2>\n<\/div>\n\n\n\n\n<div class=\"wpb_text_column wpb_content_element\" >\n\t<p><span class=\"nectar-dropcap\" >C <\/span>objetivo dessa colabora\u00e7\u00e3o \u00e9 incentivar encontros educacionais e cient\u00edficos, com foco nas dimens\u00f5es de identidade, idioma e patrim\u00f4nio. Por meio de interc\u00e2mbios e mobilidade entre estudantes, pesquisadores e administradores, essa iniciativa visa a fortalecer os v\u00ednculos culturais e acad\u00eamicos entre tr\u00eas regi\u00f5es geograficamente distintas, mas unidas por quest\u00f5es comuns.<\/p>\n<p>O projeto come\u00e7ou com reuni\u00f5es entre estudantes e pesquisadores das universidades da Guiana, Amap\u00e1 (Brasil), Senegal e Benin, bem como de outras regi\u00f5es do Caribe. Com foco em quest\u00f5es cruciais, como identidade, lingu\u00edstica e patrim\u00f4nio, essas reuni\u00f5es lan\u00e7aram as bases para uma a\u00e7\u00e3o conjunta e abriram caminho para a reflex\u00e3o transfronteiri\u00e7a.<br \/>\nA mobilidade de alunos, professores e administradores formou o n\u00facleo din\u00e2mico do projeto. Os participantes mergulharam em um estudo aprofundado do espa\u00e7o amaz\u00f4nico, caribenho e africano, explorando uma variedade de temas como literatura franc\u00f3fona, artes c\u00eanicas, ecossistemas, direitos consuetudin\u00e1rios e din\u00e2micas interculturais. Esses interc\u00e2mbios ajudaram a ampliar os horizontes intelectuais e a promover uma cultura de rela\u00e7\u00f5es e coopera\u00e7\u00e3o internacionais.<\/p>\n<p>Um semin\u00e1rio, organizado de 06 a 10 de novembro de 2023, levou \u00e0 apresenta\u00e7\u00e3o de um trabalho coletivo intitulado Litt\u00e9rature, d\u00e9colonialit\u00e9 et transits entre la Guyane et le Suriname. Essa iniciativa foi poss\u00edvel gra\u00e7as \u00e0 mobilidade dos colegas brasileiros Natali COSTA, da Universidade Federal do Amap\u00e1, no Brasil, e Juliana SANTINI, da Universidade Estadual Paulista de S\u00e3o Paulo (UNESP), como parte da bolsa Inter-UG Brasil e Am\u00e9rica Latina. Dois colegas africanos, Charles Dossou LIGAN, do Benin, e Aminata AIDARA, do Senegal, tamb\u00e9m participaram do semin\u00e1rio, gra\u00e7as a um pedido de subs\u00eddio para \"Outras \u00e1reas geogr\u00e1ficas\".<\/p>\n<p>Esse projeto n\u00e3o se limita a interc\u00e2mbios pontuais, mas prepara o caminho para uma colabora\u00e7\u00e3o cont\u00ednua. Essas fertiliza\u00e7\u00f5es cruzadas abriram o caminho para projetos futuros. Os interc\u00e2mbios sobre o tambor entre a \u00c1frica e as Antilhas-Guyane, orquestrados por um colega da Universit\u00e9 des Antilles, Apollinaire ANAKESA KULULUKA, j\u00e1 s\u00e3o os precursores de futuros projetos multidisciplinares transfronteiri\u00e7os.<\/p>\n<p>A coopera\u00e7\u00e3o triangular entre a Amaz\u00f4nia, o Caribe e a \u00c1frica incorporada neste projeto transcende as fronteiras geogr\u00e1ficas para criar um espa\u00e7o de aprendizado e compreens\u00e3o m\u00fatua. Ao reunir mentes criativas de diferentes regi\u00f5es, essa colabora\u00e7\u00e3o oferece uma plataforma para abordar quest\u00f5es comuns, celebrar a diversidade e construir pontes duradouras entre os continentes.<\/p>\n<\/div>\n\n\n\n\n\t\t\t<\/div> \n\t\t<\/div>\n\t<\/div> \n<\/div><\/div>","protected":false},"excerpt":{"rendered":"Um ambicioso projeto de coopera\u00e7\u00e3o internacional entre a Amaz\u00f4nia, o Caribe e a \u00c1frica foi lan\u00e7ado recentemente....","protected":false},"author":1,"featured_media":8421,"comment_status":"closed","ping_status":"open","sticky":false,"template":"","format":"standard","meta":{"iawp_total_views":43,"footnotes":""},"categories":[187],"tags":[],"class_list":{"0":"post-8420","1":"post","2":"type-post","3":"status-publish","4":"format-standard","5":"has-post-thumbnail","7":"category-minea"},"yoast_head":"<!-- This site is optimized with the Yoast SEO plugin v27.5 - https:\/\/yoast.com\/product\/yoast-seo-wordpress\/ -->\n<title>Une Coop\u00e9ration Triangulaire ambitieuse entre l\u2019Amazonie, les Cara\u00efbes et l\u2019Afrique &#8212; Universit\u00e9 de Guyane<\/title>\n<meta name=\"description\" content=\"D\u00e9couvrez la coop\u00e9ration triangulaire entre l&#039;Amazonie, les Cara\u00efbes et l&#039;Afrique. Renforcez les liens culturels et acad\u00e9miques gr\u00e2ce \u00e0 des \u00e9changes et des mobilit\u00e9s \u00e9tudiantes.\" \/>\n<meta name=\"robots\" content=\"index, follow, max-snippet:-1, max-image-preview:large, max-video-preview:-1\" \/>\n<link rel=\"canonical\" href=\"https:\/\/www.univ-guyane.fr\/pt\/2023\/11\/28\/une-cooperation-triangulaire-ambitieuse-entre-lamazonie-les-caraibes-et-lafrique\/\" \/>\n<meta property=\"og:locale\" content=\"pt_BR\" \/>\n<meta property=\"og:type\" content=\"article\" \/>\n<meta property=\"og:title\" content=\"Une Coop\u00e9ration Triangulaire ambitieuse entre l\u2019Amazonie, les Cara\u00efbes et l\u2019Afrique &#8212; Universit\u00e9 de Guyane\" \/>\n<meta property=\"og:description\" content=\"D\u00e9couvrez la coop\u00e9ration triangulaire entre l&#039;Amazonie, les Cara\u00efbes et l&#039;Afrique. Renforcez les liens culturels et acad\u00e9miques gr\u00e2ce \u00e0 des \u00e9changes et des mobilit\u00e9s \u00e9tudiantes.\" \/>\n<meta property=\"og:url\" content=\"https:\/\/www.univ-guyane.fr\/pt\/2023\/11\/28\/une-cooperation-triangulaire-ambitieuse-entre-lamazonie-les-caraibes-et-lafrique\/\" \/>\n<meta property=\"og:site_name\" content=\"Universit\u00e9 de Guyane\" \/>\n<meta property=\"article:publisher\" content=\"https:\/\/www.facebook.com\/univguyane\" \/>\n<meta property=\"article:published_time\" content=\"2023-11-28T17:24:26+00:00\" \/>\n<meta property=\"article:modified_time\" content=\"2024-06-17T17:30:53+00:00\" \/>\n<meta property=\"og:image\" content=\"https:\/\/www.univ-guyane.fr\/wp-content\/uploads\/une-cooperation-triangulaire-ambitieuse-entre-l-amazonie-les-caraibes-et-l-afrique-universite-de-guyane.jpeg\" \/>\n\t<meta property=\"og:image:width\" content=\"1800\" \/>\n\t<meta property=\"og:image:height\" content=\"1013\" \/>\n\t<meta property=\"og:image:type\" content=\"image\/jpeg\" \/>\n<meta name=\"author\" content=\"Erick Loiti\u00e8re\" \/>\n<meta name=\"twitter:card\" content=\"summary_large_image\" \/>\n<meta name=\"twitter:creator\" content=\"@univguyane\" \/>\n<meta name=\"twitter:site\" content=\"@univguyane\" \/>\n<meta name=\"twitter:label1\" content=\"Escrito por\" \/>\n\t<meta name=\"twitter:data1\" content=\"Erick Loiti\u00e8re\" \/>\n\t<meta name=\"twitter:label2\" content=\"Est. tempo de leitura\" \/>\n\t<meta name=\"twitter:data2\" content=\"3 minutos\" \/>\n<script type=\"application\/ld+json\" class=\"yoast-schema-graph\">{\"@context\":\"https:\\\/\\\/schema.org\",\"@graph\":[{\"@type\":\"Article\",\"@id\":\"https:\\\/\\\/www.univ-guyane.fr\\\/2023\\\/11\\\/28\\\/une-cooperation-triangulaire-ambitieuse-entre-lamazonie-les-caraibes-et-lafrique\\\/#article\",\"isPartOf\":{\"@id\":\"https:\\\/\\\/www.univ-guyane.fr\\\/2023\\\/11\\\/28\\\/une-cooperation-triangulaire-ambitieuse-entre-lamazonie-les-caraibes-et-lafrique\\\/\"},\"author\":{\"name\":\"Erick Loiti\u00e8re\",\"@id\":\"https:\\\/\\\/www.univ-guyane.fr\\\/#\\\/schema\\\/person\\\/86d946a28a8be51bb096ccfdf19db179\"},\"headline\":\"Une Coop\u00e9ration Triangulaire ambitieuse entre l\u2019Amazonie, les Cara\u00efbes et l\u2019Afrique\",\"datePublished\":\"2023-11-28T17:24:26+00:00\",\"dateModified\":\"2024-06-17T17:30:53+00:00\",\"mainEntityOfPage\":{\"@id\":\"https:\\\/\\\/www.univ-guyane.fr\\\/2023\\\/11\\\/28\\\/une-cooperation-triangulaire-ambitieuse-entre-lamazonie-les-caraibes-et-lafrique\\\/\"},\"wordCount\":685,\"publisher\":{\"@id\":\"https:\\\/\\\/www.univ-guyane.fr\\\/#organization\"},\"image\":{\"@id\":\"https:\\\/\\\/www.univ-guyane.fr\\\/2023\\\/11\\\/28\\\/une-cooperation-triangulaire-ambitieuse-entre-lamazonie-les-caraibes-et-lafrique\\\/#primaryimage\"},\"thumbnailUrl\":\"https:\\\/\\\/www.univ-guyane.fr\\\/wp-content\\\/uploads\\\/une-cooperation-triangulaire-ambitieuse-entre-l-amazonie-les-caraibes-et-l-afrique-universite-de-guyane.jpeg\",\"articleSection\":[\"\u2022\u00a0MINEA\"],\"inLanguage\":\"pt-BR\"},{\"@type\":\"WebPage\",\"@id\":\"https:\\\/\\\/www.univ-guyane.fr\\\/2023\\\/11\\\/28\\\/une-cooperation-triangulaire-ambitieuse-entre-lamazonie-les-caraibes-et-lafrique\\\/\",\"url\":\"https:\\\/\\\/www.univ-guyane.fr\\\/2023\\\/11\\\/28\\\/une-cooperation-triangulaire-ambitieuse-entre-lamazonie-les-caraibes-et-lafrique\\\/\",\"name\":\"Une Coop\u00e9ration Triangulaire ambitieuse entre l\u2019Amazonie, les Cara\u00efbes et l\u2019Afrique &#8212; Universit\u00e9 de Guyane\",\"isPartOf\":{\"@id\":\"https:\\\/\\\/www.univ-guyane.fr\\\/#website\"},\"primaryImageOfPage\":{\"@id\":\"https:\\\/\\\/www.univ-guyane.fr\\\/2023\\\/11\\\/28\\\/une-cooperation-triangulaire-ambitieuse-entre-lamazonie-les-caraibes-et-lafrique\\\/#primaryimage\"},\"image\":{\"@id\":\"https:\\\/\\\/www.univ-guyane.fr\\\/2023\\\/11\\\/28\\\/une-cooperation-triangulaire-ambitieuse-entre-lamazonie-les-caraibes-et-lafrique\\\/#primaryimage\"},\"thumbnailUrl\":\"https:\\\/\\\/www.univ-guyane.fr\\\/wp-content\\\/uploads\\\/une-cooperation-triangulaire-ambitieuse-entre-l-amazonie-les-caraibes-et-l-afrique-universite-de-guyane.jpeg\",\"datePublished\":\"2023-11-28T17:24:26+00:00\",\"dateModified\":\"2024-06-17T17:30:53+00:00\",\"description\":\"D\u00e9couvrez la coop\u00e9ration triangulaire entre l'Amazonie, les Cara\u00efbes et l'Afrique. Renforcez les liens culturels et acad\u00e9miques gr\u00e2ce \u00e0 des \u00e9changes et des mobilit\u00e9s \u00e9tudiantes.\",\"breadcrumb\":{\"@id\":\"https:\\\/\\\/www.univ-guyane.fr\\\/2023\\\/11\\\/28\\\/une-cooperation-triangulaire-ambitieuse-entre-lamazonie-les-caraibes-et-lafrique\\\/#breadcrumb\"},\"inLanguage\":\"pt-BR\",\"potentialAction\":[{\"@type\":\"ReadAction\",\"target\":[\"https:\\\/\\\/www.univ-guyane.fr\\\/2023\\\/11\\\/28\\\/une-cooperation-triangulaire-ambitieuse-entre-lamazonie-les-caraibes-et-lafrique\\\/\"]}]},{\"@type\":\"ImageObject\",\"inLanguage\":\"pt-BR\",\"@id\":\"https:\\\/\\\/www.univ-guyane.fr\\\/2023\\\/11\\\/28\\\/une-cooperation-triangulaire-ambitieuse-entre-lamazonie-les-caraibes-et-lafrique\\\/#primaryimage\",\"url\":\"https:\\\/\\\/www.univ-guyane.fr\\\/wp-content\\\/uploads\\\/une-cooperation-triangulaire-ambitieuse-entre-l-amazonie-les-caraibes-et-l-afrique-universite-de-guyane.jpeg\",\"contentUrl\":\"https:\\\/\\\/www.univ-guyane.fr\\\/wp-content\\\/uploads\\\/une-cooperation-triangulaire-ambitieuse-entre-l-amazonie-les-caraibes-et-l-afrique-universite-de-guyane.jpeg\",\"width\":1800,\"height\":1013,\"caption\":\"Une Coop\u00e9ration Triangulaire ambitieuse entre l\u2019Amazonie, les Cara\u00efbes et l\u2019Afrique\"},{\"@type\":\"BreadcrumbList\",\"@id\":\"https:\\\/\\\/www.univ-guyane.fr\\\/2023\\\/11\\\/28\\\/une-cooperation-triangulaire-ambitieuse-entre-lamazonie-les-caraibes-et-lafrique\\\/#breadcrumb\",\"itemListElement\":[{\"@type\":\"ListItem\",\"position\":1,\"name\":\"Accueil\",\"item\":\"https:\\\/\\\/www.univ-guyane.fr\\\/\"},{\"@type\":\"ListItem\",\"position\":2,\"name\":\"Une Coop\u00e9ration Triangulaire ambitieuse entre l\u2019Amazonie, les Cara\u00efbes et l\u2019Afrique\"}]},{\"@type\":\"WebSite\",\"@id\":\"https:\\\/\\\/www.univ-guyane.fr\\\/#website\",\"url\":\"https:\\\/\\\/www.univ-guyane.fr\\\/\",\"name\":\"Universit\u00e9 de Guyane\",\"description\":\"Au c\u0153ur de l&#039;amazonie\",\"publisher\":{\"@id\":\"https:\\\/\\\/www.univ-guyane.fr\\\/#organization\"},\"alternateName\":\"UG\",\"potentialAction\":[{\"@type\":\"SearchAction\",\"target\":{\"@type\":\"EntryPoint\",\"urlTemplate\":\"https:\\\/\\\/www.univ-guyane.fr\\\/?s={search_term_string}\"},\"query-input\":{\"@type\":\"PropertyValueSpecification\",\"valueRequired\":true,\"valueName\":\"search_term_string\"}}],\"inLanguage\":\"pt-BR\"},{\"@type\":\"Organization\",\"@id\":\"https:\\\/\\\/www.univ-guyane.fr\\\/#organization\",\"name\":\"Universit\u00e9 de Guyane\",\"alternateName\":\"UG\",\"url\":\"https:\\\/\\\/www.univ-guyane.fr\\\/\",\"logo\":{\"@type\":\"ImageObject\",\"inLanguage\":\"pt-BR\",\"@id\":\"https:\\\/\\\/www.univ-guyane.fr\\\/#\\\/schema\\\/logo\\\/image\\\/\",\"url\":\"https:\\\/\\\/www.univ-guyane.fr\\\/wp-content\\\/uploads\\\/2024\\\/05\\\/f.png\",\"contentUrl\":\"https:\\\/\\\/www.univ-guyane.fr\\\/wp-content\\\/uploads\\\/2024\\\/05\\\/f.png\",\"width\":1024,\"height\":1024,\"caption\":\"Universit\u00e9 de Guyane\"},\"image\":{\"@id\":\"https:\\\/\\\/www.univ-guyane.fr\\\/#\\\/schema\\\/logo\\\/image\\\/\"},\"sameAs\":[\"https:\\\/\\\/www.facebook.com\\\/univguyane\",\"https:\\\/\\\/x.com\\\/univguyane\",\"https:\\\/\\\/gf.linkedin.com\\\/school\\\/universite-de-guyane\\\/\",\"https:\\\/\\\/www.instagram.com\\\/univ_guyane\\\/\"]},{\"@type\":\"Person\",\"@id\":\"https:\\\/\\\/www.univ-guyane.fr\\\/#\\\/schema\\\/person\\\/86d946a28a8be51bb096ccfdf19db179\",\"name\":\"Erick Loiti\u00e8re\",\"image\":{\"@type\":\"ImageObject\",\"inLanguage\":\"pt-BR\",\"@id\":\"https:\\\/\\\/secure.gravatar.com\\\/avatar\\\/0584f332103fbeaf37e52c73b15dca3c547fd9300deb05764e9ad8714839d072?s=96&d=robohash&r=g\",\"url\":\"https:\\\/\\\/secure.gravatar.com\\\/avatar\\\/0584f332103fbeaf37e52c73b15dca3c547fd9300deb05764e9ad8714839d072?s=96&d=robohash&r=g\",\"contentUrl\":\"https:\\\/\\\/secure.gravatar.com\\\/avatar\\\/0584f332103fbeaf37e52c73b15dca3c547fd9300deb05764e9ad8714839d072?s=96&d=robohash&r=g\",\"caption\":\"Erick Loiti\u00e8re\"},\"sameAs\":[\"http:\\\/\\\/www.univ-guyane.fr\"],\"url\":\"https:\\\/\\\/www.univ-guyane.fr\\\/pt\\\/author\\\/eloitierdbz\\\/\"}]}<\/script>\n<!-- \/ Yoast SEO plugin. -->","yoast_head_json":{"title":"Une Coop\u00e9ration Triangulaire ambitieuse entre l\u2019Amazonie, les Cara\u00efbes et l\u2019Afrique &#8212; Universit\u00e9 de Guyane","description":"D\u00e9couvrez la coop\u00e9ration triangulaire entre l'Amazonie, les Cara\u00efbes et l'Afrique. Renforcez les liens culturels et acad\u00e9miques gr\u00e2ce \u00e0 des \u00e9changes et des mobilit\u00e9s \u00e9tudiantes.","robots":{"index":"index","follow":"follow","max-snippet":"max-snippet:-1","max-image-preview":"max-image-preview:large","max-video-preview":"max-video-preview:-1"},"canonical":"https:\/\/www.univ-guyane.fr\/pt\/2023\/11\/28\/une-cooperation-triangulaire-ambitieuse-entre-lamazonie-les-caraibes-et-lafrique\/","og_locale":"pt_BR","og_type":"article","og_title":"Une Coop\u00e9ration Triangulaire ambitieuse entre l\u2019Amazonie, les Cara\u00efbes et l\u2019Afrique &#8212; Universit\u00e9 de Guyane","og_description":"D\u00e9couvrez la coop\u00e9ration triangulaire entre l'Amazonie, les Cara\u00efbes et l'Afrique. Renforcez les liens culturels et acad\u00e9miques gr\u00e2ce \u00e0 des \u00e9changes et des mobilit\u00e9s \u00e9tudiantes.","og_url":"https:\/\/www.univ-guyane.fr\/pt\/2023\/11\/28\/une-cooperation-triangulaire-ambitieuse-entre-lamazonie-les-caraibes-et-lafrique\/","og_site_name":"Universit\u00e9 de Guyane","article_publisher":"https:\/\/www.facebook.com\/univguyane","article_published_time":"2023-11-28T17:24:26+00:00","article_modified_time":"2024-06-17T17:30:53+00:00","og_image":[{"width":1800,"height":1013,"url":"https:\/\/www.univ-guyane.fr\/wp-content\/uploads\/une-cooperation-triangulaire-ambitieuse-entre-l-amazonie-les-caraibes-et-l-afrique-universite-de-guyane.jpeg","type":"image\/jpeg"}],"author":"Erick Loiti\u00e8re","twitter_card":"summary_large_image","twitter_creator":"@univguyane","twitter_site":"@univguyane","twitter_misc":{"Escrito por":"Erick Loiti\u00e8re","Est. tempo de leitura":"3 minutos"},"schema":{"@context":"https:\/\/schema.org","@graph":[{"@type":"Article","@id":"https:\/\/www.univ-guyane.fr\/2023\/11\/28\/une-cooperation-triangulaire-ambitieuse-entre-lamazonie-les-caraibes-et-lafrique\/#article","isPartOf":{"@id":"https:\/\/www.univ-guyane.fr\/2023\/11\/28\/une-cooperation-triangulaire-ambitieuse-entre-lamazonie-les-caraibes-et-lafrique\/"},"author":{"name":"Erick Loiti\u00e8re","@id":"https:\/\/www.univ-guyane.fr\/#\/schema\/person\/86d946a28a8be51bb096ccfdf19db179"},"headline":"Une Coop\u00e9ration Triangulaire ambitieuse entre l\u2019Amazonie, les Cara\u00efbes et l\u2019Afrique","datePublished":"2023-11-28T17:24:26+00:00","dateModified":"2024-06-17T17:30:53+00:00","mainEntityOfPage":{"@id":"https:\/\/www.univ-guyane.fr\/2023\/11\/28\/une-cooperation-triangulaire-ambitieuse-entre-lamazonie-les-caraibes-et-lafrique\/"},"wordCount":685,"publisher":{"@id":"https:\/\/www.univ-guyane.fr\/#organization"},"image":{"@id":"https:\/\/www.univ-guyane.fr\/2023\/11\/28\/une-cooperation-triangulaire-ambitieuse-entre-lamazonie-les-caraibes-et-lafrique\/#primaryimage"},"thumbnailUrl":"https:\/\/www.univ-guyane.fr\/wp-content\/uploads\/une-cooperation-triangulaire-ambitieuse-entre-l-amazonie-les-caraibes-et-l-afrique-universite-de-guyane.jpeg","articleSection":["\u2022\u00a0MINEA"],"inLanguage":"pt-BR"},{"@type":"WebPage","@id":"https:\/\/www.univ-guyane.fr\/2023\/11\/28\/une-cooperation-triangulaire-ambitieuse-entre-lamazonie-les-caraibes-et-lafrique\/","url":"https:\/\/www.univ-guyane.fr\/2023\/11\/28\/une-cooperation-triangulaire-ambitieuse-entre-lamazonie-les-caraibes-et-lafrique\/","name":"Une Coop\u00e9ration Triangulaire ambitieuse entre l\u2019Amazonie, les Cara\u00efbes et l\u2019Afrique &#8212; Universit\u00e9 de Guyane","isPartOf":{"@id":"https:\/\/www.univ-guyane.fr\/#website"},"primaryImageOfPage":{"@id":"https:\/\/www.univ-guyane.fr\/2023\/11\/28\/une-cooperation-triangulaire-ambitieuse-entre-lamazonie-les-caraibes-et-lafrique\/#primaryimage"},"image":{"@id":"https:\/\/www.univ-guyane.fr\/2023\/11\/28\/une-cooperation-triangulaire-ambitieuse-entre-lamazonie-les-caraibes-et-lafrique\/#primaryimage"},"thumbnailUrl":"https:\/\/www.univ-guyane.fr\/wp-content\/uploads\/une-cooperation-triangulaire-ambitieuse-entre-l-amazonie-les-caraibes-et-l-afrique-universite-de-guyane.jpeg","datePublished":"2023-11-28T17:24:26+00:00","dateModified":"2024-06-17T17:30:53+00:00","description":"D\u00e9couvrez la coop\u00e9ration triangulaire entre l'Amazonie, les Cara\u00efbes et l'Afrique. Renforcez les liens culturels et acad\u00e9miques gr\u00e2ce \u00e0 des \u00e9changes et des mobilit\u00e9s \u00e9tudiantes.","breadcrumb":{"@id":"https:\/\/www.univ-guyane.fr\/2023\/11\/28\/une-cooperation-triangulaire-ambitieuse-entre-lamazonie-les-caraibes-et-lafrique\/#breadcrumb"},"inLanguage":"pt-BR","potentialAction":[{"@type":"ReadAction","target":["https:\/\/www.univ-guyane.fr\/2023\/11\/28\/une-cooperation-triangulaire-ambitieuse-entre-lamazonie-les-caraibes-et-lafrique\/"]}]},{"@type":"ImageObject","inLanguage":"pt-BR","@id":"https:\/\/www.univ-guyane.fr\/2023\/11\/28\/une-cooperation-triangulaire-ambitieuse-entre-lamazonie-les-caraibes-et-lafrique\/#primaryimage","url":"https:\/\/www.univ-guyane.fr\/wp-content\/uploads\/une-cooperation-triangulaire-ambitieuse-entre-l-amazonie-les-caraibes-et-l-afrique-universite-de-guyane.jpeg","contentUrl":"https:\/\/www.univ-guyane.fr\/wp-content\/uploads\/une-cooperation-triangulaire-ambitieuse-entre-l-amazonie-les-caraibes-et-l-afrique-universite-de-guyane.jpeg","width":1800,"height":1013,"caption":"Une Coop\u00e9ration Triangulaire ambitieuse entre l\u2019Amazonie, les Cara\u00efbes et l\u2019Afrique"},{"@type":"BreadcrumbList","@id":"https:\/\/www.univ-guyane.fr\/2023\/11\/28\/une-cooperation-triangulaire-ambitieuse-entre-lamazonie-les-caraibes-et-lafrique\/#breadcrumb","itemListElement":[{"@type":"ListItem","position":1,"name":"Accueil","item":"https:\/\/www.univ-guyane.fr\/"},{"@type":"ListItem","position":2,"name":"Une Coop\u00e9ration Triangulaire ambitieuse entre l\u2019Amazonie, les Cara\u00efbes et l\u2019Afrique"}]},{"@type":"WebSite","@id":"https:\/\/www.univ-guyane.fr\/#website","url":"https:\/\/www.univ-guyane.fr\/","name":"Universidade da Guiana","description":"No cora\u00e7\u00e3o da Amaz\u00f4nia","publisher":{"@id":"https:\/\/www.univ-guyane.fr\/#organization"},"alternateName":"UG","potentialAction":[{"@type":"SearchAction","target":{"@type":"EntryPoint","urlTemplate":"https:\/\/www.univ-guyane.fr\/?s={search_term_string}"},"query-input":{"@type":"PropertyValueSpecification","valueRequired":true,"valueName":"search_term_string"}}],"inLanguage":"pt-BR"},{"@type":"Organization","@id":"https:\/\/www.univ-guyane.fr\/#organization","name":"Universidade da Guiana","alternateName":"UG","url":"https:\/\/www.univ-guyane.fr\/","logo":{"@type":"ImageObject","inLanguage":"pt-BR","@id":"https:\/\/www.univ-guyane.fr\/#\/schema\/logo\/image\/","url":"https:\/\/www.univ-guyane.fr\/wp-content\/uploads\/2024\/05\/f.png","contentUrl":"https:\/\/www.univ-guyane.fr\/wp-content\/uploads\/2024\/05\/f.png","width":1024,"height":1024,"caption":"Universit\u00e9 de Guyane"},"image":{"@id":"https:\/\/www.univ-guyane.fr\/#\/schema\/logo\/image\/"},"sameAs":["https:\/\/www.facebook.com\/univguyane","https:\/\/x.com\/univguyane","https:\/\/gf.linkedin.com\/school\/universite-de-guyane\/","https:\/\/www.instagram.com\/univ_guyane\/"]},{"@type":"Person","@id":"https:\/\/www.univ-guyane.fr\/#\/schema\/person\/86d946a28a8be51bb096ccfdf19db179","name":"Erick Loiti\u00e8re","image":{"@type":"ImageObject","inLanguage":"pt-BR","@id":"https:\/\/secure.gravatar.com\/avatar\/0584f332103fbeaf37e52c73b15dca3c547fd9300deb05764e9ad8714839d072?s=96&d=robohash&r=g","url":"https:\/\/secure.gravatar.com\/avatar\/0584f332103fbeaf37e52c73b15dca3c547fd9300deb05764e9ad8714839d072?s=96&d=robohash&r=g","contentUrl":"https:\/\/secure.gravatar.com\/avatar\/0584f332103fbeaf37e52c73b15dca3c547fd9300deb05764e9ad8714839d072?s=96&d=robohash&r=g","caption":"Erick Loiti\u00e8re"},"sameAs":["http:\/\/www.univ-guyane.fr"],"url":"https:\/\/www.univ-guyane.fr\/pt\/author\/eloitierdbz\/"}]}},"_links":{"self":[{"href":"https:\/\/www.univ-guyane.fr\/pt\/wp-json\/wp\/v2\/posts\/8420","targetHints":{"allow":["GET"]}}],"collection":[{"href":"https:\/\/www.univ-guyane.fr\/pt\/wp-json\/wp\/v2\/posts"}],"about":[{"href":"https:\/\/www.univ-guyane.fr\/pt\/wp-json\/wp\/v2\/types\/post"}],"author":[{"embeddable":true,"href":"https:\/\/www.univ-guyane.fr\/pt\/wp-json\/wp\/v2\/users\/1"}],"replies":[{"embeddable":true,"href":"https:\/\/www.univ-guyane.fr\/pt\/wp-json\/wp\/v2\/comments?post=8420"}],"version-history":[{"count":1,"href":"https:\/\/www.univ-guyane.fr\/pt\/wp-json\/wp\/v2\/posts\/8420\/revisions"}],"predecessor-version":[{"id":8422,"href":"https:\/\/www.univ-guyane.fr\/pt\/wp-json\/wp\/v2\/posts\/8420\/revisions\/8422"}],"wp:featuredmedia":[{"embeddable":true,"href":"https:\/\/www.univ-guyane.fr\/pt\/wp-json\/wp\/v2\/media\/8421"}],"wp:attachment":[{"href":"https:\/\/www.univ-guyane.fr\/pt\/wp-json\/wp\/v2\/media?parent=8420"}],"wp:term":[{"taxonomy":"category","embeddable":true,"href":"https:\/\/www.univ-guyane.fr\/pt\/wp-json\/wp\/v2\/categories?post=8420"},{"taxonomy":"post_tag","embeddable":true,"href":"https:\/\/www.univ-guyane.fr\/pt\/wp-json\/wp\/v2\/tags?post=8420"}],"curies":[{"name":"wp","href":"https:\/\/api.w.org\/{rel}","templated":true}]}}