{"id":8462,"date":"2023-10-27T15:20:28","date_gmt":"2023-10-27T18:20:28","guid":{"rendered":"https:\/\/www.univ-guyane.fr\/?p=8462"},"modified":"2024-06-17T15:26:32","modified_gmt":"2024-06-17T18:26:32","slug":"appel-a-candidature-village-de-noel-de-luniversite-de-guyane-2023","status":"publish","type":"post","link":"https:\/\/www.univ-guyane.fr\/pt\/2023\/10\/27\/appel-a-candidature-village-de-noel-de-luniversite-de-guyane-2023\/","title":{"rendered":"Solicita\u00e7\u00e3o de inscri\u00e7\u00f5es para a Vila de Natal da Universidade da Guiana em 2023"},"content":{"rendered":"<div id=\"fws_69f45a8a50b90\"  data-column-margin=\"default\" data-midnight=\"dark\"  class=\"wpb_row vc_row-fluid vc_row\"  style=\"padding-top: 0px; padding-bottom: 0px; \"><div class=\"row-bg-wrap\" data-bg-animation=\"none\" data-bg-animation-delay=\"\" data-bg-overlay=\"false\"><div class=\"inner-wrap row-bg-layer\" ><div class=\"row-bg viewport-desktop\"  style=\"\"><\/div><\/div><\/div><div class=\"row_col_wrap_12 col span_12 dark left\">\n\t<div  class=\"vc_col-sm-12 wpb_column column_container vc_column_container col no-extra-padding inherit_tablet inherit_phone\"  data-padding-pos=\"all\" data-has-bg-color=\"false\" data-bg-color=\"\" data-bg-opacity=\"1\" data-animation=\"\" data-delay=\"0\" >\n\t\t<div class=\"vc_column-inner\" >\n\t\t\t<div class=\"wpb_wrapper\">\n\t\t\t\t\n<div class=\"wpb_text_column wpb_content_element  chapo\" >\n\t<h2>Como parte das festividades de fim de ano, o Comit\u00e9 des \u0152uvres Sociales de l'Universit\u00e9 de Guyane est\u00e1 organizando sua Christmas Village 2023. Voc\u00ea \u00e9 artes\u00e3o, designer, artista, produtor ou lojista e gostaria de participar? N\u00e3o espere mais e candidate-se.<\/h2>\n<\/div>\n\n\n\n\n<div class=\"wpb_text_column wpb_content_element\" >\n\t<div class=\"wpb_text_column wpb_content_element\">\n<div class=\"wpb_wrapper\">\n<div id=\"lipsum\">\n<span class=\"nectar-dropcap\" >D <\/span>omo parte das comemora\u00e7\u00f5es de fim de ano em 2023, o Comit\u00e9 des \u0152uvres Sociales (COS) da Universidade da Guiana organizar\u00e1 uma vila de Natal para seus funcion\u00e1rios e suas fam\u00edlias. Por meio desse evento, o COS deseja oferecer a seus funcion\u00e1rios barracas de artes\u00e3os e\/ou designers sobre o tema do Natal.<\/p>\n<p>Os produtos oferecidos para venda devem ter uma liga\u00e7\u00e3o direta com o tema do Natal e da \u00e9poca festiva. Aqui est\u00e3o alguns exemplos (lista n\u00e3o exaustiva): Presentes, itens decorativos, utens\u00edlios de mesa, brinquedos, joias, sabonetes, cosm\u00e9ticos, roupas e equipamentos prontos para uso, venda de alimentos e especialidades gastron\u00f4micas (em especial produtos locais) com vendas no local e degusta\u00e7\u00e3o no local e\/ou para levar (...)<\/p>\n<p>O Mercado ser\u00e1 composto por um m\u00e1ximo de 20 estandes, decorados e iluminados para o evento pelos expositores nas cores do Natal (vermelho, branco, verde, dourado e prateado).<\/p>\n<p>O Mercado de Natal ocorrer\u00e1 durante 1 dia: s\u00e1bado, 9 de dezembro de 2023, e abrir\u00e1 suas portas ao p\u00fablico das 14h \u00e0s 18h30min. O local deve estar ocupado continuamente durante todo esse per\u00edodo.<\/p>\n<p>O mercado de Natal ser\u00e1 realizado no campus Bois Chaudat do IUT de Kourou.<\/p>\n<\/div>\n<\/div>\n<\/div>\n<div class=\"wpb_text_column wpb_content_element vc_custom_1698426280005\">\n<div class=\"wpb_wrapper\">\n<p>Lembramos aos requerentes que, de acordo com os artigos L. 2122-2 e L. 2122-3 do C\u00f3digo Geral de Propriedade P\u00fablica da Fran\u00e7a, a ocupa\u00e7\u00e3o do dom\u00ednio p\u00fablico s\u00f3 pode ser tempor\u00e1ria e essa autoriza\u00e7\u00e3o \u00e9 prec\u00e1ria e revog\u00e1vel.<\/p>\n<\/div>\n<\/div>\n<div class=\"wpb_text_column wpb_content_element\">\n<div class=\"wpb_wrapper\">\n<div id=\"lipsum\">\n<h3>Requisitos t\u00e9cnicos m\u00ednimos<\/h3>\n<ul>\n<li>Respeite a sinaliza\u00e7\u00e3o usada para organizar a aldeia;<\/li>\n<li>Respeite as \u00e1reas de estacionamento reservadas aos expositores;<\/li>\n<li>Cumprir todas as disposi\u00e7\u00f5es do C\u00f3digo do Trabalho, do C\u00f3digo Comercial e do C\u00f3digo do Consumidor da Fran\u00e7a;<\/li>\n<li>Voc\u00ea deve estar presente em toda a Vila de Natal;<\/li>\n<li>Ocupa\u00e7\u00e3o do local para cada operador: fornecimento de um local vazio com fornecimento de eletricidade<\/li>\n<li>Obriga\u00e7\u00e3o de respeitar os hor\u00e1rios dos eventos:<br \/>\n<strong>1\/ quando os expositores estiverem se instalando:<br \/>\n<\/strong>- Sexta-feira, 8 de dezembro de 2023, das 12h \u00e0s 18h,<br \/>\n- S\u00e1bado, 9 de dezembro de 2023, das 8h00 \u00e0s 12h00.<br \/>\n<strong>2\/ quando aberto ao p\u00fablico:<br \/>\n<\/strong>- S\u00e1bado, 9 de dezembro, das 14h \u00e0s 18h30min,<br \/>\n<strong>3\/ durante o per\u00edodo de desmantelamento:<br \/>\n<\/strong>- S\u00e1bado, 9 de dezembro de 2023, das 19h \u00e0s 22h, com acesso para ve\u00edculos autorizados somente se n\u00e3o houver mais visitantes dentro da Vila de Natal;<\/li>\n<\/ul>\n<\/div>\n<\/div>\n<\/div>\n<div class=\"wpb_text_column wpb_content_element vc_custom_1698427140685\">\n<div class=\"wpb_wrapper\">\n<p>As datas e hor\u00e1rios acima podem estar sujeitos a altera\u00e7\u00f5es, dependendo do desenvolvimento da organiza\u00e7\u00e3o do Mercado de Natal e\/ou do programa de eventos planejados pelo Comit\u00ea des \u0152uvres Sociales.<\/p>\n<p>Depois que as inscri\u00e7\u00f5es forem examinadas, elas ser\u00e3o aceitas ou rejeitadas por carta, que ser\u00e1 enviada at\u00e9 25 de novembro de 2023.<\/p>\n<\/div>\n<\/div>\n<div class=\"wpb_text_column wpb_content_element\">\n<div class=\"wpb_wrapper\">\n<h3>Requisitos administrativos para se candidatar<\/h3>\n<p>Todos os documentos e informa\u00e7\u00f5es solicitados acima devem ser enviados por e-mail com aviso de recebimento para o endere\u00e7o : <a href=\"https:\/\/web.archive.org\/web\/20231028015539\/mailto:cos.ug@univ-guyane.fr\" target=\"_blank\" rel=\"noopener\">cos.ug@univ-guyane.fr<\/a><br \/>\nA linha de assunto deve ser: \"Response to call for applications - COS UG Christmas Village 2023\".<\/p>\n<p><strong>Prazo final para inscri\u00e7\u00f5es :<\/strong> 15 de novembro de 2023, \u00e0s 20h.<\/p>\n<p><strong>Contato:<\/strong><br \/>\nSe tiver alguma d\u00favida, envie sua solicita\u00e7\u00e3o para: cos.ug@univ-guyane.fr<\/p>\n<p>Para se inscrever, voc\u00ea deve preencher o formul\u00e1rio de inscri\u00e7\u00e3o abaixo na \u00edntegra e envi\u00e1-lo com os anexos necess\u00e1rios:<\/p>\n<p><a href=\"https:\/\/web.archive.org\/web\/20231028015539\/https:\/\/www.univ-guyane.fr\/ugfm\/docs\/cos\/Avis-appel-candidature-2023.pdf\" target=\"_blank\" rel=\"noopener\">Fa\u00e7a o download da chamada para inscri\u00e7\u00f5es<\/a><br \/>\n<a href=\"https:\/\/web.archive.org\/web\/20231028015539\/https:\/\/www.univ-guyane.fr\/ugfm\/download\/ZG9jcy9jb3MvRm9ybXVsYWlyZS1kZS1jYW5kaWRhdHVyZS1wb3VyLWxlLXZpbGxhZ2UtZGUtTm9lJUNDJTg4bC5wZGY=\/h\/bb2376c0a00b57283ba6c2a4ce50bdee\" target=\"_blank\" rel=\"noopener\">Fa\u00e7a o download do formul\u00e1rio de registro<\/a><\/p>\n<\/div>\n<\/div>\n<\/div>\n\n\n\n\n\t\t\t<\/div> \n\t\t<\/div>\n\t<\/div> \n<\/div><\/div>","protected":false},"excerpt":{"rendered":"Como parte das festividades de fim de ano, o Comit\u00ea de Obras Sociais da Universidade de S\u00e3o Paulo...","protected":false},"author":1,"featured_media":8466,"comment_status":"closed","ping_status":"open","sticky":false,"template":"","format":"standard","meta":{"iawp_total_views":53,"footnotes":""},"categories":[234],"tags":[],"class_list":{"0":"post-8462","1":"post","2":"type-post","3":"status-publish","4":"format-standard","5":"has-post-thumbnail","7":"category-a-la-une"},"yoast_head":"<!-- This site is optimized with the Yoast SEO plugin v27.5 - https:\/\/yoast.com\/product\/yoast-seo-wordpress\/ -->\n<title>Appel \u00e0 candidature village de No\u00ebl de l\u2019Universit\u00e9 de Guyane 2023 &#8212; Universit\u00e9 de Guyane<\/title>\n<meta name=\"description\" content=\"No\u00ebl \u00e0 l&#039;Universit\u00e9 de Guyane : un village festif avec des stands d&#039;artisans, des cadeaux, des jouets et des produits du terroir \u00e0 d\u00e9guster.\" \/>\n<meta name=\"robots\" content=\"index, follow, max-snippet:-1, max-image-preview:large, max-video-preview:-1\" \/>\n<link rel=\"canonical\" href=\"https:\/\/www.univ-guyane.fr\/pt\/2023\/10\/27\/appel-a-candidature-village-de-noel-de-luniversite-de-guyane-2023\/\" \/>\n<meta property=\"og:locale\" content=\"pt_BR\" \/>\n<meta property=\"og:type\" content=\"article\" \/>\n<meta property=\"og:title\" content=\"Appel \u00e0 candidature village de No\u00ebl de l\u2019Universit\u00e9 de Guyane 2023 &#8212; Universit\u00e9 de Guyane\" \/>\n<meta property=\"og:description\" content=\"No\u00ebl \u00e0 l&#039;Universit\u00e9 de Guyane : un village festif avec des stands d&#039;artisans, des cadeaux, des jouets et des produits du terroir \u00e0 d\u00e9guster.\" \/>\n<meta property=\"og:url\" content=\"https:\/\/www.univ-guyane.fr\/pt\/2023\/10\/27\/appel-a-candidature-village-de-noel-de-luniversite-de-guyane-2023\/\" \/>\n<meta property=\"og:site_name\" content=\"Universit\u00e9 de Guyane\" \/>\n<meta property=\"article:publisher\" content=\"https:\/\/www.facebook.com\/univguyane\" \/>\n<meta property=\"article:published_time\" content=\"2023-10-27T18:20:28+00:00\" \/>\n<meta property=\"article:modified_time\" content=\"2024-06-17T18:26:32+00:00\" \/>\n<meta property=\"og:image\" content=\"https:\/\/www.univ-guyane.fr\/wp-content\/uploads\/appel-a-candidature-village-de-noel-de-luniversite-de-guyane-2023-universite-de-guyane.jpeg\" \/>\n\t<meta property=\"og:image:width\" content=\"1800\" \/>\n\t<meta property=\"og:image:height\" content=\"1013\" \/>\n\t<meta property=\"og:image:type\" content=\"image\/jpeg\" \/>\n<meta name=\"author\" content=\"Erick Loiti\u00e8re\" \/>\n<meta name=\"twitter:card\" content=\"summary_large_image\" \/>\n<meta name=\"twitter:creator\" content=\"@univguyane\" \/>\n<meta name=\"twitter:site\" content=\"@univguyane\" \/>\n<meta name=\"twitter:label1\" content=\"Escrito por\" \/>\n\t<meta name=\"twitter:data1\" content=\"Erick Loiti\u00e8re\" \/>\n\t<meta name=\"twitter:label2\" content=\"Est. tempo de leitura\" \/>\n\t<meta name=\"twitter:data2\" content=\"4 minutos\" \/>\n<script type=\"application\/ld+json\" class=\"yoast-schema-graph\">{\"@context\":\"https:\\\/\\\/schema.org\",\"@graph\":[{\"@type\":\"Article\",\"@id\":\"https:\\\/\\\/www.univ-guyane.fr\\\/2023\\\/10\\\/27\\\/appel-a-candidature-village-de-noel-de-luniversite-de-guyane-2023\\\/#article\",\"isPartOf\":{\"@id\":\"https:\\\/\\\/www.univ-guyane.fr\\\/2023\\\/10\\\/27\\\/appel-a-candidature-village-de-noel-de-luniversite-de-guyane-2023\\\/\"},\"author\":{\"name\":\"Erick Loiti\u00e8re\",\"@id\":\"https:\\\/\\\/www.univ-guyane.fr\\\/#\\\/schema\\\/person\\\/86d946a28a8be51bb096ccfdf19db179\"},\"headline\":\"Appel \u00e0 candidature village de No\u00ebl de l\u2019Universit\u00e9 de Guyane 2023\",\"datePublished\":\"2023-10-27T18:20:28+00:00\",\"dateModified\":\"2024-06-17T18:26:32+00:00\",\"mainEntityOfPage\":{\"@id\":\"https:\\\/\\\/www.univ-guyane.fr\\\/2023\\\/10\\\/27\\\/appel-a-candidature-village-de-noel-de-luniversite-de-guyane-2023\\\/\"},\"wordCount\":870,\"publisher\":{\"@id\":\"https:\\\/\\\/www.univ-guyane.fr\\\/#organization\"},\"image\":{\"@id\":\"https:\\\/\\\/www.univ-guyane.fr\\\/2023\\\/10\\\/27\\\/appel-a-candidature-village-de-noel-de-luniversite-de-guyane-2023\\\/#primaryimage\"},\"thumbnailUrl\":\"https:\\\/\\\/www.univ-guyane.fr\\\/wp-content\\\/uploads\\\/appel-a-candidature-village-de-noel-de-luniversite-de-guyane-2023-universite-de-guyane.jpeg\",\"articleSection\":[\"\u2022 \u00c0 la une\"],\"inLanguage\":\"pt-BR\"},{\"@type\":\"WebPage\",\"@id\":\"https:\\\/\\\/www.univ-guyane.fr\\\/2023\\\/10\\\/27\\\/appel-a-candidature-village-de-noel-de-luniversite-de-guyane-2023\\\/\",\"url\":\"https:\\\/\\\/www.univ-guyane.fr\\\/2023\\\/10\\\/27\\\/appel-a-candidature-village-de-noel-de-luniversite-de-guyane-2023\\\/\",\"name\":\"Appel \u00e0 candidature village de No\u00ebl de l\u2019Universit\u00e9 de Guyane 2023 &#8212; Universit\u00e9 de Guyane\",\"isPartOf\":{\"@id\":\"https:\\\/\\\/www.univ-guyane.fr\\\/#website\"},\"primaryImageOfPage\":{\"@id\":\"https:\\\/\\\/www.univ-guyane.fr\\\/2023\\\/10\\\/27\\\/appel-a-candidature-village-de-noel-de-luniversite-de-guyane-2023\\\/#primaryimage\"},\"image\":{\"@id\":\"https:\\\/\\\/www.univ-guyane.fr\\\/2023\\\/10\\\/27\\\/appel-a-candidature-village-de-noel-de-luniversite-de-guyane-2023\\\/#primaryimage\"},\"thumbnailUrl\":\"https:\\\/\\\/www.univ-guyane.fr\\\/wp-content\\\/uploads\\\/appel-a-candidature-village-de-noel-de-luniversite-de-guyane-2023-universite-de-guyane.jpeg\",\"datePublished\":\"2023-10-27T18:20:28+00:00\",\"dateModified\":\"2024-06-17T18:26:32+00:00\",\"description\":\"No\u00ebl \u00e0 l'Universit\u00e9 de Guyane : un village festif avec des stands d'artisans, des cadeaux, des jouets et des produits du terroir \u00e0 d\u00e9guster.\",\"breadcrumb\":{\"@id\":\"https:\\\/\\\/www.univ-guyane.fr\\\/2023\\\/10\\\/27\\\/appel-a-candidature-village-de-noel-de-luniversite-de-guyane-2023\\\/#breadcrumb\"},\"inLanguage\":\"pt-BR\",\"potentialAction\":[{\"@type\":\"ReadAction\",\"target\":[\"https:\\\/\\\/www.univ-guyane.fr\\\/2023\\\/10\\\/27\\\/appel-a-candidature-village-de-noel-de-luniversite-de-guyane-2023\\\/\"]}]},{\"@type\":\"ImageObject\",\"inLanguage\":\"pt-BR\",\"@id\":\"https:\\\/\\\/www.univ-guyane.fr\\\/2023\\\/10\\\/27\\\/appel-a-candidature-village-de-noel-de-luniversite-de-guyane-2023\\\/#primaryimage\",\"url\":\"https:\\\/\\\/www.univ-guyane.fr\\\/wp-content\\\/uploads\\\/appel-a-candidature-village-de-noel-de-luniversite-de-guyane-2023-universite-de-guyane.jpeg\",\"contentUrl\":\"https:\\\/\\\/www.univ-guyane.fr\\\/wp-content\\\/uploads\\\/appel-a-candidature-village-de-noel-de-luniversite-de-guyane-2023-universite-de-guyane.jpeg\",\"width\":1800,\"height\":1013,\"caption\":\"Appel \u00e0 candidature village de No\u00ebl de l\u2019Universit\u00e9 de Guyane 2023\"},{\"@type\":\"BreadcrumbList\",\"@id\":\"https:\\\/\\\/www.univ-guyane.fr\\\/2023\\\/10\\\/27\\\/appel-a-candidature-village-de-noel-de-luniversite-de-guyane-2023\\\/#breadcrumb\",\"itemListElement\":[{\"@type\":\"ListItem\",\"position\":1,\"name\":\"Accueil\",\"item\":\"https:\\\/\\\/www.univ-guyane.fr\\\/\"},{\"@type\":\"ListItem\",\"position\":2,\"name\":\"Appel \u00e0 candidature village de No\u00ebl de l\u2019Universit\u00e9 de Guyane 2023\"}]},{\"@type\":\"WebSite\",\"@id\":\"https:\\\/\\\/www.univ-guyane.fr\\\/#website\",\"url\":\"https:\\\/\\\/www.univ-guyane.fr\\\/\",\"name\":\"Universit\u00e9 de Guyane\",\"description\":\"Au c\u0153ur de l&#039;amazonie\",\"publisher\":{\"@id\":\"https:\\\/\\\/www.univ-guyane.fr\\\/#organization\"},\"alternateName\":\"UG\",\"potentialAction\":[{\"@type\":\"SearchAction\",\"target\":{\"@type\":\"EntryPoint\",\"urlTemplate\":\"https:\\\/\\\/www.univ-guyane.fr\\\/?s={search_term_string}\"},\"query-input\":{\"@type\":\"PropertyValueSpecification\",\"valueRequired\":true,\"valueName\":\"search_term_string\"}}],\"inLanguage\":\"pt-BR\"},{\"@type\":\"Organization\",\"@id\":\"https:\\\/\\\/www.univ-guyane.fr\\\/#organization\",\"name\":\"Universit\u00e9 de Guyane\",\"alternateName\":\"UG\",\"url\":\"https:\\\/\\\/www.univ-guyane.fr\\\/\",\"logo\":{\"@type\":\"ImageObject\",\"inLanguage\":\"pt-BR\",\"@id\":\"https:\\\/\\\/www.univ-guyane.fr\\\/#\\\/schema\\\/logo\\\/image\\\/\",\"url\":\"https:\\\/\\\/www.univ-guyane.fr\\\/wp-content\\\/uploads\\\/2024\\\/05\\\/f.png\",\"contentUrl\":\"https:\\\/\\\/www.univ-guyane.fr\\\/wp-content\\\/uploads\\\/2024\\\/05\\\/f.png\",\"width\":1024,\"height\":1024,\"caption\":\"Universit\u00e9 de Guyane\"},\"image\":{\"@id\":\"https:\\\/\\\/www.univ-guyane.fr\\\/#\\\/schema\\\/logo\\\/image\\\/\"},\"sameAs\":[\"https:\\\/\\\/www.facebook.com\\\/univguyane\",\"https:\\\/\\\/x.com\\\/univguyane\",\"https:\\\/\\\/gf.linkedin.com\\\/school\\\/universite-de-guyane\\\/\",\"https:\\\/\\\/www.instagram.com\\\/univ_guyane\\\/\"]},{\"@type\":\"Person\",\"@id\":\"https:\\\/\\\/www.univ-guyane.fr\\\/#\\\/schema\\\/person\\\/86d946a28a8be51bb096ccfdf19db179\",\"name\":\"Erick Loiti\u00e8re\",\"image\":{\"@type\":\"ImageObject\",\"inLanguage\":\"pt-BR\",\"@id\":\"https:\\\/\\\/secure.gravatar.com\\\/avatar\\\/0584f332103fbeaf37e52c73b15dca3c547fd9300deb05764e9ad8714839d072?s=96&d=robohash&r=g\",\"url\":\"https:\\\/\\\/secure.gravatar.com\\\/avatar\\\/0584f332103fbeaf37e52c73b15dca3c547fd9300deb05764e9ad8714839d072?s=96&d=robohash&r=g\",\"contentUrl\":\"https:\\\/\\\/secure.gravatar.com\\\/avatar\\\/0584f332103fbeaf37e52c73b15dca3c547fd9300deb05764e9ad8714839d072?s=96&d=robohash&r=g\",\"caption\":\"Erick Loiti\u00e8re\"},\"sameAs\":[\"http:\\\/\\\/www.univ-guyane.fr\"],\"url\":\"https:\\\/\\\/www.univ-guyane.fr\\\/pt\\\/author\\\/eloitierdbz\\\/\"}]}<\/script>\n<!-- \/ Yoast SEO plugin. -->","yoast_head_json":{"title":"Chamada para inscri\u00e7\u00f5es para a Vila de Natal da Universidade da Guiana 2023 - Universit\u00e9 de Guyane","description":"Natal na Universidade da Guiana: uma vila festiva com barracas que vendem artesanato, presentes, brinquedos e produtos locais.","robots":{"index":"index","follow":"follow","max-snippet":"max-snippet:-1","max-image-preview":"max-image-preview:large","max-video-preview":"max-video-preview:-1"},"canonical":"https:\/\/www.univ-guyane.fr\/pt\/2023\/10\/27\/appel-a-candidature-village-de-noel-de-luniversite-de-guyane-2023\/","og_locale":"pt_BR","og_type":"article","og_title":"Appel \u00e0 candidature village de No\u00ebl de l\u2019Universit\u00e9 de Guyane 2023 &#8212; Universit\u00e9 de Guyane","og_description":"No\u00ebl \u00e0 l'Universit\u00e9 de Guyane : un village festif avec des stands d'artisans, des cadeaux, des jouets et des produits du terroir \u00e0 d\u00e9guster.","og_url":"https:\/\/www.univ-guyane.fr\/pt\/2023\/10\/27\/appel-a-candidature-village-de-noel-de-luniversite-de-guyane-2023\/","og_site_name":"Universit\u00e9 de Guyane","article_publisher":"https:\/\/www.facebook.com\/univguyane","article_published_time":"2023-10-27T18:20:28+00:00","article_modified_time":"2024-06-17T18:26:32+00:00","og_image":[{"width":1800,"height":1013,"url":"https:\/\/www.univ-guyane.fr\/wp-content\/uploads\/appel-a-candidature-village-de-noel-de-luniversite-de-guyane-2023-universite-de-guyane.jpeg","type":"image\/jpeg"}],"author":"Erick Loiti\u00e8re","twitter_card":"summary_large_image","twitter_creator":"@univguyane","twitter_site":"@univguyane","twitter_misc":{"Escrito por":"Erick Loiti\u00e8re","Est. tempo de leitura":"4 minutos"},"schema":{"@context":"https:\/\/schema.org","@graph":[{"@type":"Article","@id":"https:\/\/www.univ-guyane.fr\/2023\/10\/27\/appel-a-candidature-village-de-noel-de-luniversite-de-guyane-2023\/#article","isPartOf":{"@id":"https:\/\/www.univ-guyane.fr\/2023\/10\/27\/appel-a-candidature-village-de-noel-de-luniversite-de-guyane-2023\/"},"author":{"name":"Erick Loiti\u00e8re","@id":"https:\/\/www.univ-guyane.fr\/#\/schema\/person\/86d946a28a8be51bb096ccfdf19db179"},"headline":"Appel \u00e0 candidature village de No\u00ebl de l\u2019Universit\u00e9 de Guyane 2023","datePublished":"2023-10-27T18:20:28+00:00","dateModified":"2024-06-17T18:26:32+00:00","mainEntityOfPage":{"@id":"https:\/\/www.univ-guyane.fr\/2023\/10\/27\/appel-a-candidature-village-de-noel-de-luniversite-de-guyane-2023\/"},"wordCount":870,"publisher":{"@id":"https:\/\/www.univ-guyane.fr\/#organization"},"image":{"@id":"https:\/\/www.univ-guyane.fr\/2023\/10\/27\/appel-a-candidature-village-de-noel-de-luniversite-de-guyane-2023\/#primaryimage"},"thumbnailUrl":"https:\/\/www.univ-guyane.fr\/wp-content\/uploads\/appel-a-candidature-village-de-noel-de-luniversite-de-guyane-2023-universite-de-guyane.jpeg","articleSection":["\u2022 \u00c0 la une"],"inLanguage":"pt-BR"},{"@type":"WebPage","@id":"https:\/\/www.univ-guyane.fr\/2023\/10\/27\/appel-a-candidature-village-de-noel-de-luniversite-de-guyane-2023\/","url":"https:\/\/www.univ-guyane.fr\/2023\/10\/27\/appel-a-candidature-village-de-noel-de-luniversite-de-guyane-2023\/","name":"Chamada para inscri\u00e7\u00f5es para a Vila de Natal da Universidade da Guiana 2023 - Universit\u00e9 de Guyane","isPartOf":{"@id":"https:\/\/www.univ-guyane.fr\/#website"},"primaryImageOfPage":{"@id":"https:\/\/www.univ-guyane.fr\/2023\/10\/27\/appel-a-candidature-village-de-noel-de-luniversite-de-guyane-2023\/#primaryimage"},"image":{"@id":"https:\/\/www.univ-guyane.fr\/2023\/10\/27\/appel-a-candidature-village-de-noel-de-luniversite-de-guyane-2023\/#primaryimage"},"thumbnailUrl":"https:\/\/www.univ-guyane.fr\/wp-content\/uploads\/appel-a-candidature-village-de-noel-de-luniversite-de-guyane-2023-universite-de-guyane.jpeg","datePublished":"2023-10-27T18:20:28+00:00","dateModified":"2024-06-17T18:26:32+00:00","description":"Natal na Universidade da Guiana: uma vila festiva com barracas que vendem artesanato, presentes, brinquedos e produtos locais.","breadcrumb":{"@id":"https:\/\/www.univ-guyane.fr\/2023\/10\/27\/appel-a-candidature-village-de-noel-de-luniversite-de-guyane-2023\/#breadcrumb"},"inLanguage":"pt-BR","potentialAction":[{"@type":"ReadAction","target":["https:\/\/www.univ-guyane.fr\/2023\/10\/27\/appel-a-candidature-village-de-noel-de-luniversite-de-guyane-2023\/"]}]},{"@type":"ImageObject","inLanguage":"pt-BR","@id":"https:\/\/www.univ-guyane.fr\/2023\/10\/27\/appel-a-candidature-village-de-noel-de-luniversite-de-guyane-2023\/#primaryimage","url":"https:\/\/www.univ-guyane.fr\/wp-content\/uploads\/appel-a-candidature-village-de-noel-de-luniversite-de-guyane-2023-universite-de-guyane.jpeg","contentUrl":"https:\/\/www.univ-guyane.fr\/wp-content\/uploads\/appel-a-candidature-village-de-noel-de-luniversite-de-guyane-2023-universite-de-guyane.jpeg","width":1800,"height":1013,"caption":"Appel \u00e0 candidature village de No\u00ebl de l\u2019Universit\u00e9 de Guyane 2023"},{"@type":"BreadcrumbList","@id":"https:\/\/www.univ-guyane.fr\/2023\/10\/27\/appel-a-candidature-village-de-noel-de-luniversite-de-guyane-2023\/#breadcrumb","itemListElement":[{"@type":"ListItem","position":1,"name":"Accueil","item":"https:\/\/www.univ-guyane.fr\/"},{"@type":"ListItem","position":2,"name":"Appel \u00e0 candidature village de No\u00ebl de l\u2019Universit\u00e9 de Guyane 2023"}]},{"@type":"WebSite","@id":"https:\/\/www.univ-guyane.fr\/#website","url":"https:\/\/www.univ-guyane.fr\/","name":"Universidade da Guiana","description":"No cora\u00e7\u00e3o da Amaz\u00f4nia","publisher":{"@id":"https:\/\/www.univ-guyane.fr\/#organization"},"alternateName":"UG","potentialAction":[{"@type":"SearchAction","target":{"@type":"EntryPoint","urlTemplate":"https:\/\/www.univ-guyane.fr\/?s={search_term_string}"},"query-input":{"@type":"PropertyValueSpecification","valueRequired":true,"valueName":"search_term_string"}}],"inLanguage":"pt-BR"},{"@type":"Organization","@id":"https:\/\/www.univ-guyane.fr\/#organization","name":"Universidade da Guiana","alternateName":"UG","url":"https:\/\/www.univ-guyane.fr\/","logo":{"@type":"ImageObject","inLanguage":"pt-BR","@id":"https:\/\/www.univ-guyane.fr\/#\/schema\/logo\/image\/","url":"https:\/\/www.univ-guyane.fr\/wp-content\/uploads\/2024\/05\/f.png","contentUrl":"https:\/\/www.univ-guyane.fr\/wp-content\/uploads\/2024\/05\/f.png","width":1024,"height":1024,"caption":"Universit\u00e9 de Guyane"},"image":{"@id":"https:\/\/www.univ-guyane.fr\/#\/schema\/logo\/image\/"},"sameAs":["https:\/\/www.facebook.com\/univguyane","https:\/\/x.com\/univguyane","https:\/\/gf.linkedin.com\/school\/universite-de-guyane\/","https:\/\/www.instagram.com\/univ_guyane\/"]},{"@type":"Person","@id":"https:\/\/www.univ-guyane.fr\/#\/schema\/person\/86d946a28a8be51bb096ccfdf19db179","name":"Erick Loiti\u00e8re","image":{"@type":"ImageObject","inLanguage":"pt-BR","@id":"https:\/\/secure.gravatar.com\/avatar\/0584f332103fbeaf37e52c73b15dca3c547fd9300deb05764e9ad8714839d072?s=96&d=robohash&r=g","url":"https:\/\/secure.gravatar.com\/avatar\/0584f332103fbeaf37e52c73b15dca3c547fd9300deb05764e9ad8714839d072?s=96&d=robohash&r=g","contentUrl":"https:\/\/secure.gravatar.com\/avatar\/0584f332103fbeaf37e52c73b15dca3c547fd9300deb05764e9ad8714839d072?s=96&d=robohash&r=g","caption":"Erick Loiti\u00e8re"},"sameAs":["http:\/\/www.univ-guyane.fr"],"url":"https:\/\/www.univ-guyane.fr\/pt\/author\/eloitierdbz\/"}]}},"_links":{"self":[{"href":"https:\/\/www.univ-guyane.fr\/pt\/wp-json\/wp\/v2\/posts\/8462","targetHints":{"allow":["GET"]}}],"collection":[{"href":"https:\/\/www.univ-guyane.fr\/pt\/wp-json\/wp\/v2\/posts"}],"about":[{"href":"https:\/\/www.univ-guyane.fr\/pt\/wp-json\/wp\/v2\/types\/post"}],"author":[{"embeddable":true,"href":"https:\/\/www.univ-guyane.fr\/pt\/wp-json\/wp\/v2\/users\/1"}],"replies":[{"embeddable":true,"href":"https:\/\/www.univ-guyane.fr\/pt\/wp-json\/wp\/v2\/comments?post=8462"}],"version-history":[{"count":1,"href":"https:\/\/www.univ-guyane.fr\/pt\/wp-json\/wp\/v2\/posts\/8462\/revisions"}],"predecessor-version":[{"id":8464,"href":"https:\/\/www.univ-guyane.fr\/pt\/wp-json\/wp\/v2\/posts\/8462\/revisions\/8464"}],"wp:featuredmedia":[{"embeddable":true,"href":"https:\/\/www.univ-guyane.fr\/pt\/wp-json\/wp\/v2\/media\/8466"}],"wp:attachment":[{"href":"https:\/\/www.univ-guyane.fr\/pt\/wp-json\/wp\/v2\/media?parent=8462"}],"wp:term":[{"taxonomy":"category","embeddable":true,"href":"https:\/\/www.univ-guyane.fr\/pt\/wp-json\/wp\/v2\/categories?post=8462"},{"taxonomy":"post_tag","embeddable":true,"href":"https:\/\/www.univ-guyane.fr\/pt\/wp-json\/wp\/v2\/tags?post=8462"}],"curies":[{"name":"wp","href":"https:\/\/api.w.org\/{rel}","templated":true}]}}