{"id":8477,"date":"2023-10-20T15:41:00","date_gmt":"2023-10-20T18:41:00","guid":{"rendered":"https:\/\/www.univ-guyane.fr\/?p=8477"},"modified":"2024-07-12T13:33:13","modified_gmt":"2024-07-12T16:33:13","slug":"reprise-du-service-photocopies-et-impressions-a-la-bibliotheque-universitaire","status":"publish","type":"post","link":"https:\/\/www.univ-guyane.fr\/pt\/2023\/10\/20\/reprise-du-service-photocopies-et-impressions-a-la-bibliotheque-universitaire\/","title":{"rendered":"Retomada dos servi\u00e7os de fotoc\u00f3pia e impress\u00e3o na biblioteca da universidade"},"content":{"rendered":"<div id=\"fws_69f1a0c00f1b8\"  data-column-margin=\"default\" data-midnight=\"dark\"  class=\"wpb_row vc_row-fluid vc_row\"  style=\"padding-top: 0px; padding-bottom: 0px; \"><div class=\"row-bg-wrap\" data-bg-animation=\"none\" data-bg-animation-delay=\"\" data-bg-overlay=\"false\"><div class=\"inner-wrap row-bg-layer\" ><div class=\"row-bg viewport-desktop\"  style=\"\"><\/div><\/div><\/div><div class=\"row_col_wrap_12 col span_12 dark left\">\n\t<div  class=\"vc_col-sm-12 wpb_column column_container vc_column_container col no-extra-padding inherit_tablet inherit_phone\"  data-padding-pos=\"all\" data-has-bg-color=\"false\" data-bg-color=\"\" data-bg-opacity=\"1\" data-animation=\"\" data-delay=\"0\" >\n\t\t<div class=\"vc_column-inner\" >\n\t\t\t<div class=\"wpb_wrapper\">\n\t\t\t\t\n<div class=\"wpb_text_column wpb_content_element  chapo\" >\n\t<h2>O servi\u00e7o de fotoc\u00f3pia e impress\u00e3o de documentos nas esta\u00e7\u00f5es de trabalho com computador da biblioteca da universidade voltou a funcionar. A retomada dessa atividade \u00e9 poss\u00edvel gra\u00e7as \u00e0 assist\u00eancia do Departamento de Servi\u00e7os Digitais.<\/h2>\n<\/div>\n\n\n\n\n<div class=\"wpb_text_column wpb_content_element\" >\n\t<p>Antes de imprimir, voc\u00ea deve ter comprado cr\u00e9ditos de impress\u00e3o no site da Universit\u00e9 de Guyane. Para fazer isso, siga o procedimento abaixo:<\/p>\n<ol>\n<li>Ir para o<a href=\"https:\/\/www.univ-guyane.fr\/pt\/\">UG<\/a><\/li>\n<li>Na faixa verde na parte superior, clique em \"Students\" (Alunos) e depois em \"Print Credits\" (Imprimir cr\u00e9ditos).<\/li>\n<li>Digite seu login e senha usuais da UG (que devem ter sido ativados no in\u00edcio do ano acad\u00eamico). <a href=\"https:\/\/appli.univ-guyane.fr\/change_mot_passe\/\" target=\"_blank\" rel=\"noopener\">Senha esquecida<\/a><\/li>\n<li>Compre os cr\u00e9ditos pelo valor que voc\u00ea deseja.<\/li>\n<\/ol>\n<p><strong>OBSERVE:<\/strong><br \/>\nAo acessar sua conta de impress\u00e3o, voc\u00ea receber\u00e1 um c\u00f3digo de 6 d\u00edgitos. Anote-o cuidadosamente. Esse \u00e9 o c\u00f3digo que voc\u00ea precisar\u00e1 inserir na tela da copiadora para se conectar \u00e0 sua conta antes de come\u00e7ar a copiar e imprimir.<br \/>\nDepois de comprar seus cr\u00e9ditos, voc\u00ea pode come\u00e7ar a imprimir nas esta\u00e7\u00f5es de trabalho com computador da BU ou ir at\u00e9 a copiadora para fazer c\u00f3pias (digitais ou impressas) de seus documentos. Uma vez na copiadora :<\/p>\n<ol>\n<li>\u00a0Digite seu c\u00f3digo de impress\u00e3o de 6 d\u00edgitos e clique em \"Validate\" (Validar).<\/li>\n<li>Na interface fornecida, selecione a op\u00e7\u00e3o \"Print\" (para impress\u00e3o a partir de nossos computadores), a op\u00e7\u00e3o \"Scan\" (digitaliza\u00e7\u00e3o gratuita ilimitada) ou a op\u00e7\u00e3o \"Copy\" para fotocopiar documentos impressos.<\/li>\n<li>N\u00e3o se esque\u00e7a de desconectar as m\u00e1quinas ao final de sua opera\u00e7\u00e3o para evitar que outra pessoa fa\u00e7a fotoc\u00f3pias ou impress\u00f5es \u00e0s suas custas!<\/li>\n<\/ol>\n<h3>Onde posso encontrar copiadoras\/impressoras?<\/h3>\n<p>H\u00e1 copiadoras dispon\u00edveis no andar t\u00e9rreo e no mezanino da BU. Os guias que explicam como comprar cr\u00e9ditos de impress\u00e3o e como fazer c\u00f3pias est\u00e3o dispon\u00edveis ao lado: deixe-os no lugar ap\u00f3s consult\u00e1-los.<\/p>\n<p>Informe imediatamente qualquer problema que encontrar \u00e0 recep\u00e7\u00e3o da BU.<\/p>\n<\/div>\n\n\n\n\n\t\t\t<\/div> \n\t\t<\/div>\n\t<\/div> \n<\/div><\/div>","protected":false},"excerpt":{"rendered":"O servi\u00e7o de fotoc\u00f3pia e impress\u00e3o de documentos das esta\u00e7\u00f5es de trabalho com computador da biblioteca...","protected":false},"author":1,"featured_media":8482,"comment_status":"closed","ping_status":"open","sticky":false,"template":"","format":"standard","meta":{"iawp_total_views":183,"footnotes":""},"categories":[232],"tags":[],"class_list":{"0":"post-8477","1":"post","2":"type-post","3":"status-publish","4":"format-standard","5":"has-post-thumbnail","7":"category-bibliotheque"},"yoast_head":"<!-- This site is optimized with the Yoast SEO plugin v27.5 - https:\/\/yoast.com\/product\/yoast-seo-wordpress\/ -->\n<title>Reprise du service photocopies et impressions \u00e0 la biblioth\u00e8que universitaire &#8212; Universit\u00e9 de Guyane<\/title>\n<meta name=\"description\" content=\"Achetez des cr\u00e9dits d&#039;impression sur le site de l&#039;Universit\u00e9 de Guyane pour acc\u00e9der aux services de photocopies et d&#039;impression.\" \/>\n<meta name=\"robots\" content=\"index, follow, max-snippet:-1, max-image-preview:large, max-video-preview:-1\" \/>\n<link rel=\"canonical\" href=\"https:\/\/www.univ-guyane.fr\/pt\/2023\/10\/20\/reprise-du-service-photocopies-et-impressions-a-la-bibliotheque-universitaire\/\" \/>\n<meta property=\"og:locale\" content=\"pt_BR\" \/>\n<meta property=\"og:type\" content=\"article\" \/>\n<meta property=\"og:title\" content=\"Reprise du service photocopies et impressions \u00e0 la biblioth\u00e8que universitaire &#8212; Universit\u00e9 de Guyane\" \/>\n<meta property=\"og:description\" content=\"Achetez des cr\u00e9dits d&#039;impression sur le site de l&#039;Universit\u00e9 de Guyane pour acc\u00e9der aux services de photocopies et d&#039;impression.\" \/>\n<meta property=\"og:url\" content=\"https:\/\/www.univ-guyane.fr\/pt\/2023\/10\/20\/reprise-du-service-photocopies-et-impressions-a-la-bibliotheque-universitaire\/\" \/>\n<meta property=\"og:site_name\" content=\"Universit\u00e9 de Guyane\" \/>\n<meta property=\"article:publisher\" content=\"https:\/\/www.facebook.com\/univguyane\" \/>\n<meta property=\"article:published_time\" content=\"2023-10-20T18:41:00+00:00\" \/>\n<meta property=\"article:modified_time\" content=\"2024-07-12T16:33:13+00:00\" \/>\n<meta property=\"og:image\" content=\"https:\/\/www.univ-guyane.fr\/wp-content\/uploads\/reprise-du-service-photocopies-et-impressions-a-la-bibliotheque-universitaire-universite-de-guyane.jpeg\" \/>\n\t<meta property=\"og:image:width\" content=\"1800\" \/>\n\t<meta property=\"og:image:height\" content=\"1013\" \/>\n\t<meta property=\"og:image:type\" content=\"image\/jpeg\" \/>\n<meta name=\"author\" content=\"Erick Loiti\u00e8re\" \/>\n<meta name=\"twitter:card\" content=\"summary_large_image\" \/>\n<meta name=\"twitter:creator\" content=\"@univguyane\" \/>\n<meta name=\"twitter:site\" content=\"@univguyane\" \/>\n<meta name=\"twitter:label1\" content=\"Escrito por\" \/>\n\t<meta name=\"twitter:data1\" content=\"Erick Loiti\u00e8re\" \/>\n\t<meta name=\"twitter:label2\" content=\"Est. tempo de leitura\" \/>\n\t<meta name=\"twitter:data2\" content=\"3 minutos\" \/>\n<script type=\"application\/ld+json\" class=\"yoast-schema-graph\">{\"@context\":\"https:\\\/\\\/schema.org\",\"@graph\":[{\"@type\":\"Article\",\"@id\":\"https:\\\/\\\/www.univ-guyane.fr\\\/2023\\\/10\\\/20\\\/reprise-du-service-photocopies-et-impressions-a-la-bibliotheque-universitaire\\\/#article\",\"isPartOf\":{\"@id\":\"https:\\\/\\\/www.univ-guyane.fr\\\/2023\\\/10\\\/20\\\/reprise-du-service-photocopies-et-impressions-a-la-bibliotheque-universitaire\\\/\"},\"author\":{\"name\":\"Erick Loiti\u00e8re\",\"@id\":\"https:\\\/\\\/www.univ-guyane.fr\\\/#\\\/schema\\\/person\\\/86d946a28a8be51bb096ccfdf19db179\"},\"headline\":\"Reprise du service photocopies et impressions \u00e0 la biblioth\u00e8que universitaire\",\"datePublished\":\"2023-10-20T18:41:00+00:00\",\"dateModified\":\"2024-07-12T16:33:13+00:00\",\"mainEntityOfPage\":{\"@id\":\"https:\\\/\\\/www.univ-guyane.fr\\\/2023\\\/10\\\/20\\\/reprise-du-service-photocopies-et-impressions-a-la-bibliotheque-universitaire\\\/\"},\"wordCount\":558,\"publisher\":{\"@id\":\"https:\\\/\\\/www.univ-guyane.fr\\\/#organization\"},\"image\":{\"@id\":\"https:\\\/\\\/www.univ-guyane.fr\\\/2023\\\/10\\\/20\\\/reprise-du-service-photocopies-et-impressions-a-la-bibliotheque-universitaire\\\/#primaryimage\"},\"thumbnailUrl\":\"https:\\\/\\\/www.univ-guyane.fr\\\/wp-content\\\/uploads\\\/reprise-du-service-photocopies-et-impressions-a-la-bibliotheque-universitaire-universite-de-guyane.jpeg\",\"articleSection\":[\"\u2022 Biblioth\u00e8que\"],\"inLanguage\":\"pt-BR\"},{\"@type\":\"WebPage\",\"@id\":\"https:\\\/\\\/www.univ-guyane.fr\\\/2023\\\/10\\\/20\\\/reprise-du-service-photocopies-et-impressions-a-la-bibliotheque-universitaire\\\/\",\"url\":\"https:\\\/\\\/www.univ-guyane.fr\\\/2023\\\/10\\\/20\\\/reprise-du-service-photocopies-et-impressions-a-la-bibliotheque-universitaire\\\/\",\"name\":\"Reprise du service photocopies et impressions \u00e0 la biblioth\u00e8que universitaire &#8212; Universit\u00e9 de Guyane\",\"isPartOf\":{\"@id\":\"https:\\\/\\\/www.univ-guyane.fr\\\/#website\"},\"primaryImageOfPage\":{\"@id\":\"https:\\\/\\\/www.univ-guyane.fr\\\/2023\\\/10\\\/20\\\/reprise-du-service-photocopies-et-impressions-a-la-bibliotheque-universitaire\\\/#primaryimage\"},\"image\":{\"@id\":\"https:\\\/\\\/www.univ-guyane.fr\\\/2023\\\/10\\\/20\\\/reprise-du-service-photocopies-et-impressions-a-la-bibliotheque-universitaire\\\/#primaryimage\"},\"thumbnailUrl\":\"https:\\\/\\\/www.univ-guyane.fr\\\/wp-content\\\/uploads\\\/reprise-du-service-photocopies-et-impressions-a-la-bibliotheque-universitaire-universite-de-guyane.jpeg\",\"datePublished\":\"2023-10-20T18:41:00+00:00\",\"dateModified\":\"2024-07-12T16:33:13+00:00\",\"description\":\"Achetez des cr\u00e9dits d'impression sur le site de l'Universit\u00e9 de Guyane pour acc\u00e9der aux services de photocopies et d'impression.\",\"breadcrumb\":{\"@id\":\"https:\\\/\\\/www.univ-guyane.fr\\\/2023\\\/10\\\/20\\\/reprise-du-service-photocopies-et-impressions-a-la-bibliotheque-universitaire\\\/#breadcrumb\"},\"inLanguage\":\"pt-BR\",\"potentialAction\":[{\"@type\":\"ReadAction\",\"target\":[\"https:\\\/\\\/www.univ-guyane.fr\\\/2023\\\/10\\\/20\\\/reprise-du-service-photocopies-et-impressions-a-la-bibliotheque-universitaire\\\/\"]}]},{\"@type\":\"ImageObject\",\"inLanguage\":\"pt-BR\",\"@id\":\"https:\\\/\\\/www.univ-guyane.fr\\\/2023\\\/10\\\/20\\\/reprise-du-service-photocopies-et-impressions-a-la-bibliotheque-universitaire\\\/#primaryimage\",\"url\":\"https:\\\/\\\/www.univ-guyane.fr\\\/wp-content\\\/uploads\\\/reprise-du-service-photocopies-et-impressions-a-la-bibliotheque-universitaire-universite-de-guyane.jpeg\",\"contentUrl\":\"https:\\\/\\\/www.univ-guyane.fr\\\/wp-content\\\/uploads\\\/reprise-du-service-photocopies-et-impressions-a-la-bibliotheque-universitaire-universite-de-guyane.jpeg\",\"width\":1800,\"height\":1013,\"caption\":\"Reprise du service photocopies et impressions \u00e0 la biblioth\u00e8que universitaire\"},{\"@type\":\"BreadcrumbList\",\"@id\":\"https:\\\/\\\/www.univ-guyane.fr\\\/2023\\\/10\\\/20\\\/reprise-du-service-photocopies-et-impressions-a-la-bibliotheque-universitaire\\\/#breadcrumb\",\"itemListElement\":[{\"@type\":\"ListItem\",\"position\":1,\"name\":\"Accueil\",\"item\":\"https:\\\/\\\/www.univ-guyane.fr\\\/\"},{\"@type\":\"ListItem\",\"position\":2,\"name\":\"Reprise du service photocopies et impressions \u00e0 la biblioth\u00e8que universitaire\"}]},{\"@type\":\"WebSite\",\"@id\":\"https:\\\/\\\/www.univ-guyane.fr\\\/#website\",\"url\":\"https:\\\/\\\/www.univ-guyane.fr\\\/\",\"name\":\"Universit\u00e9 de Guyane\",\"description\":\"Au c\u0153ur de l&#039;amazonie\",\"publisher\":{\"@id\":\"https:\\\/\\\/www.univ-guyane.fr\\\/#organization\"},\"alternateName\":\"UG\",\"potentialAction\":[{\"@type\":\"SearchAction\",\"target\":{\"@type\":\"EntryPoint\",\"urlTemplate\":\"https:\\\/\\\/www.univ-guyane.fr\\\/?s={search_term_string}\"},\"query-input\":{\"@type\":\"PropertyValueSpecification\",\"valueRequired\":true,\"valueName\":\"search_term_string\"}}],\"inLanguage\":\"pt-BR\"},{\"@type\":\"Organization\",\"@id\":\"https:\\\/\\\/www.univ-guyane.fr\\\/#organization\",\"name\":\"Universit\u00e9 de Guyane\",\"alternateName\":\"UG\",\"url\":\"https:\\\/\\\/www.univ-guyane.fr\\\/\",\"logo\":{\"@type\":\"ImageObject\",\"inLanguage\":\"pt-BR\",\"@id\":\"https:\\\/\\\/www.univ-guyane.fr\\\/#\\\/schema\\\/logo\\\/image\\\/\",\"url\":\"https:\\\/\\\/www.univ-guyane.fr\\\/wp-content\\\/uploads\\\/2024\\\/05\\\/f.png\",\"contentUrl\":\"https:\\\/\\\/www.univ-guyane.fr\\\/wp-content\\\/uploads\\\/2024\\\/05\\\/f.png\",\"width\":1024,\"height\":1024,\"caption\":\"Universit\u00e9 de Guyane\"},\"image\":{\"@id\":\"https:\\\/\\\/www.univ-guyane.fr\\\/#\\\/schema\\\/logo\\\/image\\\/\"},\"sameAs\":[\"https:\\\/\\\/www.facebook.com\\\/univguyane\",\"https:\\\/\\\/x.com\\\/univguyane\",\"https:\\\/\\\/gf.linkedin.com\\\/school\\\/universite-de-guyane\\\/\",\"https:\\\/\\\/www.instagram.com\\\/univ_guyane\\\/\"]},{\"@type\":\"Person\",\"@id\":\"https:\\\/\\\/www.univ-guyane.fr\\\/#\\\/schema\\\/person\\\/86d946a28a8be51bb096ccfdf19db179\",\"name\":\"Erick Loiti\u00e8re\",\"image\":{\"@type\":\"ImageObject\",\"inLanguage\":\"pt-BR\",\"@id\":\"https:\\\/\\\/secure.gravatar.com\\\/avatar\\\/0584f332103fbeaf37e52c73b15dca3c547fd9300deb05764e9ad8714839d072?s=96&d=robohash&r=g\",\"url\":\"https:\\\/\\\/secure.gravatar.com\\\/avatar\\\/0584f332103fbeaf37e52c73b15dca3c547fd9300deb05764e9ad8714839d072?s=96&d=robohash&r=g\",\"contentUrl\":\"https:\\\/\\\/secure.gravatar.com\\\/avatar\\\/0584f332103fbeaf37e52c73b15dca3c547fd9300deb05764e9ad8714839d072?s=96&d=robohash&r=g\",\"caption\":\"Erick Loiti\u00e8re\"},\"sameAs\":[\"http:\\\/\\\/www.univ-guyane.fr\"],\"url\":\"https:\\\/\\\/www.univ-guyane.fr\\\/pt\\\/author\\\/eloitierdbz\\\/\"}]}<\/script>\n<!-- \/ Yoast SEO plugin. -->","yoast_head_json":{"title":"Reprise du service photocopies et impressions \u00e0 la biblioth\u00e8que universitaire &#8212; Universit\u00e9 de Guyane","description":"Achetez des cr\u00e9dits d'impression sur le site de l'Universit\u00e9 de Guyane pour acc\u00e9der aux services de photocopies et d'impression.","robots":{"index":"index","follow":"follow","max-snippet":"max-snippet:-1","max-image-preview":"max-image-preview:large","max-video-preview":"max-video-preview:-1"},"canonical":"https:\/\/www.univ-guyane.fr\/pt\/2023\/10\/20\/reprise-du-service-photocopies-et-impressions-a-la-bibliotheque-universitaire\/","og_locale":"pt_BR","og_type":"article","og_title":"Reprise du service photocopies et impressions \u00e0 la biblioth\u00e8que universitaire &#8212; Universit\u00e9 de Guyane","og_description":"Achetez des cr\u00e9dits d'impression sur le site de l'Universit\u00e9 de Guyane pour acc\u00e9der aux services de photocopies et d'impression.","og_url":"https:\/\/www.univ-guyane.fr\/pt\/2023\/10\/20\/reprise-du-service-photocopies-et-impressions-a-la-bibliotheque-universitaire\/","og_site_name":"Universit\u00e9 de Guyane","article_publisher":"https:\/\/www.facebook.com\/univguyane","article_published_time":"2023-10-20T18:41:00+00:00","article_modified_time":"2024-07-12T16:33:13+00:00","og_image":[{"width":1800,"height":1013,"url":"https:\/\/www.univ-guyane.fr\/wp-content\/uploads\/reprise-du-service-photocopies-et-impressions-a-la-bibliotheque-universitaire-universite-de-guyane.jpeg","type":"image\/jpeg"}],"author":"Erick Loiti\u00e8re","twitter_card":"summary_large_image","twitter_creator":"@univguyane","twitter_site":"@univguyane","twitter_misc":{"Escrito por":"Erick Loiti\u00e8re","Est. tempo de leitura":"3 minutos"},"schema":{"@context":"https:\/\/schema.org","@graph":[{"@type":"Article","@id":"https:\/\/www.univ-guyane.fr\/2023\/10\/20\/reprise-du-service-photocopies-et-impressions-a-la-bibliotheque-universitaire\/#article","isPartOf":{"@id":"https:\/\/www.univ-guyane.fr\/2023\/10\/20\/reprise-du-service-photocopies-et-impressions-a-la-bibliotheque-universitaire\/"},"author":{"name":"Erick Loiti\u00e8re","@id":"https:\/\/www.univ-guyane.fr\/#\/schema\/person\/86d946a28a8be51bb096ccfdf19db179"},"headline":"Reprise du service photocopies et impressions \u00e0 la biblioth\u00e8que universitaire","datePublished":"2023-10-20T18:41:00+00:00","dateModified":"2024-07-12T16:33:13+00:00","mainEntityOfPage":{"@id":"https:\/\/www.univ-guyane.fr\/2023\/10\/20\/reprise-du-service-photocopies-et-impressions-a-la-bibliotheque-universitaire\/"},"wordCount":558,"publisher":{"@id":"https:\/\/www.univ-guyane.fr\/#organization"},"image":{"@id":"https:\/\/www.univ-guyane.fr\/2023\/10\/20\/reprise-du-service-photocopies-et-impressions-a-la-bibliotheque-universitaire\/#primaryimage"},"thumbnailUrl":"https:\/\/www.univ-guyane.fr\/wp-content\/uploads\/reprise-du-service-photocopies-et-impressions-a-la-bibliotheque-universitaire-universite-de-guyane.jpeg","articleSection":["\u2022 Biblioth\u00e8que"],"inLanguage":"pt-BR"},{"@type":"WebPage","@id":"https:\/\/www.univ-guyane.fr\/2023\/10\/20\/reprise-du-service-photocopies-et-impressions-a-la-bibliotheque-universitaire\/","url":"https:\/\/www.univ-guyane.fr\/2023\/10\/20\/reprise-du-service-photocopies-et-impressions-a-la-bibliotheque-universitaire\/","name":"Reprise du service photocopies et impressions \u00e0 la biblioth\u00e8que universitaire &#8212; Universit\u00e9 de Guyane","isPartOf":{"@id":"https:\/\/www.univ-guyane.fr\/#website"},"primaryImageOfPage":{"@id":"https:\/\/www.univ-guyane.fr\/2023\/10\/20\/reprise-du-service-photocopies-et-impressions-a-la-bibliotheque-universitaire\/#primaryimage"},"image":{"@id":"https:\/\/www.univ-guyane.fr\/2023\/10\/20\/reprise-du-service-photocopies-et-impressions-a-la-bibliotheque-universitaire\/#primaryimage"},"thumbnailUrl":"https:\/\/www.univ-guyane.fr\/wp-content\/uploads\/reprise-du-service-photocopies-et-impressions-a-la-bibliotheque-universitaire-universite-de-guyane.jpeg","datePublished":"2023-10-20T18:41:00+00:00","dateModified":"2024-07-12T16:33:13+00:00","description":"Achetez des cr\u00e9dits d'impression sur le site de l'Universit\u00e9 de Guyane pour acc\u00e9der aux services de photocopies et d'impression.","breadcrumb":{"@id":"https:\/\/www.univ-guyane.fr\/2023\/10\/20\/reprise-du-service-photocopies-et-impressions-a-la-bibliotheque-universitaire\/#breadcrumb"},"inLanguage":"pt-BR","potentialAction":[{"@type":"ReadAction","target":["https:\/\/www.univ-guyane.fr\/2023\/10\/20\/reprise-du-service-photocopies-et-impressions-a-la-bibliotheque-universitaire\/"]}]},{"@type":"ImageObject","inLanguage":"pt-BR","@id":"https:\/\/www.univ-guyane.fr\/2023\/10\/20\/reprise-du-service-photocopies-et-impressions-a-la-bibliotheque-universitaire\/#primaryimage","url":"https:\/\/www.univ-guyane.fr\/wp-content\/uploads\/reprise-du-service-photocopies-et-impressions-a-la-bibliotheque-universitaire-universite-de-guyane.jpeg","contentUrl":"https:\/\/www.univ-guyane.fr\/wp-content\/uploads\/reprise-du-service-photocopies-et-impressions-a-la-bibliotheque-universitaire-universite-de-guyane.jpeg","width":1800,"height":1013,"caption":"Reprise du service photocopies et impressions \u00e0 la biblioth\u00e8que universitaire"},{"@type":"BreadcrumbList","@id":"https:\/\/www.univ-guyane.fr\/2023\/10\/20\/reprise-du-service-photocopies-et-impressions-a-la-bibliotheque-universitaire\/#breadcrumb","itemListElement":[{"@type":"ListItem","position":1,"name":"Accueil","item":"https:\/\/www.univ-guyane.fr\/"},{"@type":"ListItem","position":2,"name":"Reprise du service photocopies et impressions \u00e0 la biblioth\u00e8que universitaire"}]},{"@type":"WebSite","@id":"https:\/\/www.univ-guyane.fr\/#website","url":"https:\/\/www.univ-guyane.fr\/","name":"Universidade da Guiana","description":"No cora\u00e7\u00e3o da Amaz\u00f4nia","publisher":{"@id":"https:\/\/www.univ-guyane.fr\/#organization"},"alternateName":"UG","potentialAction":[{"@type":"SearchAction","target":{"@type":"EntryPoint","urlTemplate":"https:\/\/www.univ-guyane.fr\/?s={search_term_string}"},"query-input":{"@type":"PropertyValueSpecification","valueRequired":true,"valueName":"search_term_string"}}],"inLanguage":"pt-BR"},{"@type":"Organization","@id":"https:\/\/www.univ-guyane.fr\/#organization","name":"Universidade da Guiana","alternateName":"UG","url":"https:\/\/www.univ-guyane.fr\/","logo":{"@type":"ImageObject","inLanguage":"pt-BR","@id":"https:\/\/www.univ-guyane.fr\/#\/schema\/logo\/image\/","url":"https:\/\/www.univ-guyane.fr\/wp-content\/uploads\/2024\/05\/f.png","contentUrl":"https:\/\/www.univ-guyane.fr\/wp-content\/uploads\/2024\/05\/f.png","width":1024,"height":1024,"caption":"Universit\u00e9 de Guyane"},"image":{"@id":"https:\/\/www.univ-guyane.fr\/#\/schema\/logo\/image\/"},"sameAs":["https:\/\/www.facebook.com\/univguyane","https:\/\/x.com\/univguyane","https:\/\/gf.linkedin.com\/school\/universite-de-guyane\/","https:\/\/www.instagram.com\/univ_guyane\/"]},{"@type":"Person","@id":"https:\/\/www.univ-guyane.fr\/#\/schema\/person\/86d946a28a8be51bb096ccfdf19db179","name":"Erick Loiti\u00e8re","image":{"@type":"ImageObject","inLanguage":"pt-BR","@id":"https:\/\/secure.gravatar.com\/avatar\/0584f332103fbeaf37e52c73b15dca3c547fd9300deb05764e9ad8714839d072?s=96&d=robohash&r=g","url":"https:\/\/secure.gravatar.com\/avatar\/0584f332103fbeaf37e52c73b15dca3c547fd9300deb05764e9ad8714839d072?s=96&d=robohash&r=g","contentUrl":"https:\/\/secure.gravatar.com\/avatar\/0584f332103fbeaf37e52c73b15dca3c547fd9300deb05764e9ad8714839d072?s=96&d=robohash&r=g","caption":"Erick Loiti\u00e8re"},"sameAs":["http:\/\/www.univ-guyane.fr"],"url":"https:\/\/www.univ-guyane.fr\/pt\/author\/eloitierdbz\/"}]}},"_links":{"self":[{"href":"https:\/\/www.univ-guyane.fr\/pt\/wp-json\/wp\/v2\/posts\/8477","targetHints":{"allow":["GET"]}}],"collection":[{"href":"https:\/\/www.univ-guyane.fr\/pt\/wp-json\/wp\/v2\/posts"}],"about":[{"href":"https:\/\/www.univ-guyane.fr\/pt\/wp-json\/wp\/v2\/types\/post"}],"author":[{"embeddable":true,"href":"https:\/\/www.univ-guyane.fr\/pt\/wp-json\/wp\/v2\/users\/1"}],"replies":[{"embeddable":true,"href":"https:\/\/www.univ-guyane.fr\/pt\/wp-json\/wp\/v2\/comments?post=8477"}],"version-history":[{"count":7,"href":"https:\/\/www.univ-guyane.fr\/pt\/wp-json\/wp\/v2\/posts\/8477\/revisions"}],"predecessor-version":[{"id":9985,"href":"https:\/\/www.univ-guyane.fr\/pt\/wp-json\/wp\/v2\/posts\/8477\/revisions\/9985"}],"wp:featuredmedia":[{"embeddable":true,"href":"https:\/\/www.univ-guyane.fr\/pt\/wp-json\/wp\/v2\/media\/8482"}],"wp:attachment":[{"href":"https:\/\/www.univ-guyane.fr\/pt\/wp-json\/wp\/v2\/media?parent=8477"}],"wp:term":[{"taxonomy":"category","embeddable":true,"href":"https:\/\/www.univ-guyane.fr\/pt\/wp-json\/wp\/v2\/categories?post=8477"},{"taxonomy":"post_tag","embeddable":true,"href":"https:\/\/www.univ-guyane.fr\/pt\/wp-json\/wp\/v2\/tags?post=8477"}],"curies":[{"name":"wp","href":"https:\/\/api.w.org\/{rel}","templated":true}]}}