{"id":8501,"date":"2023-09-20T08:04:30","date_gmt":"2023-09-20T11:04:30","guid":{"rendered":"https:\/\/www.univ-guyane.fr\/?p=8501"},"modified":"2024-07-12T13:38:17","modified_gmt":"2024-07-12T16:38:17","slug":"elaboration-du-schema-directeur-de-la-vie-etudiante","status":"publish","type":"post","link":"https:\/\/www.univ-guyane.fr\/pt\/2023\/09\/20\/elaboration-du-schema-directeur-de-la-vie-etudiante\/","title":{"rendered":"Elabora\u00e7\u00e3o de um plano mestre para a vida estudantil"},"content":{"rendered":"<div id=\"fws_69f4a845a18fb\"  data-column-margin=\"default\" data-midnight=\"dark\"  class=\"wpb_row vc_row-fluid vc_row\"  style=\"padding-top: 0px; padding-bottom: 0px; \"><div class=\"row-bg-wrap\" data-bg-animation=\"none\" data-bg-animation-delay=\"\" data-bg-overlay=\"false\"><div class=\"inner-wrap row-bg-layer\" ><div class=\"row-bg viewport-desktop\"  style=\"\"><\/div><\/div><\/div><div class=\"row_col_wrap_12 col span_12 dark left\">\n\t<div  class=\"vc_col-sm-12 wpb_column column_container vc_column_container col no-extra-padding inherit_tablet inherit_phone\"  data-padding-pos=\"all\" data-has-bg-color=\"false\" data-bg-color=\"\" data-bg-opacity=\"1\" data-animation=\"\" data-delay=\"0\" >\n\t\t<div class=\"vc_column-inner\" >\n\t\t\t<div class=\"wpb_wrapper\">\n\t\t\t\t\n<div class=\"wpb_text_column wpb_content_element  chapo\" >\n\t<h2>A Universidade da Guiana est\u00e1 adotando uma abordagem genu\u00edna para melhorar as condi\u00e7\u00f5es de vida e estudo de seus alunos. Por esse motivo, ela come\u00e7ou a elaborar um plano mestre para a vida estudantil. Esse roteiro apresentar\u00e1 os resultados de discuss\u00f5es conjuntas com todos os envolvidos na melhoria do bem-estar da popula\u00e7\u00e3o estudantil.<\/h2>\n<\/div>\n\n\n\n\n<div class=\"wpb_text_column wpb_content_element\" >\n\t<div class=\"wpb_text_column wpb_content_element\">\n<div class=\"wpb_wrapper\">\n<span class=\"nectar-dropcap\" >L <\/span>Plano Diretor de Vida Estudantil (SDVE) define os principais objetivos comuns da pol\u00edtica de vida estudantil para um per\u00edodo de cerca de quatro anos. Ele \u00e9 elaborado em n\u00edvel regional e em conjunto com todas as partes interessadas e parceiros da universidade: funcion\u00e1rios, alunos, CROUS, autoridades locais e outros atores envolvidos na vida estudantil. De fato, \u00e9 essencial que essa estrat\u00e9gia resulte do compromisso de todas as partes interessadas, a fim de obter uma pol\u00edtica coerente e complementar que incorpore as caracter\u00edsticas espec\u00edficas da regi\u00e3o. O SDVE apresentar\u00e1 as medidas que ser\u00e3o tomadas e as a\u00e7\u00f5es concretas que ser\u00e3o implementadas para atender \u00e0s necessidades identificadas e melhorar a qualidade da vida estudantil na Guiana Francesa.<\/p>\n<\/div>\n<\/div>\n<div class=\"wpb_text_column wpb_content_element\">\n<div class=\"wpb_wrapper\">\n<div id=\"lipsum\">\n<h3>Bem-estar do aluno: um componente essencial para o sucesso<\/h3>\n<p>O bem-estar do aluno \u00e9 um componente essencial do sucesso acad\u00eamico. O SDVE reflete o reconhecimento da vida estudantil como um fator de sucesso e desenvolvimento dos alunos. O plano diretor se concentrar\u00e1 em quatro \u00e1reas principais: vida comunit\u00e1ria e envolvimento c\u00edvico, sa\u00fade e bem-estar, apoio social, moradia e transporte, e esporte e cultura.<\/p>\n<\/div>\n<\/div>\n<\/div>\n<div class=\"wpb_text_column wpb_content_element\">\n<div class=\"wpb_wrapper\">\n<h3>Co-constru\u00e7\u00e3o com a participa\u00e7\u00e3o de todos<\/h3>\n<p>O desenvolvimento do SDVE envolver\u00e1 v\u00e1rias etapas. Durante o m\u00eas de outubro, ser\u00e3o realizados grupos focais tem\u00e1ticos em ambos os campi com alunos e membros da equipe para que eles possam expressar suas opini\u00f5es e pontos de vista sobre uma variedade de assuntos. Esses grupos de foco dar\u00e3o origem a discuss\u00f5es entre os v\u00e1rios membros do grupo. Em novembro, um semin\u00e1rio reunindo atores institucionais e a comunidade universit\u00e1ria proporcionar\u00e1 uma oportunidade de refletir coletivamente sobre as alavancas e solu\u00e7\u00f5es para melhorar as condi\u00e7\u00f5es de vida dos alunos da Universidade da Guiana.<\/p>\n<\/div>\n<\/div>\n<\/div>\n\n\n\n\n\t\t\t<\/div> \n\t\t<\/div>\n\t<\/div> \n<\/div><\/div>","protected":false},"excerpt":{"rendered":"A Universidade da Guiana Francesa est\u00e1 liderando uma iniciativa genu\u00edna para melhorar as condi\u00e7\u00f5es de vida e estudo de seus...","protected":false},"author":1,"featured_media":8502,"comment_status":"closed","ping_status":"open","sticky":false,"template":"","format":"standard","meta":{"iawp_total_views":57,"footnotes":""},"categories":[151],"tags":[],"class_list":{"0":"post-8501","1":"post","2":"type-post","3":"status-publish","4":"format-standard","5":"has-post-thumbnail","7":"category-bve"},"yoast_head":"<!-- This site is optimized with the Yoast SEO plugin v27.5 - https:\/\/yoast.com\/product\/yoast-seo-wordpress\/ -->\n<title>\u00c9laboration du sch\u00e9ma directeur de la vie \u00e9tudiante &#8212; Universit\u00e9 de Guyane<\/title>\n<meta name=\"description\" content=\"D\u00e9couvrez le Sch\u00e9ma Directeur de la Vie \u00c9tudiante en Guyane. Une strat\u00e9gie commune pour am\u00e9liorer la qualit\u00e9 de vie et r\u00e9ussite acad\u00e9mique.\" \/>\n<meta name=\"robots\" content=\"index, follow, max-snippet:-1, max-image-preview:large, max-video-preview:-1\" \/>\n<link rel=\"canonical\" href=\"https:\/\/www.univ-guyane.fr\/pt\/2023\/09\/20\/elaboration-du-schema-directeur-de-la-vie-etudiante\/\" \/>\n<meta property=\"og:locale\" content=\"pt_BR\" \/>\n<meta property=\"og:type\" content=\"article\" \/>\n<meta property=\"og:title\" content=\"\u00c9laboration du sch\u00e9ma directeur de la vie \u00e9tudiante &#8212; Universit\u00e9 de Guyane\" \/>\n<meta property=\"og:description\" content=\"D\u00e9couvrez le Sch\u00e9ma Directeur de la Vie \u00c9tudiante en Guyane. Une strat\u00e9gie commune pour am\u00e9liorer la qualit\u00e9 de vie et r\u00e9ussite acad\u00e9mique.\" \/>\n<meta property=\"og:url\" content=\"https:\/\/www.univ-guyane.fr\/pt\/2023\/09\/20\/elaboration-du-schema-directeur-de-la-vie-etudiante\/\" \/>\n<meta property=\"og:site_name\" content=\"Universit\u00e9 de Guyane\" \/>\n<meta property=\"article:publisher\" content=\"https:\/\/www.facebook.com\/univguyane\" \/>\n<meta property=\"article:published_time\" content=\"2023-09-20T11:04:30+00:00\" \/>\n<meta property=\"article:modified_time\" content=\"2024-07-12T16:38:17+00:00\" \/>\n<meta property=\"og:image\" content=\"https:\/\/www.univ-guyane.fr\/wp-content\/uploads\/Elaboration-du-schema-directeur-de-la-vie-etudiante.jpeg\" \/>\n\t<meta property=\"og:image:width\" content=\"1800\" \/>\n\t<meta property=\"og:image:height\" content=\"1013\" \/>\n\t<meta property=\"og:image:type\" content=\"image\/jpeg\" \/>\n<meta name=\"author\" content=\"Erick Loiti\u00e8re\" \/>\n<meta name=\"twitter:card\" content=\"summary_large_image\" \/>\n<meta name=\"twitter:creator\" content=\"@univguyane\" \/>\n<meta name=\"twitter:site\" content=\"@univguyane\" \/>\n<meta name=\"twitter:label1\" content=\"Escrito por\" \/>\n\t<meta name=\"twitter:data1\" content=\"Erick Loiti\u00e8re\" \/>\n\t<meta name=\"twitter:label2\" content=\"Est. tempo de leitura\" \/>\n\t<meta name=\"twitter:data2\" content=\"3 minutos\" \/>\n<script type=\"application\/ld+json\" class=\"yoast-schema-graph\">{\"@context\":\"https:\\\/\\\/schema.org\",\"@graph\":[{\"@type\":\"Article\",\"@id\":\"https:\\\/\\\/www.univ-guyane.fr\\\/2023\\\/09\\\/20\\\/elaboration-du-schema-directeur-de-la-vie-etudiante\\\/#article\",\"isPartOf\":{\"@id\":\"https:\\\/\\\/www.univ-guyane.fr\\\/2023\\\/09\\\/20\\\/elaboration-du-schema-directeur-de-la-vie-etudiante\\\/\"},\"author\":{\"name\":\"Erick Loiti\u00e8re\",\"@id\":\"https:\\\/\\\/www.univ-guyane.fr\\\/#\\\/schema\\\/person\\\/86d946a28a8be51bb096ccfdf19db179\"},\"headline\":\"\u00c9laboration du sch\u00e9ma directeur de la vie \u00e9tudiante\",\"datePublished\":\"2023-09-20T11:04:30+00:00\",\"dateModified\":\"2024-07-12T16:38:17+00:00\",\"mainEntityOfPage\":{\"@id\":\"https:\\\/\\\/www.univ-guyane.fr\\\/2023\\\/09\\\/20\\\/elaboration-du-schema-directeur-de-la-vie-etudiante\\\/\"},\"wordCount\":613,\"publisher\":{\"@id\":\"https:\\\/\\\/www.univ-guyane.fr\\\/#organization\"},\"image\":{\"@id\":\"https:\\\/\\\/www.univ-guyane.fr\\\/2023\\\/09\\\/20\\\/elaboration-du-schema-directeur-de-la-vie-etudiante\\\/#primaryimage\"},\"thumbnailUrl\":\"https:\\\/\\\/www.univ-guyane.fr\\\/wp-content\\\/uploads\\\/Elaboration-du-schema-directeur-de-la-vie-etudiante.jpeg\",\"articleSection\":[\"\u2022 BVE\"],\"inLanguage\":\"pt-BR\"},{\"@type\":\"WebPage\",\"@id\":\"https:\\\/\\\/www.univ-guyane.fr\\\/2023\\\/09\\\/20\\\/elaboration-du-schema-directeur-de-la-vie-etudiante\\\/\",\"url\":\"https:\\\/\\\/www.univ-guyane.fr\\\/2023\\\/09\\\/20\\\/elaboration-du-schema-directeur-de-la-vie-etudiante\\\/\",\"name\":\"\u00c9laboration du sch\u00e9ma directeur de la vie \u00e9tudiante &#8212; Universit\u00e9 de Guyane\",\"isPartOf\":{\"@id\":\"https:\\\/\\\/www.univ-guyane.fr\\\/#website\"},\"primaryImageOfPage\":{\"@id\":\"https:\\\/\\\/www.univ-guyane.fr\\\/2023\\\/09\\\/20\\\/elaboration-du-schema-directeur-de-la-vie-etudiante\\\/#primaryimage\"},\"image\":{\"@id\":\"https:\\\/\\\/www.univ-guyane.fr\\\/2023\\\/09\\\/20\\\/elaboration-du-schema-directeur-de-la-vie-etudiante\\\/#primaryimage\"},\"thumbnailUrl\":\"https:\\\/\\\/www.univ-guyane.fr\\\/wp-content\\\/uploads\\\/Elaboration-du-schema-directeur-de-la-vie-etudiante.jpeg\",\"datePublished\":\"2023-09-20T11:04:30+00:00\",\"dateModified\":\"2024-07-12T16:38:17+00:00\",\"description\":\"D\u00e9couvrez le Sch\u00e9ma Directeur de la Vie \u00c9tudiante en Guyane. Une strat\u00e9gie commune pour am\u00e9liorer la qualit\u00e9 de vie et r\u00e9ussite acad\u00e9mique.\",\"breadcrumb\":{\"@id\":\"https:\\\/\\\/www.univ-guyane.fr\\\/2023\\\/09\\\/20\\\/elaboration-du-schema-directeur-de-la-vie-etudiante\\\/#breadcrumb\"},\"inLanguage\":\"pt-BR\",\"potentialAction\":[{\"@type\":\"ReadAction\",\"target\":[\"https:\\\/\\\/www.univ-guyane.fr\\\/2023\\\/09\\\/20\\\/elaboration-du-schema-directeur-de-la-vie-etudiante\\\/\"]}]},{\"@type\":\"ImageObject\",\"inLanguage\":\"pt-BR\",\"@id\":\"https:\\\/\\\/www.univ-guyane.fr\\\/2023\\\/09\\\/20\\\/elaboration-du-schema-directeur-de-la-vie-etudiante\\\/#primaryimage\",\"url\":\"https:\\\/\\\/www.univ-guyane.fr\\\/wp-content\\\/uploads\\\/Elaboration-du-schema-directeur-de-la-vie-etudiante.jpeg\",\"contentUrl\":\"https:\\\/\\\/www.univ-guyane.fr\\\/wp-content\\\/uploads\\\/Elaboration-du-schema-directeur-de-la-vie-etudiante.jpeg\",\"width\":1800,\"height\":1013,\"caption\":\"\u00c9laboration du sch\u00e9ma directeur de la vie \u00e9tudiante\"},{\"@type\":\"BreadcrumbList\",\"@id\":\"https:\\\/\\\/www.univ-guyane.fr\\\/2023\\\/09\\\/20\\\/elaboration-du-schema-directeur-de-la-vie-etudiante\\\/#breadcrumb\",\"itemListElement\":[{\"@type\":\"ListItem\",\"position\":1,\"name\":\"Accueil\",\"item\":\"https:\\\/\\\/www.univ-guyane.fr\\\/\"},{\"@type\":\"ListItem\",\"position\":2,\"name\":\"\u00c9laboration du sch\u00e9ma directeur de la vie \u00e9tudiante\"}]},{\"@type\":\"WebSite\",\"@id\":\"https:\\\/\\\/www.univ-guyane.fr\\\/#website\",\"url\":\"https:\\\/\\\/www.univ-guyane.fr\\\/\",\"name\":\"Universit\u00e9 de Guyane\",\"description\":\"Au c\u0153ur de l&#039;amazonie\",\"publisher\":{\"@id\":\"https:\\\/\\\/www.univ-guyane.fr\\\/#organization\"},\"alternateName\":\"UG\",\"potentialAction\":[{\"@type\":\"SearchAction\",\"target\":{\"@type\":\"EntryPoint\",\"urlTemplate\":\"https:\\\/\\\/www.univ-guyane.fr\\\/?s={search_term_string}\"},\"query-input\":{\"@type\":\"PropertyValueSpecification\",\"valueRequired\":true,\"valueName\":\"search_term_string\"}}],\"inLanguage\":\"pt-BR\"},{\"@type\":\"Organization\",\"@id\":\"https:\\\/\\\/www.univ-guyane.fr\\\/#organization\",\"name\":\"Universit\u00e9 de Guyane\",\"alternateName\":\"UG\",\"url\":\"https:\\\/\\\/www.univ-guyane.fr\\\/\",\"logo\":{\"@type\":\"ImageObject\",\"inLanguage\":\"pt-BR\",\"@id\":\"https:\\\/\\\/www.univ-guyane.fr\\\/#\\\/schema\\\/logo\\\/image\\\/\",\"url\":\"https:\\\/\\\/www.univ-guyane.fr\\\/wp-content\\\/uploads\\\/2024\\\/05\\\/f.png\",\"contentUrl\":\"https:\\\/\\\/www.univ-guyane.fr\\\/wp-content\\\/uploads\\\/2024\\\/05\\\/f.png\",\"width\":1024,\"height\":1024,\"caption\":\"Universit\u00e9 de Guyane\"},\"image\":{\"@id\":\"https:\\\/\\\/www.univ-guyane.fr\\\/#\\\/schema\\\/logo\\\/image\\\/\"},\"sameAs\":[\"https:\\\/\\\/www.facebook.com\\\/univguyane\",\"https:\\\/\\\/x.com\\\/univguyane\",\"https:\\\/\\\/gf.linkedin.com\\\/school\\\/universite-de-guyane\\\/\",\"https:\\\/\\\/www.instagram.com\\\/univ_guyane\\\/\"]},{\"@type\":\"Person\",\"@id\":\"https:\\\/\\\/www.univ-guyane.fr\\\/#\\\/schema\\\/person\\\/86d946a28a8be51bb096ccfdf19db179\",\"name\":\"Erick Loiti\u00e8re\",\"image\":{\"@type\":\"ImageObject\",\"inLanguage\":\"pt-BR\",\"@id\":\"https:\\\/\\\/secure.gravatar.com\\\/avatar\\\/0584f332103fbeaf37e52c73b15dca3c547fd9300deb05764e9ad8714839d072?s=96&d=robohash&r=g\",\"url\":\"https:\\\/\\\/secure.gravatar.com\\\/avatar\\\/0584f332103fbeaf37e52c73b15dca3c547fd9300deb05764e9ad8714839d072?s=96&d=robohash&r=g\",\"contentUrl\":\"https:\\\/\\\/secure.gravatar.com\\\/avatar\\\/0584f332103fbeaf37e52c73b15dca3c547fd9300deb05764e9ad8714839d072?s=96&d=robohash&r=g\",\"caption\":\"Erick Loiti\u00e8re\"},\"sameAs\":[\"http:\\\/\\\/www.univ-guyane.fr\"],\"url\":\"https:\\\/\\\/www.univ-guyane.fr\\\/pt\\\/author\\\/eloitierdbz\\\/\"}]}<\/script>\n<!-- \/ Yoast SEO plugin. -->","yoast_head_json":{"title":"Elabora\u00e7\u00e3o de um plano diretor de vida estudantil - Universit\u00e9 de Guyane","description":"Conhe\u00e7a o Plano Diretor para a Vida Estudantil na Guiana Francesa. Uma estrat\u00e9gia conjunta para melhorar a qualidade de vida e o sucesso acad\u00eamico.","robots":{"index":"index","follow":"follow","max-snippet":"max-snippet:-1","max-image-preview":"max-image-preview:large","max-video-preview":"max-video-preview:-1"},"canonical":"https:\/\/www.univ-guyane.fr\/pt\/2023\/09\/20\/elaboration-du-schema-directeur-de-la-vie-etudiante\/","og_locale":"pt_BR","og_type":"article","og_title":"\u00c9laboration du sch\u00e9ma directeur de la vie \u00e9tudiante &#8212; Universit\u00e9 de Guyane","og_description":"D\u00e9couvrez le Sch\u00e9ma Directeur de la Vie \u00c9tudiante en Guyane. Une strat\u00e9gie commune pour am\u00e9liorer la qualit\u00e9 de vie et r\u00e9ussite acad\u00e9mique.","og_url":"https:\/\/www.univ-guyane.fr\/pt\/2023\/09\/20\/elaboration-du-schema-directeur-de-la-vie-etudiante\/","og_site_name":"Universit\u00e9 de Guyane","article_publisher":"https:\/\/www.facebook.com\/univguyane","article_published_time":"2023-09-20T11:04:30+00:00","article_modified_time":"2024-07-12T16:38:17+00:00","og_image":[{"width":1800,"height":1013,"url":"https:\/\/www.univ-guyane.fr\/wp-content\/uploads\/Elaboration-du-schema-directeur-de-la-vie-etudiante.jpeg","type":"image\/jpeg"}],"author":"Erick Loiti\u00e8re","twitter_card":"summary_large_image","twitter_creator":"@univguyane","twitter_site":"@univguyane","twitter_misc":{"Escrito por":"Erick Loiti\u00e8re","Est. tempo de leitura":"3 minutos"},"schema":{"@context":"https:\/\/schema.org","@graph":[{"@type":"Article","@id":"https:\/\/www.univ-guyane.fr\/2023\/09\/20\/elaboration-du-schema-directeur-de-la-vie-etudiante\/#article","isPartOf":{"@id":"https:\/\/www.univ-guyane.fr\/2023\/09\/20\/elaboration-du-schema-directeur-de-la-vie-etudiante\/"},"author":{"name":"Erick Loiti\u00e8re","@id":"https:\/\/www.univ-guyane.fr\/#\/schema\/person\/86d946a28a8be51bb096ccfdf19db179"},"headline":"\u00c9laboration du sch\u00e9ma directeur de la vie \u00e9tudiante","datePublished":"2023-09-20T11:04:30+00:00","dateModified":"2024-07-12T16:38:17+00:00","mainEntityOfPage":{"@id":"https:\/\/www.univ-guyane.fr\/2023\/09\/20\/elaboration-du-schema-directeur-de-la-vie-etudiante\/"},"wordCount":613,"publisher":{"@id":"https:\/\/www.univ-guyane.fr\/#organization"},"image":{"@id":"https:\/\/www.univ-guyane.fr\/2023\/09\/20\/elaboration-du-schema-directeur-de-la-vie-etudiante\/#primaryimage"},"thumbnailUrl":"https:\/\/www.univ-guyane.fr\/wp-content\/uploads\/Elaboration-du-schema-directeur-de-la-vie-etudiante.jpeg","articleSection":["\u2022 BVE"],"inLanguage":"pt-BR"},{"@type":"WebPage","@id":"https:\/\/www.univ-guyane.fr\/2023\/09\/20\/elaboration-du-schema-directeur-de-la-vie-etudiante\/","url":"https:\/\/www.univ-guyane.fr\/2023\/09\/20\/elaboration-du-schema-directeur-de-la-vie-etudiante\/","name":"Elabora\u00e7\u00e3o de um plano diretor de vida estudantil - Universit\u00e9 de Guyane","isPartOf":{"@id":"https:\/\/www.univ-guyane.fr\/#website"},"primaryImageOfPage":{"@id":"https:\/\/www.univ-guyane.fr\/2023\/09\/20\/elaboration-du-schema-directeur-de-la-vie-etudiante\/#primaryimage"},"image":{"@id":"https:\/\/www.univ-guyane.fr\/2023\/09\/20\/elaboration-du-schema-directeur-de-la-vie-etudiante\/#primaryimage"},"thumbnailUrl":"https:\/\/www.univ-guyane.fr\/wp-content\/uploads\/Elaboration-du-schema-directeur-de-la-vie-etudiante.jpeg","datePublished":"2023-09-20T11:04:30+00:00","dateModified":"2024-07-12T16:38:17+00:00","description":"Conhe\u00e7a o Plano Diretor para a Vida Estudantil na Guiana Francesa. Uma estrat\u00e9gia conjunta para melhorar a qualidade de vida e o sucesso acad\u00eamico.","breadcrumb":{"@id":"https:\/\/www.univ-guyane.fr\/2023\/09\/20\/elaboration-du-schema-directeur-de-la-vie-etudiante\/#breadcrumb"},"inLanguage":"pt-BR","potentialAction":[{"@type":"ReadAction","target":["https:\/\/www.univ-guyane.fr\/2023\/09\/20\/elaboration-du-schema-directeur-de-la-vie-etudiante\/"]}]},{"@type":"ImageObject","inLanguage":"pt-BR","@id":"https:\/\/www.univ-guyane.fr\/2023\/09\/20\/elaboration-du-schema-directeur-de-la-vie-etudiante\/#primaryimage","url":"https:\/\/www.univ-guyane.fr\/wp-content\/uploads\/Elaboration-du-schema-directeur-de-la-vie-etudiante.jpeg","contentUrl":"https:\/\/www.univ-guyane.fr\/wp-content\/uploads\/Elaboration-du-schema-directeur-de-la-vie-etudiante.jpeg","width":1800,"height":1013,"caption":"\u00c9laboration du sch\u00e9ma directeur de la vie \u00e9tudiante"},{"@type":"BreadcrumbList","@id":"https:\/\/www.univ-guyane.fr\/2023\/09\/20\/elaboration-du-schema-directeur-de-la-vie-etudiante\/#breadcrumb","itemListElement":[{"@type":"ListItem","position":1,"name":"Accueil","item":"https:\/\/www.univ-guyane.fr\/"},{"@type":"ListItem","position":2,"name":"\u00c9laboration du sch\u00e9ma directeur de la vie \u00e9tudiante"}]},{"@type":"WebSite","@id":"https:\/\/www.univ-guyane.fr\/#website","url":"https:\/\/www.univ-guyane.fr\/","name":"Universidade da Guiana","description":"No cora\u00e7\u00e3o da Amaz\u00f4nia","publisher":{"@id":"https:\/\/www.univ-guyane.fr\/#organization"},"alternateName":"UG","potentialAction":[{"@type":"SearchAction","target":{"@type":"EntryPoint","urlTemplate":"https:\/\/www.univ-guyane.fr\/?s={search_term_string}"},"query-input":{"@type":"PropertyValueSpecification","valueRequired":true,"valueName":"search_term_string"}}],"inLanguage":"pt-BR"},{"@type":"Organization","@id":"https:\/\/www.univ-guyane.fr\/#organization","name":"Universidade da Guiana","alternateName":"UG","url":"https:\/\/www.univ-guyane.fr\/","logo":{"@type":"ImageObject","inLanguage":"pt-BR","@id":"https:\/\/www.univ-guyane.fr\/#\/schema\/logo\/image\/","url":"https:\/\/www.univ-guyane.fr\/wp-content\/uploads\/2024\/05\/f.png","contentUrl":"https:\/\/www.univ-guyane.fr\/wp-content\/uploads\/2024\/05\/f.png","width":1024,"height":1024,"caption":"Universit\u00e9 de Guyane"},"image":{"@id":"https:\/\/www.univ-guyane.fr\/#\/schema\/logo\/image\/"},"sameAs":["https:\/\/www.facebook.com\/univguyane","https:\/\/x.com\/univguyane","https:\/\/gf.linkedin.com\/school\/universite-de-guyane\/","https:\/\/www.instagram.com\/univ_guyane\/"]},{"@type":"Person","@id":"https:\/\/www.univ-guyane.fr\/#\/schema\/person\/86d946a28a8be51bb096ccfdf19db179","name":"Erick Loiti\u00e8re","image":{"@type":"ImageObject","inLanguage":"pt-BR","@id":"https:\/\/secure.gravatar.com\/avatar\/0584f332103fbeaf37e52c73b15dca3c547fd9300deb05764e9ad8714839d072?s=96&d=robohash&r=g","url":"https:\/\/secure.gravatar.com\/avatar\/0584f332103fbeaf37e52c73b15dca3c547fd9300deb05764e9ad8714839d072?s=96&d=robohash&r=g","contentUrl":"https:\/\/secure.gravatar.com\/avatar\/0584f332103fbeaf37e52c73b15dca3c547fd9300deb05764e9ad8714839d072?s=96&d=robohash&r=g","caption":"Erick Loiti\u00e8re"},"sameAs":["http:\/\/www.univ-guyane.fr"],"url":"https:\/\/www.univ-guyane.fr\/pt\/author\/eloitierdbz\/"}]}},"_links":{"self":[{"href":"https:\/\/www.univ-guyane.fr\/pt\/wp-json\/wp\/v2\/posts\/8501","targetHints":{"allow":["GET"]}}],"collection":[{"href":"https:\/\/www.univ-guyane.fr\/pt\/wp-json\/wp\/v2\/posts"}],"about":[{"href":"https:\/\/www.univ-guyane.fr\/pt\/wp-json\/wp\/v2\/types\/post"}],"author":[{"embeddable":true,"href":"https:\/\/www.univ-guyane.fr\/pt\/wp-json\/wp\/v2\/users\/1"}],"replies":[{"embeddable":true,"href":"https:\/\/www.univ-guyane.fr\/pt\/wp-json\/wp\/v2\/comments?post=8501"}],"version-history":[{"count":1,"href":"https:\/\/www.univ-guyane.fr\/pt\/wp-json\/wp\/v2\/posts\/8501\/revisions"}],"predecessor-version":[{"id":8503,"href":"https:\/\/www.univ-guyane.fr\/pt\/wp-json\/wp\/v2\/posts\/8501\/revisions\/8503"}],"wp:featuredmedia":[{"embeddable":true,"href":"https:\/\/www.univ-guyane.fr\/pt\/wp-json\/wp\/v2\/media\/8502"}],"wp:attachment":[{"href":"https:\/\/www.univ-guyane.fr\/pt\/wp-json\/wp\/v2\/media?parent=8501"}],"wp:term":[{"taxonomy":"category","embeddable":true,"href":"https:\/\/www.univ-guyane.fr\/pt\/wp-json\/wp\/v2\/categories?post=8501"},{"taxonomy":"post_tag","embeddable":true,"href":"https:\/\/www.univ-guyane.fr\/pt\/wp-json\/wp\/v2\/tags?post=8501"}],"curies":[{"name":"wp","href":"https:\/\/api.w.org\/{rel}","templated":true}]}}