{"id":8513,"date":"2023-09-07T08:24:01","date_gmt":"2023-09-07T11:24:01","guid":{"rendered":"https:\/\/www.univ-guyane.fr\/?p=8513"},"modified":"2024-06-18T08:28:54","modified_gmt":"2024-06-18T11:28:54","slug":"pepite-guyane-une-nouvelle-promotion-a-lhonneur","status":"publish","type":"post","link":"https:\/\/www.univ-guyane.fr\/pt\/2023\/09\/07\/pepite-guyane-une-nouvelle-promotion-a-lhonneur\/","title":{"rendered":"PEPITE-Guyane, uma nova classe homenageada"},"content":{"rendered":"<div id=\"fws_69f20880e3ff3\"  data-column-margin=\"default\" data-midnight=\"dark\"  class=\"wpb_row vc_row-fluid vc_row\"  style=\"padding-top: 0px; padding-bottom: 0px; \"><div class=\"row-bg-wrap\" data-bg-animation=\"none\" data-bg-animation-delay=\"\" data-bg-overlay=\"false\"><div class=\"inner-wrap row-bg-layer\" ><div class=\"row-bg viewport-desktop\"  style=\"\"><\/div><\/div><\/div><div class=\"row_col_wrap_12 col span_12 dark left\">\n\t<div  class=\"vc_col-sm-12 wpb_column column_container vc_column_container col no-extra-padding inherit_tablet inherit_phone\"  data-padding-pos=\"all\" data-has-bg-color=\"false\" data-bg-color=\"\" data-bg-opacity=\"1\" data-animation=\"\" data-delay=\"0\" >\n\t\t<div class=\"vc_column-inner\" >\n\t\t\t<div class=\"wpb_wrapper\">\n\t\t\t\t\n<div class=\"wpb_text_column wpb_content_element  chapo\" >\n\t<h2>Em 11 de julho de 2023, a Direction de l'Orientation, des Stages et de l'Insertion Professionnelle realizou sua reuni\u00e3o anual com excel\u00eancia empresarial. Dezessete alunos do programa PEPITE (P\u00f4le \u00c9tudiant Pour l'Innovation, le Transfert et l'Entrepreneuriat) na Guiana Francesa foram homenageados por seu trabalho \u00e1rduo e esp\u00edrito empreendedor em uma cerim\u00f4nia realizada em sua homenagem.<\/h2>\n<\/div>\n\n\n\n\n<div class=\"wpb_text_column wpb_content_element\" >\n\t<div id=\"fws_652b47af4e416\" class=\"wpb_row vc_row-fluid vc_row\" data-column-margin=\"default\" data-midnight=\"dark\">\n<div class=\"row_col_wrap_12 col span_12 dark left\">\n<div class=\"vc_col-sm-12 wpb_column column_container vc_column_container col no-extra-padding inherit_tablet inherit_phone\" data-padding-pos=\"all\" data-has-bg-color=\"false\" data-bg-color=\"\" data-bg-opacity=\"1\" data-animation=\"\" data-delay=\"0\">\n<div class=\"vc_column-inner\">\n<div class=\"wpb_wrapper\">\n<div class=\"wpb_text_column wpb_content_element\">\n<div class=\"wpb_wrapper\">\n<span class=\"nectar-dropcap\" >C <\/span>Essa cerim\u00f4nia foi realizada na presen\u00e7a do Presidente da Universidade da Guiana, Laurent Linguet, do Representante da R\u00e9seaux Entreprendre, Marc Ho Ha CHUCK, e dos tutores que acompanharam esses jovens talentos durante todo o projeto. Foi sob o olhar atento de seus amigos pr\u00f3ximos, familiares e membros da comunidade universit\u00e1ria que essas pepitas receberam o precioso gergelim: o \"Diploma de Estudante Empreendedor\" e os \"Pr\u00eamios Regionais do concurso PEPITE 2023\". A diversidade do p\u00fablico presente demonstra o valor e o alcance dessa distin\u00e7\u00e3o, bem como o apoio e o incentivo constantes que esses jovens empreendedores recebem.<\/p>\n<p>O PEPITE \u00e9 uma iniciativa criada para incentivar e apoiar os jovens que desejam se tornar empreendedores, desde o in\u00edcio de sua carreira universit\u00e1ria. A obten\u00e7\u00e3o desse diploma \u00e9, portanto, um grande reconhecimento de seu compromisso e de sua capacidade de inovar, criar e desenvolver um projeto empresarial.<\/p>\n<p>No final da cerim\u00f4nia, os rec\u00e9m-formados comemoraram essa etapa crucial de suas carreiras acad\u00eamicas e empresariais. Eles apresentaram seus produtos e projetos para o p\u00fablico. Outro exerc\u00edcio importante para essas sementes empreendedoras.<\/p>\n<p>Esses novos empreendedores s\u00e3o, sem d\u00favida, os embaixadores de uma gera\u00e7\u00e3o din\u00e2mica, inovadora e voltada para o futuro. Desejamos a eles muito sucesso em seus futuros empreendimentos empresariais.<\/p>\n<\/div>\n<\/div>\n<\/div>\n<\/div>\n<\/div>\n<\/div>\n<\/div>\n<div id=\"fws_652b47af4e64e\" class=\"wpb_row vc_row-fluid vc_row\" data-column-margin=\"default\" data-midnight=\"dark\">\n<div class=\"row-bg-wrap\" data-bg-animation=\"none\" data-bg-animation-delay=\"\" data-bg-overlay=\"false\">\n<div class=\"inner-wrap row-bg-layer\">\n<div class=\"row-bg viewport-desktop\"><\/div>\n<\/div>\n<\/div>\n<div class=\"row_col_wrap_12 col span_12 dark left\">\n<div class=\"vc_col-sm-12 wpb_column column_container vc_column_container col no-extra-padding inherit_tablet inherit_phone\" data-padding-pos=\"all\" data-has-bg-color=\"false\" data-bg-color=\"\" data-bg-opacity=\"1\" data-animation=\"\" data-delay=\"0\">\n<div class=\"vc_column-inner\">\n<div class=\"wpb_wrapper\">\n<div class=\"wpb_text_column wpb_content_element\">\n<div class=\"wpb_wrapper\">\n<div id=\"lipsum\">\n<hr \/>\n<h3>Pr\u00eamios especiais<\/h3>\n<p>Pr\u00eamios especiais foram concedidos pelo j\u00fari para recompensar e destacar projetos de destaque. Cinco graduados receberam essas distin\u00e7\u00f5es.<\/p>\n<p>O \"Pr\u00eamio Especial do J\u00fari\", que premia os jovens por sua iniciativa de adquirir os equipamentos necess\u00e1rios para lan\u00e7ar seu projeto, foi concedido a :<\/p>\n<p><strong>JEAN BAPTISTE Dyhonny<\/strong><br \/>\n<em>Jardim terap\u00eautico<\/em><\/p>\n<p><strong>JANU\u00c1RIO Schnader<br \/>\n<\/strong><em>Schnader Events e Voice Over<\/em><\/p>\n<p><strong>MILFORT Darbucha Farahdja<\/strong><br \/>\n<em>GouPeyi<\/em><\/p>\n<p>O \"Pr\u00eamio Estudante Empreendedor\" para estudantes que criaram uma empresa ou est\u00e3o em processo de cria\u00e7\u00e3o foi concedido a :<\/p>\n<p><strong>VIGUE S\u0153urette<br \/>\n<\/strong><em>LydieHair<\/em><\/p>\n<p>Por fim, o pr\u00eamio \"Iniciativa Local\" foi concedido ao aluno cujo projeto destacasse produtos ou pr\u00e1ticas locais:<\/p>\n<p><strong>ASJEME Loana<br \/>\n<\/strong><em>Native American Beauty por Luana<\/em><\/p>\n<p>Esses pr\u00eamios, com valores entre 2.000 e 5.000 euros para cada vencedor, foram concedidos em reconhecimento \u00e0 qualidade, \u00e0 inova\u00e7\u00e3o e ao potencial de seus projetos. Mais do que uma simples recompensa monet\u00e1ria, esse gesto demonstra a confian\u00e7a e o apoio da DOSIP e dos membros do j\u00fari a esses jovens talentos. Esses pr\u00eamios representam um impulso significativo para a realiza\u00e7\u00e3o e o prosseguimento de suas iniciativas.<\/p>\n<\/div>\n<\/div>\n<\/div>\n<\/div>\n<\/div>\n<\/div>\n<\/div>\n<\/div>\n<\/div>\n\n\n\n\n\t\t\t<\/div> \n\t\t<\/div>\n\t<\/div> \n<\/div><\/div>","protected":false},"excerpt":{"rendered":"Em 11 de julho de 2023, a Direction de l'Orientation, des Stages et de l'Insertion Professionnelle...","protected":false},"author":1,"featured_media":8514,"comment_status":"closed","ping_status":"open","sticky":false,"template":"","format":"standard","meta":{"iawp_total_views":91,"footnotes":""},"categories":[152,236],"tags":[],"class_list":{"0":"post-8513","1":"post","2":"type-post","3":"status-publish","4":"format-standard","5":"has-post-thumbnail","7":"category-dosip","8":"category-pepite"},"yoast_head":"<!-- This site is optimized with the Yoast SEO plugin v27.5 - https:\/\/yoast.com\/product\/yoast-seo-wordpress\/ -->\n<title>PEPITE-Guyane, une nouvelle promotion \u00e0 l\u2019honneur &#8212; Universit\u00e9 de Guyane<\/title>\n<meta name=\"description\" content=\"Partagez la fiert\u00e9 des jeunes entrepreneurs en Guyane r\u00e9compens\u00e9s lors de cette c\u00e9r\u00e9monie. Une \u00e9tape cl\u00e9 dans leur parcours entrepreneurial.\" \/>\n<meta name=\"robots\" content=\"index, follow, max-snippet:-1, max-image-preview:large, max-video-preview:-1\" \/>\n<link rel=\"canonical\" href=\"https:\/\/www.univ-guyane.fr\/pt\/2023\/09\/07\/pepite-guyane-une-nouvelle-promotion-a-lhonneur\/\" \/>\n<meta property=\"og:locale\" content=\"pt_BR\" \/>\n<meta property=\"og:type\" content=\"article\" \/>\n<meta property=\"og:title\" content=\"PEPITE-Guyane, une nouvelle promotion \u00e0 l\u2019honneur &#8212; Universit\u00e9 de Guyane\" \/>\n<meta property=\"og:description\" content=\"Partagez la fiert\u00e9 des jeunes entrepreneurs en Guyane r\u00e9compens\u00e9s lors de cette c\u00e9r\u00e9monie. Une \u00e9tape cl\u00e9 dans leur parcours entrepreneurial.\" \/>\n<meta property=\"og:url\" content=\"https:\/\/www.univ-guyane.fr\/pt\/2023\/09\/07\/pepite-guyane-une-nouvelle-promotion-a-lhonneur\/\" \/>\n<meta property=\"og:site_name\" content=\"Universit\u00e9 de Guyane\" \/>\n<meta property=\"article:publisher\" content=\"https:\/\/www.facebook.com\/univguyane\" \/>\n<meta property=\"article:published_time\" content=\"2023-09-07T11:24:01+00:00\" \/>\n<meta property=\"article:modified_time\" content=\"2024-06-18T11:28:54+00:00\" \/>\n<meta property=\"og:image\" content=\"https:\/\/www.univ-guyane.fr\/wp-content\/uploads\/ceremonie-prix-pepite11-07-2023-universite-de-guyane.jpeg\" \/>\n\t<meta property=\"og:image:width\" content=\"1800\" \/>\n\t<meta property=\"og:image:height\" content=\"1013\" \/>\n\t<meta property=\"og:image:type\" content=\"image\/jpeg\" \/>\n<meta name=\"author\" content=\"Erick Loiti\u00e8re\" \/>\n<meta name=\"twitter:card\" content=\"summary_large_image\" \/>\n<meta name=\"twitter:creator\" content=\"@univguyane\" \/>\n<meta name=\"twitter:site\" content=\"@univguyane\" \/>\n<meta name=\"twitter:label1\" content=\"Escrito por\" \/>\n\t<meta name=\"twitter:data1\" content=\"Erick Loiti\u00e8re\" \/>\n\t<meta name=\"twitter:label2\" content=\"Est. tempo de leitura\" \/>\n\t<meta name=\"twitter:data2\" content=\"3 minutos\" \/>\n<script type=\"application\/ld+json\" class=\"yoast-schema-graph\">{\"@context\":\"https:\\\/\\\/schema.org\",\"@graph\":[{\"@type\":\"Article\",\"@id\":\"https:\\\/\\\/www.univ-guyane.fr\\\/2023\\\/09\\\/07\\\/pepite-guyane-une-nouvelle-promotion-a-lhonneur\\\/#article\",\"isPartOf\":{\"@id\":\"https:\\\/\\\/www.univ-guyane.fr\\\/2023\\\/09\\\/07\\\/pepite-guyane-une-nouvelle-promotion-a-lhonneur\\\/\"},\"author\":{\"name\":\"Erick Loiti\u00e8re\",\"@id\":\"https:\\\/\\\/www.univ-guyane.fr\\\/#\\\/schema\\\/person\\\/86d946a28a8be51bb096ccfdf19db179\"},\"headline\":\"PEPITE-Guyane, une nouvelle promotion \u00e0 l\u2019honneur\",\"datePublished\":\"2023-09-07T11:24:01+00:00\",\"dateModified\":\"2024-06-18T11:28:54+00:00\",\"mainEntityOfPage\":{\"@id\":\"https:\\\/\\\/www.univ-guyane.fr\\\/2023\\\/09\\\/07\\\/pepite-guyane-une-nouvelle-promotion-a-lhonneur\\\/\"},\"wordCount\":742,\"publisher\":{\"@id\":\"https:\\\/\\\/www.univ-guyane.fr\\\/#organization\"},\"image\":{\"@id\":\"https:\\\/\\\/www.univ-guyane.fr\\\/2023\\\/09\\\/07\\\/pepite-guyane-une-nouvelle-promotion-a-lhonneur\\\/#primaryimage\"},\"thumbnailUrl\":\"https:\\\/\\\/www.univ-guyane.fr\\\/wp-content\\\/uploads\\\/ceremonie-prix-pepite11-07-2023-universite-de-guyane.jpeg\",\"articleSection\":[\"\u2022 DOSIP\",\"\u2022 Pepite\"],\"inLanguage\":\"pt-BR\"},{\"@type\":\"WebPage\",\"@id\":\"https:\\\/\\\/www.univ-guyane.fr\\\/2023\\\/09\\\/07\\\/pepite-guyane-une-nouvelle-promotion-a-lhonneur\\\/\",\"url\":\"https:\\\/\\\/www.univ-guyane.fr\\\/2023\\\/09\\\/07\\\/pepite-guyane-une-nouvelle-promotion-a-lhonneur\\\/\",\"name\":\"PEPITE-Guyane, une nouvelle promotion \u00e0 l\u2019honneur &#8212; Universit\u00e9 de Guyane\",\"isPartOf\":{\"@id\":\"https:\\\/\\\/www.univ-guyane.fr\\\/#website\"},\"primaryImageOfPage\":{\"@id\":\"https:\\\/\\\/www.univ-guyane.fr\\\/2023\\\/09\\\/07\\\/pepite-guyane-une-nouvelle-promotion-a-lhonneur\\\/#primaryimage\"},\"image\":{\"@id\":\"https:\\\/\\\/www.univ-guyane.fr\\\/2023\\\/09\\\/07\\\/pepite-guyane-une-nouvelle-promotion-a-lhonneur\\\/#primaryimage\"},\"thumbnailUrl\":\"https:\\\/\\\/www.univ-guyane.fr\\\/wp-content\\\/uploads\\\/ceremonie-prix-pepite11-07-2023-universite-de-guyane.jpeg\",\"datePublished\":\"2023-09-07T11:24:01+00:00\",\"dateModified\":\"2024-06-18T11:28:54+00:00\",\"description\":\"Partagez la fiert\u00e9 des jeunes entrepreneurs en Guyane r\u00e9compens\u00e9s lors de cette c\u00e9r\u00e9monie. Une \u00e9tape cl\u00e9 dans leur parcours entrepreneurial.\",\"breadcrumb\":{\"@id\":\"https:\\\/\\\/www.univ-guyane.fr\\\/2023\\\/09\\\/07\\\/pepite-guyane-une-nouvelle-promotion-a-lhonneur\\\/#breadcrumb\"},\"inLanguage\":\"pt-BR\",\"potentialAction\":[{\"@type\":\"ReadAction\",\"target\":[\"https:\\\/\\\/www.univ-guyane.fr\\\/2023\\\/09\\\/07\\\/pepite-guyane-une-nouvelle-promotion-a-lhonneur\\\/\"]}]},{\"@type\":\"ImageObject\",\"inLanguage\":\"pt-BR\",\"@id\":\"https:\\\/\\\/www.univ-guyane.fr\\\/2023\\\/09\\\/07\\\/pepite-guyane-une-nouvelle-promotion-a-lhonneur\\\/#primaryimage\",\"url\":\"https:\\\/\\\/www.univ-guyane.fr\\\/wp-content\\\/uploads\\\/ceremonie-prix-pepite11-07-2023-universite-de-guyane.jpeg\",\"contentUrl\":\"https:\\\/\\\/www.univ-guyane.fr\\\/wp-content\\\/uploads\\\/ceremonie-prix-pepite11-07-2023-universite-de-guyane.jpeg\",\"width\":1800,\"height\":1013,\"caption\":\"PEPITE-Guyane, une nouvelle promotion \u00e0 l\u2019honneur\"},{\"@type\":\"BreadcrumbList\",\"@id\":\"https:\\\/\\\/www.univ-guyane.fr\\\/2023\\\/09\\\/07\\\/pepite-guyane-une-nouvelle-promotion-a-lhonneur\\\/#breadcrumb\",\"itemListElement\":[{\"@type\":\"ListItem\",\"position\":1,\"name\":\"Accueil\",\"item\":\"https:\\\/\\\/www.univ-guyane.fr\\\/\"},{\"@type\":\"ListItem\",\"position\":2,\"name\":\"PEPITE-Guyane, une nouvelle promotion \u00e0 l\u2019honneur\"}]},{\"@type\":\"WebSite\",\"@id\":\"https:\\\/\\\/www.univ-guyane.fr\\\/#website\",\"url\":\"https:\\\/\\\/www.univ-guyane.fr\\\/\",\"name\":\"Universit\u00e9 de Guyane\",\"description\":\"Au c\u0153ur de l&#039;amazonie\",\"publisher\":{\"@id\":\"https:\\\/\\\/www.univ-guyane.fr\\\/#organization\"},\"alternateName\":\"UG\",\"potentialAction\":[{\"@type\":\"SearchAction\",\"target\":{\"@type\":\"EntryPoint\",\"urlTemplate\":\"https:\\\/\\\/www.univ-guyane.fr\\\/?s={search_term_string}\"},\"query-input\":{\"@type\":\"PropertyValueSpecification\",\"valueRequired\":true,\"valueName\":\"search_term_string\"}}],\"inLanguage\":\"pt-BR\"},{\"@type\":\"Organization\",\"@id\":\"https:\\\/\\\/www.univ-guyane.fr\\\/#organization\",\"name\":\"Universit\u00e9 de Guyane\",\"alternateName\":\"UG\",\"url\":\"https:\\\/\\\/www.univ-guyane.fr\\\/\",\"logo\":{\"@type\":\"ImageObject\",\"inLanguage\":\"pt-BR\",\"@id\":\"https:\\\/\\\/www.univ-guyane.fr\\\/#\\\/schema\\\/logo\\\/image\\\/\",\"url\":\"https:\\\/\\\/www.univ-guyane.fr\\\/wp-content\\\/uploads\\\/2024\\\/05\\\/f.png\",\"contentUrl\":\"https:\\\/\\\/www.univ-guyane.fr\\\/wp-content\\\/uploads\\\/2024\\\/05\\\/f.png\",\"width\":1024,\"height\":1024,\"caption\":\"Universit\u00e9 de Guyane\"},\"image\":{\"@id\":\"https:\\\/\\\/www.univ-guyane.fr\\\/#\\\/schema\\\/logo\\\/image\\\/\"},\"sameAs\":[\"https:\\\/\\\/www.facebook.com\\\/univguyane\",\"https:\\\/\\\/x.com\\\/univguyane\",\"https:\\\/\\\/gf.linkedin.com\\\/school\\\/universite-de-guyane\\\/\",\"https:\\\/\\\/www.instagram.com\\\/univ_guyane\\\/\"]},{\"@type\":\"Person\",\"@id\":\"https:\\\/\\\/www.univ-guyane.fr\\\/#\\\/schema\\\/person\\\/86d946a28a8be51bb096ccfdf19db179\",\"name\":\"Erick Loiti\u00e8re\",\"image\":{\"@type\":\"ImageObject\",\"inLanguage\":\"pt-BR\",\"@id\":\"https:\\\/\\\/secure.gravatar.com\\\/avatar\\\/0584f332103fbeaf37e52c73b15dca3c547fd9300deb05764e9ad8714839d072?s=96&d=robohash&r=g\",\"url\":\"https:\\\/\\\/secure.gravatar.com\\\/avatar\\\/0584f332103fbeaf37e52c73b15dca3c547fd9300deb05764e9ad8714839d072?s=96&d=robohash&r=g\",\"contentUrl\":\"https:\\\/\\\/secure.gravatar.com\\\/avatar\\\/0584f332103fbeaf37e52c73b15dca3c547fd9300deb05764e9ad8714839d072?s=96&d=robohash&r=g\",\"caption\":\"Erick Loiti\u00e8re\"},\"sameAs\":[\"http:\\\/\\\/www.univ-guyane.fr\"],\"url\":\"https:\\\/\\\/www.univ-guyane.fr\\\/pt\\\/author\\\/eloitierdbz\\\/\"}]}<\/script>\n<!-- \/ Yoast SEO plugin. -->","yoast_head_json":{"title":"PEPITE-Guyane, une nouvelle promotion \u00e0 l\u2019honneur &#8212; Universit\u00e9 de Guyane","description":"Partagez la fiert\u00e9 des jeunes entrepreneurs en Guyane r\u00e9compens\u00e9s lors de cette c\u00e9r\u00e9monie. Une \u00e9tape cl\u00e9 dans leur parcours entrepreneurial.","robots":{"index":"index","follow":"follow","max-snippet":"max-snippet:-1","max-image-preview":"max-image-preview:large","max-video-preview":"max-video-preview:-1"},"canonical":"https:\/\/www.univ-guyane.fr\/pt\/2023\/09\/07\/pepite-guyane-une-nouvelle-promotion-a-lhonneur\/","og_locale":"pt_BR","og_type":"article","og_title":"PEPITE-Guyane, une nouvelle promotion \u00e0 l\u2019honneur &#8212; Universit\u00e9 de Guyane","og_description":"Partagez la fiert\u00e9 des jeunes entrepreneurs en Guyane r\u00e9compens\u00e9s lors de cette c\u00e9r\u00e9monie. Une \u00e9tape cl\u00e9 dans leur parcours entrepreneurial.","og_url":"https:\/\/www.univ-guyane.fr\/pt\/2023\/09\/07\/pepite-guyane-une-nouvelle-promotion-a-lhonneur\/","og_site_name":"Universit\u00e9 de Guyane","article_publisher":"https:\/\/www.facebook.com\/univguyane","article_published_time":"2023-09-07T11:24:01+00:00","article_modified_time":"2024-06-18T11:28:54+00:00","og_image":[{"width":1800,"height":1013,"url":"https:\/\/www.univ-guyane.fr\/wp-content\/uploads\/ceremonie-prix-pepite11-07-2023-universite-de-guyane.jpeg","type":"image\/jpeg"}],"author":"Erick Loiti\u00e8re","twitter_card":"summary_large_image","twitter_creator":"@univguyane","twitter_site":"@univguyane","twitter_misc":{"Escrito por":"Erick Loiti\u00e8re","Est. tempo de leitura":"3 minutos"},"schema":{"@context":"https:\/\/schema.org","@graph":[{"@type":"Article","@id":"https:\/\/www.univ-guyane.fr\/2023\/09\/07\/pepite-guyane-une-nouvelle-promotion-a-lhonneur\/#article","isPartOf":{"@id":"https:\/\/www.univ-guyane.fr\/2023\/09\/07\/pepite-guyane-une-nouvelle-promotion-a-lhonneur\/"},"author":{"name":"Erick Loiti\u00e8re","@id":"https:\/\/www.univ-guyane.fr\/#\/schema\/person\/86d946a28a8be51bb096ccfdf19db179"},"headline":"PEPITE-Guyane, une nouvelle promotion \u00e0 l\u2019honneur","datePublished":"2023-09-07T11:24:01+00:00","dateModified":"2024-06-18T11:28:54+00:00","mainEntityOfPage":{"@id":"https:\/\/www.univ-guyane.fr\/2023\/09\/07\/pepite-guyane-une-nouvelle-promotion-a-lhonneur\/"},"wordCount":742,"publisher":{"@id":"https:\/\/www.univ-guyane.fr\/#organization"},"image":{"@id":"https:\/\/www.univ-guyane.fr\/2023\/09\/07\/pepite-guyane-une-nouvelle-promotion-a-lhonneur\/#primaryimage"},"thumbnailUrl":"https:\/\/www.univ-guyane.fr\/wp-content\/uploads\/ceremonie-prix-pepite11-07-2023-universite-de-guyane.jpeg","articleSection":["\u2022 DOSIP","\u2022 Pepite"],"inLanguage":"pt-BR"},{"@type":"WebPage","@id":"https:\/\/www.univ-guyane.fr\/2023\/09\/07\/pepite-guyane-une-nouvelle-promotion-a-lhonneur\/","url":"https:\/\/www.univ-guyane.fr\/2023\/09\/07\/pepite-guyane-une-nouvelle-promotion-a-lhonneur\/","name":"PEPITE-Guyane, une nouvelle promotion \u00e0 l\u2019honneur &#8212; Universit\u00e9 de Guyane","isPartOf":{"@id":"https:\/\/www.univ-guyane.fr\/#website"},"primaryImageOfPage":{"@id":"https:\/\/www.univ-guyane.fr\/2023\/09\/07\/pepite-guyane-une-nouvelle-promotion-a-lhonneur\/#primaryimage"},"image":{"@id":"https:\/\/www.univ-guyane.fr\/2023\/09\/07\/pepite-guyane-une-nouvelle-promotion-a-lhonneur\/#primaryimage"},"thumbnailUrl":"https:\/\/www.univ-guyane.fr\/wp-content\/uploads\/ceremonie-prix-pepite11-07-2023-universite-de-guyane.jpeg","datePublished":"2023-09-07T11:24:01+00:00","dateModified":"2024-06-18T11:28:54+00:00","description":"Partagez la fiert\u00e9 des jeunes entrepreneurs en Guyane r\u00e9compens\u00e9s lors de cette c\u00e9r\u00e9monie. Une \u00e9tape cl\u00e9 dans leur parcours entrepreneurial.","breadcrumb":{"@id":"https:\/\/www.univ-guyane.fr\/2023\/09\/07\/pepite-guyane-une-nouvelle-promotion-a-lhonneur\/#breadcrumb"},"inLanguage":"pt-BR","potentialAction":[{"@type":"ReadAction","target":["https:\/\/www.univ-guyane.fr\/2023\/09\/07\/pepite-guyane-une-nouvelle-promotion-a-lhonneur\/"]}]},{"@type":"ImageObject","inLanguage":"pt-BR","@id":"https:\/\/www.univ-guyane.fr\/2023\/09\/07\/pepite-guyane-une-nouvelle-promotion-a-lhonneur\/#primaryimage","url":"https:\/\/www.univ-guyane.fr\/wp-content\/uploads\/ceremonie-prix-pepite11-07-2023-universite-de-guyane.jpeg","contentUrl":"https:\/\/www.univ-guyane.fr\/wp-content\/uploads\/ceremonie-prix-pepite11-07-2023-universite-de-guyane.jpeg","width":1800,"height":1013,"caption":"PEPITE-Guyane, une nouvelle promotion \u00e0 l\u2019honneur"},{"@type":"BreadcrumbList","@id":"https:\/\/www.univ-guyane.fr\/2023\/09\/07\/pepite-guyane-une-nouvelle-promotion-a-lhonneur\/#breadcrumb","itemListElement":[{"@type":"ListItem","position":1,"name":"Accueil","item":"https:\/\/www.univ-guyane.fr\/"},{"@type":"ListItem","position":2,"name":"PEPITE-Guyane, une nouvelle promotion \u00e0 l\u2019honneur"}]},{"@type":"WebSite","@id":"https:\/\/www.univ-guyane.fr\/#website","url":"https:\/\/www.univ-guyane.fr\/","name":"Universidade da Guiana","description":"No cora\u00e7\u00e3o da Amaz\u00f4nia","publisher":{"@id":"https:\/\/www.univ-guyane.fr\/#organization"},"alternateName":"UG","potentialAction":[{"@type":"SearchAction","target":{"@type":"EntryPoint","urlTemplate":"https:\/\/www.univ-guyane.fr\/?s={search_term_string}"},"query-input":{"@type":"PropertyValueSpecification","valueRequired":true,"valueName":"search_term_string"}}],"inLanguage":"pt-BR"},{"@type":"Organization","@id":"https:\/\/www.univ-guyane.fr\/#organization","name":"Universidade da Guiana","alternateName":"UG","url":"https:\/\/www.univ-guyane.fr\/","logo":{"@type":"ImageObject","inLanguage":"pt-BR","@id":"https:\/\/www.univ-guyane.fr\/#\/schema\/logo\/image\/","url":"https:\/\/www.univ-guyane.fr\/wp-content\/uploads\/2024\/05\/f.png","contentUrl":"https:\/\/www.univ-guyane.fr\/wp-content\/uploads\/2024\/05\/f.png","width":1024,"height":1024,"caption":"Universit\u00e9 de Guyane"},"image":{"@id":"https:\/\/www.univ-guyane.fr\/#\/schema\/logo\/image\/"},"sameAs":["https:\/\/www.facebook.com\/univguyane","https:\/\/x.com\/univguyane","https:\/\/gf.linkedin.com\/school\/universite-de-guyane\/","https:\/\/www.instagram.com\/univ_guyane\/"]},{"@type":"Person","@id":"https:\/\/www.univ-guyane.fr\/#\/schema\/person\/86d946a28a8be51bb096ccfdf19db179","name":"Erick Loiti\u00e8re","image":{"@type":"ImageObject","inLanguage":"pt-BR","@id":"https:\/\/secure.gravatar.com\/avatar\/0584f332103fbeaf37e52c73b15dca3c547fd9300deb05764e9ad8714839d072?s=96&d=robohash&r=g","url":"https:\/\/secure.gravatar.com\/avatar\/0584f332103fbeaf37e52c73b15dca3c547fd9300deb05764e9ad8714839d072?s=96&d=robohash&r=g","contentUrl":"https:\/\/secure.gravatar.com\/avatar\/0584f332103fbeaf37e52c73b15dca3c547fd9300deb05764e9ad8714839d072?s=96&d=robohash&r=g","caption":"Erick Loiti\u00e8re"},"sameAs":["http:\/\/www.univ-guyane.fr"],"url":"https:\/\/www.univ-guyane.fr\/pt\/author\/eloitierdbz\/"}]}},"_links":{"self":[{"href":"https:\/\/www.univ-guyane.fr\/pt\/wp-json\/wp\/v2\/posts\/8513","targetHints":{"allow":["GET"]}}],"collection":[{"href":"https:\/\/www.univ-guyane.fr\/pt\/wp-json\/wp\/v2\/posts"}],"about":[{"href":"https:\/\/www.univ-guyane.fr\/pt\/wp-json\/wp\/v2\/types\/post"}],"author":[{"embeddable":true,"href":"https:\/\/www.univ-guyane.fr\/pt\/wp-json\/wp\/v2\/users\/1"}],"replies":[{"embeddable":true,"href":"https:\/\/www.univ-guyane.fr\/pt\/wp-json\/wp\/v2\/comments?post=8513"}],"version-history":[{"count":1,"href":"https:\/\/www.univ-guyane.fr\/pt\/wp-json\/wp\/v2\/posts\/8513\/revisions"}],"predecessor-version":[{"id":8515,"href":"https:\/\/www.univ-guyane.fr\/pt\/wp-json\/wp\/v2\/posts\/8513\/revisions\/8515"}],"wp:featuredmedia":[{"embeddable":true,"href":"https:\/\/www.univ-guyane.fr\/pt\/wp-json\/wp\/v2\/media\/8514"}],"wp:attachment":[{"href":"https:\/\/www.univ-guyane.fr\/pt\/wp-json\/wp\/v2\/media?parent=8513"}],"wp:term":[{"taxonomy":"category","embeddable":true,"href":"https:\/\/www.univ-guyane.fr\/pt\/wp-json\/wp\/v2\/categories?post=8513"},{"taxonomy":"post_tag","embeddable":true,"href":"https:\/\/www.univ-guyane.fr\/pt\/wp-json\/wp\/v2\/tags?post=8513"}],"curies":[{"name":"wp","href":"https:\/\/api.w.org\/{rel}","templated":true}]}}