{"id":8538,"date":"2023-05-02T09:06:14","date_gmt":"2023-05-02T12:06:14","guid":{"rendered":"https:\/\/www.univ-guyane.fr\/?p=8538"},"modified":"2024-06-18T09:11:54","modified_gmt":"2024-06-18T12:11:54","slug":"elections-2023-des-representants-du-personnel-et-des-etudiants-au-cneser","status":"publish","type":"post","link":"https:\/\/www.univ-guyane.fr\/pt\/2023\/05\/02\/elections-2023-des-representants-du-personnel-et-des-etudiants-au-cneser\/","title":{"rendered":"2023 elei\u00e7\u00f5es de representantes da equipe e dos alunos para o CNESER"},"content":{"rendered":"<div id=\"fws_69f3f75e53b09\"  data-column-margin=\"default\" data-midnight=\"dark\"  class=\"wpb_row vc_row-fluid vc_row\"  style=\"padding-top: 0px; padding-bottom: 0px; \"><div class=\"row-bg-wrap\" data-bg-animation=\"none\" data-bg-animation-delay=\"\" data-bg-overlay=\"false\"><div class=\"inner-wrap row-bg-layer\" ><div class=\"row-bg viewport-desktop\"  style=\"\"><\/div><\/div><\/div><div class=\"row_col_wrap_12 col span_12 dark left\">\n\t<div  class=\"vc_col-sm-12 wpb_column column_container vc_column_container col no-extra-padding inherit_tablet inherit_phone\"  data-padding-pos=\"all\" data-has-bg-color=\"false\" data-bg-color=\"\" data-bg-opacity=\"1\" data-animation=\"\" data-delay=\"0\" >\n\t\t<div class=\"vc_column-inner\" >\n\t\t\t<div class=\"wpb_wrapper\">\n\t\t\t\t\n<div class=\"wpb_text_column wpb_content_element  chapo\" >\n\t<h3><strong>Em junho de 2023, haver\u00e1 a renova\u00e7\u00e3o completa dos membros eleitos do CNESER. O mandato atual termina em 15 de julho de 2023. Nessa ocasi\u00e3o, ser\u00e3o renovados os membros dos colegiados de representantes dos funcion\u00e1rios e dos alunos.\u00a0<\/strong><\/h3>\n<\/div>\n\n\n\n\n<div class=\"wpb_text_column wpb_content_element\" >\n\t<div class=\"wpb_text_column wpb_content_element vc_custom_1683039555916\">\n<div class=\"wpb_wrapper\">\n<div id=\"lipsum\">\n<p><strong>Quem vota na CNESER?<\/strong><\/p>\n<p><strong>Estudantes : <\/strong>Os representantes estudantis eleitos para a Assembleia de Governadores e o Conselho Acad\u00eamico da Universidade da Guiana ter\u00e3o primeiro que eleger 4 eleitores (entre os estudantes titulares e suplentes eleitos para a Assembleia de Governadores e o Conselho Acad\u00eamico). Os eleitores votar\u00e3o pelo correio entre segunda-feira, 5 de junho, e sexta-feira, 16 de junho de 2023.<\/p>\n<p><strong>Equipe :\u00a0<\/strong>Os funcion\u00e1rios da Universidade da Guiana registrados na lista eleitoral poder\u00e3o votar (por meio de urna) na quinta-feira, 15 de junho de 2023, das 9h \u00e0s 17h, no centro cultural INSPE. Os resultados ser\u00e3o enviados ao Minist\u00e9rio.<\/p>\n<\/div>\n<\/div>\n<\/div>\n<div class=\"wpb_text_column wpb_content_element\">\n<div class=\"wpb_wrapper\">\n<div id=\"lipsum\">\n<hr \/>\n<p><strong>O que \u00e9 o CNESER?<\/strong><\/p>\n<p>O Conseil national de l'enseignement sup\u00e9rieur et de la recherche \u00e9 um \u00f3rg\u00e3o consultivo que se reporta ao Ministro da Educa\u00e7\u00e3o Superior ou ao Ministro da Pesquisa.<\/p>\n<p>Em particular, ele d\u00e1 sua opini\u00e3o sobre :<\/p>\n<ul>\n<li>Estrat\u00e9gias nacionais para ensino superior e pesquisa e relat\u00f3rios bienais ao Parlamento;<\/li>\n<li>A distribui\u00e7\u00e3o de empregos e recursos entre os diversos estabelecimentos;<\/li>\n<li>Reformas propostas para a organiza\u00e7\u00e3o da pesquisa;<\/li>\n<li>Reformas propostas para o emprego cient\u00edfico;<\/li>\n<li>A estrutura nacional de treinamento, a lista de diplomas nacionais e os procedimentos e aplicativos de credenciamento;<\/li>\n<li>O mapa do ensino superior e da pesquisa;<\/li>\n<li>A cria\u00e7\u00e3o, aboli\u00e7\u00e3o ou reagrupamento de estabelecimentos ou componentes.<\/li>\n<\/ul>\n<hr \/>\n<p>O CNESER tamb\u00e9m d\u00e1 decis\u00f5es finais sobre recursos contra decis\u00f5es disciplinares tomadas pelos \u00f3rg\u00e3os universit\u00e1rios competentes em rela\u00e7\u00e3o a professores-pesquisadores, palestrantes e usu\u00e1rios.<\/p>\n<p>Composi\u00e7\u00e3o:<\/p>\n<p><strong>100 membros<\/strong><\/p>\n<ul>\n<li><strong>40 personalidades<\/strong>\u00a0representando os principais interesses nacionais, especialmente educacionais, culturais, cient\u00edficos, econ\u00f4micos e sociais, nomeados por ordem do Ministro de Ensino Superior e Pesquisa.<\/li>\n<li><strong>60 representantes de gerentes, funcion\u00e1rios e alunos\u00a0<\/strong>estabelecimentos p\u00fablicos cient\u00edficos, culturais e profissionais e estabelecimentos p\u00fablicos de pesquisa.<\/li>\n<\/ul>\n<p>Os membros s\u00e3o eleitos ou nomeados por um per\u00edodo de quatro anos, com exce\u00e7\u00e3o dos representantes estudantis, que s\u00e3o eleitos por dois anos.<\/p>\n<hr \/>\n<p><em><strong>Esta \u00e9 mais uma oportunidade de fazer com que sua voz seja ouvida!<\/strong><\/em><\/p>\n<\/div>\n<\/div>\n<\/div>\n<\/div>\n\n\n\n\n\t\t\t<\/div> \n\t\t<\/div>\n\t<\/div> \n<\/div><\/div>","protected":false},"excerpt":{"rendered":"Em junho de 2023, todos os membros eleitos do Conselho de Administra\u00e7\u00e3o se candidatar\u00e3o \u00e0 reelei\u00e7\u00e3o....","protected":false},"author":1,"featured_media":8364,"comment_status":"closed","ping_status":"open","sticky":false,"template":"","format":"standard","meta":{"iawp_total_views":26,"footnotes":""},"categories":[230],"tags":[],"class_list":{"0":"post-8538","1":"post","2":"type-post","3":"status-publish","4":"format-standard","5":"has-post-thumbnail","7":"category-elections"},"yoast_head":"<!-- This site is optimized with the Yoast SEO plugin v27.5 - https:\/\/yoast.com\/product\/yoast-seo-wordpress\/ -->\n<title>\u00c9lections 2023 des repr\u00e9sentants du personnel et des \u00e9tudiants au CNESER &#8212; Universit\u00e9 de Guyane<\/title>\n<meta name=\"description\" content=\"Tout savoir sur les \u00e9lections au CNESER en 2023 : \u00e9tudiants et personnel de l&#039;Universit\u00e9 de Guyane peuvent exercer leur droit de vote.\" \/>\n<meta name=\"robots\" content=\"index, follow, max-snippet:-1, max-image-preview:large, max-video-preview:-1\" \/>\n<link rel=\"canonical\" href=\"https:\/\/www.univ-guyane.fr\/pt\/2023\/05\/02\/elections-2023-des-representants-du-personnel-et-des-etudiants-au-cneser\/\" \/>\n<meta property=\"og:locale\" content=\"pt_BR\" \/>\n<meta property=\"og:type\" content=\"article\" \/>\n<meta property=\"og:title\" content=\"\u00c9lections 2023 des repr\u00e9sentants du personnel et des \u00e9tudiants au CNESER &#8212; Universit\u00e9 de Guyane\" \/>\n<meta property=\"og:description\" content=\"Tout savoir sur les \u00e9lections au CNESER en 2023 : \u00e9tudiants et personnel de l&#039;Universit\u00e9 de Guyane peuvent exercer leur droit de vote.\" \/>\n<meta property=\"og:url\" content=\"https:\/\/www.univ-guyane.fr\/pt\/2023\/05\/02\/elections-2023-des-representants-du-personnel-et-des-etudiants-au-cneser\/\" \/>\n<meta property=\"og:site_name\" content=\"Universit\u00e9 de Guyane\" \/>\n<meta property=\"article:publisher\" content=\"https:\/\/www.facebook.com\/univguyane\" \/>\n<meta property=\"article:published_time\" content=\"2023-05-02T12:06:14+00:00\" \/>\n<meta property=\"article:modified_time\" content=\"2024-06-18T12:11:54+00:00\" \/>\n<meta property=\"og:image\" content=\"https:\/\/www.univ-guyane.fr\/wp-content\/uploads\/elections-dfrs-suaps-cac-universite-de-guyane-janvier-2016-2-3.jpeg\" \/>\n\t<meta property=\"og:image:width\" content=\"2000\" \/>\n\t<meta property=\"og:image:height\" content=\"1406\" \/>\n\t<meta property=\"og:image:type\" content=\"image\/jpeg\" \/>\n<meta name=\"author\" content=\"Erick Loiti\u00e8re\" \/>\n<meta name=\"twitter:card\" content=\"summary_large_image\" \/>\n<meta name=\"twitter:creator\" content=\"@univguyane\" \/>\n<meta name=\"twitter:site\" content=\"@univguyane\" \/>\n<meta name=\"twitter:label1\" content=\"Escrito por\" \/>\n\t<meta name=\"twitter:data1\" content=\"Erick Loiti\u00e8re\" \/>\n\t<meta name=\"twitter:label2\" content=\"Est. tempo de leitura\" \/>\n\t<meta name=\"twitter:data2\" content=\"3 minutos\" \/>\n<script type=\"application\/ld+json\" class=\"yoast-schema-graph\">{\"@context\":\"https:\\\/\\\/schema.org\",\"@graph\":[{\"@type\":\"Article\",\"@id\":\"https:\\\/\\\/www.univ-guyane.fr\\\/2023\\\/05\\\/02\\\/elections-2023-des-representants-du-personnel-et-des-etudiants-au-cneser\\\/#article\",\"isPartOf\":{\"@id\":\"https:\\\/\\\/www.univ-guyane.fr\\\/2023\\\/05\\\/02\\\/elections-2023-des-representants-du-personnel-et-des-etudiants-au-cneser\\\/\"},\"author\":{\"name\":\"Erick Loiti\u00e8re\",\"@id\":\"https:\\\/\\\/www.univ-guyane.fr\\\/#\\\/schema\\\/person\\\/86d946a28a8be51bb096ccfdf19db179\"},\"headline\":\"\u00c9lections 2023 des repr\u00e9sentants du personnel et des \u00e9tudiants au CNESER\",\"datePublished\":\"2023-05-02T12:06:14+00:00\",\"dateModified\":\"2024-06-18T12:11:54+00:00\",\"mainEntityOfPage\":{\"@id\":\"https:\\\/\\\/www.univ-guyane.fr\\\/2023\\\/05\\\/02\\\/elections-2023-des-representants-du-personnel-et-des-etudiants-au-cneser\\\/\"},\"wordCount\":605,\"publisher\":{\"@id\":\"https:\\\/\\\/www.univ-guyane.fr\\\/#organization\"},\"image\":{\"@id\":\"https:\\\/\\\/www.univ-guyane.fr\\\/2023\\\/05\\\/02\\\/elections-2023-des-representants-du-personnel-et-des-etudiants-au-cneser\\\/#primaryimage\"},\"thumbnailUrl\":\"https:\\\/\\\/www.univ-guyane.fr\\\/wp-content\\\/uploads\\\/elections-dfrs-suaps-cac-universite-de-guyane-janvier-2016-2-3.jpeg\",\"articleSection\":[\"\u2022 \u00c9lections\"],\"inLanguage\":\"pt-BR\"},{\"@type\":\"WebPage\",\"@id\":\"https:\\\/\\\/www.univ-guyane.fr\\\/2023\\\/05\\\/02\\\/elections-2023-des-representants-du-personnel-et-des-etudiants-au-cneser\\\/\",\"url\":\"https:\\\/\\\/www.univ-guyane.fr\\\/2023\\\/05\\\/02\\\/elections-2023-des-representants-du-personnel-et-des-etudiants-au-cneser\\\/\",\"name\":\"\u00c9lections 2023 des repr\u00e9sentants du personnel et des \u00e9tudiants au CNESER &#8212; Universit\u00e9 de Guyane\",\"isPartOf\":{\"@id\":\"https:\\\/\\\/www.univ-guyane.fr\\\/#website\"},\"primaryImageOfPage\":{\"@id\":\"https:\\\/\\\/www.univ-guyane.fr\\\/2023\\\/05\\\/02\\\/elections-2023-des-representants-du-personnel-et-des-etudiants-au-cneser\\\/#primaryimage\"},\"image\":{\"@id\":\"https:\\\/\\\/www.univ-guyane.fr\\\/2023\\\/05\\\/02\\\/elections-2023-des-representants-du-personnel-et-des-etudiants-au-cneser\\\/#primaryimage\"},\"thumbnailUrl\":\"https:\\\/\\\/www.univ-guyane.fr\\\/wp-content\\\/uploads\\\/elections-dfrs-suaps-cac-universite-de-guyane-janvier-2016-2-3.jpeg\",\"datePublished\":\"2023-05-02T12:06:14+00:00\",\"dateModified\":\"2024-06-18T12:11:54+00:00\",\"description\":\"Tout savoir sur les \u00e9lections au CNESER en 2023 : \u00e9tudiants et personnel de l'Universit\u00e9 de Guyane peuvent exercer leur droit de vote.\",\"breadcrumb\":{\"@id\":\"https:\\\/\\\/www.univ-guyane.fr\\\/2023\\\/05\\\/02\\\/elections-2023-des-representants-du-personnel-et-des-etudiants-au-cneser\\\/#breadcrumb\"},\"inLanguage\":\"pt-BR\",\"potentialAction\":[{\"@type\":\"ReadAction\",\"target\":[\"https:\\\/\\\/www.univ-guyane.fr\\\/2023\\\/05\\\/02\\\/elections-2023-des-representants-du-personnel-et-des-etudiants-au-cneser\\\/\"]}]},{\"@type\":\"ImageObject\",\"inLanguage\":\"pt-BR\",\"@id\":\"https:\\\/\\\/www.univ-guyane.fr\\\/2023\\\/05\\\/02\\\/elections-2023-des-representants-du-personnel-et-des-etudiants-au-cneser\\\/#primaryimage\",\"url\":\"https:\\\/\\\/www.univ-guyane.fr\\\/wp-content\\\/uploads\\\/elections-dfrs-suaps-cac-universite-de-guyane-janvier-2016-2-3.jpeg\",\"contentUrl\":\"https:\\\/\\\/www.univ-guyane.fr\\\/wp-content\\\/uploads\\\/elections-dfrs-suaps-cac-universite-de-guyane-janvier-2016-2-3.jpeg\",\"width\":2000,\"height\":1406,\"caption\":\"\u00c9lections 2023 des repr\u00e9sentants du personnel et des \u00e9tudiants au CNESER\"},{\"@type\":\"BreadcrumbList\",\"@id\":\"https:\\\/\\\/www.univ-guyane.fr\\\/2023\\\/05\\\/02\\\/elections-2023-des-representants-du-personnel-et-des-etudiants-au-cneser\\\/#breadcrumb\",\"itemListElement\":[{\"@type\":\"ListItem\",\"position\":1,\"name\":\"Accueil\",\"item\":\"https:\\\/\\\/www.univ-guyane.fr\\\/\"},{\"@type\":\"ListItem\",\"position\":2,\"name\":\"\u00c9lections 2023 des repr\u00e9sentants du personnel et des \u00e9tudiants au CNESER\"}]},{\"@type\":\"WebSite\",\"@id\":\"https:\\\/\\\/www.univ-guyane.fr\\\/#website\",\"url\":\"https:\\\/\\\/www.univ-guyane.fr\\\/\",\"name\":\"Universit\u00e9 de Guyane\",\"description\":\"Au c\u0153ur de l&#039;amazonie\",\"publisher\":{\"@id\":\"https:\\\/\\\/www.univ-guyane.fr\\\/#organization\"},\"alternateName\":\"UG\",\"potentialAction\":[{\"@type\":\"SearchAction\",\"target\":{\"@type\":\"EntryPoint\",\"urlTemplate\":\"https:\\\/\\\/www.univ-guyane.fr\\\/?s={search_term_string}\"},\"query-input\":{\"@type\":\"PropertyValueSpecification\",\"valueRequired\":true,\"valueName\":\"search_term_string\"}}],\"inLanguage\":\"pt-BR\"},{\"@type\":\"Organization\",\"@id\":\"https:\\\/\\\/www.univ-guyane.fr\\\/#organization\",\"name\":\"Universit\u00e9 de Guyane\",\"alternateName\":\"UG\",\"url\":\"https:\\\/\\\/www.univ-guyane.fr\\\/\",\"logo\":{\"@type\":\"ImageObject\",\"inLanguage\":\"pt-BR\",\"@id\":\"https:\\\/\\\/www.univ-guyane.fr\\\/#\\\/schema\\\/logo\\\/image\\\/\",\"url\":\"https:\\\/\\\/www.univ-guyane.fr\\\/wp-content\\\/uploads\\\/2024\\\/05\\\/f.png\",\"contentUrl\":\"https:\\\/\\\/www.univ-guyane.fr\\\/wp-content\\\/uploads\\\/2024\\\/05\\\/f.png\",\"width\":1024,\"height\":1024,\"caption\":\"Universit\u00e9 de Guyane\"},\"image\":{\"@id\":\"https:\\\/\\\/www.univ-guyane.fr\\\/#\\\/schema\\\/logo\\\/image\\\/\"},\"sameAs\":[\"https:\\\/\\\/www.facebook.com\\\/univguyane\",\"https:\\\/\\\/x.com\\\/univguyane\",\"https:\\\/\\\/gf.linkedin.com\\\/school\\\/universite-de-guyane\\\/\",\"https:\\\/\\\/www.instagram.com\\\/univ_guyane\\\/\"]},{\"@type\":\"Person\",\"@id\":\"https:\\\/\\\/www.univ-guyane.fr\\\/#\\\/schema\\\/person\\\/86d946a28a8be51bb096ccfdf19db179\",\"name\":\"Erick Loiti\u00e8re\",\"image\":{\"@type\":\"ImageObject\",\"inLanguage\":\"pt-BR\",\"@id\":\"https:\\\/\\\/secure.gravatar.com\\\/avatar\\\/0584f332103fbeaf37e52c73b15dca3c547fd9300deb05764e9ad8714839d072?s=96&d=robohash&r=g\",\"url\":\"https:\\\/\\\/secure.gravatar.com\\\/avatar\\\/0584f332103fbeaf37e52c73b15dca3c547fd9300deb05764e9ad8714839d072?s=96&d=robohash&r=g\",\"contentUrl\":\"https:\\\/\\\/secure.gravatar.com\\\/avatar\\\/0584f332103fbeaf37e52c73b15dca3c547fd9300deb05764e9ad8714839d072?s=96&d=robohash&r=g\",\"caption\":\"Erick Loiti\u00e8re\"},\"sameAs\":[\"http:\\\/\\\/www.univ-guyane.fr\"],\"url\":\"https:\\\/\\\/www.univ-guyane.fr\\\/pt\\\/author\\\/eloitierdbz\\\/\"}]}<\/script>\n<!-- \/ Yoast SEO plugin. -->","yoast_head_json":{"title":"\u00c9lections 2023 des repr\u00e9sentants du personnel et des \u00e9tudiants au CNESER &#8212; Universit\u00e9 de Guyane","description":"Tout savoir sur les \u00e9lections au CNESER en 2023 : \u00e9tudiants et personnel de l'Universit\u00e9 de Guyane peuvent exercer leur droit de vote.","robots":{"index":"index","follow":"follow","max-snippet":"max-snippet:-1","max-image-preview":"max-image-preview:large","max-video-preview":"max-video-preview:-1"},"canonical":"https:\/\/www.univ-guyane.fr\/pt\/2023\/05\/02\/elections-2023-des-representants-du-personnel-et-des-etudiants-au-cneser\/","og_locale":"pt_BR","og_type":"article","og_title":"\u00c9lections 2023 des repr\u00e9sentants du personnel et des \u00e9tudiants au CNESER &#8212; Universit\u00e9 de Guyane","og_description":"Tout savoir sur les \u00e9lections au CNESER en 2023 : \u00e9tudiants et personnel de l'Universit\u00e9 de Guyane peuvent exercer leur droit de vote.","og_url":"https:\/\/www.univ-guyane.fr\/pt\/2023\/05\/02\/elections-2023-des-representants-du-personnel-et-des-etudiants-au-cneser\/","og_site_name":"Universit\u00e9 de Guyane","article_publisher":"https:\/\/www.facebook.com\/univguyane","article_published_time":"2023-05-02T12:06:14+00:00","article_modified_time":"2024-06-18T12:11:54+00:00","og_image":[{"width":2000,"height":1406,"url":"https:\/\/www.univ-guyane.fr\/wp-content\/uploads\/elections-dfrs-suaps-cac-universite-de-guyane-janvier-2016-2-3.jpeg","type":"image\/jpeg"}],"author":"Erick Loiti\u00e8re","twitter_card":"summary_large_image","twitter_creator":"@univguyane","twitter_site":"@univguyane","twitter_misc":{"Escrito por":"Erick Loiti\u00e8re","Est. tempo de leitura":"3 minutos"},"schema":{"@context":"https:\/\/schema.org","@graph":[{"@type":"Article","@id":"https:\/\/www.univ-guyane.fr\/2023\/05\/02\/elections-2023-des-representants-du-personnel-et-des-etudiants-au-cneser\/#article","isPartOf":{"@id":"https:\/\/www.univ-guyane.fr\/2023\/05\/02\/elections-2023-des-representants-du-personnel-et-des-etudiants-au-cneser\/"},"author":{"name":"Erick Loiti\u00e8re","@id":"https:\/\/www.univ-guyane.fr\/#\/schema\/person\/86d946a28a8be51bb096ccfdf19db179"},"headline":"\u00c9lections 2023 des repr\u00e9sentants du personnel et des \u00e9tudiants au CNESER","datePublished":"2023-05-02T12:06:14+00:00","dateModified":"2024-06-18T12:11:54+00:00","mainEntityOfPage":{"@id":"https:\/\/www.univ-guyane.fr\/2023\/05\/02\/elections-2023-des-representants-du-personnel-et-des-etudiants-au-cneser\/"},"wordCount":605,"publisher":{"@id":"https:\/\/www.univ-guyane.fr\/#organization"},"image":{"@id":"https:\/\/www.univ-guyane.fr\/2023\/05\/02\/elections-2023-des-representants-du-personnel-et-des-etudiants-au-cneser\/#primaryimage"},"thumbnailUrl":"https:\/\/www.univ-guyane.fr\/wp-content\/uploads\/elections-dfrs-suaps-cac-universite-de-guyane-janvier-2016-2-3.jpeg","articleSection":["\u2022 \u00c9lections"],"inLanguage":"pt-BR"},{"@type":"WebPage","@id":"https:\/\/www.univ-guyane.fr\/2023\/05\/02\/elections-2023-des-representants-du-personnel-et-des-etudiants-au-cneser\/","url":"https:\/\/www.univ-guyane.fr\/2023\/05\/02\/elections-2023-des-representants-du-personnel-et-des-etudiants-au-cneser\/","name":"\u00c9lections 2023 des repr\u00e9sentants du personnel et des \u00e9tudiants au CNESER &#8212; Universit\u00e9 de Guyane","isPartOf":{"@id":"https:\/\/www.univ-guyane.fr\/#website"},"primaryImageOfPage":{"@id":"https:\/\/www.univ-guyane.fr\/2023\/05\/02\/elections-2023-des-representants-du-personnel-et-des-etudiants-au-cneser\/#primaryimage"},"image":{"@id":"https:\/\/www.univ-guyane.fr\/2023\/05\/02\/elections-2023-des-representants-du-personnel-et-des-etudiants-au-cneser\/#primaryimage"},"thumbnailUrl":"https:\/\/www.univ-guyane.fr\/wp-content\/uploads\/elections-dfrs-suaps-cac-universite-de-guyane-janvier-2016-2-3.jpeg","datePublished":"2023-05-02T12:06:14+00:00","dateModified":"2024-06-18T12:11:54+00:00","description":"Tout savoir sur les \u00e9lections au CNESER en 2023 : \u00e9tudiants et personnel de l'Universit\u00e9 de Guyane peuvent exercer leur droit de vote.","breadcrumb":{"@id":"https:\/\/www.univ-guyane.fr\/2023\/05\/02\/elections-2023-des-representants-du-personnel-et-des-etudiants-au-cneser\/#breadcrumb"},"inLanguage":"pt-BR","potentialAction":[{"@type":"ReadAction","target":["https:\/\/www.univ-guyane.fr\/2023\/05\/02\/elections-2023-des-representants-du-personnel-et-des-etudiants-au-cneser\/"]}]},{"@type":"ImageObject","inLanguage":"pt-BR","@id":"https:\/\/www.univ-guyane.fr\/2023\/05\/02\/elections-2023-des-representants-du-personnel-et-des-etudiants-au-cneser\/#primaryimage","url":"https:\/\/www.univ-guyane.fr\/wp-content\/uploads\/elections-dfrs-suaps-cac-universite-de-guyane-janvier-2016-2-3.jpeg","contentUrl":"https:\/\/www.univ-guyane.fr\/wp-content\/uploads\/elections-dfrs-suaps-cac-universite-de-guyane-janvier-2016-2-3.jpeg","width":2000,"height":1406,"caption":"\u00c9lections 2023 des repr\u00e9sentants du personnel et des \u00e9tudiants au CNESER"},{"@type":"BreadcrumbList","@id":"https:\/\/www.univ-guyane.fr\/2023\/05\/02\/elections-2023-des-representants-du-personnel-et-des-etudiants-au-cneser\/#breadcrumb","itemListElement":[{"@type":"ListItem","position":1,"name":"Accueil","item":"https:\/\/www.univ-guyane.fr\/"},{"@type":"ListItem","position":2,"name":"\u00c9lections 2023 des repr\u00e9sentants du personnel et des \u00e9tudiants au CNESER"}]},{"@type":"WebSite","@id":"https:\/\/www.univ-guyane.fr\/#website","url":"https:\/\/www.univ-guyane.fr\/","name":"Universidade da Guiana","description":"No cora\u00e7\u00e3o da Amaz\u00f4nia","publisher":{"@id":"https:\/\/www.univ-guyane.fr\/#organization"},"alternateName":"UG","potentialAction":[{"@type":"SearchAction","target":{"@type":"EntryPoint","urlTemplate":"https:\/\/www.univ-guyane.fr\/?s={search_term_string}"},"query-input":{"@type":"PropertyValueSpecification","valueRequired":true,"valueName":"search_term_string"}}],"inLanguage":"pt-BR"},{"@type":"Organization","@id":"https:\/\/www.univ-guyane.fr\/#organization","name":"Universidade da Guiana","alternateName":"UG","url":"https:\/\/www.univ-guyane.fr\/","logo":{"@type":"ImageObject","inLanguage":"pt-BR","@id":"https:\/\/www.univ-guyane.fr\/#\/schema\/logo\/image\/","url":"https:\/\/www.univ-guyane.fr\/wp-content\/uploads\/2024\/05\/f.png","contentUrl":"https:\/\/www.univ-guyane.fr\/wp-content\/uploads\/2024\/05\/f.png","width":1024,"height":1024,"caption":"Universit\u00e9 de Guyane"},"image":{"@id":"https:\/\/www.univ-guyane.fr\/#\/schema\/logo\/image\/"},"sameAs":["https:\/\/www.facebook.com\/univguyane","https:\/\/x.com\/univguyane","https:\/\/gf.linkedin.com\/school\/universite-de-guyane\/","https:\/\/www.instagram.com\/univ_guyane\/"]},{"@type":"Person","@id":"https:\/\/www.univ-guyane.fr\/#\/schema\/person\/86d946a28a8be51bb096ccfdf19db179","name":"Erick Loiti\u00e8re","image":{"@type":"ImageObject","inLanguage":"pt-BR","@id":"https:\/\/secure.gravatar.com\/avatar\/0584f332103fbeaf37e52c73b15dca3c547fd9300deb05764e9ad8714839d072?s=96&d=robohash&r=g","url":"https:\/\/secure.gravatar.com\/avatar\/0584f332103fbeaf37e52c73b15dca3c547fd9300deb05764e9ad8714839d072?s=96&d=robohash&r=g","contentUrl":"https:\/\/secure.gravatar.com\/avatar\/0584f332103fbeaf37e52c73b15dca3c547fd9300deb05764e9ad8714839d072?s=96&d=robohash&r=g","caption":"Erick Loiti\u00e8re"},"sameAs":["http:\/\/www.univ-guyane.fr"],"url":"https:\/\/www.univ-guyane.fr\/pt\/author\/eloitierdbz\/"}]}},"_links":{"self":[{"href":"https:\/\/www.univ-guyane.fr\/pt\/wp-json\/wp\/v2\/posts\/8538","targetHints":{"allow":["GET"]}}],"collection":[{"href":"https:\/\/www.univ-guyane.fr\/pt\/wp-json\/wp\/v2\/posts"}],"about":[{"href":"https:\/\/www.univ-guyane.fr\/pt\/wp-json\/wp\/v2\/types\/post"}],"author":[{"embeddable":true,"href":"https:\/\/www.univ-guyane.fr\/pt\/wp-json\/wp\/v2\/users\/1"}],"replies":[{"embeddable":true,"href":"https:\/\/www.univ-guyane.fr\/pt\/wp-json\/wp\/v2\/comments?post=8538"}],"version-history":[{"count":3,"href":"https:\/\/www.univ-guyane.fr\/pt\/wp-json\/wp\/v2\/posts\/8538\/revisions"}],"predecessor-version":[{"id":8541,"href":"https:\/\/www.univ-guyane.fr\/pt\/wp-json\/wp\/v2\/posts\/8538\/revisions\/8541"}],"wp:featuredmedia":[{"embeddable":true,"href":"https:\/\/www.univ-guyane.fr\/pt\/wp-json\/wp\/v2\/media\/8364"}],"wp:attachment":[{"href":"https:\/\/www.univ-guyane.fr\/pt\/wp-json\/wp\/v2\/media?parent=8538"}],"wp:term":[{"taxonomy":"category","embeddable":true,"href":"https:\/\/www.univ-guyane.fr\/pt\/wp-json\/wp\/v2\/categories?post=8538"},{"taxonomy":"post_tag","embeddable":true,"href":"https:\/\/www.univ-guyane.fr\/pt\/wp-json\/wp\/v2\/tags?post=8538"}],"curies":[{"name":"wp","href":"https:\/\/api.w.org\/{rel}","templated":true}]}}