{"id":8546,"date":"2023-04-25T09:16:45","date_gmt":"2023-04-25T12:16:45","guid":{"rendered":"https:\/\/www.univ-guyane.fr\/?p=8546"},"modified":"2024-06-18T09:21:30","modified_gmt":"2024-06-18T12:21:30","slug":"conferences-rencontres-et-dedicaces-autour-du-livre-hmong-de-vicky-lyfoung","status":"publish","type":"post","link":"https:\/\/www.univ-guyane.fr\/pt\/2023\/04\/25\/conferences-rencontres-et-dedicaces-autour-du-livre-hmong-de-vicky-lyfoung\/","title":{"rendered":"Confer\u00eancias, reuni\u00f5es e sess\u00f5es de aut\u00f3grafos sobre o livro Hmong, de Vicky Lyfoung"},"content":{"rendered":"<div id=\"fws_69f1a14f29a95\"  data-column-margin=\"default\" data-midnight=\"dark\"  class=\"wpb_row vc_row-fluid vc_row\"  style=\"padding-top: 0px; padding-bottom: 0px; \"><div class=\"row-bg-wrap\" data-bg-animation=\"none\" data-bg-animation-delay=\"\" data-bg-overlay=\"false\"><div class=\"inner-wrap row-bg-layer\" ><div class=\"row-bg viewport-desktop\"  style=\"\"><\/div><\/div><\/div><div class=\"row_col_wrap_12 col span_12 dark left\">\n\t<div  class=\"vc_col-sm-12 wpb_column column_container vc_column_container col no-extra-padding inherit_tablet inherit_phone\"  data-padding-pos=\"all\" data-has-bg-color=\"false\" data-bg-color=\"\" data-bg-opacity=\"1\" data-animation=\"\" data-delay=\"0\" >\n\t\t<div class=\"vc_column-inner\" >\n\t\t\t<div class=\"wpb_wrapper\">\n\t\t\t\t\n<div class=\"wpb_text_column wpb_content_element  chapo\" >\n\t<h2>A Biblioteca da Universidade da Guiana Francesa est\u00e1 organizando uma reuni\u00e3o-confer\u00eancia na quarta-feira, 26 de abril, a partir das 18h. Em seguida, haver\u00e1 sess\u00e3o de aut\u00f3grafos com Vicky Lyfoung, autora da hist\u00f3ria em quadrinhos Hmong, e Nathalie Cazelles, arque\u00f3loga e historiadora.<\/h2>\n<\/div>\n\n\n\n\n<div class=\"wpb_text_column wpb_content_element\" >\n\t<div class=\"wpb_text_column wpb_content_element\">\n<div class=\"wpb_wrapper\">\n<div id=\"lipsum\">\n<span class=\"nectar-dropcap\" >\u00c0 <\/span>\u00a0Nesse document\u00e1rio de 160 p\u00e1ginas, Vicky Lyfoung tra\u00e7a a hist\u00f3ria desse grupo \u00e9tnico pouco conhecido da \u00c1sia, combinando uma rica documenta\u00e7\u00e3o e hist\u00f3ria pessoal. Os Hmong s\u00e3o um povo oprimido que est\u00e1 lutando para preservar sua cultura.<br \/>\ntradi\u00e7\u00f5es e arte de viver. Seu destino est\u00e1 intimamente ligado \u00e0 Fran\u00e7a, que tem<br \/>\ncolonizaram a Indochina em 1893 e para quem fizeram um grande trabalho - primeiro como fornecedores de \u00f3pio e depois como soldados. O autor<br \/>\nconta a hist\u00f3ria desse povo pelo prisma de sua cultura.<br \/>\na de sua fam\u00edlia.<\/p>\n<p>Das 18h \u00e0s 18h30, essas reuni\u00f5es come\u00e7ar\u00e3o com a exibi\u00e7\u00e3o do relat\u00f3rio do Enviado Especial \"Guerre secr\u00e8te au Laos\" (Guerra secreta no Laos), dos jornalistas Cyril Payen e Gr\u00e9goire Deniau. Em seguida, haver\u00e1 uma confer\u00eancia-debate sobre \"Sur la route des Hmongs, de l'Indochine \u00e0 la Guyane\", baseada na hist\u00f3ria em quadrinhos. Por fim, haver\u00e1 tempo para a sess\u00e3o de aut\u00f3grafos.<\/p>\n<\/div>\n<\/div>\n<\/div>\n<div class=\"wpb_text_column wpb_content_element vc_custom_1682424789469\">\n<div class=\"wpb_wrapper\">\n<h2><strong>Programa<\/strong><\/h2>\n<p><strong>Quarta-feira, 26 de abril \u00a0<\/strong><\/p>\n<ul>\n<li><strong>Das 14h \u00e0s 16h30min.<\/strong>Visita guiada \u00e0 col\u00f4nia penal de Annamite com Vicky Lyfoung e Nathalie Cazelle, arque\u00f3loga e historiadora (Universidade da Guiana Francesa). M\u00e1ximo de 15 pessoas.  \u00c9 essencial fazer reserva. <a href=\"https:\/\/web.archive.org\/web\/20230717234651\/http:\/\/www.kazabul.com\/\">kazabul.com<\/a><\/li>\n<li><strong>Das 18h \u00e0s 20h.<\/strong>Confer\u00eancias, reuni\u00f5es e sess\u00f5es de aut\u00f3grafos com Vicky Lyfoung e Nathalie Cazelle na Biblioth\u00e8que universitaire de Guyane.<\/li>\n<\/ul>\n<hr \/>\n<p><strong>Quinta-feira, 27 de abril<\/strong><\/p>\n<ul>\n<li><strong>6 a 8 p.m. : <\/strong>Confer\u00eancias, reuni\u00f5es e sess\u00f5es de aut\u00f3grafos com Vicky Lyfoung e Nathalie Cazelle no Mana Art and Research Centre.<\/li>\n<\/ul>\n<p><strong>Sexta-feira, 28 de abril<\/strong><\/p>\n<ul>\n<li><strong>Das 11h \u00e0s 13h:<\/strong> Sess\u00e3o de aut\u00f3grafos com Vicky Lyfoung na Librairie du Vieux Bourg em Kourou<\/li>\n<li><strong>Das 16h \u00e0s 18h:<\/strong> Confer\u00eancias, reuni\u00f5es e sess\u00f5es de aut\u00f3grafos com Vicky Lyfoung e Nathalie Cazelle no H\u00f4tel Ariatel Mercure em Kourou.<\/li>\n<\/ul>\n<hr \/>\n<p><strong>S\u00e1bado, 29 de abril <\/strong><\/p>\n<ul>\n<li><strong>Das 10h30 \u00e0s 13h: <\/strong>Sess\u00e3o de aut\u00f3grafos com Vicky Lyfoung na livraria La Cas'a Bulles em Caiena<\/li>\n<li><strong>Das 16h \u00e0s 18h:<\/strong> Confer\u00eancias, reuni\u00f5es e sess\u00f5es de aut\u00f3grafos com Vicky Lyfoung e Nathalie Cazelle na livraria Lettres d'Amazonie<\/li>\n<\/ul>\n<\/div>\n<\/div>\n<\/div>\n\n\n\n\n\t\t\t<\/div> \n\t\t<\/div>\n\t<\/div> \n<\/div><\/div>","protected":false},"excerpt":{"rendered":"A Biblioteca da Universidade da Guiana Francesa est\u00e1 organizando uma reuni\u00e3o-confer\u00eancia na quarta-feira, 26 de abril, a partir das 18...","protected":false},"author":1,"featured_media":8547,"comment_status":"closed","ping_status":"open","sticky":false,"template":"","format":"standard","meta":{"iawp_total_views":21,"footnotes":""},"categories":[232],"tags":[],"class_list":{"0":"post-8546","1":"post","2":"type-post","3":"status-publish","4":"format-standard","5":"has-post-thumbnail","7":"category-bibliotheque"},"yoast_head":"<!-- This site is optimized with the Yoast SEO plugin v27.5 - https:\/\/yoast.com\/product\/yoast-seo-wordpress\/ -->\n<title>Conf\u00e9rences, rencontres et d\u00e9dicaces autour du livre Hmong de Vicky Lyfoung &#8212; Universit\u00e9 de Guyane<\/title>\n<meta name=\"description\" content=\"D\u00e9couvrez l&#039;histoire m\u00e9connue des Hmongs, un peuple opprim\u00e9 d&#039;Asie, \u00e0 travers ce documentaire passionnant de Vicky Lyfoung.\" \/>\n<meta name=\"robots\" content=\"index, follow, max-snippet:-1, max-image-preview:large, max-video-preview:-1\" \/>\n<link rel=\"canonical\" href=\"https:\/\/www.univ-guyane.fr\/pt\/2023\/04\/25\/conferences-rencontres-et-dedicaces-autour-du-livre-hmong-de-vicky-lyfoung\/\" \/>\n<meta property=\"og:locale\" content=\"pt_BR\" \/>\n<meta property=\"og:type\" content=\"article\" \/>\n<meta property=\"og:title\" content=\"Conf\u00e9rences, rencontres et d\u00e9dicaces autour du livre Hmong de Vicky Lyfoung &#8212; Universit\u00e9 de Guyane\" \/>\n<meta property=\"og:description\" content=\"D\u00e9couvrez l&#039;histoire m\u00e9connue des Hmongs, un peuple opprim\u00e9 d&#039;Asie, \u00e0 travers ce documentaire passionnant de Vicky Lyfoung.\" \/>\n<meta property=\"og:url\" content=\"https:\/\/www.univ-guyane.fr\/pt\/2023\/04\/25\/conferences-rencontres-et-dedicaces-autour-du-livre-hmong-de-vicky-lyfoung\/\" \/>\n<meta property=\"og:site_name\" content=\"Universit\u00e9 de Guyane\" \/>\n<meta property=\"article:publisher\" content=\"https:\/\/www.facebook.com\/univguyane\" \/>\n<meta property=\"article:published_time\" content=\"2023-04-25T12:16:45+00:00\" \/>\n<meta property=\"article:modified_time\" content=\"2024-06-18T12:21:30+00:00\" \/>\n<meta property=\"og:image\" content=\"https:\/\/www.univ-guyane.fr\/wp-content\/uploads\/vicky-lyfoung-autrice-de-la-bande-dessinee-hmong-universite-de-guyane.jpeg\" \/>\n\t<meta property=\"og:image:width\" content=\"1800\" \/>\n\t<meta property=\"og:image:height\" content=\"1013\" \/>\n\t<meta property=\"og:image:type\" content=\"image\/jpeg\" \/>\n<meta name=\"author\" content=\"Erick Loiti\u00e8re\" \/>\n<meta name=\"twitter:card\" content=\"summary_large_image\" \/>\n<meta name=\"twitter:creator\" content=\"@univguyane\" \/>\n<meta name=\"twitter:site\" content=\"@univguyane\" \/>\n<meta name=\"twitter:label1\" content=\"Escrito por\" \/>\n\t<meta name=\"twitter:data1\" content=\"Erick Loiti\u00e8re\" \/>\n\t<meta name=\"twitter:label2\" content=\"Est. tempo de leitura\" \/>\n\t<meta name=\"twitter:data2\" content=\"3 minutos\" \/>\n<script type=\"application\/ld+json\" class=\"yoast-schema-graph\">{\"@context\":\"https:\\\/\\\/schema.org\",\"@graph\":[{\"@type\":\"Article\",\"@id\":\"https:\\\/\\\/www.univ-guyane.fr\\\/2023\\\/04\\\/25\\\/conferences-rencontres-et-dedicaces-autour-du-livre-hmong-de-vicky-lyfoung\\\/#article\",\"isPartOf\":{\"@id\":\"https:\\\/\\\/www.univ-guyane.fr\\\/2023\\\/04\\\/25\\\/conferences-rencontres-et-dedicaces-autour-du-livre-hmong-de-vicky-lyfoung\\\/\"},\"author\":{\"name\":\"Erick Loiti\u00e8re\",\"@id\":\"https:\\\/\\\/www.univ-guyane.fr\\\/#\\\/schema\\\/person\\\/86d946a28a8be51bb096ccfdf19db179\"},\"headline\":\"Conf\u00e9rences, rencontres et d\u00e9dicaces autour du livre Hmong de Vicky Lyfoung\",\"datePublished\":\"2023-04-25T12:16:45+00:00\",\"dateModified\":\"2024-06-18T12:21:30+00:00\",\"mainEntityOfPage\":{\"@id\":\"https:\\\/\\\/www.univ-guyane.fr\\\/2023\\\/04\\\/25\\\/conferences-rencontres-et-dedicaces-autour-du-livre-hmong-de-vicky-lyfoung\\\/\"},\"wordCount\":543,\"publisher\":{\"@id\":\"https:\\\/\\\/www.univ-guyane.fr\\\/#organization\"},\"image\":{\"@id\":\"https:\\\/\\\/www.univ-guyane.fr\\\/2023\\\/04\\\/25\\\/conferences-rencontres-et-dedicaces-autour-du-livre-hmong-de-vicky-lyfoung\\\/#primaryimage\"},\"thumbnailUrl\":\"https:\\\/\\\/www.univ-guyane.fr\\\/wp-content\\\/uploads\\\/vicky-lyfoung-autrice-de-la-bande-dessinee-hmong-universite-de-guyane.jpeg\",\"articleSection\":[\"\u2022 Biblioth\u00e8que\"],\"inLanguage\":\"pt-BR\"},{\"@type\":\"WebPage\",\"@id\":\"https:\\\/\\\/www.univ-guyane.fr\\\/2023\\\/04\\\/25\\\/conferences-rencontres-et-dedicaces-autour-du-livre-hmong-de-vicky-lyfoung\\\/\",\"url\":\"https:\\\/\\\/www.univ-guyane.fr\\\/2023\\\/04\\\/25\\\/conferences-rencontres-et-dedicaces-autour-du-livre-hmong-de-vicky-lyfoung\\\/\",\"name\":\"Conf\u00e9rences, rencontres et d\u00e9dicaces autour du livre Hmong de Vicky Lyfoung &#8212; Universit\u00e9 de Guyane\",\"isPartOf\":{\"@id\":\"https:\\\/\\\/www.univ-guyane.fr\\\/#website\"},\"primaryImageOfPage\":{\"@id\":\"https:\\\/\\\/www.univ-guyane.fr\\\/2023\\\/04\\\/25\\\/conferences-rencontres-et-dedicaces-autour-du-livre-hmong-de-vicky-lyfoung\\\/#primaryimage\"},\"image\":{\"@id\":\"https:\\\/\\\/www.univ-guyane.fr\\\/2023\\\/04\\\/25\\\/conferences-rencontres-et-dedicaces-autour-du-livre-hmong-de-vicky-lyfoung\\\/#primaryimage\"},\"thumbnailUrl\":\"https:\\\/\\\/www.univ-guyane.fr\\\/wp-content\\\/uploads\\\/vicky-lyfoung-autrice-de-la-bande-dessinee-hmong-universite-de-guyane.jpeg\",\"datePublished\":\"2023-04-25T12:16:45+00:00\",\"dateModified\":\"2024-06-18T12:21:30+00:00\",\"description\":\"D\u00e9couvrez l'histoire m\u00e9connue des Hmongs, un peuple opprim\u00e9 d'Asie, \u00e0 travers ce documentaire passionnant de Vicky Lyfoung.\",\"breadcrumb\":{\"@id\":\"https:\\\/\\\/www.univ-guyane.fr\\\/2023\\\/04\\\/25\\\/conferences-rencontres-et-dedicaces-autour-du-livre-hmong-de-vicky-lyfoung\\\/#breadcrumb\"},\"inLanguage\":\"pt-BR\",\"potentialAction\":[{\"@type\":\"ReadAction\",\"target\":[\"https:\\\/\\\/www.univ-guyane.fr\\\/2023\\\/04\\\/25\\\/conferences-rencontres-et-dedicaces-autour-du-livre-hmong-de-vicky-lyfoung\\\/\"]}]},{\"@type\":\"ImageObject\",\"inLanguage\":\"pt-BR\",\"@id\":\"https:\\\/\\\/www.univ-guyane.fr\\\/2023\\\/04\\\/25\\\/conferences-rencontres-et-dedicaces-autour-du-livre-hmong-de-vicky-lyfoung\\\/#primaryimage\",\"url\":\"https:\\\/\\\/www.univ-guyane.fr\\\/wp-content\\\/uploads\\\/vicky-lyfoung-autrice-de-la-bande-dessinee-hmong-universite-de-guyane.jpeg\",\"contentUrl\":\"https:\\\/\\\/www.univ-guyane.fr\\\/wp-content\\\/uploads\\\/vicky-lyfoung-autrice-de-la-bande-dessinee-hmong-universite-de-guyane.jpeg\",\"width\":1800,\"height\":1013,\"caption\":\"Conf\u00e9rences, rencontres et d\u00e9dicaces autour du livre Hmong de Vicky Lyfoung\"},{\"@type\":\"BreadcrumbList\",\"@id\":\"https:\\\/\\\/www.univ-guyane.fr\\\/2023\\\/04\\\/25\\\/conferences-rencontres-et-dedicaces-autour-du-livre-hmong-de-vicky-lyfoung\\\/#breadcrumb\",\"itemListElement\":[{\"@type\":\"ListItem\",\"position\":1,\"name\":\"Accueil\",\"item\":\"https:\\\/\\\/www.univ-guyane.fr\\\/\"},{\"@type\":\"ListItem\",\"position\":2,\"name\":\"Conf\u00e9rences, rencontres et d\u00e9dicaces autour du livre Hmong de Vicky Lyfoung\"}]},{\"@type\":\"WebSite\",\"@id\":\"https:\\\/\\\/www.univ-guyane.fr\\\/#website\",\"url\":\"https:\\\/\\\/www.univ-guyane.fr\\\/\",\"name\":\"Universit\u00e9 de Guyane\",\"description\":\"Au c\u0153ur de l&#039;amazonie\",\"publisher\":{\"@id\":\"https:\\\/\\\/www.univ-guyane.fr\\\/#organization\"},\"alternateName\":\"UG\",\"potentialAction\":[{\"@type\":\"SearchAction\",\"target\":{\"@type\":\"EntryPoint\",\"urlTemplate\":\"https:\\\/\\\/www.univ-guyane.fr\\\/?s={search_term_string}\"},\"query-input\":{\"@type\":\"PropertyValueSpecification\",\"valueRequired\":true,\"valueName\":\"search_term_string\"}}],\"inLanguage\":\"pt-BR\"},{\"@type\":\"Organization\",\"@id\":\"https:\\\/\\\/www.univ-guyane.fr\\\/#organization\",\"name\":\"Universit\u00e9 de Guyane\",\"alternateName\":\"UG\",\"url\":\"https:\\\/\\\/www.univ-guyane.fr\\\/\",\"logo\":{\"@type\":\"ImageObject\",\"inLanguage\":\"pt-BR\",\"@id\":\"https:\\\/\\\/www.univ-guyane.fr\\\/#\\\/schema\\\/logo\\\/image\\\/\",\"url\":\"https:\\\/\\\/www.univ-guyane.fr\\\/wp-content\\\/uploads\\\/2024\\\/05\\\/f.png\",\"contentUrl\":\"https:\\\/\\\/www.univ-guyane.fr\\\/wp-content\\\/uploads\\\/2024\\\/05\\\/f.png\",\"width\":1024,\"height\":1024,\"caption\":\"Universit\u00e9 de Guyane\"},\"image\":{\"@id\":\"https:\\\/\\\/www.univ-guyane.fr\\\/#\\\/schema\\\/logo\\\/image\\\/\"},\"sameAs\":[\"https:\\\/\\\/www.facebook.com\\\/univguyane\",\"https:\\\/\\\/x.com\\\/univguyane\",\"https:\\\/\\\/gf.linkedin.com\\\/school\\\/universite-de-guyane\\\/\",\"https:\\\/\\\/www.instagram.com\\\/univ_guyane\\\/\"]},{\"@type\":\"Person\",\"@id\":\"https:\\\/\\\/www.univ-guyane.fr\\\/#\\\/schema\\\/person\\\/86d946a28a8be51bb096ccfdf19db179\",\"name\":\"Erick Loiti\u00e8re\",\"image\":{\"@type\":\"ImageObject\",\"inLanguage\":\"pt-BR\",\"@id\":\"https:\\\/\\\/secure.gravatar.com\\\/avatar\\\/0584f332103fbeaf37e52c73b15dca3c547fd9300deb05764e9ad8714839d072?s=96&d=robohash&r=g\",\"url\":\"https:\\\/\\\/secure.gravatar.com\\\/avatar\\\/0584f332103fbeaf37e52c73b15dca3c547fd9300deb05764e9ad8714839d072?s=96&d=robohash&r=g\",\"contentUrl\":\"https:\\\/\\\/secure.gravatar.com\\\/avatar\\\/0584f332103fbeaf37e52c73b15dca3c547fd9300deb05764e9ad8714839d072?s=96&d=robohash&r=g\",\"caption\":\"Erick Loiti\u00e8re\"},\"sameAs\":[\"http:\\\/\\\/www.univ-guyane.fr\"],\"url\":\"https:\\\/\\\/www.univ-guyane.fr\\\/pt\\\/author\\\/eloitierdbz\\\/\"}]}<\/script>\n<!-- \/ Yoast SEO plugin. -->","yoast_head_json":{"title":"Conf\u00e9rences, rencontres et d\u00e9dicaces autour du livre Hmong de Vicky Lyfoung &#8212; Universit\u00e9 de Guyane","description":"D\u00e9couvrez l'histoire m\u00e9connue des Hmongs, un peuple opprim\u00e9 d'Asie, \u00e0 travers ce documentaire passionnant de Vicky Lyfoung.","robots":{"index":"index","follow":"follow","max-snippet":"max-snippet:-1","max-image-preview":"max-image-preview:large","max-video-preview":"max-video-preview:-1"},"canonical":"https:\/\/www.univ-guyane.fr\/pt\/2023\/04\/25\/conferences-rencontres-et-dedicaces-autour-du-livre-hmong-de-vicky-lyfoung\/","og_locale":"pt_BR","og_type":"article","og_title":"Conf\u00e9rences, rencontres et d\u00e9dicaces autour du livre Hmong de Vicky Lyfoung &#8212; Universit\u00e9 de Guyane","og_description":"D\u00e9couvrez l'histoire m\u00e9connue des Hmongs, un peuple opprim\u00e9 d'Asie, \u00e0 travers ce documentaire passionnant de Vicky Lyfoung.","og_url":"https:\/\/www.univ-guyane.fr\/pt\/2023\/04\/25\/conferences-rencontres-et-dedicaces-autour-du-livre-hmong-de-vicky-lyfoung\/","og_site_name":"Universit\u00e9 de Guyane","article_publisher":"https:\/\/www.facebook.com\/univguyane","article_published_time":"2023-04-25T12:16:45+00:00","article_modified_time":"2024-06-18T12:21:30+00:00","og_image":[{"width":1800,"height":1013,"url":"https:\/\/www.univ-guyane.fr\/wp-content\/uploads\/vicky-lyfoung-autrice-de-la-bande-dessinee-hmong-universite-de-guyane.jpeg","type":"image\/jpeg"}],"author":"Erick Loiti\u00e8re","twitter_card":"summary_large_image","twitter_creator":"@univguyane","twitter_site":"@univguyane","twitter_misc":{"Escrito por":"Erick Loiti\u00e8re","Est. tempo de leitura":"3 minutos"},"schema":{"@context":"https:\/\/schema.org","@graph":[{"@type":"Article","@id":"https:\/\/www.univ-guyane.fr\/2023\/04\/25\/conferences-rencontres-et-dedicaces-autour-du-livre-hmong-de-vicky-lyfoung\/#article","isPartOf":{"@id":"https:\/\/www.univ-guyane.fr\/2023\/04\/25\/conferences-rencontres-et-dedicaces-autour-du-livre-hmong-de-vicky-lyfoung\/"},"author":{"name":"Erick Loiti\u00e8re","@id":"https:\/\/www.univ-guyane.fr\/#\/schema\/person\/86d946a28a8be51bb096ccfdf19db179"},"headline":"Conf\u00e9rences, rencontres et d\u00e9dicaces autour du livre Hmong de Vicky Lyfoung","datePublished":"2023-04-25T12:16:45+00:00","dateModified":"2024-06-18T12:21:30+00:00","mainEntityOfPage":{"@id":"https:\/\/www.univ-guyane.fr\/2023\/04\/25\/conferences-rencontres-et-dedicaces-autour-du-livre-hmong-de-vicky-lyfoung\/"},"wordCount":543,"publisher":{"@id":"https:\/\/www.univ-guyane.fr\/#organization"},"image":{"@id":"https:\/\/www.univ-guyane.fr\/2023\/04\/25\/conferences-rencontres-et-dedicaces-autour-du-livre-hmong-de-vicky-lyfoung\/#primaryimage"},"thumbnailUrl":"https:\/\/www.univ-guyane.fr\/wp-content\/uploads\/vicky-lyfoung-autrice-de-la-bande-dessinee-hmong-universite-de-guyane.jpeg","articleSection":["\u2022 Biblioth\u00e8que"],"inLanguage":"pt-BR"},{"@type":"WebPage","@id":"https:\/\/www.univ-guyane.fr\/2023\/04\/25\/conferences-rencontres-et-dedicaces-autour-du-livre-hmong-de-vicky-lyfoung\/","url":"https:\/\/www.univ-guyane.fr\/2023\/04\/25\/conferences-rencontres-et-dedicaces-autour-du-livre-hmong-de-vicky-lyfoung\/","name":"Conf\u00e9rences, rencontres et d\u00e9dicaces autour du livre Hmong de Vicky Lyfoung &#8212; Universit\u00e9 de Guyane","isPartOf":{"@id":"https:\/\/www.univ-guyane.fr\/#website"},"primaryImageOfPage":{"@id":"https:\/\/www.univ-guyane.fr\/2023\/04\/25\/conferences-rencontres-et-dedicaces-autour-du-livre-hmong-de-vicky-lyfoung\/#primaryimage"},"image":{"@id":"https:\/\/www.univ-guyane.fr\/2023\/04\/25\/conferences-rencontres-et-dedicaces-autour-du-livre-hmong-de-vicky-lyfoung\/#primaryimage"},"thumbnailUrl":"https:\/\/www.univ-guyane.fr\/wp-content\/uploads\/vicky-lyfoung-autrice-de-la-bande-dessinee-hmong-universite-de-guyane.jpeg","datePublished":"2023-04-25T12:16:45+00:00","dateModified":"2024-06-18T12:21:30+00:00","description":"D\u00e9couvrez l'histoire m\u00e9connue des Hmongs, un peuple opprim\u00e9 d'Asie, \u00e0 travers ce documentaire passionnant de Vicky Lyfoung.","breadcrumb":{"@id":"https:\/\/www.univ-guyane.fr\/2023\/04\/25\/conferences-rencontres-et-dedicaces-autour-du-livre-hmong-de-vicky-lyfoung\/#breadcrumb"},"inLanguage":"pt-BR","potentialAction":[{"@type":"ReadAction","target":["https:\/\/www.univ-guyane.fr\/2023\/04\/25\/conferences-rencontres-et-dedicaces-autour-du-livre-hmong-de-vicky-lyfoung\/"]}]},{"@type":"ImageObject","inLanguage":"pt-BR","@id":"https:\/\/www.univ-guyane.fr\/2023\/04\/25\/conferences-rencontres-et-dedicaces-autour-du-livre-hmong-de-vicky-lyfoung\/#primaryimage","url":"https:\/\/www.univ-guyane.fr\/wp-content\/uploads\/vicky-lyfoung-autrice-de-la-bande-dessinee-hmong-universite-de-guyane.jpeg","contentUrl":"https:\/\/www.univ-guyane.fr\/wp-content\/uploads\/vicky-lyfoung-autrice-de-la-bande-dessinee-hmong-universite-de-guyane.jpeg","width":1800,"height":1013,"caption":"Conf\u00e9rences, rencontres et d\u00e9dicaces autour du livre Hmong de Vicky Lyfoung"},{"@type":"BreadcrumbList","@id":"https:\/\/www.univ-guyane.fr\/2023\/04\/25\/conferences-rencontres-et-dedicaces-autour-du-livre-hmong-de-vicky-lyfoung\/#breadcrumb","itemListElement":[{"@type":"ListItem","position":1,"name":"Accueil","item":"https:\/\/www.univ-guyane.fr\/"},{"@type":"ListItem","position":2,"name":"Conf\u00e9rences, rencontres et d\u00e9dicaces autour du livre Hmong de Vicky Lyfoung"}]},{"@type":"WebSite","@id":"https:\/\/www.univ-guyane.fr\/#website","url":"https:\/\/www.univ-guyane.fr\/","name":"Universidade da Guiana","description":"No cora\u00e7\u00e3o da Amaz\u00f4nia","publisher":{"@id":"https:\/\/www.univ-guyane.fr\/#organization"},"alternateName":"UG","potentialAction":[{"@type":"SearchAction","target":{"@type":"EntryPoint","urlTemplate":"https:\/\/www.univ-guyane.fr\/?s={search_term_string}"},"query-input":{"@type":"PropertyValueSpecification","valueRequired":true,"valueName":"search_term_string"}}],"inLanguage":"pt-BR"},{"@type":"Organization","@id":"https:\/\/www.univ-guyane.fr\/#organization","name":"Universidade da Guiana","alternateName":"UG","url":"https:\/\/www.univ-guyane.fr\/","logo":{"@type":"ImageObject","inLanguage":"pt-BR","@id":"https:\/\/www.univ-guyane.fr\/#\/schema\/logo\/image\/","url":"https:\/\/www.univ-guyane.fr\/wp-content\/uploads\/2024\/05\/f.png","contentUrl":"https:\/\/www.univ-guyane.fr\/wp-content\/uploads\/2024\/05\/f.png","width":1024,"height":1024,"caption":"Universit\u00e9 de Guyane"},"image":{"@id":"https:\/\/www.univ-guyane.fr\/#\/schema\/logo\/image\/"},"sameAs":["https:\/\/www.facebook.com\/univguyane","https:\/\/x.com\/univguyane","https:\/\/gf.linkedin.com\/school\/universite-de-guyane\/","https:\/\/www.instagram.com\/univ_guyane\/"]},{"@type":"Person","@id":"https:\/\/www.univ-guyane.fr\/#\/schema\/person\/86d946a28a8be51bb096ccfdf19db179","name":"Erick Loiti\u00e8re","image":{"@type":"ImageObject","inLanguage":"pt-BR","@id":"https:\/\/secure.gravatar.com\/avatar\/0584f332103fbeaf37e52c73b15dca3c547fd9300deb05764e9ad8714839d072?s=96&d=robohash&r=g","url":"https:\/\/secure.gravatar.com\/avatar\/0584f332103fbeaf37e52c73b15dca3c547fd9300deb05764e9ad8714839d072?s=96&d=robohash&r=g","contentUrl":"https:\/\/secure.gravatar.com\/avatar\/0584f332103fbeaf37e52c73b15dca3c547fd9300deb05764e9ad8714839d072?s=96&d=robohash&r=g","caption":"Erick Loiti\u00e8re"},"sameAs":["http:\/\/www.univ-guyane.fr"],"url":"https:\/\/www.univ-guyane.fr\/pt\/author\/eloitierdbz\/"}]}},"_links":{"self":[{"href":"https:\/\/www.univ-guyane.fr\/pt\/wp-json\/wp\/v2\/posts\/8546","targetHints":{"allow":["GET"]}}],"collection":[{"href":"https:\/\/www.univ-guyane.fr\/pt\/wp-json\/wp\/v2\/posts"}],"about":[{"href":"https:\/\/www.univ-guyane.fr\/pt\/wp-json\/wp\/v2\/types\/post"}],"author":[{"embeddable":true,"href":"https:\/\/www.univ-guyane.fr\/pt\/wp-json\/wp\/v2\/users\/1"}],"replies":[{"embeddable":true,"href":"https:\/\/www.univ-guyane.fr\/pt\/wp-json\/wp\/v2\/comments?post=8546"}],"version-history":[{"count":1,"href":"https:\/\/www.univ-guyane.fr\/pt\/wp-json\/wp\/v2\/posts\/8546\/revisions"}],"predecessor-version":[{"id":8548,"href":"https:\/\/www.univ-guyane.fr\/pt\/wp-json\/wp\/v2\/posts\/8546\/revisions\/8548"}],"wp:featuredmedia":[{"embeddable":true,"href":"https:\/\/www.univ-guyane.fr\/pt\/wp-json\/wp\/v2\/media\/8547"}],"wp:attachment":[{"href":"https:\/\/www.univ-guyane.fr\/pt\/wp-json\/wp\/v2\/media?parent=8546"}],"wp:term":[{"taxonomy":"category","embeddable":true,"href":"https:\/\/www.univ-guyane.fr\/pt\/wp-json\/wp\/v2\/categories?post=8546"},{"taxonomy":"post_tag","embeddable":true,"href":"https:\/\/www.univ-guyane.fr\/pt\/wp-json\/wp\/v2\/tags?post=8546"}],"curies":[{"name":"wp","href":"https:\/\/api.w.org\/{rel}","templated":true}]}}