{"id":8549,"date":"2023-04-25T09:21:55","date_gmt":"2023-04-25T12:21:55","guid":{"rendered":"https:\/\/www.univ-guyane.fr\/?p=8549"},"modified":"2024-06-18T09:26:09","modified_gmt":"2024-06-18T12:26:09","slug":"le-maroni-frontiere-ou-pays","status":"publish","type":"post","link":"https:\/\/www.univ-guyane.fr\/pt\/2023\/04\/25\/le-maroni-frontiere-ou-pays\/","title":{"rendered":"O Maroni, fronteira ou pa\u00eds?"},"content":{"rendered":"<div id=\"fws_69f377c8a2378\"  data-column-margin=\"default\" data-midnight=\"dark\"  class=\"wpb_row vc_row-fluid vc_row\"  style=\"padding-top: 0px; padding-bottom: 0px; \"><div class=\"row-bg-wrap\" data-bg-animation=\"none\" data-bg-animation-delay=\"\" data-bg-overlay=\"false\"><div class=\"inner-wrap row-bg-layer\" ><div class=\"row-bg viewport-desktop\"  style=\"\"><\/div><\/div><\/div><div class=\"row_col_wrap_12 col span_12 dark left\">\n\t<div  class=\"vc_col-sm-12 wpb_column column_container vc_column_container col no-extra-padding inherit_tablet inherit_phone\"  data-padding-pos=\"all\" data-has-bg-color=\"false\" data-bg-color=\"\" data-bg-opacity=\"1\" data-animation=\"\" data-delay=\"0\" >\n\t\t<div class=\"vc_column-inner\" >\n\t\t\t<div class=\"wpb_wrapper\">\n\t\t\t\t\n<div class=\"wpb_text_column wpb_content_element  chapo\" >\n\t<h2>Como parte do semin\u00e1rio \"Fronteiras, Circula\u00e7\u00f5es, Interculturalidades e Intera\u00e7\u00f5es Homem-Meio\", o LSH DFR, em colabora\u00e7\u00e3o com os laborat\u00f3rios LEEISA e MINEA, est\u00e1 organizando uma confer\u00eancia intitulada \"O Maroni, fronteira ou pa\u00eds: circula\u00e7\u00f5es, transgress\u00f5es e acomoda\u00e7\u00f5es das popula\u00e7\u00f5es do rio entre a Guiana Francesa e o Suriname (do s\u00e9culo XIX at\u00e9 os dias de hoje)\".<\/h2>\n<\/div>\n\n\n\n\n<div class=\"wpb_text_column wpb_content_element\" >\n\t<div class=\"post-area col span_9\" role=\"main\">\n<article id=\"post-12481\" class=\"post-12481 post type-post status-publish format-standard has-post-thumbnail category-news-leeisa category-news-minea\">\n<div class=\"inner-wrap\">\n<div class=\"post-content\" data-hide-featured-media=\"0\">\n<div class=\"content-inner\">\n<div id=\"fws_64b96a6fd9cfc\" class=\"wpb_row vc_row-fluid vc_row\" data-column-margin=\"default\" data-midnight=\"dark\">\n<div class=\"row_col_wrap_12 col span_12 dark left\">\n<div class=\"vc_col-sm-12 wpb_column column_container vc_column_container col no-extra-padding inherit_tablet inherit_phone\" data-padding-pos=\"all\" data-has-bg-color=\"false\" data-bg-color=\"\" data-bg-opacity=\"1\" data-animation=\"\" data-delay=\"0\">\n<div class=\"vc_column-inner\">\n<div class=\"wpb_wrapper\">\n<div class=\"wpb_text_column wpb_content_element\">\n<div class=\"wpb_wrapper\">\n<div id=\"lipsum\">\n<p><strong>Ele ser\u00e1 apresentado por Tristan Bellardie, professor de hist\u00f3ria da Universidade da Guiana, na sexta-feira, 12 de maio, das 18h \u00e0s 20h, na sala F 108.<\/strong><\/p>\n<p><span class=\"nectar-dropcap\" >E <\/span>m mar\u00e7o de 2019, um n\u00famero crescente de incidentes entre as autoridades francesas e surinamesas em Maroni reacendeu uma disputa de fronteira que data de mais de um s\u00e9culo e meio. Em um cen\u00e1rio de controle sobre atividades ilegais de garimpo de ouro em territ\u00f3rio franc\u00eas, os respectivos servi\u00e7os diplom\u00e1ticos est\u00e3o reivindicando direitos que ainda s\u00e3o muito vagos, herdados de uma pol\u00edtica colonial inacabada. Por tr\u00e1s da batalha pela soberania, o Maroni revela um espa\u00e7o multifacetado, onde a fronteira se funde com territ\u00f3rios e pr\u00e1ticas que a cruzam e transgridem. Essa linha, produto da imagina\u00e7\u00e3o colonial, tem de lidar com popula\u00e7\u00f5es e atividades que se deslocam por territ\u00f3rios que se estendem de uma margem \u00e0 outra: Bushinenge ou pa\u00edses amer\u00edndios, regi\u00f5es de minera\u00e7\u00e3o de ouro etc. Desde o final do s\u00e9culo XVIII, essas m\u00faltiplas linhas divis\u00f3rias definiram o que \u00e9 permitido e o que \u00e9 proibido, e foram criados equil\u00edbrios a montante e a jusante.<\/p>\n<p>\u00c0 medida que a fronteira foi gradualmente se sobrepondo, esses saldos tamb\u00e9m se deslocaram de um banco para o outro, conforme os eventos hist\u00f3ricos ditavam. O ouro \u00e9 um exemplo particularmente bom de como esses movimentos transfronteiri\u00e7os foram adaptados: os saqueadores de ontem na margem direita francesa, <em>garimpeiros<\/em>na margem esquerda do Suriname, cada um olhando com cobi\u00e7a para as riquezas de ouro do lado oposto.<\/p>\n<p>A realidade da fronteira \u00e9 dif\u00edcil de ser estabelecida na vida cotidiana do rio e de suas popula\u00e7\u00f5es.  A reivindica\u00e7\u00e3o de soberania da Fran\u00e7a sobre o Maroni sempre ficou para tr\u00e1s, depois que o territ\u00f3rio foi assumido em total autonomia pelos povos que de fato o habitavam, fossem eles amer\u00edndios, bushinenes ou crioulos. At\u00e9 a integra\u00e7\u00e3o final do interior do Territ\u00f3rio Inini em 1969, o Estado estava atrasado em rela\u00e7\u00e3o ao povo, e a lei veio depois dos costumes. Dessa forma, as popula\u00e7\u00f5es locais constru\u00edram espa\u00e7os que muitas vezes resistiam \u00e0s autoridades, dos quais a fronteira parecia ser apenas um avatar.<\/p>\n<p>O objetivo deste artigo \u00e9 examinar os motivos dessas v\u00e1rias transgress\u00f5es, como elas persistiram e como evolu\u00edram desde o final do s\u00e9culo XIX.<\/p>\n<\/div>\n<\/div>\n<\/div>\n<div class=\"wpb_text_column wpb_content_element vc_custom_1682425107729\">\n<div class=\"wpb_wrapper\">\n<h3>Algumas palavras sobre o palestrante<\/h3>\n<p>Tristan Bellardie, professor de hist\u00f3ria da Universidade da Guiana e pesquisador associado do MINEA, \u00e9 especialista na hist\u00f3ria dos Maroni e de seu povo. Ele trabalha na \u00e1rea desde 1993 e vive em Maripasoula, no cora\u00e7\u00e3o de Haut-Maroni.<\/p>\n<p>Seu trabalho concentrou-se nas rela\u00e7\u00f5es entre a col\u00f4nia da Guiana Francesa e as diversas popula\u00e7\u00f5es, na constru\u00e7\u00e3o de espa\u00e7os e intera\u00e7\u00f5es no rio entre os s\u00e9culos XVII e XX (per\u00edodo de contato, escravid\u00e3o, ciclo do ouro).<\/p>\n<\/div>\n<\/div>\n<\/div>\n<\/div>\n<\/div>\n<\/div>\n<\/div>\n<\/div>\n<\/div>\n<\/div>\n<\/article>\n<\/div>\n<div id=\"sidebar\" class=\"col span_3 col_last\" data-nectar-ss=\"1\">\n<div class=\"n-sticky theiaStickySidebar\">\n<div id=\"nectar_popular_posts-4\" class=\"widget nectar_popular_posts_widget\">\n<ul class=\"nectar_blog_posts_popular nectar_widget\" data-style=\"hover-featured-image\">\n<li class=\"has-img\" data-views=\"3260\"><\/li>\n<\/ul>\n<\/div>\n<\/div>\n<\/div>\n<\/div>\n\n\n\n\n\t\t\t<\/div> \n\t\t<\/div>\n\t<\/div> \n<\/div><\/div>","protected":false},"excerpt":{"rendered":"Como parte do semin\u00e1rio \"Fronteiras, movimento, interculturalidade e intera\u00e7\u00e3o humano-ambiente\", o DFR est\u00e1...","protected":false},"author":1,"featured_media":8550,"comment_status":"closed","ping_status":"open","sticky":false,"template":"","format":"standard","meta":{"iawp_total_views":88,"footnotes":""},"categories":[192,187],"tags":[],"class_list":{"0":"post-8549","1":"post","2":"type-post","3":"status-publish","4":"format-standard","5":"has-post-thumbnail","7":"category-leeisa","8":"category-minea"},"yoast_head":"<!-- This site is optimized with the Yoast SEO plugin v27.5 - https:\/\/yoast.com\/product\/yoast-seo-wordpress\/ -->\n<title>Le Maroni, fronti\u00e8re ou pays ? &#8212; Universit\u00e9 de Guyane<\/title>\n<meta name=\"description\" content=\"D\u00e9couvrez l&#039;histoire contest\u00e9e de la fronti\u00e8re sur le Maroni entre la France et le Suriname. Un espace complexe aux multiples facettes.\" \/>\n<meta name=\"robots\" content=\"index, follow, max-snippet:-1, max-image-preview:large, max-video-preview:-1\" \/>\n<link rel=\"canonical\" href=\"https:\/\/www.univ-guyane.fr\/pt\/2023\/04\/25\/le-maroni-frontiere-ou-pays\/\" \/>\n<meta property=\"og:locale\" content=\"pt_BR\" \/>\n<meta property=\"og:type\" content=\"article\" \/>\n<meta property=\"og:title\" content=\"Le Maroni, fronti\u00e8re ou pays ? &#8212; Universit\u00e9 de Guyane\" \/>\n<meta property=\"og:description\" content=\"D\u00e9couvrez l&#039;histoire contest\u00e9e de la fronti\u00e8re sur le Maroni entre la France et le Suriname. Un espace complexe aux multiples facettes.\" \/>\n<meta property=\"og:url\" content=\"https:\/\/www.univ-guyane.fr\/pt\/2023\/04\/25\/le-maroni-frontiere-ou-pays\/\" \/>\n<meta property=\"og:site_name\" content=\"Universit\u00e9 de Guyane\" \/>\n<meta property=\"article:publisher\" content=\"https:\/\/www.facebook.com\/univguyane\" \/>\n<meta property=\"article:published_time\" content=\"2023-04-25T12:21:55+00:00\" \/>\n<meta property=\"article:modified_time\" content=\"2024-06-18T12:26:09+00:00\" \/>\n<meta property=\"og:image\" content=\"https:\/\/www.univ-guyane.fr\/wp-content\/uploads\/conference-le-maroni-frontiere-ou-pays-unversite-de-guyane.jpeg\" \/>\n\t<meta property=\"og:image:width\" content=\"1800\" \/>\n\t<meta property=\"og:image:height\" content=\"1013\" \/>\n\t<meta property=\"og:image:type\" content=\"image\/jpeg\" \/>\n<meta name=\"author\" content=\"Erick Loiti\u00e8re\" \/>\n<meta name=\"twitter:card\" content=\"summary_large_image\" \/>\n<meta name=\"twitter:creator\" content=\"@univguyane\" \/>\n<meta name=\"twitter:site\" content=\"@univguyane\" \/>\n<meta name=\"twitter:label1\" content=\"Escrito por\" \/>\n\t<meta name=\"twitter:data1\" content=\"Erick Loiti\u00e8re\" \/>\n\t<meta name=\"twitter:label2\" content=\"Est. tempo de leitura\" \/>\n\t<meta name=\"twitter:data2\" content=\"3 minutos\" \/>\n<script type=\"application\/ld+json\" class=\"yoast-schema-graph\">{\"@context\":\"https:\\\/\\\/schema.org\",\"@graph\":[{\"@type\":\"Article\",\"@id\":\"https:\\\/\\\/www.univ-guyane.fr\\\/2023\\\/04\\\/25\\\/le-maroni-frontiere-ou-pays\\\/#article\",\"isPartOf\":{\"@id\":\"https:\\\/\\\/www.univ-guyane.fr\\\/2023\\\/04\\\/25\\\/le-maroni-frontiere-ou-pays\\\/\"},\"author\":{\"name\":\"Erick Loiti\u00e8re\",\"@id\":\"https:\\\/\\\/www.univ-guyane.fr\\\/#\\\/schema\\\/person\\\/86d946a28a8be51bb096ccfdf19db179\"},\"headline\":\"Le Maroni, fronti\u00e8re ou pays ?\",\"datePublished\":\"2023-04-25T12:21:55+00:00\",\"dateModified\":\"2024-06-18T12:26:09+00:00\",\"mainEntityOfPage\":{\"@id\":\"https:\\\/\\\/www.univ-guyane.fr\\\/2023\\\/04\\\/25\\\/le-maroni-frontiere-ou-pays\\\/\"},\"wordCount\":753,\"publisher\":{\"@id\":\"https:\\\/\\\/www.univ-guyane.fr\\\/#organization\"},\"image\":{\"@id\":\"https:\\\/\\\/www.univ-guyane.fr\\\/2023\\\/04\\\/25\\\/le-maroni-frontiere-ou-pays\\\/#primaryimage\"},\"thumbnailUrl\":\"https:\\\/\\\/www.univ-guyane.fr\\\/wp-content\\\/uploads\\\/conference-le-maroni-frontiere-ou-pays-unversite-de-guyane.jpeg\",\"articleSection\":[\"\u2022 LEEISA\",\"\u2022\u00a0MINEA\"],\"inLanguage\":\"pt-BR\"},{\"@type\":\"WebPage\",\"@id\":\"https:\\\/\\\/www.univ-guyane.fr\\\/2023\\\/04\\\/25\\\/le-maroni-frontiere-ou-pays\\\/\",\"url\":\"https:\\\/\\\/www.univ-guyane.fr\\\/2023\\\/04\\\/25\\\/le-maroni-frontiere-ou-pays\\\/\",\"name\":\"Le Maroni, fronti\u00e8re ou pays ? &#8212; Universit\u00e9 de Guyane\",\"isPartOf\":{\"@id\":\"https:\\\/\\\/www.univ-guyane.fr\\\/#website\"},\"primaryImageOfPage\":{\"@id\":\"https:\\\/\\\/www.univ-guyane.fr\\\/2023\\\/04\\\/25\\\/le-maroni-frontiere-ou-pays\\\/#primaryimage\"},\"image\":{\"@id\":\"https:\\\/\\\/www.univ-guyane.fr\\\/2023\\\/04\\\/25\\\/le-maroni-frontiere-ou-pays\\\/#primaryimage\"},\"thumbnailUrl\":\"https:\\\/\\\/www.univ-guyane.fr\\\/wp-content\\\/uploads\\\/conference-le-maroni-frontiere-ou-pays-unversite-de-guyane.jpeg\",\"datePublished\":\"2023-04-25T12:21:55+00:00\",\"dateModified\":\"2024-06-18T12:26:09+00:00\",\"description\":\"D\u00e9couvrez l'histoire contest\u00e9e de la fronti\u00e8re sur le Maroni entre la France et le Suriname. Un espace complexe aux multiples facettes.\",\"breadcrumb\":{\"@id\":\"https:\\\/\\\/www.univ-guyane.fr\\\/2023\\\/04\\\/25\\\/le-maroni-frontiere-ou-pays\\\/#breadcrumb\"},\"inLanguage\":\"pt-BR\",\"potentialAction\":[{\"@type\":\"ReadAction\",\"target\":[\"https:\\\/\\\/www.univ-guyane.fr\\\/2023\\\/04\\\/25\\\/le-maroni-frontiere-ou-pays\\\/\"]}]},{\"@type\":\"ImageObject\",\"inLanguage\":\"pt-BR\",\"@id\":\"https:\\\/\\\/www.univ-guyane.fr\\\/2023\\\/04\\\/25\\\/le-maroni-frontiere-ou-pays\\\/#primaryimage\",\"url\":\"https:\\\/\\\/www.univ-guyane.fr\\\/wp-content\\\/uploads\\\/conference-le-maroni-frontiere-ou-pays-unversite-de-guyane.jpeg\",\"contentUrl\":\"https:\\\/\\\/www.univ-guyane.fr\\\/wp-content\\\/uploads\\\/conference-le-maroni-frontiere-ou-pays-unversite-de-guyane.jpeg\",\"width\":1800,\"height\":1013,\"caption\":\"Le Maroni, fronti\u00e8re ou pays ?\"},{\"@type\":\"BreadcrumbList\",\"@id\":\"https:\\\/\\\/www.univ-guyane.fr\\\/2023\\\/04\\\/25\\\/le-maroni-frontiere-ou-pays\\\/#breadcrumb\",\"itemListElement\":[{\"@type\":\"ListItem\",\"position\":1,\"name\":\"Accueil\",\"item\":\"https:\\\/\\\/www.univ-guyane.fr\\\/\"},{\"@type\":\"ListItem\",\"position\":2,\"name\":\"Le Maroni, fronti\u00e8re ou pays ?\"}]},{\"@type\":\"WebSite\",\"@id\":\"https:\\\/\\\/www.univ-guyane.fr\\\/#website\",\"url\":\"https:\\\/\\\/www.univ-guyane.fr\\\/\",\"name\":\"Universit\u00e9 de Guyane\",\"description\":\"Au c\u0153ur de l&#039;amazonie\",\"publisher\":{\"@id\":\"https:\\\/\\\/www.univ-guyane.fr\\\/#organization\"},\"alternateName\":\"UG\",\"potentialAction\":[{\"@type\":\"SearchAction\",\"target\":{\"@type\":\"EntryPoint\",\"urlTemplate\":\"https:\\\/\\\/www.univ-guyane.fr\\\/?s={search_term_string}\"},\"query-input\":{\"@type\":\"PropertyValueSpecification\",\"valueRequired\":true,\"valueName\":\"search_term_string\"}}],\"inLanguage\":\"pt-BR\"},{\"@type\":\"Organization\",\"@id\":\"https:\\\/\\\/www.univ-guyane.fr\\\/#organization\",\"name\":\"Universit\u00e9 de Guyane\",\"alternateName\":\"UG\",\"url\":\"https:\\\/\\\/www.univ-guyane.fr\\\/\",\"logo\":{\"@type\":\"ImageObject\",\"inLanguage\":\"pt-BR\",\"@id\":\"https:\\\/\\\/www.univ-guyane.fr\\\/#\\\/schema\\\/logo\\\/image\\\/\",\"url\":\"https:\\\/\\\/www.univ-guyane.fr\\\/wp-content\\\/uploads\\\/2024\\\/05\\\/f.png\",\"contentUrl\":\"https:\\\/\\\/www.univ-guyane.fr\\\/wp-content\\\/uploads\\\/2024\\\/05\\\/f.png\",\"width\":1024,\"height\":1024,\"caption\":\"Universit\u00e9 de Guyane\"},\"image\":{\"@id\":\"https:\\\/\\\/www.univ-guyane.fr\\\/#\\\/schema\\\/logo\\\/image\\\/\"},\"sameAs\":[\"https:\\\/\\\/www.facebook.com\\\/univguyane\",\"https:\\\/\\\/x.com\\\/univguyane\",\"https:\\\/\\\/gf.linkedin.com\\\/school\\\/universite-de-guyane\\\/\",\"https:\\\/\\\/www.instagram.com\\\/univ_guyane\\\/\"]},{\"@type\":\"Person\",\"@id\":\"https:\\\/\\\/www.univ-guyane.fr\\\/#\\\/schema\\\/person\\\/86d946a28a8be51bb096ccfdf19db179\",\"name\":\"Erick Loiti\u00e8re\",\"image\":{\"@type\":\"ImageObject\",\"inLanguage\":\"pt-BR\",\"@id\":\"https:\\\/\\\/secure.gravatar.com\\\/avatar\\\/0584f332103fbeaf37e52c73b15dca3c547fd9300deb05764e9ad8714839d072?s=96&d=robohash&r=g\",\"url\":\"https:\\\/\\\/secure.gravatar.com\\\/avatar\\\/0584f332103fbeaf37e52c73b15dca3c547fd9300deb05764e9ad8714839d072?s=96&d=robohash&r=g\",\"contentUrl\":\"https:\\\/\\\/secure.gravatar.com\\\/avatar\\\/0584f332103fbeaf37e52c73b15dca3c547fd9300deb05764e9ad8714839d072?s=96&d=robohash&r=g\",\"caption\":\"Erick Loiti\u00e8re\"},\"sameAs\":[\"http:\\\/\\\/www.univ-guyane.fr\"],\"url\":\"https:\\\/\\\/www.univ-guyane.fr\\\/pt\\\/author\\\/eloitierdbz\\\/\"}]}<\/script>\n<!-- \/ Yoast SEO plugin. -->","yoast_head_json":{"title":"O Maroni, fronteira ou pa\u00eds? - Universidade da Guiana","description":"Descubra a hist\u00f3ria contestada da fronteira do Maroni entre a Fran\u00e7a e o Suriname. Uma \u00e1rea complexa e multifacetada.","robots":{"index":"index","follow":"follow","max-snippet":"max-snippet:-1","max-image-preview":"max-image-preview:large","max-video-preview":"max-video-preview:-1"},"canonical":"https:\/\/www.univ-guyane.fr\/pt\/2023\/04\/25\/le-maroni-frontiere-ou-pays\/","og_locale":"pt_BR","og_type":"article","og_title":"Le Maroni, fronti\u00e8re ou pays ? &#8212; Universit\u00e9 de Guyane","og_description":"D\u00e9couvrez l'histoire contest\u00e9e de la fronti\u00e8re sur le Maroni entre la France et le Suriname. Un espace complexe aux multiples facettes.","og_url":"https:\/\/www.univ-guyane.fr\/pt\/2023\/04\/25\/le-maroni-frontiere-ou-pays\/","og_site_name":"Universit\u00e9 de Guyane","article_publisher":"https:\/\/www.facebook.com\/univguyane","article_published_time":"2023-04-25T12:21:55+00:00","article_modified_time":"2024-06-18T12:26:09+00:00","og_image":[{"width":1800,"height":1013,"url":"https:\/\/www.univ-guyane.fr\/wp-content\/uploads\/conference-le-maroni-frontiere-ou-pays-unversite-de-guyane.jpeg","type":"image\/jpeg"}],"author":"Erick Loiti\u00e8re","twitter_card":"summary_large_image","twitter_creator":"@univguyane","twitter_site":"@univguyane","twitter_misc":{"Escrito por":"Erick Loiti\u00e8re","Est. tempo de leitura":"3 minutos"},"schema":{"@context":"https:\/\/schema.org","@graph":[{"@type":"Article","@id":"https:\/\/www.univ-guyane.fr\/2023\/04\/25\/le-maroni-frontiere-ou-pays\/#article","isPartOf":{"@id":"https:\/\/www.univ-guyane.fr\/2023\/04\/25\/le-maroni-frontiere-ou-pays\/"},"author":{"name":"Erick Loiti\u00e8re","@id":"https:\/\/www.univ-guyane.fr\/#\/schema\/person\/86d946a28a8be51bb096ccfdf19db179"},"headline":"Le Maroni, fronti\u00e8re ou pays ?","datePublished":"2023-04-25T12:21:55+00:00","dateModified":"2024-06-18T12:26:09+00:00","mainEntityOfPage":{"@id":"https:\/\/www.univ-guyane.fr\/2023\/04\/25\/le-maroni-frontiere-ou-pays\/"},"wordCount":753,"publisher":{"@id":"https:\/\/www.univ-guyane.fr\/#organization"},"image":{"@id":"https:\/\/www.univ-guyane.fr\/2023\/04\/25\/le-maroni-frontiere-ou-pays\/#primaryimage"},"thumbnailUrl":"https:\/\/www.univ-guyane.fr\/wp-content\/uploads\/conference-le-maroni-frontiere-ou-pays-unversite-de-guyane.jpeg","articleSection":["\u2022 LEEISA","\u2022\u00a0MINEA"],"inLanguage":"pt-BR"},{"@type":"WebPage","@id":"https:\/\/www.univ-guyane.fr\/2023\/04\/25\/le-maroni-frontiere-ou-pays\/","url":"https:\/\/www.univ-guyane.fr\/2023\/04\/25\/le-maroni-frontiere-ou-pays\/","name":"O Maroni, fronteira ou pa\u00eds? - Universidade da Guiana","isPartOf":{"@id":"https:\/\/www.univ-guyane.fr\/#website"},"primaryImageOfPage":{"@id":"https:\/\/www.univ-guyane.fr\/2023\/04\/25\/le-maroni-frontiere-ou-pays\/#primaryimage"},"image":{"@id":"https:\/\/www.univ-guyane.fr\/2023\/04\/25\/le-maroni-frontiere-ou-pays\/#primaryimage"},"thumbnailUrl":"https:\/\/www.univ-guyane.fr\/wp-content\/uploads\/conference-le-maroni-frontiere-ou-pays-unversite-de-guyane.jpeg","datePublished":"2023-04-25T12:21:55+00:00","dateModified":"2024-06-18T12:26:09+00:00","description":"Descubra a hist\u00f3ria contestada da fronteira do Maroni entre a Fran\u00e7a e o Suriname. Uma \u00e1rea complexa e multifacetada.","breadcrumb":{"@id":"https:\/\/www.univ-guyane.fr\/2023\/04\/25\/le-maroni-frontiere-ou-pays\/#breadcrumb"},"inLanguage":"pt-BR","potentialAction":[{"@type":"ReadAction","target":["https:\/\/www.univ-guyane.fr\/2023\/04\/25\/le-maroni-frontiere-ou-pays\/"]}]},{"@type":"ImageObject","inLanguage":"pt-BR","@id":"https:\/\/www.univ-guyane.fr\/2023\/04\/25\/le-maroni-frontiere-ou-pays\/#primaryimage","url":"https:\/\/www.univ-guyane.fr\/wp-content\/uploads\/conference-le-maroni-frontiere-ou-pays-unversite-de-guyane.jpeg","contentUrl":"https:\/\/www.univ-guyane.fr\/wp-content\/uploads\/conference-le-maroni-frontiere-ou-pays-unversite-de-guyane.jpeg","width":1800,"height":1013,"caption":"Le Maroni, fronti\u00e8re ou pays ?"},{"@type":"BreadcrumbList","@id":"https:\/\/www.univ-guyane.fr\/2023\/04\/25\/le-maroni-frontiere-ou-pays\/#breadcrumb","itemListElement":[{"@type":"ListItem","position":1,"name":"Accueil","item":"https:\/\/www.univ-guyane.fr\/"},{"@type":"ListItem","position":2,"name":"Le Maroni, fronti\u00e8re ou pays ?"}]},{"@type":"WebSite","@id":"https:\/\/www.univ-guyane.fr\/#website","url":"https:\/\/www.univ-guyane.fr\/","name":"Universidade da Guiana","description":"No cora\u00e7\u00e3o da Amaz\u00f4nia","publisher":{"@id":"https:\/\/www.univ-guyane.fr\/#organization"},"alternateName":"UG","potentialAction":[{"@type":"SearchAction","target":{"@type":"EntryPoint","urlTemplate":"https:\/\/www.univ-guyane.fr\/?s={search_term_string}"},"query-input":{"@type":"PropertyValueSpecification","valueRequired":true,"valueName":"search_term_string"}}],"inLanguage":"pt-BR"},{"@type":"Organization","@id":"https:\/\/www.univ-guyane.fr\/#organization","name":"Universidade da Guiana","alternateName":"UG","url":"https:\/\/www.univ-guyane.fr\/","logo":{"@type":"ImageObject","inLanguage":"pt-BR","@id":"https:\/\/www.univ-guyane.fr\/#\/schema\/logo\/image\/","url":"https:\/\/www.univ-guyane.fr\/wp-content\/uploads\/2024\/05\/f.png","contentUrl":"https:\/\/www.univ-guyane.fr\/wp-content\/uploads\/2024\/05\/f.png","width":1024,"height":1024,"caption":"Universit\u00e9 de Guyane"},"image":{"@id":"https:\/\/www.univ-guyane.fr\/#\/schema\/logo\/image\/"},"sameAs":["https:\/\/www.facebook.com\/univguyane","https:\/\/x.com\/univguyane","https:\/\/gf.linkedin.com\/school\/universite-de-guyane\/","https:\/\/www.instagram.com\/univ_guyane\/"]},{"@type":"Person","@id":"https:\/\/www.univ-guyane.fr\/#\/schema\/person\/86d946a28a8be51bb096ccfdf19db179","name":"Erick Loiti\u00e8re","image":{"@type":"ImageObject","inLanguage":"pt-BR","@id":"https:\/\/secure.gravatar.com\/avatar\/0584f332103fbeaf37e52c73b15dca3c547fd9300deb05764e9ad8714839d072?s=96&d=robohash&r=g","url":"https:\/\/secure.gravatar.com\/avatar\/0584f332103fbeaf37e52c73b15dca3c547fd9300deb05764e9ad8714839d072?s=96&d=robohash&r=g","contentUrl":"https:\/\/secure.gravatar.com\/avatar\/0584f332103fbeaf37e52c73b15dca3c547fd9300deb05764e9ad8714839d072?s=96&d=robohash&r=g","caption":"Erick Loiti\u00e8re"},"sameAs":["http:\/\/www.univ-guyane.fr"],"url":"https:\/\/www.univ-guyane.fr\/pt\/author\/eloitierdbz\/"}]}},"_links":{"self":[{"href":"https:\/\/www.univ-guyane.fr\/pt\/wp-json\/wp\/v2\/posts\/8549","targetHints":{"allow":["GET"]}}],"collection":[{"href":"https:\/\/www.univ-guyane.fr\/pt\/wp-json\/wp\/v2\/posts"}],"about":[{"href":"https:\/\/www.univ-guyane.fr\/pt\/wp-json\/wp\/v2\/types\/post"}],"author":[{"embeddable":true,"href":"https:\/\/www.univ-guyane.fr\/pt\/wp-json\/wp\/v2\/users\/1"}],"replies":[{"embeddable":true,"href":"https:\/\/www.univ-guyane.fr\/pt\/wp-json\/wp\/v2\/comments?post=8549"}],"version-history":[{"count":2,"href":"https:\/\/www.univ-guyane.fr\/pt\/wp-json\/wp\/v2\/posts\/8549\/revisions"}],"predecessor-version":[{"id":8552,"href":"https:\/\/www.univ-guyane.fr\/pt\/wp-json\/wp\/v2\/posts\/8549\/revisions\/8552"}],"wp:featuredmedia":[{"embeddable":true,"href":"https:\/\/www.univ-guyane.fr\/pt\/wp-json\/wp\/v2\/media\/8550"}],"wp:attachment":[{"href":"https:\/\/www.univ-guyane.fr\/pt\/wp-json\/wp\/v2\/media?parent=8549"}],"wp:term":[{"taxonomy":"category","embeddable":true,"href":"https:\/\/www.univ-guyane.fr\/pt\/wp-json\/wp\/v2\/categories?post=8549"},{"taxonomy":"post_tag","embeddable":true,"href":"https:\/\/www.univ-guyane.fr\/pt\/wp-json\/wp\/v2\/tags?post=8549"}],"curies":[{"name":"wp","href":"https:\/\/api.w.org\/{rel}","templated":true}]}}