{"id":8553,"date":"2023-04-21T09:27:05","date_gmt":"2023-04-21T12:27:05","guid":{"rendered":"https:\/\/www.univ-guyane.fr\/?p=8553"},"modified":"2024-06-18T09:30:10","modified_gmt":"2024-06-18T12:30:10","slug":"prise-en-charge-des-maladies-chroniques-un-regard-croise-benin-guyane-francaise","status":"publish","type":"post","link":"https:\/\/www.univ-guyane.fr\/pt\/2023\/04\/21\/prise-en-charge-des-maladies-chroniques-un-regard-croise-benin-guyane-francaise\/","title":{"rendered":"Gerenciamento de doen\u00e7as cr\u00f4nicas: uma perspectiva do Benin e da Guiana Francesa"},"content":{"rendered":"<div id=\"fws_69f38d5ab3204\"  data-column-margin=\"default\" data-midnight=\"dark\"  class=\"wpb_row vc_row-fluid vc_row\"  style=\"padding-top: 0px; padding-bottom: 0px; \"><div class=\"row-bg-wrap\" data-bg-animation=\"none\" data-bg-animation-delay=\"\" data-bg-overlay=\"false\"><div class=\"inner-wrap row-bg-layer\" ><div class=\"row-bg viewport-desktop\"  style=\"\"><\/div><\/div><\/div><div class=\"row_col_wrap_12 col span_12 dark left\">\n\t<div  class=\"vc_col-sm-12 wpb_column column_container vc_column_container col no-extra-padding inherit_tablet inherit_phone\"  data-padding-pos=\"all\" data-has-bg-color=\"false\" data-bg-color=\"\" data-bg-opacity=\"1\" data-animation=\"\" data-delay=\"0\" >\n\t\t<div class=\"vc_column-inner\" >\n\t\t\t<div class=\"wpb_wrapper\">\n\t\t\t\t\n<div class=\"wpb_text_column wpb_content_element  chapo\" >\n\t<h2><strong>Por ocasi\u00e3o da visita \u00e0 Guiana Francesa da Sra. Doroth\u00e9e KINDE-GAZARD, Professora de Medicina da Universidade de Abomey Calavi, o laborat\u00f3rio do MINEA est\u00e1 organizando uma confer\u00eancia. Ela ser\u00e1 realizada na quarta-feira, 26 de abril de 2023, a partir das 9h, no anfiteatro A do campus de Troubiran. A confer\u00eancia se concentrar\u00e1 no gerenciamento de doen\u00e7as cr\u00f4nicas.<\/strong><\/h2>\n<\/div>\n\n\n\n\n<div class=\"wpb_text_column wpb_content_element\" >\n\t<div class=\"wpb_text_column wpb_content_element\">\n<div class=\"wpb_wrapper\">\n<div id=\"lipsum\">\n<span class=\"nectar-dropcap\" >L <\/span>Essa confer\u00eancia ser\u00e1 conduzida pela Sra. Doroth\u00e9e KINDE-GAZARD, professora de medicina da Universidade de Abomey Calavi, especialista em sa\u00fade tropical e ex-ministra da sa\u00fade de Benin. Ela tamb\u00e9m estar\u00e1 presente na Guiana Francesa durante o semin\u00e1rio sobre sociedade, cultura e sa\u00fade organizado pelo laborat\u00f3rio MINEA e seus parceiros.<\/p>\n<p>Esse semin\u00e1rio oferecer\u00e1 uma perspectiva entre pa\u00edses como Guiana Francesa e Benin, destacando pr\u00e1ticas e experi\u00eancias no gerenciamento de doen\u00e7as cr\u00f4nicas nesses dois territ\u00f3rios, que enfrentam realidades de sa\u00fade espec\u00edficas.<\/p>\n<p>Durante a visita, v\u00e1rias reuni\u00f5es e confer\u00eancias ser\u00e3o realizadas em Cayenne, Saint-Laurent du Maroni e Macouria. Durante essas confer\u00eancias, v\u00e1rios participantes do setor de sa\u00fade da regi\u00e3o far\u00e3o uso da palavra. Professores e pesquisadores da Universidade da Guiana Francesa discutir\u00e3o v\u00e1rios aspectos do gerenciamento de doen\u00e7as cr\u00f4nicas, com foco especial em press\u00e3o alta, HIV e mal\u00e1ria; uma abordagem transversal entre a Guiana Francesa e o Benin.<\/p>\n<\/div>\n<\/div>\n<\/div>\n<div class=\"wpb_text_column wpb_content_element vc_custom_1682347295099\">\n<div class=\"wpb_wrapper\">\n<h3><strong>Programa<\/strong><\/h3>\n<p>Segunda-feira, 24 de abril<\/p>\n<ul>\n<li>Partida para um tour de descoberta de Macouria.<\/li>\n<li>Confer\u00eancia de sa\u00fade p\u00fablica \"Tuberculose\" - Cidade de Macouria \/ ARS Guyane.<\/li>\n<\/ul>\n<hr \/>\n<p>Ter\u00e7a-feira, 25 de abril<\/p>\n<ul>\n<li>Visita \u00e0s unidades de pesquisa locais: TBIPP e Institut PASTEUR.<\/li>\n<li>Confer\u00eancia sobre sa\u00fade p\u00fablica \"Mal\u00e1ria\" - Cidade de Macouria \/ ARS Guyane.<\/li>\n<\/ul>\n<hr \/>\n<p>Quarta-feira, 26 de abril<\/p>\n<ul>\n<li>Mesas-redondas multidisciplinares: \"The management of chronic diseases, a cross-section of Benin and French Guyana\" - Universidade da Guiana Francesa \/ Laborat\u00f3rio MINEA.<\/li>\n<li>Reuni\u00e3o com estudantes da \u00e1rea de sa\u00fade - Universit\u00e9 de Guyane \/ IFSI \/ Externat \/ IUT de Kourou.<\/li>\n<\/ul>\n<hr \/>\n<p>Quinta-feira, 27 de abril<\/p>\n<ul>\n<li>Visita a Saint-Laurent du Maroni.<\/li>\n<li>Reuni\u00e3o com a associa\u00e7\u00e3o Mama Bobi - Local de l'<\/li>\n<li>Confer\u00eancia \"Alternative medicine and interculturality\" (Medicina alternativa e interculturalidade) - no SLM CHOG.<\/li>\n<\/ul>\n<\/div>\n<\/div>\n<div class=\"wpb_text_column wpb_content_element\">\n<div class=\"wpb_wrapper\">\n<h3><strong>Informa\u00e7\u00f5es e inscri\u00e7\u00f5es para confer\u00eancias<\/strong><\/h3>\n<p>Prefeitura de Macouria: kaGRACEETIENNE@villedemacouria.fr<br \/>\nUniversidade da Guiana: 0694244450 monique.blerald@univ-guyane.fr<br \/>\nMINEA: +33 6 95008069 hugues.domingo@univ-guyane.fr<br \/>\nCorrespondente da Guiana-Benin: 0694226062 happykoffi@gmail.com<\/p>\n<\/div>\n<\/div>\n<div class=\"wpb_text_column wpb_content_element vc_custom_1682347060343\">\n<div class=\"wpb_wrapper\">\n<p><strong>Algumas palavras sobre Doroth\u00e9e Akoko Kind\u00e9<\/strong><strong>-Gazard<\/strong><\/p>\n<p>Doroth\u00e9e Akoko Kind\u00e9-Gazard (KINDE-GAZARD) ocupa a cadeira de Parasitologia-Micologia na Universidade de Abomey Calavi, em Benin, desde 2012, depois de obter sua gradua\u00e7\u00e3o em 2004. Sua experi\u00eancia internacionalmente reconhecida lhe rendeu v\u00e1rios pr\u00eamios, incluindo:<\/p>\n<ul>\n<li>Cavaleiro da Legi\u00e3o de Honra da Rep\u00fablica Francesa (2009)<\/li>\n<li>Cavaleiro da Legi\u00e3o de Honra do Benin (2014)<\/li>\n<li>Lideran\u00e7a em Sa\u00fade Ministerial Harvard (2014)<\/li>\n<li>Medalha de Companheiro Paul Harris do Rotary Club<\/li>\n<\/ul>\n<p>A Professora KINDE-GAZARD \u00e9 atualmente Presidente do Comit\u00ea de Estrat\u00e9gia do Fundo Global e foi Coordenadora do Programa Nacional de Controle da Mal\u00e1ria (2001-2005) em Benin e Co-Diretora do 1\u00ba e 2\u00ba Cursos Internacionais Franc\u00f3fonos de Controle da Mal\u00e1ria como parte da iniciativa \"Roll Back Malaria\" (2000 e 2003).<\/p>\n<p>Especialista e consultora internacional, a professora Doroth\u00e9e KINDE-GAZARD trabalhou com v\u00e1rias institui\u00e7\u00f5es internacionais, incluindo a OMS (Organiza\u00e7\u00e3o Mundial da Sa\u00fade; ela chegou a ser candidata \u00e0 dire\u00e7\u00e3o regional da \u00c1frica em 2014). UNICEF, Comit\u00ea de Dire\u00e7\u00e3o Pan-Africano, UNFPA etc.<\/p>\n<p>Presidente do CCM do Fundo Global: Mobiliza\u00e7\u00e3o das rodadas 5 HIV\/AIDS, rodada 6 Tuberculose, rodada 7 e Presidente do Comit\u00ea de Coordena\u00e7\u00e3o Regional do projeto Corredor Abidjan-Lagos para combater o HIV\/AIDS entre as popula\u00e7\u00f5es migrantes, o Professor KINDE-GAZARD ocupou recentemente os cargos de Chefe da Unidade de Treinamento e Pesquisa em Parasitologia-Micologia na Faculdade de Ci\u00eancias da Sa\u00fade em Cotonou; Coordenadora do Centro Integrado de Controle da Mal\u00e1ria (CLIP); Diretora Adjunta do Instituto de Pesquisa Cl\u00ednica do Benim (IRCB); e Coordenadora do Diploma de Estudos Especiais em Biologia Cl\u00ednica de 2015 a 2022.<\/p>\n<p>A Professora Doroth\u00e9e Akoko KINDE-GAZARD tem 65 anos e est\u00e1 apta a se aposentar. Ela \u00e9 autora de mais de setenta (70) publica\u00e7\u00f5es cient\u00edficas e diretora de cerca de sessenta teses de doutorado em medicina e farm\u00e1cia na \u00c1frica.<\/p>\n<\/div>\n<\/div>\n<\/div>\n\n\n\n\n\t\t\t<\/div> \n\t\t<\/div>\n\t<\/div> \n<\/div><\/div>","protected":false},"excerpt":{"rendered":"Por ocasi\u00e3o da visita \u00e0 Guiana Francesa de Doroth\u00e9e KINDE-GAZARD, professora de medicina da Universidade de...","protected":false},"author":1,"featured_media":8554,"comment_status":"closed","ping_status":"open","sticky":false,"template":"","format":"standard","meta":{"iawp_total_views":42,"footnotes":""},"categories":[187],"tags":[],"class_list":{"0":"post-8553","1":"post","2":"type-post","3":"status-publish","4":"format-standard","5":"has-post-thumbnail","7":"category-minea"},"yoast_head":"<!-- This site is optimized with the Yoast SEO plugin v27.5 - https:\/\/yoast.com\/product\/yoast-seo-wordpress\/ -->\n<title>Prise en charge des maladies chroniques : un regard crois\u00e9 B\u00e9nin-Guyane fran\u00e7aise &#8212; Universit\u00e9 de Guyane<\/title>\n<meta name=\"description\" content=\"Conf\u00e9rence sur la prise en charge des maladies chroniques en Guyane et au B\u00e9nin par Doroth\u00e9e KINDE-GAZARD, sp\u00e9cialiste de sant\u00e9 tropicale.\" \/>\n<meta name=\"robots\" content=\"index, follow, max-snippet:-1, max-image-preview:large, max-video-preview:-1\" \/>\n<link rel=\"canonical\" href=\"https:\/\/www.univ-guyane.fr\/pt\/2023\/04\/21\/prise-en-charge-des-maladies-chroniques-un-regard-croise-benin-guyane-francaise\/\" \/>\n<meta property=\"og:locale\" content=\"pt_BR\" \/>\n<meta property=\"og:type\" content=\"article\" \/>\n<meta property=\"og:title\" content=\"Prise en charge des maladies chroniques : un regard crois\u00e9 B\u00e9nin-Guyane fran\u00e7aise &#8212; Universit\u00e9 de Guyane\" \/>\n<meta property=\"og:description\" content=\"Conf\u00e9rence sur la prise en charge des maladies chroniques en Guyane et au B\u00e9nin par Doroth\u00e9e KINDE-GAZARD, sp\u00e9cialiste de sant\u00e9 tropicale.\" \/>\n<meta property=\"og:url\" content=\"https:\/\/www.univ-guyane.fr\/pt\/2023\/04\/21\/prise-en-charge-des-maladies-chroniques-un-regard-croise-benin-guyane-francaise\/\" \/>\n<meta property=\"og:site_name\" content=\"Universit\u00e9 de Guyane\" \/>\n<meta property=\"article:publisher\" content=\"https:\/\/www.facebook.com\/univguyane\" \/>\n<meta property=\"article:published_time\" content=\"2023-04-21T12:27:05+00:00\" \/>\n<meta property=\"article:modified_time\" content=\"2024-06-18T12:30:10+00:00\" \/>\n<meta property=\"og:image\" content=\"https:\/\/www.univ-guyane.fr\/wp-content\/uploads\/conference-prise-en-charge-des-maladies-chroniques-un-regard-croise-benin-guyane-universite-de-guyane.jpeg\" \/>\n\t<meta property=\"og:image:width\" content=\"1800\" \/>\n\t<meta property=\"og:image:height\" content=\"1013\" \/>\n\t<meta property=\"og:image:type\" content=\"image\/jpeg\" \/>\n<meta name=\"author\" content=\"Erick Loiti\u00e8re\" \/>\n<meta name=\"twitter:card\" content=\"summary_large_image\" \/>\n<meta name=\"twitter:creator\" content=\"@univguyane\" \/>\n<meta name=\"twitter:site\" content=\"@univguyane\" \/>\n<meta name=\"twitter:label1\" content=\"Escrito por\" \/>\n\t<meta name=\"twitter:data1\" content=\"Erick Loiti\u00e8re\" \/>\n\t<meta name=\"twitter:label2\" content=\"Est. tempo de leitura\" \/>\n\t<meta name=\"twitter:data2\" content=\"4 minutos\" \/>\n<script type=\"application\/ld+json\" class=\"yoast-schema-graph\">{\"@context\":\"https:\\\/\\\/schema.org\",\"@graph\":[{\"@type\":\"Article\",\"@id\":\"https:\\\/\\\/www.univ-guyane.fr\\\/2023\\\/04\\\/21\\\/prise-en-charge-des-maladies-chroniques-un-regard-croise-benin-guyane-francaise\\\/#article\",\"isPartOf\":{\"@id\":\"https:\\\/\\\/www.univ-guyane.fr\\\/2023\\\/04\\\/21\\\/prise-en-charge-des-maladies-chroniques-un-regard-croise-benin-guyane-francaise\\\/\"},\"author\":{\"name\":\"Erick Loiti\u00e8re\",\"@id\":\"https:\\\/\\\/www.univ-guyane.fr\\\/#\\\/schema\\\/person\\\/86d946a28a8be51bb096ccfdf19db179\"},\"headline\":\"Prise en charge des maladies chroniques : un regard crois\u00e9 B\u00e9nin-Guyane fran\u00e7aise\",\"datePublished\":\"2023-04-21T12:27:05+00:00\",\"dateModified\":\"2024-06-18T12:30:10+00:00\",\"mainEntityOfPage\":{\"@id\":\"https:\\\/\\\/www.univ-guyane.fr\\\/2023\\\/04\\\/21\\\/prise-en-charge-des-maladies-chroniques-un-regard-croise-benin-guyane-francaise\\\/\"},\"wordCount\":929,\"publisher\":{\"@id\":\"https:\\\/\\\/www.univ-guyane.fr\\\/#organization\"},\"image\":{\"@id\":\"https:\\\/\\\/www.univ-guyane.fr\\\/2023\\\/04\\\/21\\\/prise-en-charge-des-maladies-chroniques-un-regard-croise-benin-guyane-francaise\\\/#primaryimage\"},\"thumbnailUrl\":\"https:\\\/\\\/www.univ-guyane.fr\\\/wp-content\\\/uploads\\\/conference-prise-en-charge-des-maladies-chroniques-un-regard-croise-benin-guyane-universite-de-guyane.jpeg\",\"articleSection\":[\"\u2022\u00a0MINEA\"],\"inLanguage\":\"pt-BR\"},{\"@type\":\"WebPage\",\"@id\":\"https:\\\/\\\/www.univ-guyane.fr\\\/2023\\\/04\\\/21\\\/prise-en-charge-des-maladies-chroniques-un-regard-croise-benin-guyane-francaise\\\/\",\"url\":\"https:\\\/\\\/www.univ-guyane.fr\\\/2023\\\/04\\\/21\\\/prise-en-charge-des-maladies-chroniques-un-regard-croise-benin-guyane-francaise\\\/\",\"name\":\"Prise en charge des maladies chroniques : un regard crois\u00e9 B\u00e9nin-Guyane fran\u00e7aise &#8212; Universit\u00e9 de Guyane\",\"isPartOf\":{\"@id\":\"https:\\\/\\\/www.univ-guyane.fr\\\/#website\"},\"primaryImageOfPage\":{\"@id\":\"https:\\\/\\\/www.univ-guyane.fr\\\/2023\\\/04\\\/21\\\/prise-en-charge-des-maladies-chroniques-un-regard-croise-benin-guyane-francaise\\\/#primaryimage\"},\"image\":{\"@id\":\"https:\\\/\\\/www.univ-guyane.fr\\\/2023\\\/04\\\/21\\\/prise-en-charge-des-maladies-chroniques-un-regard-croise-benin-guyane-francaise\\\/#primaryimage\"},\"thumbnailUrl\":\"https:\\\/\\\/www.univ-guyane.fr\\\/wp-content\\\/uploads\\\/conference-prise-en-charge-des-maladies-chroniques-un-regard-croise-benin-guyane-universite-de-guyane.jpeg\",\"datePublished\":\"2023-04-21T12:27:05+00:00\",\"dateModified\":\"2024-06-18T12:30:10+00:00\",\"description\":\"Conf\u00e9rence sur la prise en charge des maladies chroniques en Guyane et au B\u00e9nin par Doroth\u00e9e KINDE-GAZARD, sp\u00e9cialiste de sant\u00e9 tropicale.\",\"breadcrumb\":{\"@id\":\"https:\\\/\\\/www.univ-guyane.fr\\\/2023\\\/04\\\/21\\\/prise-en-charge-des-maladies-chroniques-un-regard-croise-benin-guyane-francaise\\\/#breadcrumb\"},\"inLanguage\":\"pt-BR\",\"potentialAction\":[{\"@type\":\"ReadAction\",\"target\":[\"https:\\\/\\\/www.univ-guyane.fr\\\/2023\\\/04\\\/21\\\/prise-en-charge-des-maladies-chroniques-un-regard-croise-benin-guyane-francaise\\\/\"]}]},{\"@type\":\"ImageObject\",\"inLanguage\":\"pt-BR\",\"@id\":\"https:\\\/\\\/www.univ-guyane.fr\\\/2023\\\/04\\\/21\\\/prise-en-charge-des-maladies-chroniques-un-regard-croise-benin-guyane-francaise\\\/#primaryimage\",\"url\":\"https:\\\/\\\/www.univ-guyane.fr\\\/wp-content\\\/uploads\\\/conference-prise-en-charge-des-maladies-chroniques-un-regard-croise-benin-guyane-universite-de-guyane.jpeg\",\"contentUrl\":\"https:\\\/\\\/www.univ-guyane.fr\\\/wp-content\\\/uploads\\\/conference-prise-en-charge-des-maladies-chroniques-un-regard-croise-benin-guyane-universite-de-guyane.jpeg\",\"width\":1800,\"height\":1013,\"caption\":\"Prise en charge des maladies chroniques : un regard crois\u00e9 B\u00e9nin-Guyane fran\u00e7aise\"},{\"@type\":\"BreadcrumbList\",\"@id\":\"https:\\\/\\\/www.univ-guyane.fr\\\/2023\\\/04\\\/21\\\/prise-en-charge-des-maladies-chroniques-un-regard-croise-benin-guyane-francaise\\\/#breadcrumb\",\"itemListElement\":[{\"@type\":\"ListItem\",\"position\":1,\"name\":\"Accueil\",\"item\":\"https:\\\/\\\/www.univ-guyane.fr\\\/\"},{\"@type\":\"ListItem\",\"position\":2,\"name\":\"Prise en charge des maladies chroniques : un regard crois\u00e9 B\u00e9nin-Guyane fran\u00e7aise\"}]},{\"@type\":\"WebSite\",\"@id\":\"https:\\\/\\\/www.univ-guyane.fr\\\/#website\",\"url\":\"https:\\\/\\\/www.univ-guyane.fr\\\/\",\"name\":\"Universit\u00e9 de Guyane\",\"description\":\"Au c\u0153ur de l&#039;amazonie\",\"publisher\":{\"@id\":\"https:\\\/\\\/www.univ-guyane.fr\\\/#organization\"},\"alternateName\":\"UG\",\"potentialAction\":[{\"@type\":\"SearchAction\",\"target\":{\"@type\":\"EntryPoint\",\"urlTemplate\":\"https:\\\/\\\/www.univ-guyane.fr\\\/?s={search_term_string}\"},\"query-input\":{\"@type\":\"PropertyValueSpecification\",\"valueRequired\":true,\"valueName\":\"search_term_string\"}}],\"inLanguage\":\"pt-BR\"},{\"@type\":\"Organization\",\"@id\":\"https:\\\/\\\/www.univ-guyane.fr\\\/#organization\",\"name\":\"Universit\u00e9 de Guyane\",\"alternateName\":\"UG\",\"url\":\"https:\\\/\\\/www.univ-guyane.fr\\\/\",\"logo\":{\"@type\":\"ImageObject\",\"inLanguage\":\"pt-BR\",\"@id\":\"https:\\\/\\\/www.univ-guyane.fr\\\/#\\\/schema\\\/logo\\\/image\\\/\",\"url\":\"https:\\\/\\\/www.univ-guyane.fr\\\/wp-content\\\/uploads\\\/2024\\\/05\\\/f.png\",\"contentUrl\":\"https:\\\/\\\/www.univ-guyane.fr\\\/wp-content\\\/uploads\\\/2024\\\/05\\\/f.png\",\"width\":1024,\"height\":1024,\"caption\":\"Universit\u00e9 de Guyane\"},\"image\":{\"@id\":\"https:\\\/\\\/www.univ-guyane.fr\\\/#\\\/schema\\\/logo\\\/image\\\/\"},\"sameAs\":[\"https:\\\/\\\/www.facebook.com\\\/univguyane\",\"https:\\\/\\\/x.com\\\/univguyane\",\"https:\\\/\\\/gf.linkedin.com\\\/school\\\/universite-de-guyane\\\/\",\"https:\\\/\\\/www.instagram.com\\\/univ_guyane\\\/\"]},{\"@type\":\"Person\",\"@id\":\"https:\\\/\\\/www.univ-guyane.fr\\\/#\\\/schema\\\/person\\\/86d946a28a8be51bb096ccfdf19db179\",\"name\":\"Erick Loiti\u00e8re\",\"image\":{\"@type\":\"ImageObject\",\"inLanguage\":\"pt-BR\",\"@id\":\"https:\\\/\\\/secure.gravatar.com\\\/avatar\\\/0584f332103fbeaf37e52c73b15dca3c547fd9300deb05764e9ad8714839d072?s=96&d=robohash&r=g\",\"url\":\"https:\\\/\\\/secure.gravatar.com\\\/avatar\\\/0584f332103fbeaf37e52c73b15dca3c547fd9300deb05764e9ad8714839d072?s=96&d=robohash&r=g\",\"contentUrl\":\"https:\\\/\\\/secure.gravatar.com\\\/avatar\\\/0584f332103fbeaf37e52c73b15dca3c547fd9300deb05764e9ad8714839d072?s=96&d=robohash&r=g\",\"caption\":\"Erick Loiti\u00e8re\"},\"sameAs\":[\"http:\\\/\\\/www.univ-guyane.fr\"],\"url\":\"https:\\\/\\\/www.univ-guyane.fr\\\/pt\\\/author\\\/eloitierdbz\\\/\"}]}<\/script>\n<!-- \/ Yoast SEO plugin. -->","yoast_head_json":{"title":"Gerenciamento de doen\u00e7as cr\u00f4nicas: uma perspectiva do Benin e da Guiana Francesa - Universit\u00e9 de Guyane","description":"Confer\u00eancia sobre o gerenciamento de doen\u00e7as cr\u00f4nicas na Guiana Francesa e no Benin por Doroth\u00e9e KINDE-GAZARD, especialista em sa\u00fade tropical.","robots":{"index":"index","follow":"follow","max-snippet":"max-snippet:-1","max-image-preview":"max-image-preview:large","max-video-preview":"max-video-preview:-1"},"canonical":"https:\/\/www.univ-guyane.fr\/pt\/2023\/04\/21\/prise-en-charge-des-maladies-chroniques-un-regard-croise-benin-guyane-francaise\/","og_locale":"pt_BR","og_type":"article","og_title":"Prise en charge des maladies chroniques : un regard crois\u00e9 B\u00e9nin-Guyane fran\u00e7aise &#8212; Universit\u00e9 de Guyane","og_description":"Conf\u00e9rence sur la prise en charge des maladies chroniques en Guyane et au B\u00e9nin par Doroth\u00e9e KINDE-GAZARD, sp\u00e9cialiste de sant\u00e9 tropicale.","og_url":"https:\/\/www.univ-guyane.fr\/pt\/2023\/04\/21\/prise-en-charge-des-maladies-chroniques-un-regard-croise-benin-guyane-francaise\/","og_site_name":"Universit\u00e9 de Guyane","article_publisher":"https:\/\/www.facebook.com\/univguyane","article_published_time":"2023-04-21T12:27:05+00:00","article_modified_time":"2024-06-18T12:30:10+00:00","og_image":[{"width":1800,"height":1013,"url":"https:\/\/www.univ-guyane.fr\/wp-content\/uploads\/conference-prise-en-charge-des-maladies-chroniques-un-regard-croise-benin-guyane-universite-de-guyane.jpeg","type":"image\/jpeg"}],"author":"Erick Loiti\u00e8re","twitter_card":"summary_large_image","twitter_creator":"@univguyane","twitter_site":"@univguyane","twitter_misc":{"Escrito por":"Erick Loiti\u00e8re","Est. tempo de leitura":"4 minutos"},"schema":{"@context":"https:\/\/schema.org","@graph":[{"@type":"Article","@id":"https:\/\/www.univ-guyane.fr\/2023\/04\/21\/prise-en-charge-des-maladies-chroniques-un-regard-croise-benin-guyane-francaise\/#article","isPartOf":{"@id":"https:\/\/www.univ-guyane.fr\/2023\/04\/21\/prise-en-charge-des-maladies-chroniques-un-regard-croise-benin-guyane-francaise\/"},"author":{"name":"Erick Loiti\u00e8re","@id":"https:\/\/www.univ-guyane.fr\/#\/schema\/person\/86d946a28a8be51bb096ccfdf19db179"},"headline":"Prise en charge des maladies chroniques : un regard crois\u00e9 B\u00e9nin-Guyane fran\u00e7aise","datePublished":"2023-04-21T12:27:05+00:00","dateModified":"2024-06-18T12:30:10+00:00","mainEntityOfPage":{"@id":"https:\/\/www.univ-guyane.fr\/2023\/04\/21\/prise-en-charge-des-maladies-chroniques-un-regard-croise-benin-guyane-francaise\/"},"wordCount":929,"publisher":{"@id":"https:\/\/www.univ-guyane.fr\/#organization"},"image":{"@id":"https:\/\/www.univ-guyane.fr\/2023\/04\/21\/prise-en-charge-des-maladies-chroniques-un-regard-croise-benin-guyane-francaise\/#primaryimage"},"thumbnailUrl":"https:\/\/www.univ-guyane.fr\/wp-content\/uploads\/conference-prise-en-charge-des-maladies-chroniques-un-regard-croise-benin-guyane-universite-de-guyane.jpeg","articleSection":["\u2022\u00a0MINEA"],"inLanguage":"pt-BR"},{"@type":"WebPage","@id":"https:\/\/www.univ-guyane.fr\/2023\/04\/21\/prise-en-charge-des-maladies-chroniques-un-regard-croise-benin-guyane-francaise\/","url":"https:\/\/www.univ-guyane.fr\/2023\/04\/21\/prise-en-charge-des-maladies-chroniques-un-regard-croise-benin-guyane-francaise\/","name":"Gerenciamento de doen\u00e7as cr\u00f4nicas: uma perspectiva do Benin e da Guiana Francesa - Universit\u00e9 de Guyane","isPartOf":{"@id":"https:\/\/www.univ-guyane.fr\/#website"},"primaryImageOfPage":{"@id":"https:\/\/www.univ-guyane.fr\/2023\/04\/21\/prise-en-charge-des-maladies-chroniques-un-regard-croise-benin-guyane-francaise\/#primaryimage"},"image":{"@id":"https:\/\/www.univ-guyane.fr\/2023\/04\/21\/prise-en-charge-des-maladies-chroniques-un-regard-croise-benin-guyane-francaise\/#primaryimage"},"thumbnailUrl":"https:\/\/www.univ-guyane.fr\/wp-content\/uploads\/conference-prise-en-charge-des-maladies-chroniques-un-regard-croise-benin-guyane-universite-de-guyane.jpeg","datePublished":"2023-04-21T12:27:05+00:00","dateModified":"2024-06-18T12:30:10+00:00","description":"Confer\u00eancia sobre o gerenciamento de doen\u00e7as cr\u00f4nicas na Guiana Francesa e no Benin por Doroth\u00e9e KINDE-GAZARD, especialista em sa\u00fade tropical.","breadcrumb":{"@id":"https:\/\/www.univ-guyane.fr\/2023\/04\/21\/prise-en-charge-des-maladies-chroniques-un-regard-croise-benin-guyane-francaise\/#breadcrumb"},"inLanguage":"pt-BR","potentialAction":[{"@type":"ReadAction","target":["https:\/\/www.univ-guyane.fr\/2023\/04\/21\/prise-en-charge-des-maladies-chroniques-un-regard-croise-benin-guyane-francaise\/"]}]},{"@type":"ImageObject","inLanguage":"pt-BR","@id":"https:\/\/www.univ-guyane.fr\/2023\/04\/21\/prise-en-charge-des-maladies-chroniques-un-regard-croise-benin-guyane-francaise\/#primaryimage","url":"https:\/\/www.univ-guyane.fr\/wp-content\/uploads\/conference-prise-en-charge-des-maladies-chroniques-un-regard-croise-benin-guyane-universite-de-guyane.jpeg","contentUrl":"https:\/\/www.univ-guyane.fr\/wp-content\/uploads\/conference-prise-en-charge-des-maladies-chroniques-un-regard-croise-benin-guyane-universite-de-guyane.jpeg","width":1800,"height":1013,"caption":"Prise en charge des maladies chroniques : un regard crois\u00e9 B\u00e9nin-Guyane fran\u00e7aise"},{"@type":"BreadcrumbList","@id":"https:\/\/www.univ-guyane.fr\/2023\/04\/21\/prise-en-charge-des-maladies-chroniques-un-regard-croise-benin-guyane-francaise\/#breadcrumb","itemListElement":[{"@type":"ListItem","position":1,"name":"Accueil","item":"https:\/\/www.univ-guyane.fr\/"},{"@type":"ListItem","position":2,"name":"Prise en charge des maladies chroniques : un regard crois\u00e9 B\u00e9nin-Guyane fran\u00e7aise"}]},{"@type":"WebSite","@id":"https:\/\/www.univ-guyane.fr\/#website","url":"https:\/\/www.univ-guyane.fr\/","name":"Universidade da Guiana","description":"No cora\u00e7\u00e3o da Amaz\u00f4nia","publisher":{"@id":"https:\/\/www.univ-guyane.fr\/#organization"},"alternateName":"UG","potentialAction":[{"@type":"SearchAction","target":{"@type":"EntryPoint","urlTemplate":"https:\/\/www.univ-guyane.fr\/?s={search_term_string}"},"query-input":{"@type":"PropertyValueSpecification","valueRequired":true,"valueName":"search_term_string"}}],"inLanguage":"pt-BR"},{"@type":"Organization","@id":"https:\/\/www.univ-guyane.fr\/#organization","name":"Universidade da Guiana","alternateName":"UG","url":"https:\/\/www.univ-guyane.fr\/","logo":{"@type":"ImageObject","inLanguage":"pt-BR","@id":"https:\/\/www.univ-guyane.fr\/#\/schema\/logo\/image\/","url":"https:\/\/www.univ-guyane.fr\/wp-content\/uploads\/2024\/05\/f.png","contentUrl":"https:\/\/www.univ-guyane.fr\/wp-content\/uploads\/2024\/05\/f.png","width":1024,"height":1024,"caption":"Universit\u00e9 de Guyane"},"image":{"@id":"https:\/\/www.univ-guyane.fr\/#\/schema\/logo\/image\/"},"sameAs":["https:\/\/www.facebook.com\/univguyane","https:\/\/x.com\/univguyane","https:\/\/gf.linkedin.com\/school\/universite-de-guyane\/","https:\/\/www.instagram.com\/univ_guyane\/"]},{"@type":"Person","@id":"https:\/\/www.univ-guyane.fr\/#\/schema\/person\/86d946a28a8be51bb096ccfdf19db179","name":"Erick Loiti\u00e8re","image":{"@type":"ImageObject","inLanguage":"pt-BR","@id":"https:\/\/secure.gravatar.com\/avatar\/0584f332103fbeaf37e52c73b15dca3c547fd9300deb05764e9ad8714839d072?s=96&d=robohash&r=g","url":"https:\/\/secure.gravatar.com\/avatar\/0584f332103fbeaf37e52c73b15dca3c547fd9300deb05764e9ad8714839d072?s=96&d=robohash&r=g","contentUrl":"https:\/\/secure.gravatar.com\/avatar\/0584f332103fbeaf37e52c73b15dca3c547fd9300deb05764e9ad8714839d072?s=96&d=robohash&r=g","caption":"Erick Loiti\u00e8re"},"sameAs":["http:\/\/www.univ-guyane.fr"],"url":"https:\/\/www.univ-guyane.fr\/pt\/author\/eloitierdbz\/"}]}},"_links":{"self":[{"href":"https:\/\/www.univ-guyane.fr\/pt\/wp-json\/wp\/v2\/posts\/8553","targetHints":{"allow":["GET"]}}],"collection":[{"href":"https:\/\/www.univ-guyane.fr\/pt\/wp-json\/wp\/v2\/posts"}],"about":[{"href":"https:\/\/www.univ-guyane.fr\/pt\/wp-json\/wp\/v2\/types\/post"}],"author":[{"embeddable":true,"href":"https:\/\/www.univ-guyane.fr\/pt\/wp-json\/wp\/v2\/users\/1"}],"replies":[{"embeddable":true,"href":"https:\/\/www.univ-guyane.fr\/pt\/wp-json\/wp\/v2\/comments?post=8553"}],"version-history":[{"count":1,"href":"https:\/\/www.univ-guyane.fr\/pt\/wp-json\/wp\/v2\/posts\/8553\/revisions"}],"predecessor-version":[{"id":8555,"href":"https:\/\/www.univ-guyane.fr\/pt\/wp-json\/wp\/v2\/posts\/8553\/revisions\/8555"}],"wp:featuredmedia":[{"embeddable":true,"href":"https:\/\/www.univ-guyane.fr\/pt\/wp-json\/wp\/v2\/media\/8554"}],"wp:attachment":[{"href":"https:\/\/www.univ-guyane.fr\/pt\/wp-json\/wp\/v2\/media?parent=8553"}],"wp:term":[{"taxonomy":"category","embeddable":true,"href":"https:\/\/www.univ-guyane.fr\/pt\/wp-json\/wp\/v2\/categories?post=8553"},{"taxonomy":"post_tag","embeddable":true,"href":"https:\/\/www.univ-guyane.fr\/pt\/wp-json\/wp\/v2\/tags?post=8553"}],"curies":[{"name":"wp","href":"https:\/\/api.w.org\/{rel}","templated":true}]}}