{"id":8577,"date":"2023-03-10T09:53:29","date_gmt":"2023-03-10T12:53:29","guid":{"rendered":"https:\/\/www.univ-guyane.fr\/?p=8577"},"modified":"2024-06-18T09:56:54","modified_gmt":"2024-06-18T12:56:54","slug":"elections-du-21-28-mars-2023","status":"publish","type":"post","link":"https:\/\/www.univ-guyane.fr\/pt\/2023\/03\/10\/elections-du-21-28-mars-2023\/","title":{"rendered":"Elei\u00e7\u00f5es em 21 e 28 de mar\u00e7o de 2023"},"content":{"rendered":"<div id=\"fws_69f3e1dd3f71b\"  data-column-margin=\"default\" data-midnight=\"dark\"  class=\"wpb_row vc_row-fluid vc_row\"  style=\"padding-top: 0px; padding-bottom: 0px; \"><div class=\"row-bg-wrap\" data-bg-animation=\"none\" data-bg-animation-delay=\"\" data-bg-overlay=\"false\"><div class=\"inner-wrap row-bg-layer\" ><div class=\"row-bg viewport-desktop\"  style=\"\"><\/div><\/div><\/div><div class=\"row_col_wrap_12 col span_12 dark left\">\n\t<div  class=\"vc_col-sm-12 wpb_column column_container vc_column_container col no-extra-padding inherit_tablet inherit_phone\"  data-padding-pos=\"all\" data-has-bg-color=\"false\" data-bg-color=\"\" data-bg-opacity=\"1\" data-animation=\"\" data-delay=\"0\" >\n\t\t<div class=\"vc_column-inner\" >\n\t\t\t<div class=\"wpb_wrapper\">\n\t\t\t\t\n<div class=\"wpb_text_column wpb_content_element  chapo\" >\n\t<div id=\"fws_64b5d2e2bac9d\" class=\"wpb_row vc_row-fluid vc_row\" data-column-margin=\"default\" data-midnight=\"dark\">\n<div class=\"row_col_wrap_12 col span_12 dark left\">\n<div class=\"vc_col-sm-12 wpb_column column_container vc_column_container col no-extra-padding inherit_tablet inherit_phone\" data-padding-pos=\"all\" data-has-bg-color=\"false\" data-bg-color=\"\" data-bg-opacity=\"1\" data-animation=\"\" data-delay=\"0\">\n<div class=\"vc_column-inner\">\n<div class=\"wpb_wrapper\">\n<div class=\"wpb_text_column wpb_content_element\">\n<div class=\"wpb_wrapper\">\n<h2>Nos dias 21 e 28 de mar\u00e7o, ser\u00e1 a vez de eleger as pessoas que desejam fazer parte das diretorias e participar das decis\u00f5es que afetar\u00e3o o INSPE, a escola de doutorado, os departamentos SJE, LSH e ST, o laborat\u00f3rio MINEA, o IUT de Kourou, o CFA U e o SUAPS.<\/h2>\n<\/div>\n<\/div>\n<\/div>\n<\/div>\n<\/div>\n<\/div>\n<\/div>\n<\/div>\n\n\n\n\n<div class=\"wpb_text_column wpb_content_element\" >\n\t<div class=\"wpb_text_column wpb_content_element vc_custom_1679941778005\">\n<div class=\"wpb_wrapper\">\n<span class=\"nectar-dropcap\" >E <\/span>m vista da convoca\u00e7\u00e3o para a\u00e7\u00e3o sobre a reforma previdenci\u00e1ria em 28 de mar\u00e7o, as elei\u00e7\u00f5es para o laborat\u00f3rio MIN\u00c9A, o INSP\u00c9 e os departamentos de treinamento e pesquisa LSH, ST e SJE foram adiadas para a mesma data.\u00a0<strong>29 de mar\u00e7o. Elas ser\u00e3o realizadas no centro cultural INSPE, das 8h \u00e0s 15h, e os votos ser\u00e3o contados em seguida.<\/strong><\/p>\n<\/div>\n<\/div>\n<div class=\"wpb_text_column wpb_content_element vc_custom_1679941848793\">\n<div class=\"wpb_wrapper\">\n<p><strong>21 de mar\u00e7o :\u00a0<\/strong>Escola de doutorado Kourou IUT, CFA U e SUAPS<br \/>\n<strong>29 de mar\u00e7o : <\/strong>MINEA INSPE, LSH, ST e SJE<\/p>\n<\/div>\n<\/div>\n<div class=\"wpb_text_column wpb_content_element\">\n<div class=\"wpb_wrapper\">\n<div id=\"lipsum\">\n<p><strong>Quem pode participar desses conselhos?<br \/>\n<\/strong>Pessoas nomeadas ou eleitas para defender os interesses daqueles que pertencem aos mesmos grupos (faculdades) que elas.<\/p>\n<h3>Vota\u00e7\u00e3o em 21 de mar\u00e7o de 2023<\/h3>\n<p><strong>Quem ser\u00e1 eleito?<br \/>\n<\/strong>Escola de doutorado: Estudantes de doutorado: (3 membros titulares e 3 suplentes) Kourou IUT: Usu\u00e1rios (estudantes): (2 membros titulares e 2 suplentes) CFA U: Delegados de trabalho-estudo (1 membro titular e 1 suplente)<\/p>\n<p>SUAPS: Representantes dos alunos matriculados na SUAPS (2 membros titulares e 2 suplentes) Representantes da associa\u00e7\u00e3o esportiva da UG<br \/>\n(1 membro titular e 1 suplente)<\/p>\n<p><strong>Posso votar?<\/strong><br \/>\nSIM se voc\u00ea estiver registrado no componente, estrutura ou departamento em quest\u00e3o.<\/p>\n<h3>Vota\u00e7\u00e3o em 29 de mar\u00e7o de 2023<\/h3>\n<p><strong>Quem ser\u00e1 eleito?<\/strong><\/p>\n<ul>\n<li>MINEA: Representantes de estudantes de doutorado (4 membros titulares e 4 suplentes)<\/li>\n<li>INSPE: Funcion\u00e1rios e\/ou usu\u00e1rios<\/li>\n<li>DFR LSH: Equipe e\/ou usu\u00e1rios<\/li>\n<li>DFR ST: Equipe e\/ou usu\u00e1rios<\/li>\n<li>DFR SJE: Equipe e\/ou usu\u00e1rios<\/li>\n<li>DFR SANTE: Equipe e\/ou usu\u00e1rios<\/li>\n<\/ul>\n<p><strong>Posso votar?<br \/>\n<\/strong>SIM, se estiver registrado nos cadernos eleitorais (listas de pessoas que podem votar) ou se atender \u00e0s condi\u00e7\u00f5es para inclus\u00e3o nesses cadernos.<\/p>\n<\/div>\n<\/div>\n<\/div>\n<div class=\"wpb_text_column wpb_content_element\">\n<div class=\"wpb_wrapper\">\n<h3>Dar uma procura\u00e7\u00e3o<\/h3>\n<p><strong>Quem pode doar?<\/strong><br \/>\nEleitores (pessoas na lista eleitoral).<\/p>\n<p><strong>Para quem devo dar?<\/strong><br \/>\nUma pessoa registrada na mesma lista eleitoral.<\/p>\n<p><strong>Como voc\u00ea o doa?<\/strong><br \/>\nSolicite um formul\u00e1rio numerado e anexe um comprovante de identidade. Preencha o formul\u00e1rio numerado enviado pela DAJ e devolva-o at\u00e9 o meio-dia do dia anterior \u00e0 vota\u00e7\u00e3o.<\/p>\n<h3><strong>Vota\u00e7\u00e3o<\/strong><\/h3>\n<p><strong>Como posso votar?<\/strong><\/p>\n<ol>\n<li>Comprovante de identidade e registro em uma lista eleitoral.<\/li>\n<li>Pegue um envelope + as c\u00e9dulas de vota\u00e7\u00e3o de cada lista<\/li>\n<li>Na cabine de vota\u00e7\u00e3o, coloque apenas a c\u00e9dula de sua escolha no envelope.<\/li>\n<li>Coloque seu envelope na urna e assine a lista de eleitores.<\/li>\n<\/ol>\n<p><strong>Quem pode votar?<br \/>\n<\/strong>Os eleitores.<\/p>\n<p><strong>Onde posso votar?<\/strong><br \/>\nNas se\u00e7\u00f5es eleitorais (salas na Universidade reservadas para as elei\u00e7\u00f5es) indicadas na ordem de organiza\u00e7\u00e3o das elei\u00e7\u00f5es.<\/p>\n<p><strong>Quando voc\u00ea deve votar?<\/strong><br \/>\nDia da vota\u00e7\u00e3o: dia da elei\u00e7\u00e3o para uma faculdade durante o hor\u00e1rio programado.<\/p>\n<h3>Envio de sua solicita\u00e7\u00e3o<\/h3>\n<p>Preenchimento dos formul\u00e1rios: (entre em contato com o componente, a estrutura ou o departamento respons\u00e1vel pelo formul\u00e1rio)<br \/>\nlhe diz respeito). N\u00e3o se esque\u00e7a de seus documentos de apoio. Respeite os prazos e os procedimentos de transmiss\u00e3o.<\/p>\n<p><strong>Quem pode se inscrever?<br \/>\n<\/strong>Eleitores<\/p>\n<p><strong>Quais documentos eu preciso preencher?<br \/>\n<\/strong>Se apenas uma pessoa for eleita: o formul\u00e1rio de indica\u00e7\u00e3o individual<br \/>\nSe houver pelo menos duas pessoas a serem eleitas: o formul\u00e1rio de indica\u00e7\u00e3o de lista + o formul\u00e1rio de indica\u00e7\u00e3o individual para cada pessoa da lista<\/p>\n<\/div>\n<\/div>\n<div class=\"wpb_text_column wpb_content_element\">\n<div class=\"wpb_wrapper\">\n<p>*Para usu\u00e1rios em que um membro titular deva ser eleito, o formul\u00e1rio de solicita\u00e7\u00e3o de lista ser\u00e1 usado para inserir o nome do membro substituto.<\/p>\n<\/div>\n<\/div>\n<div class=\"wpb_text_column wpb_content_element\">\n<div class=\"wpb_wrapper\">\n<h3>Contatos<\/h3>\n<div class=\"page\" title=\"P\u00e1gina 2\">\n<div class=\"section\">\n<div class=\"layoutArea\">\n<div class=\"column\">\n<p><a href=\"https:\/\/web.archive.org\/web\/20230717234642\/mailto:electionsecoledoctorale2023@univ-guyane.fr\">electionsecoledoctorale2023@univ-guyane.fr<\/a><br \/>\n<a href=\"https:\/\/web.archive.org\/web\/20230717234642\/mailto:electionsIUTDEKOUROU2023@univ-guyane.fr\">electionsIUTDEKOUROU2023@univ-guyane.fr<\/a><br \/>\n<a href=\"https:\/\/web.archive.org\/web\/20230717234642\/http:\/\/univ-guyane.fr\/\">electionsCFAU2023@univ-guyane.fr<\/a><br \/>\n<a href=\"https:\/\/web.archive.org\/web\/20230717234642\/mailto:electionsSUAPS2023@univ-guyane.fr\">electionsSUAPS2023@univ-guyane.fr<\/a><br \/>\n<a href=\"https:\/\/web.archive.org\/web\/20230717234642\/mailto:electionsMINEA2023@univ-guyane.fr\">electionsMINEA2023@univ-guyane.fr<\/a><br \/>\n<a href=\"https:\/\/web.archive.org\/web\/20230717234642\/mailto:electionsINSPE2023@univ-guyane.fr\">electionsINSPE2023@univ-guyane.fr<\/a><br \/>\n<a href=\"https:\/\/web.archive.org\/web\/20230717234642\/mailto:electionsLSH2023@univ-guyane.fr\">electionsLSH2023@univ-guyane.fr<\/a><br \/>\n<a href=\"https:\/\/web.archive.org\/web\/20230717234642\/mailto:electionsST2023@univ-guyane.fr\">electionsST2023@univ-guyane.fr<\/a><br \/>\n<a href=\"https:\/\/web.archive.org\/web\/20230717234642\/mailto:electionsSJE2023@univ-guyane.fr\">electionsSJE2023@univ-guyane.fr<\/a><\/p>\n<h3>Fa\u00e7a o download dos documentos<\/h3>\n<p><strong>Enquete em 21 de mar\u00e7o<\/strong><br \/>\n<a href=\"https:\/\/web.archive.org\/web\/20230717234642\/https:\/\/www.univ-guyane.fr\/ugfm\/docs\/elections\/2023\/ELECTIONS-ECOLE-DOCTORALE---IUT-DE-KOUROU---CFA-U-ET-SUAPS\/DECLARATION-DE-CANDIDATURE-DE-LISTE-POUR-L-ECOLE-DOCTORALE---IUT-DE-KOUROU---CFA-U---SUAPS_SCRUTIN-DU-21-MARS-2023.pdf\">Lista de candidatos<\/a><br \/>\n<a href=\"https:\/\/web.archive.org\/web\/20230717234642\/https:\/\/www.univ-guyane.fr\/ugfm\/docs\/elections\/2023\/ELECTIONS-ECOLE-DOCTORALE---IUT-DE-KOUROU---CFA-U-ET-SUAPS\/DECLARATION-INDIVIDUELLE-DE-CANDIDATURE-POUR-L-ECOLE-DOCTORALE---IUT-DE-KOUROU---CFA-U---SUAPS_SCRUTIN-DU-21-MARS-2023.pdf\">Declara\u00e7\u00e3o individual de candidatura<\/a><br \/>\n<a href=\"https:\/\/web.archive.org\/web\/20230717234642\/https:\/\/www.univ-guyane.fr\/ugfm\/docs\/elections\/2023\/ELECTIONS-ECOLE-DOCTORALE---IUT-DE-KOUROU---CFA-U-ET-SUAPS\/DEMANDE-D-INSCRIPTION-OU-DE-RECTIFICATION---LISTE-ELECTORALE-POUR-L-ECOLE-DOCTORALE---IUT-DE-KOUROU---CFA-U---SUAPS_SCRUTIN-21-MARS.pdf\">Solicita\u00e7\u00e3o de inscri\u00e7\u00e3o\/retifica\u00e7\u00e3o da lista eleitoral<\/a><\/p>\n<p><strong>Enquete em 28 de mar\u00e7o<\/strong><br \/>\n<a href=\"https:\/\/web.archive.org\/web\/20230717234642\/https:\/\/www.univ-guyane.fr\/ugfm\/docs\/elections\/2023\/ELECTIONS-MINEA---INSPE---CFA-U---DFR-LSH---DFR-ST---DFR-SJE\/DECLARATION-DE-CANDIDATURE-DE-LISTE-POUR-MINEA---L-INSPE---LE-CFA-U---DFR-LSH---DFR-ST---DFR-SJE_SCRUTIN-DU-28-MARS-2023.pdf\">Lista de candidatos<\/a><br \/>\n<a href=\"https:\/\/web.archive.org\/web\/20230717234642\/https:\/\/www.univ-guyane.fr\/ugfm\/docs\/elections\/2023\/ELECTIONS-MINEA---INSPE---CFA-U---DFR-LSH---DFR-ST---DFR-SJE\/DECLARATION-INDIVIDUELLE-DE-CANDIDATURE-POUR-MINEA---L-INSPE---LE-CFA-U---DFR-LSH---DFR-ST---DFR-SJE_SCRUTIN-DU-28-MARS-2023.pdf\">Declara\u00e7\u00e3o individual de candidatura<\/a><br \/>\n<a href=\"https:\/\/web.archive.org\/web\/20230717234642\/https:\/\/www.univ-guyane.fr\/ugfm\/docs\/elections\/2023\/ELECTIONS-MINEA---INSPE---CFA-U---DFR-LSH---DFR-ST---DFR-SJE\/DEMANDE-D-INSCRIPTION-OU-DE-RECTIFICATION---LISTE-ELECTORALE-POUR--MINEA---L-INSPE---LE-CFA-U---DFR-LSH---DFR-ST---DFR-SJE_SCRUTIN-DU-28-MARS-2023.pdf\">Solicita\u00e7\u00e3o de inscri\u00e7\u00e3o\/retifica\u00e7\u00e3o da lista eleitoral<\/a><\/p>\n<\/div>\n<\/div>\n<\/div>\n<\/div>\n<\/div>\n<\/div>\n<\/div>\n\n\n\n\n\t\t\t<\/div> \n\t\t<\/div>\n\t<\/div> \n<\/div><\/div>","protected":false},"excerpt":{"rendered":"Nos dias 21 e 28 de mar\u00e7o, ser\u00e1 a hora de eleger as pessoas que desejam fazer parte da...","protected":false},"author":1,"featured_media":8579,"comment_status":"closed","ping_status":"open","sticky":false,"template":"","format":"standard","meta":{"iawp_total_views":40,"footnotes":""},"categories":[230],"tags":[],"class_list":{"0":"post-8577","1":"post","2":"type-post","3":"status-publish","4":"format-standard","5":"has-post-thumbnail","7":"category-elections"},"yoast_head":"<!-- This site is optimized with the Yoast SEO plugin v27.5 - https:\/\/yoast.com\/product\/yoast-seo-wordpress\/ -->\n<title>\u00c9lections du 21 &amp; 28 mars 2023 &#8212; Universit\u00e9 de Guyane<\/title>\n<meta name=\"description\" content=\"D\u00e9couvrez les \u00e9lections au sein du laboratoire MIN\u00c9A, de l\u2019INSP\u00c9, des d\u00e9partements de formation et de recherche LSH, ST et SJE.\" \/>\n<meta name=\"robots\" content=\"index, follow, max-snippet:-1, max-image-preview:large, max-video-preview:-1\" \/>\n<link rel=\"canonical\" href=\"https:\/\/www.univ-guyane.fr\/pt\/2023\/03\/10\/elections-du-21-28-mars-2023\/\" \/>\n<meta property=\"og:locale\" content=\"pt_BR\" \/>\n<meta property=\"og:type\" content=\"article\" \/>\n<meta property=\"og:title\" content=\"\u00c9lections du 21 &amp; 28 mars 2023 &#8212; Universit\u00e9 de Guyane\" \/>\n<meta property=\"og:description\" content=\"D\u00e9couvrez les \u00e9lections au sein du laboratoire MIN\u00c9A, de l\u2019INSP\u00c9, des d\u00e9partements de formation et de recherche LSH, ST et SJE.\" \/>\n<meta property=\"og:url\" content=\"https:\/\/www.univ-guyane.fr\/pt\/2023\/03\/10\/elections-du-21-28-mars-2023\/\" \/>\n<meta property=\"og:site_name\" content=\"Universit\u00e9 de Guyane\" \/>\n<meta property=\"article:publisher\" content=\"https:\/\/www.facebook.com\/univguyane\" \/>\n<meta property=\"article:published_time\" content=\"2023-03-10T12:53:29+00:00\" \/>\n<meta property=\"article:modified_time\" content=\"2024-06-18T12:56:54+00:00\" \/>\n<meta property=\"og:image\" content=\"https:\/\/www.univ-guyane.fr\/wp-content\/uploads\/elections-dfrs-suaps-cac-universite-de-guyane-janvier-2016-2-3-1.jpeg\" \/>\n\t<meta property=\"og:image:width\" content=\"2000\" \/>\n\t<meta property=\"og:image:height\" content=\"1406\" \/>\n\t<meta property=\"og:image:type\" content=\"image\/jpeg\" \/>\n<meta name=\"author\" content=\"Erick Loiti\u00e8re\" \/>\n<meta name=\"twitter:card\" content=\"summary_large_image\" \/>\n<meta name=\"twitter:creator\" content=\"@univguyane\" \/>\n<meta name=\"twitter:site\" content=\"@univguyane\" \/>\n<meta name=\"twitter:label1\" content=\"Escrito por\" \/>\n\t<meta name=\"twitter:data1\" content=\"Erick Loiti\u00e8re\" \/>\n\t<meta name=\"twitter:label2\" content=\"Est. tempo de leitura\" \/>\n\t<meta name=\"twitter:data2\" content=\"4 minutos\" \/>\n<script type=\"application\/ld+json\" class=\"yoast-schema-graph\">{\"@context\":\"https:\\\/\\\/schema.org\",\"@graph\":[{\"@type\":\"Article\",\"@id\":\"https:\\\/\\\/www.univ-guyane.fr\\\/2023\\\/03\\\/10\\\/elections-du-21-28-mars-2023\\\/#article\",\"isPartOf\":{\"@id\":\"https:\\\/\\\/www.univ-guyane.fr\\\/2023\\\/03\\\/10\\\/elections-du-21-28-mars-2023\\\/\"},\"author\":{\"name\":\"Erick Loiti\u00e8re\",\"@id\":\"https:\\\/\\\/www.univ-guyane.fr\\\/#\\\/schema\\\/person\\\/86d946a28a8be51bb096ccfdf19db179\"},\"headline\":\"\u00c9lections du 21 &#038; 28 mars 2023\",\"datePublished\":\"2023-03-10T12:53:29+00:00\",\"dateModified\":\"2024-06-18T12:56:54+00:00\",\"mainEntityOfPage\":{\"@id\":\"https:\\\/\\\/www.univ-guyane.fr\\\/2023\\\/03\\\/10\\\/elections-du-21-28-mars-2023\\\/\"},\"wordCount\":877,\"publisher\":{\"@id\":\"https:\\\/\\\/www.univ-guyane.fr\\\/#organization\"},\"image\":{\"@id\":\"https:\\\/\\\/www.univ-guyane.fr\\\/2023\\\/03\\\/10\\\/elections-du-21-28-mars-2023\\\/#primaryimage\"},\"thumbnailUrl\":\"https:\\\/\\\/www.univ-guyane.fr\\\/wp-content\\\/uploads\\\/elections-dfrs-suaps-cac-universite-de-guyane-janvier-2016-2-3-1.jpeg\",\"articleSection\":[\"\u2022 \u00c9lections\"],\"inLanguage\":\"pt-BR\"},{\"@type\":\"WebPage\",\"@id\":\"https:\\\/\\\/www.univ-guyane.fr\\\/2023\\\/03\\\/10\\\/elections-du-21-28-mars-2023\\\/\",\"url\":\"https:\\\/\\\/www.univ-guyane.fr\\\/2023\\\/03\\\/10\\\/elections-du-21-28-mars-2023\\\/\",\"name\":\"\u00c9lections du 21 & 28 mars 2023 &#8212; Universit\u00e9 de Guyane\",\"isPartOf\":{\"@id\":\"https:\\\/\\\/www.univ-guyane.fr\\\/#website\"},\"primaryImageOfPage\":{\"@id\":\"https:\\\/\\\/www.univ-guyane.fr\\\/2023\\\/03\\\/10\\\/elections-du-21-28-mars-2023\\\/#primaryimage\"},\"image\":{\"@id\":\"https:\\\/\\\/www.univ-guyane.fr\\\/2023\\\/03\\\/10\\\/elections-du-21-28-mars-2023\\\/#primaryimage\"},\"thumbnailUrl\":\"https:\\\/\\\/www.univ-guyane.fr\\\/wp-content\\\/uploads\\\/elections-dfrs-suaps-cac-universite-de-guyane-janvier-2016-2-3-1.jpeg\",\"datePublished\":\"2023-03-10T12:53:29+00:00\",\"dateModified\":\"2024-06-18T12:56:54+00:00\",\"description\":\"D\u00e9couvrez les \u00e9lections au sein du laboratoire MIN\u00c9A, de l\u2019INSP\u00c9, des d\u00e9partements de formation et de recherche LSH, ST et SJE.\",\"breadcrumb\":{\"@id\":\"https:\\\/\\\/www.univ-guyane.fr\\\/2023\\\/03\\\/10\\\/elections-du-21-28-mars-2023\\\/#breadcrumb\"},\"inLanguage\":\"pt-BR\",\"potentialAction\":[{\"@type\":\"ReadAction\",\"target\":[\"https:\\\/\\\/www.univ-guyane.fr\\\/2023\\\/03\\\/10\\\/elections-du-21-28-mars-2023\\\/\"]}]},{\"@type\":\"ImageObject\",\"inLanguage\":\"pt-BR\",\"@id\":\"https:\\\/\\\/www.univ-guyane.fr\\\/2023\\\/03\\\/10\\\/elections-du-21-28-mars-2023\\\/#primaryimage\",\"url\":\"https:\\\/\\\/www.univ-guyane.fr\\\/wp-content\\\/uploads\\\/elections-dfrs-suaps-cac-universite-de-guyane-janvier-2016-2-3-1.jpeg\",\"contentUrl\":\"https:\\\/\\\/www.univ-guyane.fr\\\/wp-content\\\/uploads\\\/elections-dfrs-suaps-cac-universite-de-guyane-janvier-2016-2-3-1.jpeg\",\"width\":2000,\"height\":1406,\"caption\":\"\u00c9lections du 21 & 28 mars 2023\"},{\"@type\":\"BreadcrumbList\",\"@id\":\"https:\\\/\\\/www.univ-guyane.fr\\\/2023\\\/03\\\/10\\\/elections-du-21-28-mars-2023\\\/#breadcrumb\",\"itemListElement\":[{\"@type\":\"ListItem\",\"position\":1,\"name\":\"Accueil\",\"item\":\"https:\\\/\\\/www.univ-guyane.fr\\\/\"},{\"@type\":\"ListItem\",\"position\":2,\"name\":\"\u00c9lections du 21 &#038; 28 mars 2023\"}]},{\"@type\":\"WebSite\",\"@id\":\"https:\\\/\\\/www.univ-guyane.fr\\\/#website\",\"url\":\"https:\\\/\\\/www.univ-guyane.fr\\\/\",\"name\":\"Universit\u00e9 de Guyane\",\"description\":\"Au c\u0153ur de l&#039;amazonie\",\"publisher\":{\"@id\":\"https:\\\/\\\/www.univ-guyane.fr\\\/#organization\"},\"alternateName\":\"UG\",\"potentialAction\":[{\"@type\":\"SearchAction\",\"target\":{\"@type\":\"EntryPoint\",\"urlTemplate\":\"https:\\\/\\\/www.univ-guyane.fr\\\/?s={search_term_string}\"},\"query-input\":{\"@type\":\"PropertyValueSpecification\",\"valueRequired\":true,\"valueName\":\"search_term_string\"}}],\"inLanguage\":\"pt-BR\"},{\"@type\":\"Organization\",\"@id\":\"https:\\\/\\\/www.univ-guyane.fr\\\/#organization\",\"name\":\"Universit\u00e9 de Guyane\",\"alternateName\":\"UG\",\"url\":\"https:\\\/\\\/www.univ-guyane.fr\\\/\",\"logo\":{\"@type\":\"ImageObject\",\"inLanguage\":\"pt-BR\",\"@id\":\"https:\\\/\\\/www.univ-guyane.fr\\\/#\\\/schema\\\/logo\\\/image\\\/\",\"url\":\"https:\\\/\\\/www.univ-guyane.fr\\\/wp-content\\\/uploads\\\/2024\\\/05\\\/f.png\",\"contentUrl\":\"https:\\\/\\\/www.univ-guyane.fr\\\/wp-content\\\/uploads\\\/2024\\\/05\\\/f.png\",\"width\":1024,\"height\":1024,\"caption\":\"Universit\u00e9 de Guyane\"},\"image\":{\"@id\":\"https:\\\/\\\/www.univ-guyane.fr\\\/#\\\/schema\\\/logo\\\/image\\\/\"},\"sameAs\":[\"https:\\\/\\\/www.facebook.com\\\/univguyane\",\"https:\\\/\\\/x.com\\\/univguyane\",\"https:\\\/\\\/gf.linkedin.com\\\/school\\\/universite-de-guyane\\\/\",\"https:\\\/\\\/www.instagram.com\\\/univ_guyane\\\/\"]},{\"@type\":\"Person\",\"@id\":\"https:\\\/\\\/www.univ-guyane.fr\\\/#\\\/schema\\\/person\\\/86d946a28a8be51bb096ccfdf19db179\",\"name\":\"Erick Loiti\u00e8re\",\"image\":{\"@type\":\"ImageObject\",\"inLanguage\":\"pt-BR\",\"@id\":\"https:\\\/\\\/secure.gravatar.com\\\/avatar\\\/0584f332103fbeaf37e52c73b15dca3c547fd9300deb05764e9ad8714839d072?s=96&d=robohash&r=g\",\"url\":\"https:\\\/\\\/secure.gravatar.com\\\/avatar\\\/0584f332103fbeaf37e52c73b15dca3c547fd9300deb05764e9ad8714839d072?s=96&d=robohash&r=g\",\"contentUrl\":\"https:\\\/\\\/secure.gravatar.com\\\/avatar\\\/0584f332103fbeaf37e52c73b15dca3c547fd9300deb05764e9ad8714839d072?s=96&d=robohash&r=g\",\"caption\":\"Erick Loiti\u00e8re\"},\"sameAs\":[\"http:\\\/\\\/www.univ-guyane.fr\"],\"url\":\"https:\\\/\\\/www.univ-guyane.fr\\\/pt\\\/author\\\/eloitierdbz\\\/\"}]}<\/script>\n<!-- \/ Yoast SEO plugin. -->","yoast_head_json":{"title":"\u00c9lections du 21 & 28 mars 2023 &#8212; Universit\u00e9 de Guyane","description":"D\u00e9couvrez les \u00e9lections au sein du laboratoire MIN\u00c9A, de l\u2019INSP\u00c9, des d\u00e9partements de formation et de recherche LSH, ST et SJE.","robots":{"index":"index","follow":"follow","max-snippet":"max-snippet:-1","max-image-preview":"max-image-preview:large","max-video-preview":"max-video-preview:-1"},"canonical":"https:\/\/www.univ-guyane.fr\/pt\/2023\/03\/10\/elections-du-21-28-mars-2023\/","og_locale":"pt_BR","og_type":"article","og_title":"\u00c9lections du 21 & 28 mars 2023 &#8212; Universit\u00e9 de Guyane","og_description":"D\u00e9couvrez les \u00e9lections au sein du laboratoire MIN\u00c9A, de l\u2019INSP\u00c9, des d\u00e9partements de formation et de recherche LSH, ST et SJE.","og_url":"https:\/\/www.univ-guyane.fr\/pt\/2023\/03\/10\/elections-du-21-28-mars-2023\/","og_site_name":"Universit\u00e9 de Guyane","article_publisher":"https:\/\/www.facebook.com\/univguyane","article_published_time":"2023-03-10T12:53:29+00:00","article_modified_time":"2024-06-18T12:56:54+00:00","og_image":[{"width":2000,"height":1406,"url":"https:\/\/www.univ-guyane.fr\/wp-content\/uploads\/elections-dfrs-suaps-cac-universite-de-guyane-janvier-2016-2-3-1.jpeg","type":"image\/jpeg"}],"author":"Erick Loiti\u00e8re","twitter_card":"summary_large_image","twitter_creator":"@univguyane","twitter_site":"@univguyane","twitter_misc":{"Escrito por":"Erick Loiti\u00e8re","Est. tempo de leitura":"4 minutos"},"schema":{"@context":"https:\/\/schema.org","@graph":[{"@type":"Article","@id":"https:\/\/www.univ-guyane.fr\/2023\/03\/10\/elections-du-21-28-mars-2023\/#article","isPartOf":{"@id":"https:\/\/www.univ-guyane.fr\/2023\/03\/10\/elections-du-21-28-mars-2023\/"},"author":{"name":"Erick Loiti\u00e8re","@id":"https:\/\/www.univ-guyane.fr\/#\/schema\/person\/86d946a28a8be51bb096ccfdf19db179"},"headline":"\u00c9lections du 21 &#038; 28 mars 2023","datePublished":"2023-03-10T12:53:29+00:00","dateModified":"2024-06-18T12:56:54+00:00","mainEntityOfPage":{"@id":"https:\/\/www.univ-guyane.fr\/2023\/03\/10\/elections-du-21-28-mars-2023\/"},"wordCount":877,"publisher":{"@id":"https:\/\/www.univ-guyane.fr\/#organization"},"image":{"@id":"https:\/\/www.univ-guyane.fr\/2023\/03\/10\/elections-du-21-28-mars-2023\/#primaryimage"},"thumbnailUrl":"https:\/\/www.univ-guyane.fr\/wp-content\/uploads\/elections-dfrs-suaps-cac-universite-de-guyane-janvier-2016-2-3-1.jpeg","articleSection":["\u2022 \u00c9lections"],"inLanguage":"pt-BR"},{"@type":"WebPage","@id":"https:\/\/www.univ-guyane.fr\/2023\/03\/10\/elections-du-21-28-mars-2023\/","url":"https:\/\/www.univ-guyane.fr\/2023\/03\/10\/elections-du-21-28-mars-2023\/","name":"\u00c9lections du 21 & 28 mars 2023 &#8212; Universit\u00e9 de Guyane","isPartOf":{"@id":"https:\/\/www.univ-guyane.fr\/#website"},"primaryImageOfPage":{"@id":"https:\/\/www.univ-guyane.fr\/2023\/03\/10\/elections-du-21-28-mars-2023\/#primaryimage"},"image":{"@id":"https:\/\/www.univ-guyane.fr\/2023\/03\/10\/elections-du-21-28-mars-2023\/#primaryimage"},"thumbnailUrl":"https:\/\/www.univ-guyane.fr\/wp-content\/uploads\/elections-dfrs-suaps-cac-universite-de-guyane-janvier-2016-2-3-1.jpeg","datePublished":"2023-03-10T12:53:29+00:00","dateModified":"2024-06-18T12:56:54+00:00","description":"D\u00e9couvrez les \u00e9lections au sein du laboratoire MIN\u00c9A, de l\u2019INSP\u00c9, des d\u00e9partements de formation et de recherche LSH, ST et SJE.","breadcrumb":{"@id":"https:\/\/www.univ-guyane.fr\/2023\/03\/10\/elections-du-21-28-mars-2023\/#breadcrumb"},"inLanguage":"pt-BR","potentialAction":[{"@type":"ReadAction","target":["https:\/\/www.univ-guyane.fr\/2023\/03\/10\/elections-du-21-28-mars-2023\/"]}]},{"@type":"ImageObject","inLanguage":"pt-BR","@id":"https:\/\/www.univ-guyane.fr\/2023\/03\/10\/elections-du-21-28-mars-2023\/#primaryimage","url":"https:\/\/www.univ-guyane.fr\/wp-content\/uploads\/elections-dfrs-suaps-cac-universite-de-guyane-janvier-2016-2-3-1.jpeg","contentUrl":"https:\/\/www.univ-guyane.fr\/wp-content\/uploads\/elections-dfrs-suaps-cac-universite-de-guyane-janvier-2016-2-3-1.jpeg","width":2000,"height":1406,"caption":"\u00c9lections du 21 & 28 mars 2023"},{"@type":"BreadcrumbList","@id":"https:\/\/www.univ-guyane.fr\/2023\/03\/10\/elections-du-21-28-mars-2023\/#breadcrumb","itemListElement":[{"@type":"ListItem","position":1,"name":"Accueil","item":"https:\/\/www.univ-guyane.fr\/"},{"@type":"ListItem","position":2,"name":"\u00c9lections du 21 &#038; 28 mars 2023"}]},{"@type":"WebSite","@id":"https:\/\/www.univ-guyane.fr\/#website","url":"https:\/\/www.univ-guyane.fr\/","name":"Universidade da Guiana","description":"No cora\u00e7\u00e3o da Amaz\u00f4nia","publisher":{"@id":"https:\/\/www.univ-guyane.fr\/#organization"},"alternateName":"UG","potentialAction":[{"@type":"SearchAction","target":{"@type":"EntryPoint","urlTemplate":"https:\/\/www.univ-guyane.fr\/?s={search_term_string}"},"query-input":{"@type":"PropertyValueSpecification","valueRequired":true,"valueName":"search_term_string"}}],"inLanguage":"pt-BR"},{"@type":"Organization","@id":"https:\/\/www.univ-guyane.fr\/#organization","name":"Universidade da Guiana","alternateName":"UG","url":"https:\/\/www.univ-guyane.fr\/","logo":{"@type":"ImageObject","inLanguage":"pt-BR","@id":"https:\/\/www.univ-guyane.fr\/#\/schema\/logo\/image\/","url":"https:\/\/www.univ-guyane.fr\/wp-content\/uploads\/2024\/05\/f.png","contentUrl":"https:\/\/www.univ-guyane.fr\/wp-content\/uploads\/2024\/05\/f.png","width":1024,"height":1024,"caption":"Universit\u00e9 de Guyane"},"image":{"@id":"https:\/\/www.univ-guyane.fr\/#\/schema\/logo\/image\/"},"sameAs":["https:\/\/www.facebook.com\/univguyane","https:\/\/x.com\/univguyane","https:\/\/gf.linkedin.com\/school\/universite-de-guyane\/","https:\/\/www.instagram.com\/univ_guyane\/"]},{"@type":"Person","@id":"https:\/\/www.univ-guyane.fr\/#\/schema\/person\/86d946a28a8be51bb096ccfdf19db179","name":"Erick Loiti\u00e8re","image":{"@type":"ImageObject","inLanguage":"pt-BR","@id":"https:\/\/secure.gravatar.com\/avatar\/0584f332103fbeaf37e52c73b15dca3c547fd9300deb05764e9ad8714839d072?s=96&d=robohash&r=g","url":"https:\/\/secure.gravatar.com\/avatar\/0584f332103fbeaf37e52c73b15dca3c547fd9300deb05764e9ad8714839d072?s=96&d=robohash&r=g","contentUrl":"https:\/\/secure.gravatar.com\/avatar\/0584f332103fbeaf37e52c73b15dca3c547fd9300deb05764e9ad8714839d072?s=96&d=robohash&r=g","caption":"Erick Loiti\u00e8re"},"sameAs":["http:\/\/www.univ-guyane.fr"],"url":"https:\/\/www.univ-guyane.fr\/pt\/author\/eloitierdbz\/"}]}},"_links":{"self":[{"href":"https:\/\/www.univ-guyane.fr\/pt\/wp-json\/wp\/v2\/posts\/8577","targetHints":{"allow":["GET"]}}],"collection":[{"href":"https:\/\/www.univ-guyane.fr\/pt\/wp-json\/wp\/v2\/posts"}],"about":[{"href":"https:\/\/www.univ-guyane.fr\/pt\/wp-json\/wp\/v2\/types\/post"}],"author":[{"embeddable":true,"href":"https:\/\/www.univ-guyane.fr\/pt\/wp-json\/wp\/v2\/users\/1"}],"replies":[{"embeddable":true,"href":"https:\/\/www.univ-guyane.fr\/pt\/wp-json\/wp\/v2\/comments?post=8577"}],"version-history":[{"count":1,"href":"https:\/\/www.univ-guyane.fr\/pt\/wp-json\/wp\/v2\/posts\/8577\/revisions"}],"predecessor-version":[{"id":8580,"href":"https:\/\/www.univ-guyane.fr\/pt\/wp-json\/wp\/v2\/posts\/8577\/revisions\/8580"}],"wp:featuredmedia":[{"embeddable":true,"href":"https:\/\/www.univ-guyane.fr\/pt\/wp-json\/wp\/v2\/media\/8579"}],"wp:attachment":[{"href":"https:\/\/www.univ-guyane.fr\/pt\/wp-json\/wp\/v2\/media?parent=8577"}],"wp:term":[{"taxonomy":"category","embeddable":true,"href":"https:\/\/www.univ-guyane.fr\/pt\/wp-json\/wp\/v2\/categories?post=8577"},{"taxonomy":"post_tag","embeddable":true,"href":"https:\/\/www.univ-guyane.fr\/pt\/wp-json\/wp\/v2\/tags?post=8577"}],"curies":[{"name":"wp","href":"https:\/\/api.w.org\/{rel}","templated":true}]}}