{"id":8589,"date":"2023-03-08T10:07:13","date_gmt":"2023-03-08T13:07:13","guid":{"rendered":"https:\/\/www.univ-guyane.fr\/?p=8589"},"modified":"2024-06-18T10:12:08","modified_gmt":"2024-06-18T13:12:08","slug":"la-fete-du-court-metrage-revient-a-lug","status":"publish","type":"post","link":"https:\/\/www.univ-guyane.fr\/pt\/2023\/03\/08\/la-fete-du-court-metrage-revient-a-lug\/","title":{"rendered":"O festival de curtas-metragens retorna \u00e0 UG"},"content":{"rendered":"<div id=\"fws_69f3d70d0204c\"  data-column-margin=\"default\" data-midnight=\"dark\"  class=\"wpb_row vc_row-fluid vc_row\"  style=\"padding-top: 0px; padding-bottom: 0px; \"><div class=\"row-bg-wrap\" data-bg-animation=\"none\" data-bg-animation-delay=\"\" data-bg-overlay=\"false\"><div class=\"inner-wrap row-bg-layer\" ><div class=\"row-bg viewport-desktop\"  style=\"\"><\/div><\/div><\/div><div class=\"row_col_wrap_12 col span_12 dark left\">\n\t<div  class=\"vc_col-sm-12 wpb_column column_container vc_column_container col no-extra-padding inherit_tablet inherit_phone\"  data-padding-pos=\"all\" data-has-bg-color=\"false\" data-bg-color=\"\" data-bg-opacity=\"1\" data-animation=\"\" data-delay=\"0\" >\n\t\t<div class=\"vc_column-inner\" >\n\t\t\t<div class=\"wpb_wrapper\">\n\t\t\t\t\n<div class=\"wpb_text_column wpb_content_element  chapo\" >\n\t<h2><strong>Marquem em seus calend\u00e1rios! O festival de curtas-metragens est\u00e1 de volta \u00e0 UG! Para marcar a ocasi\u00e3o, a escola est\u00e1 organizando 7 exibi\u00e7\u00f5es nos dias 16, 17, 18, 20 e 21 de mar\u00e7o de 2023 no Amphi E. Veja os detalhes do programa abaixo.<\/strong><\/h2>\n<\/div>\n\n\n\n\n<div class=\"wpb_text_column wpb_content_element\" >\n\t<div class=\"post-area col span_9\" role=\"main\">\n<article id=\"post-11677\" class=\"post-11677 post type-post status-publish format-standard has-post-thumbnail category-news-culture\">\n<div class=\"inner-wrap\">\n<div class=\"post-content\" data-hide-featured-media=\"0\">\n<div class=\"content-inner\">\n<div id=\"fws_64b5efb47c6f0\" class=\"wpb_row vc_row-fluid vc_row\" data-column-margin=\"default\" data-midnight=\"dark\">\n<div class=\"row_col_wrap_12 col span_12 dark left\">\n<div class=\"vc_col-sm-12 wpb_column column_container vc_column_container col no-extra-padding inherit_tablet inherit_phone\" data-padding-pos=\"all\" data-has-bg-color=\"false\" data-bg-color=\"\" data-bg-opacity=\"1\" data-animation=\"\" data-delay=\"0\">\n<div class=\"vc_column-inner\">\n<div class=\"wpb_wrapper\">\n<div class=\"wpb_text_column wpb_content_element\">\n<div class=\"wpb_wrapper\">\n<div id=\"lipsum\">\n<span class=\"nectar-dropcap\" >L <\/span>cinema est\u00e1 chegando \u00e0 UG para esta \u00faltima edi\u00e7\u00e3o do festival de curtas-metragens. Durante uma semana, a Universidade da Guiana est\u00e1 oferecendo a voc\u00ea a chance de descobrir uma sele\u00e7\u00e3o de curtas-metragens para o p\u00fablico em geral, gratuitamente. \u00c9 uma oportunidade de conhecer jovens cineastas e conversar com eles sobre seu trabalho e sua profiss\u00e3o, descobrir o trabalho da oficina de cinema, debater as quest\u00f5es sociais destacadas nos curtas-metragens...<\/p>\n<p>A Universidade da Guiana est\u00e1 participando dessa nova edi\u00e7\u00e3o com uma sele\u00e7\u00e3o de cerca de trinta filmes, incluindo uma grande variedade de curtas-metragens feitos na Guiana. H\u00e1 sete exibi\u00e7\u00f5es para estudantes, funcion\u00e1rios da universidade e o p\u00fablico em geral.\u00a0<strong>sem custo\u00a0<\/strong>: \u00a0<strong>16, 17, 18, 20 e 21 de mar\u00e7o na Amphi E<\/strong>.<\/p>\n<\/div>\n<\/div>\n<\/div>\n<\/div>\n<\/div>\n<\/div>\n<\/div>\n<\/div>\n<div id=\"fws_64b5efb47c8c0\" class=\"wpb_row vc_row-fluid vc_row\" data-column-margin=\"default\" data-midnight=\"dark\">\n<div class=\"row-bg-wrap\" data-bg-animation=\"none\" data-bg-animation-delay=\"\" data-bg-overlay=\"false\">\n<div class=\"inner-wrap row-bg-layer\">\n<div class=\"row-bg viewport-desktop\"><\/div>\n<\/div>\n<\/div>\n<div class=\"row_col_wrap_12 col span_12 dark left\">\n<div class=\"vc_col-sm-12 wpb_column column_container vc_column_container col no-extra-padding inherit_tablet inherit_phone\" data-padding-pos=\"all\" data-has-bg-color=\"false\" data-bg-color=\"\" data-bg-opacity=\"1\" data-animation=\"\" data-delay=\"0\">\n<div class=\"vc_column-inner\">\n<div class=\"wpb_wrapper\">\n<div class=\"wpb_text_column wpb_content_element vc_custom_1678453580506\">\n<div class=\"wpb_wrapper\">\n<p><strong>Programa<\/strong><br \/>\n<strong>16 de mar\u00e7o, \u00e0s 12 horas<\/strong>\u00a0- Abertura do festival de curtas-metragens. Foco na oficina de cinema. Descubra o trabalho dos alunos na oficina de cinema.<\/p>\n<hr \/>\n<p><strong>16 de mar\u00e7o, \u00e0s 18h<\/strong>\u00a0- Tema da sess\u00e3o: Assertividade\/Emancipa\u00e7\u00e3o. Descubra 4 curtas-metragens sobre adolesc\u00eancia e autoafirma\u00e7\u00e3o.<\/p>\n<hr \/>\n<p><strong>17 de mar\u00e7o, \u00e0s 12 horas<\/strong>\u00a0- Tema da sess\u00e3o: Anima\u00e7\u00f5es. Descubra 7 curtas-metragens feitos com imagens geradas por computador.<\/p>\n<hr \/>\n<p><strong>18 de mar\u00e7o, \u00e0s 10 horas.<\/strong>\u00a0- Tema da exibi\u00e7\u00e3o: Juventude. Jovens e adultos s\u00e3o convidados a descobrir uma sele\u00e7\u00e3o de 7 curtas-metragens (desenhos animados) voltados para os mais jovens.<\/p>\n<hr \/>\n<p><strong>20 de mar\u00e7o, \u00e0s 12 horas<\/strong>\u00a0- Tema da exibi\u00e7\u00e3o: Com\u00e9dias. Ser\u00e3o exibidos 4 curtas-metragens de com\u00e9dia.<\/p>\n<hr \/>\n<p><strong>21 de mar\u00e7o, \u00e0s 12 horas<\/strong>\u00a0- Tema da sess\u00e3o: Favorito dos organizadores. O comit\u00ea organizador sugerir\u00e1 seus 4 ou 5 curtas-metragens favoritos.<\/p>\n<hr \/>\n<p><strong>21 de mar\u00e7o, \u00e0s 18h<\/strong>\u00a0- Tema da sess\u00e3o: De casa! Descubra 4 ou 5 curtas-metragens de diretores locais.<\/p>\n<hr \/>\n<p><a href=\"https:\/\/web.archive.org\/web\/20230718014939\/https:\/\/www.univ-guyane.fr\/wp-content\/uploads\/programme-FDCM-3.pdf\">Programa do festival de curtas-metragens<\/a><\/p>\n<\/div>\n<\/div>\n<\/div>\n<\/div>\n<\/div>\n<\/div>\n<\/div>\n<\/div>\n<\/div>\n<\/div>\n<\/article>\n<\/div>\n<div id=\"sidebar\" class=\"col span_3 col_last\" data-nectar-ss=\"1\">\n<div class=\"n-sticky theiaStickySidebar\">\n<div id=\"nectar_popular_posts-4\" class=\"widget nectar_popular_posts_widget\">\n<ul class=\"nectar_blog_posts_popular nectar_widget\" data-style=\"hover-featured-image\">\n<li class=\"has-img\" data-views=\"3232\"><\/li>\n<\/ul>\n<\/div>\n<\/div>\n<\/div>\n<\/div>\n\n\n\n\n\t\t\t<\/div> \n\t\t<\/div>\n\t<\/div> \n<\/div><\/div>","protected":false},"excerpt":{"rendered":"Marquem em seus calend\u00e1rios! O festival de curtas-metragens est\u00e1 de volta \u00e0 UG! Para marcar a ocasi\u00e3o,...","protected":false},"author":1,"featured_media":8590,"comment_status":"closed","ping_status":"open","sticky":false,"template":"","format":"standard","meta":{"iawp_total_views":14,"footnotes":""},"categories":[239],"tags":[],"class_list":{"0":"post-8589","1":"post","2":"type-post","3":"status-publish","4":"format-standard","5":"has-post-thumbnail","7":"category-culture"},"yoast_head":"<!-- This site is optimized with the Yoast SEO plugin v27.5 - https:\/\/yoast.com\/product\/yoast-seo-wordpress\/ -->\n<title>La f\u00eate du court m\u00e9trage revient \u00e0 l\u2019UG &#8212; Universit\u00e9 de Guyane<\/title>\n<meta name=\"description\" content=\"Vivez la f\u00eate du court m\u00e9trage \u00e0 l&#039;UG. Profitez d&#039;une semaine de courts-m\u00e9trages gratuits, d\u00e9bats et rencontres avec les r\u00e9alisateurs.\" \/>\n<meta name=\"robots\" content=\"index, follow, max-snippet:-1, max-image-preview:large, max-video-preview:-1\" \/>\n<link rel=\"canonical\" href=\"https:\/\/www.univ-guyane.fr\/pt\/2023\/03\/08\/la-fete-du-court-metrage-revient-a-lug\/\" \/>\n<meta property=\"og:locale\" content=\"pt_BR\" \/>\n<meta property=\"og:type\" content=\"article\" \/>\n<meta property=\"og:title\" content=\"La f\u00eate du court m\u00e9trage revient \u00e0 l\u2019UG &#8212; Universit\u00e9 de Guyane\" \/>\n<meta property=\"og:description\" content=\"Vivez la f\u00eate du court m\u00e9trage \u00e0 l&#039;UG. Profitez d&#039;une semaine de courts-m\u00e9trages gratuits, d\u00e9bats et rencontres avec les r\u00e9alisateurs.\" \/>\n<meta property=\"og:url\" content=\"https:\/\/www.univ-guyane.fr\/pt\/2023\/03\/08\/la-fete-du-court-metrage-revient-a-lug\/\" \/>\n<meta property=\"og:site_name\" content=\"Universit\u00e9 de Guyane\" \/>\n<meta property=\"article:publisher\" content=\"https:\/\/www.facebook.com\/univguyane\" \/>\n<meta property=\"article:published_time\" content=\"2023-03-08T13:07:13+00:00\" \/>\n<meta property=\"article:modified_time\" content=\"2024-06-18T13:12:08+00:00\" \/>\n<meta property=\"og:image\" content=\"https:\/\/www.univ-guyane.fr\/wp-content\/uploads\/FDCM-2023-RTICLE.jpeg\" \/>\n\t<meta property=\"og:image:width\" content=\"1800\" \/>\n\t<meta property=\"og:image:height\" content=\"1013\" \/>\n\t<meta property=\"og:image:type\" content=\"image\/jpeg\" \/>\n<meta name=\"author\" content=\"Erick Loiti\u00e8re\" \/>\n<meta name=\"twitter:card\" content=\"summary_large_image\" \/>\n<meta name=\"twitter:creator\" content=\"@univguyane\" \/>\n<meta name=\"twitter:site\" content=\"@univguyane\" \/>\n<meta name=\"twitter:label1\" content=\"Escrito por\" \/>\n\t<meta name=\"twitter:data1\" content=\"Erick Loiti\u00e8re\" \/>\n\t<meta name=\"twitter:label2\" content=\"Est. tempo de leitura\" \/>\n\t<meta name=\"twitter:data2\" content=\"3 minutos\" \/>\n<script type=\"application\/ld+json\" class=\"yoast-schema-graph\">{\"@context\":\"https:\\\/\\\/schema.org\",\"@graph\":[{\"@type\":\"Article\",\"@id\":\"https:\\\/\\\/www.univ-guyane.fr\\\/2023\\\/03\\\/08\\\/la-fete-du-court-metrage-revient-a-lug\\\/#article\",\"isPartOf\":{\"@id\":\"https:\\\/\\\/www.univ-guyane.fr\\\/2023\\\/03\\\/08\\\/la-fete-du-court-metrage-revient-a-lug\\\/\"},\"author\":{\"name\":\"Erick Loiti\u00e8re\",\"@id\":\"https:\\\/\\\/www.univ-guyane.fr\\\/#\\\/schema\\\/person\\\/86d946a28a8be51bb096ccfdf19db179\"},\"headline\":\"La f\u00eate du court m\u00e9trage revient \u00e0 l\u2019UG\",\"datePublished\":\"2023-03-08T13:07:13+00:00\",\"dateModified\":\"2024-06-18T13:12:08+00:00\",\"mainEntityOfPage\":{\"@id\":\"https:\\\/\\\/www.univ-guyane.fr\\\/2023\\\/03\\\/08\\\/la-fete-du-court-metrage-revient-a-lug\\\/\"},\"wordCount\":553,\"publisher\":{\"@id\":\"https:\\\/\\\/www.univ-guyane.fr\\\/#organization\"},\"image\":{\"@id\":\"https:\\\/\\\/www.univ-guyane.fr\\\/2023\\\/03\\\/08\\\/la-fete-du-court-metrage-revient-a-lug\\\/#primaryimage\"},\"thumbnailUrl\":\"https:\\\/\\\/www.univ-guyane.fr\\\/wp-content\\\/uploads\\\/FDCM-2023-RTICLE.jpeg\",\"articleSection\":[\"\u2022 Culture\"],\"inLanguage\":\"pt-BR\"},{\"@type\":\"WebPage\",\"@id\":\"https:\\\/\\\/www.univ-guyane.fr\\\/2023\\\/03\\\/08\\\/la-fete-du-court-metrage-revient-a-lug\\\/\",\"url\":\"https:\\\/\\\/www.univ-guyane.fr\\\/2023\\\/03\\\/08\\\/la-fete-du-court-metrage-revient-a-lug\\\/\",\"name\":\"La f\u00eate du court m\u00e9trage revient \u00e0 l\u2019UG &#8212; Universit\u00e9 de Guyane\",\"isPartOf\":{\"@id\":\"https:\\\/\\\/www.univ-guyane.fr\\\/#website\"},\"primaryImageOfPage\":{\"@id\":\"https:\\\/\\\/www.univ-guyane.fr\\\/2023\\\/03\\\/08\\\/la-fete-du-court-metrage-revient-a-lug\\\/#primaryimage\"},\"image\":{\"@id\":\"https:\\\/\\\/www.univ-guyane.fr\\\/2023\\\/03\\\/08\\\/la-fete-du-court-metrage-revient-a-lug\\\/#primaryimage\"},\"thumbnailUrl\":\"https:\\\/\\\/www.univ-guyane.fr\\\/wp-content\\\/uploads\\\/FDCM-2023-RTICLE.jpeg\",\"datePublished\":\"2023-03-08T13:07:13+00:00\",\"dateModified\":\"2024-06-18T13:12:08+00:00\",\"description\":\"Vivez la f\u00eate du court m\u00e9trage \u00e0 l'UG. Profitez d'une semaine de courts-m\u00e9trages gratuits, d\u00e9bats et rencontres avec les r\u00e9alisateurs.\",\"breadcrumb\":{\"@id\":\"https:\\\/\\\/www.univ-guyane.fr\\\/2023\\\/03\\\/08\\\/la-fete-du-court-metrage-revient-a-lug\\\/#breadcrumb\"},\"inLanguage\":\"pt-BR\",\"potentialAction\":[{\"@type\":\"ReadAction\",\"target\":[\"https:\\\/\\\/www.univ-guyane.fr\\\/2023\\\/03\\\/08\\\/la-fete-du-court-metrage-revient-a-lug\\\/\"]}]},{\"@type\":\"ImageObject\",\"inLanguage\":\"pt-BR\",\"@id\":\"https:\\\/\\\/www.univ-guyane.fr\\\/2023\\\/03\\\/08\\\/la-fete-du-court-metrage-revient-a-lug\\\/#primaryimage\",\"url\":\"https:\\\/\\\/www.univ-guyane.fr\\\/wp-content\\\/uploads\\\/FDCM-2023-RTICLE.jpeg\",\"contentUrl\":\"https:\\\/\\\/www.univ-guyane.fr\\\/wp-content\\\/uploads\\\/FDCM-2023-RTICLE.jpeg\",\"width\":1800,\"height\":1013,\"caption\":\"La f\u00eate du court m\u00e9trage revient \u00e0 l\u2019UG\"},{\"@type\":\"BreadcrumbList\",\"@id\":\"https:\\\/\\\/www.univ-guyane.fr\\\/2023\\\/03\\\/08\\\/la-fete-du-court-metrage-revient-a-lug\\\/#breadcrumb\",\"itemListElement\":[{\"@type\":\"ListItem\",\"position\":1,\"name\":\"Accueil\",\"item\":\"https:\\\/\\\/www.univ-guyane.fr\\\/\"},{\"@type\":\"ListItem\",\"position\":2,\"name\":\"La f\u00eate du court m\u00e9trage revient \u00e0 l\u2019UG\"}]},{\"@type\":\"WebSite\",\"@id\":\"https:\\\/\\\/www.univ-guyane.fr\\\/#website\",\"url\":\"https:\\\/\\\/www.univ-guyane.fr\\\/\",\"name\":\"Universit\u00e9 de Guyane\",\"description\":\"Au c\u0153ur de l&#039;amazonie\",\"publisher\":{\"@id\":\"https:\\\/\\\/www.univ-guyane.fr\\\/#organization\"},\"alternateName\":\"UG\",\"potentialAction\":[{\"@type\":\"SearchAction\",\"target\":{\"@type\":\"EntryPoint\",\"urlTemplate\":\"https:\\\/\\\/www.univ-guyane.fr\\\/?s={search_term_string}\"},\"query-input\":{\"@type\":\"PropertyValueSpecification\",\"valueRequired\":true,\"valueName\":\"search_term_string\"}}],\"inLanguage\":\"pt-BR\"},{\"@type\":\"Organization\",\"@id\":\"https:\\\/\\\/www.univ-guyane.fr\\\/#organization\",\"name\":\"Universit\u00e9 de Guyane\",\"alternateName\":\"UG\",\"url\":\"https:\\\/\\\/www.univ-guyane.fr\\\/\",\"logo\":{\"@type\":\"ImageObject\",\"inLanguage\":\"pt-BR\",\"@id\":\"https:\\\/\\\/www.univ-guyane.fr\\\/#\\\/schema\\\/logo\\\/image\\\/\",\"url\":\"https:\\\/\\\/www.univ-guyane.fr\\\/wp-content\\\/uploads\\\/2024\\\/05\\\/f.png\",\"contentUrl\":\"https:\\\/\\\/www.univ-guyane.fr\\\/wp-content\\\/uploads\\\/2024\\\/05\\\/f.png\",\"width\":1024,\"height\":1024,\"caption\":\"Universit\u00e9 de Guyane\"},\"image\":{\"@id\":\"https:\\\/\\\/www.univ-guyane.fr\\\/#\\\/schema\\\/logo\\\/image\\\/\"},\"sameAs\":[\"https:\\\/\\\/www.facebook.com\\\/univguyane\",\"https:\\\/\\\/x.com\\\/univguyane\",\"https:\\\/\\\/gf.linkedin.com\\\/school\\\/universite-de-guyane\\\/\",\"https:\\\/\\\/www.instagram.com\\\/univ_guyane\\\/\"]},{\"@type\":\"Person\",\"@id\":\"https:\\\/\\\/www.univ-guyane.fr\\\/#\\\/schema\\\/person\\\/86d946a28a8be51bb096ccfdf19db179\",\"name\":\"Erick Loiti\u00e8re\",\"image\":{\"@type\":\"ImageObject\",\"inLanguage\":\"pt-BR\",\"@id\":\"https:\\\/\\\/secure.gravatar.com\\\/avatar\\\/0584f332103fbeaf37e52c73b15dca3c547fd9300deb05764e9ad8714839d072?s=96&d=robohash&r=g\",\"url\":\"https:\\\/\\\/secure.gravatar.com\\\/avatar\\\/0584f332103fbeaf37e52c73b15dca3c547fd9300deb05764e9ad8714839d072?s=96&d=robohash&r=g\",\"contentUrl\":\"https:\\\/\\\/secure.gravatar.com\\\/avatar\\\/0584f332103fbeaf37e52c73b15dca3c547fd9300deb05764e9ad8714839d072?s=96&d=robohash&r=g\",\"caption\":\"Erick Loiti\u00e8re\"},\"sameAs\":[\"http:\\\/\\\/www.univ-guyane.fr\"],\"url\":\"https:\\\/\\\/www.univ-guyane.fr\\\/pt\\\/author\\\/eloitierdbz\\\/\"}]}<\/script>\n<!-- \/ Yoast SEO plugin. -->","yoast_head_json":{"title":"La f\u00eate du court m\u00e9trage revient \u00e0 l\u2019UG &#8212; Universit\u00e9 de Guyane","description":"Vivez la f\u00eate du court m\u00e9trage \u00e0 l'UG. Profitez d'une semaine de courts-m\u00e9trages gratuits, d\u00e9bats et rencontres avec les r\u00e9alisateurs.","robots":{"index":"index","follow":"follow","max-snippet":"max-snippet:-1","max-image-preview":"max-image-preview:large","max-video-preview":"max-video-preview:-1"},"canonical":"https:\/\/www.univ-guyane.fr\/pt\/2023\/03\/08\/la-fete-du-court-metrage-revient-a-lug\/","og_locale":"pt_BR","og_type":"article","og_title":"La f\u00eate du court m\u00e9trage revient \u00e0 l\u2019UG &#8212; Universit\u00e9 de Guyane","og_description":"Vivez la f\u00eate du court m\u00e9trage \u00e0 l'UG. Profitez d'une semaine de courts-m\u00e9trages gratuits, d\u00e9bats et rencontres avec les r\u00e9alisateurs.","og_url":"https:\/\/www.univ-guyane.fr\/pt\/2023\/03\/08\/la-fete-du-court-metrage-revient-a-lug\/","og_site_name":"Universit\u00e9 de Guyane","article_publisher":"https:\/\/www.facebook.com\/univguyane","article_published_time":"2023-03-08T13:07:13+00:00","article_modified_time":"2024-06-18T13:12:08+00:00","og_image":[{"width":1800,"height":1013,"url":"https:\/\/www.univ-guyane.fr\/wp-content\/uploads\/FDCM-2023-RTICLE.jpeg","type":"image\/jpeg"}],"author":"Erick Loiti\u00e8re","twitter_card":"summary_large_image","twitter_creator":"@univguyane","twitter_site":"@univguyane","twitter_misc":{"Escrito por":"Erick Loiti\u00e8re","Est. tempo de leitura":"3 minutos"},"schema":{"@context":"https:\/\/schema.org","@graph":[{"@type":"Article","@id":"https:\/\/www.univ-guyane.fr\/2023\/03\/08\/la-fete-du-court-metrage-revient-a-lug\/#article","isPartOf":{"@id":"https:\/\/www.univ-guyane.fr\/2023\/03\/08\/la-fete-du-court-metrage-revient-a-lug\/"},"author":{"name":"Erick Loiti\u00e8re","@id":"https:\/\/www.univ-guyane.fr\/#\/schema\/person\/86d946a28a8be51bb096ccfdf19db179"},"headline":"La f\u00eate du court m\u00e9trage revient \u00e0 l\u2019UG","datePublished":"2023-03-08T13:07:13+00:00","dateModified":"2024-06-18T13:12:08+00:00","mainEntityOfPage":{"@id":"https:\/\/www.univ-guyane.fr\/2023\/03\/08\/la-fete-du-court-metrage-revient-a-lug\/"},"wordCount":553,"publisher":{"@id":"https:\/\/www.univ-guyane.fr\/#organization"},"image":{"@id":"https:\/\/www.univ-guyane.fr\/2023\/03\/08\/la-fete-du-court-metrage-revient-a-lug\/#primaryimage"},"thumbnailUrl":"https:\/\/www.univ-guyane.fr\/wp-content\/uploads\/FDCM-2023-RTICLE.jpeg","articleSection":["\u2022 Culture"],"inLanguage":"pt-BR"},{"@type":"WebPage","@id":"https:\/\/www.univ-guyane.fr\/2023\/03\/08\/la-fete-du-court-metrage-revient-a-lug\/","url":"https:\/\/www.univ-guyane.fr\/2023\/03\/08\/la-fete-du-court-metrage-revient-a-lug\/","name":"La f\u00eate du court m\u00e9trage revient \u00e0 l\u2019UG &#8212; Universit\u00e9 de Guyane","isPartOf":{"@id":"https:\/\/www.univ-guyane.fr\/#website"},"primaryImageOfPage":{"@id":"https:\/\/www.univ-guyane.fr\/2023\/03\/08\/la-fete-du-court-metrage-revient-a-lug\/#primaryimage"},"image":{"@id":"https:\/\/www.univ-guyane.fr\/2023\/03\/08\/la-fete-du-court-metrage-revient-a-lug\/#primaryimage"},"thumbnailUrl":"https:\/\/www.univ-guyane.fr\/wp-content\/uploads\/FDCM-2023-RTICLE.jpeg","datePublished":"2023-03-08T13:07:13+00:00","dateModified":"2024-06-18T13:12:08+00:00","description":"Vivez la f\u00eate du court m\u00e9trage \u00e0 l'UG. Profitez d'une semaine de courts-m\u00e9trages gratuits, d\u00e9bats et rencontres avec les r\u00e9alisateurs.","breadcrumb":{"@id":"https:\/\/www.univ-guyane.fr\/2023\/03\/08\/la-fete-du-court-metrage-revient-a-lug\/#breadcrumb"},"inLanguage":"pt-BR","potentialAction":[{"@type":"ReadAction","target":["https:\/\/www.univ-guyane.fr\/2023\/03\/08\/la-fete-du-court-metrage-revient-a-lug\/"]}]},{"@type":"ImageObject","inLanguage":"pt-BR","@id":"https:\/\/www.univ-guyane.fr\/2023\/03\/08\/la-fete-du-court-metrage-revient-a-lug\/#primaryimage","url":"https:\/\/www.univ-guyane.fr\/wp-content\/uploads\/FDCM-2023-RTICLE.jpeg","contentUrl":"https:\/\/www.univ-guyane.fr\/wp-content\/uploads\/FDCM-2023-RTICLE.jpeg","width":1800,"height":1013,"caption":"La f\u00eate du court m\u00e9trage revient \u00e0 l\u2019UG"},{"@type":"BreadcrumbList","@id":"https:\/\/www.univ-guyane.fr\/2023\/03\/08\/la-fete-du-court-metrage-revient-a-lug\/#breadcrumb","itemListElement":[{"@type":"ListItem","position":1,"name":"Accueil","item":"https:\/\/www.univ-guyane.fr\/"},{"@type":"ListItem","position":2,"name":"La f\u00eate du court m\u00e9trage revient \u00e0 l\u2019UG"}]},{"@type":"WebSite","@id":"https:\/\/www.univ-guyane.fr\/#website","url":"https:\/\/www.univ-guyane.fr\/","name":"Universidade da Guiana","description":"No cora\u00e7\u00e3o da Amaz\u00f4nia","publisher":{"@id":"https:\/\/www.univ-guyane.fr\/#organization"},"alternateName":"UG","potentialAction":[{"@type":"SearchAction","target":{"@type":"EntryPoint","urlTemplate":"https:\/\/www.univ-guyane.fr\/?s={search_term_string}"},"query-input":{"@type":"PropertyValueSpecification","valueRequired":true,"valueName":"search_term_string"}}],"inLanguage":"pt-BR"},{"@type":"Organization","@id":"https:\/\/www.univ-guyane.fr\/#organization","name":"Universidade da Guiana","alternateName":"UG","url":"https:\/\/www.univ-guyane.fr\/","logo":{"@type":"ImageObject","inLanguage":"pt-BR","@id":"https:\/\/www.univ-guyane.fr\/#\/schema\/logo\/image\/","url":"https:\/\/www.univ-guyane.fr\/wp-content\/uploads\/2024\/05\/f.png","contentUrl":"https:\/\/www.univ-guyane.fr\/wp-content\/uploads\/2024\/05\/f.png","width":1024,"height":1024,"caption":"Universit\u00e9 de Guyane"},"image":{"@id":"https:\/\/www.univ-guyane.fr\/#\/schema\/logo\/image\/"},"sameAs":["https:\/\/www.facebook.com\/univguyane","https:\/\/x.com\/univguyane","https:\/\/gf.linkedin.com\/school\/universite-de-guyane\/","https:\/\/www.instagram.com\/univ_guyane\/"]},{"@type":"Person","@id":"https:\/\/www.univ-guyane.fr\/#\/schema\/person\/86d946a28a8be51bb096ccfdf19db179","name":"Erick Loiti\u00e8re","image":{"@type":"ImageObject","inLanguage":"pt-BR","@id":"https:\/\/secure.gravatar.com\/avatar\/0584f332103fbeaf37e52c73b15dca3c547fd9300deb05764e9ad8714839d072?s=96&d=robohash&r=g","url":"https:\/\/secure.gravatar.com\/avatar\/0584f332103fbeaf37e52c73b15dca3c547fd9300deb05764e9ad8714839d072?s=96&d=robohash&r=g","contentUrl":"https:\/\/secure.gravatar.com\/avatar\/0584f332103fbeaf37e52c73b15dca3c547fd9300deb05764e9ad8714839d072?s=96&d=robohash&r=g","caption":"Erick Loiti\u00e8re"},"sameAs":["http:\/\/www.univ-guyane.fr"],"url":"https:\/\/www.univ-guyane.fr\/pt\/author\/eloitierdbz\/"}]}},"_links":{"self":[{"href":"https:\/\/www.univ-guyane.fr\/pt\/wp-json\/wp\/v2\/posts\/8589","targetHints":{"allow":["GET"]}}],"collection":[{"href":"https:\/\/www.univ-guyane.fr\/pt\/wp-json\/wp\/v2\/posts"}],"about":[{"href":"https:\/\/www.univ-guyane.fr\/pt\/wp-json\/wp\/v2\/types\/post"}],"author":[{"embeddable":true,"href":"https:\/\/www.univ-guyane.fr\/pt\/wp-json\/wp\/v2\/users\/1"}],"replies":[{"embeddable":true,"href":"https:\/\/www.univ-guyane.fr\/pt\/wp-json\/wp\/v2\/comments?post=8589"}],"version-history":[{"count":1,"href":"https:\/\/www.univ-guyane.fr\/pt\/wp-json\/wp\/v2\/posts\/8589\/revisions"}],"predecessor-version":[{"id":8591,"href":"https:\/\/www.univ-guyane.fr\/pt\/wp-json\/wp\/v2\/posts\/8589\/revisions\/8591"}],"wp:featuredmedia":[{"embeddable":true,"href":"https:\/\/www.univ-guyane.fr\/pt\/wp-json\/wp\/v2\/media\/8590"}],"wp:attachment":[{"href":"https:\/\/www.univ-guyane.fr\/pt\/wp-json\/wp\/v2\/media?parent=8589"}],"wp:term":[{"taxonomy":"category","embeddable":true,"href":"https:\/\/www.univ-guyane.fr\/pt\/wp-json\/wp\/v2\/categories?post=8589"},{"taxonomy":"post_tag","embeddable":true,"href":"https:\/\/www.univ-guyane.fr\/pt\/wp-json\/wp\/v2\/tags?post=8589"}],"curies":[{"name":"wp","href":"https:\/\/api.w.org\/{rel}","templated":true}]}}