{"id":8634,"date":"2022-12-01T11:18:50","date_gmt":"2022-12-01T14:18:50","guid":{"rendered":"https:\/\/www.univ-guyane.fr\/?p=8634"},"modified":"2024-06-18T11:22:51","modified_gmt":"2024-06-18T14:22:51","slug":"la-bibliotheque-universitaire-de-guyane-remporte-lappel-a-projets-ami-emergences","status":"publish","type":"post","link":"https:\/\/www.univ-guyane.fr\/pt\/2022\/12\/01\/la-bibliotheque-universitaire-de-guyane-remporte-lappel-a-projets-ami-emergences\/","title":{"rendered":"A Biblioteca da Universidade da Guiana Francesa vence a chamada de projetos \"AMI EMERGENCES"},"content":{"rendered":"<div id=\"fws_69f3a868eb0b0\"  data-column-margin=\"default\" data-midnight=\"dark\"  class=\"wpb_row vc_row-fluid vc_row\"  style=\"padding-top: 0px; padding-bottom: 0px; \"><div class=\"row-bg-wrap\" data-bg-animation=\"none\" data-bg-animation-delay=\"\" data-bg-overlay=\"false\"><div class=\"inner-wrap row-bg-layer\" ><div class=\"row-bg viewport-desktop\"  style=\"\"><\/div><\/div><\/div><div class=\"row_col_wrap_12 col span_12 dark left\">\n\t<div  class=\"vc_col-sm-12 wpb_column column_container vc_column_container col no-extra-padding inherit_tablet inherit_phone\"  data-padding-pos=\"all\" data-has-bg-color=\"false\" data-bg-color=\"\" data-bg-opacity=\"1\" data-animation=\"\" data-delay=\"0\" >\n\t\t<div class=\"vc_column-inner\" >\n\t\t\t<div class=\"wpb_wrapper\">\n\t\t\t\t\n<div class=\"wpb_text_column wpb_content_element  chapo\" >\n\t<h2>O Servi\u00e7o de Documenta\u00e7\u00e3o Comum (SCD) venceu a chamada de projetos \"AMI EMERGENCES\". Trata-se do desenvolvimento de um m\u00f3dulo de ensino \u00e0 dist\u00e2ncia sobre propriedade intelectual e pl\u00e1gio, que ser\u00e1 oferecido a todos os alunos da UG, desde a gradua\u00e7\u00e3o at\u00e9 o doutorado.<\/h2>\n<\/div>\n\n\n\n\n<div class=\"wpb_text_column wpb_content_element\" >\n\t<p><span class=\"nectar-dropcap\" >D <\/span>esde que foi criado, o Servi\u00e7o de Documenta\u00e7\u00e3o Comum (SCD) da Universidade da Guiana embarcou em uma revis\u00e3o gradual de seu ensino e introduziu uma din\u00e2mica de ensino nova, ativa e inovadora. Para isso, foram criados nove jogos educativos e uma hist\u00f3ria em quadrinhos para ajudar os alunos a aprender a pesquisar documentos. Com base nessa experi\u00eancia, o SCD est\u00e1 agora embarcando no desenvolvimento de um m\u00f3dulo de ensino \u00e0 dist\u00e2ncia sobre propriedade intelectual e pl\u00e1gio, que ser\u00e1 oferecido a todos os alunos da UG, desde a gradua\u00e7\u00e3o at\u00e9 o doutorado. Esse projeto foi enviado para a chamada de projetos da AMI Emergences, que concordou em apoi\u00e1-lo com o valor de 58.000 euros durante dois anos. O projeto \u00e9 apoiado pelo Minist\u00e9rio de Ensino Superior e Pesquisa da Fran\u00e7a.<\/p>\n<p>O pl\u00e1gio \u00e9 um problema recorrente em n\u00edvel nacional e internacional, prejudicando a qualidade dos diplomas concedidos pelas universidades e sabotando a confian\u00e7a na pesquisa cient\u00edfica. \u00c9 por isso que todo o conte\u00fado produzido ser\u00e1 distribu\u00eddo gratuitamente no arquivo aberto Zenodo e na plataforma nacional de ensino on-line Callisto, administrada pela rede GIS URFIST. Ele ser\u00e1 compartilhado sob uma licen\u00e7a Creative Commons BY NC SA gratuita, e cada institui\u00e7\u00e3o ter\u00e1 liberdade para reutiliz\u00e1-lo no todo ou em parte, desde que a Universidade da Guiana seja citada.<\/p>\n<p>O m\u00f3dulo de ensino alternar\u00e1 entre quatro v\u00eddeos instrucionais (ou s\u00e9ries de v\u00eddeos instrucionais curtos com dura\u00e7\u00e3o de cerca de 10 minutos) e tr\u00eas videogames, de modo que as habilidades adquiridas possam ser colocadas em pr\u00e1tica. Esses v\u00eddeos te\u00f3ricos ser\u00e3o divididos em quatro temas: I. Propriedade intelectual 2. Pl\u00e1gio 3. Reda\u00e7\u00e3o de uma bibliografia 4. Software de gerenciamento de refer\u00eancias bibliogr\u00e1ficas. Eles ser\u00e3o baseados em cursos j\u00e1 desenvolvidos pelo SCD da UG e que foram objeto de v\u00e1rias apresenta\u00e7\u00f5es presenciais. Os roteiros dos v\u00eddeos e os pr\u00f3prios v\u00eddeos ser\u00e3o revisados e corrigidos antes e depois do curso por Rose-Marie Borges, professora s\u00eanior de Direito Privado na Universidade de Clermont Auvergne (para os v\u00eddeos relacionados a quest\u00f5es jur\u00eddicas: v\u00eddeos 1 e 2) e por Anna\u00efg Mah\u00e9, professora s\u00eanior de Ci\u00eancias da Informa\u00e7\u00e3o e Comunica\u00e7\u00e3o na Unit\u00e9 R\u00e9gionale de Formation \u00e0 l'Information Scientifique et Technique (URFIST) em Paris (para os v\u00eddeos relacionados a quest\u00f5es de Informa\u00e7\u00f5es Cient\u00edficas e T\u00e9cnicas: v\u00eddeos 3 e 4).<\/p>\n<p>No que diz respeito aos videogames, a Universidade da Guiana assinou um acordo com a associa\u00e7\u00e3o \"Games for Citizens\" (sob a lei francesa de 1901), que atualmente tem mais de 20 universidades parceiras e \u00e9 apoiada pela Sorbonne Universit\u00e9, o MEN e o MESRI. O objetivo desse cons\u00f3rcio \u00e9 apoiar os projetos de videogame das institui\u00e7\u00f5es parceiras, reunindo seus pontos fortes e recursos, especialmente mantendo uma equipe permanente de profissionais de videogame (designers de jogos, artistas gr\u00e1ficos, desenvolvedores etc.). Dentro dessa plataforma, a Universidade da Guiana deseja desenvolver dois novos jogos sobre o tema da propriedade intelectual e do pl\u00e1gio, e personalizar as perguntas do jogo Masters Quiz j\u00e1 dispon\u00edvel.<\/p>\n<p>Al\u00e9m da vers\u00e3o em franc\u00eas, esses jogos ter\u00e3o vers\u00f5es em ingl\u00eas, espanhol e portugu\u00eas, os principais idiomas da Am\u00e9rica Latina. Desde 2015, a Vice-Presid\u00eancia de Rela\u00e7\u00f5es Internacionais da UG assinou conv\u00eanios com dezenas de universidades sul-americanas, principalmente na Guiana, no Suriname e no Brasil. H\u00e1 tamb\u00e9m conv\u00eanios com universidades africanas, principalmente no Senegal. A cria\u00e7\u00e3o desses jogos em v\u00e1rios idiomas possibilitar\u00e1 a promo\u00e7\u00e3o internacional dessas produ\u00e7\u00f5es e o estabelecimento de um v\u00ednculo entre o Servi\u00e7o de Documenta\u00e7\u00e3o Comum da UG e as bibliotecas dessas outras universidades para futuras coopera\u00e7\u00f5es. O lan\u00e7amento do m\u00f3dulo est\u00e1 programado para o in\u00edcio de 2024.<\/p>\n<\/div>\n\n\n\n\n\t\t\t<\/div> \n\t\t<\/div>\n\t<\/div> \n<\/div><\/div>","protected":false},"excerpt":{"rendered":"O Servi\u00e7o de Documenta\u00e7\u00e3o Comum (SCD) venceu a chamada para projetos \"AMI EMERGENCES\" ....","protected":false},"author":1,"featured_media":0,"comment_status":"closed","ping_status":"open","sticky":false,"template":"","format":"standard","meta":{"iawp_total_views":48,"footnotes":""},"categories":[232,156],"tags":[],"class_list":{"0":"post-8634","1":"post","2":"type-post","3":"status-publish","4":"format-standard","6":"category-bibliotheque","7":"category-campus"},"yoast_head":"<!-- This site is optimized with the Yoast SEO plugin v27.5 - https:\/\/yoast.com\/product\/yoast-seo-wordpress\/ -->\n<title>La biblioth\u00e8que universitaire de Guyane remporte l\u2019appel \u00e0 projets \u00ab AMI EMERGENCES \u00bb &#8212; Universit\u00e9 de Guyane<\/title>\n<meta name=\"description\" content=\"L&#039;Universit\u00e9 de Guyane remporte l&#039;appel \u00e0 projet sur la formation \u00e0 distance en propri\u00e9t\u00e9 intellectuelle et plagiat, soutenu par le Minist\u00e8re de l&#039;Enseignement Sup\u00e9rieur.\" \/>\n<meta name=\"robots\" content=\"index, follow, max-snippet:-1, max-image-preview:large, max-video-preview:-1\" \/>\n<link rel=\"canonical\" href=\"https:\/\/www.univ-guyane.fr\/pt\/2022\/12\/01\/la-bibliotheque-universitaire-de-guyane-remporte-lappel-a-projets-ami-emergences\/\" \/>\n<meta property=\"og:locale\" content=\"pt_BR\" \/>\n<meta property=\"og:type\" content=\"article\" \/>\n<meta property=\"og:title\" content=\"La biblioth\u00e8que universitaire de Guyane remporte l\u2019appel \u00e0 projets \u00ab AMI EMERGENCES \u00bb &#8212; Universit\u00e9 de Guyane\" \/>\n<meta property=\"og:description\" content=\"L&#039;Universit\u00e9 de Guyane remporte l&#039;appel \u00e0 projet sur la formation \u00e0 distance en propri\u00e9t\u00e9 intellectuelle et plagiat, soutenu par le Minist\u00e8re de l&#039;Enseignement Sup\u00e9rieur.\" \/>\n<meta property=\"og:url\" content=\"https:\/\/www.univ-guyane.fr\/pt\/2022\/12\/01\/la-bibliotheque-universitaire-de-guyane-remporte-lappel-a-projets-ami-emergences\/\" \/>\n<meta property=\"og:site_name\" content=\"Universit\u00e9 de Guyane\" \/>\n<meta property=\"article:publisher\" content=\"https:\/\/www.facebook.com\/univguyane\" \/>\n<meta property=\"article:published_time\" content=\"2022-12-01T14:18:50+00:00\" \/>\n<meta property=\"article:modified_time\" content=\"2024-06-18T14:22:51+00:00\" \/>\n<meta property=\"og:image\" content=\"https:\/\/www.univ-guyane.fr\/wp-content\/uploads\/www-site-universite-de-guyane.jpg\" \/>\n\t<meta property=\"og:image:width\" content=\"1200\" \/>\n\t<meta property=\"og:image:height\" content=\"653\" \/>\n\t<meta property=\"og:image:type\" content=\"image\/jpeg\" \/>\n<meta name=\"author\" content=\"Erick Loiti\u00e8re\" \/>\n<meta name=\"twitter:card\" content=\"summary_large_image\" \/>\n<meta name=\"twitter:creator\" content=\"@univguyane\" \/>\n<meta name=\"twitter:site\" content=\"@univguyane\" \/>\n<meta name=\"twitter:label1\" content=\"Escrito por\" \/>\n\t<meta name=\"twitter:data1\" content=\"Erick Loiti\u00e8re\" \/>\n\t<meta name=\"twitter:label2\" content=\"Est. tempo de leitura\" \/>\n\t<meta name=\"twitter:data2\" content=\"4 minutos\" \/>\n<script type=\"application\/ld+json\" class=\"yoast-schema-graph\">{\"@context\":\"https:\\\/\\\/schema.org\",\"@graph\":[{\"@type\":\"Article\",\"@id\":\"https:\\\/\\\/www.univ-guyane.fr\\\/2022\\\/12\\\/01\\\/la-bibliotheque-universitaire-de-guyane-remporte-lappel-a-projets-ami-emergences\\\/#article\",\"isPartOf\":{\"@id\":\"https:\\\/\\\/www.univ-guyane.fr\\\/2022\\\/12\\\/01\\\/la-bibliotheque-universitaire-de-guyane-remporte-lappel-a-projets-ami-emergences\\\/\"},\"author\":{\"name\":\"Erick Loiti\u00e8re\",\"@id\":\"https:\\\/\\\/www.univ-guyane.fr\\\/#\\\/schema\\\/person\\\/86d946a28a8be51bb096ccfdf19db179\"},\"headline\":\"La biblioth\u00e8que universitaire de Guyane remporte l\u2019appel \u00e0 projets \u00ab AMI EMERGENCES \u00bb\",\"datePublished\":\"2022-12-01T14:18:50+00:00\",\"dateModified\":\"2024-06-18T14:22:51+00:00\",\"mainEntityOfPage\":{\"@id\":\"https:\\\/\\\/www.univ-guyane.fr\\\/2022\\\/12\\\/01\\\/la-bibliotheque-universitaire-de-guyane-remporte-lappel-a-projets-ami-emergences\\\/\"},\"wordCount\":950,\"publisher\":{\"@id\":\"https:\\\/\\\/www.univ-guyane.fr\\\/#organization\"},\"articleSection\":[\"\u2022 Biblioth\u00e8que\",\"\u2022\u00a0Campus\"],\"inLanguage\":\"pt-BR\"},{\"@type\":\"WebPage\",\"@id\":\"https:\\\/\\\/www.univ-guyane.fr\\\/2022\\\/12\\\/01\\\/la-bibliotheque-universitaire-de-guyane-remporte-lappel-a-projets-ami-emergences\\\/\",\"url\":\"https:\\\/\\\/www.univ-guyane.fr\\\/2022\\\/12\\\/01\\\/la-bibliotheque-universitaire-de-guyane-remporte-lappel-a-projets-ami-emergences\\\/\",\"name\":\"La biblioth\u00e8que universitaire de Guyane remporte l\u2019appel \u00e0 projets \u00ab AMI EMERGENCES \u00bb &#8212; Universit\u00e9 de Guyane\",\"isPartOf\":{\"@id\":\"https:\\\/\\\/www.univ-guyane.fr\\\/#website\"},\"datePublished\":\"2022-12-01T14:18:50+00:00\",\"dateModified\":\"2024-06-18T14:22:51+00:00\",\"description\":\"L'Universit\u00e9 de Guyane remporte l'appel \u00e0 projet sur la formation \u00e0 distance en propri\u00e9t\u00e9 intellectuelle et plagiat, soutenu par le Minist\u00e8re de l'Enseignement Sup\u00e9rieur.\",\"breadcrumb\":{\"@id\":\"https:\\\/\\\/www.univ-guyane.fr\\\/2022\\\/12\\\/01\\\/la-bibliotheque-universitaire-de-guyane-remporte-lappel-a-projets-ami-emergences\\\/#breadcrumb\"},\"inLanguage\":\"pt-BR\",\"potentialAction\":[{\"@type\":\"ReadAction\",\"target\":[\"https:\\\/\\\/www.univ-guyane.fr\\\/2022\\\/12\\\/01\\\/la-bibliotheque-universitaire-de-guyane-remporte-lappel-a-projets-ami-emergences\\\/\"]}]},{\"@type\":\"BreadcrumbList\",\"@id\":\"https:\\\/\\\/www.univ-guyane.fr\\\/2022\\\/12\\\/01\\\/la-bibliotheque-universitaire-de-guyane-remporte-lappel-a-projets-ami-emergences\\\/#breadcrumb\",\"itemListElement\":[{\"@type\":\"ListItem\",\"position\":1,\"name\":\"Accueil\",\"item\":\"https:\\\/\\\/www.univ-guyane.fr\\\/\"},{\"@type\":\"ListItem\",\"position\":2,\"name\":\"La biblioth\u00e8que universitaire de Guyane remporte l\u2019appel \u00e0 projets \u00ab AMI EMERGENCES \u00bb\"}]},{\"@type\":\"WebSite\",\"@id\":\"https:\\\/\\\/www.univ-guyane.fr\\\/#website\",\"url\":\"https:\\\/\\\/www.univ-guyane.fr\\\/\",\"name\":\"Universit\u00e9 de Guyane\",\"description\":\"Au c\u0153ur de l&#039;amazonie\",\"publisher\":{\"@id\":\"https:\\\/\\\/www.univ-guyane.fr\\\/#organization\"},\"alternateName\":\"UG\",\"potentialAction\":[{\"@type\":\"SearchAction\",\"target\":{\"@type\":\"EntryPoint\",\"urlTemplate\":\"https:\\\/\\\/www.univ-guyane.fr\\\/?s={search_term_string}\"},\"query-input\":{\"@type\":\"PropertyValueSpecification\",\"valueRequired\":true,\"valueName\":\"search_term_string\"}}],\"inLanguage\":\"pt-BR\"},{\"@type\":\"Organization\",\"@id\":\"https:\\\/\\\/www.univ-guyane.fr\\\/#organization\",\"name\":\"Universit\u00e9 de Guyane\",\"alternateName\":\"UG\",\"url\":\"https:\\\/\\\/www.univ-guyane.fr\\\/\",\"logo\":{\"@type\":\"ImageObject\",\"inLanguage\":\"pt-BR\",\"@id\":\"https:\\\/\\\/www.univ-guyane.fr\\\/#\\\/schema\\\/logo\\\/image\\\/\",\"url\":\"https:\\\/\\\/www.univ-guyane.fr\\\/wp-content\\\/uploads\\\/2024\\\/05\\\/f.png\",\"contentUrl\":\"https:\\\/\\\/www.univ-guyane.fr\\\/wp-content\\\/uploads\\\/2024\\\/05\\\/f.png\",\"width\":1024,\"height\":1024,\"caption\":\"Universit\u00e9 de Guyane\"},\"image\":{\"@id\":\"https:\\\/\\\/www.univ-guyane.fr\\\/#\\\/schema\\\/logo\\\/image\\\/\"},\"sameAs\":[\"https:\\\/\\\/www.facebook.com\\\/univguyane\",\"https:\\\/\\\/x.com\\\/univguyane\",\"https:\\\/\\\/gf.linkedin.com\\\/school\\\/universite-de-guyane\\\/\",\"https:\\\/\\\/www.instagram.com\\\/univ_guyane\\\/\"]},{\"@type\":\"Person\",\"@id\":\"https:\\\/\\\/www.univ-guyane.fr\\\/#\\\/schema\\\/person\\\/86d946a28a8be51bb096ccfdf19db179\",\"name\":\"Erick Loiti\u00e8re\",\"image\":{\"@type\":\"ImageObject\",\"inLanguage\":\"pt-BR\",\"@id\":\"https:\\\/\\\/secure.gravatar.com\\\/avatar\\\/0584f332103fbeaf37e52c73b15dca3c547fd9300deb05764e9ad8714839d072?s=96&d=robohash&r=g\",\"url\":\"https:\\\/\\\/secure.gravatar.com\\\/avatar\\\/0584f332103fbeaf37e52c73b15dca3c547fd9300deb05764e9ad8714839d072?s=96&d=robohash&r=g\",\"contentUrl\":\"https:\\\/\\\/secure.gravatar.com\\\/avatar\\\/0584f332103fbeaf37e52c73b15dca3c547fd9300deb05764e9ad8714839d072?s=96&d=robohash&r=g\",\"caption\":\"Erick Loiti\u00e8re\"},\"sameAs\":[\"http:\\\/\\\/www.univ-guyane.fr\"],\"url\":\"https:\\\/\\\/www.univ-guyane.fr\\\/pt\\\/author\\\/eloitierdbz\\\/\"}]}<\/script>\n<!-- \/ Yoast SEO plugin. -->","yoast_head_json":{"title":"La biblioth\u00e8que universitaire de Guyane remporte l\u2019appel \u00e0 projets \u00ab AMI EMERGENCES \u00bb &#8212; Universit\u00e9 de Guyane","description":"L'Universit\u00e9 de Guyane remporte l'appel \u00e0 projet sur la formation \u00e0 distance en propri\u00e9t\u00e9 intellectuelle et plagiat, soutenu par le Minist\u00e8re de l'Enseignement Sup\u00e9rieur.","robots":{"index":"index","follow":"follow","max-snippet":"max-snippet:-1","max-image-preview":"max-image-preview:large","max-video-preview":"max-video-preview:-1"},"canonical":"https:\/\/www.univ-guyane.fr\/pt\/2022\/12\/01\/la-bibliotheque-universitaire-de-guyane-remporte-lappel-a-projets-ami-emergences\/","og_locale":"pt_BR","og_type":"article","og_title":"La biblioth\u00e8que universitaire de Guyane remporte l\u2019appel \u00e0 projets \u00ab AMI EMERGENCES \u00bb &#8212; Universit\u00e9 de Guyane","og_description":"L'Universit\u00e9 de Guyane remporte l'appel \u00e0 projet sur la formation \u00e0 distance en propri\u00e9t\u00e9 intellectuelle et plagiat, soutenu par le Minist\u00e8re de l'Enseignement Sup\u00e9rieur.","og_url":"https:\/\/www.univ-guyane.fr\/pt\/2022\/12\/01\/la-bibliotheque-universitaire-de-guyane-remporte-lappel-a-projets-ami-emergences\/","og_site_name":"Universit\u00e9 de Guyane","article_publisher":"https:\/\/www.facebook.com\/univguyane","article_published_time":"2022-12-01T14:18:50+00:00","article_modified_time":"2024-06-18T14:22:51+00:00","og_image":[{"width":1200,"height":653,"url":"https:\/\/www.univ-guyane.fr\/wp-content\/uploads\/www-site-universite-de-guyane.jpg","type":"image\/jpeg"}],"author":"Erick Loiti\u00e8re","twitter_card":"summary_large_image","twitter_creator":"@univguyane","twitter_site":"@univguyane","twitter_misc":{"Escrito por":"Erick Loiti\u00e8re","Est. tempo de leitura":"4 minutos"},"schema":{"@context":"https:\/\/schema.org","@graph":[{"@type":"Article","@id":"https:\/\/www.univ-guyane.fr\/2022\/12\/01\/la-bibliotheque-universitaire-de-guyane-remporte-lappel-a-projets-ami-emergences\/#article","isPartOf":{"@id":"https:\/\/www.univ-guyane.fr\/2022\/12\/01\/la-bibliotheque-universitaire-de-guyane-remporte-lappel-a-projets-ami-emergences\/"},"author":{"name":"Erick Loiti\u00e8re","@id":"https:\/\/www.univ-guyane.fr\/#\/schema\/person\/86d946a28a8be51bb096ccfdf19db179"},"headline":"La biblioth\u00e8que universitaire de Guyane remporte l\u2019appel \u00e0 projets \u00ab AMI EMERGENCES \u00bb","datePublished":"2022-12-01T14:18:50+00:00","dateModified":"2024-06-18T14:22:51+00:00","mainEntityOfPage":{"@id":"https:\/\/www.univ-guyane.fr\/2022\/12\/01\/la-bibliotheque-universitaire-de-guyane-remporte-lappel-a-projets-ami-emergences\/"},"wordCount":950,"publisher":{"@id":"https:\/\/www.univ-guyane.fr\/#organization"},"articleSection":["\u2022 Biblioth\u00e8que","\u2022\u00a0Campus"],"inLanguage":"pt-BR"},{"@type":"WebPage","@id":"https:\/\/www.univ-guyane.fr\/2022\/12\/01\/la-bibliotheque-universitaire-de-guyane-remporte-lappel-a-projets-ami-emergences\/","url":"https:\/\/www.univ-guyane.fr\/2022\/12\/01\/la-bibliotheque-universitaire-de-guyane-remporte-lappel-a-projets-ami-emergences\/","name":"La biblioth\u00e8que universitaire de Guyane remporte l\u2019appel \u00e0 projets \u00ab AMI EMERGENCES \u00bb &#8212; Universit\u00e9 de Guyane","isPartOf":{"@id":"https:\/\/www.univ-guyane.fr\/#website"},"datePublished":"2022-12-01T14:18:50+00:00","dateModified":"2024-06-18T14:22:51+00:00","description":"L'Universit\u00e9 de Guyane remporte l'appel \u00e0 projet sur la formation \u00e0 distance en propri\u00e9t\u00e9 intellectuelle et plagiat, soutenu par le Minist\u00e8re de l'Enseignement Sup\u00e9rieur.","breadcrumb":{"@id":"https:\/\/www.univ-guyane.fr\/2022\/12\/01\/la-bibliotheque-universitaire-de-guyane-remporte-lappel-a-projets-ami-emergences\/#breadcrumb"},"inLanguage":"pt-BR","potentialAction":[{"@type":"ReadAction","target":["https:\/\/www.univ-guyane.fr\/2022\/12\/01\/la-bibliotheque-universitaire-de-guyane-remporte-lappel-a-projets-ami-emergences\/"]}]},{"@type":"BreadcrumbList","@id":"https:\/\/www.univ-guyane.fr\/2022\/12\/01\/la-bibliotheque-universitaire-de-guyane-remporte-lappel-a-projets-ami-emergences\/#breadcrumb","itemListElement":[{"@type":"ListItem","position":1,"name":"Accueil","item":"https:\/\/www.univ-guyane.fr\/"},{"@type":"ListItem","position":2,"name":"La biblioth\u00e8que universitaire de Guyane remporte l\u2019appel \u00e0 projets \u00ab AMI EMERGENCES \u00bb"}]},{"@type":"WebSite","@id":"https:\/\/www.univ-guyane.fr\/#website","url":"https:\/\/www.univ-guyane.fr\/","name":"Universidade da Guiana","description":"No cora\u00e7\u00e3o da Amaz\u00f4nia","publisher":{"@id":"https:\/\/www.univ-guyane.fr\/#organization"},"alternateName":"UG","potentialAction":[{"@type":"SearchAction","target":{"@type":"EntryPoint","urlTemplate":"https:\/\/www.univ-guyane.fr\/?s={search_term_string}"},"query-input":{"@type":"PropertyValueSpecification","valueRequired":true,"valueName":"search_term_string"}}],"inLanguage":"pt-BR"},{"@type":"Organization","@id":"https:\/\/www.univ-guyane.fr\/#organization","name":"Universidade da Guiana","alternateName":"UG","url":"https:\/\/www.univ-guyane.fr\/","logo":{"@type":"ImageObject","inLanguage":"pt-BR","@id":"https:\/\/www.univ-guyane.fr\/#\/schema\/logo\/image\/","url":"https:\/\/www.univ-guyane.fr\/wp-content\/uploads\/2024\/05\/f.png","contentUrl":"https:\/\/www.univ-guyane.fr\/wp-content\/uploads\/2024\/05\/f.png","width":1024,"height":1024,"caption":"Universit\u00e9 de Guyane"},"image":{"@id":"https:\/\/www.univ-guyane.fr\/#\/schema\/logo\/image\/"},"sameAs":["https:\/\/www.facebook.com\/univguyane","https:\/\/x.com\/univguyane","https:\/\/gf.linkedin.com\/school\/universite-de-guyane\/","https:\/\/www.instagram.com\/univ_guyane\/"]},{"@type":"Person","@id":"https:\/\/www.univ-guyane.fr\/#\/schema\/person\/86d946a28a8be51bb096ccfdf19db179","name":"Erick Loiti\u00e8re","image":{"@type":"ImageObject","inLanguage":"pt-BR","@id":"https:\/\/secure.gravatar.com\/avatar\/0584f332103fbeaf37e52c73b15dca3c547fd9300deb05764e9ad8714839d072?s=96&d=robohash&r=g","url":"https:\/\/secure.gravatar.com\/avatar\/0584f332103fbeaf37e52c73b15dca3c547fd9300deb05764e9ad8714839d072?s=96&d=robohash&r=g","contentUrl":"https:\/\/secure.gravatar.com\/avatar\/0584f332103fbeaf37e52c73b15dca3c547fd9300deb05764e9ad8714839d072?s=96&d=robohash&r=g","caption":"Erick Loiti\u00e8re"},"sameAs":["http:\/\/www.univ-guyane.fr"],"url":"https:\/\/www.univ-guyane.fr\/pt\/author\/eloitierdbz\/"}]}},"_links":{"self":[{"href":"https:\/\/www.univ-guyane.fr\/pt\/wp-json\/wp\/v2\/posts\/8634","targetHints":{"allow":["GET"]}}],"collection":[{"href":"https:\/\/www.univ-guyane.fr\/pt\/wp-json\/wp\/v2\/posts"}],"about":[{"href":"https:\/\/www.univ-guyane.fr\/pt\/wp-json\/wp\/v2\/types\/post"}],"author":[{"embeddable":true,"href":"https:\/\/www.univ-guyane.fr\/pt\/wp-json\/wp\/v2\/users\/1"}],"replies":[{"embeddable":true,"href":"https:\/\/www.univ-guyane.fr\/pt\/wp-json\/wp\/v2\/comments?post=8634"}],"version-history":[{"count":1,"href":"https:\/\/www.univ-guyane.fr\/pt\/wp-json\/wp\/v2\/posts\/8634\/revisions"}],"predecessor-version":[{"id":8636,"href":"https:\/\/www.univ-guyane.fr\/pt\/wp-json\/wp\/v2\/posts\/8634\/revisions\/8636"}],"wp:attachment":[{"href":"https:\/\/www.univ-guyane.fr\/pt\/wp-json\/wp\/v2\/media?parent=8634"}],"wp:term":[{"taxonomy":"category","embeddable":true,"href":"https:\/\/www.univ-guyane.fr\/pt\/wp-json\/wp\/v2\/categories?post=8634"},{"taxonomy":"post_tag","embeddable":true,"href":"https:\/\/www.univ-guyane.fr\/pt\/wp-json\/wp\/v2\/tags?post=8634"}],"curies":[{"name":"wp","href":"https:\/\/api.w.org\/{rel}","templated":true}]}}