{"id":8647,"date":"2022-11-23T11:43:48","date_gmt":"2022-11-23T14:43:48","guid":{"rendered":"https:\/\/www.univ-guyane.fr\/?p=8647"},"modified":"2024-06-18T11:47:08","modified_gmt":"2024-06-18T14:47:08","slug":"appel-a-candidatures","status":"publish","type":"post","link":"https:\/\/www.univ-guyane.fr\/pt\/2022\/11\/23\/appel-a-candidatures\/","title":{"rendered":"Chamada para inscri\u00e7\u00f5es"},"content":{"rendered":"<div id=\"fws_69f3b8fda2f8d\"  data-column-margin=\"default\" data-midnight=\"dark\"  class=\"wpb_row vc_row-fluid vc_row\"  style=\"padding-top: 0px; padding-bottom: 0px; \"><div class=\"row-bg-wrap\" data-bg-animation=\"none\" data-bg-animation-delay=\"\" data-bg-overlay=\"false\"><div class=\"inner-wrap row-bg-layer\" ><div class=\"row-bg viewport-desktop\"  style=\"\"><\/div><\/div><\/div><div class=\"row_col_wrap_12 col span_12 dark left\">\n\t<div  class=\"vc_col-sm-12 wpb_column column_container vc_column_container col no-extra-padding inherit_tablet inherit_phone\"  data-padding-pos=\"all\" data-has-bg-color=\"false\" data-bg-color=\"\" data-bg-opacity=\"1\" data-animation=\"\" data-delay=\"0\" >\n\t\t<div class=\"vc_column-inner\" >\n\t\t\t<div class=\"wpb_wrapper\">\n\t\t\t\t\n<div class=\"wpb_text_column wpb_content_element  chapo\" >\n\t<h2>A Universidade da Guiana decidiu renovar os membros eleitos de seu Conselho de Administra\u00e7\u00e3o e Conselho Acad\u00eamico para os pr\u00f3ximos quatro anos, em uma vota\u00e7\u00e3o a ser realizada em 24 de novembro de 2022.<\/h2>\n<\/div>\n\n\n\n\n<div class=\"wpb_text_column wpb_content_element\" >\n\t<p><span class=\"nectar-dropcap\" >C <\/span>m conformidade com seu texto de funda\u00e7\u00e3o (decreto 2014-851), a institui\u00e7\u00e3o deve agora adicionar personalidades externas a seus conselhos e, para isso, est\u00e1 lan\u00e7ando uma chamada para candidatos:<\/p>\n<p><strong>Para o Conselho de Administra\u00e7\u00e3o<\/strong><br \/>\nseis (6) figuras externas do mundo socioecon\u00f4mico<\/p>\n<p><strong>Para o Conselho Acad\u00eamico<\/strong><br \/>\nquatro (4) personalidades externas, incluindo um (1) representante legal de um estabelecimento de ensino<\/p>\n<p>Com base no artigo L719-3 do C\u00f3digo Educacional, as pessoas nomeadas incluem representantes de atividades econ\u00f4micas e \"(...) em particular, sindicatos de empregadores e empregados, bem como \u00f3rg\u00e3os do setor de economia social, associa\u00e7\u00f5es cient\u00edficas e culturais, servi\u00e7os p\u00fablicos importantes e, quando apropriado, educa\u00e7\u00e3o prim\u00e1ria e secund\u00e1ria\".<\/p>\n<p>Eles ser\u00e3o nomeados na quinta-feira, 15 de dezembro, pelos membros eleitos dos conselhos, bem como pelas personalidades externas que representam as autoridades locais e regionais e os \u00f3rg\u00e3os de pesquisa. Essa escolha levar\u00e1 em conta a distribui\u00e7\u00e3o de g\u00eanero para garantir a paridade entre homens e mulheres entre todas as personalidades externas que s\u00e3o membros desses conselhos.<\/p>\n<p>As inscri\u00e7\u00f5es devem ser enviadas por e-mail para <a href=\"https:\/\/web.archive.org\/web\/20231129232100\/mailto:elections.ca-cac2022@univ-guyane.fr\">elections.ca-cac2022@univ-guyane.fr<\/a> at\u00e9 <strong>Ter\u00e7a-feira, 13 de dezembro, \u00e0s 12h00<\/strong>(prazo final). As inscri\u00e7\u00f5es devem incluir uma carta de inten\u00e7\u00e3o, um breve curr\u00edculo e uma c\u00f3pia de um documento de identidade. A inscri\u00e7\u00e3o deve especificar se \u00e9 para o Conselho de Administra\u00e7\u00e3o ou para o Conselho Acad\u00eamico.<\/p>\n<p>Se a sua inscri\u00e7\u00e3o for aprovada, gostar\u00edamos de inform\u00e1-lo que voc\u00ea ser\u00e1 convidado a participar das reuni\u00f5es inaugurais dos Conselhos, que ocorrer\u00e3o em 17 e 24 de janeiro de 2023 para eleger o Presidente do Conselho de Governadores e o Presidente do Conselho Acad\u00eamico, respectivamente.<\/p>\n<\/div>\n\n\n\n\n\t\t\t<\/div> \n\t\t<\/div>\n\t<\/div> \n<\/div><\/div>","protected":false},"excerpt":{"rendered":"A Universidade da Guiana Francesa decidiu realizar uma vota\u00e7\u00e3o em 24 de novembro de 2022,...","protected":false},"author":1,"featured_media":8648,"comment_status":"closed","ping_status":"open","sticky":false,"template":"","format":"standard","meta":{"iawp_total_views":40,"footnotes":""},"categories":[229],"tags":[],"class_list":{"0":"post-8647","1":"post","2":"type-post","3":"status-publish","4":"format-standard","5":"has-post-thumbnail","7":"category-universite-actualites"},"yoast_head":"<!-- This site is optimized with the Yoast SEO plugin v27.5 - https:\/\/yoast.com\/product\/yoast-seo-wordpress\/ -->\n<title>Appel \u00e0 candidatures &#8212; Universit\u00e9 de Guyane<\/title>\n<meta name=\"description\" content=\"D\u00e9couvrez notre appel \u00e0 candidatures pour compl\u00e9ter nos conseils d&#039;administration et acad\u00e9mique avec des personnalit\u00e9s ext\u00e9rieures.\" \/>\n<meta name=\"robots\" content=\"index, follow, max-snippet:-1, max-image-preview:large, max-video-preview:-1\" \/>\n<link rel=\"canonical\" href=\"https:\/\/www.univ-guyane.fr\/pt\/2022\/11\/23\/appel-a-candidatures\/\" \/>\n<meta property=\"og:locale\" content=\"pt_BR\" \/>\n<meta property=\"og:type\" content=\"article\" \/>\n<meta property=\"og:title\" content=\"Appel \u00e0 candidatures &#8212; Universit\u00e9 de Guyane\" \/>\n<meta property=\"og:description\" content=\"D\u00e9couvrez notre appel \u00e0 candidatures pour compl\u00e9ter nos conseils d&#039;administration et acad\u00e9mique avec des personnalit\u00e9s ext\u00e9rieures.\" \/>\n<meta property=\"og:url\" content=\"https:\/\/www.univ-guyane.fr\/pt\/2022\/11\/23\/appel-a-candidatures\/\" \/>\n<meta property=\"og:site_name\" content=\"Universit\u00e9 de Guyane\" \/>\n<meta property=\"article:publisher\" content=\"https:\/\/www.facebook.com\/univguyane\" \/>\n<meta property=\"article:published_time\" content=\"2022-11-23T14:43:48+00:00\" \/>\n<meta property=\"article:modified_time\" content=\"2024-06-18T14:47:08+00:00\" \/>\n<meta property=\"og:image\" content=\"https:\/\/www.univ-guyane.fr\/wp-content\/uploads\/appel-a-candidature-2022.jpeg\" \/>\n\t<meta property=\"og:image:width\" content=\"1800\" \/>\n\t<meta property=\"og:image:height\" content=\"1013\" \/>\n\t<meta property=\"og:image:type\" content=\"image\/jpeg\" \/>\n<meta name=\"author\" content=\"Erick Loiti\u00e8re\" \/>\n<meta name=\"twitter:card\" content=\"summary_large_image\" \/>\n<meta name=\"twitter:creator\" content=\"@univguyane\" \/>\n<meta name=\"twitter:site\" content=\"@univguyane\" \/>\n<meta name=\"twitter:label1\" content=\"Escrito por\" \/>\n\t<meta name=\"twitter:data1\" content=\"Erick Loiti\u00e8re\" \/>\n\t<meta name=\"twitter:label2\" content=\"Est. tempo de leitura\" \/>\n\t<meta name=\"twitter:data2\" content=\"3 minutos\" \/>\n<script type=\"application\/ld+json\" class=\"yoast-schema-graph\">{\"@context\":\"https:\\\/\\\/schema.org\",\"@graph\":[{\"@type\":\"Article\",\"@id\":\"https:\\\/\\\/www.univ-guyane.fr\\\/2022\\\/11\\\/23\\\/appel-a-candidatures\\\/#article\",\"isPartOf\":{\"@id\":\"https:\\\/\\\/www.univ-guyane.fr\\\/2022\\\/11\\\/23\\\/appel-a-candidatures\\\/\"},\"author\":{\"name\":\"Erick Loiti\u00e8re\",\"@id\":\"https:\\\/\\\/www.univ-guyane.fr\\\/#\\\/schema\\\/person\\\/86d946a28a8be51bb096ccfdf19db179\"},\"headline\":\"Appel \u00e0 candidatures\",\"datePublished\":\"2022-11-23T14:43:48+00:00\",\"dateModified\":\"2024-06-18T14:47:08+00:00\",\"mainEntityOfPage\":{\"@id\":\"https:\\\/\\\/www.univ-guyane.fr\\\/2022\\\/11\\\/23\\\/appel-a-candidatures\\\/\"},\"wordCount\":559,\"publisher\":{\"@id\":\"https:\\\/\\\/www.univ-guyane.fr\\\/#organization\"},\"image\":{\"@id\":\"https:\\\/\\\/www.univ-guyane.fr\\\/2022\\\/11\\\/23\\\/appel-a-candidatures\\\/#primaryimage\"},\"thumbnailUrl\":\"https:\\\/\\\/www.univ-guyane.fr\\\/wp-content\\\/uploads\\\/appel-a-candidature-2022.jpeg\",\"articleSection\":[\"\u2022 Universit\u00e9\"],\"inLanguage\":\"pt-BR\"},{\"@type\":\"WebPage\",\"@id\":\"https:\\\/\\\/www.univ-guyane.fr\\\/2022\\\/11\\\/23\\\/appel-a-candidatures\\\/\",\"url\":\"https:\\\/\\\/www.univ-guyane.fr\\\/2022\\\/11\\\/23\\\/appel-a-candidatures\\\/\",\"name\":\"Appel \u00e0 candidatures &#8212; Universit\u00e9 de Guyane\",\"isPartOf\":{\"@id\":\"https:\\\/\\\/www.univ-guyane.fr\\\/#website\"},\"primaryImageOfPage\":{\"@id\":\"https:\\\/\\\/www.univ-guyane.fr\\\/2022\\\/11\\\/23\\\/appel-a-candidatures\\\/#primaryimage\"},\"image\":{\"@id\":\"https:\\\/\\\/www.univ-guyane.fr\\\/2022\\\/11\\\/23\\\/appel-a-candidatures\\\/#primaryimage\"},\"thumbnailUrl\":\"https:\\\/\\\/www.univ-guyane.fr\\\/wp-content\\\/uploads\\\/appel-a-candidature-2022.jpeg\",\"datePublished\":\"2022-11-23T14:43:48+00:00\",\"dateModified\":\"2024-06-18T14:47:08+00:00\",\"description\":\"D\u00e9couvrez notre appel \u00e0 candidatures pour compl\u00e9ter nos conseils d'administration et acad\u00e9mique avec des personnalit\u00e9s ext\u00e9rieures.\",\"breadcrumb\":{\"@id\":\"https:\\\/\\\/www.univ-guyane.fr\\\/2022\\\/11\\\/23\\\/appel-a-candidatures\\\/#breadcrumb\"},\"inLanguage\":\"pt-BR\",\"potentialAction\":[{\"@type\":\"ReadAction\",\"target\":[\"https:\\\/\\\/www.univ-guyane.fr\\\/2022\\\/11\\\/23\\\/appel-a-candidatures\\\/\"]}]},{\"@type\":\"ImageObject\",\"inLanguage\":\"pt-BR\",\"@id\":\"https:\\\/\\\/www.univ-guyane.fr\\\/2022\\\/11\\\/23\\\/appel-a-candidatures\\\/#primaryimage\",\"url\":\"https:\\\/\\\/www.univ-guyane.fr\\\/wp-content\\\/uploads\\\/appel-a-candidature-2022.jpeg\",\"contentUrl\":\"https:\\\/\\\/www.univ-guyane.fr\\\/wp-content\\\/uploads\\\/appel-a-candidature-2022.jpeg\",\"width\":1800,\"height\":1013,\"caption\":\"Appel \u00e0 candidatures\"},{\"@type\":\"BreadcrumbList\",\"@id\":\"https:\\\/\\\/www.univ-guyane.fr\\\/2022\\\/11\\\/23\\\/appel-a-candidatures\\\/#breadcrumb\",\"itemListElement\":[{\"@type\":\"ListItem\",\"position\":1,\"name\":\"Accueil\",\"item\":\"https:\\\/\\\/www.univ-guyane.fr\\\/\"},{\"@type\":\"ListItem\",\"position\":2,\"name\":\"Appel \u00e0 candidatures\"}]},{\"@type\":\"WebSite\",\"@id\":\"https:\\\/\\\/www.univ-guyane.fr\\\/#website\",\"url\":\"https:\\\/\\\/www.univ-guyane.fr\\\/\",\"name\":\"Universit\u00e9 de Guyane\",\"description\":\"Au c\u0153ur de l&#039;amazonie\",\"publisher\":{\"@id\":\"https:\\\/\\\/www.univ-guyane.fr\\\/#organization\"},\"alternateName\":\"UG\",\"potentialAction\":[{\"@type\":\"SearchAction\",\"target\":{\"@type\":\"EntryPoint\",\"urlTemplate\":\"https:\\\/\\\/www.univ-guyane.fr\\\/?s={search_term_string}\"},\"query-input\":{\"@type\":\"PropertyValueSpecification\",\"valueRequired\":true,\"valueName\":\"search_term_string\"}}],\"inLanguage\":\"pt-BR\"},{\"@type\":\"Organization\",\"@id\":\"https:\\\/\\\/www.univ-guyane.fr\\\/#organization\",\"name\":\"Universit\u00e9 de Guyane\",\"alternateName\":\"UG\",\"url\":\"https:\\\/\\\/www.univ-guyane.fr\\\/\",\"logo\":{\"@type\":\"ImageObject\",\"inLanguage\":\"pt-BR\",\"@id\":\"https:\\\/\\\/www.univ-guyane.fr\\\/#\\\/schema\\\/logo\\\/image\\\/\",\"url\":\"https:\\\/\\\/www.univ-guyane.fr\\\/wp-content\\\/uploads\\\/2024\\\/05\\\/f.png\",\"contentUrl\":\"https:\\\/\\\/www.univ-guyane.fr\\\/wp-content\\\/uploads\\\/2024\\\/05\\\/f.png\",\"width\":1024,\"height\":1024,\"caption\":\"Universit\u00e9 de Guyane\"},\"image\":{\"@id\":\"https:\\\/\\\/www.univ-guyane.fr\\\/#\\\/schema\\\/logo\\\/image\\\/\"},\"sameAs\":[\"https:\\\/\\\/www.facebook.com\\\/univguyane\",\"https:\\\/\\\/x.com\\\/univguyane\",\"https:\\\/\\\/gf.linkedin.com\\\/school\\\/universite-de-guyane\\\/\",\"https:\\\/\\\/www.instagram.com\\\/univ_guyane\\\/\"]},{\"@type\":\"Person\",\"@id\":\"https:\\\/\\\/www.univ-guyane.fr\\\/#\\\/schema\\\/person\\\/86d946a28a8be51bb096ccfdf19db179\",\"name\":\"Erick Loiti\u00e8re\",\"image\":{\"@type\":\"ImageObject\",\"inLanguage\":\"pt-BR\",\"@id\":\"https:\\\/\\\/secure.gravatar.com\\\/avatar\\\/0584f332103fbeaf37e52c73b15dca3c547fd9300deb05764e9ad8714839d072?s=96&d=robohash&r=g\",\"url\":\"https:\\\/\\\/secure.gravatar.com\\\/avatar\\\/0584f332103fbeaf37e52c73b15dca3c547fd9300deb05764e9ad8714839d072?s=96&d=robohash&r=g\",\"contentUrl\":\"https:\\\/\\\/secure.gravatar.com\\\/avatar\\\/0584f332103fbeaf37e52c73b15dca3c547fd9300deb05764e9ad8714839d072?s=96&d=robohash&r=g\",\"caption\":\"Erick Loiti\u00e8re\"},\"sameAs\":[\"http:\\\/\\\/www.univ-guyane.fr\"],\"url\":\"https:\\\/\\\/www.univ-guyane.fr\\\/pt\\\/author\\\/eloitierdbz\\\/\"}]}<\/script>\n<!-- \/ Yoast SEO plugin. -->","yoast_head_json":{"title":"Appel \u00e0 candidatures &#8212; Universit\u00e9 de Guyane","description":"D\u00e9couvrez notre appel \u00e0 candidatures pour compl\u00e9ter nos conseils d'administration et acad\u00e9mique avec des personnalit\u00e9s ext\u00e9rieures.","robots":{"index":"index","follow":"follow","max-snippet":"max-snippet:-1","max-image-preview":"max-image-preview:large","max-video-preview":"max-video-preview:-1"},"canonical":"https:\/\/www.univ-guyane.fr\/pt\/2022\/11\/23\/appel-a-candidatures\/","og_locale":"pt_BR","og_type":"article","og_title":"Appel \u00e0 candidatures &#8212; Universit\u00e9 de Guyane","og_description":"D\u00e9couvrez notre appel \u00e0 candidatures pour compl\u00e9ter nos conseils d'administration et acad\u00e9mique avec des personnalit\u00e9s ext\u00e9rieures.","og_url":"https:\/\/www.univ-guyane.fr\/pt\/2022\/11\/23\/appel-a-candidatures\/","og_site_name":"Universit\u00e9 de Guyane","article_publisher":"https:\/\/www.facebook.com\/univguyane","article_published_time":"2022-11-23T14:43:48+00:00","article_modified_time":"2024-06-18T14:47:08+00:00","og_image":[{"width":1800,"height":1013,"url":"https:\/\/www.univ-guyane.fr\/wp-content\/uploads\/appel-a-candidature-2022.jpeg","type":"image\/jpeg"}],"author":"Erick Loiti\u00e8re","twitter_card":"summary_large_image","twitter_creator":"@univguyane","twitter_site":"@univguyane","twitter_misc":{"Escrito por":"Erick Loiti\u00e8re","Est. tempo de leitura":"3 minutos"},"schema":{"@context":"https:\/\/schema.org","@graph":[{"@type":"Article","@id":"https:\/\/www.univ-guyane.fr\/2022\/11\/23\/appel-a-candidatures\/#article","isPartOf":{"@id":"https:\/\/www.univ-guyane.fr\/2022\/11\/23\/appel-a-candidatures\/"},"author":{"name":"Erick Loiti\u00e8re","@id":"https:\/\/www.univ-guyane.fr\/#\/schema\/person\/86d946a28a8be51bb096ccfdf19db179"},"headline":"Appel \u00e0 candidatures","datePublished":"2022-11-23T14:43:48+00:00","dateModified":"2024-06-18T14:47:08+00:00","mainEntityOfPage":{"@id":"https:\/\/www.univ-guyane.fr\/2022\/11\/23\/appel-a-candidatures\/"},"wordCount":559,"publisher":{"@id":"https:\/\/www.univ-guyane.fr\/#organization"},"image":{"@id":"https:\/\/www.univ-guyane.fr\/2022\/11\/23\/appel-a-candidatures\/#primaryimage"},"thumbnailUrl":"https:\/\/www.univ-guyane.fr\/wp-content\/uploads\/appel-a-candidature-2022.jpeg","articleSection":["\u2022 Universit\u00e9"],"inLanguage":"pt-BR"},{"@type":"WebPage","@id":"https:\/\/www.univ-guyane.fr\/2022\/11\/23\/appel-a-candidatures\/","url":"https:\/\/www.univ-guyane.fr\/2022\/11\/23\/appel-a-candidatures\/","name":"Appel \u00e0 candidatures &#8212; Universit\u00e9 de Guyane","isPartOf":{"@id":"https:\/\/www.univ-guyane.fr\/#website"},"primaryImageOfPage":{"@id":"https:\/\/www.univ-guyane.fr\/2022\/11\/23\/appel-a-candidatures\/#primaryimage"},"image":{"@id":"https:\/\/www.univ-guyane.fr\/2022\/11\/23\/appel-a-candidatures\/#primaryimage"},"thumbnailUrl":"https:\/\/www.univ-guyane.fr\/wp-content\/uploads\/appel-a-candidature-2022.jpeg","datePublished":"2022-11-23T14:43:48+00:00","dateModified":"2024-06-18T14:47:08+00:00","description":"D\u00e9couvrez notre appel \u00e0 candidatures pour compl\u00e9ter nos conseils d'administration et acad\u00e9mique avec des personnalit\u00e9s ext\u00e9rieures.","breadcrumb":{"@id":"https:\/\/www.univ-guyane.fr\/2022\/11\/23\/appel-a-candidatures\/#breadcrumb"},"inLanguage":"pt-BR","potentialAction":[{"@type":"ReadAction","target":["https:\/\/www.univ-guyane.fr\/2022\/11\/23\/appel-a-candidatures\/"]}]},{"@type":"ImageObject","inLanguage":"pt-BR","@id":"https:\/\/www.univ-guyane.fr\/2022\/11\/23\/appel-a-candidatures\/#primaryimage","url":"https:\/\/www.univ-guyane.fr\/wp-content\/uploads\/appel-a-candidature-2022.jpeg","contentUrl":"https:\/\/www.univ-guyane.fr\/wp-content\/uploads\/appel-a-candidature-2022.jpeg","width":1800,"height":1013,"caption":"Appel \u00e0 candidatures"},{"@type":"BreadcrumbList","@id":"https:\/\/www.univ-guyane.fr\/2022\/11\/23\/appel-a-candidatures\/#breadcrumb","itemListElement":[{"@type":"ListItem","position":1,"name":"Accueil","item":"https:\/\/www.univ-guyane.fr\/"},{"@type":"ListItem","position":2,"name":"Appel \u00e0 candidatures"}]},{"@type":"WebSite","@id":"https:\/\/www.univ-guyane.fr\/#website","url":"https:\/\/www.univ-guyane.fr\/","name":"Universidade da Guiana","description":"No cora\u00e7\u00e3o da Amaz\u00f4nia","publisher":{"@id":"https:\/\/www.univ-guyane.fr\/#organization"},"alternateName":"UG","potentialAction":[{"@type":"SearchAction","target":{"@type":"EntryPoint","urlTemplate":"https:\/\/www.univ-guyane.fr\/?s={search_term_string}"},"query-input":{"@type":"PropertyValueSpecification","valueRequired":true,"valueName":"search_term_string"}}],"inLanguage":"pt-BR"},{"@type":"Organization","@id":"https:\/\/www.univ-guyane.fr\/#organization","name":"Universidade da Guiana","alternateName":"UG","url":"https:\/\/www.univ-guyane.fr\/","logo":{"@type":"ImageObject","inLanguage":"pt-BR","@id":"https:\/\/www.univ-guyane.fr\/#\/schema\/logo\/image\/","url":"https:\/\/www.univ-guyane.fr\/wp-content\/uploads\/2024\/05\/f.png","contentUrl":"https:\/\/www.univ-guyane.fr\/wp-content\/uploads\/2024\/05\/f.png","width":1024,"height":1024,"caption":"Universit\u00e9 de Guyane"},"image":{"@id":"https:\/\/www.univ-guyane.fr\/#\/schema\/logo\/image\/"},"sameAs":["https:\/\/www.facebook.com\/univguyane","https:\/\/x.com\/univguyane","https:\/\/gf.linkedin.com\/school\/universite-de-guyane\/","https:\/\/www.instagram.com\/univ_guyane\/"]},{"@type":"Person","@id":"https:\/\/www.univ-guyane.fr\/#\/schema\/person\/86d946a28a8be51bb096ccfdf19db179","name":"Erick Loiti\u00e8re","image":{"@type":"ImageObject","inLanguage":"pt-BR","@id":"https:\/\/secure.gravatar.com\/avatar\/0584f332103fbeaf37e52c73b15dca3c547fd9300deb05764e9ad8714839d072?s=96&d=robohash&r=g","url":"https:\/\/secure.gravatar.com\/avatar\/0584f332103fbeaf37e52c73b15dca3c547fd9300deb05764e9ad8714839d072?s=96&d=robohash&r=g","contentUrl":"https:\/\/secure.gravatar.com\/avatar\/0584f332103fbeaf37e52c73b15dca3c547fd9300deb05764e9ad8714839d072?s=96&d=robohash&r=g","caption":"Erick Loiti\u00e8re"},"sameAs":["http:\/\/www.univ-guyane.fr"],"url":"https:\/\/www.univ-guyane.fr\/pt\/author\/eloitierdbz\/"}]}},"_links":{"self":[{"href":"https:\/\/www.univ-guyane.fr\/pt\/wp-json\/wp\/v2\/posts\/8647","targetHints":{"allow":["GET"]}}],"collection":[{"href":"https:\/\/www.univ-guyane.fr\/pt\/wp-json\/wp\/v2\/posts"}],"about":[{"href":"https:\/\/www.univ-guyane.fr\/pt\/wp-json\/wp\/v2\/types\/post"}],"author":[{"embeddable":true,"href":"https:\/\/www.univ-guyane.fr\/pt\/wp-json\/wp\/v2\/users\/1"}],"replies":[{"embeddable":true,"href":"https:\/\/www.univ-guyane.fr\/pt\/wp-json\/wp\/v2\/comments?post=8647"}],"version-history":[{"count":1,"href":"https:\/\/www.univ-guyane.fr\/pt\/wp-json\/wp\/v2\/posts\/8647\/revisions"}],"predecessor-version":[{"id":8649,"href":"https:\/\/www.univ-guyane.fr\/pt\/wp-json\/wp\/v2\/posts\/8647\/revisions\/8649"}],"wp:featuredmedia":[{"embeddable":true,"href":"https:\/\/www.univ-guyane.fr\/pt\/wp-json\/wp\/v2\/media\/8648"}],"wp:attachment":[{"href":"https:\/\/www.univ-guyane.fr\/pt\/wp-json\/wp\/v2\/media?parent=8647"}],"wp:term":[{"taxonomy":"category","embeddable":true,"href":"https:\/\/www.univ-guyane.fr\/pt\/wp-json\/wp\/v2\/categories?post=8647"},{"taxonomy":"post_tag","embeddable":true,"href":"https:\/\/www.univ-guyane.fr\/pt\/wp-json\/wp\/v2\/tags?post=8647"}],"curies":[{"name":"wp","href":"https:\/\/api.w.org\/{rel}","templated":true}]}}