{"id":8666,"date":"2022-11-07T13:58:58","date_gmt":"2022-11-07T16:58:58","guid":{"rendered":"https:\/\/www.univ-guyane.fr\/?p=8666"},"modified":"2024-06-18T14:05:48","modified_gmt":"2024-06-18T17:05:48","slug":"et-le-pont-crea-la-frontiere-la-circulation-des-ecoliers-bresiliens-entre-les-berges-de-loyapock","status":"publish","type":"post","link":"https:\/\/www.univ-guyane.fr\/pt\/2022\/11\/07\/et-le-pont-crea-la-frontiere-la-circulation-des-ecoliers-bresiliens-entre-les-berges-de-loyapock\/","title":{"rendered":"\"E a ponte criou a fronteira\". O movimento de crian\u00e7as brasileiras em idade escolar entre as margens do rio Oyapock"},"content":{"rendered":"<div id=\"fws_69f4433a588e5\"  data-column-margin=\"default\" data-midnight=\"dark\"  class=\"wpb_row vc_row-fluid vc_row\"  style=\"padding-top: 0px; padding-bottom: 0px; \"><div class=\"row-bg-wrap\" data-bg-animation=\"none\" data-bg-animation-delay=\"\" data-bg-overlay=\"false\"><div class=\"inner-wrap row-bg-layer\" ><div class=\"row-bg viewport-desktop\"  style=\"\"><\/div><\/div><\/div><div class=\"row_col_wrap_12 col span_12 dark left\">\n\t<div  class=\"vc_col-sm-12 wpb_column column_container vc_column_container col no-extra-padding inherit_tablet inherit_phone\"  data-padding-pos=\"all\" data-has-bg-color=\"false\" data-bg-color=\"\" data-bg-opacity=\"1\" data-animation=\"\" data-delay=\"0\" >\n\t\t<div class=\"vc_column-inner\" >\n\t\t\t<div class=\"wpb_wrapper\">\n\t\t\t\t\n<div class=\"wpb_text_column wpb_content_element  chapo\" >\n\t<h2>Como parte do semin\u00e1rio \"Fronteiras, circula\u00e7\u00e3o, interculturalidade e intera\u00e7\u00f5es homem-ambiente\", o DFR LSH, em colabora\u00e7\u00e3o com os laborat\u00f3rios LEEISA e MINEA, est\u00e1 organizando uma confer\u00eancia intitulada \"E a ponte criou a fronteira. O movimento de crian\u00e7as brasileiras em idade escolar entre as margens do Oyapock\". Ela ser\u00e1 apresentada por Silvia Lopes da Silva Macedo, professora s\u00eanior de Ci\u00eancias da Educa\u00e7\u00e3o no INSPE, UPEC\/CIRCEFT-ESCOL, na sexta-feira, 2 de dezembro de 2022, das 18h \u00e0s 20h, na sala F108.<\/h2>\n<\/div>\n\n\n\n\n<div class=\"wpb_text_column wpb_content_element\" >\n\t<p><span class=\"nectar-dropcap\" >T <\/span>odos os dias, quase 200 crian\u00e7as cruzam a fronteira entre o Brasil e a Guiana Francesa de canoa para ir \u00e0 escola. Cidad\u00e3os brasileiros que vivem na cidade de Oiapoque, eles viajam diariamente por essa \"\u00e1rea de capta\u00e7\u00e3o\". Falam portugu\u00eas, mas tamb\u00e9m palikur e kr\u00e9ol, entre outros idiomas, e sua escolaridade \u00e9 em franc\u00eas, nas escolas de Saint Georges.<\/p>\n<p>Para que eles possam se matricular na escola e atravessar o rio da fronteira diariamente, foi criado um pr\u00f3spero mercado de servi\u00e7os nas cidades de Oiapoque e Saint Georges para fornecer transporte, cuidados infantis, refei\u00e7\u00f5es na hora do almo\u00e7o e apoio escolar.<\/p>\n<p>A movimenta\u00e7\u00e3o dessa popula\u00e7\u00e3o escolar, assim como a dos professores franceses que vivem no lado brasileiro da fronteira, nos permite refletir sobre as formas de ocupa\u00e7\u00e3o e as estrat\u00e9gias das popula\u00e7\u00f5es nessas \u00e1reas de fronteira. Como as fam\u00edlias se deslocam? Por que optam por mandar seus filhos para escolas francesas? E o que os professores pensam sobre esse movimento?<\/p>\n<p>Enquanto a cidade de Saint Georges de l'Oyapock deixou de ser \"sem litoral\" com o asfaltamento da estrada N2 e a constru\u00e7\u00e3o da ponte binacional, a cidade de Oiapoque ainda \u00e9 perif\u00e9rica em rela\u00e7\u00e3o aos centros econ\u00f4micos e de poder brasileiros (uma situa\u00e7\u00e3o que certamente mudar\u00e1 com o estabelecimento da empresa petrol\u00edfera Petrobras em Oiapoque). Esse status perif\u00e9rico - embora relativo - contribuiu para a constru\u00e7\u00e3o dessa \"\u00e1rea de capta\u00e7\u00e3o\", um espa\u00e7o onde a fronteira desaparece sob os v\u00ednculos criados pelas redes de parentesco e pelo movimento hist\u00f3rico de pessoas entre as duas margens.<\/p>\n<p>Curiosamente, a fronteira entre os dois pa\u00edses reapareceu com a constru\u00e7\u00e3o da ponte binacional - uma estrutura projetada para unir e catalisar a colabora\u00e7\u00e3o entre o Brasil e a Guiana. O controle e a burocratiza\u00e7\u00e3o do tr\u00e1fego tornaram-se mais frequentes, fazendo com que essa linha de fronteira entre as cidades, seus cidad\u00e3os e pa\u00edses (re)aparecesse. \"A ponte criou a fronteira\", disse um pai em uma entrevista.<\/p>\n<p>Este artigo explorar\u00e1 essa zona de fronteira do ponto de vista do tr\u00e1fego escolar. Procuraremos entender as raz\u00f5es, as estrat\u00e9gias e o desenvolvimento hist\u00f3rico desse movimento atrav\u00e9s de uma fronteira que desaparece e reaparece ciclicamente ao longo do tempo.<\/p>\n<\/div>\n\n\n\n\n\t\t\t<\/div> \n\t\t<\/div>\n\t<\/div> \n<\/div><\/div>","protected":false},"excerpt":{"rendered":"Como parte do semin\u00e1rio \"Fronteiras, Circula\u00e7\u00e3o, Interculturalidade e Intera\u00e7\u00e3o Humano-Meio\", o DFR LSH, em...","protected":false},"author":1,"featured_media":0,"comment_status":"closed","ping_status":"open","sticky":false,"template":"","format":"standard","meta":{"iawp_total_views":115,"footnotes":""},"categories":[192,187],"tags":[],"class_list":{"0":"post-8666","1":"post","2":"type-post","3":"status-publish","4":"format-standard","6":"category-leeisa","7":"category-minea"},"yoast_head":"<!-- This site is optimized with the Yoast SEO plugin v27.5 - https:\/\/yoast.com\/product\/yoast-seo-wordpress\/ -->\n<title>\u00ab Et le pont cr\u00e9a la fronti\u00e8re \u00bb. La circulation des \u00e9coliers br\u00e9siliens entre les berges de l\u2019Oyapock &#8212; Universit\u00e9 de Guyane<\/title>\n<meta name=\"description\" content=\"Le quotidien des \u00e9coliers br\u00e9siliens qui traversent le fleuve-fronti\u00e8re en pirogue pour aller \u00e0 l&#039;\u00e9cole en Guyane fran\u00e7aise.\" \/>\n<meta name=\"robots\" content=\"index, follow, max-snippet:-1, max-image-preview:large, max-video-preview:-1\" \/>\n<link rel=\"canonical\" href=\"https:\/\/www.univ-guyane.fr\/pt\/2022\/11\/07\/et-le-pont-crea-la-frontiere-la-circulation-des-ecoliers-bresiliens-entre-les-berges-de-loyapock\/\" \/>\n<meta property=\"og:locale\" content=\"pt_BR\" \/>\n<meta property=\"og:type\" content=\"article\" \/>\n<meta property=\"og:title\" content=\"\u00ab Et le pont cr\u00e9a la fronti\u00e8re \u00bb. La circulation des \u00e9coliers br\u00e9siliens entre les berges de l\u2019Oyapock &#8212; Universit\u00e9 de Guyane\" \/>\n<meta property=\"og:description\" content=\"Le quotidien des \u00e9coliers br\u00e9siliens qui traversent le fleuve-fronti\u00e8re en pirogue pour aller \u00e0 l&#039;\u00e9cole en Guyane fran\u00e7aise.\" \/>\n<meta property=\"og:url\" content=\"https:\/\/www.univ-guyane.fr\/pt\/2022\/11\/07\/et-le-pont-crea-la-frontiere-la-circulation-des-ecoliers-bresiliens-entre-les-berges-de-loyapock\/\" \/>\n<meta property=\"og:site_name\" content=\"Universit\u00e9 de Guyane\" \/>\n<meta property=\"article:publisher\" content=\"https:\/\/www.facebook.com\/univguyane\" \/>\n<meta property=\"article:published_time\" content=\"2022-11-07T16:58:58+00:00\" \/>\n<meta property=\"article:modified_time\" content=\"2024-06-18T17:05:48+00:00\" \/>\n<meta property=\"og:image\" content=\"https:\/\/www.univ-guyane.fr\/wp-content\/uploads\/www-site-universite-de-guyane.jpg\" \/>\n\t<meta property=\"og:image:width\" content=\"1200\" \/>\n\t<meta property=\"og:image:height\" content=\"653\" \/>\n\t<meta property=\"og:image:type\" content=\"image\/jpeg\" \/>\n<meta name=\"author\" content=\"Erick Loiti\u00e8re\" \/>\n<meta name=\"twitter:card\" content=\"summary_large_image\" \/>\n<meta name=\"twitter:creator\" content=\"@univguyane\" \/>\n<meta name=\"twitter:site\" content=\"@univguyane\" \/>\n<meta name=\"twitter:label1\" content=\"Escrito por\" \/>\n\t<meta name=\"twitter:data1\" content=\"Erick Loiti\u00e8re\" \/>\n\t<meta name=\"twitter:label2\" content=\"Est. tempo de leitura\" \/>\n\t<meta name=\"twitter:data2\" content=\"3 minutos\" \/>\n<script type=\"application\/ld+json\" class=\"yoast-schema-graph\">{\"@context\":\"https:\\\/\\\/schema.org\",\"@graph\":[{\"@type\":\"Article\",\"@id\":\"https:\\\/\\\/www.univ-guyane.fr\\\/2022\\\/11\\\/07\\\/et-le-pont-crea-la-frontiere-la-circulation-des-ecoliers-bresiliens-entre-les-berges-de-loyapock\\\/#article\",\"isPartOf\":{\"@id\":\"https:\\\/\\\/www.univ-guyane.fr\\\/2022\\\/11\\\/07\\\/et-le-pont-crea-la-frontiere-la-circulation-des-ecoliers-bresiliens-entre-les-berges-de-loyapock\\\/\"},\"author\":{\"name\":\"Erick Loiti\u00e8re\",\"@id\":\"https:\\\/\\\/www.univ-guyane.fr\\\/#\\\/schema\\\/person\\\/86d946a28a8be51bb096ccfdf19db179\"},\"headline\":\"\u00ab Et le pont cr\u00e9a la fronti\u00e8re \u00bb. La circulation des \u00e9coliers br\u00e9siliens entre les berges de l\u2019Oyapock\",\"datePublished\":\"2022-11-07T16:58:58+00:00\",\"dateModified\":\"2024-06-18T17:05:48+00:00\",\"mainEntityOfPage\":{\"@id\":\"https:\\\/\\\/www.univ-guyane.fr\\\/2022\\\/11\\\/07\\\/et-le-pont-crea-la-frontiere-la-circulation-des-ecoliers-bresiliens-entre-les-berges-de-loyapock\\\/\"},\"wordCount\":732,\"publisher\":{\"@id\":\"https:\\\/\\\/www.univ-guyane.fr\\\/#organization\"},\"articleSection\":[\"\u2022 LEEISA\",\"\u2022\u00a0MINEA\"],\"inLanguage\":\"pt-BR\"},{\"@type\":\"WebPage\",\"@id\":\"https:\\\/\\\/www.univ-guyane.fr\\\/2022\\\/11\\\/07\\\/et-le-pont-crea-la-frontiere-la-circulation-des-ecoliers-bresiliens-entre-les-berges-de-loyapock\\\/\",\"url\":\"https:\\\/\\\/www.univ-guyane.fr\\\/2022\\\/11\\\/07\\\/et-le-pont-crea-la-frontiere-la-circulation-des-ecoliers-bresiliens-entre-les-berges-de-loyapock\\\/\",\"name\":\"\u00ab Et le pont cr\u00e9a la fronti\u00e8re \u00bb. La circulation des \u00e9coliers br\u00e9siliens entre les berges de l\u2019Oyapock &#8212; Universit\u00e9 de Guyane\",\"isPartOf\":{\"@id\":\"https:\\\/\\\/www.univ-guyane.fr\\\/#website\"},\"datePublished\":\"2022-11-07T16:58:58+00:00\",\"dateModified\":\"2024-06-18T17:05:48+00:00\",\"description\":\"Le quotidien des \u00e9coliers br\u00e9siliens qui traversent le fleuve-fronti\u00e8re en pirogue pour aller \u00e0 l'\u00e9cole en Guyane fran\u00e7aise.\",\"breadcrumb\":{\"@id\":\"https:\\\/\\\/www.univ-guyane.fr\\\/2022\\\/11\\\/07\\\/et-le-pont-crea-la-frontiere-la-circulation-des-ecoliers-bresiliens-entre-les-berges-de-loyapock\\\/#breadcrumb\"},\"inLanguage\":\"pt-BR\",\"potentialAction\":[{\"@type\":\"ReadAction\",\"target\":[\"https:\\\/\\\/www.univ-guyane.fr\\\/2022\\\/11\\\/07\\\/et-le-pont-crea-la-frontiere-la-circulation-des-ecoliers-bresiliens-entre-les-berges-de-loyapock\\\/\"]}]},{\"@type\":\"BreadcrumbList\",\"@id\":\"https:\\\/\\\/www.univ-guyane.fr\\\/2022\\\/11\\\/07\\\/et-le-pont-crea-la-frontiere-la-circulation-des-ecoliers-bresiliens-entre-les-berges-de-loyapock\\\/#breadcrumb\",\"itemListElement\":[{\"@type\":\"ListItem\",\"position\":1,\"name\":\"Accueil\",\"item\":\"https:\\\/\\\/www.univ-guyane.fr\\\/\"},{\"@type\":\"ListItem\",\"position\":2,\"name\":\"\u00ab Et le pont cr\u00e9a la fronti\u00e8re \u00bb. La circulation des \u00e9coliers br\u00e9siliens entre les berges de l\u2019Oyapock\"}]},{\"@type\":\"WebSite\",\"@id\":\"https:\\\/\\\/www.univ-guyane.fr\\\/#website\",\"url\":\"https:\\\/\\\/www.univ-guyane.fr\\\/\",\"name\":\"Universit\u00e9 de Guyane\",\"description\":\"Au c\u0153ur de l&#039;amazonie\",\"publisher\":{\"@id\":\"https:\\\/\\\/www.univ-guyane.fr\\\/#organization\"},\"alternateName\":\"UG\",\"potentialAction\":[{\"@type\":\"SearchAction\",\"target\":{\"@type\":\"EntryPoint\",\"urlTemplate\":\"https:\\\/\\\/www.univ-guyane.fr\\\/?s={search_term_string}\"},\"query-input\":{\"@type\":\"PropertyValueSpecification\",\"valueRequired\":true,\"valueName\":\"search_term_string\"}}],\"inLanguage\":\"pt-BR\"},{\"@type\":\"Organization\",\"@id\":\"https:\\\/\\\/www.univ-guyane.fr\\\/#organization\",\"name\":\"Universit\u00e9 de Guyane\",\"alternateName\":\"UG\",\"url\":\"https:\\\/\\\/www.univ-guyane.fr\\\/\",\"logo\":{\"@type\":\"ImageObject\",\"inLanguage\":\"pt-BR\",\"@id\":\"https:\\\/\\\/www.univ-guyane.fr\\\/#\\\/schema\\\/logo\\\/image\\\/\",\"url\":\"https:\\\/\\\/www.univ-guyane.fr\\\/wp-content\\\/uploads\\\/2024\\\/05\\\/f.png\",\"contentUrl\":\"https:\\\/\\\/www.univ-guyane.fr\\\/wp-content\\\/uploads\\\/2024\\\/05\\\/f.png\",\"width\":1024,\"height\":1024,\"caption\":\"Universit\u00e9 de Guyane\"},\"image\":{\"@id\":\"https:\\\/\\\/www.univ-guyane.fr\\\/#\\\/schema\\\/logo\\\/image\\\/\"},\"sameAs\":[\"https:\\\/\\\/www.facebook.com\\\/univguyane\",\"https:\\\/\\\/x.com\\\/univguyane\",\"https:\\\/\\\/gf.linkedin.com\\\/school\\\/universite-de-guyane\\\/\",\"https:\\\/\\\/www.instagram.com\\\/univ_guyane\\\/\"]},{\"@type\":\"Person\",\"@id\":\"https:\\\/\\\/www.univ-guyane.fr\\\/#\\\/schema\\\/person\\\/86d946a28a8be51bb096ccfdf19db179\",\"name\":\"Erick Loiti\u00e8re\",\"image\":{\"@type\":\"ImageObject\",\"inLanguage\":\"pt-BR\",\"@id\":\"https:\\\/\\\/secure.gravatar.com\\\/avatar\\\/0584f332103fbeaf37e52c73b15dca3c547fd9300deb05764e9ad8714839d072?s=96&d=robohash&r=g\",\"url\":\"https:\\\/\\\/secure.gravatar.com\\\/avatar\\\/0584f332103fbeaf37e52c73b15dca3c547fd9300deb05764e9ad8714839d072?s=96&d=robohash&r=g\",\"contentUrl\":\"https:\\\/\\\/secure.gravatar.com\\\/avatar\\\/0584f332103fbeaf37e52c73b15dca3c547fd9300deb05764e9ad8714839d072?s=96&d=robohash&r=g\",\"caption\":\"Erick Loiti\u00e8re\"},\"sameAs\":[\"http:\\\/\\\/www.univ-guyane.fr\"],\"url\":\"https:\\\/\\\/www.univ-guyane.fr\\\/pt\\\/author\\\/eloitierdbz\\\/\"}]}<\/script>\n<!-- \/ Yoast SEO plugin. -->","yoast_head_json":{"title":"\u00abE a ponte criou a fronteira\u00bb. O movimento de estudantes brasileiros entre as margens do rio Oyapock - Universit\u00e9 de Guyane","description":"O cotidiano das crian\u00e7as brasileiras que atravessam o rio da fronteira de piroga para ir \u00e0 escola na Guiana Francesa.","robots":{"index":"index","follow":"follow","max-snippet":"max-snippet:-1","max-image-preview":"max-image-preview:large","max-video-preview":"max-video-preview:-1"},"canonical":"https:\/\/www.univ-guyane.fr\/pt\/2022\/11\/07\/et-le-pont-crea-la-frontiere-la-circulation-des-ecoliers-bresiliens-entre-les-berges-de-loyapock\/","og_locale":"pt_BR","og_type":"article","og_title":"\u00ab Et le pont cr\u00e9a la fronti\u00e8re \u00bb. La circulation des \u00e9coliers br\u00e9siliens entre les berges de l\u2019Oyapock &#8212; Universit\u00e9 de Guyane","og_description":"Le quotidien des \u00e9coliers br\u00e9siliens qui traversent le fleuve-fronti\u00e8re en pirogue pour aller \u00e0 l'\u00e9cole en Guyane fran\u00e7aise.","og_url":"https:\/\/www.univ-guyane.fr\/pt\/2022\/11\/07\/et-le-pont-crea-la-frontiere-la-circulation-des-ecoliers-bresiliens-entre-les-berges-de-loyapock\/","og_site_name":"Universit\u00e9 de Guyane","article_publisher":"https:\/\/www.facebook.com\/univguyane","article_published_time":"2022-11-07T16:58:58+00:00","article_modified_time":"2024-06-18T17:05:48+00:00","og_image":[{"width":1200,"height":653,"url":"https:\/\/www.univ-guyane.fr\/wp-content\/uploads\/www-site-universite-de-guyane.jpg","type":"image\/jpeg"}],"author":"Erick Loiti\u00e8re","twitter_card":"summary_large_image","twitter_creator":"@univguyane","twitter_site":"@univguyane","twitter_misc":{"Escrito por":"Erick Loiti\u00e8re","Est. tempo de leitura":"3 minutos"},"schema":{"@context":"https:\/\/schema.org","@graph":[{"@type":"Article","@id":"https:\/\/www.univ-guyane.fr\/2022\/11\/07\/et-le-pont-crea-la-frontiere-la-circulation-des-ecoliers-bresiliens-entre-les-berges-de-loyapock\/#article","isPartOf":{"@id":"https:\/\/www.univ-guyane.fr\/2022\/11\/07\/et-le-pont-crea-la-frontiere-la-circulation-des-ecoliers-bresiliens-entre-les-berges-de-loyapock\/"},"author":{"name":"Erick Loiti\u00e8re","@id":"https:\/\/www.univ-guyane.fr\/#\/schema\/person\/86d946a28a8be51bb096ccfdf19db179"},"headline":"\u00ab Et le pont cr\u00e9a la fronti\u00e8re \u00bb. La circulation des \u00e9coliers br\u00e9siliens entre les berges de l\u2019Oyapock","datePublished":"2022-11-07T16:58:58+00:00","dateModified":"2024-06-18T17:05:48+00:00","mainEntityOfPage":{"@id":"https:\/\/www.univ-guyane.fr\/2022\/11\/07\/et-le-pont-crea-la-frontiere-la-circulation-des-ecoliers-bresiliens-entre-les-berges-de-loyapock\/"},"wordCount":732,"publisher":{"@id":"https:\/\/www.univ-guyane.fr\/#organization"},"articleSection":["\u2022 LEEISA","\u2022\u00a0MINEA"],"inLanguage":"pt-BR"},{"@type":"WebPage","@id":"https:\/\/www.univ-guyane.fr\/2022\/11\/07\/et-le-pont-crea-la-frontiere-la-circulation-des-ecoliers-bresiliens-entre-les-berges-de-loyapock\/","url":"https:\/\/www.univ-guyane.fr\/2022\/11\/07\/et-le-pont-crea-la-frontiere-la-circulation-des-ecoliers-bresiliens-entre-les-berges-de-loyapock\/","name":"\u00abE a ponte criou a fronteira\u00bb. O movimento de estudantes brasileiros entre as margens do rio Oyapock - Universit\u00e9 de Guyane","isPartOf":{"@id":"https:\/\/www.univ-guyane.fr\/#website"},"datePublished":"2022-11-07T16:58:58+00:00","dateModified":"2024-06-18T17:05:48+00:00","description":"O cotidiano das crian\u00e7as brasileiras que atravessam o rio da fronteira de piroga para ir \u00e0 escola na Guiana Francesa.","breadcrumb":{"@id":"https:\/\/www.univ-guyane.fr\/2022\/11\/07\/et-le-pont-crea-la-frontiere-la-circulation-des-ecoliers-bresiliens-entre-les-berges-de-loyapock\/#breadcrumb"},"inLanguage":"pt-BR","potentialAction":[{"@type":"ReadAction","target":["https:\/\/www.univ-guyane.fr\/2022\/11\/07\/et-le-pont-crea-la-frontiere-la-circulation-des-ecoliers-bresiliens-entre-les-berges-de-loyapock\/"]}]},{"@type":"BreadcrumbList","@id":"https:\/\/www.univ-guyane.fr\/2022\/11\/07\/et-le-pont-crea-la-frontiere-la-circulation-des-ecoliers-bresiliens-entre-les-berges-de-loyapock\/#breadcrumb","itemListElement":[{"@type":"ListItem","position":1,"name":"Accueil","item":"https:\/\/www.univ-guyane.fr\/"},{"@type":"ListItem","position":2,"name":"\u00ab Et le pont cr\u00e9a la fronti\u00e8re \u00bb. La circulation des \u00e9coliers br\u00e9siliens entre les berges de l\u2019Oyapock"}]},{"@type":"WebSite","@id":"https:\/\/www.univ-guyane.fr\/#website","url":"https:\/\/www.univ-guyane.fr\/","name":"Universidade da Guiana","description":"No cora\u00e7\u00e3o da Amaz\u00f4nia","publisher":{"@id":"https:\/\/www.univ-guyane.fr\/#organization"},"alternateName":"UG","potentialAction":[{"@type":"SearchAction","target":{"@type":"EntryPoint","urlTemplate":"https:\/\/www.univ-guyane.fr\/?s={search_term_string}"},"query-input":{"@type":"PropertyValueSpecification","valueRequired":true,"valueName":"search_term_string"}}],"inLanguage":"pt-BR"},{"@type":"Organization","@id":"https:\/\/www.univ-guyane.fr\/#organization","name":"Universidade da Guiana","alternateName":"UG","url":"https:\/\/www.univ-guyane.fr\/","logo":{"@type":"ImageObject","inLanguage":"pt-BR","@id":"https:\/\/www.univ-guyane.fr\/#\/schema\/logo\/image\/","url":"https:\/\/www.univ-guyane.fr\/wp-content\/uploads\/2024\/05\/f.png","contentUrl":"https:\/\/www.univ-guyane.fr\/wp-content\/uploads\/2024\/05\/f.png","width":1024,"height":1024,"caption":"Universit\u00e9 de Guyane"},"image":{"@id":"https:\/\/www.univ-guyane.fr\/#\/schema\/logo\/image\/"},"sameAs":["https:\/\/www.facebook.com\/univguyane","https:\/\/x.com\/univguyane","https:\/\/gf.linkedin.com\/school\/universite-de-guyane\/","https:\/\/www.instagram.com\/univ_guyane\/"]},{"@type":"Person","@id":"https:\/\/www.univ-guyane.fr\/#\/schema\/person\/86d946a28a8be51bb096ccfdf19db179","name":"Erick Loiti\u00e8re","image":{"@type":"ImageObject","inLanguage":"pt-BR","@id":"https:\/\/secure.gravatar.com\/avatar\/0584f332103fbeaf37e52c73b15dca3c547fd9300deb05764e9ad8714839d072?s=96&d=robohash&r=g","url":"https:\/\/secure.gravatar.com\/avatar\/0584f332103fbeaf37e52c73b15dca3c547fd9300deb05764e9ad8714839d072?s=96&d=robohash&r=g","contentUrl":"https:\/\/secure.gravatar.com\/avatar\/0584f332103fbeaf37e52c73b15dca3c547fd9300deb05764e9ad8714839d072?s=96&d=robohash&r=g","caption":"Erick Loiti\u00e8re"},"sameAs":["http:\/\/www.univ-guyane.fr"],"url":"https:\/\/www.univ-guyane.fr\/pt\/author\/eloitierdbz\/"}]}},"_links":{"self":[{"href":"https:\/\/www.univ-guyane.fr\/pt\/wp-json\/wp\/v2\/posts\/8666","targetHints":{"allow":["GET"]}}],"collection":[{"href":"https:\/\/www.univ-guyane.fr\/pt\/wp-json\/wp\/v2\/posts"}],"about":[{"href":"https:\/\/www.univ-guyane.fr\/pt\/wp-json\/wp\/v2\/types\/post"}],"author":[{"embeddable":true,"href":"https:\/\/www.univ-guyane.fr\/pt\/wp-json\/wp\/v2\/users\/1"}],"replies":[{"embeddable":true,"href":"https:\/\/www.univ-guyane.fr\/pt\/wp-json\/wp\/v2\/comments?post=8666"}],"version-history":[{"count":1,"href":"https:\/\/www.univ-guyane.fr\/pt\/wp-json\/wp\/v2\/posts\/8666\/revisions"}],"predecessor-version":[{"id":8667,"href":"https:\/\/www.univ-guyane.fr\/pt\/wp-json\/wp\/v2\/posts\/8666\/revisions\/8667"}],"wp:attachment":[{"href":"https:\/\/www.univ-guyane.fr\/pt\/wp-json\/wp\/v2\/media?parent=8666"}],"wp:term":[{"taxonomy":"category","embeddable":true,"href":"https:\/\/www.univ-guyane.fr\/pt\/wp-json\/wp\/v2\/categories?post=8666"},{"taxonomy":"post_tag","embeddable":true,"href":"https:\/\/www.univ-guyane.fr\/pt\/wp-json\/wp\/v2\/tags?post=8666"}],"curies":[{"name":"wp","href":"https:\/\/api.w.org\/{rel}","templated":true}]}}