{"id":8688,"date":"2022-10-03T15:10:07","date_gmt":"2022-10-03T18:10:07","guid":{"rendered":"https:\/\/www.univ-guyane.fr\/?p=8688"},"modified":"2024-06-18T15:13:00","modified_gmt":"2024-06-18T18:13:00","slug":"le-famnenisme-de-fabienne-kanor-tisser-racines-et-goumer-ensemble","status":"publish","type":"post","link":"https:\/\/www.univ-guyane.fr\/pt\/2022\/10\/03\/le-famnenisme-de-fabienne-kanor-tisser-racines-et-goumer-ensemble\/","title":{"rendered":"Le famn\u00e9nisme de Fabienne Kanor: Tecendo ra\u00edzes e ver\u00e3o juntos"},"content":{"rendered":"<div id=\"fws_69f442548dc38\"  data-column-margin=\"default\" data-midnight=\"dark\"  class=\"wpb_row vc_row-fluid vc_row\"  style=\"padding-top: 0px; padding-bottom: 0px; \"><div class=\"row-bg-wrap\" data-bg-animation=\"none\" data-bg-animation-delay=\"\" data-bg-overlay=\"false\"><div class=\"inner-wrap row-bg-layer\" ><div class=\"row-bg viewport-desktop\"  style=\"\"><\/div><\/div><\/div><div class=\"row_col_wrap_12 col span_12 dark left\">\n\t<div  class=\"vc_col-sm-12 wpb_column column_container vc_column_container col no-extra-padding inherit_tablet inherit_phone\"  data-padding-pos=\"all\" data-has-bg-color=\"false\" data-bg-color=\"\" data-bg-opacity=\"1\" data-animation=\"\" data-delay=\"0\" >\n\t\t<div class=\"vc_column-inner\" >\n\t\t\t<div class=\"wpb_wrapper\">\n\t\t\t\t\n<div class=\"wpb_text_column wpb_content_element  chapo\" >\n\t<h2 class=\"justify\">Como parte do semin\u00e1rio FEMPOCO, Gladys M. Francis, professora universit\u00e1ria da Howard University, dar\u00e1 uma palestra intitulada: \"Le famn\u00e9nisme de Fabienne Kanor: Tisser racines et goumer ensemble\", na segunda-feira, 10 de outubro de 2022, das 18h \u00e0s 20h, no Amphi E.<\/h2>\n<\/div>\n\n\n\n\n<div class=\"wpb_text_column wpb_content_element\" >\n\t<div class=\"wpb_text_column wpb_content_element\">\n<div class=\"wpb_wrapper\">\n<span class=\"nectar-dropcap\" >L <\/span>feminismo de Fabienne Kanor - uma renomada artista, romancista, jornalista e cineasta - \u00e9 caracterizado por ecossistemas neocoloniais que revelam os mecanismos e as estrat\u00e9gias pelos quais o trauma \u00e9 emanado ou reinscrito nos corpos das mulheres negras. Origin\u00e1ria da Martinica, a obra de Fabienne Kanor aborda a \u00c1frica, sua di\u00e1spora negra e o Caribe por meio do tema do confinamento traum\u00e1tico, que ela chama de \"a po\u00e9tica do aprisionamento\".<\/p>\n<\/div>\n<\/div>\n<div class=\"wpb_text_column wpb_content_element\">\n<div class=\"wpb_wrapper\">\n<div id=\"lipsum\">\n<p>Esse espa\u00e7o fechado (onde a brutalidade do deslocamento geogr\u00e1fico afeta o psicol\u00f3gico, o emocional e o social) tamb\u00e9m incorpora uma cartografia crioula, feminista e transformadora que Kanor teoriza sob o termo <em>fanatismo<\/em>. V\u00e1rios romances, trechos de filmes e performances ser\u00e3o apresentados para capturar o feminismo negro de Fabienne Kanor, preso entre o esquecimento e a lembran\u00e7a, o cativeiro e a deporta\u00e7\u00e3o, o poder e a impot\u00eancia, a ordem e a desordem. Esse repert\u00f3rio destacar\u00e1 o compromisso de Kanor com a mobiliza\u00e7\u00e3o de nossos corpos e a reconex\u00e3o com a diversidade de experi\u00eancias. <em>criador de f\u00e3s<\/em>. Trata-se da descoberta da resist\u00eancia individual e da <em>goum\u00e9 ansanm<\/em> que pode emanar do trauma. \u00c9 por meio dessa resist\u00eancia que as personagens e\/ou sujeitos femininos de Kanor tentam criar seus pr\u00f3prios espa\u00e7os \u00edntimos e privados, que ao mesmo tempo revelam suas subjetividades sexuais e desejos proibidos.<\/p>\n<\/div>\n<\/div>\n<\/div>\n<div class=\"wpb_text_column wpb_content_element vc_custom_1664807828497\">\n<div class=\"wpb_wrapper\">\n<p><strong>Sobre o palestrante<\/strong><\/p>\n<p><strong>Gladys M. Francis <\/strong>\u00e9 Reitora e Professora Universit\u00e1ria na Howard University (Washington DC, EUA), onde dirige o Escrit\u00f3rio de Assuntos Acad\u00eamicos e Estudantis na Faculdade de Artes e Ci\u00eancias (COAS) e tamb\u00e9m \u00e9 respons\u00e1vel pelo desenvolvimento de programas de estudo inovadores e internacionais para todos os departamentos acad\u00eamicos da COAS. Ela \u00e9 especialista em estudos africanos, franc\u00f3fonos, culturais e te\u00f3ricos. Seu trabalho interdisciplinar recente se concentra na est\u00e9tica das representa\u00e7\u00f5es do corpo em sofrimento na literatura e nas artes visuais. Ela explora quest\u00f5es de justi\u00e7a social, resist\u00eancia, trauma, constru\u00e7\u00e3o de identidade, g\u00eanero e sexualidade. A Dra. Francis \u00e9 convidada em todo o mundo como consultora e pesquisadora em quest\u00f5es de forma\u00e7\u00e3o de identidade e justi\u00e7a social relacionadas a g\u00eanero, etnia e classe, entre outras. Ela tem duas c\u00e1tedras de pesquisa em ci\u00eancias humanas, mais de cinco milh\u00f5es de d\u00f3lares arrecadados para miss\u00f5es educacionais e culturais, v\u00e1rias bolsas de estudo nacionais e internacionais e tr\u00eas pr\u00eamios de excel\u00eancia em ensino. Em 2019, ela recebeu o Pr\u00eamio da Faculdade de Artes e Ci\u00eancias por Excel\u00eancia em Diversidade, Equidade e Inclus\u00e3o. A Dra. Gladys M. Francis tem mais de quarenta artigos em suas \u00e1reas de especializa\u00e7\u00e3o, al\u00e9m de quatro livros <em>Amor, sexo, g\u00eanero e trauma no Caribe de l\u00edngua francesa<\/em>\u00a0(2016), <em>Odious Caribbean Women: The Palpable Aesthetics of Transgression (Mulheres odiosas do Caribe: a est\u00e9tica palp\u00e1vel da transgress\u00e3o)<\/em> (2017), <em>\u00c9pico<\/em> <em>Crioulo: Hist\u00f3rias de transgress\u00e3o <\/em>(2022), e <em>Fabienne Kanor em Transgress\u00e3o<\/em> (2022).<\/p>\n<\/div>\n<\/div>\n<\/div>\n\n\n\n\n\t\t\t<\/div> \n\t\t<\/div>\n\t<\/div> \n<\/div><\/div>","protected":false},"excerpt":{"rendered":"Como parte do semin\u00e1rio do FEMPOCO, Gladys M. Francis, professora universit\u00e1ria da Howard Steiger...","protected":false},"author":1,"featured_media":8689,"comment_status":"closed","ping_status":"open","sticky":false,"template":"","format":"standard","meta":{"iawp_total_views":58,"footnotes":""},"categories":[234,14,187],"tags":[],"class_list":{"0":"post-8688","1":"post","2":"type-post","3":"status-publish","4":"format-standard","5":"has-post-thumbnail","7":"category-a-la-une","8":"category-lsh","9":"category-minea"},"yoast_head":"<!-- This site is optimized with the Yoast SEO plugin v27.5 - https:\/\/yoast.com\/product\/yoast-seo-wordpress\/ -->\n<title>Le famn\u00e9nisme de Fabienne Kanor : Tisser racines et goumer ensemble &#8212; Universit\u00e9 de Guyane<\/title>\n<meta name=\"description\" content=\"D\u00e9couvrez la th\u00e9matique captivante du fanm\u00e9nisme d\u00e9velopp\u00e9 par Fabienne Kanor \u00e0 travers son \u0153uvre artistique pluridisciplinaire.\" \/>\n<meta name=\"robots\" content=\"index, follow, max-snippet:-1, max-image-preview:large, max-video-preview:-1\" \/>\n<link rel=\"canonical\" href=\"https:\/\/www.univ-guyane.fr\/pt\/2022\/10\/03\/le-famnenisme-de-fabienne-kanor-tisser-racines-et-goumer-ensemble\/\" \/>\n<meta property=\"og:locale\" content=\"pt_BR\" \/>\n<meta property=\"og:type\" content=\"article\" \/>\n<meta property=\"og:title\" content=\"Le famn\u00e9nisme de Fabienne Kanor : Tisser racines et goumer ensemble &#8212; Universit\u00e9 de Guyane\" \/>\n<meta property=\"og:description\" content=\"D\u00e9couvrez la th\u00e9matique captivante du fanm\u00e9nisme d\u00e9velopp\u00e9 par Fabienne Kanor \u00e0 travers son \u0153uvre artistique pluridisciplinaire.\" \/>\n<meta property=\"og:url\" content=\"https:\/\/www.univ-guyane.fr\/pt\/2022\/10\/03\/le-famnenisme-de-fabienne-kanor-tisser-racines-et-goumer-ensemble\/\" \/>\n<meta property=\"og:site_name\" content=\"Universit\u00e9 de Guyane\" \/>\n<meta property=\"article:publisher\" content=\"https:\/\/www.facebook.com\/univguyane\" \/>\n<meta property=\"article:published_time\" content=\"2022-10-03T18:10:07+00:00\" \/>\n<meta property=\"article:modified_time\" content=\"2024-06-18T18:13:00+00:00\" \/>\n<meta property=\"og:image\" content=\"https:\/\/www.univ-guyane.fr\/wp-content\/uploads\/conference-fempoco-famnenisme-oct-2022-universite-de-guyane.jpeg\" \/>\n\t<meta property=\"og:image:width\" content=\"1800\" \/>\n\t<meta property=\"og:image:height\" content=\"1013\" \/>\n\t<meta property=\"og:image:type\" content=\"image\/jpeg\" \/>\n<meta name=\"author\" content=\"Erick Loiti\u00e8re\" \/>\n<meta name=\"twitter:card\" content=\"summary_large_image\" \/>\n<meta name=\"twitter:creator\" content=\"@univguyane\" \/>\n<meta name=\"twitter:site\" content=\"@univguyane\" \/>\n<meta name=\"twitter:label1\" content=\"Escrito por\" \/>\n\t<meta name=\"twitter:data1\" content=\"Erick Loiti\u00e8re\" \/>\n\t<meta name=\"twitter:label2\" content=\"Est. tempo de leitura\" \/>\n\t<meta name=\"twitter:data2\" content=\"4 minutos\" \/>\n<script type=\"application\/ld+json\" class=\"yoast-schema-graph\">{\"@context\":\"https:\\\/\\\/schema.org\",\"@graph\":[{\"@type\":\"Article\",\"@id\":\"https:\\\/\\\/www.univ-guyane.fr\\\/2022\\\/10\\\/03\\\/le-famnenisme-de-fabienne-kanor-tisser-racines-et-goumer-ensemble\\\/#article\",\"isPartOf\":{\"@id\":\"https:\\\/\\\/www.univ-guyane.fr\\\/2022\\\/10\\\/03\\\/le-famnenisme-de-fabienne-kanor-tisser-racines-et-goumer-ensemble\\\/\"},\"author\":{\"name\":\"Erick Loiti\u00e8re\",\"@id\":\"https:\\\/\\\/www.univ-guyane.fr\\\/#\\\/schema\\\/person\\\/86d946a28a8be51bb096ccfdf19db179\"},\"headline\":\"Le famn\u00e9nisme de Fabienne Kanor : Tisser racines et goumer ensemble\",\"datePublished\":\"2022-10-03T18:10:07+00:00\",\"dateModified\":\"2024-06-18T18:13:00+00:00\",\"mainEntityOfPage\":{\"@id\":\"https:\\\/\\\/www.univ-guyane.fr\\\/2022\\\/10\\\/03\\\/le-famnenisme-de-fabienne-kanor-tisser-racines-et-goumer-ensemble\\\/\"},\"wordCount\":768,\"publisher\":{\"@id\":\"https:\\\/\\\/www.univ-guyane.fr\\\/#organization\"},\"image\":{\"@id\":\"https:\\\/\\\/www.univ-guyane.fr\\\/2022\\\/10\\\/03\\\/le-famnenisme-de-fabienne-kanor-tisser-racines-et-goumer-ensemble\\\/#primaryimage\"},\"thumbnailUrl\":\"https:\\\/\\\/www.univ-guyane.fr\\\/wp-content\\\/uploads\\\/conference-fempoco-famnenisme-oct-2022-universite-de-guyane.jpeg\",\"articleSection\":[\"\u2022 \u00c0 la une\",\"\u2022 LSH\",\"\u2022\u00a0MINEA\"],\"inLanguage\":\"pt-BR\"},{\"@type\":\"WebPage\",\"@id\":\"https:\\\/\\\/www.univ-guyane.fr\\\/2022\\\/10\\\/03\\\/le-famnenisme-de-fabienne-kanor-tisser-racines-et-goumer-ensemble\\\/\",\"url\":\"https:\\\/\\\/www.univ-guyane.fr\\\/2022\\\/10\\\/03\\\/le-famnenisme-de-fabienne-kanor-tisser-racines-et-goumer-ensemble\\\/\",\"name\":\"Le famn\u00e9nisme de Fabienne Kanor : Tisser racines et goumer ensemble &#8212; Universit\u00e9 de Guyane\",\"isPartOf\":{\"@id\":\"https:\\\/\\\/www.univ-guyane.fr\\\/#website\"},\"primaryImageOfPage\":{\"@id\":\"https:\\\/\\\/www.univ-guyane.fr\\\/2022\\\/10\\\/03\\\/le-famnenisme-de-fabienne-kanor-tisser-racines-et-goumer-ensemble\\\/#primaryimage\"},\"image\":{\"@id\":\"https:\\\/\\\/www.univ-guyane.fr\\\/2022\\\/10\\\/03\\\/le-famnenisme-de-fabienne-kanor-tisser-racines-et-goumer-ensemble\\\/#primaryimage\"},\"thumbnailUrl\":\"https:\\\/\\\/www.univ-guyane.fr\\\/wp-content\\\/uploads\\\/conference-fempoco-famnenisme-oct-2022-universite-de-guyane.jpeg\",\"datePublished\":\"2022-10-03T18:10:07+00:00\",\"dateModified\":\"2024-06-18T18:13:00+00:00\",\"description\":\"D\u00e9couvrez la th\u00e9matique captivante du fanm\u00e9nisme d\u00e9velopp\u00e9 par Fabienne Kanor \u00e0 travers son \u0153uvre artistique pluridisciplinaire.\",\"breadcrumb\":{\"@id\":\"https:\\\/\\\/www.univ-guyane.fr\\\/2022\\\/10\\\/03\\\/le-famnenisme-de-fabienne-kanor-tisser-racines-et-goumer-ensemble\\\/#breadcrumb\"},\"inLanguage\":\"pt-BR\",\"potentialAction\":[{\"@type\":\"ReadAction\",\"target\":[\"https:\\\/\\\/www.univ-guyane.fr\\\/2022\\\/10\\\/03\\\/le-famnenisme-de-fabienne-kanor-tisser-racines-et-goumer-ensemble\\\/\"]}]},{\"@type\":\"ImageObject\",\"inLanguage\":\"pt-BR\",\"@id\":\"https:\\\/\\\/www.univ-guyane.fr\\\/2022\\\/10\\\/03\\\/le-famnenisme-de-fabienne-kanor-tisser-racines-et-goumer-ensemble\\\/#primaryimage\",\"url\":\"https:\\\/\\\/www.univ-guyane.fr\\\/wp-content\\\/uploads\\\/conference-fempoco-famnenisme-oct-2022-universite-de-guyane.jpeg\",\"contentUrl\":\"https:\\\/\\\/www.univ-guyane.fr\\\/wp-content\\\/uploads\\\/conference-fempoco-famnenisme-oct-2022-universite-de-guyane.jpeg\",\"width\":1800,\"height\":1013,\"caption\":\"Le famn\u00e9nisme de Fabienne Kanor : Tisser racines et goumer ensemble\"},{\"@type\":\"BreadcrumbList\",\"@id\":\"https:\\\/\\\/www.univ-guyane.fr\\\/2022\\\/10\\\/03\\\/le-famnenisme-de-fabienne-kanor-tisser-racines-et-goumer-ensemble\\\/#breadcrumb\",\"itemListElement\":[{\"@type\":\"ListItem\",\"position\":1,\"name\":\"Accueil\",\"item\":\"https:\\\/\\\/www.univ-guyane.fr\\\/\"},{\"@type\":\"ListItem\",\"position\":2,\"name\":\"Le famn\u00e9nisme de Fabienne Kanor : Tisser racines et goumer ensemble\"}]},{\"@type\":\"WebSite\",\"@id\":\"https:\\\/\\\/www.univ-guyane.fr\\\/#website\",\"url\":\"https:\\\/\\\/www.univ-guyane.fr\\\/\",\"name\":\"Universit\u00e9 de Guyane\",\"description\":\"Au c\u0153ur de l&#039;amazonie\",\"publisher\":{\"@id\":\"https:\\\/\\\/www.univ-guyane.fr\\\/#organization\"},\"alternateName\":\"UG\",\"potentialAction\":[{\"@type\":\"SearchAction\",\"target\":{\"@type\":\"EntryPoint\",\"urlTemplate\":\"https:\\\/\\\/www.univ-guyane.fr\\\/?s={search_term_string}\"},\"query-input\":{\"@type\":\"PropertyValueSpecification\",\"valueRequired\":true,\"valueName\":\"search_term_string\"}}],\"inLanguage\":\"pt-BR\"},{\"@type\":\"Organization\",\"@id\":\"https:\\\/\\\/www.univ-guyane.fr\\\/#organization\",\"name\":\"Universit\u00e9 de Guyane\",\"alternateName\":\"UG\",\"url\":\"https:\\\/\\\/www.univ-guyane.fr\\\/\",\"logo\":{\"@type\":\"ImageObject\",\"inLanguage\":\"pt-BR\",\"@id\":\"https:\\\/\\\/www.univ-guyane.fr\\\/#\\\/schema\\\/logo\\\/image\\\/\",\"url\":\"https:\\\/\\\/www.univ-guyane.fr\\\/wp-content\\\/uploads\\\/2024\\\/05\\\/f.png\",\"contentUrl\":\"https:\\\/\\\/www.univ-guyane.fr\\\/wp-content\\\/uploads\\\/2024\\\/05\\\/f.png\",\"width\":1024,\"height\":1024,\"caption\":\"Universit\u00e9 de Guyane\"},\"image\":{\"@id\":\"https:\\\/\\\/www.univ-guyane.fr\\\/#\\\/schema\\\/logo\\\/image\\\/\"},\"sameAs\":[\"https:\\\/\\\/www.facebook.com\\\/univguyane\",\"https:\\\/\\\/x.com\\\/univguyane\",\"https:\\\/\\\/gf.linkedin.com\\\/school\\\/universite-de-guyane\\\/\",\"https:\\\/\\\/www.instagram.com\\\/univ_guyane\\\/\"]},{\"@type\":\"Person\",\"@id\":\"https:\\\/\\\/www.univ-guyane.fr\\\/#\\\/schema\\\/person\\\/86d946a28a8be51bb096ccfdf19db179\",\"name\":\"Erick Loiti\u00e8re\",\"image\":{\"@type\":\"ImageObject\",\"inLanguage\":\"pt-BR\",\"@id\":\"https:\\\/\\\/secure.gravatar.com\\\/avatar\\\/0584f332103fbeaf37e52c73b15dca3c547fd9300deb05764e9ad8714839d072?s=96&d=robohash&r=g\",\"url\":\"https:\\\/\\\/secure.gravatar.com\\\/avatar\\\/0584f332103fbeaf37e52c73b15dca3c547fd9300deb05764e9ad8714839d072?s=96&d=robohash&r=g\",\"contentUrl\":\"https:\\\/\\\/secure.gravatar.com\\\/avatar\\\/0584f332103fbeaf37e52c73b15dca3c547fd9300deb05764e9ad8714839d072?s=96&d=robohash&r=g\",\"caption\":\"Erick Loiti\u00e8re\"},\"sameAs\":[\"http:\\\/\\\/www.univ-guyane.fr\"],\"url\":\"https:\\\/\\\/www.univ-guyane.fr\\\/pt\\\/author\\\/eloitierdbz\\\/\"}]}<\/script>\n<!-- \/ Yoast SEO plugin. -->","yoast_head_json":{"title":"Le famn\u00e9nisme de Fabienne Kanor : Tisser racines et goumer ensemble &#8212; Universit\u00e9 de Guyane","description":"D\u00e9couvrez la th\u00e9matique captivante du fanm\u00e9nisme d\u00e9velopp\u00e9 par Fabienne Kanor \u00e0 travers son \u0153uvre artistique pluridisciplinaire.","robots":{"index":"index","follow":"follow","max-snippet":"max-snippet:-1","max-image-preview":"max-image-preview:large","max-video-preview":"max-video-preview:-1"},"canonical":"https:\/\/www.univ-guyane.fr\/pt\/2022\/10\/03\/le-famnenisme-de-fabienne-kanor-tisser-racines-et-goumer-ensemble\/","og_locale":"pt_BR","og_type":"article","og_title":"Le famn\u00e9nisme de Fabienne Kanor : Tisser racines et goumer ensemble &#8212; Universit\u00e9 de Guyane","og_description":"D\u00e9couvrez la th\u00e9matique captivante du fanm\u00e9nisme d\u00e9velopp\u00e9 par Fabienne Kanor \u00e0 travers son \u0153uvre artistique pluridisciplinaire.","og_url":"https:\/\/www.univ-guyane.fr\/pt\/2022\/10\/03\/le-famnenisme-de-fabienne-kanor-tisser-racines-et-goumer-ensemble\/","og_site_name":"Universit\u00e9 de Guyane","article_publisher":"https:\/\/www.facebook.com\/univguyane","article_published_time":"2022-10-03T18:10:07+00:00","article_modified_time":"2024-06-18T18:13:00+00:00","og_image":[{"width":1800,"height":1013,"url":"https:\/\/www.univ-guyane.fr\/wp-content\/uploads\/conference-fempoco-famnenisme-oct-2022-universite-de-guyane.jpeg","type":"image\/jpeg"}],"author":"Erick Loiti\u00e8re","twitter_card":"summary_large_image","twitter_creator":"@univguyane","twitter_site":"@univguyane","twitter_misc":{"Escrito por":"Erick Loiti\u00e8re","Est. tempo de leitura":"4 minutos"},"schema":{"@context":"https:\/\/schema.org","@graph":[{"@type":"Article","@id":"https:\/\/www.univ-guyane.fr\/2022\/10\/03\/le-famnenisme-de-fabienne-kanor-tisser-racines-et-goumer-ensemble\/#article","isPartOf":{"@id":"https:\/\/www.univ-guyane.fr\/2022\/10\/03\/le-famnenisme-de-fabienne-kanor-tisser-racines-et-goumer-ensemble\/"},"author":{"name":"Erick Loiti\u00e8re","@id":"https:\/\/www.univ-guyane.fr\/#\/schema\/person\/86d946a28a8be51bb096ccfdf19db179"},"headline":"Le famn\u00e9nisme de Fabienne Kanor : Tisser racines et goumer ensemble","datePublished":"2022-10-03T18:10:07+00:00","dateModified":"2024-06-18T18:13:00+00:00","mainEntityOfPage":{"@id":"https:\/\/www.univ-guyane.fr\/2022\/10\/03\/le-famnenisme-de-fabienne-kanor-tisser-racines-et-goumer-ensemble\/"},"wordCount":768,"publisher":{"@id":"https:\/\/www.univ-guyane.fr\/#organization"},"image":{"@id":"https:\/\/www.univ-guyane.fr\/2022\/10\/03\/le-famnenisme-de-fabienne-kanor-tisser-racines-et-goumer-ensemble\/#primaryimage"},"thumbnailUrl":"https:\/\/www.univ-guyane.fr\/wp-content\/uploads\/conference-fempoco-famnenisme-oct-2022-universite-de-guyane.jpeg","articleSection":["\u2022 \u00c0 la une","\u2022 LSH","\u2022\u00a0MINEA"],"inLanguage":"pt-BR"},{"@type":"WebPage","@id":"https:\/\/www.univ-guyane.fr\/2022\/10\/03\/le-famnenisme-de-fabienne-kanor-tisser-racines-et-goumer-ensemble\/","url":"https:\/\/www.univ-guyane.fr\/2022\/10\/03\/le-famnenisme-de-fabienne-kanor-tisser-racines-et-goumer-ensemble\/","name":"Le famn\u00e9nisme de Fabienne Kanor : Tisser racines et goumer ensemble &#8212; Universit\u00e9 de Guyane","isPartOf":{"@id":"https:\/\/www.univ-guyane.fr\/#website"},"primaryImageOfPage":{"@id":"https:\/\/www.univ-guyane.fr\/2022\/10\/03\/le-famnenisme-de-fabienne-kanor-tisser-racines-et-goumer-ensemble\/#primaryimage"},"image":{"@id":"https:\/\/www.univ-guyane.fr\/2022\/10\/03\/le-famnenisme-de-fabienne-kanor-tisser-racines-et-goumer-ensemble\/#primaryimage"},"thumbnailUrl":"https:\/\/www.univ-guyane.fr\/wp-content\/uploads\/conference-fempoco-famnenisme-oct-2022-universite-de-guyane.jpeg","datePublished":"2022-10-03T18:10:07+00:00","dateModified":"2024-06-18T18:13:00+00:00","description":"D\u00e9couvrez la th\u00e9matique captivante du fanm\u00e9nisme d\u00e9velopp\u00e9 par Fabienne Kanor \u00e0 travers son \u0153uvre artistique pluridisciplinaire.","breadcrumb":{"@id":"https:\/\/www.univ-guyane.fr\/2022\/10\/03\/le-famnenisme-de-fabienne-kanor-tisser-racines-et-goumer-ensemble\/#breadcrumb"},"inLanguage":"pt-BR","potentialAction":[{"@type":"ReadAction","target":["https:\/\/www.univ-guyane.fr\/2022\/10\/03\/le-famnenisme-de-fabienne-kanor-tisser-racines-et-goumer-ensemble\/"]}]},{"@type":"ImageObject","inLanguage":"pt-BR","@id":"https:\/\/www.univ-guyane.fr\/2022\/10\/03\/le-famnenisme-de-fabienne-kanor-tisser-racines-et-goumer-ensemble\/#primaryimage","url":"https:\/\/www.univ-guyane.fr\/wp-content\/uploads\/conference-fempoco-famnenisme-oct-2022-universite-de-guyane.jpeg","contentUrl":"https:\/\/www.univ-guyane.fr\/wp-content\/uploads\/conference-fempoco-famnenisme-oct-2022-universite-de-guyane.jpeg","width":1800,"height":1013,"caption":"Le famn\u00e9nisme de Fabienne Kanor : Tisser racines et goumer ensemble"},{"@type":"BreadcrumbList","@id":"https:\/\/www.univ-guyane.fr\/2022\/10\/03\/le-famnenisme-de-fabienne-kanor-tisser-racines-et-goumer-ensemble\/#breadcrumb","itemListElement":[{"@type":"ListItem","position":1,"name":"Accueil","item":"https:\/\/www.univ-guyane.fr\/"},{"@type":"ListItem","position":2,"name":"Le famn\u00e9nisme de Fabienne Kanor : Tisser racines et goumer ensemble"}]},{"@type":"WebSite","@id":"https:\/\/www.univ-guyane.fr\/#website","url":"https:\/\/www.univ-guyane.fr\/","name":"Universidade da Guiana","description":"No cora\u00e7\u00e3o da Amaz\u00f4nia","publisher":{"@id":"https:\/\/www.univ-guyane.fr\/#organization"},"alternateName":"UG","potentialAction":[{"@type":"SearchAction","target":{"@type":"EntryPoint","urlTemplate":"https:\/\/www.univ-guyane.fr\/?s={search_term_string}"},"query-input":{"@type":"PropertyValueSpecification","valueRequired":true,"valueName":"search_term_string"}}],"inLanguage":"pt-BR"},{"@type":"Organization","@id":"https:\/\/www.univ-guyane.fr\/#organization","name":"Universidade da Guiana","alternateName":"UG","url":"https:\/\/www.univ-guyane.fr\/","logo":{"@type":"ImageObject","inLanguage":"pt-BR","@id":"https:\/\/www.univ-guyane.fr\/#\/schema\/logo\/image\/","url":"https:\/\/www.univ-guyane.fr\/wp-content\/uploads\/2024\/05\/f.png","contentUrl":"https:\/\/www.univ-guyane.fr\/wp-content\/uploads\/2024\/05\/f.png","width":1024,"height":1024,"caption":"Universit\u00e9 de Guyane"},"image":{"@id":"https:\/\/www.univ-guyane.fr\/#\/schema\/logo\/image\/"},"sameAs":["https:\/\/www.facebook.com\/univguyane","https:\/\/x.com\/univguyane","https:\/\/gf.linkedin.com\/school\/universite-de-guyane\/","https:\/\/www.instagram.com\/univ_guyane\/"]},{"@type":"Person","@id":"https:\/\/www.univ-guyane.fr\/#\/schema\/person\/86d946a28a8be51bb096ccfdf19db179","name":"Erick Loiti\u00e8re","image":{"@type":"ImageObject","inLanguage":"pt-BR","@id":"https:\/\/secure.gravatar.com\/avatar\/0584f332103fbeaf37e52c73b15dca3c547fd9300deb05764e9ad8714839d072?s=96&d=robohash&r=g","url":"https:\/\/secure.gravatar.com\/avatar\/0584f332103fbeaf37e52c73b15dca3c547fd9300deb05764e9ad8714839d072?s=96&d=robohash&r=g","contentUrl":"https:\/\/secure.gravatar.com\/avatar\/0584f332103fbeaf37e52c73b15dca3c547fd9300deb05764e9ad8714839d072?s=96&d=robohash&r=g","caption":"Erick Loiti\u00e8re"},"sameAs":["http:\/\/www.univ-guyane.fr"],"url":"https:\/\/www.univ-guyane.fr\/pt\/author\/eloitierdbz\/"}]}},"_links":{"self":[{"href":"https:\/\/www.univ-guyane.fr\/pt\/wp-json\/wp\/v2\/posts\/8688","targetHints":{"allow":["GET"]}}],"collection":[{"href":"https:\/\/www.univ-guyane.fr\/pt\/wp-json\/wp\/v2\/posts"}],"about":[{"href":"https:\/\/www.univ-guyane.fr\/pt\/wp-json\/wp\/v2\/types\/post"}],"author":[{"embeddable":true,"href":"https:\/\/www.univ-guyane.fr\/pt\/wp-json\/wp\/v2\/users\/1"}],"replies":[{"embeddable":true,"href":"https:\/\/www.univ-guyane.fr\/pt\/wp-json\/wp\/v2\/comments?post=8688"}],"version-history":[{"count":1,"href":"https:\/\/www.univ-guyane.fr\/pt\/wp-json\/wp\/v2\/posts\/8688\/revisions"}],"predecessor-version":[{"id":8690,"href":"https:\/\/www.univ-guyane.fr\/pt\/wp-json\/wp\/v2\/posts\/8688\/revisions\/8690"}],"wp:featuredmedia":[{"embeddable":true,"href":"https:\/\/www.univ-guyane.fr\/pt\/wp-json\/wp\/v2\/media\/8689"}],"wp:attachment":[{"href":"https:\/\/www.univ-guyane.fr\/pt\/wp-json\/wp\/v2\/media?parent=8688"}],"wp:term":[{"taxonomy":"category","embeddable":true,"href":"https:\/\/www.univ-guyane.fr\/pt\/wp-json\/wp\/v2\/categories?post=8688"},{"taxonomy":"post_tag","embeddable":true,"href":"https:\/\/www.univ-guyane.fr\/pt\/wp-json\/wp\/v2\/tags?post=8688"}],"curies":[{"name":"wp","href":"https:\/\/api.w.org\/{rel}","templated":true}]}}