{"id":8839,"date":"2022-09-12T09:44:27","date_gmt":"2022-09-12T12:44:27","guid":{"rendered":"https:\/\/www.univ-guyane.fr\/?p=8839"},"modified":"2024-06-20T09:49:19","modified_gmt":"2024-06-20T12:49:19","slug":"toni-morrison-au-dela-de-la-fiction","status":"publish","type":"post","link":"https:\/\/www.univ-guyane.fr\/pt\/2022\/09\/12\/toni-morrison-au-dela-de-la-fiction\/","title":{"rendered":"Toni Morrison, al\u00e9m da fic\u00e7\u00e3o"},"content":{"rendered":"<div id=\"fws_69f4891401377\"  data-column-margin=\"default\" data-midnight=\"dark\"  class=\"wpb_row vc_row-fluid vc_row\"  style=\"padding-top: 0px; padding-bottom: 0px; \"><div class=\"row-bg-wrap\" data-bg-animation=\"none\" data-bg-animation-delay=\"\" data-bg-overlay=\"false\"><div class=\"inner-wrap row-bg-layer\" ><div class=\"row-bg viewport-desktop\"  style=\"\"><\/div><\/div><\/div><div class=\"row_col_wrap_12 col span_12 dark left\">\n\t<div  class=\"vc_col-sm-12 wpb_column column_container vc_column_container col no-extra-padding inherit_tablet inherit_phone\"  data-padding-pos=\"all\" data-has-bg-color=\"false\" data-bg-color=\"\" data-bg-opacity=\"1\" data-animation=\"\" data-delay=\"0\" >\n\t\t<div class=\"vc_column-inner\" >\n\t\t\t<div class=\"wpb_wrapper\">\n\t\t\t\t\n<div class=\"wpb_text_column wpb_content_element  chapo\" >\n\t<h2>Como parte da s\u00e9rie de palestras de quinta-feira, Claudine Raynaud, professora em\u00e9rita de literatura americana na Universit\u00e9 Paul-Val\u00e9ry, Montpellier 3, dar\u00e1 uma palestra intitulada \"Toni Morrison (1931-2019): al\u00e9m da fic\u00e7\u00e3o\". Organizada pela Comiss\u00e3o de Cultura da Universidade da Guiana e pelo laborat\u00f3rio MINEA, a palestra ser\u00e1 realizada na quinta-feira, 20 de outubro de 2022, \u00e0s 18h30, no Amphith\u00e9\u00e2tre A.<\/h2>\n<\/div>\n\n\n\n\n<div class=\"wpb_text_column wpb_content_element\" >\n\t<p><span class=\"nectar-dropcap\" >T <\/span>oni Morrison, a primeira negra americana a ganhar o Pr\u00eamio Nobel de Literatura, faleceu em 5 de agosto de 2019. Esta palestra se prop\u00f5e a comparar seus onze romances, de The Bluest Eye (1970) a Deliverance (2015), com suas outras contribui\u00e7\u00f5es, que fazem dela uma intelectual comprometida. Como editora, Morrison chamou a aten\u00e7\u00e3o do p\u00fablico para muitos autores negros americanos e supervisionou a publica\u00e7\u00e3o do The Black Book (1974), um livro-herb\u00e1rio sobre a hist\u00f3ria dos negros americanos. Ela compilou artigos em resposta \u00e0s controv\u00e9rsias de sua \u00e9poca, como Race-ing Justice, Engender-ing Power (1992), que trata da nomea\u00e7\u00e3o do juiz Clarence Thomas para a Suprema Corte. Ela escreveu um libreto para a \u00f3pera Margaret Garner (2005) e duas pe\u00e7as, Dreamling Emmett (1985) e Desdemona (2011), uma releitura de Otelo. Continuando sua luta contra a censura com Burn this Book (2012), ela co-escreveu livros infantis com seu filho Slade. Na \u00e9poca do #Blacklivesmatter, ela est\u00e1 aprimorando suas reflex\u00f5es sobre literatura e racismo com The Origin of Others (2017), prefaciado por Ta-Nehisi Coates (A Black Wrath) e uma sequ\u00eancia do magistral Playing in the Dark. Blancheur et imagination litt\u00e9raire (1992). Um presente p\u00f3stumo desse grande intelectual comprometido, La Source de l'amour propre (2019) \u00e9 uma antologia de escritos e medita\u00e7\u00f5es que re\u00fane quarenta contribui\u00e7\u00f5es.<\/p>\n<div class=\"ug_container-yellow\"><strong>Nota biogr\u00e1fica sobre Claudine Raynaud<\/strong><br \/>\nProfessora em\u00e9rita de literatura americana na Universit\u00e9 Paul-Val\u00e9ry, Montpellier 3, e membro do laborat\u00f3rio de pesquisa EMMA, Claudine Raynaud lecionou por v\u00e1rios anos nos Estados Unidos (Northwestern, Michigan, Oberlin) e escreveu sua tese sobre a escrita de si de escritoras negras americanas (Hurston, Brooks, Angelou e Lorde). \u00c9 autora de v\u00e1rias publica\u00e7\u00f5es, incluindo Toni Morrison. L'esth\u00e9tique de la survie (Belin, 1996), R\u00e9cit de Sojourner Truth. Une esclave du Nord, \u00e9mancip\u00e9e de la servitude corporelle en 1828 par l'Etat de New-York, tradu\u00e7\u00e3o, introdu\u00e7\u00e3o e notas de Claudine Raynaud (Presses Universitaires de l'Universit\u00e9 de Rouen, 2016), e o dossi\u00ea \"(Re)lire les f\u00e9minismes noirs\" (co-editado com Tina Harpin na revista Etudes litt\u00e9raires africaines, 2021), ela dirigiu a equipe de pesquisa \"Genesis and Autobiography\" no laborat\u00f3rio ITEM\/CNRS e supervisionou v\u00e1rias teses nas \u00e1reas de Estudos da Mulher e Estudos Afro-Americanos.<\/div>\n<\/div>\n\n\n\n\n\t\t\t<\/div> \n\t\t<\/div>\n\t<\/div> \n<\/div><\/div>","protected":false},"excerpt":{"rendered":"Claudine Raynaud, professora em\u00e9rita de literatura americana na Universit\u00e9 Paul-Val\u00e9ry, participar\u00e1 de uma s\u00e9rie de quintas-feiras com...","protected":false},"author":1,"featured_media":8840,"comment_status":"closed","ping_status":"open","sticky":false,"template":"","format":"standard","meta":{"iawp_total_views":31,"footnotes":""},"categories":[239,187],"tags":[],"class_list":{"0":"post-8839","1":"post","2":"type-post","3":"status-publish","4":"format-standard","5":"has-post-thumbnail","7":"category-culture","8":"category-minea"},"yoast_head":"<!-- This site is optimized with the Yoast SEO plugin v27.5 - https:\/\/yoast.com\/product\/yoast-seo-wordpress\/ -->\n<title>Toni Morrison, au-del\u00e0 de la fiction &#8212; Universit\u00e9 de Guyane<\/title>\n<meta name=\"description\" content=\"D\u00e9couvrez l&#039;h\u00e9ritage de Toni Morrison \u00e0 travers ses romans et ses engagements intellectuels lors de cette conf\u00e9rence unique.\" \/>\n<meta name=\"robots\" content=\"index, follow, max-snippet:-1, max-image-preview:large, max-video-preview:-1\" \/>\n<link rel=\"canonical\" href=\"https:\/\/www.univ-guyane.fr\/pt\/2022\/09\/12\/toni-morrison-au-dela-de-la-fiction\/\" \/>\n<meta property=\"og:locale\" content=\"pt_BR\" \/>\n<meta property=\"og:type\" content=\"article\" \/>\n<meta property=\"og:title\" content=\"Toni Morrison, au-del\u00e0 de la fiction &#8212; Universit\u00e9 de Guyane\" \/>\n<meta property=\"og:description\" content=\"D\u00e9couvrez l&#039;h\u00e9ritage de Toni Morrison \u00e0 travers ses romans et ses engagements intellectuels lors de cette conf\u00e9rence unique.\" \/>\n<meta property=\"og:url\" content=\"https:\/\/www.univ-guyane.fr\/pt\/2022\/09\/12\/toni-morrison-au-dela-de-la-fiction\/\" \/>\n<meta property=\"og:site_name\" content=\"Universit\u00e9 de Guyane\" \/>\n<meta property=\"article:publisher\" content=\"https:\/\/www.facebook.com\/univguyane\" \/>\n<meta property=\"article:published_time\" content=\"2022-09-12T12:44:27+00:00\" \/>\n<meta property=\"article:modified_time\" content=\"2024-06-20T12:49:19+00:00\" \/>\n<meta property=\"og:image\" content=\"https:\/\/www.univ-guyane.fr\/wp-content\/uploads\/conference-torri-morrison-au-dela-de-la-fiction-tv-universite-de-guyane.jpg\" \/>\n\t<meta property=\"og:image:width\" content=\"1920\" \/>\n\t<meta property=\"og:image:height\" content=\"1080\" \/>\n\t<meta property=\"og:image:type\" content=\"image\/jpeg\" \/>\n<meta name=\"author\" content=\"Erick Loiti\u00e8re\" \/>\n<meta name=\"twitter:card\" content=\"summary_large_image\" \/>\n<meta name=\"twitter:creator\" content=\"@univguyane\" \/>\n<meta name=\"twitter:site\" content=\"@univguyane\" \/>\n<meta name=\"twitter:label1\" content=\"Escrito por\" \/>\n\t<meta name=\"twitter:data1\" content=\"Erick Loiti\u00e8re\" \/>\n\t<meta name=\"twitter:label2\" content=\"Est. tempo de leitura\" \/>\n\t<meta name=\"twitter:data2\" content=\"3 minutos\" \/>\n<script type=\"application\/ld+json\" class=\"yoast-schema-graph\">{\"@context\":\"https:\\\/\\\/schema.org\",\"@graph\":[{\"@type\":\"Article\",\"@id\":\"https:\\\/\\\/www.univ-guyane.fr\\\/2022\\\/09\\\/12\\\/toni-morrison-au-dela-de-la-fiction\\\/#article\",\"isPartOf\":{\"@id\":\"https:\\\/\\\/www.univ-guyane.fr\\\/2022\\\/09\\\/12\\\/toni-morrison-au-dela-de-la-fiction\\\/\"},\"author\":{\"name\":\"Erick Loiti\u00e8re\",\"@id\":\"https:\\\/\\\/www.univ-guyane.fr\\\/#\\\/schema\\\/person\\\/86d946a28a8be51bb096ccfdf19db179\"},\"headline\":\"Toni Morrison, au-del\u00e0 de la fiction\",\"datePublished\":\"2022-09-12T12:44:27+00:00\",\"dateModified\":\"2024-06-20T12:49:19+00:00\",\"mainEntityOfPage\":{\"@id\":\"https:\\\/\\\/www.univ-guyane.fr\\\/2022\\\/09\\\/12\\\/toni-morrison-au-dela-de-la-fiction\\\/\"},\"wordCount\":648,\"publisher\":{\"@id\":\"https:\\\/\\\/www.univ-guyane.fr\\\/#organization\"},\"image\":{\"@id\":\"https:\\\/\\\/www.univ-guyane.fr\\\/2022\\\/09\\\/12\\\/toni-morrison-au-dela-de-la-fiction\\\/#primaryimage\"},\"thumbnailUrl\":\"https:\\\/\\\/www.univ-guyane.fr\\\/wp-content\\\/uploads\\\/conference-torri-morrison-au-dela-de-la-fiction-tv-universite-de-guyane.jpg\",\"articleSection\":[\"\u2022 Culture\",\"\u2022\u00a0MINEA\"],\"inLanguage\":\"pt-BR\"},{\"@type\":\"WebPage\",\"@id\":\"https:\\\/\\\/www.univ-guyane.fr\\\/2022\\\/09\\\/12\\\/toni-morrison-au-dela-de-la-fiction\\\/\",\"url\":\"https:\\\/\\\/www.univ-guyane.fr\\\/2022\\\/09\\\/12\\\/toni-morrison-au-dela-de-la-fiction\\\/\",\"name\":\"Toni Morrison, au-del\u00e0 de la fiction &#8212; Universit\u00e9 de Guyane\",\"isPartOf\":{\"@id\":\"https:\\\/\\\/www.univ-guyane.fr\\\/#website\"},\"primaryImageOfPage\":{\"@id\":\"https:\\\/\\\/www.univ-guyane.fr\\\/2022\\\/09\\\/12\\\/toni-morrison-au-dela-de-la-fiction\\\/#primaryimage\"},\"image\":{\"@id\":\"https:\\\/\\\/www.univ-guyane.fr\\\/2022\\\/09\\\/12\\\/toni-morrison-au-dela-de-la-fiction\\\/#primaryimage\"},\"thumbnailUrl\":\"https:\\\/\\\/www.univ-guyane.fr\\\/wp-content\\\/uploads\\\/conference-torri-morrison-au-dela-de-la-fiction-tv-universite-de-guyane.jpg\",\"datePublished\":\"2022-09-12T12:44:27+00:00\",\"dateModified\":\"2024-06-20T12:49:19+00:00\",\"description\":\"D\u00e9couvrez l'h\u00e9ritage de Toni Morrison \u00e0 travers ses romans et ses engagements intellectuels lors de cette conf\u00e9rence unique.\",\"breadcrumb\":{\"@id\":\"https:\\\/\\\/www.univ-guyane.fr\\\/2022\\\/09\\\/12\\\/toni-morrison-au-dela-de-la-fiction\\\/#breadcrumb\"},\"inLanguage\":\"pt-BR\",\"potentialAction\":[{\"@type\":\"ReadAction\",\"target\":[\"https:\\\/\\\/www.univ-guyane.fr\\\/2022\\\/09\\\/12\\\/toni-morrison-au-dela-de-la-fiction\\\/\"]}]},{\"@type\":\"ImageObject\",\"inLanguage\":\"pt-BR\",\"@id\":\"https:\\\/\\\/www.univ-guyane.fr\\\/2022\\\/09\\\/12\\\/toni-morrison-au-dela-de-la-fiction\\\/#primaryimage\",\"url\":\"https:\\\/\\\/www.univ-guyane.fr\\\/wp-content\\\/uploads\\\/conference-torri-morrison-au-dela-de-la-fiction-tv-universite-de-guyane.jpg\",\"contentUrl\":\"https:\\\/\\\/www.univ-guyane.fr\\\/wp-content\\\/uploads\\\/conference-torri-morrison-au-dela-de-la-fiction-tv-universite-de-guyane.jpg\",\"width\":1920,\"height\":1080,\"caption\":\"Toni Morrison, au-del\u00e0 de la fiction\"},{\"@type\":\"BreadcrumbList\",\"@id\":\"https:\\\/\\\/www.univ-guyane.fr\\\/2022\\\/09\\\/12\\\/toni-morrison-au-dela-de-la-fiction\\\/#breadcrumb\",\"itemListElement\":[{\"@type\":\"ListItem\",\"position\":1,\"name\":\"Accueil\",\"item\":\"https:\\\/\\\/www.univ-guyane.fr\\\/\"},{\"@type\":\"ListItem\",\"position\":2,\"name\":\"Toni Morrison, au-del\u00e0 de la fiction\"}]},{\"@type\":\"WebSite\",\"@id\":\"https:\\\/\\\/www.univ-guyane.fr\\\/#website\",\"url\":\"https:\\\/\\\/www.univ-guyane.fr\\\/\",\"name\":\"Universit\u00e9 de Guyane\",\"description\":\"Au c\u0153ur de l&#039;amazonie\",\"publisher\":{\"@id\":\"https:\\\/\\\/www.univ-guyane.fr\\\/#organization\"},\"alternateName\":\"UG\",\"potentialAction\":[{\"@type\":\"SearchAction\",\"target\":{\"@type\":\"EntryPoint\",\"urlTemplate\":\"https:\\\/\\\/www.univ-guyane.fr\\\/?s={search_term_string}\"},\"query-input\":{\"@type\":\"PropertyValueSpecification\",\"valueRequired\":true,\"valueName\":\"search_term_string\"}}],\"inLanguage\":\"pt-BR\"},{\"@type\":\"Organization\",\"@id\":\"https:\\\/\\\/www.univ-guyane.fr\\\/#organization\",\"name\":\"Universit\u00e9 de Guyane\",\"alternateName\":\"UG\",\"url\":\"https:\\\/\\\/www.univ-guyane.fr\\\/\",\"logo\":{\"@type\":\"ImageObject\",\"inLanguage\":\"pt-BR\",\"@id\":\"https:\\\/\\\/www.univ-guyane.fr\\\/#\\\/schema\\\/logo\\\/image\\\/\",\"url\":\"https:\\\/\\\/www.univ-guyane.fr\\\/wp-content\\\/uploads\\\/2024\\\/05\\\/f.png\",\"contentUrl\":\"https:\\\/\\\/www.univ-guyane.fr\\\/wp-content\\\/uploads\\\/2024\\\/05\\\/f.png\",\"width\":1024,\"height\":1024,\"caption\":\"Universit\u00e9 de Guyane\"},\"image\":{\"@id\":\"https:\\\/\\\/www.univ-guyane.fr\\\/#\\\/schema\\\/logo\\\/image\\\/\"},\"sameAs\":[\"https:\\\/\\\/www.facebook.com\\\/univguyane\",\"https:\\\/\\\/x.com\\\/univguyane\",\"https:\\\/\\\/gf.linkedin.com\\\/school\\\/universite-de-guyane\\\/\",\"https:\\\/\\\/www.instagram.com\\\/univ_guyane\\\/\"]},{\"@type\":\"Person\",\"@id\":\"https:\\\/\\\/www.univ-guyane.fr\\\/#\\\/schema\\\/person\\\/86d946a28a8be51bb096ccfdf19db179\",\"name\":\"Erick Loiti\u00e8re\",\"image\":{\"@type\":\"ImageObject\",\"inLanguage\":\"pt-BR\",\"@id\":\"https:\\\/\\\/secure.gravatar.com\\\/avatar\\\/0584f332103fbeaf37e52c73b15dca3c547fd9300deb05764e9ad8714839d072?s=96&d=robohash&r=g\",\"url\":\"https:\\\/\\\/secure.gravatar.com\\\/avatar\\\/0584f332103fbeaf37e52c73b15dca3c547fd9300deb05764e9ad8714839d072?s=96&d=robohash&r=g\",\"contentUrl\":\"https:\\\/\\\/secure.gravatar.com\\\/avatar\\\/0584f332103fbeaf37e52c73b15dca3c547fd9300deb05764e9ad8714839d072?s=96&d=robohash&r=g\",\"caption\":\"Erick Loiti\u00e8re\"},\"sameAs\":[\"http:\\\/\\\/www.univ-guyane.fr\"],\"url\":\"https:\\\/\\\/www.univ-guyane.fr\\\/pt\\\/author\\\/eloitierdbz\\\/\"}]}<\/script>\n<!-- \/ Yoast SEO plugin. -->","yoast_head_json":{"title":"Toni Morrison, al\u00e9m da fic\u00e7\u00e3o - Universit\u00e9 de Guyane","description":"Descubra o legado de Toni Morrison por meio de seus romances e compromissos intelectuais nesta confer\u00eancia exclusiva.","robots":{"index":"index","follow":"follow","max-snippet":"max-snippet:-1","max-image-preview":"max-image-preview:large","max-video-preview":"max-video-preview:-1"},"canonical":"https:\/\/www.univ-guyane.fr\/pt\/2022\/09\/12\/toni-morrison-au-dela-de-la-fiction\/","og_locale":"pt_BR","og_type":"article","og_title":"Toni Morrison, au-del\u00e0 de la fiction &#8212; Universit\u00e9 de Guyane","og_description":"D\u00e9couvrez l'h\u00e9ritage de Toni Morrison \u00e0 travers ses romans et ses engagements intellectuels lors de cette conf\u00e9rence unique.","og_url":"https:\/\/www.univ-guyane.fr\/pt\/2022\/09\/12\/toni-morrison-au-dela-de-la-fiction\/","og_site_name":"Universit\u00e9 de Guyane","article_publisher":"https:\/\/www.facebook.com\/univguyane","article_published_time":"2022-09-12T12:44:27+00:00","article_modified_time":"2024-06-20T12:49:19+00:00","og_image":[{"width":1920,"height":1080,"url":"https:\/\/www.univ-guyane.fr\/wp-content\/uploads\/conference-torri-morrison-au-dela-de-la-fiction-tv-universite-de-guyane.jpg","type":"image\/jpeg"}],"author":"Erick Loiti\u00e8re","twitter_card":"summary_large_image","twitter_creator":"@univguyane","twitter_site":"@univguyane","twitter_misc":{"Escrito por":"Erick Loiti\u00e8re","Est. tempo de leitura":"3 minutos"},"schema":{"@context":"https:\/\/schema.org","@graph":[{"@type":"Article","@id":"https:\/\/www.univ-guyane.fr\/2022\/09\/12\/toni-morrison-au-dela-de-la-fiction\/#article","isPartOf":{"@id":"https:\/\/www.univ-guyane.fr\/2022\/09\/12\/toni-morrison-au-dela-de-la-fiction\/"},"author":{"name":"Erick Loiti\u00e8re","@id":"https:\/\/www.univ-guyane.fr\/#\/schema\/person\/86d946a28a8be51bb096ccfdf19db179"},"headline":"Toni Morrison, au-del\u00e0 de la fiction","datePublished":"2022-09-12T12:44:27+00:00","dateModified":"2024-06-20T12:49:19+00:00","mainEntityOfPage":{"@id":"https:\/\/www.univ-guyane.fr\/2022\/09\/12\/toni-morrison-au-dela-de-la-fiction\/"},"wordCount":648,"publisher":{"@id":"https:\/\/www.univ-guyane.fr\/#organization"},"image":{"@id":"https:\/\/www.univ-guyane.fr\/2022\/09\/12\/toni-morrison-au-dela-de-la-fiction\/#primaryimage"},"thumbnailUrl":"https:\/\/www.univ-guyane.fr\/wp-content\/uploads\/conference-torri-morrison-au-dela-de-la-fiction-tv-universite-de-guyane.jpg","articleSection":["\u2022 Culture","\u2022\u00a0MINEA"],"inLanguage":"pt-BR"},{"@type":"WebPage","@id":"https:\/\/www.univ-guyane.fr\/2022\/09\/12\/toni-morrison-au-dela-de-la-fiction\/","url":"https:\/\/www.univ-guyane.fr\/2022\/09\/12\/toni-morrison-au-dela-de-la-fiction\/","name":"Toni Morrison, al\u00e9m da fic\u00e7\u00e3o - Universit\u00e9 de Guyane","isPartOf":{"@id":"https:\/\/www.univ-guyane.fr\/#website"},"primaryImageOfPage":{"@id":"https:\/\/www.univ-guyane.fr\/2022\/09\/12\/toni-morrison-au-dela-de-la-fiction\/#primaryimage"},"image":{"@id":"https:\/\/www.univ-guyane.fr\/2022\/09\/12\/toni-morrison-au-dela-de-la-fiction\/#primaryimage"},"thumbnailUrl":"https:\/\/www.univ-guyane.fr\/wp-content\/uploads\/conference-torri-morrison-au-dela-de-la-fiction-tv-universite-de-guyane.jpg","datePublished":"2022-09-12T12:44:27+00:00","dateModified":"2024-06-20T12:49:19+00:00","description":"Descubra o legado de Toni Morrison por meio de seus romances e compromissos intelectuais nesta confer\u00eancia exclusiva.","breadcrumb":{"@id":"https:\/\/www.univ-guyane.fr\/2022\/09\/12\/toni-morrison-au-dela-de-la-fiction\/#breadcrumb"},"inLanguage":"pt-BR","potentialAction":[{"@type":"ReadAction","target":["https:\/\/www.univ-guyane.fr\/2022\/09\/12\/toni-morrison-au-dela-de-la-fiction\/"]}]},{"@type":"ImageObject","inLanguage":"pt-BR","@id":"https:\/\/www.univ-guyane.fr\/2022\/09\/12\/toni-morrison-au-dela-de-la-fiction\/#primaryimage","url":"https:\/\/www.univ-guyane.fr\/wp-content\/uploads\/conference-torri-morrison-au-dela-de-la-fiction-tv-universite-de-guyane.jpg","contentUrl":"https:\/\/www.univ-guyane.fr\/wp-content\/uploads\/conference-torri-morrison-au-dela-de-la-fiction-tv-universite-de-guyane.jpg","width":1920,"height":1080,"caption":"Toni Morrison, au-del\u00e0 de la fiction"},{"@type":"BreadcrumbList","@id":"https:\/\/www.univ-guyane.fr\/2022\/09\/12\/toni-morrison-au-dela-de-la-fiction\/#breadcrumb","itemListElement":[{"@type":"ListItem","position":1,"name":"Accueil","item":"https:\/\/www.univ-guyane.fr\/"},{"@type":"ListItem","position":2,"name":"Toni Morrison, au-del\u00e0 de la fiction"}]},{"@type":"WebSite","@id":"https:\/\/www.univ-guyane.fr\/#website","url":"https:\/\/www.univ-guyane.fr\/","name":"Universidade da Guiana","description":"No cora\u00e7\u00e3o da Amaz\u00f4nia","publisher":{"@id":"https:\/\/www.univ-guyane.fr\/#organization"},"alternateName":"UG","potentialAction":[{"@type":"SearchAction","target":{"@type":"EntryPoint","urlTemplate":"https:\/\/www.univ-guyane.fr\/?s={search_term_string}"},"query-input":{"@type":"PropertyValueSpecification","valueRequired":true,"valueName":"search_term_string"}}],"inLanguage":"pt-BR"},{"@type":"Organization","@id":"https:\/\/www.univ-guyane.fr\/#organization","name":"Universidade da Guiana","alternateName":"UG","url":"https:\/\/www.univ-guyane.fr\/","logo":{"@type":"ImageObject","inLanguage":"pt-BR","@id":"https:\/\/www.univ-guyane.fr\/#\/schema\/logo\/image\/","url":"https:\/\/www.univ-guyane.fr\/wp-content\/uploads\/2024\/05\/f.png","contentUrl":"https:\/\/www.univ-guyane.fr\/wp-content\/uploads\/2024\/05\/f.png","width":1024,"height":1024,"caption":"Universit\u00e9 de Guyane"},"image":{"@id":"https:\/\/www.univ-guyane.fr\/#\/schema\/logo\/image\/"},"sameAs":["https:\/\/www.facebook.com\/univguyane","https:\/\/x.com\/univguyane","https:\/\/gf.linkedin.com\/school\/universite-de-guyane\/","https:\/\/www.instagram.com\/univ_guyane\/"]},{"@type":"Person","@id":"https:\/\/www.univ-guyane.fr\/#\/schema\/person\/86d946a28a8be51bb096ccfdf19db179","name":"Erick Loiti\u00e8re","image":{"@type":"ImageObject","inLanguage":"pt-BR","@id":"https:\/\/secure.gravatar.com\/avatar\/0584f332103fbeaf37e52c73b15dca3c547fd9300deb05764e9ad8714839d072?s=96&d=robohash&r=g","url":"https:\/\/secure.gravatar.com\/avatar\/0584f332103fbeaf37e52c73b15dca3c547fd9300deb05764e9ad8714839d072?s=96&d=robohash&r=g","contentUrl":"https:\/\/secure.gravatar.com\/avatar\/0584f332103fbeaf37e52c73b15dca3c547fd9300deb05764e9ad8714839d072?s=96&d=robohash&r=g","caption":"Erick Loiti\u00e8re"},"sameAs":["http:\/\/www.univ-guyane.fr"],"url":"https:\/\/www.univ-guyane.fr\/pt\/author\/eloitierdbz\/"}]}},"_links":{"self":[{"href":"https:\/\/www.univ-guyane.fr\/pt\/wp-json\/wp\/v2\/posts\/8839","targetHints":{"allow":["GET"]}}],"collection":[{"href":"https:\/\/www.univ-guyane.fr\/pt\/wp-json\/wp\/v2\/posts"}],"about":[{"href":"https:\/\/www.univ-guyane.fr\/pt\/wp-json\/wp\/v2\/types\/post"}],"author":[{"embeddable":true,"href":"https:\/\/www.univ-guyane.fr\/pt\/wp-json\/wp\/v2\/users\/1"}],"replies":[{"embeddable":true,"href":"https:\/\/www.univ-guyane.fr\/pt\/wp-json\/wp\/v2\/comments?post=8839"}],"version-history":[{"count":1,"href":"https:\/\/www.univ-guyane.fr\/pt\/wp-json\/wp\/v2\/posts\/8839\/revisions"}],"predecessor-version":[{"id":8841,"href":"https:\/\/www.univ-guyane.fr\/pt\/wp-json\/wp\/v2\/posts\/8839\/revisions\/8841"}],"wp:featuredmedia":[{"embeddable":true,"href":"https:\/\/www.univ-guyane.fr\/pt\/wp-json\/wp\/v2\/media\/8840"}],"wp:attachment":[{"href":"https:\/\/www.univ-guyane.fr\/pt\/wp-json\/wp\/v2\/media?parent=8839"}],"wp:term":[{"taxonomy":"category","embeddable":true,"href":"https:\/\/www.univ-guyane.fr\/pt\/wp-json\/wp\/v2\/categories?post=8839"},{"taxonomy":"post_tag","embeddable":true,"href":"https:\/\/www.univ-guyane.fr\/pt\/wp-json\/wp\/v2\/tags?post=8839"}],"curies":[{"name":"wp","href":"https:\/\/api.w.org\/{rel}","templated":true}]}}