{"id":8842,"date":"2022-09-08T09:50:42","date_gmt":"2022-09-08T12:50:42","guid":{"rendered":"https:\/\/www.univ-guyane.fr\/?p=8842"},"modified":"2024-06-20T09:54:32","modified_gmt":"2024-06-20T12:54:32","slug":"2emes-assises-internationales-du-carnaval-guyanais","status":"publish","type":"post","link":"https:\/\/www.univ-guyane.fr\/pt\/2022\/09\/08\/2emes-assises-internationales-du-carnaval-guyanais\/","title":{"rendered":"2\u00aa Confer\u00eancia Internacional do Carnaval da Guiana"},"content":{"rendered":"<div id=\"fws_69f49b479b98c\"  data-column-margin=\"default\" data-midnight=\"dark\"  class=\"wpb_row vc_row-fluid vc_row\"  style=\"padding-top: 0px; padding-bottom: 0px; \"><div class=\"row-bg-wrap\" data-bg-animation=\"none\" data-bg-animation-delay=\"\" data-bg-overlay=\"false\"><div class=\"inner-wrap row-bg-layer\" ><div class=\"row-bg viewport-desktop\"  style=\"\"><\/div><\/div><\/div><div class=\"row_col_wrap_12 col span_12 dark left\">\n\t<div  class=\"vc_col-sm-12 wpb_column column_container vc_column_container col no-extra-padding inherit_tablet inherit_phone\"  data-padding-pos=\"all\" data-has-bg-color=\"false\" data-bg-color=\"\" data-bg-opacity=\"1\" data-animation=\"\" data-delay=\"0\" >\n\t\t<div class=\"vc_column-inner\" >\n\t\t\t<div class=\"wpb_wrapper\">\n\t\t\t\t\n<div class=\"wpb_text_column wpb_content_element  chapo\" >\n\t<h2>O Observatoire R\u00e9gional du Carnaval Guyanais (ORCG) est\u00e1 organizando a segunda edi\u00e7\u00e3o das Assises internationales du carnaval guyanais, na sexta-feira, 30 de setembro, e no s\u00e1bado, 1\u00ba de outubro, no audit\u00f3rio do ENCRE, em Caiena. Esse evento, que \u00e9 aberto a todos, tamb\u00e9m ser\u00e1 transmitido ao vivo nas p\u00e1ginas do Facebook da Universidade da Guiana Francesa e da Collectivit\u00e9 Territoriale de Guyane.<\/h2>\n<\/div>\n\n\n\n\n<div class=\"wpb_text_column wpb_content_element\" >\n\t<p><span class=\"nectar-dropcap\" >\u00c9 <\/span>Carnaval da Guiana Francesa \u00e9 uma parte importante do patrim\u00f4nio da Guiana e uma ferramenta de coes\u00e3o social, reunindo as diferentes culturas da popula\u00e7\u00e3o. Ele contribui para a promo\u00e7\u00e3o do turismo na Guiana Francesa, bem como para o seu desenvolvimento econ\u00f4mico. \u00c9 um momento em que a arte, a criatividade e a imagina\u00e7\u00e3o se combinam com a tradi\u00e7\u00e3o para criar uma s\u00e9rie de festividades que s\u00e3o exclusivas da Guiana Francesa. O carnaval na Guiana Francesa \u00e9 um momento de socializa\u00e7\u00e3o que requer prepara\u00e7\u00e3o tanto para o corpo quanto para a mente. Esse evento de entretenimento, que combina rituais e gasto de energia, exige uma compreens\u00e3o das dimens\u00f5es f\u00edsicas, psicol\u00f3gicas e espirituais associadas a ele.<\/p>\n<h3><strong>Uma segunda edi\u00e7\u00e3o com o tema da sa\u00fade<\/strong><\/h3>\n<p>A segunda edi\u00e7\u00e3o das Assises du Carnaval guyanais mobilizar\u00e1 os conhecimentos associados \u00e0 Sa\u00fade. As discuss\u00f5es entre p\u00fablico, agentes culturais, associa\u00e7\u00f5es, socioprofissionais, institui\u00e7\u00f5es e acad\u00eamicos permitir\u00e3o a elabora\u00e7\u00e3o de propostas concretas, coletivas e construtivas para as pol\u00edticas p\u00fablicas e para os carnavalescos. Dessa forma, ser\u00e1 poss\u00edvel examinar e compreender melhor as principais quest\u00f5es relacionadas \u00e0 atividade f\u00edsica, bem como analisar o uso de recursos alimentares e destacar o uso da farmacopeia guianense durante esse per\u00edodo-chave, o carnaval. Isso tamb\u00e9m levar\u00e1 a uma compreens\u00e3o da evolu\u00e7\u00e3o dessas pr\u00e1ticas e das v\u00e1rias influ\u00eancias que elas sofreram (movimentos internacionais, globaliza\u00e7\u00e3o).<\/p>\n<p>S\u00e3o propostas cinco linhas de pensamento:<\/p>\n<p>Tema 1: Carnaval e sa\u00fade (f\u00edsica, mental e psicossocial)<br \/>\nTema 2: Carnaval e atividades f\u00edsicas<br \/>\nTema 3: Carnaval e nutri\u00e7\u00e3o<br \/>\nTema 4: Carnaval e rituais (produtos farmac\u00eauticos e farmacopeia)<br \/>\nTema 5: Carnaval e cren\u00e7as<\/p>\n<h3><strong>Apresenta\u00e7\u00e3o das personalidades e \u00f3rg\u00e3os convidados<\/strong><\/h3>\n<p><strong>Marcel ZOUNON,<\/strong> Presidente da associa\u00e7\u00e3o Towara B\u00e9nin. Diretor do conjunto art\u00edstico nacional do Benin. Representante da \u00c1frica Ocidental no Conselho Internacional de Festivais de Folclore e Artes Tradicionais (CIOFF) da UNESCO. Professor do Institut national des m\u00e9tiers d'art, d'arch\u00e9ologie et de la culture (INMAAC)-Universidade de Abomey Calavi, no Benin.<\/p>\n<p><strong>Feliz Koffi GOUDOU<\/strong>,<br \/>\nAdministrador\/Gerente de Patrim\u00f4nio e Ind\u00fastrias Culturais Jornalista Cultural. Oficial de Comunica\u00e7\u00e3o do Conjunto Art\u00edstico Nacional do Benin.<\/p>\n<p><strong>Professores da Universidade Anton de Kom, no Suriname, e da Universidade da Guiana<\/strong>,<br \/>\ncomo parte da coopera\u00e7\u00e3o entre as universidades do Planalto da Guiana (departamentos de Ci\u00eancias Humanas e Sociais)<\/p>\n<p>Fa\u00e7a o download do programa <a href=\"https:\/\/web.archive.org\/web\/20220925084711\/https:\/\/www.dropbox.com\/s\/qwfxdz2pjqe6qbr\/Programme-Assises-v2022-FR.pdf?dl=0\">aqui<\/a><strong>.<\/strong><\/p>\n<\/div>\n\n\n\n\n\t\t\t<\/div> \n\t\t<\/div>\n\t<\/div> \n<\/div><\/div>","protected":false},"excerpt":{"rendered":"O Observatoire R\u00e9gional du Carnaval Guyanais (ORCG) est\u00e1 organizando a segunda edi\u00e7\u00e3o das Assises internationales du carnaval...","protected":false},"author":1,"featured_media":8843,"comment_status":"closed","ping_status":"open","sticky":false,"template":"","format":"standard","meta":{"iawp_total_views":37,"footnotes":""},"categories":[187],"tags":[],"class_list":{"0":"post-8842","1":"post","2":"type-post","3":"status-publish","4":"format-standard","5":"has-post-thumbnail","7":"category-minea"},"yoast_head":"<!-- This site is optimized with the Yoast SEO plugin v27.5 - https:\/\/yoast.com\/product\/yoast-seo-wordpress\/ -->\n<title>2\u00e8mes assises internationales du Carnaval Guyanais &#8212; Universit\u00e9 de Guyane<\/title>\n<meta name=\"description\" content=\"D\u00e9couvrez la richesse du carnaval guyanais, un \u00e9v\u00e9nement culturel embl\u00e9matique m\u00e9langeant art, cr\u00e9ativit\u00e9 et tradition.\" \/>\n<meta name=\"robots\" content=\"index, follow, max-snippet:-1, max-image-preview:large, max-video-preview:-1\" \/>\n<link rel=\"canonical\" href=\"https:\/\/www.univ-guyane.fr\/pt\/2022\/09\/08\/2emes-assises-internationales-du-carnaval-guyanais\/\" \/>\n<meta property=\"og:locale\" content=\"pt_BR\" \/>\n<meta property=\"og:type\" content=\"article\" \/>\n<meta property=\"og:title\" content=\"2\u00e8mes assises internationales du Carnaval Guyanais &#8212; Universit\u00e9 de Guyane\" \/>\n<meta property=\"og:description\" content=\"D\u00e9couvrez la richesse du carnaval guyanais, un \u00e9v\u00e9nement culturel embl\u00e9matique m\u00e9langeant art, cr\u00e9ativit\u00e9 et tradition.\" \/>\n<meta property=\"og:url\" content=\"https:\/\/www.univ-guyane.fr\/pt\/2022\/09\/08\/2emes-assises-internationales-du-carnaval-guyanais\/\" \/>\n<meta property=\"og:site_name\" content=\"Universit\u00e9 de Guyane\" \/>\n<meta property=\"article:publisher\" content=\"https:\/\/www.facebook.com\/univguyane\" \/>\n<meta property=\"article:published_time\" content=\"2022-09-08T12:50:42+00:00\" \/>\n<meta property=\"article:modified_time\" content=\"2024-06-20T12:54:32+00:00\" \/>\n<meta property=\"og:image\" content=\"https:\/\/www.univ-guyane.fr\/wp-content\/uploads\/2e-assises-intl-du-carnaval-guyanais-universite-de-guyane.jpg\" \/>\n\t<meta property=\"og:image:width\" content=\"1700\" \/>\n\t<meta property=\"og:image:height\" content=\"1041\" \/>\n\t<meta property=\"og:image:type\" content=\"image\/jpeg\" \/>\n<meta name=\"author\" content=\"Erick Loiti\u00e8re\" \/>\n<meta name=\"twitter:card\" content=\"summary_large_image\" \/>\n<meta name=\"twitter:creator\" content=\"@univguyane\" \/>\n<meta name=\"twitter:site\" content=\"@univguyane\" \/>\n<meta name=\"twitter:label1\" content=\"Escrito por\" \/>\n\t<meta name=\"twitter:data1\" content=\"Erick Loiti\u00e8re\" \/>\n\t<meta name=\"twitter:label2\" content=\"Est. tempo de leitura\" \/>\n\t<meta name=\"twitter:data2\" content=\"3 minutos\" \/>\n<script type=\"application\/ld+json\" class=\"yoast-schema-graph\">{\"@context\":\"https:\\\/\\\/schema.org\",\"@graph\":[{\"@type\":\"Article\",\"@id\":\"https:\\\/\\\/www.univ-guyane.fr\\\/2022\\\/09\\\/08\\\/2emes-assises-internationales-du-carnaval-guyanais\\\/#article\",\"isPartOf\":{\"@id\":\"https:\\\/\\\/www.univ-guyane.fr\\\/2022\\\/09\\\/08\\\/2emes-assises-internationales-du-carnaval-guyanais\\\/\"},\"author\":{\"name\":\"Erick Loiti\u00e8re\",\"@id\":\"https:\\\/\\\/www.univ-guyane.fr\\\/#\\\/schema\\\/person\\\/86d946a28a8be51bb096ccfdf19db179\"},\"headline\":\"2\u00e8mes assises internationales du Carnaval Guyanais\",\"datePublished\":\"2022-09-08T12:50:42+00:00\",\"dateModified\":\"2024-06-20T12:54:32+00:00\",\"mainEntityOfPage\":{\"@id\":\"https:\\\/\\\/www.univ-guyane.fr\\\/2022\\\/09\\\/08\\\/2emes-assises-internationales-du-carnaval-guyanais\\\/\"},\"wordCount\":705,\"publisher\":{\"@id\":\"https:\\\/\\\/www.univ-guyane.fr\\\/#organization\"},\"image\":{\"@id\":\"https:\\\/\\\/www.univ-guyane.fr\\\/2022\\\/09\\\/08\\\/2emes-assises-internationales-du-carnaval-guyanais\\\/#primaryimage\"},\"thumbnailUrl\":\"https:\\\/\\\/www.univ-guyane.fr\\\/wp-content\\\/uploads\\\/2e-assises-intl-du-carnaval-guyanais-universite-de-guyane.jpg\",\"articleSection\":[\"\u2022\u00a0MINEA\"],\"inLanguage\":\"pt-BR\"},{\"@type\":\"WebPage\",\"@id\":\"https:\\\/\\\/www.univ-guyane.fr\\\/2022\\\/09\\\/08\\\/2emes-assises-internationales-du-carnaval-guyanais\\\/\",\"url\":\"https:\\\/\\\/www.univ-guyane.fr\\\/2022\\\/09\\\/08\\\/2emes-assises-internationales-du-carnaval-guyanais\\\/\",\"name\":\"2\u00e8mes assises internationales du Carnaval Guyanais &#8212; Universit\u00e9 de Guyane\",\"isPartOf\":{\"@id\":\"https:\\\/\\\/www.univ-guyane.fr\\\/#website\"},\"primaryImageOfPage\":{\"@id\":\"https:\\\/\\\/www.univ-guyane.fr\\\/2022\\\/09\\\/08\\\/2emes-assises-internationales-du-carnaval-guyanais\\\/#primaryimage\"},\"image\":{\"@id\":\"https:\\\/\\\/www.univ-guyane.fr\\\/2022\\\/09\\\/08\\\/2emes-assises-internationales-du-carnaval-guyanais\\\/#primaryimage\"},\"thumbnailUrl\":\"https:\\\/\\\/www.univ-guyane.fr\\\/wp-content\\\/uploads\\\/2e-assises-intl-du-carnaval-guyanais-universite-de-guyane.jpg\",\"datePublished\":\"2022-09-08T12:50:42+00:00\",\"dateModified\":\"2024-06-20T12:54:32+00:00\",\"description\":\"D\u00e9couvrez la richesse du carnaval guyanais, un \u00e9v\u00e9nement culturel embl\u00e9matique m\u00e9langeant art, cr\u00e9ativit\u00e9 et tradition.\",\"breadcrumb\":{\"@id\":\"https:\\\/\\\/www.univ-guyane.fr\\\/2022\\\/09\\\/08\\\/2emes-assises-internationales-du-carnaval-guyanais\\\/#breadcrumb\"},\"inLanguage\":\"pt-BR\",\"potentialAction\":[{\"@type\":\"ReadAction\",\"target\":[\"https:\\\/\\\/www.univ-guyane.fr\\\/2022\\\/09\\\/08\\\/2emes-assises-internationales-du-carnaval-guyanais\\\/\"]}]},{\"@type\":\"ImageObject\",\"inLanguage\":\"pt-BR\",\"@id\":\"https:\\\/\\\/www.univ-guyane.fr\\\/2022\\\/09\\\/08\\\/2emes-assises-internationales-du-carnaval-guyanais\\\/#primaryimage\",\"url\":\"https:\\\/\\\/www.univ-guyane.fr\\\/wp-content\\\/uploads\\\/2e-assises-intl-du-carnaval-guyanais-universite-de-guyane.jpg\",\"contentUrl\":\"https:\\\/\\\/www.univ-guyane.fr\\\/wp-content\\\/uploads\\\/2e-assises-intl-du-carnaval-guyanais-universite-de-guyane.jpg\",\"width\":1700,\"height\":1041,\"caption\":\"2\u00e8mes assises internationales du Carnaval Guyanais\"},{\"@type\":\"BreadcrumbList\",\"@id\":\"https:\\\/\\\/www.univ-guyane.fr\\\/2022\\\/09\\\/08\\\/2emes-assises-internationales-du-carnaval-guyanais\\\/#breadcrumb\",\"itemListElement\":[{\"@type\":\"ListItem\",\"position\":1,\"name\":\"Accueil\",\"item\":\"https:\\\/\\\/www.univ-guyane.fr\\\/\"},{\"@type\":\"ListItem\",\"position\":2,\"name\":\"2\u00e8mes assises internationales du Carnaval Guyanais\"}]},{\"@type\":\"WebSite\",\"@id\":\"https:\\\/\\\/www.univ-guyane.fr\\\/#website\",\"url\":\"https:\\\/\\\/www.univ-guyane.fr\\\/\",\"name\":\"Universit\u00e9 de Guyane\",\"description\":\"Au c\u0153ur de l&#039;amazonie\",\"publisher\":{\"@id\":\"https:\\\/\\\/www.univ-guyane.fr\\\/#organization\"},\"alternateName\":\"UG\",\"potentialAction\":[{\"@type\":\"SearchAction\",\"target\":{\"@type\":\"EntryPoint\",\"urlTemplate\":\"https:\\\/\\\/www.univ-guyane.fr\\\/?s={search_term_string}\"},\"query-input\":{\"@type\":\"PropertyValueSpecification\",\"valueRequired\":true,\"valueName\":\"search_term_string\"}}],\"inLanguage\":\"pt-BR\"},{\"@type\":\"Organization\",\"@id\":\"https:\\\/\\\/www.univ-guyane.fr\\\/#organization\",\"name\":\"Universit\u00e9 de Guyane\",\"alternateName\":\"UG\",\"url\":\"https:\\\/\\\/www.univ-guyane.fr\\\/\",\"logo\":{\"@type\":\"ImageObject\",\"inLanguage\":\"pt-BR\",\"@id\":\"https:\\\/\\\/www.univ-guyane.fr\\\/#\\\/schema\\\/logo\\\/image\\\/\",\"url\":\"https:\\\/\\\/www.univ-guyane.fr\\\/wp-content\\\/uploads\\\/2024\\\/05\\\/f.png\",\"contentUrl\":\"https:\\\/\\\/www.univ-guyane.fr\\\/wp-content\\\/uploads\\\/2024\\\/05\\\/f.png\",\"width\":1024,\"height\":1024,\"caption\":\"Universit\u00e9 de Guyane\"},\"image\":{\"@id\":\"https:\\\/\\\/www.univ-guyane.fr\\\/#\\\/schema\\\/logo\\\/image\\\/\"},\"sameAs\":[\"https:\\\/\\\/www.facebook.com\\\/univguyane\",\"https:\\\/\\\/x.com\\\/univguyane\",\"https:\\\/\\\/gf.linkedin.com\\\/school\\\/universite-de-guyane\\\/\",\"https:\\\/\\\/www.instagram.com\\\/univ_guyane\\\/\"]},{\"@type\":\"Person\",\"@id\":\"https:\\\/\\\/www.univ-guyane.fr\\\/#\\\/schema\\\/person\\\/86d946a28a8be51bb096ccfdf19db179\",\"name\":\"Erick Loiti\u00e8re\",\"image\":{\"@type\":\"ImageObject\",\"inLanguage\":\"pt-BR\",\"@id\":\"https:\\\/\\\/secure.gravatar.com\\\/avatar\\\/0584f332103fbeaf37e52c73b15dca3c547fd9300deb05764e9ad8714839d072?s=96&d=robohash&r=g\",\"url\":\"https:\\\/\\\/secure.gravatar.com\\\/avatar\\\/0584f332103fbeaf37e52c73b15dca3c547fd9300deb05764e9ad8714839d072?s=96&d=robohash&r=g\",\"contentUrl\":\"https:\\\/\\\/secure.gravatar.com\\\/avatar\\\/0584f332103fbeaf37e52c73b15dca3c547fd9300deb05764e9ad8714839d072?s=96&d=robohash&r=g\",\"caption\":\"Erick Loiti\u00e8re\"},\"sameAs\":[\"http:\\\/\\\/www.univ-guyane.fr\"],\"url\":\"https:\\\/\\\/www.univ-guyane.fr\\\/pt\\\/author\\\/eloitierdbz\\\/\"}]}<\/script>\n<!-- \/ Yoast SEO plugin. -->","yoast_head_json":{"title":"2\u00aa Confer\u00eancia Internacional do Carnaval da Guiana - Universit\u00e9 de Guyane","description":"Descubra a riqueza do carnaval da Guiana, um evento cultural emblem\u00e1tico que combina arte, criatividade e tradi\u00e7\u00e3o.","robots":{"index":"index","follow":"follow","max-snippet":"max-snippet:-1","max-image-preview":"max-image-preview:large","max-video-preview":"max-video-preview:-1"},"canonical":"https:\/\/www.univ-guyane.fr\/pt\/2022\/09\/08\/2emes-assises-internationales-du-carnaval-guyanais\/","og_locale":"pt_BR","og_type":"article","og_title":"2\u00e8mes assises internationales du Carnaval Guyanais &#8212; Universit\u00e9 de Guyane","og_description":"D\u00e9couvrez la richesse du carnaval guyanais, un \u00e9v\u00e9nement culturel embl\u00e9matique m\u00e9langeant art, cr\u00e9ativit\u00e9 et tradition.","og_url":"https:\/\/www.univ-guyane.fr\/pt\/2022\/09\/08\/2emes-assises-internationales-du-carnaval-guyanais\/","og_site_name":"Universit\u00e9 de Guyane","article_publisher":"https:\/\/www.facebook.com\/univguyane","article_published_time":"2022-09-08T12:50:42+00:00","article_modified_time":"2024-06-20T12:54:32+00:00","og_image":[{"width":1700,"height":1041,"url":"https:\/\/www.univ-guyane.fr\/wp-content\/uploads\/2e-assises-intl-du-carnaval-guyanais-universite-de-guyane.jpg","type":"image\/jpeg"}],"author":"Erick Loiti\u00e8re","twitter_card":"summary_large_image","twitter_creator":"@univguyane","twitter_site":"@univguyane","twitter_misc":{"Escrito por":"Erick Loiti\u00e8re","Est. tempo de leitura":"3 minutos"},"schema":{"@context":"https:\/\/schema.org","@graph":[{"@type":"Article","@id":"https:\/\/www.univ-guyane.fr\/2022\/09\/08\/2emes-assises-internationales-du-carnaval-guyanais\/#article","isPartOf":{"@id":"https:\/\/www.univ-guyane.fr\/2022\/09\/08\/2emes-assises-internationales-du-carnaval-guyanais\/"},"author":{"name":"Erick Loiti\u00e8re","@id":"https:\/\/www.univ-guyane.fr\/#\/schema\/person\/86d946a28a8be51bb096ccfdf19db179"},"headline":"2\u00e8mes assises internationales du Carnaval Guyanais","datePublished":"2022-09-08T12:50:42+00:00","dateModified":"2024-06-20T12:54:32+00:00","mainEntityOfPage":{"@id":"https:\/\/www.univ-guyane.fr\/2022\/09\/08\/2emes-assises-internationales-du-carnaval-guyanais\/"},"wordCount":705,"publisher":{"@id":"https:\/\/www.univ-guyane.fr\/#organization"},"image":{"@id":"https:\/\/www.univ-guyane.fr\/2022\/09\/08\/2emes-assises-internationales-du-carnaval-guyanais\/#primaryimage"},"thumbnailUrl":"https:\/\/www.univ-guyane.fr\/wp-content\/uploads\/2e-assises-intl-du-carnaval-guyanais-universite-de-guyane.jpg","articleSection":["\u2022\u00a0MINEA"],"inLanguage":"pt-BR"},{"@type":"WebPage","@id":"https:\/\/www.univ-guyane.fr\/2022\/09\/08\/2emes-assises-internationales-du-carnaval-guyanais\/","url":"https:\/\/www.univ-guyane.fr\/2022\/09\/08\/2emes-assises-internationales-du-carnaval-guyanais\/","name":"2\u00aa Confer\u00eancia Internacional do Carnaval da Guiana - Universit\u00e9 de Guyane","isPartOf":{"@id":"https:\/\/www.univ-guyane.fr\/#website"},"primaryImageOfPage":{"@id":"https:\/\/www.univ-guyane.fr\/2022\/09\/08\/2emes-assises-internationales-du-carnaval-guyanais\/#primaryimage"},"image":{"@id":"https:\/\/www.univ-guyane.fr\/2022\/09\/08\/2emes-assises-internationales-du-carnaval-guyanais\/#primaryimage"},"thumbnailUrl":"https:\/\/www.univ-guyane.fr\/wp-content\/uploads\/2e-assises-intl-du-carnaval-guyanais-universite-de-guyane.jpg","datePublished":"2022-09-08T12:50:42+00:00","dateModified":"2024-06-20T12:54:32+00:00","description":"Descubra a riqueza do carnaval da Guiana, um evento cultural emblem\u00e1tico que combina arte, criatividade e tradi\u00e7\u00e3o.","breadcrumb":{"@id":"https:\/\/www.univ-guyane.fr\/2022\/09\/08\/2emes-assises-internationales-du-carnaval-guyanais\/#breadcrumb"},"inLanguage":"pt-BR","potentialAction":[{"@type":"ReadAction","target":["https:\/\/www.univ-guyane.fr\/2022\/09\/08\/2emes-assises-internationales-du-carnaval-guyanais\/"]}]},{"@type":"ImageObject","inLanguage":"pt-BR","@id":"https:\/\/www.univ-guyane.fr\/2022\/09\/08\/2emes-assises-internationales-du-carnaval-guyanais\/#primaryimage","url":"https:\/\/www.univ-guyane.fr\/wp-content\/uploads\/2e-assises-intl-du-carnaval-guyanais-universite-de-guyane.jpg","contentUrl":"https:\/\/www.univ-guyane.fr\/wp-content\/uploads\/2e-assises-intl-du-carnaval-guyanais-universite-de-guyane.jpg","width":1700,"height":1041,"caption":"2\u00e8mes assises internationales du Carnaval Guyanais"},{"@type":"BreadcrumbList","@id":"https:\/\/www.univ-guyane.fr\/2022\/09\/08\/2emes-assises-internationales-du-carnaval-guyanais\/#breadcrumb","itemListElement":[{"@type":"ListItem","position":1,"name":"Accueil","item":"https:\/\/www.univ-guyane.fr\/"},{"@type":"ListItem","position":2,"name":"2\u00e8mes assises internationales du Carnaval Guyanais"}]},{"@type":"WebSite","@id":"https:\/\/www.univ-guyane.fr\/#website","url":"https:\/\/www.univ-guyane.fr\/","name":"Universidade da Guiana","description":"No cora\u00e7\u00e3o da Amaz\u00f4nia","publisher":{"@id":"https:\/\/www.univ-guyane.fr\/#organization"},"alternateName":"UG","potentialAction":[{"@type":"SearchAction","target":{"@type":"EntryPoint","urlTemplate":"https:\/\/www.univ-guyane.fr\/?s={search_term_string}"},"query-input":{"@type":"PropertyValueSpecification","valueRequired":true,"valueName":"search_term_string"}}],"inLanguage":"pt-BR"},{"@type":"Organization","@id":"https:\/\/www.univ-guyane.fr\/#organization","name":"Universidade da Guiana","alternateName":"UG","url":"https:\/\/www.univ-guyane.fr\/","logo":{"@type":"ImageObject","inLanguage":"pt-BR","@id":"https:\/\/www.univ-guyane.fr\/#\/schema\/logo\/image\/","url":"https:\/\/www.univ-guyane.fr\/wp-content\/uploads\/2024\/05\/f.png","contentUrl":"https:\/\/www.univ-guyane.fr\/wp-content\/uploads\/2024\/05\/f.png","width":1024,"height":1024,"caption":"Universit\u00e9 de Guyane"},"image":{"@id":"https:\/\/www.univ-guyane.fr\/#\/schema\/logo\/image\/"},"sameAs":["https:\/\/www.facebook.com\/univguyane","https:\/\/x.com\/univguyane","https:\/\/gf.linkedin.com\/school\/universite-de-guyane\/","https:\/\/www.instagram.com\/univ_guyane\/"]},{"@type":"Person","@id":"https:\/\/www.univ-guyane.fr\/#\/schema\/person\/86d946a28a8be51bb096ccfdf19db179","name":"Erick Loiti\u00e8re","image":{"@type":"ImageObject","inLanguage":"pt-BR","@id":"https:\/\/secure.gravatar.com\/avatar\/0584f332103fbeaf37e52c73b15dca3c547fd9300deb05764e9ad8714839d072?s=96&d=robohash&r=g","url":"https:\/\/secure.gravatar.com\/avatar\/0584f332103fbeaf37e52c73b15dca3c547fd9300deb05764e9ad8714839d072?s=96&d=robohash&r=g","contentUrl":"https:\/\/secure.gravatar.com\/avatar\/0584f332103fbeaf37e52c73b15dca3c547fd9300deb05764e9ad8714839d072?s=96&d=robohash&r=g","caption":"Erick Loiti\u00e8re"},"sameAs":["http:\/\/www.univ-guyane.fr"],"url":"https:\/\/www.univ-guyane.fr\/pt\/author\/eloitierdbz\/"}]}},"_links":{"self":[{"href":"https:\/\/www.univ-guyane.fr\/pt\/wp-json\/wp\/v2\/posts\/8842","targetHints":{"allow":["GET"]}}],"collection":[{"href":"https:\/\/www.univ-guyane.fr\/pt\/wp-json\/wp\/v2\/posts"}],"about":[{"href":"https:\/\/www.univ-guyane.fr\/pt\/wp-json\/wp\/v2\/types\/post"}],"author":[{"embeddable":true,"href":"https:\/\/www.univ-guyane.fr\/pt\/wp-json\/wp\/v2\/users\/1"}],"replies":[{"embeddable":true,"href":"https:\/\/www.univ-guyane.fr\/pt\/wp-json\/wp\/v2\/comments?post=8842"}],"version-history":[{"count":1,"href":"https:\/\/www.univ-guyane.fr\/pt\/wp-json\/wp\/v2\/posts\/8842\/revisions"}],"predecessor-version":[{"id":8844,"href":"https:\/\/www.univ-guyane.fr\/pt\/wp-json\/wp\/v2\/posts\/8842\/revisions\/8844"}],"wp:featuredmedia":[{"embeddable":true,"href":"https:\/\/www.univ-guyane.fr\/pt\/wp-json\/wp\/v2\/media\/8843"}],"wp:attachment":[{"href":"https:\/\/www.univ-guyane.fr\/pt\/wp-json\/wp\/v2\/media?parent=8842"}],"wp:term":[{"taxonomy":"category","embeddable":true,"href":"https:\/\/www.univ-guyane.fr\/pt\/wp-json\/wp\/v2\/categories?post=8842"},{"taxonomy":"post_tag","embeddable":true,"href":"https:\/\/www.univ-guyane.fr\/pt\/wp-json\/wp\/v2\/tags?post=8842"}],"curies":[{"name":"wp","href":"https:\/\/api.w.org\/{rel}","templated":true}]}}