{"id":8878,"date":"2022-07-11T15:14:10","date_gmt":"2022-07-11T18:14:10","guid":{"rendered":"https:\/\/www.univ-guyane.fr\/?p=8878"},"modified":"2024-06-20T15:19:43","modified_gmt":"2024-06-20T18:19:43","slug":"les-docteurs-de-luniversite-de-guyane-mis-a-lhonneur","status":"publish","type":"post","link":"https:\/\/www.univ-guyane.fr\/pt\/2022\/07\/11\/les-docteurs-de-luniversite-de-guyane-mis-a-lhonneur\/","title":{"rendered":"M\u00e9dicos da Universidade da Guiana homenageados"},"content":{"rendered":"<div id=\"fws_69f1f2c5b47c8\"  data-column-margin=\"default\" data-midnight=\"dark\"  class=\"wpb_row vc_row-fluid vc_row\"  style=\"padding-top: 0px; padding-bottom: 0px; \"><div class=\"row-bg-wrap\" data-bg-animation=\"none\" data-bg-animation-delay=\"\" data-bg-overlay=\"false\"><div class=\"inner-wrap row-bg-layer\" ><div class=\"row-bg viewport-desktop\"  style=\"\"><\/div><\/div><\/div><div class=\"row_col_wrap_12 col span_12 dark left\">\n\t<div  class=\"vc_col-sm-12 wpb_column column_container vc_column_container col no-extra-padding inherit_tablet inherit_phone\"  data-padding-pos=\"all\" data-has-bg-color=\"false\" data-bg-color=\"\" data-bg-opacity=\"1\" data-animation=\"\" data-delay=\"0\" >\n\t\t<div class=\"vc_column-inner\" >\n\t\t\t<div class=\"wpb_wrapper\">\n\t\t\t\t\n<div class=\"wpb_text_column wpb_content_element  chapo\" >\n\t<h2>Pela primeira vez desde sua cria\u00e7\u00e3o, a Universidade da Guiana est\u00e1 homenageando seus doutores com a organiza\u00e7\u00e3o de sua primeira cerim\u00f4nia de premia\u00e7\u00e3o de teses e t\u00edtulos de doutorado. A cerim\u00f4nia foi realizada na quinta-feira, 7 de julho de 2022, \u00e0s 17h30, no Edmond Antoine-Edouard de l'Encre Auditorium.<\/h2>\n<\/div>\n\n\n\n\n<div class=\"wpb_text_column wpb_content_element\" >\n\t<p><span class=\"nectar-dropcap\" >C' <\/span>Foi com muita emo\u00e7\u00e3o e orgulho que os m\u00e9dicos presentes na cerim\u00f4nia receberam seus diplomas. Vestidos com suas batas para esse evento memor\u00e1vel, cada m\u00e9dico foi homenageado e, para essa ocasi\u00e3o t\u00e3o especial, os laborat\u00f3rios, as fam\u00edlias dos formandos, atores do mundo socioecon\u00f4mico, colegas e outros amigos se reuniram para comemorar o sucesso desses jovens m\u00e9dicos.<\/p>\n<p>Marie-Anne Clair, Diretora do Centre Spatial Guyanais, e Elie St\u00e9phenson, economista e famoso poeta e dramaturgo guianense, nos honraram sendo a madrinha e o padrinho, respectivamente, dessa primeira edi\u00e7\u00e3o do evento.O doutorado \u00e9 a forma mais elevada de educa\u00e7\u00e3o universit\u00e1ria e uma ponte entre o mundo acad\u00eamico e a pesquisa. Ele simboliza a ess\u00eancia do conhecimento e, por isso, foi importante n\u00e3o apenas homenagear essas primeiras turmas de formandos, mas tamb\u00e9m elevar o perfil desse t\u00edtulo, que ainda \u00e9 pouco conhecido pelo p\u00fablico em geral. A 587 \u00e9 uma escola de doutorado multidisciplinar e, nessa ocasi\u00e3o \u00fanica, todas as disciplinas foram homenageadas: direito, economia, biologia, qu\u00edmica, bioqu\u00edmica, medicina, ci\u00eancias da terra, hist\u00f3ria, agronomia...<\/p>\n<p>A cerim\u00f4nia proporcionou uma oportunidade para promover a educa\u00e7\u00e3o universit\u00e1ria e a excel\u00eancia acad\u00eamica, bem como a pesquisa, especialmente a pesquisa na Guiana Francesa. Essa excel\u00eancia foi particularmente destacada pela concess\u00e3o de dois pr\u00eamios de tese. Marc-Alexandre Tareau ganhou o pr\u00eamio Humanities, Society and Health por sua pesquisa sobre \"Les pharmacop\u00e9es m\u00e9tiss\u00e9es de Guyane: ethnobotanique d'une phytoth\u00e9rapie en mouvement\" (\"As farmacop\u00e9ias mistas da Guiana Francesa: etnobot\u00e2nica de uma fitoterapia em movimento\"). Weiwen Jiang ganhou o pr\u00eamio Natural, Technological and Environmental Sciences por sua pesquisa sobre a \"caracteriza\u00e7\u00e3o qu\u00edmica e pol\u00ednica de m\u00e9is da Guiana Francesa\".<\/p>\n<p>A Universidade da Guiana tamb\u00e9m gostaria de agradecer a todos os seus parceiros que ajudaram a tornar esse evento um sucesso: Casden, CNES, EPCC les 3 Fleuves, Guyanasso, Guyane la 1\u00e8re, MGEN e Voltalia.<\/p>\n<\/div>\n\n\n\n\n\t\t\t<\/div> \n\t\t<\/div>\n\t<\/div> \n<\/div><\/div>","protected":false},"excerpt":{"rendered":"Pela primeira vez desde sua funda\u00e7\u00e3o, a Universidade da Guiana est\u00e1 homenageando seus m\u00e9dicos...","protected":false},"author":1,"featured_media":8879,"comment_status":"closed","ping_status":"open","sticky":false,"template":"","format":"standard","meta":{"iawp_total_views":47,"footnotes":""},"categories":[156,183],"tags":[],"class_list":{"0":"post-8878","1":"post","2":"type-post","3":"status-publish","4":"format-standard","5":"has-post-thumbnail","7":"category-campus","8":"category-ed"},"yoast_head":"<!-- This site is optimized with the Yoast SEO plugin v27.5 - https:\/\/yoast.com\/product\/yoast-seo-wordpress\/ -->\n<title>Les docteurs de l\u2019Universit\u00e9 de Guyane mis \u00e0 l\u2019honneur &#8212; Universit\u00e9 de Guyane<\/title>\n<meta name=\"description\" content=\"D\u00e9couvrez la c\u00e9r\u00e9monie de remise des dipl\u00f4mes des docteurs de l&#039;UG. Un \u00e9v\u00e9nement m\u00e9morable pour c\u00e9l\u00e9brer leurs r\u00e9ussites.\" \/>\n<meta name=\"robots\" content=\"index, follow, max-snippet:-1, max-image-preview:large, max-video-preview:-1\" \/>\n<link rel=\"canonical\" href=\"https:\/\/www.univ-guyane.fr\/pt\/2022\/07\/11\/les-docteurs-de-luniversite-de-guyane-mis-a-lhonneur\/\" \/>\n<meta property=\"og:locale\" content=\"pt_BR\" \/>\n<meta property=\"og:type\" content=\"article\" \/>\n<meta property=\"og:title\" content=\"Les docteurs de l\u2019Universit\u00e9 de Guyane mis \u00e0 l\u2019honneur &#8212; Universit\u00e9 de Guyane\" \/>\n<meta property=\"og:description\" content=\"D\u00e9couvrez la c\u00e9r\u00e9monie de remise des dipl\u00f4mes des docteurs de l&#039;UG. Un \u00e9v\u00e9nement m\u00e9morable pour c\u00e9l\u00e9brer leurs r\u00e9ussites.\" \/>\n<meta property=\"og:url\" content=\"https:\/\/www.univ-guyane.fr\/pt\/2022\/07\/11\/les-docteurs-de-luniversite-de-guyane-mis-a-lhonneur\/\" \/>\n<meta property=\"og:site_name\" content=\"Universit\u00e9 de Guyane\" \/>\n<meta property=\"article:publisher\" content=\"https:\/\/www.facebook.com\/univguyane\" \/>\n<meta property=\"article:published_time\" content=\"2022-07-11T18:14:10+00:00\" \/>\n<meta property=\"article:modified_time\" content=\"2024-06-20T18:19:43+00:00\" \/>\n<meta property=\"og:image\" content=\"https:\/\/www.univ-guyane.fr\/wp-content\/uploads\/ceremonie-remise-de-diplomes-et-prix-de-these-1348.jpg\" \/>\n\t<meta property=\"og:image:width\" content=\"1700\" \/>\n\t<meta property=\"og:image:height\" content=\"1133\" \/>\n\t<meta property=\"og:image:type\" content=\"image\/jpeg\" \/>\n<meta name=\"author\" content=\"Erick Loiti\u00e8re\" \/>\n<meta name=\"twitter:card\" content=\"summary_large_image\" \/>\n<meta name=\"twitter:creator\" content=\"@univguyane\" \/>\n<meta name=\"twitter:site\" content=\"@univguyane\" \/>\n<meta name=\"twitter:label1\" content=\"Escrito por\" \/>\n\t<meta name=\"twitter:data1\" content=\"Erick Loiti\u00e8re\" \/>\n\t<meta name=\"twitter:label2\" content=\"Est. tempo de leitura\" \/>\n\t<meta name=\"twitter:data2\" content=\"3 minutos\" \/>\n<script type=\"application\/ld+json\" class=\"yoast-schema-graph\">{\"@context\":\"https:\\\/\\\/schema.org\",\"@graph\":[{\"@type\":\"Article\",\"@id\":\"https:\\\/\\\/www.univ-guyane.fr\\\/2022\\\/07\\\/11\\\/les-docteurs-de-luniversite-de-guyane-mis-a-lhonneur\\\/#article\",\"isPartOf\":{\"@id\":\"https:\\\/\\\/www.univ-guyane.fr\\\/2022\\\/07\\\/11\\\/les-docteurs-de-luniversite-de-guyane-mis-a-lhonneur\\\/\"},\"author\":{\"name\":\"Erick Loiti\u00e8re\",\"@id\":\"https:\\\/\\\/www.univ-guyane.fr\\\/#\\\/schema\\\/person\\\/86d946a28a8be51bb096ccfdf19db179\"},\"headline\":\"Les docteurs de l\u2019Universit\u00e9 de Guyane mis \u00e0 l\u2019honneur\",\"datePublished\":\"2022-07-11T18:14:10+00:00\",\"dateModified\":\"2024-06-20T18:19:43+00:00\",\"mainEntityOfPage\":{\"@id\":\"https:\\\/\\\/www.univ-guyane.fr\\\/2022\\\/07\\\/11\\\/les-docteurs-de-luniversite-de-guyane-mis-a-lhonneur\\\/\"},\"wordCount\":654,\"publisher\":{\"@id\":\"https:\\\/\\\/www.univ-guyane.fr\\\/#organization\"},\"image\":{\"@id\":\"https:\\\/\\\/www.univ-guyane.fr\\\/2022\\\/07\\\/11\\\/les-docteurs-de-luniversite-de-guyane-mis-a-lhonneur\\\/#primaryimage\"},\"thumbnailUrl\":\"https:\\\/\\\/www.univ-guyane.fr\\\/wp-content\\\/uploads\\\/ceremonie-remise-de-diplomes-et-prix-de-these-1348.jpg\",\"articleSection\":[\"\u2022\u00a0Campus\",\"\u2022 ED\"],\"inLanguage\":\"pt-BR\"},{\"@type\":\"WebPage\",\"@id\":\"https:\\\/\\\/www.univ-guyane.fr\\\/2022\\\/07\\\/11\\\/les-docteurs-de-luniversite-de-guyane-mis-a-lhonneur\\\/\",\"url\":\"https:\\\/\\\/www.univ-guyane.fr\\\/2022\\\/07\\\/11\\\/les-docteurs-de-luniversite-de-guyane-mis-a-lhonneur\\\/\",\"name\":\"Les docteurs de l\u2019Universit\u00e9 de Guyane mis \u00e0 l\u2019honneur &#8212; Universit\u00e9 de Guyane\",\"isPartOf\":{\"@id\":\"https:\\\/\\\/www.univ-guyane.fr\\\/#website\"},\"primaryImageOfPage\":{\"@id\":\"https:\\\/\\\/www.univ-guyane.fr\\\/2022\\\/07\\\/11\\\/les-docteurs-de-luniversite-de-guyane-mis-a-lhonneur\\\/#primaryimage\"},\"image\":{\"@id\":\"https:\\\/\\\/www.univ-guyane.fr\\\/2022\\\/07\\\/11\\\/les-docteurs-de-luniversite-de-guyane-mis-a-lhonneur\\\/#primaryimage\"},\"thumbnailUrl\":\"https:\\\/\\\/www.univ-guyane.fr\\\/wp-content\\\/uploads\\\/ceremonie-remise-de-diplomes-et-prix-de-these-1348.jpg\",\"datePublished\":\"2022-07-11T18:14:10+00:00\",\"dateModified\":\"2024-06-20T18:19:43+00:00\",\"description\":\"D\u00e9couvrez la c\u00e9r\u00e9monie de remise des dipl\u00f4mes des docteurs de l'UG. Un \u00e9v\u00e9nement m\u00e9morable pour c\u00e9l\u00e9brer leurs r\u00e9ussites.\",\"breadcrumb\":{\"@id\":\"https:\\\/\\\/www.univ-guyane.fr\\\/2022\\\/07\\\/11\\\/les-docteurs-de-luniversite-de-guyane-mis-a-lhonneur\\\/#breadcrumb\"},\"inLanguage\":\"pt-BR\",\"potentialAction\":[{\"@type\":\"ReadAction\",\"target\":[\"https:\\\/\\\/www.univ-guyane.fr\\\/2022\\\/07\\\/11\\\/les-docteurs-de-luniversite-de-guyane-mis-a-lhonneur\\\/\"]}]},{\"@type\":\"ImageObject\",\"inLanguage\":\"pt-BR\",\"@id\":\"https:\\\/\\\/www.univ-guyane.fr\\\/2022\\\/07\\\/11\\\/les-docteurs-de-luniversite-de-guyane-mis-a-lhonneur\\\/#primaryimage\",\"url\":\"https:\\\/\\\/www.univ-guyane.fr\\\/wp-content\\\/uploads\\\/ceremonie-remise-de-diplomes-et-prix-de-these-1348.jpg\",\"contentUrl\":\"https:\\\/\\\/www.univ-guyane.fr\\\/wp-content\\\/uploads\\\/ceremonie-remise-de-diplomes-et-prix-de-these-1348.jpg\",\"width\":1700,\"height\":1133,\"caption\":\"Les docteurs de l\u2019Universit\u00e9 de Guyane mis \u00e0 l\u2019honneur\"},{\"@type\":\"BreadcrumbList\",\"@id\":\"https:\\\/\\\/www.univ-guyane.fr\\\/2022\\\/07\\\/11\\\/les-docteurs-de-luniversite-de-guyane-mis-a-lhonneur\\\/#breadcrumb\",\"itemListElement\":[{\"@type\":\"ListItem\",\"position\":1,\"name\":\"Accueil\",\"item\":\"https:\\\/\\\/www.univ-guyane.fr\\\/\"},{\"@type\":\"ListItem\",\"position\":2,\"name\":\"Les docteurs de l\u2019Universit\u00e9 de Guyane mis \u00e0 l\u2019honneur\"}]},{\"@type\":\"WebSite\",\"@id\":\"https:\\\/\\\/www.univ-guyane.fr\\\/#website\",\"url\":\"https:\\\/\\\/www.univ-guyane.fr\\\/\",\"name\":\"Universit\u00e9 de Guyane\",\"description\":\"Au c\u0153ur de l&#039;amazonie\",\"publisher\":{\"@id\":\"https:\\\/\\\/www.univ-guyane.fr\\\/#organization\"},\"alternateName\":\"UG\",\"potentialAction\":[{\"@type\":\"SearchAction\",\"target\":{\"@type\":\"EntryPoint\",\"urlTemplate\":\"https:\\\/\\\/www.univ-guyane.fr\\\/?s={search_term_string}\"},\"query-input\":{\"@type\":\"PropertyValueSpecification\",\"valueRequired\":true,\"valueName\":\"search_term_string\"}}],\"inLanguage\":\"pt-BR\"},{\"@type\":\"Organization\",\"@id\":\"https:\\\/\\\/www.univ-guyane.fr\\\/#organization\",\"name\":\"Universit\u00e9 de Guyane\",\"alternateName\":\"UG\",\"url\":\"https:\\\/\\\/www.univ-guyane.fr\\\/\",\"logo\":{\"@type\":\"ImageObject\",\"inLanguage\":\"pt-BR\",\"@id\":\"https:\\\/\\\/www.univ-guyane.fr\\\/#\\\/schema\\\/logo\\\/image\\\/\",\"url\":\"https:\\\/\\\/www.univ-guyane.fr\\\/wp-content\\\/uploads\\\/2024\\\/05\\\/f.png\",\"contentUrl\":\"https:\\\/\\\/www.univ-guyane.fr\\\/wp-content\\\/uploads\\\/2024\\\/05\\\/f.png\",\"width\":1024,\"height\":1024,\"caption\":\"Universit\u00e9 de Guyane\"},\"image\":{\"@id\":\"https:\\\/\\\/www.univ-guyane.fr\\\/#\\\/schema\\\/logo\\\/image\\\/\"},\"sameAs\":[\"https:\\\/\\\/www.facebook.com\\\/univguyane\",\"https:\\\/\\\/x.com\\\/univguyane\",\"https:\\\/\\\/gf.linkedin.com\\\/school\\\/universite-de-guyane\\\/\",\"https:\\\/\\\/www.instagram.com\\\/univ_guyane\\\/\"]},{\"@type\":\"Person\",\"@id\":\"https:\\\/\\\/www.univ-guyane.fr\\\/#\\\/schema\\\/person\\\/86d946a28a8be51bb096ccfdf19db179\",\"name\":\"Erick Loiti\u00e8re\",\"image\":{\"@type\":\"ImageObject\",\"inLanguage\":\"pt-BR\",\"@id\":\"https:\\\/\\\/secure.gravatar.com\\\/avatar\\\/0584f332103fbeaf37e52c73b15dca3c547fd9300deb05764e9ad8714839d072?s=96&d=robohash&r=g\",\"url\":\"https:\\\/\\\/secure.gravatar.com\\\/avatar\\\/0584f332103fbeaf37e52c73b15dca3c547fd9300deb05764e9ad8714839d072?s=96&d=robohash&r=g\",\"contentUrl\":\"https:\\\/\\\/secure.gravatar.com\\\/avatar\\\/0584f332103fbeaf37e52c73b15dca3c547fd9300deb05764e9ad8714839d072?s=96&d=robohash&r=g\",\"caption\":\"Erick Loiti\u00e8re\"},\"sameAs\":[\"http:\\\/\\\/www.univ-guyane.fr\"],\"url\":\"https:\\\/\\\/www.univ-guyane.fr\\\/pt\\\/author\\\/eloitierdbz\\\/\"}]}<\/script>\n<!-- \/ Yoast SEO plugin. -->","yoast_head_json":{"title":"Les docteurs de l\u2019Universit\u00e9 de Guyane mis \u00e0 l\u2019honneur &#8212; Universit\u00e9 de Guyane","description":"D\u00e9couvrez la c\u00e9r\u00e9monie de remise des dipl\u00f4mes des docteurs de l'UG. Un \u00e9v\u00e9nement m\u00e9morable pour c\u00e9l\u00e9brer leurs r\u00e9ussites.","robots":{"index":"index","follow":"follow","max-snippet":"max-snippet:-1","max-image-preview":"max-image-preview:large","max-video-preview":"max-video-preview:-1"},"canonical":"https:\/\/www.univ-guyane.fr\/pt\/2022\/07\/11\/les-docteurs-de-luniversite-de-guyane-mis-a-lhonneur\/","og_locale":"pt_BR","og_type":"article","og_title":"Les docteurs de l\u2019Universit\u00e9 de Guyane mis \u00e0 l\u2019honneur &#8212; Universit\u00e9 de Guyane","og_description":"D\u00e9couvrez la c\u00e9r\u00e9monie de remise des dipl\u00f4mes des docteurs de l'UG. Un \u00e9v\u00e9nement m\u00e9morable pour c\u00e9l\u00e9brer leurs r\u00e9ussites.","og_url":"https:\/\/www.univ-guyane.fr\/pt\/2022\/07\/11\/les-docteurs-de-luniversite-de-guyane-mis-a-lhonneur\/","og_site_name":"Universit\u00e9 de Guyane","article_publisher":"https:\/\/www.facebook.com\/univguyane","article_published_time":"2022-07-11T18:14:10+00:00","article_modified_time":"2024-06-20T18:19:43+00:00","og_image":[{"width":1700,"height":1133,"url":"https:\/\/www.univ-guyane.fr\/wp-content\/uploads\/ceremonie-remise-de-diplomes-et-prix-de-these-1348.jpg","type":"image\/jpeg"}],"author":"Erick Loiti\u00e8re","twitter_card":"summary_large_image","twitter_creator":"@univguyane","twitter_site":"@univguyane","twitter_misc":{"Escrito por":"Erick Loiti\u00e8re","Est. tempo de leitura":"3 minutos"},"schema":{"@context":"https:\/\/schema.org","@graph":[{"@type":"Article","@id":"https:\/\/www.univ-guyane.fr\/2022\/07\/11\/les-docteurs-de-luniversite-de-guyane-mis-a-lhonneur\/#article","isPartOf":{"@id":"https:\/\/www.univ-guyane.fr\/2022\/07\/11\/les-docteurs-de-luniversite-de-guyane-mis-a-lhonneur\/"},"author":{"name":"Erick Loiti\u00e8re","@id":"https:\/\/www.univ-guyane.fr\/#\/schema\/person\/86d946a28a8be51bb096ccfdf19db179"},"headline":"Les docteurs de l\u2019Universit\u00e9 de Guyane mis \u00e0 l\u2019honneur","datePublished":"2022-07-11T18:14:10+00:00","dateModified":"2024-06-20T18:19:43+00:00","mainEntityOfPage":{"@id":"https:\/\/www.univ-guyane.fr\/2022\/07\/11\/les-docteurs-de-luniversite-de-guyane-mis-a-lhonneur\/"},"wordCount":654,"publisher":{"@id":"https:\/\/www.univ-guyane.fr\/#organization"},"image":{"@id":"https:\/\/www.univ-guyane.fr\/2022\/07\/11\/les-docteurs-de-luniversite-de-guyane-mis-a-lhonneur\/#primaryimage"},"thumbnailUrl":"https:\/\/www.univ-guyane.fr\/wp-content\/uploads\/ceremonie-remise-de-diplomes-et-prix-de-these-1348.jpg","articleSection":["\u2022\u00a0Campus","\u2022 ED"],"inLanguage":"pt-BR"},{"@type":"WebPage","@id":"https:\/\/www.univ-guyane.fr\/2022\/07\/11\/les-docteurs-de-luniversite-de-guyane-mis-a-lhonneur\/","url":"https:\/\/www.univ-guyane.fr\/2022\/07\/11\/les-docteurs-de-luniversite-de-guyane-mis-a-lhonneur\/","name":"Les docteurs de l\u2019Universit\u00e9 de Guyane mis \u00e0 l\u2019honneur &#8212; Universit\u00e9 de Guyane","isPartOf":{"@id":"https:\/\/www.univ-guyane.fr\/#website"},"primaryImageOfPage":{"@id":"https:\/\/www.univ-guyane.fr\/2022\/07\/11\/les-docteurs-de-luniversite-de-guyane-mis-a-lhonneur\/#primaryimage"},"image":{"@id":"https:\/\/www.univ-guyane.fr\/2022\/07\/11\/les-docteurs-de-luniversite-de-guyane-mis-a-lhonneur\/#primaryimage"},"thumbnailUrl":"https:\/\/www.univ-guyane.fr\/wp-content\/uploads\/ceremonie-remise-de-diplomes-et-prix-de-these-1348.jpg","datePublished":"2022-07-11T18:14:10+00:00","dateModified":"2024-06-20T18:19:43+00:00","description":"D\u00e9couvrez la c\u00e9r\u00e9monie de remise des dipl\u00f4mes des docteurs de l'UG. Un \u00e9v\u00e9nement m\u00e9morable pour c\u00e9l\u00e9brer leurs r\u00e9ussites.","breadcrumb":{"@id":"https:\/\/www.univ-guyane.fr\/2022\/07\/11\/les-docteurs-de-luniversite-de-guyane-mis-a-lhonneur\/#breadcrumb"},"inLanguage":"pt-BR","potentialAction":[{"@type":"ReadAction","target":["https:\/\/www.univ-guyane.fr\/2022\/07\/11\/les-docteurs-de-luniversite-de-guyane-mis-a-lhonneur\/"]}]},{"@type":"ImageObject","inLanguage":"pt-BR","@id":"https:\/\/www.univ-guyane.fr\/2022\/07\/11\/les-docteurs-de-luniversite-de-guyane-mis-a-lhonneur\/#primaryimage","url":"https:\/\/www.univ-guyane.fr\/wp-content\/uploads\/ceremonie-remise-de-diplomes-et-prix-de-these-1348.jpg","contentUrl":"https:\/\/www.univ-guyane.fr\/wp-content\/uploads\/ceremonie-remise-de-diplomes-et-prix-de-these-1348.jpg","width":1700,"height":1133,"caption":"Les docteurs de l\u2019Universit\u00e9 de Guyane mis \u00e0 l\u2019honneur"},{"@type":"BreadcrumbList","@id":"https:\/\/www.univ-guyane.fr\/2022\/07\/11\/les-docteurs-de-luniversite-de-guyane-mis-a-lhonneur\/#breadcrumb","itemListElement":[{"@type":"ListItem","position":1,"name":"Accueil","item":"https:\/\/www.univ-guyane.fr\/"},{"@type":"ListItem","position":2,"name":"Les docteurs de l\u2019Universit\u00e9 de Guyane mis \u00e0 l\u2019honneur"}]},{"@type":"WebSite","@id":"https:\/\/www.univ-guyane.fr\/#website","url":"https:\/\/www.univ-guyane.fr\/","name":"Universidade da Guiana","description":"No cora\u00e7\u00e3o da Amaz\u00f4nia","publisher":{"@id":"https:\/\/www.univ-guyane.fr\/#organization"},"alternateName":"UG","potentialAction":[{"@type":"SearchAction","target":{"@type":"EntryPoint","urlTemplate":"https:\/\/www.univ-guyane.fr\/?s={search_term_string}"},"query-input":{"@type":"PropertyValueSpecification","valueRequired":true,"valueName":"search_term_string"}}],"inLanguage":"pt-BR"},{"@type":"Organization","@id":"https:\/\/www.univ-guyane.fr\/#organization","name":"Universidade da Guiana","alternateName":"UG","url":"https:\/\/www.univ-guyane.fr\/","logo":{"@type":"ImageObject","inLanguage":"pt-BR","@id":"https:\/\/www.univ-guyane.fr\/#\/schema\/logo\/image\/","url":"https:\/\/www.univ-guyane.fr\/wp-content\/uploads\/2024\/05\/f.png","contentUrl":"https:\/\/www.univ-guyane.fr\/wp-content\/uploads\/2024\/05\/f.png","width":1024,"height":1024,"caption":"Universit\u00e9 de Guyane"},"image":{"@id":"https:\/\/www.univ-guyane.fr\/#\/schema\/logo\/image\/"},"sameAs":["https:\/\/www.facebook.com\/univguyane","https:\/\/x.com\/univguyane","https:\/\/gf.linkedin.com\/school\/universite-de-guyane\/","https:\/\/www.instagram.com\/univ_guyane\/"]},{"@type":"Person","@id":"https:\/\/www.univ-guyane.fr\/#\/schema\/person\/86d946a28a8be51bb096ccfdf19db179","name":"Erick Loiti\u00e8re","image":{"@type":"ImageObject","inLanguage":"pt-BR","@id":"https:\/\/secure.gravatar.com\/avatar\/0584f332103fbeaf37e52c73b15dca3c547fd9300deb05764e9ad8714839d072?s=96&d=robohash&r=g","url":"https:\/\/secure.gravatar.com\/avatar\/0584f332103fbeaf37e52c73b15dca3c547fd9300deb05764e9ad8714839d072?s=96&d=robohash&r=g","contentUrl":"https:\/\/secure.gravatar.com\/avatar\/0584f332103fbeaf37e52c73b15dca3c547fd9300deb05764e9ad8714839d072?s=96&d=robohash&r=g","caption":"Erick Loiti\u00e8re"},"sameAs":["http:\/\/www.univ-guyane.fr"],"url":"https:\/\/www.univ-guyane.fr\/pt\/author\/eloitierdbz\/"}]}},"_links":{"self":[{"href":"https:\/\/www.univ-guyane.fr\/pt\/wp-json\/wp\/v2\/posts\/8878","targetHints":{"allow":["GET"]}}],"collection":[{"href":"https:\/\/www.univ-guyane.fr\/pt\/wp-json\/wp\/v2\/posts"}],"about":[{"href":"https:\/\/www.univ-guyane.fr\/pt\/wp-json\/wp\/v2\/types\/post"}],"author":[{"embeddable":true,"href":"https:\/\/www.univ-guyane.fr\/pt\/wp-json\/wp\/v2\/users\/1"}],"replies":[{"embeddable":true,"href":"https:\/\/www.univ-guyane.fr\/pt\/wp-json\/wp\/v2\/comments?post=8878"}],"version-history":[{"count":1,"href":"https:\/\/www.univ-guyane.fr\/pt\/wp-json\/wp\/v2\/posts\/8878\/revisions"}],"predecessor-version":[{"id":8880,"href":"https:\/\/www.univ-guyane.fr\/pt\/wp-json\/wp\/v2\/posts\/8878\/revisions\/8880"}],"wp:featuredmedia":[{"embeddable":true,"href":"https:\/\/www.univ-guyane.fr\/pt\/wp-json\/wp\/v2\/media\/8879"}],"wp:attachment":[{"href":"https:\/\/www.univ-guyane.fr\/pt\/wp-json\/wp\/v2\/media?parent=8878"}],"wp:term":[{"taxonomy":"category","embeddable":true,"href":"https:\/\/www.univ-guyane.fr\/pt\/wp-json\/wp\/v2\/categories?post=8878"},{"taxonomy":"post_tag","embeddable":true,"href":"https:\/\/www.univ-guyane.fr\/pt\/wp-json\/wp\/v2\/tags?post=8878"}],"curies":[{"name":"wp","href":"https:\/\/api.w.org\/{rel}","templated":true}]}}