{"id":8881,"date":"2022-06-30T15:21:11","date_gmt":"2022-06-30T18:21:11","guid":{"rendered":"https:\/\/www.univ-guyane.fr\/?p=8881"},"modified":"2024-06-20T15:27:07","modified_gmt":"2024-06-20T18:27:07","slug":"mission-guyuniv2","status":"publish","type":"post","link":"https:\/\/www.univ-guyane.fr\/pt\/2022\/06\/30\/mission-guyuniv2\/","title":{"rendered":"Miss\u00e3o GUYUNIV2"},"content":{"rendered":"<div id=\"fws_69f3b804f1879\"  data-column-margin=\"default\" data-midnight=\"dark\"  class=\"wpb_row vc_row-fluid vc_row\"  style=\"padding-top: 0px; padding-bottom: 0px; \"><div class=\"row-bg-wrap\" data-bg-animation=\"none\" data-bg-animation-delay=\"\" data-bg-overlay=\"false\"><div class=\"inner-wrap row-bg-layer\" ><div class=\"row-bg viewport-desktop\"  style=\"\"><\/div><\/div><\/div><div class=\"row_col_wrap_12 col span_12 dark left\">\n\t<div  class=\"vc_col-sm-12 wpb_column column_container vc_column_container col no-extra-padding inherit_tablet inherit_phone\"  data-padding-pos=\"all\" data-has-bg-color=\"false\" data-bg-color=\"\" data-bg-opacity=\"1\" data-animation=\"\" data-delay=\"0\" >\n\t\t<div class=\"vc_column-inner\" >\n\t\t\t<div class=\"wpb_wrapper\">\n\t\t\t\t\n<div class=\"wpb_text_column wpb_content_element  chapo\" >\n\t<h2>Ap\u00f3s a primeira miss\u00e3o em 2015, a coopera\u00e7\u00e3o regional entre as universidades da ADEKUS, a Universidade da Guiana e a Universidade da Guiana Francesa continua e est\u00e1 sendo fortalecida. Uma delega\u00e7\u00e3o de 25 professores, palestrantes, pol\u00edticos e funcion\u00e1rios administrativos viajou para as universidades parceiras para conhecer suas contrapartes e revitalizar os v\u00ednculos entre essas institui\u00e7\u00f5es.<\/h2>\n<\/div>\n\n\n\n\n<div class=\"wpb_text_column wpb_content_element\" >\n\t<p><span class=\"nectar-dropcap\" >L' <\/span>Universidade da Guiana tem a ambi\u00e7\u00e3o de brilhar no continente sul-americano. Portanto, \u00e9 muito importante que ela participe ativamente da coopera\u00e7\u00e3o regional e internacional. A coopera\u00e7\u00e3o transfronteiri\u00e7a em educa\u00e7\u00e3o e pesquisa com essas universidades n\u00e3o \u00e9 nova. De fato, desde 2015, v\u00e1rias a\u00e7\u00f5es foram realizadas entre a Universidade da Guiana (UG), a Universidade ANTON DE KOM (ADEKUS Suriname) e a Universidade da Guiana. Apesar de ter sido interrompido abruptamente como resultado da pandemia de COVID-19 em mar\u00e7o de 2020, h\u00e1 um interesse forte e crescente em compartilhar conhecimento e experi\u00eancia. Agora que a situa\u00e7\u00e3o da sa\u00fade est\u00e1 mais favor\u00e1vel, foi importante revitalizar os v\u00ednculos entre nossas universidades e discutir projetos futuros.<\/p>\n<p>Como parte de uma abordagem de coopera\u00e7\u00e3o transfronteiri\u00e7a, o projeto GUYUNIV2 teve como objetivo :<\/p>\n<ul>\n<li>Saiba mais sobre a infraestrutura e o treinamento oferecidos pela Universidade da Guiana, pela ADEKUS e pela Universidade da Guiana;<\/li>\n<li>Forne\u00e7a uma atualiza\u00e7\u00e3o sobre esses elementos desde as \u00faltimas visitas oficiais da delega\u00e7\u00e3o;<\/li>\n<li>Expandir a rede de contatos para incentivar o desenvolvimento de projetos educacionais e cient\u00edficos conjuntos em resposta a chamadas espec\u00edficas para projetos (PCIA, ERDF OP, ERASMUS+, etc.), cursos de treinamento internacionais e a organiza\u00e7\u00e3o de eventos esportivos e culturais.<\/li>\n<\/ul>\n<h3><strong>Fortalecimento dos v\u00ednculos com universidades internacionais<\/strong><\/h3>\n<p>O projeto GUYUNIV2 foi iniciado pela Universidade da Guiana, com o apoio do fundo de coopera\u00e7\u00e3o regional e da Collectivit\u00e9 Territoriale de Guyane, e \u00e9 uma miss\u00e3o explorat\u00f3ria que visa a reuni\u00f5es interuniversit\u00e1rias com estabelecimentos de ensino superior do Suriname e da Guiana. Ela d\u00e1 continuidade ao projeto realizado em 2015, quando a UG foi criada, que tinha natureza e objetivos semelhantes. A visita \u00e0 Universidade da Guiana foi ainda mais especial porque foi a primeira vez que uma delega\u00e7\u00e3o da UG visitou aquele pa\u00eds. Foi uma oportunidade de conhecer seus hom\u00f3logos e compartilhar experi\u00eancias de ensino superior.<\/p>\n<p>O formato escolhido para cada uma das reuni\u00f5es universit\u00e1rias (ADEKUS e Universidade da Guiana) foi o seguinte:<\/p>\n<ul>\n<li>Uma sess\u00e3o\u00a0<strong>plen\u00e1ria de abertura<\/strong>(Palavras de boas-vindas; breves apresenta\u00e7\u00f5es dos mapas de treinamento e pesquisa)<\/li>\n<li>Uma sess\u00e3o\u00a0<strong>em um workshop<\/strong>(imers\u00f5es\/discuss\u00f5es nas respectivas faculdades\/departamentos)<\/li>\n<li>Uma sess\u00e3o\u00a0<strong>plen\u00e1rio de encerramento<\/strong>para resumir os projetos de coopera\u00e7\u00e3o por faculdade\/departamento.<\/li>\n<\/ul>\n<p>Gostar\u00edamos de agradecer a todos os nossos colegas das universidades do Suriname (ADEKUS) e da Guiana pela recep\u00e7\u00e3o calorosa e pelas discuss\u00f5es produtivas.<\/p>\n<\/div>\n\n\n\n\n\t\t\t<\/div> \n\t\t<\/div>\n\t<\/div> \n<\/div><\/div>","protected":false},"excerpt":{"rendered":"Ap\u00f3s a primeira miss\u00e3o em 2015, a coopera\u00e7\u00e3o regional entre as universidades de ADEKUS,...","protected":false},"author":1,"featured_media":8882,"comment_status":"closed","ping_status":"open","sticky":false,"template":"","format":"standard","meta":{"iawp_total_views":22,"footnotes":""},"categories":[1],"tags":[],"class_list":{"0":"post-8881","1":"post","2":"type-post","3":"status-publish","4":"format-standard","5":"has-post-thumbnail","7":"category-non-classe"},"yoast_head":"<!-- This site is optimized with the Yoast SEO plugin v27.5 - https:\/\/yoast.com\/product\/yoast-seo-wordpress\/ -->\n<title>Mission GUYUNIV2 &#8212; Universit\u00e9 de Guyane<\/title>\n<meta name=\"description\" content=\"D\u00e9couvrez la coop\u00e9ration transfrontali\u00e8re entre l&#039;Universit\u00e9 de Guyane, ADEKUS Suriname et l&#039;Universit\u00e9 du Guyana dans le projet GUYUNIV2.\" \/>\n<meta name=\"robots\" content=\"index, follow, max-snippet:-1, max-image-preview:large, max-video-preview:-1\" \/>\n<link rel=\"canonical\" href=\"https:\/\/www.univ-guyane.fr\/pt\/2022\/06\/30\/mission-guyuniv2\/\" \/>\n<meta property=\"og:locale\" content=\"pt_BR\" \/>\n<meta property=\"og:type\" content=\"article\" \/>\n<meta property=\"og:title\" content=\"Mission GUYUNIV2 &#8212; Universit\u00e9 de Guyane\" \/>\n<meta property=\"og:description\" content=\"D\u00e9couvrez la coop\u00e9ration transfrontali\u00e8re entre l&#039;Universit\u00e9 de Guyane, ADEKUS Suriname et l&#039;Universit\u00e9 du Guyana dans le projet GUYUNIV2.\" \/>\n<meta property=\"og:url\" content=\"https:\/\/www.univ-guyane.fr\/pt\/2022\/06\/30\/mission-guyuniv2\/\" \/>\n<meta property=\"og:site_name\" content=\"Universit\u00e9 de Guyane\" \/>\n<meta property=\"article:publisher\" content=\"https:\/\/www.facebook.com\/univguyane\" \/>\n<meta property=\"article:published_time\" content=\"2022-06-30T18:21:11+00:00\" \/>\n<meta property=\"article:modified_time\" content=\"2024-06-20T18:27:07+00:00\" \/>\n<meta property=\"og:image\" content=\"https:\/\/www.univ-guyane.fr\/wp-content\/uploads\/IMG_3379.jpg\" \/>\n\t<meta property=\"og:image:width\" content=\"1700\" \/>\n\t<meta property=\"og:image:height\" content=\"842\" \/>\n\t<meta property=\"og:image:type\" content=\"image\/jpeg\" \/>\n<meta name=\"author\" content=\"Erick Loiti\u00e8re\" \/>\n<meta name=\"twitter:card\" content=\"summary_large_image\" \/>\n<meta name=\"twitter:creator\" content=\"@univguyane\" \/>\n<meta name=\"twitter:site\" content=\"@univguyane\" \/>\n<meta name=\"twitter:label1\" content=\"Escrito por\" \/>\n\t<meta name=\"twitter:data1\" content=\"Erick Loiti\u00e8re\" \/>\n\t<meta name=\"twitter:label2\" content=\"Est. tempo de leitura\" \/>\n\t<meta name=\"twitter:data2\" content=\"3 minutos\" \/>\n<script type=\"application\/ld+json\" class=\"yoast-schema-graph\">{\"@context\":\"https:\\\/\\\/schema.org\",\"@graph\":[{\"@type\":\"Article\",\"@id\":\"https:\\\/\\\/www.univ-guyane.fr\\\/2022\\\/06\\\/30\\\/mission-guyuniv2\\\/#article\",\"isPartOf\":{\"@id\":\"https:\\\/\\\/www.univ-guyane.fr\\\/2022\\\/06\\\/30\\\/mission-guyuniv2\\\/\"},\"author\":{\"name\":\"Erick Loiti\u00e8re\",\"@id\":\"https:\\\/\\\/www.univ-guyane.fr\\\/#\\\/schema\\\/person\\\/86d946a28a8be51bb096ccfdf19db179\"},\"headline\":\"Mission GUYUNIV2\",\"datePublished\":\"2022-06-30T18:21:11+00:00\",\"dateModified\":\"2024-06-20T18:27:07+00:00\",\"mainEntityOfPage\":{\"@id\":\"https:\\\/\\\/www.univ-guyane.fr\\\/2022\\\/06\\\/30\\\/mission-guyuniv2\\\/\"},\"wordCount\":723,\"publisher\":{\"@id\":\"https:\\\/\\\/www.univ-guyane.fr\\\/#organization\"},\"image\":{\"@id\":\"https:\\\/\\\/www.univ-guyane.fr\\\/2022\\\/06\\\/30\\\/mission-guyuniv2\\\/#primaryimage\"},\"thumbnailUrl\":\"https:\\\/\\\/www.univ-guyane.fr\\\/wp-content\\\/uploads\\\/IMG_3379.jpg\",\"articleSection\":[\"Non class\u00e9\"],\"inLanguage\":\"pt-BR\"},{\"@type\":\"WebPage\",\"@id\":\"https:\\\/\\\/www.univ-guyane.fr\\\/2022\\\/06\\\/30\\\/mission-guyuniv2\\\/\",\"url\":\"https:\\\/\\\/www.univ-guyane.fr\\\/2022\\\/06\\\/30\\\/mission-guyuniv2\\\/\",\"name\":\"Mission GUYUNIV2 &#8212; Universit\u00e9 de Guyane\",\"isPartOf\":{\"@id\":\"https:\\\/\\\/www.univ-guyane.fr\\\/#website\"},\"primaryImageOfPage\":{\"@id\":\"https:\\\/\\\/www.univ-guyane.fr\\\/2022\\\/06\\\/30\\\/mission-guyuniv2\\\/#primaryimage\"},\"image\":{\"@id\":\"https:\\\/\\\/www.univ-guyane.fr\\\/2022\\\/06\\\/30\\\/mission-guyuniv2\\\/#primaryimage\"},\"thumbnailUrl\":\"https:\\\/\\\/www.univ-guyane.fr\\\/wp-content\\\/uploads\\\/IMG_3379.jpg\",\"datePublished\":\"2022-06-30T18:21:11+00:00\",\"dateModified\":\"2024-06-20T18:27:07+00:00\",\"description\":\"D\u00e9couvrez la coop\u00e9ration transfrontali\u00e8re entre l'Universit\u00e9 de Guyane, ADEKUS Suriname et l'Universit\u00e9 du Guyana dans le projet GUYUNIV2.\",\"breadcrumb\":{\"@id\":\"https:\\\/\\\/www.univ-guyane.fr\\\/2022\\\/06\\\/30\\\/mission-guyuniv2\\\/#breadcrumb\"},\"inLanguage\":\"pt-BR\",\"potentialAction\":[{\"@type\":\"ReadAction\",\"target\":[\"https:\\\/\\\/www.univ-guyane.fr\\\/2022\\\/06\\\/30\\\/mission-guyuniv2\\\/\"]}]},{\"@type\":\"ImageObject\",\"inLanguage\":\"pt-BR\",\"@id\":\"https:\\\/\\\/www.univ-guyane.fr\\\/2022\\\/06\\\/30\\\/mission-guyuniv2\\\/#primaryimage\",\"url\":\"https:\\\/\\\/www.univ-guyane.fr\\\/wp-content\\\/uploads\\\/IMG_3379.jpg\",\"contentUrl\":\"https:\\\/\\\/www.univ-guyane.fr\\\/wp-content\\\/uploads\\\/IMG_3379.jpg\",\"width\":1700,\"height\":842,\"caption\":\"Mission GUYUNIV2\"},{\"@type\":\"BreadcrumbList\",\"@id\":\"https:\\\/\\\/www.univ-guyane.fr\\\/2022\\\/06\\\/30\\\/mission-guyuniv2\\\/#breadcrumb\",\"itemListElement\":[{\"@type\":\"ListItem\",\"position\":1,\"name\":\"Accueil\",\"item\":\"https:\\\/\\\/www.univ-guyane.fr\\\/\"},{\"@type\":\"ListItem\",\"position\":2,\"name\":\"Mission GUYUNIV2\"}]},{\"@type\":\"WebSite\",\"@id\":\"https:\\\/\\\/www.univ-guyane.fr\\\/#website\",\"url\":\"https:\\\/\\\/www.univ-guyane.fr\\\/\",\"name\":\"Universit\u00e9 de Guyane\",\"description\":\"Au c\u0153ur de l&#039;amazonie\",\"publisher\":{\"@id\":\"https:\\\/\\\/www.univ-guyane.fr\\\/#organization\"},\"alternateName\":\"UG\",\"potentialAction\":[{\"@type\":\"SearchAction\",\"target\":{\"@type\":\"EntryPoint\",\"urlTemplate\":\"https:\\\/\\\/www.univ-guyane.fr\\\/?s={search_term_string}\"},\"query-input\":{\"@type\":\"PropertyValueSpecification\",\"valueRequired\":true,\"valueName\":\"search_term_string\"}}],\"inLanguage\":\"pt-BR\"},{\"@type\":\"Organization\",\"@id\":\"https:\\\/\\\/www.univ-guyane.fr\\\/#organization\",\"name\":\"Universit\u00e9 de Guyane\",\"alternateName\":\"UG\",\"url\":\"https:\\\/\\\/www.univ-guyane.fr\\\/\",\"logo\":{\"@type\":\"ImageObject\",\"inLanguage\":\"pt-BR\",\"@id\":\"https:\\\/\\\/www.univ-guyane.fr\\\/#\\\/schema\\\/logo\\\/image\\\/\",\"url\":\"https:\\\/\\\/www.univ-guyane.fr\\\/wp-content\\\/uploads\\\/2024\\\/05\\\/f.png\",\"contentUrl\":\"https:\\\/\\\/www.univ-guyane.fr\\\/wp-content\\\/uploads\\\/2024\\\/05\\\/f.png\",\"width\":1024,\"height\":1024,\"caption\":\"Universit\u00e9 de Guyane\"},\"image\":{\"@id\":\"https:\\\/\\\/www.univ-guyane.fr\\\/#\\\/schema\\\/logo\\\/image\\\/\"},\"sameAs\":[\"https:\\\/\\\/www.facebook.com\\\/univguyane\",\"https:\\\/\\\/x.com\\\/univguyane\",\"https:\\\/\\\/gf.linkedin.com\\\/school\\\/universite-de-guyane\\\/\",\"https:\\\/\\\/www.instagram.com\\\/univ_guyane\\\/\"]},{\"@type\":\"Person\",\"@id\":\"https:\\\/\\\/www.univ-guyane.fr\\\/#\\\/schema\\\/person\\\/86d946a28a8be51bb096ccfdf19db179\",\"name\":\"Erick Loiti\u00e8re\",\"image\":{\"@type\":\"ImageObject\",\"inLanguage\":\"pt-BR\",\"@id\":\"https:\\\/\\\/secure.gravatar.com\\\/avatar\\\/0584f332103fbeaf37e52c73b15dca3c547fd9300deb05764e9ad8714839d072?s=96&d=robohash&r=g\",\"url\":\"https:\\\/\\\/secure.gravatar.com\\\/avatar\\\/0584f332103fbeaf37e52c73b15dca3c547fd9300deb05764e9ad8714839d072?s=96&d=robohash&r=g\",\"contentUrl\":\"https:\\\/\\\/secure.gravatar.com\\\/avatar\\\/0584f332103fbeaf37e52c73b15dca3c547fd9300deb05764e9ad8714839d072?s=96&d=robohash&r=g\",\"caption\":\"Erick Loiti\u00e8re\"},\"sameAs\":[\"http:\\\/\\\/www.univ-guyane.fr\"],\"url\":\"https:\\\/\\\/www.univ-guyane.fr\\\/pt\\\/author\\\/eloitierdbz\\\/\"}]}<\/script>\n<!-- \/ Yoast SEO plugin. -->","yoast_head_json":{"title":"Mission GUYUNIV2 &#8212; Universit\u00e9 de Guyane","description":"D\u00e9couvrez la coop\u00e9ration transfrontali\u00e8re entre l'Universit\u00e9 de Guyane, ADEKUS Suriname et l'Universit\u00e9 du Guyana dans le projet GUYUNIV2.","robots":{"index":"index","follow":"follow","max-snippet":"max-snippet:-1","max-image-preview":"max-image-preview:large","max-video-preview":"max-video-preview:-1"},"canonical":"https:\/\/www.univ-guyane.fr\/pt\/2022\/06\/30\/mission-guyuniv2\/","og_locale":"pt_BR","og_type":"article","og_title":"Mission GUYUNIV2 &#8212; Universit\u00e9 de Guyane","og_description":"D\u00e9couvrez la coop\u00e9ration transfrontali\u00e8re entre l'Universit\u00e9 de Guyane, ADEKUS Suriname et l'Universit\u00e9 du Guyana dans le projet GUYUNIV2.","og_url":"https:\/\/www.univ-guyane.fr\/pt\/2022\/06\/30\/mission-guyuniv2\/","og_site_name":"Universit\u00e9 de Guyane","article_publisher":"https:\/\/www.facebook.com\/univguyane","article_published_time":"2022-06-30T18:21:11+00:00","article_modified_time":"2024-06-20T18:27:07+00:00","og_image":[{"width":1700,"height":842,"url":"https:\/\/www.univ-guyane.fr\/wp-content\/uploads\/IMG_3379.jpg","type":"image\/jpeg"}],"author":"Erick Loiti\u00e8re","twitter_card":"summary_large_image","twitter_creator":"@univguyane","twitter_site":"@univguyane","twitter_misc":{"Escrito por":"Erick Loiti\u00e8re","Est. tempo de leitura":"3 minutos"},"schema":{"@context":"https:\/\/schema.org","@graph":[{"@type":"Article","@id":"https:\/\/www.univ-guyane.fr\/2022\/06\/30\/mission-guyuniv2\/#article","isPartOf":{"@id":"https:\/\/www.univ-guyane.fr\/2022\/06\/30\/mission-guyuniv2\/"},"author":{"name":"Erick Loiti\u00e8re","@id":"https:\/\/www.univ-guyane.fr\/#\/schema\/person\/86d946a28a8be51bb096ccfdf19db179"},"headline":"Mission GUYUNIV2","datePublished":"2022-06-30T18:21:11+00:00","dateModified":"2024-06-20T18:27:07+00:00","mainEntityOfPage":{"@id":"https:\/\/www.univ-guyane.fr\/2022\/06\/30\/mission-guyuniv2\/"},"wordCount":723,"publisher":{"@id":"https:\/\/www.univ-guyane.fr\/#organization"},"image":{"@id":"https:\/\/www.univ-guyane.fr\/2022\/06\/30\/mission-guyuniv2\/#primaryimage"},"thumbnailUrl":"https:\/\/www.univ-guyane.fr\/wp-content\/uploads\/IMG_3379.jpg","articleSection":["Non class\u00e9"],"inLanguage":"pt-BR"},{"@type":"WebPage","@id":"https:\/\/www.univ-guyane.fr\/2022\/06\/30\/mission-guyuniv2\/","url":"https:\/\/www.univ-guyane.fr\/2022\/06\/30\/mission-guyuniv2\/","name":"Mission GUYUNIV2 &#8212; Universit\u00e9 de Guyane","isPartOf":{"@id":"https:\/\/www.univ-guyane.fr\/#website"},"primaryImageOfPage":{"@id":"https:\/\/www.univ-guyane.fr\/2022\/06\/30\/mission-guyuniv2\/#primaryimage"},"image":{"@id":"https:\/\/www.univ-guyane.fr\/2022\/06\/30\/mission-guyuniv2\/#primaryimage"},"thumbnailUrl":"https:\/\/www.univ-guyane.fr\/wp-content\/uploads\/IMG_3379.jpg","datePublished":"2022-06-30T18:21:11+00:00","dateModified":"2024-06-20T18:27:07+00:00","description":"D\u00e9couvrez la coop\u00e9ration transfrontali\u00e8re entre l'Universit\u00e9 de Guyane, ADEKUS Suriname et l'Universit\u00e9 du Guyana dans le projet GUYUNIV2.","breadcrumb":{"@id":"https:\/\/www.univ-guyane.fr\/2022\/06\/30\/mission-guyuniv2\/#breadcrumb"},"inLanguage":"pt-BR","potentialAction":[{"@type":"ReadAction","target":["https:\/\/www.univ-guyane.fr\/2022\/06\/30\/mission-guyuniv2\/"]}]},{"@type":"ImageObject","inLanguage":"pt-BR","@id":"https:\/\/www.univ-guyane.fr\/2022\/06\/30\/mission-guyuniv2\/#primaryimage","url":"https:\/\/www.univ-guyane.fr\/wp-content\/uploads\/IMG_3379.jpg","contentUrl":"https:\/\/www.univ-guyane.fr\/wp-content\/uploads\/IMG_3379.jpg","width":1700,"height":842,"caption":"Mission GUYUNIV2"},{"@type":"BreadcrumbList","@id":"https:\/\/www.univ-guyane.fr\/2022\/06\/30\/mission-guyuniv2\/#breadcrumb","itemListElement":[{"@type":"ListItem","position":1,"name":"Accueil","item":"https:\/\/www.univ-guyane.fr\/"},{"@type":"ListItem","position":2,"name":"Mission GUYUNIV2"}]},{"@type":"WebSite","@id":"https:\/\/www.univ-guyane.fr\/#website","url":"https:\/\/www.univ-guyane.fr\/","name":"Universidade da Guiana","description":"No cora\u00e7\u00e3o da Amaz\u00f4nia","publisher":{"@id":"https:\/\/www.univ-guyane.fr\/#organization"},"alternateName":"UG","potentialAction":[{"@type":"SearchAction","target":{"@type":"EntryPoint","urlTemplate":"https:\/\/www.univ-guyane.fr\/?s={search_term_string}"},"query-input":{"@type":"PropertyValueSpecification","valueRequired":true,"valueName":"search_term_string"}}],"inLanguage":"pt-BR"},{"@type":"Organization","@id":"https:\/\/www.univ-guyane.fr\/#organization","name":"Universidade da Guiana","alternateName":"UG","url":"https:\/\/www.univ-guyane.fr\/","logo":{"@type":"ImageObject","inLanguage":"pt-BR","@id":"https:\/\/www.univ-guyane.fr\/#\/schema\/logo\/image\/","url":"https:\/\/www.univ-guyane.fr\/wp-content\/uploads\/2024\/05\/f.png","contentUrl":"https:\/\/www.univ-guyane.fr\/wp-content\/uploads\/2024\/05\/f.png","width":1024,"height":1024,"caption":"Universit\u00e9 de Guyane"},"image":{"@id":"https:\/\/www.univ-guyane.fr\/#\/schema\/logo\/image\/"},"sameAs":["https:\/\/www.facebook.com\/univguyane","https:\/\/x.com\/univguyane","https:\/\/gf.linkedin.com\/school\/universite-de-guyane\/","https:\/\/www.instagram.com\/univ_guyane\/"]},{"@type":"Person","@id":"https:\/\/www.univ-guyane.fr\/#\/schema\/person\/86d946a28a8be51bb096ccfdf19db179","name":"Erick Loiti\u00e8re","image":{"@type":"ImageObject","inLanguage":"pt-BR","@id":"https:\/\/secure.gravatar.com\/avatar\/0584f332103fbeaf37e52c73b15dca3c547fd9300deb05764e9ad8714839d072?s=96&d=robohash&r=g","url":"https:\/\/secure.gravatar.com\/avatar\/0584f332103fbeaf37e52c73b15dca3c547fd9300deb05764e9ad8714839d072?s=96&d=robohash&r=g","contentUrl":"https:\/\/secure.gravatar.com\/avatar\/0584f332103fbeaf37e52c73b15dca3c547fd9300deb05764e9ad8714839d072?s=96&d=robohash&r=g","caption":"Erick Loiti\u00e8re"},"sameAs":["http:\/\/www.univ-guyane.fr"],"url":"https:\/\/www.univ-guyane.fr\/pt\/author\/eloitierdbz\/"}]}},"_links":{"self":[{"href":"https:\/\/www.univ-guyane.fr\/pt\/wp-json\/wp\/v2\/posts\/8881","targetHints":{"allow":["GET"]}}],"collection":[{"href":"https:\/\/www.univ-guyane.fr\/pt\/wp-json\/wp\/v2\/posts"}],"about":[{"href":"https:\/\/www.univ-guyane.fr\/pt\/wp-json\/wp\/v2\/types\/post"}],"author":[{"embeddable":true,"href":"https:\/\/www.univ-guyane.fr\/pt\/wp-json\/wp\/v2\/users\/1"}],"replies":[{"embeddable":true,"href":"https:\/\/www.univ-guyane.fr\/pt\/wp-json\/wp\/v2\/comments?post=8881"}],"version-history":[{"count":1,"href":"https:\/\/www.univ-guyane.fr\/pt\/wp-json\/wp\/v2\/posts\/8881\/revisions"}],"predecessor-version":[{"id":8883,"href":"https:\/\/www.univ-guyane.fr\/pt\/wp-json\/wp\/v2\/posts\/8881\/revisions\/8883"}],"wp:featuredmedia":[{"embeddable":true,"href":"https:\/\/www.univ-guyane.fr\/pt\/wp-json\/wp\/v2\/media\/8882"}],"wp:attachment":[{"href":"https:\/\/www.univ-guyane.fr\/pt\/wp-json\/wp\/v2\/media?parent=8881"}],"wp:term":[{"taxonomy":"category","embeddable":true,"href":"https:\/\/www.univ-guyane.fr\/pt\/wp-json\/wp\/v2\/categories?post=8881"},{"taxonomy":"post_tag","embeddable":true,"href":"https:\/\/www.univ-guyane.fr\/pt\/wp-json\/wp\/v2\/tags?post=8881"}],"curies":[{"name":"wp","href":"https:\/\/api.w.org\/{rel}","templated":true}]}}