{"id":8892,"date":"2022-06-07T15:36:49","date_gmt":"2022-06-07T18:36:49","guid":{"rendered":"https:\/\/www.univ-guyane.fr\/?p=8892"},"modified":"2024-06-20T15:40:33","modified_gmt":"2024-06-20T18:40:33","slug":"exposition-les-esclavages-dhier","status":"publish","type":"post","link":"https:\/\/www.univ-guyane.fr\/pt\/2022\/06\/07\/exposition-les-esclavages-dhier\/","title":{"rendered":"Exposi\u00e7\u00e3o: \"Slavery in the past"},"content":{"rendered":"<div id=\"fws_69f397d9de822\"  data-column-margin=\"default\" data-midnight=\"dark\"  class=\"wpb_row vc_row-fluid vc_row\"  style=\"padding-top: 0px; padding-bottom: 0px; \"><div class=\"row-bg-wrap\" data-bg-animation=\"none\" data-bg-animation-delay=\"\" data-bg-overlay=\"false\"><div class=\"inner-wrap row-bg-layer\" ><div class=\"row-bg viewport-desktop\"  style=\"\"><\/div><\/div><\/div><div class=\"row_col_wrap_12 col span_12 dark left\">\n\t<div  class=\"vc_col-sm-12 wpb_column column_container vc_column_container col no-extra-padding inherit_tablet inherit_phone\"  data-padding-pos=\"all\" data-has-bg-color=\"false\" data-bg-color=\"\" data-bg-opacity=\"1\" data-animation=\"\" data-delay=\"0\" >\n\t\t<div class=\"vc_column-inner\" >\n\t\t\t<div class=\"wpb_wrapper\">\n\t\t\t\t\n<div class=\"wpb_text_column wpb_content_element  chapo\" >\n\t<h2>Les esclavages d'hier, uma exposi\u00e7\u00e3o em exibi\u00e7\u00e3o nas salas de leitura da biblioteca da universidade, de 1\u00ba a 30 de junho de 2022<\/h2>\n<\/div>\n\n\n\n\n<div class=\"wpb_text_column wpb_content_element\" >\n\t<p><span class=\"nectar-dropcap\" >D <\/span>urante todo o m\u00eas de junho de 2022, a BU est\u00e1 comemorando a aboli\u00e7\u00e3o da escravid\u00e3o, proclamada em 1848, com uma exposi\u00e7\u00e3o educacional com 16 pain\u00e9is sobre a escravid\u00e3o no passado: escravid\u00e3o desde a Antiguidade at\u00e9 a Idade M\u00e9dia, o com\u00e9rcio triangular, escravid\u00e3o nas Am\u00e9ricas, aboli\u00e7\u00e3o na Fran\u00e7a, aboli\u00e7\u00e3o nos Estados Unidos, etc.<\/p>\n<p>A aboli\u00e7\u00e3o da escravid\u00e3o \u00e9 comemorada na Guiana Francesa todos os anos em 10 de junho. Como parte dessa comemora\u00e7\u00e3o, a biblioteca da universidade tem o prazer de apresentar uma exposi\u00e7\u00e3o sobre as diversas formas de escravid\u00e3o praticadas no passado, seja na Antiguidade, na Idade M\u00e9dia ou em sua forma mais conhecida no mundo moderno: o com\u00e9rcio triangular. A exposi\u00e7\u00e3o tamb\u00e9m abordar\u00e1 a quest\u00e3o n\u00e3o da aboli\u00e7\u00e3o, mas da sucessiva aboli\u00e7\u00e3o da escravid\u00e3o em diferentes partes do mundo.<\/p>\n<p>Ricamente ilustrada, essa exposi\u00e7\u00e3o o levar\u00e1 a uma jornada atrav\u00e9s do tempo e do lugar, na tentativa de obter uma compreens\u00e3o global das quest\u00f5es que envolvem a escravid\u00e3o, a fim de estabelecer uma compara\u00e7\u00e3o matizada e bem documentada entre as diferentes formas assumidas por esse sistema de explora\u00e7\u00e3o humana. Em uma \u00e9poca em que as cicatrizes da escravid\u00e3o ainda s\u00e3o dolorosas e em que ela est\u00e1 ressurgindo em diferentes partes do mundo, olhar para tr\u00e1s para entender melhor o futuro parece ser um passo necess\u00e1rio.<\/p>\n<div class=\"ug_container-yellow\"><em>A exposi\u00e7\u00e3o \u00e9<\/em><em>ble diretamente nas salas de leitura da biblioteca da universidade, durante o hor\u00e1rio normal de funcionamento, ou seja, das 7h30 \u00e0s 19h, de segunda a sexta-feira, e das 7h30 \u00e0s 12h, aos s\u00e1bados.<\/em><\/div>\n<\/div>\n\n\n\n\n\t\t\t<\/div> \n\t\t<\/div>\n\t<\/div> \n<\/div><\/div>","protected":false},"excerpt":{"rendered":"Les esclavages d'hier, uma exposi\u00e7\u00e3o em cartaz nas salas de leitura da biblioteca da universidade,...","protected":false},"author":1,"featured_media":8893,"comment_status":"closed","ping_status":"open","sticky":false,"template":"","format":"standard","meta":{"iawp_total_views":18,"footnotes":""},"categories":[232],"tags":[],"class_list":{"0":"post-8892","1":"post","2":"type-post","3":"status-publish","4":"format-standard","5":"has-post-thumbnail","7":"category-bibliotheque"},"yoast_head":"<!-- This site is optimized with the Yoast SEO plugin v27.5 - https:\/\/yoast.com\/product\/yoast-seo-wordpress\/ -->\n<title>Exposition : &quot;les esclavages d\u2019hier&quot; &#8212; Universit\u00e9 de Guyane<\/title>\n<meta name=\"description\" content=\"D\u00e9couvrez l&#039;exposition sur l&#039;esclavage : de l&#039;Antiquit\u00e9 au commerce triangulaire et aux abolitions successives. Une comm\u00e9moration de l&#039;abolition de l&#039;esclavage en France et aux \u00c9tats-Unis.\" \/>\n<meta name=\"robots\" content=\"index, follow, max-snippet:-1, max-image-preview:large, max-video-preview:-1\" \/>\n<link rel=\"canonical\" href=\"https:\/\/www.univ-guyane.fr\/pt\/2022\/06\/07\/exposition-les-esclavages-dhier\/\" \/>\n<meta property=\"og:locale\" content=\"pt_BR\" \/>\n<meta property=\"og:type\" content=\"article\" \/>\n<meta property=\"og:title\" content=\"Exposition : &quot;les esclavages d\u2019hier&quot; &#8212; Universit\u00e9 de Guyane\" \/>\n<meta property=\"og:description\" content=\"D\u00e9couvrez l&#039;exposition sur l&#039;esclavage : de l&#039;Antiquit\u00e9 au commerce triangulaire et aux abolitions successives. Une comm\u00e9moration de l&#039;abolition de l&#039;esclavage en France et aux \u00c9tats-Unis.\" \/>\n<meta property=\"og:url\" content=\"https:\/\/www.univ-guyane.fr\/pt\/2022\/06\/07\/exposition-les-esclavages-dhier\/\" \/>\n<meta property=\"og:site_name\" content=\"Universit\u00e9 de Guyane\" \/>\n<meta property=\"article:publisher\" content=\"https:\/\/www.facebook.com\/univguyane\" \/>\n<meta property=\"article:published_time\" content=\"2022-06-07T18:36:49+00:00\" \/>\n<meta property=\"article:modified_time\" content=\"2024-06-20T18:40:33+00:00\" \/>\n<meta property=\"og:image\" content=\"https:\/\/www.univ-guyane.fr\/wp-content\/uploads\/exposition-les-esclavages-d-hier-universite-de-guyane.jpg\" \/>\n\t<meta property=\"og:image:width\" content=\"1920\" \/>\n\t<meta property=\"og:image:height\" content=\"1080\" \/>\n\t<meta property=\"og:image:type\" content=\"image\/jpeg\" \/>\n<meta name=\"author\" content=\"Erick Loiti\u00e8re\" \/>\n<meta name=\"twitter:card\" content=\"summary_large_image\" \/>\n<meta name=\"twitter:creator\" content=\"@univguyane\" \/>\n<meta name=\"twitter:site\" content=\"@univguyane\" \/>\n<meta name=\"twitter:label1\" content=\"Escrito por\" \/>\n\t<meta name=\"twitter:data1\" content=\"Erick Loiti\u00e8re\" \/>\n\t<meta name=\"twitter:label2\" content=\"Est. tempo de leitura\" \/>\n\t<meta name=\"twitter:data2\" content=\"2 minutos\" \/>\n<script type=\"application\/ld+json\" class=\"yoast-schema-graph\">{\"@context\":\"https:\\\/\\\/schema.org\",\"@graph\":[{\"@type\":\"Article\",\"@id\":\"https:\\\/\\\/www.univ-guyane.fr\\\/2022\\\/06\\\/07\\\/exposition-les-esclavages-dhier\\\/#article\",\"isPartOf\":{\"@id\":\"https:\\\/\\\/www.univ-guyane.fr\\\/2022\\\/06\\\/07\\\/exposition-les-esclavages-dhier\\\/\"},\"author\":{\"name\":\"Erick Loiti\u00e8re\",\"@id\":\"https:\\\/\\\/www.univ-guyane.fr\\\/#\\\/schema\\\/person\\\/86d946a28a8be51bb096ccfdf19db179\"},\"headline\":\"Exposition : \u00ab\u00a0les esclavages d\u2019hier\u00a0\u00bb\",\"datePublished\":\"2022-06-07T18:36:49+00:00\",\"dateModified\":\"2024-06-20T18:40:33+00:00\",\"mainEntityOfPage\":{\"@id\":\"https:\\\/\\\/www.univ-guyane.fr\\\/2022\\\/06\\\/07\\\/exposition-les-esclavages-dhier\\\/\"},\"wordCount\":505,\"publisher\":{\"@id\":\"https:\\\/\\\/www.univ-guyane.fr\\\/#organization\"},\"image\":{\"@id\":\"https:\\\/\\\/www.univ-guyane.fr\\\/2022\\\/06\\\/07\\\/exposition-les-esclavages-dhier\\\/#primaryimage\"},\"thumbnailUrl\":\"https:\\\/\\\/www.univ-guyane.fr\\\/wp-content\\\/uploads\\\/exposition-les-esclavages-d-hier-universite-de-guyane.jpg\",\"articleSection\":[\"\u2022 Biblioth\u00e8que\"],\"inLanguage\":\"pt-BR\"},{\"@type\":\"WebPage\",\"@id\":\"https:\\\/\\\/www.univ-guyane.fr\\\/2022\\\/06\\\/07\\\/exposition-les-esclavages-dhier\\\/\",\"url\":\"https:\\\/\\\/www.univ-guyane.fr\\\/2022\\\/06\\\/07\\\/exposition-les-esclavages-dhier\\\/\",\"name\":\"Exposition : \\\"les esclavages d\u2019hier\\\" &#8212; Universit\u00e9 de Guyane\",\"isPartOf\":{\"@id\":\"https:\\\/\\\/www.univ-guyane.fr\\\/#website\"},\"primaryImageOfPage\":{\"@id\":\"https:\\\/\\\/www.univ-guyane.fr\\\/2022\\\/06\\\/07\\\/exposition-les-esclavages-dhier\\\/#primaryimage\"},\"image\":{\"@id\":\"https:\\\/\\\/www.univ-guyane.fr\\\/2022\\\/06\\\/07\\\/exposition-les-esclavages-dhier\\\/#primaryimage\"},\"thumbnailUrl\":\"https:\\\/\\\/www.univ-guyane.fr\\\/wp-content\\\/uploads\\\/exposition-les-esclavages-d-hier-universite-de-guyane.jpg\",\"datePublished\":\"2022-06-07T18:36:49+00:00\",\"dateModified\":\"2024-06-20T18:40:33+00:00\",\"description\":\"D\u00e9couvrez l'exposition sur l'esclavage : de l'Antiquit\u00e9 au commerce triangulaire et aux abolitions successives. Une comm\u00e9moration de l'abolition de l'esclavage en France et aux \u00c9tats-Unis.\",\"breadcrumb\":{\"@id\":\"https:\\\/\\\/www.univ-guyane.fr\\\/2022\\\/06\\\/07\\\/exposition-les-esclavages-dhier\\\/#breadcrumb\"},\"inLanguage\":\"pt-BR\",\"potentialAction\":[{\"@type\":\"ReadAction\",\"target\":[\"https:\\\/\\\/www.univ-guyane.fr\\\/2022\\\/06\\\/07\\\/exposition-les-esclavages-dhier\\\/\"]}]},{\"@type\":\"ImageObject\",\"inLanguage\":\"pt-BR\",\"@id\":\"https:\\\/\\\/www.univ-guyane.fr\\\/2022\\\/06\\\/07\\\/exposition-les-esclavages-dhier\\\/#primaryimage\",\"url\":\"https:\\\/\\\/www.univ-guyane.fr\\\/wp-content\\\/uploads\\\/exposition-les-esclavages-d-hier-universite-de-guyane.jpg\",\"contentUrl\":\"https:\\\/\\\/www.univ-guyane.fr\\\/wp-content\\\/uploads\\\/exposition-les-esclavages-d-hier-universite-de-guyane.jpg\",\"width\":1920,\"height\":1080,\"caption\":\"Exposition : \\\"les esclavages d\u2019hier\\\"\"},{\"@type\":\"BreadcrumbList\",\"@id\":\"https:\\\/\\\/www.univ-guyane.fr\\\/2022\\\/06\\\/07\\\/exposition-les-esclavages-dhier\\\/#breadcrumb\",\"itemListElement\":[{\"@type\":\"ListItem\",\"position\":1,\"name\":\"Accueil\",\"item\":\"https:\\\/\\\/www.univ-guyane.fr\\\/\"},{\"@type\":\"ListItem\",\"position\":2,\"name\":\"Exposition : \u00ab\u00a0les esclavages d\u2019hier\u00a0\u00bb\"}]},{\"@type\":\"WebSite\",\"@id\":\"https:\\\/\\\/www.univ-guyane.fr\\\/#website\",\"url\":\"https:\\\/\\\/www.univ-guyane.fr\\\/\",\"name\":\"Universit\u00e9 de Guyane\",\"description\":\"Au c\u0153ur de l&#039;amazonie\",\"publisher\":{\"@id\":\"https:\\\/\\\/www.univ-guyane.fr\\\/#organization\"},\"alternateName\":\"UG\",\"potentialAction\":[{\"@type\":\"SearchAction\",\"target\":{\"@type\":\"EntryPoint\",\"urlTemplate\":\"https:\\\/\\\/www.univ-guyane.fr\\\/?s={search_term_string}\"},\"query-input\":{\"@type\":\"PropertyValueSpecification\",\"valueRequired\":true,\"valueName\":\"search_term_string\"}}],\"inLanguage\":\"pt-BR\"},{\"@type\":\"Organization\",\"@id\":\"https:\\\/\\\/www.univ-guyane.fr\\\/#organization\",\"name\":\"Universit\u00e9 de Guyane\",\"alternateName\":\"UG\",\"url\":\"https:\\\/\\\/www.univ-guyane.fr\\\/\",\"logo\":{\"@type\":\"ImageObject\",\"inLanguage\":\"pt-BR\",\"@id\":\"https:\\\/\\\/www.univ-guyane.fr\\\/#\\\/schema\\\/logo\\\/image\\\/\",\"url\":\"https:\\\/\\\/www.univ-guyane.fr\\\/wp-content\\\/uploads\\\/2024\\\/05\\\/f.png\",\"contentUrl\":\"https:\\\/\\\/www.univ-guyane.fr\\\/wp-content\\\/uploads\\\/2024\\\/05\\\/f.png\",\"width\":1024,\"height\":1024,\"caption\":\"Universit\u00e9 de Guyane\"},\"image\":{\"@id\":\"https:\\\/\\\/www.univ-guyane.fr\\\/#\\\/schema\\\/logo\\\/image\\\/\"},\"sameAs\":[\"https:\\\/\\\/www.facebook.com\\\/univguyane\",\"https:\\\/\\\/x.com\\\/univguyane\",\"https:\\\/\\\/gf.linkedin.com\\\/school\\\/universite-de-guyane\\\/\",\"https:\\\/\\\/www.instagram.com\\\/univ_guyane\\\/\"]},{\"@type\":\"Person\",\"@id\":\"https:\\\/\\\/www.univ-guyane.fr\\\/#\\\/schema\\\/person\\\/86d946a28a8be51bb096ccfdf19db179\",\"name\":\"Erick Loiti\u00e8re\",\"image\":{\"@type\":\"ImageObject\",\"inLanguage\":\"pt-BR\",\"@id\":\"https:\\\/\\\/secure.gravatar.com\\\/avatar\\\/0584f332103fbeaf37e52c73b15dca3c547fd9300deb05764e9ad8714839d072?s=96&d=robohash&r=g\",\"url\":\"https:\\\/\\\/secure.gravatar.com\\\/avatar\\\/0584f332103fbeaf37e52c73b15dca3c547fd9300deb05764e9ad8714839d072?s=96&d=robohash&r=g\",\"contentUrl\":\"https:\\\/\\\/secure.gravatar.com\\\/avatar\\\/0584f332103fbeaf37e52c73b15dca3c547fd9300deb05764e9ad8714839d072?s=96&d=robohash&r=g\",\"caption\":\"Erick Loiti\u00e8re\"},\"sameAs\":[\"http:\\\/\\\/www.univ-guyane.fr\"],\"url\":\"https:\\\/\\\/www.univ-guyane.fr\\\/pt\\\/author\\\/eloitierdbz\\\/\"}]}<\/script>\n<!-- \/ Yoast SEO plugin. -->","yoast_head_json":{"title":"Exposition : \"les esclavages d\u2019hier\" &#8212; Universit\u00e9 de Guyane","description":"D\u00e9couvrez l'exposition sur l'esclavage : de l'Antiquit\u00e9 au commerce triangulaire et aux abolitions successives. Une comm\u00e9moration de l'abolition de l'esclavage en France et aux \u00c9tats-Unis.","robots":{"index":"index","follow":"follow","max-snippet":"max-snippet:-1","max-image-preview":"max-image-preview:large","max-video-preview":"max-video-preview:-1"},"canonical":"https:\/\/www.univ-guyane.fr\/pt\/2022\/06\/07\/exposition-les-esclavages-dhier\/","og_locale":"pt_BR","og_type":"article","og_title":"Exposition : \"les esclavages d\u2019hier\" &#8212; Universit\u00e9 de Guyane","og_description":"D\u00e9couvrez l'exposition sur l'esclavage : de l'Antiquit\u00e9 au commerce triangulaire et aux abolitions successives. Une comm\u00e9moration de l'abolition de l'esclavage en France et aux \u00c9tats-Unis.","og_url":"https:\/\/www.univ-guyane.fr\/pt\/2022\/06\/07\/exposition-les-esclavages-dhier\/","og_site_name":"Universit\u00e9 de Guyane","article_publisher":"https:\/\/www.facebook.com\/univguyane","article_published_time":"2022-06-07T18:36:49+00:00","article_modified_time":"2024-06-20T18:40:33+00:00","og_image":[{"width":1920,"height":1080,"url":"https:\/\/www.univ-guyane.fr\/wp-content\/uploads\/exposition-les-esclavages-d-hier-universite-de-guyane.jpg","type":"image\/jpeg"}],"author":"Erick Loiti\u00e8re","twitter_card":"summary_large_image","twitter_creator":"@univguyane","twitter_site":"@univguyane","twitter_misc":{"Escrito por":"Erick Loiti\u00e8re","Est. tempo de leitura":"2 minutos"},"schema":{"@context":"https:\/\/schema.org","@graph":[{"@type":"Article","@id":"https:\/\/www.univ-guyane.fr\/2022\/06\/07\/exposition-les-esclavages-dhier\/#article","isPartOf":{"@id":"https:\/\/www.univ-guyane.fr\/2022\/06\/07\/exposition-les-esclavages-dhier\/"},"author":{"name":"Erick Loiti\u00e8re","@id":"https:\/\/www.univ-guyane.fr\/#\/schema\/person\/86d946a28a8be51bb096ccfdf19db179"},"headline":"Exposition : \u00ab\u00a0les esclavages d\u2019hier\u00a0\u00bb","datePublished":"2022-06-07T18:36:49+00:00","dateModified":"2024-06-20T18:40:33+00:00","mainEntityOfPage":{"@id":"https:\/\/www.univ-guyane.fr\/2022\/06\/07\/exposition-les-esclavages-dhier\/"},"wordCount":505,"publisher":{"@id":"https:\/\/www.univ-guyane.fr\/#organization"},"image":{"@id":"https:\/\/www.univ-guyane.fr\/2022\/06\/07\/exposition-les-esclavages-dhier\/#primaryimage"},"thumbnailUrl":"https:\/\/www.univ-guyane.fr\/wp-content\/uploads\/exposition-les-esclavages-d-hier-universite-de-guyane.jpg","articleSection":["\u2022 Biblioth\u00e8que"],"inLanguage":"pt-BR"},{"@type":"WebPage","@id":"https:\/\/www.univ-guyane.fr\/2022\/06\/07\/exposition-les-esclavages-dhier\/","url":"https:\/\/www.univ-guyane.fr\/2022\/06\/07\/exposition-les-esclavages-dhier\/","name":"Exposition : \"les esclavages d\u2019hier\" &#8212; Universit\u00e9 de Guyane","isPartOf":{"@id":"https:\/\/www.univ-guyane.fr\/#website"},"primaryImageOfPage":{"@id":"https:\/\/www.univ-guyane.fr\/2022\/06\/07\/exposition-les-esclavages-dhier\/#primaryimage"},"image":{"@id":"https:\/\/www.univ-guyane.fr\/2022\/06\/07\/exposition-les-esclavages-dhier\/#primaryimage"},"thumbnailUrl":"https:\/\/www.univ-guyane.fr\/wp-content\/uploads\/exposition-les-esclavages-d-hier-universite-de-guyane.jpg","datePublished":"2022-06-07T18:36:49+00:00","dateModified":"2024-06-20T18:40:33+00:00","description":"D\u00e9couvrez l'exposition sur l'esclavage : de l'Antiquit\u00e9 au commerce triangulaire et aux abolitions successives. Une comm\u00e9moration de l'abolition de l'esclavage en France et aux \u00c9tats-Unis.","breadcrumb":{"@id":"https:\/\/www.univ-guyane.fr\/2022\/06\/07\/exposition-les-esclavages-dhier\/#breadcrumb"},"inLanguage":"pt-BR","potentialAction":[{"@type":"ReadAction","target":["https:\/\/www.univ-guyane.fr\/2022\/06\/07\/exposition-les-esclavages-dhier\/"]}]},{"@type":"ImageObject","inLanguage":"pt-BR","@id":"https:\/\/www.univ-guyane.fr\/2022\/06\/07\/exposition-les-esclavages-dhier\/#primaryimage","url":"https:\/\/www.univ-guyane.fr\/wp-content\/uploads\/exposition-les-esclavages-d-hier-universite-de-guyane.jpg","contentUrl":"https:\/\/www.univ-guyane.fr\/wp-content\/uploads\/exposition-les-esclavages-d-hier-universite-de-guyane.jpg","width":1920,"height":1080,"caption":"Exposition : \"les esclavages d\u2019hier\""},{"@type":"BreadcrumbList","@id":"https:\/\/www.univ-guyane.fr\/2022\/06\/07\/exposition-les-esclavages-dhier\/#breadcrumb","itemListElement":[{"@type":"ListItem","position":1,"name":"Accueil","item":"https:\/\/www.univ-guyane.fr\/"},{"@type":"ListItem","position":2,"name":"Exposition : \u00ab\u00a0les esclavages d\u2019hier\u00a0\u00bb"}]},{"@type":"WebSite","@id":"https:\/\/www.univ-guyane.fr\/#website","url":"https:\/\/www.univ-guyane.fr\/","name":"Universidade da Guiana","description":"No cora\u00e7\u00e3o da Amaz\u00f4nia","publisher":{"@id":"https:\/\/www.univ-guyane.fr\/#organization"},"alternateName":"UG","potentialAction":[{"@type":"SearchAction","target":{"@type":"EntryPoint","urlTemplate":"https:\/\/www.univ-guyane.fr\/?s={search_term_string}"},"query-input":{"@type":"PropertyValueSpecification","valueRequired":true,"valueName":"search_term_string"}}],"inLanguage":"pt-BR"},{"@type":"Organization","@id":"https:\/\/www.univ-guyane.fr\/#organization","name":"Universidade da Guiana","alternateName":"UG","url":"https:\/\/www.univ-guyane.fr\/","logo":{"@type":"ImageObject","inLanguage":"pt-BR","@id":"https:\/\/www.univ-guyane.fr\/#\/schema\/logo\/image\/","url":"https:\/\/www.univ-guyane.fr\/wp-content\/uploads\/2024\/05\/f.png","contentUrl":"https:\/\/www.univ-guyane.fr\/wp-content\/uploads\/2024\/05\/f.png","width":1024,"height":1024,"caption":"Universit\u00e9 de Guyane"},"image":{"@id":"https:\/\/www.univ-guyane.fr\/#\/schema\/logo\/image\/"},"sameAs":["https:\/\/www.facebook.com\/univguyane","https:\/\/x.com\/univguyane","https:\/\/gf.linkedin.com\/school\/universite-de-guyane\/","https:\/\/www.instagram.com\/univ_guyane\/"]},{"@type":"Person","@id":"https:\/\/www.univ-guyane.fr\/#\/schema\/person\/86d946a28a8be51bb096ccfdf19db179","name":"Erick Loiti\u00e8re","image":{"@type":"ImageObject","inLanguage":"pt-BR","@id":"https:\/\/secure.gravatar.com\/avatar\/0584f332103fbeaf37e52c73b15dca3c547fd9300deb05764e9ad8714839d072?s=96&d=robohash&r=g","url":"https:\/\/secure.gravatar.com\/avatar\/0584f332103fbeaf37e52c73b15dca3c547fd9300deb05764e9ad8714839d072?s=96&d=robohash&r=g","contentUrl":"https:\/\/secure.gravatar.com\/avatar\/0584f332103fbeaf37e52c73b15dca3c547fd9300deb05764e9ad8714839d072?s=96&d=robohash&r=g","caption":"Erick Loiti\u00e8re"},"sameAs":["http:\/\/www.univ-guyane.fr"],"url":"https:\/\/www.univ-guyane.fr\/pt\/author\/eloitierdbz\/"}]}},"_links":{"self":[{"href":"https:\/\/www.univ-guyane.fr\/pt\/wp-json\/wp\/v2\/posts\/8892","targetHints":{"allow":["GET"]}}],"collection":[{"href":"https:\/\/www.univ-guyane.fr\/pt\/wp-json\/wp\/v2\/posts"}],"about":[{"href":"https:\/\/www.univ-guyane.fr\/pt\/wp-json\/wp\/v2\/types\/post"}],"author":[{"embeddable":true,"href":"https:\/\/www.univ-guyane.fr\/pt\/wp-json\/wp\/v2\/users\/1"}],"replies":[{"embeddable":true,"href":"https:\/\/www.univ-guyane.fr\/pt\/wp-json\/wp\/v2\/comments?post=8892"}],"version-history":[{"count":2,"href":"https:\/\/www.univ-guyane.fr\/pt\/wp-json\/wp\/v2\/posts\/8892\/revisions"}],"predecessor-version":[{"id":8895,"href":"https:\/\/www.univ-guyane.fr\/pt\/wp-json\/wp\/v2\/posts\/8892\/revisions\/8895"}],"wp:featuredmedia":[{"embeddable":true,"href":"https:\/\/www.univ-guyane.fr\/pt\/wp-json\/wp\/v2\/media\/8893"}],"wp:attachment":[{"href":"https:\/\/www.univ-guyane.fr\/pt\/wp-json\/wp\/v2\/media?parent=8892"}],"wp:term":[{"taxonomy":"category","embeddable":true,"href":"https:\/\/www.univ-guyane.fr\/pt\/wp-json\/wp\/v2\/categories?post=8892"},{"taxonomy":"post_tag","embeddable":true,"href":"https:\/\/www.univ-guyane.fr\/pt\/wp-json\/wp\/v2\/tags?post=8892"}],"curies":[{"name":"wp","href":"https:\/\/api.w.org\/{rel}","templated":true}]}}