{"id":8955,"date":"2022-09-12T09:47:45","date_gmt":"2022-09-12T12:47:45","guid":{"rendered":"https:\/\/www.univ-guyane.fr\/?p=8955"},"modified":"2025-04-09T09:57:55","modified_gmt":"2025-04-09T12:57:55","slug":"nela-un-semestre-en-guyane","status":"publish","type":"post","link":"https:\/\/www.univ-guyane.fr\/pt\/2022\/09\/12\/nela-un-semestre-en-guyane\/","title":{"rendered":"Nela, meio ano na Guiana Francesa"},"content":{"rendered":"<div id=\"fws_69f478f192b6d\"  data-column-margin=\"default\" data-midnight=\"dark\"  class=\"wpb_row vc_row-fluid vc_row\"  style=\"padding-top: 0px; padding-bottom: 0px; \"><div class=\"row-bg-wrap\" data-bg-animation=\"none\" data-bg-animation-delay=\"\" data-bg-overlay=\"false\"><div class=\"inner-wrap row-bg-layer\" ><div class=\"row-bg viewport-desktop\"  style=\"\"><\/div><\/div><\/div><div class=\"row_col_wrap_12 col span_12 dark left\">\n\t<div  class=\"vc_col-sm-12 wpb_column column_container vc_column_container col no-extra-padding inherit_tablet inherit_phone\"  data-padding-pos=\"all\" data-has-bg-color=\"false\" data-bg-color=\"\" data-bg-opacity=\"1\" data-animation=\"\" data-delay=\"0\" >\n\t\t<div class=\"vc_column-inner\" >\n\t\t\t<div class=\"wpb_wrapper\">\n\t\t\t\t\n<div class=\"wpb_text_column wpb_content_element  chapo\" >\n\t<h2>Todos os anos, a Universidade da Guiana recebe v\u00e1rios alunos internacionais de pa\u00edses parceiros (por exemplo, Am\u00e9rica, \u00c1frica, Europa, etc.). A mobilidade internacional d\u00e1 a esses alunos a oportunidade de descobrir uma nova cultura, aprender novas mat\u00e9rias e conhecer novas pessoas. Esse \u00e9 o caso de N\u00e9la, uma estudante de 22 anos que veio passar um semestre em nossa universidade como parte do programa ERASMUS+. Ela nos conta sobre sua experi\u00eancia.<\/h2>\n<\/div>\n\n\n\n\n<div class=\"wpb_text_column wpb_content_element\" >\n\t<p><span class=\"nectar-dropcap\" >J <\/span>eu nome \u00e9 Nela Hou\u0161kov\u00e1, tenho 22 anos. Venho da Rep\u00fablica Tcheca, onde estou estudando filologia da l\u00edngua francesa. Filologia \u00e9 o estudo de uma civiliza\u00e7\u00e3o por meio de textos manuscritos e liter\u00e1rios. Em setembro de 2021, passei um semestre na Guiana Francesa como parte de um programa de interc\u00e2mbio universit\u00e1rio ERASMUS+.<\/p>\n<p><strong>Por que a Guiana?<br \/>\n<\/strong>Conheci a Guiana Francesa por meio de meu interesse pelas regi\u00f5es ultramarinas francesas. Eu queria observar e entender as diferen\u00e7as pol\u00edticas e, acima de tudo, culturais entre as regi\u00f5es ultramarinas da Europa e a Europa continental. A Guiana Francesa chamou minha aten\u00e7\u00e3o especialmente por causa de sua posi\u00e7\u00e3o geogr\u00e1fica, mas tamb\u00e9m porque tem fortes caracter\u00edsticas culturais e marcadores sociais, especialmente em termos de multilinguismo. Assim, entrei em contato com a Universidade da Guiana Francesa para elaborar um acordo com a minha universidade de origem. Uma vez que o acordo foi estabelecido, pude fazer um interc\u00e2mbio internacional como parte do programa ERASMUS+. Iniciei meu interc\u00e2mbio universit\u00e1rio em setembro de 2021, por um per\u00edodo de 6 meses.<\/p>\n<p><strong>Conte-nos sobre seu tempo na Guiana Francesa.<br \/>\n<\/strong>Durante esses seis meses, tive a oportunidade de visitar a Guiana Francesa. Passei v\u00e1rios dias em Saint-Georges e tamb\u00e9m fui a R\u00e9gina, Roura e Kourou. O final do meu semestre na Guiana Francesa foi marcado por uma semana de estadia em Sa\u00fcl, um ambiente natural de que gostei muito. Minha estadia me deu a oportunidade de ir ao Suriname, mas tamb\u00e9m ao Brasil durante as festividades de fim de ano, com outro aluno de mobilidade. Fomos at\u00e9 Salvador!<\/p>\n<p><strong>Qual \u00e9 sua \u00e1rea de estudo?<br \/>\n<\/strong>Estou estudando filologia francesa em Praga. Estou particularmente interessado no multilinguismo, porque a filologia n\u00e3o se limita ao estudo de idiomas por meio da literatura! Voc\u00ea tamb\u00e9m aprende tudo sobre a cultura dos pa\u00edses onde esses idiomas s\u00e3o falados e como interagir com as pessoas de acordo com seus c\u00f3digos. Voc\u00ea pode at\u00e9 observar mudan\u00e7as na personalidade dependendo do idioma que usa. Espero voltar mais tarde para entender como o idioma franc\u00eas \u00e9 usado na Guiana Francesa e as caracter\u00edsticas dos idiomas locais.<\/p>\n<p><strong>Voc\u00ea fez algum curso diferente do seu programa na Universidade de Praga?<br \/>\n<\/strong>Sim, eu me formei em literatura na Universidade da Guiana, onde estudei crioulo. Foi algo novo para mim. Consegui entender como surgiu o idioma crioulo. Foi dif\u00edcil falar e entender tudo, porque eu n\u00e3o tinha o conhecimento b\u00e1sico que os alunos locais tinham. Al\u00e9m disso, eu gostaria de ter trocado mais informa\u00e7\u00f5es com eles. Gostei muito de nossa professora de crioulo; sua boa energia deixou uma impress\u00e3o duradoura em mim e enriqueceu minha vida. Durante o semestre, estudei novas mat\u00e9rias equivalentes ao curr\u00edculo de minha universidade de origem, como sociolingu\u00edstica, literatura do s\u00e9culo XX e lexicologia. Essas mat\u00e9rias n\u00e3o faziam parte do meu curr\u00edculo na Universidade de Praga, ent\u00e3o as escolhi para saber mais, mas tamb\u00e9m porque est\u00e3o de acordo com minha forma\u00e7\u00e3o original.<\/p>\n<p><strong>Voc\u00ea conheceu pessoas novas?<br \/>\n<\/strong>Durante minha estada, tive a oportunidade de conhecer novas pessoas, embora tenha sido relativamente dif\u00edcil me aproximar dos alunos locais. Conheci pessoas de fora da Guiana que estavam visitando. Fiquei mais pr\u00f3ximo dos alunos m\u00f3veis e tamb\u00e9m do meu colega de apartamento argentino, com quem me diverti muito.<\/p>\n<\/div>\n\n\n\n\n\t\t\t<\/div> \n\t\t<\/div>\n\t<\/div> \n<\/div><\/div>","protected":false},"excerpt":{"rendered":"Todos os anos, a Universidade da Guiana Francesa recebe v\u00e1rios estudantes internacionais de pa\u00edses parceiros (por exemplo, Estados Unidos,...","protected":false},"author":1,"featured_media":8956,"comment_status":"closed","ping_status":"open","sticky":false,"template":"","format":"standard","meta":{"iawp_total_views":126,"footnotes":""},"categories":[196,276],"tags":[197],"class_list":{"0":"post-8955","1":"post","2":"type-post","3":"status-publish","4":"format-standard","5":"has-post-thumbnail","7":"category-portraits","8":"category-temoignage-erasmus","9":"tag-portraits"},"yoast_head":"<!-- This site is optimized with the Yoast SEO plugin v27.5 - https:\/\/yoast.com\/product\/yoast-seo-wordpress\/ -->\n<title>Nela, un semestre en Guyane &#8212; Universit\u00e9 de Guyane<\/title>\n<meta name=\"description\" content=\"Partagez mon exp\u00e9rience unique d&#039;un semestre en Guyane, ses particularit\u00e9s culturelles et son plurilinguisme fascinant.\" \/>\n<meta name=\"robots\" content=\"index, follow, max-snippet:-1, max-image-preview:large, max-video-preview:-1\" \/>\n<link rel=\"canonical\" href=\"https:\/\/www.univ-guyane.fr\/pt\/2022\/09\/12\/nela-un-semestre-en-guyane\/\" \/>\n<meta property=\"og:locale\" content=\"pt_BR\" \/>\n<meta property=\"og:type\" content=\"article\" \/>\n<meta property=\"og:title\" content=\"Nela, un semestre en Guyane &#8212; Universit\u00e9 de Guyane\" \/>\n<meta property=\"og:description\" content=\"Partagez mon exp\u00e9rience unique d&#039;un semestre en Guyane, ses particularit\u00e9s culturelles et son plurilinguisme fascinant.\" \/>\n<meta property=\"og:url\" content=\"https:\/\/www.univ-guyane.fr\/pt\/2022\/09\/12\/nela-un-semestre-en-guyane\/\" \/>\n<meta property=\"og:site_name\" content=\"Universit\u00e9 de Guyane\" \/>\n<meta property=\"article:publisher\" content=\"https:\/\/www.facebook.com\/univguyane\" \/>\n<meta property=\"article:published_time\" content=\"2022-09-12T12:47:45+00:00\" \/>\n<meta property=\"article:modified_time\" content=\"2025-04-09T12:57:55+00:00\" \/>\n<meta property=\"og:image\" content=\"https:\/\/www.univ-guyane.fr\/wp-content\/uploads\/nela-houskova-etudiante-erasmus-plus-universite-de-guyane.jpeg\" \/>\n\t<meta property=\"og:image:width\" content=\"2000\" \/>\n\t<meta property=\"og:image:height\" content=\"1333\" \/>\n\t<meta property=\"og:image:type\" content=\"image\/jpeg\" \/>\n<meta name=\"author\" content=\"Erick Loiti\u00e8re\" \/>\n<meta name=\"twitter:card\" content=\"summary_large_image\" \/>\n<meta name=\"twitter:creator\" content=\"@univguyane\" \/>\n<meta name=\"twitter:site\" content=\"@univguyane\" \/>\n<meta name=\"twitter:label1\" content=\"Escrito por\" \/>\n\t<meta name=\"twitter:data1\" content=\"Erick Loiti\u00e8re\" \/>\n\t<meta name=\"twitter:label2\" content=\"Est. tempo de leitura\" \/>\n\t<meta name=\"twitter:data2\" content=\"4 minutos\" \/>\n<script type=\"application\/ld+json\" class=\"yoast-schema-graph\">{\"@context\":\"https:\\\/\\\/schema.org\",\"@graph\":[{\"@type\":\"Article\",\"@id\":\"https:\\\/\\\/www.univ-guyane.fr\\\/2022\\\/09\\\/12\\\/nela-un-semestre-en-guyane\\\/#article\",\"isPartOf\":{\"@id\":\"https:\\\/\\\/www.univ-guyane.fr\\\/2022\\\/09\\\/12\\\/nela-un-semestre-en-guyane\\\/\"},\"author\":{\"name\":\"Erick Loiti\u00e8re\",\"@id\":\"https:\\\/\\\/www.univ-guyane.fr\\\/#\\\/schema\\\/person\\\/86d946a28a8be51bb096ccfdf19db179\"},\"headline\":\"Nela, un semestre en Guyane\",\"datePublished\":\"2022-09-12T12:47:45+00:00\",\"dateModified\":\"2025-04-09T12:57:55+00:00\",\"mainEntityOfPage\":{\"@id\":\"https:\\\/\\\/www.univ-guyane.fr\\\/2022\\\/09\\\/12\\\/nela-un-semestre-en-guyane\\\/\"},\"wordCount\":917,\"publisher\":{\"@id\":\"https:\\\/\\\/www.univ-guyane.fr\\\/#organization\"},\"image\":{\"@id\":\"https:\\\/\\\/www.univ-guyane.fr\\\/2022\\\/09\\\/12\\\/nela-un-semestre-en-guyane\\\/#primaryimage\"},\"thumbnailUrl\":\"https:\\\/\\\/www.univ-guyane.fr\\\/wp-content\\\/uploads\\\/nela-houskova-etudiante-erasmus-plus-universite-de-guyane.jpeg\",\"keywords\":[\"Portraits\"],\"articleSection\":[\"\u2022\u00a0Portraits\",\"Temoignage Erasmus\"],\"inLanguage\":\"pt-BR\"},{\"@type\":\"WebPage\",\"@id\":\"https:\\\/\\\/www.univ-guyane.fr\\\/2022\\\/09\\\/12\\\/nela-un-semestre-en-guyane\\\/\",\"url\":\"https:\\\/\\\/www.univ-guyane.fr\\\/2022\\\/09\\\/12\\\/nela-un-semestre-en-guyane\\\/\",\"name\":\"Nela, un semestre en Guyane &#8212; Universit\u00e9 de Guyane\",\"isPartOf\":{\"@id\":\"https:\\\/\\\/www.univ-guyane.fr\\\/#website\"},\"primaryImageOfPage\":{\"@id\":\"https:\\\/\\\/www.univ-guyane.fr\\\/2022\\\/09\\\/12\\\/nela-un-semestre-en-guyane\\\/#primaryimage\"},\"image\":{\"@id\":\"https:\\\/\\\/www.univ-guyane.fr\\\/2022\\\/09\\\/12\\\/nela-un-semestre-en-guyane\\\/#primaryimage\"},\"thumbnailUrl\":\"https:\\\/\\\/www.univ-guyane.fr\\\/wp-content\\\/uploads\\\/nela-houskova-etudiante-erasmus-plus-universite-de-guyane.jpeg\",\"datePublished\":\"2022-09-12T12:47:45+00:00\",\"dateModified\":\"2025-04-09T12:57:55+00:00\",\"description\":\"Partagez mon exp\u00e9rience unique d'un semestre en Guyane, ses particularit\u00e9s culturelles et son plurilinguisme fascinant.\",\"breadcrumb\":{\"@id\":\"https:\\\/\\\/www.univ-guyane.fr\\\/2022\\\/09\\\/12\\\/nela-un-semestre-en-guyane\\\/#breadcrumb\"},\"inLanguage\":\"pt-BR\",\"potentialAction\":[{\"@type\":\"ReadAction\",\"target\":[\"https:\\\/\\\/www.univ-guyane.fr\\\/2022\\\/09\\\/12\\\/nela-un-semestre-en-guyane\\\/\"]}]},{\"@type\":\"ImageObject\",\"inLanguage\":\"pt-BR\",\"@id\":\"https:\\\/\\\/www.univ-guyane.fr\\\/2022\\\/09\\\/12\\\/nela-un-semestre-en-guyane\\\/#primaryimage\",\"url\":\"https:\\\/\\\/www.univ-guyane.fr\\\/wp-content\\\/uploads\\\/nela-houskova-etudiante-erasmus-plus-universite-de-guyane.jpeg\",\"contentUrl\":\"https:\\\/\\\/www.univ-guyane.fr\\\/wp-content\\\/uploads\\\/nela-houskova-etudiante-erasmus-plus-universite-de-guyane.jpeg\",\"width\":2000,\"height\":1333,\"caption\":\"Nela, un semestre en Guyane\"},{\"@type\":\"BreadcrumbList\",\"@id\":\"https:\\\/\\\/www.univ-guyane.fr\\\/2022\\\/09\\\/12\\\/nela-un-semestre-en-guyane\\\/#breadcrumb\",\"itemListElement\":[{\"@type\":\"ListItem\",\"position\":1,\"name\":\"Accueil\",\"item\":\"https:\\\/\\\/www.univ-guyane.fr\\\/\"},{\"@type\":\"ListItem\",\"position\":2,\"name\":\"Nela, un semestre en Guyane\"}]},{\"@type\":\"WebSite\",\"@id\":\"https:\\\/\\\/www.univ-guyane.fr\\\/#website\",\"url\":\"https:\\\/\\\/www.univ-guyane.fr\\\/\",\"name\":\"Universit\u00e9 de Guyane\",\"description\":\"Au c\u0153ur de l&#039;amazonie\",\"publisher\":{\"@id\":\"https:\\\/\\\/www.univ-guyane.fr\\\/#organization\"},\"alternateName\":\"UG\",\"potentialAction\":[{\"@type\":\"SearchAction\",\"target\":{\"@type\":\"EntryPoint\",\"urlTemplate\":\"https:\\\/\\\/www.univ-guyane.fr\\\/?s={search_term_string}\"},\"query-input\":{\"@type\":\"PropertyValueSpecification\",\"valueRequired\":true,\"valueName\":\"search_term_string\"}}],\"inLanguage\":\"pt-BR\"},{\"@type\":\"Organization\",\"@id\":\"https:\\\/\\\/www.univ-guyane.fr\\\/#organization\",\"name\":\"Universit\u00e9 de Guyane\",\"alternateName\":\"UG\",\"url\":\"https:\\\/\\\/www.univ-guyane.fr\\\/\",\"logo\":{\"@type\":\"ImageObject\",\"inLanguage\":\"pt-BR\",\"@id\":\"https:\\\/\\\/www.univ-guyane.fr\\\/#\\\/schema\\\/logo\\\/image\\\/\",\"url\":\"https:\\\/\\\/www.univ-guyane.fr\\\/wp-content\\\/uploads\\\/2024\\\/05\\\/f.png\",\"contentUrl\":\"https:\\\/\\\/www.univ-guyane.fr\\\/wp-content\\\/uploads\\\/2024\\\/05\\\/f.png\",\"width\":1024,\"height\":1024,\"caption\":\"Universit\u00e9 de Guyane\"},\"image\":{\"@id\":\"https:\\\/\\\/www.univ-guyane.fr\\\/#\\\/schema\\\/logo\\\/image\\\/\"},\"sameAs\":[\"https:\\\/\\\/www.facebook.com\\\/univguyane\",\"https:\\\/\\\/x.com\\\/univguyane\",\"https:\\\/\\\/gf.linkedin.com\\\/school\\\/universite-de-guyane\\\/\",\"https:\\\/\\\/www.instagram.com\\\/univ_guyane\\\/\"]},{\"@type\":\"Person\",\"@id\":\"https:\\\/\\\/www.univ-guyane.fr\\\/#\\\/schema\\\/person\\\/86d946a28a8be51bb096ccfdf19db179\",\"name\":\"Erick Loiti\u00e8re\",\"image\":{\"@type\":\"ImageObject\",\"inLanguage\":\"pt-BR\",\"@id\":\"https:\\\/\\\/secure.gravatar.com\\\/avatar\\\/0584f332103fbeaf37e52c73b15dca3c547fd9300deb05764e9ad8714839d072?s=96&d=robohash&r=g\",\"url\":\"https:\\\/\\\/secure.gravatar.com\\\/avatar\\\/0584f332103fbeaf37e52c73b15dca3c547fd9300deb05764e9ad8714839d072?s=96&d=robohash&r=g\",\"contentUrl\":\"https:\\\/\\\/secure.gravatar.com\\\/avatar\\\/0584f332103fbeaf37e52c73b15dca3c547fd9300deb05764e9ad8714839d072?s=96&d=robohash&r=g\",\"caption\":\"Erick Loiti\u00e8re\"},\"sameAs\":[\"http:\\\/\\\/www.univ-guyane.fr\"],\"url\":\"https:\\\/\\\/www.univ-guyane.fr\\\/pt\\\/author\\\/eloitierdbz\\\/\"}]}<\/script>\n<!-- \/ Yoast SEO plugin. -->","yoast_head_json":{"title":"Nela, un semestre en Guyane &#8212; Universit\u00e9 de Guyane","description":"Partagez mon exp\u00e9rience unique d'un semestre en Guyane, ses particularit\u00e9s culturelles et son plurilinguisme fascinant.","robots":{"index":"index","follow":"follow","max-snippet":"max-snippet:-1","max-image-preview":"max-image-preview:large","max-video-preview":"max-video-preview:-1"},"canonical":"https:\/\/www.univ-guyane.fr\/pt\/2022\/09\/12\/nela-un-semestre-en-guyane\/","og_locale":"pt_BR","og_type":"article","og_title":"Nela, un semestre en Guyane &#8212; Universit\u00e9 de Guyane","og_description":"Partagez mon exp\u00e9rience unique d'un semestre en Guyane, ses particularit\u00e9s culturelles et son plurilinguisme fascinant.","og_url":"https:\/\/www.univ-guyane.fr\/pt\/2022\/09\/12\/nela-un-semestre-en-guyane\/","og_site_name":"Universit\u00e9 de Guyane","article_publisher":"https:\/\/www.facebook.com\/univguyane","article_published_time":"2022-09-12T12:47:45+00:00","article_modified_time":"2025-04-09T12:57:55+00:00","og_image":[{"width":2000,"height":1333,"url":"https:\/\/www.univ-guyane.fr\/wp-content\/uploads\/nela-houskova-etudiante-erasmus-plus-universite-de-guyane.jpeg","type":"image\/jpeg"}],"author":"Erick Loiti\u00e8re","twitter_card":"summary_large_image","twitter_creator":"@univguyane","twitter_site":"@univguyane","twitter_misc":{"Escrito por":"Erick Loiti\u00e8re","Est. tempo de leitura":"4 minutos"},"schema":{"@context":"https:\/\/schema.org","@graph":[{"@type":"Article","@id":"https:\/\/www.univ-guyane.fr\/2022\/09\/12\/nela-un-semestre-en-guyane\/#article","isPartOf":{"@id":"https:\/\/www.univ-guyane.fr\/2022\/09\/12\/nela-un-semestre-en-guyane\/"},"author":{"name":"Erick Loiti\u00e8re","@id":"https:\/\/www.univ-guyane.fr\/#\/schema\/person\/86d946a28a8be51bb096ccfdf19db179"},"headline":"Nela, un semestre en Guyane","datePublished":"2022-09-12T12:47:45+00:00","dateModified":"2025-04-09T12:57:55+00:00","mainEntityOfPage":{"@id":"https:\/\/www.univ-guyane.fr\/2022\/09\/12\/nela-un-semestre-en-guyane\/"},"wordCount":917,"publisher":{"@id":"https:\/\/www.univ-guyane.fr\/#organization"},"image":{"@id":"https:\/\/www.univ-guyane.fr\/2022\/09\/12\/nela-un-semestre-en-guyane\/#primaryimage"},"thumbnailUrl":"https:\/\/www.univ-guyane.fr\/wp-content\/uploads\/nela-houskova-etudiante-erasmus-plus-universite-de-guyane.jpeg","keywords":["Portraits"],"articleSection":["\u2022\u00a0Portraits","Temoignage Erasmus"],"inLanguage":"pt-BR"},{"@type":"WebPage","@id":"https:\/\/www.univ-guyane.fr\/2022\/09\/12\/nela-un-semestre-en-guyane\/","url":"https:\/\/www.univ-guyane.fr\/2022\/09\/12\/nela-un-semestre-en-guyane\/","name":"Nela, un semestre en Guyane &#8212; Universit\u00e9 de Guyane","isPartOf":{"@id":"https:\/\/www.univ-guyane.fr\/#website"},"primaryImageOfPage":{"@id":"https:\/\/www.univ-guyane.fr\/2022\/09\/12\/nela-un-semestre-en-guyane\/#primaryimage"},"image":{"@id":"https:\/\/www.univ-guyane.fr\/2022\/09\/12\/nela-un-semestre-en-guyane\/#primaryimage"},"thumbnailUrl":"https:\/\/www.univ-guyane.fr\/wp-content\/uploads\/nela-houskova-etudiante-erasmus-plus-universite-de-guyane.jpeg","datePublished":"2022-09-12T12:47:45+00:00","dateModified":"2025-04-09T12:57:55+00:00","description":"Partagez mon exp\u00e9rience unique d'un semestre en Guyane, ses particularit\u00e9s culturelles et son plurilinguisme fascinant.","breadcrumb":{"@id":"https:\/\/www.univ-guyane.fr\/2022\/09\/12\/nela-un-semestre-en-guyane\/#breadcrumb"},"inLanguage":"pt-BR","potentialAction":[{"@type":"ReadAction","target":["https:\/\/www.univ-guyane.fr\/2022\/09\/12\/nela-un-semestre-en-guyane\/"]}]},{"@type":"ImageObject","inLanguage":"pt-BR","@id":"https:\/\/www.univ-guyane.fr\/2022\/09\/12\/nela-un-semestre-en-guyane\/#primaryimage","url":"https:\/\/www.univ-guyane.fr\/wp-content\/uploads\/nela-houskova-etudiante-erasmus-plus-universite-de-guyane.jpeg","contentUrl":"https:\/\/www.univ-guyane.fr\/wp-content\/uploads\/nela-houskova-etudiante-erasmus-plus-universite-de-guyane.jpeg","width":2000,"height":1333,"caption":"Nela, un semestre en Guyane"},{"@type":"BreadcrumbList","@id":"https:\/\/www.univ-guyane.fr\/2022\/09\/12\/nela-un-semestre-en-guyane\/#breadcrumb","itemListElement":[{"@type":"ListItem","position":1,"name":"Accueil","item":"https:\/\/www.univ-guyane.fr\/"},{"@type":"ListItem","position":2,"name":"Nela, un semestre en Guyane"}]},{"@type":"WebSite","@id":"https:\/\/www.univ-guyane.fr\/#website","url":"https:\/\/www.univ-guyane.fr\/","name":"Universidade da Guiana","description":"No cora\u00e7\u00e3o da Amaz\u00f4nia","publisher":{"@id":"https:\/\/www.univ-guyane.fr\/#organization"},"alternateName":"UG","potentialAction":[{"@type":"SearchAction","target":{"@type":"EntryPoint","urlTemplate":"https:\/\/www.univ-guyane.fr\/?s={search_term_string}"},"query-input":{"@type":"PropertyValueSpecification","valueRequired":true,"valueName":"search_term_string"}}],"inLanguage":"pt-BR"},{"@type":"Organization","@id":"https:\/\/www.univ-guyane.fr\/#organization","name":"Universidade da Guiana","alternateName":"UG","url":"https:\/\/www.univ-guyane.fr\/","logo":{"@type":"ImageObject","inLanguage":"pt-BR","@id":"https:\/\/www.univ-guyane.fr\/#\/schema\/logo\/image\/","url":"https:\/\/www.univ-guyane.fr\/wp-content\/uploads\/2024\/05\/f.png","contentUrl":"https:\/\/www.univ-guyane.fr\/wp-content\/uploads\/2024\/05\/f.png","width":1024,"height":1024,"caption":"Universit\u00e9 de Guyane"},"image":{"@id":"https:\/\/www.univ-guyane.fr\/#\/schema\/logo\/image\/"},"sameAs":["https:\/\/www.facebook.com\/univguyane","https:\/\/x.com\/univguyane","https:\/\/gf.linkedin.com\/school\/universite-de-guyane\/","https:\/\/www.instagram.com\/univ_guyane\/"]},{"@type":"Person","@id":"https:\/\/www.univ-guyane.fr\/#\/schema\/person\/86d946a28a8be51bb096ccfdf19db179","name":"Erick Loiti\u00e8re","image":{"@type":"ImageObject","inLanguage":"pt-BR","@id":"https:\/\/secure.gravatar.com\/avatar\/0584f332103fbeaf37e52c73b15dca3c547fd9300deb05764e9ad8714839d072?s=96&d=robohash&r=g","url":"https:\/\/secure.gravatar.com\/avatar\/0584f332103fbeaf37e52c73b15dca3c547fd9300deb05764e9ad8714839d072?s=96&d=robohash&r=g","contentUrl":"https:\/\/secure.gravatar.com\/avatar\/0584f332103fbeaf37e52c73b15dca3c547fd9300deb05764e9ad8714839d072?s=96&d=robohash&r=g","caption":"Erick Loiti\u00e8re"},"sameAs":["http:\/\/www.univ-guyane.fr"],"url":"https:\/\/www.univ-guyane.fr\/pt\/author\/eloitierdbz\/"}]}},"_links":{"self":[{"href":"https:\/\/www.univ-guyane.fr\/pt\/wp-json\/wp\/v2\/posts\/8955","targetHints":{"allow":["GET"]}}],"collection":[{"href":"https:\/\/www.univ-guyane.fr\/pt\/wp-json\/wp\/v2\/posts"}],"about":[{"href":"https:\/\/www.univ-guyane.fr\/pt\/wp-json\/wp\/v2\/types\/post"}],"author":[{"embeddable":true,"href":"https:\/\/www.univ-guyane.fr\/pt\/wp-json\/wp\/v2\/users\/1"}],"replies":[{"embeddable":true,"href":"https:\/\/www.univ-guyane.fr\/pt\/wp-json\/wp\/v2\/comments?post=8955"}],"version-history":[{"count":1,"href":"https:\/\/www.univ-guyane.fr\/pt\/wp-json\/wp\/v2\/posts\/8955\/revisions"}],"predecessor-version":[{"id":8957,"href":"https:\/\/www.univ-guyane.fr\/pt\/wp-json\/wp\/v2\/posts\/8955\/revisions\/8957"}],"wp:featuredmedia":[{"embeddable":true,"href":"https:\/\/www.univ-guyane.fr\/pt\/wp-json\/wp\/v2\/media\/8956"}],"wp:attachment":[{"href":"https:\/\/www.univ-guyane.fr\/pt\/wp-json\/wp\/v2\/media?parent=8955"}],"wp:term":[{"taxonomy":"category","embeddable":true,"href":"https:\/\/www.univ-guyane.fr\/pt\/wp-json\/wp\/v2\/categories?post=8955"},{"taxonomy":"post_tag","embeddable":true,"href":"https:\/\/www.univ-guyane.fr\/pt\/wp-json\/wp\/v2\/tags?post=8955"}],"curies":[{"name":"wp","href":"https:\/\/api.w.org\/{rel}","templated":true}]}}