{"id":8958,"date":"2022-07-08T09:51:38","date_gmt":"2022-07-08T12:51:38","guid":{"rendered":"https:\/\/www.univ-guyane.fr\/?p=8958"},"modified":"2024-07-12T13:47:16","modified_gmt":"2024-07-12T16:47:16","slug":"juno-fortune","status":"publish","type":"post","link":"https:\/\/www.univ-guyane.fr\/pt\/2022\/07\/08\/juno-fortune\/","title":{"rendered":"Juno Fortun\u00e9"},"content":{"rendered":"<div id=\"fws_69f3c6cb92dda\"  data-column-margin=\"default\" data-midnight=\"dark\"  class=\"wpb_row vc_row-fluid vc_row\"  style=\"padding-top: 0px; padding-bottom: 0px; \"><div class=\"row-bg-wrap\" data-bg-animation=\"none\" data-bg-animation-delay=\"\" data-bg-overlay=\"false\"><div class=\"inner-wrap row-bg-layer\" ><div class=\"row-bg viewport-desktop\"  style=\"\"><\/div><\/div><\/div><div class=\"row_col_wrap_12 col span_12 dark left\">\n\t<div  class=\"vc_col-sm-12 wpb_column column_container vc_column_container col no-extra-padding inherit_tablet inherit_phone\"  data-padding-pos=\"all\" data-has-bg-color=\"false\" data-bg-color=\"\" data-bg-opacity=\"1\" data-animation=\"\" data-delay=\"0\" >\n\t\t<div class=\"vc_column-inner\" >\n\t\t\t<div class=\"wpb_wrapper\">\n\t\t\t\t\n<div class=\"wpb_text_column wpb_content_element\" >\n\t<h3><strong>Sobre voc\u00ea?<\/strong><\/h3>\n<p><em>Fale-nos sobre voc\u00ea<\/em><\/p>\n<p>Meu nome \u00e9 Juno, tenho 22 anos. Sou um agente de desenvolvimento local. Dou suporte a pessoas que querem abrir seus pr\u00f3prios neg\u00f3cios. Ao mesmo tempo, tamb\u00e9m sou propriet\u00e1ria de uma empresa. H\u00e1 cerca de um ano, meu irm\u00e3o e eu criamos uma microempresa chamada Royal Spa.<\/p>\n<h3><strong>Sua empresa<\/strong><\/h3>\n<p><em>Voc\u00ea pode nos falar sobre seu trabalho? O que ele envolve?<\/em><\/p>\n<p>Eu uso dois chap\u00e9us. Sou um oficial de desenvolvimento local e, h\u00e1 alguns meses, estou administrando meu pr\u00f3prio neg\u00f3cio. Meu neg\u00f3cio gira em torno do bem-estar pessoal. Os servi\u00e7os que oferecemos s\u00e3o o aluguel de equipamentos, como jacuzzis em casa. Tamb\u00e9m oferecemos outros servi\u00e7os complementares aos nossos clientes, como massagens e servi\u00e7o de jantar. Eu cuido principalmente da parte administrativa da organiza\u00e7\u00e3o. Meu irm\u00e3o, por outro lado, cuida da log\u00edstica no local. Ele monta, desmonta e faz a manuten\u00e7\u00e3o dos equipamentos que disponibilizamos durante o per\u00edodo de aluguel.<\/p>\n<p><em>O que voc\u00ea gosta em seu trabalho?<\/em><\/p>\n<p>O que eu gosto na administra\u00e7\u00e3o desta empresa \u00e9 poder ter novas ideias e contribuir para o desenvolvimento do Royal Spa.<\/p>\n<p><em>Como voc\u00ea concilia suas duas atividades?<\/em><\/p>\n<p>No que diz respeito \u00e0 administra\u00e7\u00e3o de minhas tarefas, permanecendo no setor empresarial, n\u00e3o h\u00e1 dificuldades reais. \u00c9 claro que isso exige um senso de organiza\u00e7\u00e3o para que eu possa dar o melhor de mim diariamente em minhas duas atividades.<\/p>\n<h3><strong>Seus cursos de treinamento<\/strong><\/h3>\n<p><em>Conte-nos sobre seu treinamento. Que curso voc\u00ea fez?<\/em><\/p>\n<p>Antes de ingressar na Universidade da Guiana, obtive meu bacharelado em Gest\u00e3o Organizacional. Em seguida, fiz um DUT em T\u00e9cnicas de Marketing na Universidade da Guiana. Esse curso de dois anos permitiu que eu me candidatasse \u00e0 Licen\u00e7a Profissional em Gest\u00e3o Organizacional oferecida pela UG.<\/p>\n<p><em>Por que voc\u00ea escolheu esses cursos?<\/em><\/p>\n<p>Foi esse curso que me levou ao mundo do empreendedorismo. No futuro, espero poder liberar algum tempo para fazer o MAE (Administra\u00e7\u00e3o e Gerenciamento de Neg\u00f3cios). Minhas diferentes fun\u00e7\u00f5es e o tempo que dedico \u00e0 minha vida pessoal n\u00e3o permitem que eu me concentre em uma nova atividade no momento.<\/p>\n<p><em>Voc\u00ea quer fazer um mestrado?<\/em><\/p>\n<p>Foi esse curso que me levou ao mundo do empreendedorismo. No futuro, espero poder liberar algum tempo para fazer o MAE (Administra\u00e7\u00e3o e Gerenciamento de Neg\u00f3cios). Minhas diferentes fun\u00e7\u00f5es e o tempo que dedico \u00e0 minha vida pessoal n\u00e3o permitem que eu me concentre em uma nova atividade no momento.<\/p>\n<\/div>\n\n\n\n\n\t\t\t<\/div> \n\t\t<\/div>\n\t<\/div> \n<\/div><\/div>","protected":false},"excerpt":{"rendered":"Sobre voc\u00ea? Fale-nos sobre voc\u00ea Meu nome \u00e9 Juno, tenho 22 anos. Tenho...","protected":false},"author":1,"featured_media":8959,"comment_status":"closed","ping_status":"open","sticky":false,"template":"","format":"standard","meta":{"iawp_total_views":46,"footnotes":""},"categories":[196],"tags":[197],"class_list":{"0":"post-8958","1":"post","2":"type-post","3":"status-publish","4":"format-standard","5":"has-post-thumbnail","7":"category-portraits","8":"tag-portraits"},"yoast_head":"<!-- This site is optimized with the Yoast SEO plugin v27.5 - https:\/\/yoast.com\/product\/yoast-seo-wordpress\/ -->\n<title>Juno Fortun\u00e9 &#8212; Universit\u00e9 de Guyane<\/title>\n<meta name=\"description\" content=\"D\u00e9couvrez Juno Fortun\u00e9, agent de d\u00e9veloppement local et chef d&#039;entreprise. Il partage son exp\u00e9rience dans le domaine du bien-\u00eatre et de la cr\u00e9ation d&#039;entreprises.\" \/>\n<meta name=\"robots\" content=\"index, follow, max-snippet:-1, max-image-preview:large, max-video-preview:-1\" \/>\n<link rel=\"canonical\" href=\"https:\/\/www.univ-guyane.fr\/pt\/2022\/07\/08\/juno-fortune\/\" \/>\n<meta property=\"og:locale\" content=\"pt_BR\" \/>\n<meta property=\"og:type\" content=\"article\" \/>\n<meta property=\"og:title\" content=\"Juno Fortun\u00e9 &#8212; Universit\u00e9 de Guyane\" \/>\n<meta property=\"og:description\" content=\"D\u00e9couvrez Juno Fortun\u00e9, agent de d\u00e9veloppement local et chef d&#039;entreprise. Il partage son exp\u00e9rience dans le domaine du bien-\u00eatre et de la cr\u00e9ation d&#039;entreprises.\" \/>\n<meta property=\"og:url\" content=\"https:\/\/www.univ-guyane.fr\/pt\/2022\/07\/08\/juno-fortune\/\" \/>\n<meta property=\"og:site_name\" content=\"Universit\u00e9 de Guyane\" \/>\n<meta property=\"article:publisher\" content=\"https:\/\/www.facebook.com\/univguyane\" \/>\n<meta property=\"article:published_time\" content=\"2022-07-08T12:51:38+00:00\" \/>\n<meta property=\"article:modified_time\" content=\"2024-07-12T16:47:16+00:00\" \/>\n<meta property=\"og:image\" content=\"https:\/\/www.univ-guyane.fr\/wp-content\/uploads\/juno-fortune-universite-de-guyane.jpeg\" \/>\n\t<meta property=\"og:image:width\" content=\"1700\" \/>\n\t<meta property=\"og:image:height\" content=\"1133\" \/>\n\t<meta property=\"og:image:type\" content=\"image\/jpeg\" \/>\n<meta name=\"author\" content=\"Erick Loiti\u00e8re\" \/>\n<meta name=\"twitter:card\" content=\"summary_large_image\" \/>\n<meta name=\"twitter:creator\" content=\"@univguyane\" \/>\n<meta name=\"twitter:site\" content=\"@univguyane\" \/>\n<meta name=\"twitter:label1\" content=\"Escrito por\" \/>\n\t<meta name=\"twitter:data1\" content=\"Erick Loiti\u00e8re\" \/>\n\t<meta name=\"twitter:label2\" content=\"Est. tempo de leitura\" \/>\n\t<meta name=\"twitter:data2\" content=\"3 minutos\" \/>\n<script type=\"application\/ld+json\" class=\"yoast-schema-graph\">{\"@context\":\"https:\\\/\\\/schema.org\",\"@graph\":[{\"@type\":\"Article\",\"@id\":\"https:\\\/\\\/www.univ-guyane.fr\\\/2022\\\/07\\\/08\\\/juno-fortune\\\/#article\",\"isPartOf\":{\"@id\":\"https:\\\/\\\/www.univ-guyane.fr\\\/2022\\\/07\\\/08\\\/juno-fortune\\\/\"},\"author\":{\"name\":\"Erick Loiti\u00e8re\",\"@id\":\"https:\\\/\\\/www.univ-guyane.fr\\\/#\\\/schema\\\/person\\\/86d946a28a8be51bb096ccfdf19db179\"},\"headline\":\"Juno Fortun\u00e9\",\"datePublished\":\"2022-07-08T12:51:38+00:00\",\"dateModified\":\"2024-07-12T16:47:16+00:00\",\"mainEntityOfPage\":{\"@id\":\"https:\\\/\\\/www.univ-guyane.fr\\\/2022\\\/07\\\/08\\\/juno-fortune\\\/\"},\"wordCount\":662,\"publisher\":{\"@id\":\"https:\\\/\\\/www.univ-guyane.fr\\\/#organization\"},\"image\":{\"@id\":\"https:\\\/\\\/www.univ-guyane.fr\\\/2022\\\/07\\\/08\\\/juno-fortune\\\/#primaryimage\"},\"thumbnailUrl\":\"https:\\\/\\\/www.univ-guyane.fr\\\/wp-content\\\/uploads\\\/juno-fortune-universite-de-guyane.jpeg\",\"keywords\":[\"Portraits\"],\"articleSection\":[\"\u2022\u00a0Portraits\"],\"inLanguage\":\"pt-BR\"},{\"@type\":\"WebPage\",\"@id\":\"https:\\\/\\\/www.univ-guyane.fr\\\/2022\\\/07\\\/08\\\/juno-fortune\\\/\",\"url\":\"https:\\\/\\\/www.univ-guyane.fr\\\/2022\\\/07\\\/08\\\/juno-fortune\\\/\",\"name\":\"Juno Fortun\u00e9 &#8212; Universit\u00e9 de Guyane\",\"isPartOf\":{\"@id\":\"https:\\\/\\\/www.univ-guyane.fr\\\/#website\"},\"primaryImageOfPage\":{\"@id\":\"https:\\\/\\\/www.univ-guyane.fr\\\/2022\\\/07\\\/08\\\/juno-fortune\\\/#primaryimage\"},\"image\":{\"@id\":\"https:\\\/\\\/www.univ-guyane.fr\\\/2022\\\/07\\\/08\\\/juno-fortune\\\/#primaryimage\"},\"thumbnailUrl\":\"https:\\\/\\\/www.univ-guyane.fr\\\/wp-content\\\/uploads\\\/juno-fortune-universite-de-guyane.jpeg\",\"datePublished\":\"2022-07-08T12:51:38+00:00\",\"dateModified\":\"2024-07-12T16:47:16+00:00\",\"description\":\"D\u00e9couvrez Juno Fortun\u00e9, agent de d\u00e9veloppement local et chef d'entreprise. Il partage son exp\u00e9rience dans le domaine du bien-\u00eatre et de la cr\u00e9ation d'entreprises.\",\"breadcrumb\":{\"@id\":\"https:\\\/\\\/www.univ-guyane.fr\\\/2022\\\/07\\\/08\\\/juno-fortune\\\/#breadcrumb\"},\"inLanguage\":\"pt-BR\",\"potentialAction\":[{\"@type\":\"ReadAction\",\"target\":[\"https:\\\/\\\/www.univ-guyane.fr\\\/2022\\\/07\\\/08\\\/juno-fortune\\\/\"]}]},{\"@type\":\"ImageObject\",\"inLanguage\":\"pt-BR\",\"@id\":\"https:\\\/\\\/www.univ-guyane.fr\\\/2022\\\/07\\\/08\\\/juno-fortune\\\/#primaryimage\",\"url\":\"https:\\\/\\\/www.univ-guyane.fr\\\/wp-content\\\/uploads\\\/juno-fortune-universite-de-guyane.jpeg\",\"contentUrl\":\"https:\\\/\\\/www.univ-guyane.fr\\\/wp-content\\\/uploads\\\/juno-fortune-universite-de-guyane.jpeg\",\"width\":1700,\"height\":1133,\"caption\":\"Juno Fortun\u00e9\"},{\"@type\":\"BreadcrumbList\",\"@id\":\"https:\\\/\\\/www.univ-guyane.fr\\\/2022\\\/07\\\/08\\\/juno-fortune\\\/#breadcrumb\",\"itemListElement\":[{\"@type\":\"ListItem\",\"position\":1,\"name\":\"Accueil\",\"item\":\"https:\\\/\\\/www.univ-guyane.fr\\\/\"},{\"@type\":\"ListItem\",\"position\":2,\"name\":\"Juno Fortun\u00e9\"}]},{\"@type\":\"WebSite\",\"@id\":\"https:\\\/\\\/www.univ-guyane.fr\\\/#website\",\"url\":\"https:\\\/\\\/www.univ-guyane.fr\\\/\",\"name\":\"Universit\u00e9 de Guyane\",\"description\":\"Au c\u0153ur de l&#039;amazonie\",\"publisher\":{\"@id\":\"https:\\\/\\\/www.univ-guyane.fr\\\/#organization\"},\"alternateName\":\"UG\",\"potentialAction\":[{\"@type\":\"SearchAction\",\"target\":{\"@type\":\"EntryPoint\",\"urlTemplate\":\"https:\\\/\\\/www.univ-guyane.fr\\\/?s={search_term_string}\"},\"query-input\":{\"@type\":\"PropertyValueSpecification\",\"valueRequired\":true,\"valueName\":\"search_term_string\"}}],\"inLanguage\":\"pt-BR\"},{\"@type\":\"Organization\",\"@id\":\"https:\\\/\\\/www.univ-guyane.fr\\\/#organization\",\"name\":\"Universit\u00e9 de Guyane\",\"alternateName\":\"UG\",\"url\":\"https:\\\/\\\/www.univ-guyane.fr\\\/\",\"logo\":{\"@type\":\"ImageObject\",\"inLanguage\":\"pt-BR\",\"@id\":\"https:\\\/\\\/www.univ-guyane.fr\\\/#\\\/schema\\\/logo\\\/image\\\/\",\"url\":\"https:\\\/\\\/www.univ-guyane.fr\\\/wp-content\\\/uploads\\\/2024\\\/05\\\/f.png\",\"contentUrl\":\"https:\\\/\\\/www.univ-guyane.fr\\\/wp-content\\\/uploads\\\/2024\\\/05\\\/f.png\",\"width\":1024,\"height\":1024,\"caption\":\"Universit\u00e9 de Guyane\"},\"image\":{\"@id\":\"https:\\\/\\\/www.univ-guyane.fr\\\/#\\\/schema\\\/logo\\\/image\\\/\"},\"sameAs\":[\"https:\\\/\\\/www.facebook.com\\\/univguyane\",\"https:\\\/\\\/x.com\\\/univguyane\",\"https:\\\/\\\/gf.linkedin.com\\\/school\\\/universite-de-guyane\\\/\",\"https:\\\/\\\/www.instagram.com\\\/univ_guyane\\\/\"]},{\"@type\":\"Person\",\"@id\":\"https:\\\/\\\/www.univ-guyane.fr\\\/#\\\/schema\\\/person\\\/86d946a28a8be51bb096ccfdf19db179\",\"name\":\"Erick Loiti\u00e8re\",\"image\":{\"@type\":\"ImageObject\",\"inLanguage\":\"pt-BR\",\"@id\":\"https:\\\/\\\/secure.gravatar.com\\\/avatar\\\/0584f332103fbeaf37e52c73b15dca3c547fd9300deb05764e9ad8714839d072?s=96&d=robohash&r=g\",\"url\":\"https:\\\/\\\/secure.gravatar.com\\\/avatar\\\/0584f332103fbeaf37e52c73b15dca3c547fd9300deb05764e9ad8714839d072?s=96&d=robohash&r=g\",\"contentUrl\":\"https:\\\/\\\/secure.gravatar.com\\\/avatar\\\/0584f332103fbeaf37e52c73b15dca3c547fd9300deb05764e9ad8714839d072?s=96&d=robohash&r=g\",\"caption\":\"Erick Loiti\u00e8re\"},\"sameAs\":[\"http:\\\/\\\/www.univ-guyane.fr\"],\"url\":\"https:\\\/\\\/www.univ-guyane.fr\\\/pt\\\/author\\\/eloitierdbz\\\/\"}]}<\/script>\n<!-- \/ Yoast SEO plugin. -->","yoast_head_json":{"title":"Juno Fortun\u00e9 &#8212; Universit\u00e9 de Guyane","description":"D\u00e9couvrez Juno Fortun\u00e9, agent de d\u00e9veloppement local et chef d'entreprise. Il partage son exp\u00e9rience dans le domaine du bien-\u00eatre et de la cr\u00e9ation d'entreprises.","robots":{"index":"index","follow":"follow","max-snippet":"max-snippet:-1","max-image-preview":"max-image-preview:large","max-video-preview":"max-video-preview:-1"},"canonical":"https:\/\/www.univ-guyane.fr\/pt\/2022\/07\/08\/juno-fortune\/","og_locale":"pt_BR","og_type":"article","og_title":"Juno Fortun\u00e9 &#8212; Universit\u00e9 de Guyane","og_description":"D\u00e9couvrez Juno Fortun\u00e9, agent de d\u00e9veloppement local et chef d'entreprise. Il partage son exp\u00e9rience dans le domaine du bien-\u00eatre et de la cr\u00e9ation d'entreprises.","og_url":"https:\/\/www.univ-guyane.fr\/pt\/2022\/07\/08\/juno-fortune\/","og_site_name":"Universit\u00e9 de Guyane","article_publisher":"https:\/\/www.facebook.com\/univguyane","article_published_time":"2022-07-08T12:51:38+00:00","article_modified_time":"2024-07-12T16:47:16+00:00","og_image":[{"width":1700,"height":1133,"url":"https:\/\/www.univ-guyane.fr\/wp-content\/uploads\/juno-fortune-universite-de-guyane.jpeg","type":"image\/jpeg"}],"author":"Erick Loiti\u00e8re","twitter_card":"summary_large_image","twitter_creator":"@univguyane","twitter_site":"@univguyane","twitter_misc":{"Escrito por":"Erick Loiti\u00e8re","Est. tempo de leitura":"3 minutos"},"schema":{"@context":"https:\/\/schema.org","@graph":[{"@type":"Article","@id":"https:\/\/www.univ-guyane.fr\/2022\/07\/08\/juno-fortune\/#article","isPartOf":{"@id":"https:\/\/www.univ-guyane.fr\/2022\/07\/08\/juno-fortune\/"},"author":{"name":"Erick Loiti\u00e8re","@id":"https:\/\/www.univ-guyane.fr\/#\/schema\/person\/86d946a28a8be51bb096ccfdf19db179"},"headline":"Juno Fortun\u00e9","datePublished":"2022-07-08T12:51:38+00:00","dateModified":"2024-07-12T16:47:16+00:00","mainEntityOfPage":{"@id":"https:\/\/www.univ-guyane.fr\/2022\/07\/08\/juno-fortune\/"},"wordCount":662,"publisher":{"@id":"https:\/\/www.univ-guyane.fr\/#organization"},"image":{"@id":"https:\/\/www.univ-guyane.fr\/2022\/07\/08\/juno-fortune\/#primaryimage"},"thumbnailUrl":"https:\/\/www.univ-guyane.fr\/wp-content\/uploads\/juno-fortune-universite-de-guyane.jpeg","keywords":["Portraits"],"articleSection":["\u2022\u00a0Portraits"],"inLanguage":"pt-BR"},{"@type":"WebPage","@id":"https:\/\/www.univ-guyane.fr\/2022\/07\/08\/juno-fortune\/","url":"https:\/\/www.univ-guyane.fr\/2022\/07\/08\/juno-fortune\/","name":"Juno Fortun\u00e9 &#8212; Universit\u00e9 de Guyane","isPartOf":{"@id":"https:\/\/www.univ-guyane.fr\/#website"},"primaryImageOfPage":{"@id":"https:\/\/www.univ-guyane.fr\/2022\/07\/08\/juno-fortune\/#primaryimage"},"image":{"@id":"https:\/\/www.univ-guyane.fr\/2022\/07\/08\/juno-fortune\/#primaryimage"},"thumbnailUrl":"https:\/\/www.univ-guyane.fr\/wp-content\/uploads\/juno-fortune-universite-de-guyane.jpeg","datePublished":"2022-07-08T12:51:38+00:00","dateModified":"2024-07-12T16:47:16+00:00","description":"D\u00e9couvrez Juno Fortun\u00e9, agent de d\u00e9veloppement local et chef d'entreprise. Il partage son exp\u00e9rience dans le domaine du bien-\u00eatre et de la cr\u00e9ation d'entreprises.","breadcrumb":{"@id":"https:\/\/www.univ-guyane.fr\/2022\/07\/08\/juno-fortune\/#breadcrumb"},"inLanguage":"pt-BR","potentialAction":[{"@type":"ReadAction","target":["https:\/\/www.univ-guyane.fr\/2022\/07\/08\/juno-fortune\/"]}]},{"@type":"ImageObject","inLanguage":"pt-BR","@id":"https:\/\/www.univ-guyane.fr\/2022\/07\/08\/juno-fortune\/#primaryimage","url":"https:\/\/www.univ-guyane.fr\/wp-content\/uploads\/juno-fortune-universite-de-guyane.jpeg","contentUrl":"https:\/\/www.univ-guyane.fr\/wp-content\/uploads\/juno-fortune-universite-de-guyane.jpeg","width":1700,"height":1133,"caption":"Juno Fortun\u00e9"},{"@type":"BreadcrumbList","@id":"https:\/\/www.univ-guyane.fr\/2022\/07\/08\/juno-fortune\/#breadcrumb","itemListElement":[{"@type":"ListItem","position":1,"name":"Accueil","item":"https:\/\/www.univ-guyane.fr\/"},{"@type":"ListItem","position":2,"name":"Juno Fortun\u00e9"}]},{"@type":"WebSite","@id":"https:\/\/www.univ-guyane.fr\/#website","url":"https:\/\/www.univ-guyane.fr\/","name":"Universidade da Guiana","description":"No cora\u00e7\u00e3o da Amaz\u00f4nia","publisher":{"@id":"https:\/\/www.univ-guyane.fr\/#organization"},"alternateName":"UG","potentialAction":[{"@type":"SearchAction","target":{"@type":"EntryPoint","urlTemplate":"https:\/\/www.univ-guyane.fr\/?s={search_term_string}"},"query-input":{"@type":"PropertyValueSpecification","valueRequired":true,"valueName":"search_term_string"}}],"inLanguage":"pt-BR"},{"@type":"Organization","@id":"https:\/\/www.univ-guyane.fr\/#organization","name":"Universidade da Guiana","alternateName":"UG","url":"https:\/\/www.univ-guyane.fr\/","logo":{"@type":"ImageObject","inLanguage":"pt-BR","@id":"https:\/\/www.univ-guyane.fr\/#\/schema\/logo\/image\/","url":"https:\/\/www.univ-guyane.fr\/wp-content\/uploads\/2024\/05\/f.png","contentUrl":"https:\/\/www.univ-guyane.fr\/wp-content\/uploads\/2024\/05\/f.png","width":1024,"height":1024,"caption":"Universit\u00e9 de Guyane"},"image":{"@id":"https:\/\/www.univ-guyane.fr\/#\/schema\/logo\/image\/"},"sameAs":["https:\/\/www.facebook.com\/univguyane","https:\/\/x.com\/univguyane","https:\/\/gf.linkedin.com\/school\/universite-de-guyane\/","https:\/\/www.instagram.com\/univ_guyane\/"]},{"@type":"Person","@id":"https:\/\/www.univ-guyane.fr\/#\/schema\/person\/86d946a28a8be51bb096ccfdf19db179","name":"Erick Loiti\u00e8re","image":{"@type":"ImageObject","inLanguage":"pt-BR","@id":"https:\/\/secure.gravatar.com\/avatar\/0584f332103fbeaf37e52c73b15dca3c547fd9300deb05764e9ad8714839d072?s=96&d=robohash&r=g","url":"https:\/\/secure.gravatar.com\/avatar\/0584f332103fbeaf37e52c73b15dca3c547fd9300deb05764e9ad8714839d072?s=96&d=robohash&r=g","contentUrl":"https:\/\/secure.gravatar.com\/avatar\/0584f332103fbeaf37e52c73b15dca3c547fd9300deb05764e9ad8714839d072?s=96&d=robohash&r=g","caption":"Erick Loiti\u00e8re"},"sameAs":["http:\/\/www.univ-guyane.fr"],"url":"https:\/\/www.univ-guyane.fr\/pt\/author\/eloitierdbz\/"}]}},"_links":{"self":[{"href":"https:\/\/www.univ-guyane.fr\/pt\/wp-json\/wp\/v2\/posts\/8958","targetHints":{"allow":["GET"]}}],"collection":[{"href":"https:\/\/www.univ-guyane.fr\/pt\/wp-json\/wp\/v2\/posts"}],"about":[{"href":"https:\/\/www.univ-guyane.fr\/pt\/wp-json\/wp\/v2\/types\/post"}],"author":[{"embeddable":true,"href":"https:\/\/www.univ-guyane.fr\/pt\/wp-json\/wp\/v2\/users\/1"}],"replies":[{"embeddable":true,"href":"https:\/\/www.univ-guyane.fr\/pt\/wp-json\/wp\/v2\/comments?post=8958"}],"version-history":[{"count":3,"href":"https:\/\/www.univ-guyane.fr\/pt\/wp-json\/wp\/v2\/posts\/8958\/revisions"}],"predecessor-version":[{"id":9987,"href":"https:\/\/www.univ-guyane.fr\/pt\/wp-json\/wp\/v2\/posts\/8958\/revisions\/9987"}],"wp:featuredmedia":[{"embeddable":true,"href":"https:\/\/www.univ-guyane.fr\/pt\/wp-json\/wp\/v2\/media\/8959"}],"wp:attachment":[{"href":"https:\/\/www.univ-guyane.fr\/pt\/wp-json\/wp\/v2\/media?parent=8958"}],"wp:term":[{"taxonomy":"category","embeddable":true,"href":"https:\/\/www.univ-guyane.fr\/pt\/wp-json\/wp\/v2\/categories?post=8958"},{"taxonomy":"post_tag","embeddable":true,"href":"https:\/\/www.univ-guyane.fr\/pt\/wp-json\/wp\/v2\/tags?post=8958"}],"curies":[{"name":"wp","href":"https:\/\/api.w.org\/{rel}","templated":true}]}}