{"id":8967,"date":"2022-05-20T09:58:35","date_gmt":"2022-05-20T12:58:35","guid":{"rendered":"https:\/\/www.univ-guyane.fr\/?p=8967"},"modified":"2024-07-12T13:49:01","modified_gmt":"2024-07-12T16:49:01","slug":"frederic-fung-fong-you","status":"publish","type":"post","link":"https:\/\/www.univ-guyane.fr\/pt\/2022\/05\/20\/frederic-fung-fong-you\/","title":{"rendered":"Fr\u00e9d\u00e9ric FUNG FONG YOU"},"content":{"rendered":"<div id=\"fws_69f1f25331e31\"  data-column-margin=\"default\" data-midnight=\"dark\"  class=\"wpb_row vc_row-fluid vc_row\"  style=\"padding-top: 0px; padding-bottom: 0px; \"><div class=\"row-bg-wrap\" data-bg-animation=\"none\" data-bg-animation-delay=\"\" data-bg-overlay=\"false\"><div class=\"inner-wrap row-bg-layer\" ><div class=\"row-bg viewport-desktop\"  style=\"\"><\/div><\/div><\/div><div class=\"row_col_wrap_12 col span_12 dark left\">\n\t<div  class=\"vc_col-sm-12 wpb_column column_container vc_column_container col no-extra-padding inherit_tablet inherit_phone\"  data-padding-pos=\"all\" data-has-bg-color=\"false\" data-bg-color=\"\" data-bg-opacity=\"1\" data-animation=\"\" data-delay=\"0\" >\n\t\t<div class=\"vc_column-inner\" >\n\t\t\t<div class=\"wpb_wrapper\">\n\t\t\t\t\n<div class=\"wpb_text_column wpb_content_element\" >\n\t<h3><strong>Sobre voc\u00ea?<\/strong><\/h3>\n<p><em>Fale-nos sobre voc\u00ea<\/em><\/p>\n<p>Meu nome \u00e9 FUNG FONG YOU Fr\u00e9d\u00e9ric e tenho 26 anos de idade. Sou professor de escola e leciono em Haut Maroni, na comuna de Grand Santi. Este ano, comecei meu novo ano letivo como diretor da escola prim\u00e1ria no vilarejo de Apagui. \u00c9 uma escola que tem capacidade para receber nada menos que 200 crian\u00e7as.<\/p>\n<h3><strong>Sua empresa<\/strong><\/h3>\n<p><em>Voc\u00ea pode nos falar sobre seu trabalho? O que ele envolve?<\/em><\/p>\n<p>Comecei como professor estagi\u00e1rio em setembro de 2018 e, no ano seguinte, tornei-me professor permanente na escola prim\u00e1ria de Apagui, na comuna de Grand Santi. Como professor de escola prim\u00e1ria, voc\u00ea pode ser solicitado a dar aulas do ber\u00e7\u00e1rio ao CM2. Transmitimos conhecimentos e habilidades aos alunos e, ao mesmo tempo, incutimos neles os valores da cidadania da Rep\u00fablica. \u00c9 um trabalho que exige paci\u00eancia, pois muitas vezes temos que nos repetir. Dependendo de onde trabalhamos, precisamos ser muito adapt\u00e1veis e pedag\u00f3gicos. Minha principal miss\u00e3o \u00e9 ensinar e capacitar os alunos a aprender e adquirir habilidades.<\/p>\n<p>Meu trabalho como diretor de escola \u00e9 diferente. Ele envolve atuar como intermedi\u00e1rio entre os professores e a institui\u00e7\u00e3o \u00e0 qual servimos, o Minist\u00e9rio da Educa\u00e7\u00e3o. Meus deveres s\u00e3o diferentes dos de um professor: tenho de informar, transmitir informa\u00e7\u00f5es e alertar meus superiores sobre quaisquer problemas. Atuo como um \"canal\" entre a institui\u00e7\u00e3o e a equipe no cargo (professores).<br \/>\nTamb\u00e9m tenho a fun\u00e7\u00e3o de apoiar os colegas e conversar com os pais.<\/p>\n<p><em>O que voc\u00ea gosta em seu trabalho?<\/em><\/p>\n<p>Quando eu era mais jovem, nunca me imaginei como professor. Descobri essa profiss\u00e3o durante meus estudos na Universidade da Guiana. O que eu gosto nesse trabalho \u00e9 a proximidade e o v\u00ednculo que podemos criar com os alunos. Al\u00e9m disso, a transmiss\u00e3o de conhecimento e o sucesso dos alunos s\u00e3o pontos importantes que nos permitem ver a beleza de nossa profiss\u00e3o. O sucesso e a conquista de meus alunos s\u00e3o uma vit\u00f3ria para mim. Isso mostra a enorme capacidade que as crian\u00e7as t\u00eam de aprender e ajuda a formar os cidad\u00e3os de amanh\u00e3.<\/p>\n<h3><strong>Seus cursos de treinamento<\/strong><\/h3>\n<p><em>Conte-nos sobre seu treinamento. Que curso voc\u00ea fez?<\/em><\/p>\n<p>Primeiramente, obtive um bacharelado geral na s\u00e9rie cient\u00edfica, depois tentei o PACES. Em seguida, fiz um curso de biologia, bioqu\u00edmica e biotecnologia. No final do bacharelado, candidatei-me a v\u00e1rios cursos de mestrado e fui selecionado para um mestrado em ensino. Durante meu primeiro ano, tudo o que tive de fazer foram os cursos e o exame competitivo do CRPE para professores de escola. Passei e fui admitido no Master 2 como trainee.<\/p>\n<p><em>O que voc\u00ea aprendeu com seus cursos de treinamento?<\/em><\/p>\n<p>No in\u00edcio, n\u00e3o foi f\u00e1cil para mim. Como nunca havia lecionado antes, achei dif\u00edcil transmitir conceitos e agir como um \"professor\". No entanto, pude contar com o apoio de v\u00e1rios professores do programa de mestrado e de meus colegas estudantes, que me ajudaram a garantir meu cargo.<br \/>\nDurante meu Mestrado 2, tive a sorte de participar da Miss\u00e3o do Rio Maroni. Gra\u00e7as a isso, descobri muitos lugares e v\u00e1rias escolas no Maroni, de Providence a Ant\u00e9cume-Pata. Quando se tratou de escolher um posto, naturalmente escolhi a escola prim\u00e1ria de Apagui.  \u00c9 uma experi\u00eancia real que permite que voc\u00ea cres\u00e7a e se desenvolva, mesmo que \u00e0s vezes as condi\u00e7\u00f5es n\u00e3o sejam f\u00e1ceis.<\/p>\n<\/div>\n\n\n\n\n\t\t\t<\/div> \n\t\t<\/div>\n\t<\/div> \n<\/div><\/div>","protected":false},"excerpt":{"rendered":"Sobre voc\u00ea? Fale-nos sobre voc\u00ea Meu nome \u00e9 FUNG FONG YOU Fr\u00e9d\u00e9ric, tenho...","protected":false},"author":1,"featured_media":8969,"comment_status":"closed","ping_status":"open","sticky":false,"template":"","format":"standard","meta":{"iawp_total_views":50,"footnotes":""},"categories":[196],"tags":[197],"class_list":{"0":"post-8967","1":"post","2":"type-post","3":"status-publish","4":"format-standard","5":"has-post-thumbnail","7":"category-portraits","8":"tag-portraits"},"yoast_head":"<!-- This site is optimized with the Yoast SEO plugin v27.5 - https:\/\/yoast.com\/product\/yoast-seo-wordpress\/ -->\n<title>Fr\u00e9d\u00e9ric FUNG FONG YOU &#8212; Universit\u00e9 de Guyane<\/title>\n<meta name=\"description\" content=\"D\u00e9couvrez le m\u00e9tier d&#039;enseignant des \u00e9coles avec Fr\u00e9d\u00e9ric FUNG FONG YOU. De la petite section au CM2, il transmet savoirs et valeurs citoyennes \u00e0 ses \u00e9l\u00e8ves.\" \/>\n<meta name=\"robots\" content=\"index, follow, max-snippet:-1, max-image-preview:large, max-video-preview:-1\" \/>\n<link rel=\"canonical\" href=\"https:\/\/www.univ-guyane.fr\/pt\/2022\/05\/20\/frederic-fung-fong-you\/\" \/>\n<meta property=\"og:locale\" content=\"pt_BR\" \/>\n<meta property=\"og:type\" content=\"article\" \/>\n<meta property=\"og:title\" content=\"Fr\u00e9d\u00e9ric FUNG FONG YOU &#8212; Universit\u00e9 de Guyane\" \/>\n<meta property=\"og:description\" content=\"D\u00e9couvrez le m\u00e9tier d&#039;enseignant des \u00e9coles avec Fr\u00e9d\u00e9ric FUNG FONG YOU. De la petite section au CM2, il transmet savoirs et valeurs citoyennes \u00e0 ses \u00e9l\u00e8ves.\" \/>\n<meta property=\"og:url\" content=\"https:\/\/www.univ-guyane.fr\/pt\/2022\/05\/20\/frederic-fung-fong-you\/\" \/>\n<meta property=\"og:site_name\" content=\"Universit\u00e9 de Guyane\" \/>\n<meta property=\"article:publisher\" content=\"https:\/\/www.facebook.com\/univguyane\" \/>\n<meta property=\"article:published_time\" content=\"2022-05-20T12:58:35+00:00\" \/>\n<meta property=\"article:modified_time\" content=\"2024-07-12T16:49:01+00:00\" \/>\n<meta property=\"og:image\" content=\"https:\/\/www.univ-guyane.fr\/wp-content\/uploads\/frederic-fung-fong-you-universite-de-guyane-2.jpeg\" \/>\n\t<meta property=\"og:image:width\" content=\"1920\" \/>\n\t<meta property=\"og:image:height\" content=\"1080\" \/>\n\t<meta property=\"og:image:type\" content=\"image\/jpeg\" \/>\n<meta name=\"author\" content=\"Erick Loiti\u00e8re\" \/>\n<meta name=\"twitter:card\" content=\"summary_large_image\" \/>\n<meta name=\"twitter:creator\" content=\"@univguyane\" \/>\n<meta name=\"twitter:site\" content=\"@univguyane\" \/>\n<meta name=\"twitter:label1\" content=\"Escrito por\" \/>\n\t<meta name=\"twitter:data1\" content=\"Erick Loiti\u00e8re\" \/>\n\t<meta name=\"twitter:label2\" content=\"Est. tempo de leitura\" \/>\n\t<meta name=\"twitter:data2\" content=\"4 minutos\" \/>\n<script type=\"application\/ld+json\" class=\"yoast-schema-graph\">{\"@context\":\"https:\\\/\\\/schema.org\",\"@graph\":[{\"@type\":\"Article\",\"@id\":\"https:\\\/\\\/www.univ-guyane.fr\\\/2022\\\/05\\\/20\\\/frederic-fung-fong-you\\\/#article\",\"isPartOf\":{\"@id\":\"https:\\\/\\\/www.univ-guyane.fr\\\/2022\\\/05\\\/20\\\/frederic-fung-fong-you\\\/\"},\"author\":{\"name\":\"Erick Loiti\u00e8re\",\"@id\":\"https:\\\/\\\/www.univ-guyane.fr\\\/#\\\/schema\\\/person\\\/86d946a28a8be51bb096ccfdf19db179\"},\"headline\":\"Fr\u00e9d\u00e9ric FUNG FONG YOU\",\"datePublished\":\"2022-05-20T12:58:35+00:00\",\"dateModified\":\"2024-07-12T16:49:01+00:00\",\"mainEntityOfPage\":{\"@id\":\"https:\\\/\\\/www.univ-guyane.fr\\\/2022\\\/05\\\/20\\\/frederic-fung-fong-you\\\/\"},\"wordCount\":843,\"publisher\":{\"@id\":\"https:\\\/\\\/www.univ-guyane.fr\\\/#organization\"},\"image\":{\"@id\":\"https:\\\/\\\/www.univ-guyane.fr\\\/2022\\\/05\\\/20\\\/frederic-fung-fong-you\\\/#primaryimage\"},\"thumbnailUrl\":\"https:\\\/\\\/www.univ-guyane.fr\\\/wp-content\\\/uploads\\\/frederic-fung-fong-you-universite-de-guyane-2.jpeg\",\"keywords\":[\"Portraits\"],\"articleSection\":[\"\u2022\u00a0Portraits\"],\"inLanguage\":\"pt-BR\"},{\"@type\":\"WebPage\",\"@id\":\"https:\\\/\\\/www.univ-guyane.fr\\\/2022\\\/05\\\/20\\\/frederic-fung-fong-you\\\/\",\"url\":\"https:\\\/\\\/www.univ-guyane.fr\\\/2022\\\/05\\\/20\\\/frederic-fung-fong-you\\\/\",\"name\":\"Fr\u00e9d\u00e9ric FUNG FONG YOU &#8212; Universit\u00e9 de Guyane\",\"isPartOf\":{\"@id\":\"https:\\\/\\\/www.univ-guyane.fr\\\/#website\"},\"primaryImageOfPage\":{\"@id\":\"https:\\\/\\\/www.univ-guyane.fr\\\/2022\\\/05\\\/20\\\/frederic-fung-fong-you\\\/#primaryimage\"},\"image\":{\"@id\":\"https:\\\/\\\/www.univ-guyane.fr\\\/2022\\\/05\\\/20\\\/frederic-fung-fong-you\\\/#primaryimage\"},\"thumbnailUrl\":\"https:\\\/\\\/www.univ-guyane.fr\\\/wp-content\\\/uploads\\\/frederic-fung-fong-you-universite-de-guyane-2.jpeg\",\"datePublished\":\"2022-05-20T12:58:35+00:00\",\"dateModified\":\"2024-07-12T16:49:01+00:00\",\"description\":\"D\u00e9couvrez le m\u00e9tier d'enseignant des \u00e9coles avec Fr\u00e9d\u00e9ric FUNG FONG YOU. De la petite section au CM2, il transmet savoirs et valeurs citoyennes \u00e0 ses \u00e9l\u00e8ves.\",\"breadcrumb\":{\"@id\":\"https:\\\/\\\/www.univ-guyane.fr\\\/2022\\\/05\\\/20\\\/frederic-fung-fong-you\\\/#breadcrumb\"},\"inLanguage\":\"pt-BR\",\"potentialAction\":[{\"@type\":\"ReadAction\",\"target\":[\"https:\\\/\\\/www.univ-guyane.fr\\\/2022\\\/05\\\/20\\\/frederic-fung-fong-you\\\/\"]}]},{\"@type\":\"ImageObject\",\"inLanguage\":\"pt-BR\",\"@id\":\"https:\\\/\\\/www.univ-guyane.fr\\\/2022\\\/05\\\/20\\\/frederic-fung-fong-you\\\/#primaryimage\",\"url\":\"https:\\\/\\\/www.univ-guyane.fr\\\/wp-content\\\/uploads\\\/frederic-fung-fong-you-universite-de-guyane-2.jpeg\",\"contentUrl\":\"https:\\\/\\\/www.univ-guyane.fr\\\/wp-content\\\/uploads\\\/frederic-fung-fong-you-universite-de-guyane-2.jpeg\",\"width\":1920,\"height\":1080,\"caption\":\"Fr\u00e9d\u00e9ric FUNG FONG YOU\"},{\"@type\":\"BreadcrumbList\",\"@id\":\"https:\\\/\\\/www.univ-guyane.fr\\\/2022\\\/05\\\/20\\\/frederic-fung-fong-you\\\/#breadcrumb\",\"itemListElement\":[{\"@type\":\"ListItem\",\"position\":1,\"name\":\"Accueil\",\"item\":\"https:\\\/\\\/www.univ-guyane.fr\\\/\"},{\"@type\":\"ListItem\",\"position\":2,\"name\":\"Fr\u00e9d\u00e9ric FUNG FONG YOU\"}]},{\"@type\":\"WebSite\",\"@id\":\"https:\\\/\\\/www.univ-guyane.fr\\\/#website\",\"url\":\"https:\\\/\\\/www.univ-guyane.fr\\\/\",\"name\":\"Universit\u00e9 de Guyane\",\"description\":\"Au c\u0153ur de l&#039;amazonie\",\"publisher\":{\"@id\":\"https:\\\/\\\/www.univ-guyane.fr\\\/#organization\"},\"alternateName\":\"UG\",\"potentialAction\":[{\"@type\":\"SearchAction\",\"target\":{\"@type\":\"EntryPoint\",\"urlTemplate\":\"https:\\\/\\\/www.univ-guyane.fr\\\/?s={search_term_string}\"},\"query-input\":{\"@type\":\"PropertyValueSpecification\",\"valueRequired\":true,\"valueName\":\"search_term_string\"}}],\"inLanguage\":\"pt-BR\"},{\"@type\":\"Organization\",\"@id\":\"https:\\\/\\\/www.univ-guyane.fr\\\/#organization\",\"name\":\"Universit\u00e9 de Guyane\",\"alternateName\":\"UG\",\"url\":\"https:\\\/\\\/www.univ-guyane.fr\\\/\",\"logo\":{\"@type\":\"ImageObject\",\"inLanguage\":\"pt-BR\",\"@id\":\"https:\\\/\\\/www.univ-guyane.fr\\\/#\\\/schema\\\/logo\\\/image\\\/\",\"url\":\"https:\\\/\\\/www.univ-guyane.fr\\\/wp-content\\\/uploads\\\/2024\\\/05\\\/f.png\",\"contentUrl\":\"https:\\\/\\\/www.univ-guyane.fr\\\/wp-content\\\/uploads\\\/2024\\\/05\\\/f.png\",\"width\":1024,\"height\":1024,\"caption\":\"Universit\u00e9 de Guyane\"},\"image\":{\"@id\":\"https:\\\/\\\/www.univ-guyane.fr\\\/#\\\/schema\\\/logo\\\/image\\\/\"},\"sameAs\":[\"https:\\\/\\\/www.facebook.com\\\/univguyane\",\"https:\\\/\\\/x.com\\\/univguyane\",\"https:\\\/\\\/gf.linkedin.com\\\/school\\\/universite-de-guyane\\\/\",\"https:\\\/\\\/www.instagram.com\\\/univ_guyane\\\/\"]},{\"@type\":\"Person\",\"@id\":\"https:\\\/\\\/www.univ-guyane.fr\\\/#\\\/schema\\\/person\\\/86d946a28a8be51bb096ccfdf19db179\",\"name\":\"Erick Loiti\u00e8re\",\"image\":{\"@type\":\"ImageObject\",\"inLanguage\":\"pt-BR\",\"@id\":\"https:\\\/\\\/secure.gravatar.com\\\/avatar\\\/0584f332103fbeaf37e52c73b15dca3c547fd9300deb05764e9ad8714839d072?s=96&d=robohash&r=g\",\"url\":\"https:\\\/\\\/secure.gravatar.com\\\/avatar\\\/0584f332103fbeaf37e52c73b15dca3c547fd9300deb05764e9ad8714839d072?s=96&d=robohash&r=g\",\"contentUrl\":\"https:\\\/\\\/secure.gravatar.com\\\/avatar\\\/0584f332103fbeaf37e52c73b15dca3c547fd9300deb05764e9ad8714839d072?s=96&d=robohash&r=g\",\"caption\":\"Erick Loiti\u00e8re\"},\"sameAs\":[\"http:\\\/\\\/www.univ-guyane.fr\"],\"url\":\"https:\\\/\\\/www.univ-guyane.fr\\\/pt\\\/author\\\/eloitierdbz\\\/\"}]}<\/script>\n<!-- \/ Yoast SEO plugin. -->","yoast_head_json":{"title":"Fr\u00e9d\u00e9ric FUNG FONG YOU &#8212; Universit\u00e9 de Guyane","description":"D\u00e9couvrez le m\u00e9tier d'enseignant des \u00e9coles avec Fr\u00e9d\u00e9ric FUNG FONG YOU. De la petite section au CM2, il transmet savoirs et valeurs citoyennes \u00e0 ses \u00e9l\u00e8ves.","robots":{"index":"index","follow":"follow","max-snippet":"max-snippet:-1","max-image-preview":"max-image-preview:large","max-video-preview":"max-video-preview:-1"},"canonical":"https:\/\/www.univ-guyane.fr\/pt\/2022\/05\/20\/frederic-fung-fong-you\/","og_locale":"pt_BR","og_type":"article","og_title":"Fr\u00e9d\u00e9ric FUNG FONG YOU &#8212; Universit\u00e9 de Guyane","og_description":"D\u00e9couvrez le m\u00e9tier d'enseignant des \u00e9coles avec Fr\u00e9d\u00e9ric FUNG FONG YOU. De la petite section au CM2, il transmet savoirs et valeurs citoyennes \u00e0 ses \u00e9l\u00e8ves.","og_url":"https:\/\/www.univ-guyane.fr\/pt\/2022\/05\/20\/frederic-fung-fong-you\/","og_site_name":"Universit\u00e9 de Guyane","article_publisher":"https:\/\/www.facebook.com\/univguyane","article_published_time":"2022-05-20T12:58:35+00:00","article_modified_time":"2024-07-12T16:49:01+00:00","og_image":[{"width":1920,"height":1080,"url":"https:\/\/www.univ-guyane.fr\/wp-content\/uploads\/frederic-fung-fong-you-universite-de-guyane-2.jpeg","type":"image\/jpeg"}],"author":"Erick Loiti\u00e8re","twitter_card":"summary_large_image","twitter_creator":"@univguyane","twitter_site":"@univguyane","twitter_misc":{"Escrito por":"Erick Loiti\u00e8re","Est. tempo de leitura":"4 minutos"},"schema":{"@context":"https:\/\/schema.org","@graph":[{"@type":"Article","@id":"https:\/\/www.univ-guyane.fr\/2022\/05\/20\/frederic-fung-fong-you\/#article","isPartOf":{"@id":"https:\/\/www.univ-guyane.fr\/2022\/05\/20\/frederic-fung-fong-you\/"},"author":{"name":"Erick Loiti\u00e8re","@id":"https:\/\/www.univ-guyane.fr\/#\/schema\/person\/86d946a28a8be51bb096ccfdf19db179"},"headline":"Fr\u00e9d\u00e9ric FUNG FONG YOU","datePublished":"2022-05-20T12:58:35+00:00","dateModified":"2024-07-12T16:49:01+00:00","mainEntityOfPage":{"@id":"https:\/\/www.univ-guyane.fr\/2022\/05\/20\/frederic-fung-fong-you\/"},"wordCount":843,"publisher":{"@id":"https:\/\/www.univ-guyane.fr\/#organization"},"image":{"@id":"https:\/\/www.univ-guyane.fr\/2022\/05\/20\/frederic-fung-fong-you\/#primaryimage"},"thumbnailUrl":"https:\/\/www.univ-guyane.fr\/wp-content\/uploads\/frederic-fung-fong-you-universite-de-guyane-2.jpeg","keywords":["Portraits"],"articleSection":["\u2022\u00a0Portraits"],"inLanguage":"pt-BR"},{"@type":"WebPage","@id":"https:\/\/www.univ-guyane.fr\/2022\/05\/20\/frederic-fung-fong-you\/","url":"https:\/\/www.univ-guyane.fr\/2022\/05\/20\/frederic-fung-fong-you\/","name":"Fr\u00e9d\u00e9ric FUNG FONG YOU &#8212; Universit\u00e9 de Guyane","isPartOf":{"@id":"https:\/\/www.univ-guyane.fr\/#website"},"primaryImageOfPage":{"@id":"https:\/\/www.univ-guyane.fr\/2022\/05\/20\/frederic-fung-fong-you\/#primaryimage"},"image":{"@id":"https:\/\/www.univ-guyane.fr\/2022\/05\/20\/frederic-fung-fong-you\/#primaryimage"},"thumbnailUrl":"https:\/\/www.univ-guyane.fr\/wp-content\/uploads\/frederic-fung-fong-you-universite-de-guyane-2.jpeg","datePublished":"2022-05-20T12:58:35+00:00","dateModified":"2024-07-12T16:49:01+00:00","description":"D\u00e9couvrez le m\u00e9tier d'enseignant des \u00e9coles avec Fr\u00e9d\u00e9ric FUNG FONG YOU. De la petite section au CM2, il transmet savoirs et valeurs citoyennes \u00e0 ses \u00e9l\u00e8ves.","breadcrumb":{"@id":"https:\/\/www.univ-guyane.fr\/2022\/05\/20\/frederic-fung-fong-you\/#breadcrumb"},"inLanguage":"pt-BR","potentialAction":[{"@type":"ReadAction","target":["https:\/\/www.univ-guyane.fr\/2022\/05\/20\/frederic-fung-fong-you\/"]}]},{"@type":"ImageObject","inLanguage":"pt-BR","@id":"https:\/\/www.univ-guyane.fr\/2022\/05\/20\/frederic-fung-fong-you\/#primaryimage","url":"https:\/\/www.univ-guyane.fr\/wp-content\/uploads\/frederic-fung-fong-you-universite-de-guyane-2.jpeg","contentUrl":"https:\/\/www.univ-guyane.fr\/wp-content\/uploads\/frederic-fung-fong-you-universite-de-guyane-2.jpeg","width":1920,"height":1080,"caption":"Fr\u00e9d\u00e9ric FUNG FONG YOU"},{"@type":"BreadcrumbList","@id":"https:\/\/www.univ-guyane.fr\/2022\/05\/20\/frederic-fung-fong-you\/#breadcrumb","itemListElement":[{"@type":"ListItem","position":1,"name":"Accueil","item":"https:\/\/www.univ-guyane.fr\/"},{"@type":"ListItem","position":2,"name":"Fr\u00e9d\u00e9ric FUNG FONG YOU"}]},{"@type":"WebSite","@id":"https:\/\/www.univ-guyane.fr\/#website","url":"https:\/\/www.univ-guyane.fr\/","name":"Universidade da Guiana","description":"No cora\u00e7\u00e3o da Amaz\u00f4nia","publisher":{"@id":"https:\/\/www.univ-guyane.fr\/#organization"},"alternateName":"UG","potentialAction":[{"@type":"SearchAction","target":{"@type":"EntryPoint","urlTemplate":"https:\/\/www.univ-guyane.fr\/?s={search_term_string}"},"query-input":{"@type":"PropertyValueSpecification","valueRequired":true,"valueName":"search_term_string"}}],"inLanguage":"pt-BR"},{"@type":"Organization","@id":"https:\/\/www.univ-guyane.fr\/#organization","name":"Universidade da Guiana","alternateName":"UG","url":"https:\/\/www.univ-guyane.fr\/","logo":{"@type":"ImageObject","inLanguage":"pt-BR","@id":"https:\/\/www.univ-guyane.fr\/#\/schema\/logo\/image\/","url":"https:\/\/www.univ-guyane.fr\/wp-content\/uploads\/2024\/05\/f.png","contentUrl":"https:\/\/www.univ-guyane.fr\/wp-content\/uploads\/2024\/05\/f.png","width":1024,"height":1024,"caption":"Universit\u00e9 de Guyane"},"image":{"@id":"https:\/\/www.univ-guyane.fr\/#\/schema\/logo\/image\/"},"sameAs":["https:\/\/www.facebook.com\/univguyane","https:\/\/x.com\/univguyane","https:\/\/gf.linkedin.com\/school\/universite-de-guyane\/","https:\/\/www.instagram.com\/univ_guyane\/"]},{"@type":"Person","@id":"https:\/\/www.univ-guyane.fr\/#\/schema\/person\/86d946a28a8be51bb096ccfdf19db179","name":"Erick Loiti\u00e8re","image":{"@type":"ImageObject","inLanguage":"pt-BR","@id":"https:\/\/secure.gravatar.com\/avatar\/0584f332103fbeaf37e52c73b15dca3c547fd9300deb05764e9ad8714839d072?s=96&d=robohash&r=g","url":"https:\/\/secure.gravatar.com\/avatar\/0584f332103fbeaf37e52c73b15dca3c547fd9300deb05764e9ad8714839d072?s=96&d=robohash&r=g","contentUrl":"https:\/\/secure.gravatar.com\/avatar\/0584f332103fbeaf37e52c73b15dca3c547fd9300deb05764e9ad8714839d072?s=96&d=robohash&r=g","caption":"Erick Loiti\u00e8re"},"sameAs":["http:\/\/www.univ-guyane.fr"],"url":"https:\/\/www.univ-guyane.fr\/pt\/author\/eloitierdbz\/"}]}},"_links":{"self":[{"href":"https:\/\/www.univ-guyane.fr\/pt\/wp-json\/wp\/v2\/posts\/8967","targetHints":{"allow":["GET"]}}],"collection":[{"href":"https:\/\/www.univ-guyane.fr\/pt\/wp-json\/wp\/v2\/posts"}],"about":[{"href":"https:\/\/www.univ-guyane.fr\/pt\/wp-json\/wp\/v2\/types\/post"}],"author":[{"embeddable":true,"href":"https:\/\/www.univ-guyane.fr\/pt\/wp-json\/wp\/v2\/users\/1"}],"replies":[{"embeddable":true,"href":"https:\/\/www.univ-guyane.fr\/pt\/wp-json\/wp\/v2\/comments?post=8967"}],"version-history":[{"count":2,"href":"https:\/\/www.univ-guyane.fr\/pt\/wp-json\/wp\/v2\/posts\/8967\/revisions"}],"predecessor-version":[{"id":9989,"href":"https:\/\/www.univ-guyane.fr\/pt\/wp-json\/wp\/v2\/posts\/8967\/revisions\/9989"}],"wp:featuredmedia":[{"embeddable":true,"href":"https:\/\/www.univ-guyane.fr\/pt\/wp-json\/wp\/v2\/media\/8969"}],"wp:attachment":[{"href":"https:\/\/www.univ-guyane.fr\/pt\/wp-json\/wp\/v2\/media?parent=8967"}],"wp:term":[{"taxonomy":"category","embeddable":true,"href":"https:\/\/www.univ-guyane.fr\/pt\/wp-json\/wp\/v2\/categories?post=8967"},{"taxonomy":"post_tag","embeddable":true,"href":"https:\/\/www.univ-guyane.fr\/pt\/wp-json\/wp\/v2\/tags?post=8967"}],"curies":[{"name":"wp","href":"https:\/\/api.w.org\/{rel}","templated":true}]}}