{"id":8999,"date":"2018-01-02T10:46:03","date_gmt":"2018-01-02T13:46:03","guid":{"rendered":"https:\/\/www.univ-guyane.fr\/?p=8999"},"modified":"2024-07-15T11:25:25","modified_gmt":"2024-07-15T14:25:25","slug":"tristan-un-etudiant-aux-multiples-casquettes","status":"publish","type":"post","link":"https:\/\/www.univ-guyane.fr\/pt\/2018\/01\/02\/tristan-un-etudiant-aux-multiples-casquettes\/","title":{"rendered":"Tristan - um estudante com v\u00e1rios chap\u00e9us"},"content":{"rendered":"<div id=\"fws_69f3d719e6822\"  data-column-margin=\"default\" data-midnight=\"dark\"  class=\"wpb_row vc_row-fluid vc_row\"  style=\"padding-top: 0px; padding-bottom: 0px; \"><div class=\"row-bg-wrap\" data-bg-animation=\"none\" data-bg-animation-delay=\"\" data-bg-overlay=\"false\"><div class=\"inner-wrap row-bg-layer\" ><div class=\"row-bg viewport-desktop\"  style=\"\"><\/div><\/div><\/div><div class=\"row_col_wrap_12 col span_12 dark left\">\n\t<div  class=\"vc_col-sm-12 wpb_column column_container vc_column_container col no-extra-padding inherit_tablet inherit_phone\"  data-padding-pos=\"all\" data-has-bg-color=\"false\" data-bg-color=\"\" data-bg-opacity=\"1\" data-animation=\"\" data-delay=\"0\" >\n\t\t<div class=\"vc_column-inner\" >\n\t\t\t<div class=\"wpb_wrapper\">\n\t\t\t\t\n<div class=\"wpb_text_column wpb_content_element  chapo\" >\n\t<h2>Tristan Baudrit, um estudante do segundo ano de literatura, \u00e9 atualmente vice-presidente estudantil da Universidade da Guiana. Ele fala sobre seu trabalho e sua carreira como representante eleito. \u00c9 um trabalho que lhe \u00e9 muito caro.<\/h2>\n<\/div>\n\n\n\n\n<div class=\"wpb_text_column wpb_content_element\" >\n\t<h3>Por favor, apresente-se. Qual \u00e9 sua forma\u00e7\u00e3o como estudante?<\/h3>\n<p>Meu nome \u00e9 Tristan Baudrit, tenho 26 anos e moro na Guiana Francesa h\u00e1 mais de 12 anos. Cheguei aqui aos 13 anos de idade e passei a maior parte de minha escolaridade aqui: escola secund\u00e1ria e ensino m\u00e9dio. Tive at\u00e9 a oportunidade de estudar na antiga UAG (Universit\u00e9 des Antilles-Guyane). Durante meu tempo na universidade, tentei v\u00e1rios cursos diferentes, L.E.A., A.E.S., Direito, mas nenhum deles me agradou, at\u00e9 o ano passado, quando descobri o curso de Literatura. Atualmente, estou no segundo ano e estou gostando muito. Finalmente descobri minha voz!<\/p>\n<h3>Por que voc\u00ea optou por se tornar Student VP?<\/h3>\n<p>A decis\u00e3o de me tornar Student VP surgiu de forma gradual e natural. Na verdade, eu j\u00e1 estava envolvido na vida da comunidade estudantil com meus amigos da associa\u00e7\u00e3o Lettres, com quem organizamos os passeios a Mana. Por meio dessa atividade, conheci o vice-presidente estudantil anterior e, aos poucos, descobri essa fun\u00e7\u00e3o. O resto \u00e9 bem simples: as elei\u00e7\u00f5es estavam chegando e eu estava cada vez mais interessado na vida estudantil e comunit\u00e1ria. Ent\u00e3o, trabalhei com meus colegas para criar nossa lista para as elei\u00e7\u00f5es do Conselho Acad\u00eamico e discutimos meus projetos como vice-presidente estudantil, com os quais eles me ajudaram muito e continuam apoiando.<\/p>\n<h3>O que voc\u00ea faz? Qual \u00e9 o seu papel como representante dos alunos?<\/h3>\n<p>Tenho uma miss\u00e3o ampla, representando todos os alunos em todas as \u00e1reas da universidade. Estou autorizado a represent\u00e1-los e aconselh\u00e1-los, independentemente de seu departamento, curso ou n\u00edvel de estudo.<br \/>\nPara isso, eu intervenho principalmente em \u00f3rg\u00e3os como o Conselho Acad\u00eamico, o Conselho de Governadores e o Comit\u00ea de Cultura, para garantir que as vozes dos meus colegas estudantes sejam ouvidas. Mas al\u00e9m desse lado mais pol\u00edtico, h\u00e1 tamb\u00e9m um lado mais \"popular\", que consiste em ir diretamente ao encontro da administra\u00e7\u00e3o: o Departamento de Assuntos Estudantis (DSRVE), o Departamento de Assuntos Jur\u00eddicos (DAJMPA), os professores e at\u00e9 mesmo o Presidente. Essas reuni\u00f5es nos permitem discutir determinadas quest\u00f5es com mais profundidade, para que possamos dar andamento \u00e0s solicita\u00e7\u00f5es e aos projetos dos alunos. \u00c9 um trabalho que pode consumir bastante tempo e requer muita paci\u00eancia. \u00c9 preciso dedicar tempo para ouvir os alunos, entender suas dificuldades, analisar poss\u00edveis solu\u00e7\u00f5es e conhecer as pessoas certas com quem conversar. Por fim, grande parte do nosso trabalho envolve o contato com associa\u00e7\u00f5es de estudantes. Temos que apoi\u00e1-las em seus projetos, ajud\u00e1-las a cri\u00e1-los e coloc\u00e1-las em contato com as pessoas certas. Todas essas tarefas s\u00e3o realizadas em colabora\u00e7\u00e3o com meus colegas representantes eleitos pelos alunos.<\/p>\n<h3>Voc\u00ea acha que os alunos de hoje est\u00e3o suficientemente comprometidos?<\/h3>\n<p>Isso \u00e9 algo que meus amigos e eu observamos regularmente: n\u00e3o, os alunos n\u00e3o est\u00e3o envolvidos o suficiente. Temos algumas pessoas maravilhosas que dedicam uma quantidade enorme de seu tempo \u00e0 vida estudantil e comunit\u00e1ria, mas elas ainda s\u00e3o minoria. Muitos alunos n\u00e3o se envolvem e n\u00f3s tentamos regularmente conscientiz\u00e1-los e incutir neles uma cultura de comprometimento.<\/p>\n<h3>Quais s\u00e3o as qualidades necess\u00e1rias para ser um Student VP?<\/h3>\n<p>Na minha opini\u00e3o, para ser um Student VP, primeiro voc\u00ea precisa ser diplom\u00e1tico. O trabalho exige muitas habilidades interpessoais, capacidade de ouvir e empatia, portanto, isso \u00e9 fundamental. Tamb\u00e9m \u00e9 preciso ser capaz de suportar press\u00e3o e estresse, ser altamente motivado e, acima de tudo, ter muita imagina\u00e7\u00e3o e for\u00e7a de vontade. Afinal de contas, somos n\u00f3s que moldamos essa fun\u00e7\u00e3o \u00e0 nossa pr\u00f3pria imagem, e cada VP tem de acrescentar seu toque pessoal!<\/p>\n<h3>Como voc\u00ea administra sua dupla fun\u00e7\u00e3o de vice-presidente estudantil e estudante de gradua\u00e7\u00e3o?<\/h3>\n<p>Posso dizer que neste segundo ano da minha gradua\u00e7\u00e3o e na metade do meu mandato como Student VP, estou muito mais \u00e0 vontade com meus dois chap\u00e9us, seja em minhas rela\u00e7\u00f5es com a administra\u00e7\u00e3o ou com os professores, seja em meu trabalho pessoal. O ano passado foi muito mais complicado, porque tudo era uma quest\u00e3o de equilibrar os cursos e o trabalho. Precisei de muito tempo para encontrar o equil\u00edbrio perfeito para que uma atividade n\u00e3o se sobrepusesse \u00e0 outra. N\u00e3o foi f\u00e1cil, e no in\u00edcio meus resultados escolares foram afetados, mas agora sou muito mais cuidadoso com o tempo que dedico a cada atividade; mesmo que eu d\u00ea prioridade aos meus estudos, esse continua sendo meu objetivo principal.<\/p>\n<h3>O que essa fun\u00e7\u00e3o traz para sua vida?<\/h3>\n<p>Este trabalho me proporcionou muito em termos de habilidades interpessoais. Pude desenvolver muitas habilidades e me tornar mais maduro, al\u00e9m de compreender melhor o funcionamento da universidade como um todo. Aprendi muito participando de comit\u00eas. Mas, acima de tudo, isso me permitiu trabalhar em v\u00e1rias \u00e1reas, ser vers\u00e1til e, portanto, ter mais flexibilidade e facilidade em diferentes \u00e1reas administrativas. Tamb\u00e9m desfrutei de \u00f3timos coquet\u00e9is na universidade!<\/p>\n<h3>E para o futuro, voc\u00ea planeja continuar na pol\u00edtica?<\/h3>\n<p>Quanto ao futuro, tudo o que sei com certeza \u00e9 que vou continuar meus estudos. Se tiver a chance, vou me envolver com meus colegas estudantes, onde quer que eu esteja, mas n\u00e3o tenho grandes planos pol\u00edticos.<\/p>\n<h3>Quais s\u00e3o seus planos para o futuro?<\/h3>\n<p>Tive tempo para pensar e, agora que encontrei minha voz gra\u00e7as ao curso de Humanidades de que gosto, vou continuar com ele. Gostaria de fazer um mestrado em franc\u00eas (MEEF) e ingressar no ensino m\u00e9dio. Descobri a profiss\u00e3o de professor durante um est\u00e1gio como parte do meu treinamento e devo dizer que foi uma verdadeira revela\u00e7\u00e3o. Gostei muito, ent\u00e3o vou reunir toda a minha coragem e continuar meus estudos nessa dire\u00e7\u00e3o com o curso sandu\u00edche!<\/p>\n<\/div>\n\n\n\n\n\t\t\t<\/div> \n\t\t<\/div>\n\t<\/div> \n<\/div><\/div>","protected":false},"excerpt":{"rendered":"Tristan Baudrit, um estudante do segundo ano de literatura, \u00e9 atualmente vice-presidente estudantil da Universidade de...","protected":false},"author":1,"featured_media":9000,"comment_status":"closed","ping_status":"open","sticky":false,"template":"","format":"standard","meta":{"iawp_total_views":24,"footnotes":""},"categories":[196],"tags":[197],"class_list":{"0":"post-8999","1":"post","2":"type-post","3":"status-publish","4":"format-standard","5":"has-post-thumbnail","7":"category-portraits","8":"tag-portraits"},"yoast_head":"<!-- This site is optimized with the Yoast SEO plugin v27.5 - https:\/\/yoast.com\/product\/yoast-seo-wordpress\/ -->\n<title>Tristan \u2014 un \u00e9tudiant aux multiples casquettes &#8212; Universit\u00e9 de Guyane<\/title>\n<meta name=\"description\" content=\"D\u00e9couvrez le parcours de Tristan Baudrit, \u00e9tudiant en Lettres en Guyane. Apprenez comment il a trouv\u00e9 sa voie et pourquoi il a choisi d&#039;\u00eatre VP \u00e9tudiant.\" \/>\n<meta name=\"robots\" content=\"index, follow, max-snippet:-1, max-image-preview:large, max-video-preview:-1\" \/>\n<link rel=\"canonical\" href=\"https:\/\/www.univ-guyane.fr\/pt\/2018\/01\/02\/tristan-un-etudiant-aux-multiples-casquettes\/\" \/>\n<meta property=\"og:locale\" content=\"pt_BR\" \/>\n<meta property=\"og:type\" content=\"article\" \/>\n<meta property=\"og:title\" content=\"Tristan \u2014 un \u00e9tudiant aux multiples casquettes &#8212; Universit\u00e9 de Guyane\" \/>\n<meta property=\"og:description\" content=\"D\u00e9couvrez le parcours de Tristan Baudrit, \u00e9tudiant en Lettres en Guyane. Apprenez comment il a trouv\u00e9 sa voie et pourquoi il a choisi d&#039;\u00eatre VP \u00e9tudiant.\" \/>\n<meta property=\"og:url\" content=\"https:\/\/www.univ-guyane.fr\/pt\/2018\/01\/02\/tristan-un-etudiant-aux-multiples-casquettes\/\" \/>\n<meta property=\"og:site_name\" content=\"Universit\u00e9 de Guyane\" \/>\n<meta property=\"article:publisher\" content=\"https:\/\/www.facebook.com\/univguyane\" \/>\n<meta property=\"article:published_time\" content=\"2018-01-02T13:46:03+00:00\" \/>\n<meta property=\"article:modified_time\" content=\"2024-07-15T14:25:25+00:00\" \/>\n<meta property=\"og:image\" content=\"https:\/\/www.univ-guyane.fr\/wp-content\/uploads\/tristan-baudrit-vp-etudiant-universite-de-guyane-0398.jpeg\" \/>\n\t<meta property=\"og:image:width\" content=\"1200\" \/>\n\t<meta property=\"og:image:height\" content=\"800\" \/>\n\t<meta property=\"og:image:type\" content=\"image\/jpeg\" \/>\n<meta name=\"author\" content=\"Erick Loiti\u00e8re\" \/>\n<meta name=\"twitter:card\" content=\"summary_large_image\" \/>\n<meta name=\"twitter:creator\" content=\"@univguyane\" \/>\n<meta name=\"twitter:site\" content=\"@univguyane\" \/>\n<meta name=\"twitter:label1\" content=\"Escrito por\" \/>\n\t<meta name=\"twitter:data1\" content=\"Erick Loiti\u00e8re\" \/>\n\t<meta name=\"twitter:label2\" content=\"Est. tempo de leitura\" \/>\n\t<meta name=\"twitter:data2\" content=\"6 minutos\" \/>\n<script type=\"application\/ld+json\" class=\"yoast-schema-graph\">{\"@context\":\"https:\\\/\\\/schema.org\",\"@graph\":[{\"@type\":\"Article\",\"@id\":\"https:\\\/\\\/www.univ-guyane.fr\\\/2018\\\/01\\\/02\\\/tristan-un-etudiant-aux-multiples-casquettes\\\/#article\",\"isPartOf\":{\"@id\":\"https:\\\/\\\/www.univ-guyane.fr\\\/2018\\\/01\\\/02\\\/tristan-un-etudiant-aux-multiples-casquettes\\\/\"},\"author\":{\"name\":\"Erick Loiti\u00e8re\",\"@id\":\"https:\\\/\\\/www.univ-guyane.fr\\\/#\\\/schema\\\/person\\\/86d946a28a8be51bb096ccfdf19db179\"},\"headline\":\"Tristan \u2014 un \u00e9tudiant aux multiples casquettes\",\"datePublished\":\"2018-01-02T13:46:03+00:00\",\"dateModified\":\"2024-07-15T14:25:25+00:00\",\"mainEntityOfPage\":{\"@id\":\"https:\\\/\\\/www.univ-guyane.fr\\\/2018\\\/01\\\/02\\\/tristan-un-etudiant-aux-multiples-casquettes\\\/\"},\"wordCount\":1321,\"publisher\":{\"@id\":\"https:\\\/\\\/www.univ-guyane.fr\\\/#organization\"},\"image\":{\"@id\":\"https:\\\/\\\/www.univ-guyane.fr\\\/2018\\\/01\\\/02\\\/tristan-un-etudiant-aux-multiples-casquettes\\\/#primaryimage\"},\"thumbnailUrl\":\"https:\\\/\\\/www.univ-guyane.fr\\\/wp-content\\\/uploads\\\/tristan-baudrit-vp-etudiant-universite-de-guyane-0398.jpeg\",\"keywords\":[\"Portraits\"],\"articleSection\":[\"\u2022\u00a0Portraits\"],\"inLanguage\":\"pt-BR\"},{\"@type\":\"WebPage\",\"@id\":\"https:\\\/\\\/www.univ-guyane.fr\\\/2018\\\/01\\\/02\\\/tristan-un-etudiant-aux-multiples-casquettes\\\/\",\"url\":\"https:\\\/\\\/www.univ-guyane.fr\\\/2018\\\/01\\\/02\\\/tristan-un-etudiant-aux-multiples-casquettes\\\/\",\"name\":\"Tristan \u2014 un \u00e9tudiant aux multiples casquettes &#8212; Universit\u00e9 de Guyane\",\"isPartOf\":{\"@id\":\"https:\\\/\\\/www.univ-guyane.fr\\\/#website\"},\"primaryImageOfPage\":{\"@id\":\"https:\\\/\\\/www.univ-guyane.fr\\\/2018\\\/01\\\/02\\\/tristan-un-etudiant-aux-multiples-casquettes\\\/#primaryimage\"},\"image\":{\"@id\":\"https:\\\/\\\/www.univ-guyane.fr\\\/2018\\\/01\\\/02\\\/tristan-un-etudiant-aux-multiples-casquettes\\\/#primaryimage\"},\"thumbnailUrl\":\"https:\\\/\\\/www.univ-guyane.fr\\\/wp-content\\\/uploads\\\/tristan-baudrit-vp-etudiant-universite-de-guyane-0398.jpeg\",\"datePublished\":\"2018-01-02T13:46:03+00:00\",\"dateModified\":\"2024-07-15T14:25:25+00:00\",\"description\":\"D\u00e9couvrez le parcours de Tristan Baudrit, \u00e9tudiant en Lettres en Guyane. Apprenez comment il a trouv\u00e9 sa voie et pourquoi il a choisi d'\u00eatre VP \u00e9tudiant.\",\"breadcrumb\":{\"@id\":\"https:\\\/\\\/www.univ-guyane.fr\\\/2018\\\/01\\\/02\\\/tristan-un-etudiant-aux-multiples-casquettes\\\/#breadcrumb\"},\"inLanguage\":\"pt-BR\",\"potentialAction\":[{\"@type\":\"ReadAction\",\"target\":[\"https:\\\/\\\/www.univ-guyane.fr\\\/2018\\\/01\\\/02\\\/tristan-un-etudiant-aux-multiples-casquettes\\\/\"]}]},{\"@type\":\"ImageObject\",\"inLanguage\":\"pt-BR\",\"@id\":\"https:\\\/\\\/www.univ-guyane.fr\\\/2018\\\/01\\\/02\\\/tristan-un-etudiant-aux-multiples-casquettes\\\/#primaryimage\",\"url\":\"https:\\\/\\\/www.univ-guyane.fr\\\/wp-content\\\/uploads\\\/tristan-baudrit-vp-etudiant-universite-de-guyane-0398.jpeg\",\"contentUrl\":\"https:\\\/\\\/www.univ-guyane.fr\\\/wp-content\\\/uploads\\\/tristan-baudrit-vp-etudiant-universite-de-guyane-0398.jpeg\",\"width\":1200,\"height\":800,\"caption\":\"Tristan \u2014 un \u00e9tudiant aux multiples casquettes\"},{\"@type\":\"BreadcrumbList\",\"@id\":\"https:\\\/\\\/www.univ-guyane.fr\\\/2018\\\/01\\\/02\\\/tristan-un-etudiant-aux-multiples-casquettes\\\/#breadcrumb\",\"itemListElement\":[{\"@type\":\"ListItem\",\"position\":1,\"name\":\"Accueil\",\"item\":\"https:\\\/\\\/www.univ-guyane.fr\\\/\"},{\"@type\":\"ListItem\",\"position\":2,\"name\":\"Tristan \u2014 un \u00e9tudiant aux multiples casquettes\"}]},{\"@type\":\"WebSite\",\"@id\":\"https:\\\/\\\/www.univ-guyane.fr\\\/#website\",\"url\":\"https:\\\/\\\/www.univ-guyane.fr\\\/\",\"name\":\"Universit\u00e9 de Guyane\",\"description\":\"Au c\u0153ur de l&#039;amazonie\",\"publisher\":{\"@id\":\"https:\\\/\\\/www.univ-guyane.fr\\\/#organization\"},\"alternateName\":\"UG\",\"potentialAction\":[{\"@type\":\"SearchAction\",\"target\":{\"@type\":\"EntryPoint\",\"urlTemplate\":\"https:\\\/\\\/www.univ-guyane.fr\\\/?s={search_term_string}\"},\"query-input\":{\"@type\":\"PropertyValueSpecification\",\"valueRequired\":true,\"valueName\":\"search_term_string\"}}],\"inLanguage\":\"pt-BR\"},{\"@type\":\"Organization\",\"@id\":\"https:\\\/\\\/www.univ-guyane.fr\\\/#organization\",\"name\":\"Universit\u00e9 de Guyane\",\"alternateName\":\"UG\",\"url\":\"https:\\\/\\\/www.univ-guyane.fr\\\/\",\"logo\":{\"@type\":\"ImageObject\",\"inLanguage\":\"pt-BR\",\"@id\":\"https:\\\/\\\/www.univ-guyane.fr\\\/#\\\/schema\\\/logo\\\/image\\\/\",\"url\":\"https:\\\/\\\/www.univ-guyane.fr\\\/wp-content\\\/uploads\\\/2024\\\/05\\\/f.png\",\"contentUrl\":\"https:\\\/\\\/www.univ-guyane.fr\\\/wp-content\\\/uploads\\\/2024\\\/05\\\/f.png\",\"width\":1024,\"height\":1024,\"caption\":\"Universit\u00e9 de Guyane\"},\"image\":{\"@id\":\"https:\\\/\\\/www.univ-guyane.fr\\\/#\\\/schema\\\/logo\\\/image\\\/\"},\"sameAs\":[\"https:\\\/\\\/www.facebook.com\\\/univguyane\",\"https:\\\/\\\/x.com\\\/univguyane\",\"https:\\\/\\\/gf.linkedin.com\\\/school\\\/universite-de-guyane\\\/\",\"https:\\\/\\\/www.instagram.com\\\/univ_guyane\\\/\"]},{\"@type\":\"Person\",\"@id\":\"https:\\\/\\\/www.univ-guyane.fr\\\/#\\\/schema\\\/person\\\/86d946a28a8be51bb096ccfdf19db179\",\"name\":\"Erick Loiti\u00e8re\",\"image\":{\"@type\":\"ImageObject\",\"inLanguage\":\"pt-BR\",\"@id\":\"https:\\\/\\\/secure.gravatar.com\\\/avatar\\\/0584f332103fbeaf37e52c73b15dca3c547fd9300deb05764e9ad8714839d072?s=96&d=robohash&r=g\",\"url\":\"https:\\\/\\\/secure.gravatar.com\\\/avatar\\\/0584f332103fbeaf37e52c73b15dca3c547fd9300deb05764e9ad8714839d072?s=96&d=robohash&r=g\",\"contentUrl\":\"https:\\\/\\\/secure.gravatar.com\\\/avatar\\\/0584f332103fbeaf37e52c73b15dca3c547fd9300deb05764e9ad8714839d072?s=96&d=robohash&r=g\",\"caption\":\"Erick Loiti\u00e8re\"},\"sameAs\":[\"http:\\\/\\\/www.univ-guyane.fr\"],\"url\":\"https:\\\/\\\/www.univ-guyane.fr\\\/pt\\\/author\\\/eloitierdbz\\\/\"}]}<\/script>\n<!-- \/ Yoast SEO plugin. -->","yoast_head_json":{"title":"Tristan \u2014 un \u00e9tudiant aux multiples casquettes &#8212; Universit\u00e9 de Guyane","description":"D\u00e9couvrez le parcours de Tristan Baudrit, \u00e9tudiant en Lettres en Guyane. Apprenez comment il a trouv\u00e9 sa voie et pourquoi il a choisi d'\u00eatre VP \u00e9tudiant.","robots":{"index":"index","follow":"follow","max-snippet":"max-snippet:-1","max-image-preview":"max-image-preview:large","max-video-preview":"max-video-preview:-1"},"canonical":"https:\/\/www.univ-guyane.fr\/pt\/2018\/01\/02\/tristan-un-etudiant-aux-multiples-casquettes\/","og_locale":"pt_BR","og_type":"article","og_title":"Tristan \u2014 un \u00e9tudiant aux multiples casquettes &#8212; Universit\u00e9 de Guyane","og_description":"D\u00e9couvrez le parcours de Tristan Baudrit, \u00e9tudiant en Lettres en Guyane. Apprenez comment il a trouv\u00e9 sa voie et pourquoi il a choisi d'\u00eatre VP \u00e9tudiant.","og_url":"https:\/\/www.univ-guyane.fr\/pt\/2018\/01\/02\/tristan-un-etudiant-aux-multiples-casquettes\/","og_site_name":"Universit\u00e9 de Guyane","article_publisher":"https:\/\/www.facebook.com\/univguyane","article_published_time":"2018-01-02T13:46:03+00:00","article_modified_time":"2024-07-15T14:25:25+00:00","og_image":[{"width":1200,"height":800,"url":"https:\/\/www.univ-guyane.fr\/wp-content\/uploads\/tristan-baudrit-vp-etudiant-universite-de-guyane-0398.jpeg","type":"image\/jpeg"}],"author":"Erick Loiti\u00e8re","twitter_card":"summary_large_image","twitter_creator":"@univguyane","twitter_site":"@univguyane","twitter_misc":{"Escrito por":"Erick Loiti\u00e8re","Est. tempo de leitura":"6 minutos"},"schema":{"@context":"https:\/\/schema.org","@graph":[{"@type":"Article","@id":"https:\/\/www.univ-guyane.fr\/2018\/01\/02\/tristan-un-etudiant-aux-multiples-casquettes\/#article","isPartOf":{"@id":"https:\/\/www.univ-guyane.fr\/2018\/01\/02\/tristan-un-etudiant-aux-multiples-casquettes\/"},"author":{"name":"Erick Loiti\u00e8re","@id":"https:\/\/www.univ-guyane.fr\/#\/schema\/person\/86d946a28a8be51bb096ccfdf19db179"},"headline":"Tristan \u2014 un \u00e9tudiant aux multiples casquettes","datePublished":"2018-01-02T13:46:03+00:00","dateModified":"2024-07-15T14:25:25+00:00","mainEntityOfPage":{"@id":"https:\/\/www.univ-guyane.fr\/2018\/01\/02\/tristan-un-etudiant-aux-multiples-casquettes\/"},"wordCount":1321,"publisher":{"@id":"https:\/\/www.univ-guyane.fr\/#organization"},"image":{"@id":"https:\/\/www.univ-guyane.fr\/2018\/01\/02\/tristan-un-etudiant-aux-multiples-casquettes\/#primaryimage"},"thumbnailUrl":"https:\/\/www.univ-guyane.fr\/wp-content\/uploads\/tristan-baudrit-vp-etudiant-universite-de-guyane-0398.jpeg","keywords":["Portraits"],"articleSection":["\u2022\u00a0Portraits"],"inLanguage":"pt-BR"},{"@type":"WebPage","@id":"https:\/\/www.univ-guyane.fr\/2018\/01\/02\/tristan-un-etudiant-aux-multiples-casquettes\/","url":"https:\/\/www.univ-guyane.fr\/2018\/01\/02\/tristan-un-etudiant-aux-multiples-casquettes\/","name":"Tristan \u2014 un \u00e9tudiant aux multiples casquettes &#8212; Universit\u00e9 de Guyane","isPartOf":{"@id":"https:\/\/www.univ-guyane.fr\/#website"},"primaryImageOfPage":{"@id":"https:\/\/www.univ-guyane.fr\/2018\/01\/02\/tristan-un-etudiant-aux-multiples-casquettes\/#primaryimage"},"image":{"@id":"https:\/\/www.univ-guyane.fr\/2018\/01\/02\/tristan-un-etudiant-aux-multiples-casquettes\/#primaryimage"},"thumbnailUrl":"https:\/\/www.univ-guyane.fr\/wp-content\/uploads\/tristan-baudrit-vp-etudiant-universite-de-guyane-0398.jpeg","datePublished":"2018-01-02T13:46:03+00:00","dateModified":"2024-07-15T14:25:25+00:00","description":"D\u00e9couvrez le parcours de Tristan Baudrit, \u00e9tudiant en Lettres en Guyane. Apprenez comment il a trouv\u00e9 sa voie et pourquoi il a choisi d'\u00eatre VP \u00e9tudiant.","breadcrumb":{"@id":"https:\/\/www.univ-guyane.fr\/2018\/01\/02\/tristan-un-etudiant-aux-multiples-casquettes\/#breadcrumb"},"inLanguage":"pt-BR","potentialAction":[{"@type":"ReadAction","target":["https:\/\/www.univ-guyane.fr\/2018\/01\/02\/tristan-un-etudiant-aux-multiples-casquettes\/"]}]},{"@type":"ImageObject","inLanguage":"pt-BR","@id":"https:\/\/www.univ-guyane.fr\/2018\/01\/02\/tristan-un-etudiant-aux-multiples-casquettes\/#primaryimage","url":"https:\/\/www.univ-guyane.fr\/wp-content\/uploads\/tristan-baudrit-vp-etudiant-universite-de-guyane-0398.jpeg","contentUrl":"https:\/\/www.univ-guyane.fr\/wp-content\/uploads\/tristan-baudrit-vp-etudiant-universite-de-guyane-0398.jpeg","width":1200,"height":800,"caption":"Tristan \u2014 un \u00e9tudiant aux multiples casquettes"},{"@type":"BreadcrumbList","@id":"https:\/\/www.univ-guyane.fr\/2018\/01\/02\/tristan-un-etudiant-aux-multiples-casquettes\/#breadcrumb","itemListElement":[{"@type":"ListItem","position":1,"name":"Accueil","item":"https:\/\/www.univ-guyane.fr\/"},{"@type":"ListItem","position":2,"name":"Tristan \u2014 un \u00e9tudiant aux multiples casquettes"}]},{"@type":"WebSite","@id":"https:\/\/www.univ-guyane.fr\/#website","url":"https:\/\/www.univ-guyane.fr\/","name":"Universidade da Guiana","description":"No cora\u00e7\u00e3o da Amaz\u00f4nia","publisher":{"@id":"https:\/\/www.univ-guyane.fr\/#organization"},"alternateName":"UG","potentialAction":[{"@type":"SearchAction","target":{"@type":"EntryPoint","urlTemplate":"https:\/\/www.univ-guyane.fr\/?s={search_term_string}"},"query-input":{"@type":"PropertyValueSpecification","valueRequired":true,"valueName":"search_term_string"}}],"inLanguage":"pt-BR"},{"@type":"Organization","@id":"https:\/\/www.univ-guyane.fr\/#organization","name":"Universidade da Guiana","alternateName":"UG","url":"https:\/\/www.univ-guyane.fr\/","logo":{"@type":"ImageObject","inLanguage":"pt-BR","@id":"https:\/\/www.univ-guyane.fr\/#\/schema\/logo\/image\/","url":"https:\/\/www.univ-guyane.fr\/wp-content\/uploads\/2024\/05\/f.png","contentUrl":"https:\/\/www.univ-guyane.fr\/wp-content\/uploads\/2024\/05\/f.png","width":1024,"height":1024,"caption":"Universit\u00e9 de Guyane"},"image":{"@id":"https:\/\/www.univ-guyane.fr\/#\/schema\/logo\/image\/"},"sameAs":["https:\/\/www.facebook.com\/univguyane","https:\/\/x.com\/univguyane","https:\/\/gf.linkedin.com\/school\/universite-de-guyane\/","https:\/\/www.instagram.com\/univ_guyane\/"]},{"@type":"Person","@id":"https:\/\/www.univ-guyane.fr\/#\/schema\/person\/86d946a28a8be51bb096ccfdf19db179","name":"Erick Loiti\u00e8re","image":{"@type":"ImageObject","inLanguage":"pt-BR","@id":"https:\/\/secure.gravatar.com\/avatar\/0584f332103fbeaf37e52c73b15dca3c547fd9300deb05764e9ad8714839d072?s=96&d=robohash&r=g","url":"https:\/\/secure.gravatar.com\/avatar\/0584f332103fbeaf37e52c73b15dca3c547fd9300deb05764e9ad8714839d072?s=96&d=robohash&r=g","contentUrl":"https:\/\/secure.gravatar.com\/avatar\/0584f332103fbeaf37e52c73b15dca3c547fd9300deb05764e9ad8714839d072?s=96&d=robohash&r=g","caption":"Erick Loiti\u00e8re"},"sameAs":["http:\/\/www.univ-guyane.fr"],"url":"https:\/\/www.univ-guyane.fr\/pt\/author\/eloitierdbz\/"}]}},"_links":{"self":[{"href":"https:\/\/www.univ-guyane.fr\/pt\/wp-json\/wp\/v2\/posts\/8999","targetHints":{"allow":["GET"]}}],"collection":[{"href":"https:\/\/www.univ-guyane.fr\/pt\/wp-json\/wp\/v2\/posts"}],"about":[{"href":"https:\/\/www.univ-guyane.fr\/pt\/wp-json\/wp\/v2\/types\/post"}],"author":[{"embeddable":true,"href":"https:\/\/www.univ-guyane.fr\/pt\/wp-json\/wp\/v2\/users\/1"}],"replies":[{"embeddable":true,"href":"https:\/\/www.univ-guyane.fr\/pt\/wp-json\/wp\/v2\/comments?post=8999"}],"version-history":[{"count":3,"href":"https:\/\/www.univ-guyane.fr\/pt\/wp-json\/wp\/v2\/posts\/8999\/revisions"}],"predecessor-version":[{"id":10024,"href":"https:\/\/www.univ-guyane.fr\/pt\/wp-json\/wp\/v2\/posts\/8999\/revisions\/10024"}],"wp:featuredmedia":[{"embeddable":true,"href":"https:\/\/www.univ-guyane.fr\/pt\/wp-json\/wp\/v2\/media\/9000"}],"wp:attachment":[{"href":"https:\/\/www.univ-guyane.fr\/pt\/wp-json\/wp\/v2\/media?parent=8999"}],"wp:term":[{"taxonomy":"category","embeddable":true,"href":"https:\/\/www.univ-guyane.fr\/pt\/wp-json\/wp\/v2\/categories?post=8999"},{"taxonomy":"post_tag","embeddable":true,"href":"https:\/\/www.univ-guyane.fr\/pt\/wp-json\/wp\/v2\/tags?post=8999"}],"curies":[{"name":"wp","href":"https:\/\/api.w.org\/{rel}","templated":true}]}}