{"id":9006,"date":"2017-11-21T11:05:09","date_gmt":"2017-11-21T14:05:09","guid":{"rendered":"https:\/\/www.univ-guyane.fr\/?p=9006"},"modified":"2024-07-15T09:55:53","modified_gmt":"2024-07-15T12:55:53","slug":"rudmila-apprendre-un-metier-grace-au-service-civique","status":"publish","type":"post","link":"https:\/\/www.univ-guyane.fr\/pt\/2017\/11\/21\/rudmila-apprendre-un-metier-grace-au-service-civique\/","title":{"rendered":"Rudmila - Aprendendo uma profiss\u00e3o por meio do servi\u00e7o c\u00edvico"},"content":{"rendered":"<div id=\"fws_69f3a91282953\"  data-column-margin=\"default\" data-midnight=\"dark\"  class=\"wpb_row vc_row-fluid vc_row\"  style=\"padding-top: 0px; padding-bottom: 0px; \"><div class=\"row-bg-wrap\" data-bg-animation=\"none\" data-bg-animation-delay=\"\" data-bg-overlay=\"false\"><div class=\"inner-wrap row-bg-layer\" ><div class=\"row-bg viewport-desktop\"  style=\"\"><\/div><\/div><\/div><div class=\"row_col_wrap_12 col span_12 dark left\">\n\t<div  class=\"vc_col-sm-12 wpb_column column_container vc_column_container col no-extra-padding inherit_tablet inherit_phone\"  data-padding-pos=\"all\" data-has-bg-color=\"false\" data-bg-color=\"\" data-bg-opacity=\"1\" data-animation=\"\" data-delay=\"0\" >\n\t\t<div class=\"vc_column-inner\" >\n\t\t\t<div class=\"wpb_wrapper\">\n\t\t\t\t\n<div class=\"wpb_text_column wpb_content_element  chapo\" >\n\t<h2>Rudmila, 20 anos, aluna do Mestrado PIETAS da ESPE, conta-nos sua experi\u00eancia de servi\u00e7o c\u00edvico com o DOSIP. Retrato de uma estudante comprometida com a comunidade.<\/h2>\n<\/div>\n\n\n\n\n<div class=\"wpb_text_column wpb_content_element\" >\n\t<h3><strong>Apresente-se.<\/strong><\/h3>\n<p>Meu nome \u00e9 Rudmila, tenho 20 anos e sou bacharel em literatura, com especializa\u00e7\u00e3o em direito e nas principais quest\u00f5es do mundo contempor\u00e2neo. Em seguida, fiz um curso de ci\u00eancias sociais e servi\u00e7o social na Universidade da Guiana. Sou estudante da Universidade da Guiana h\u00e1 quatro anos e atualmente estou fazendo mestrado em Educa\u00e7\u00e3o e Pr\u00e1tica de Trabalho Social e Engenharia. Como minha forma\u00e7\u00e3o indica, quero trabalhar na \u00e1rea social.<\/p>\n<h3>Pode nos falar sobre o servi\u00e7o c\u00edvico?<strong><br \/>\n<\/strong><\/h3>\n<p>Em minha opini\u00e3o, o servi\u00e7o c\u00edvico \u00e9 mais do que apenas o que se v\u00ea escrito em todos os lugares. \u00c9 uma oportunidade de participar de uma estrutura ou organiza\u00e7\u00e3o com a qual voc\u00ea compartilha os mesmos valores, mas tamb\u00e9m de desenvolver habilidades novas e gratificantes. O objetivo \u00e9 poder assumir um compromisso que est\u00e1 em seu cora\u00e7\u00e3o e ajudar no atendimento ao interesse geral, ao mesmo tempo em que recebe uma compensa\u00e7\u00e3o financeira.<\/p>\n<h3>Por que voc\u00ea se candidatou ao servi\u00e7o c\u00edvico na DOSIP?<\/h3>\n<p>Candidatei-me ao emprego na DOSIP (Direction de l'Orientation des Stages et de l'Insertion Professionnelle) porque era o departamento que melhor correspondia a mim, dada a minha forma\u00e7\u00e3o universit\u00e1ria ligada \u00e0 integra\u00e7\u00e3o profissional, mas tamb\u00e9m porque era o que melhor atendia \u00e0s minhas expectativas em termos de plano de carreira. Eu realmente queria ser considerado para o cargo. Foi um servi\u00e7o c\u00edvico feito sob medida para mim, pois a integra\u00e7\u00e3o profissional \u00e9 um dos aspectos da minha forma\u00e7\u00e3o e ainda entro em contato com o ambiente universit\u00e1rio todos os dias. Para mim, o DOSIP foi o melhor servi\u00e7o para me proporcionar uma nova experi\u00eancia de acordo com meus objetivos profissionais.<\/p>\n<h3>Qual era sua miss\u00e3o e quais s\u00e3o seus projetos atuais?<\/h3>\n<p>Durante meu servi\u00e7o c\u00edvico, fui respons\u00e1vel pela pesquisa ministerial sobre a integra\u00e7\u00e3o profissional de ex-graduados da Universidade da Guiana e tamb\u00e9m prestei apoio a outras miss\u00f5es do DOSIP, como aconselhamento sobre carreiras. Gra\u00e7as a essa grande oportunidade e \u00e0 confian\u00e7a de meus superiores, pude assumir a responsabilidade por um projeto e gerenci\u00e1-lo de forma independente: ajudei a organizar a F\u00eate de la Science. Fui o principal respons\u00e1vel pela Science Village, que ocorreu durante a semana de 7 a 15 de outubro de 2017 no Campus Troubiran da Universidade. Desejando me tornar um gerente de projetos em desenvolvimento local e a\u00e7\u00e3o social, essa experi\u00eancia apenas confirmou minha escolha de carreira.<\/p>\n<h3>O que voc\u00ea aprendeu durante seu servi\u00e7o c\u00edvico e acha que essa experi\u00eancia ser\u00e1 \u00fatil para voc\u00ea no futuro?<\/h3>\n<p>Gra\u00e7as ao meu servi\u00e7o c\u00edvico, descobri as profiss\u00f5es administrativas e desenvolvi um gosto especial por elas, por isso estou ansioso para me preparar para os exames de admiss\u00e3o administrativos, por isso vou concluir meu mestrado na ESPE e aproveitar todas as oportunidades que me ser\u00e3o oferecidas nos campos que escolhi.<\/p>\n<h3>Algum conselho para os alunos da UG?<strong><br \/>\n<\/strong><\/h3>\n<p>N\u00e3o tenho necessariamente um conselho a dar aos alunos, mas os incentivaria a diversificar, a descompartimentar nosso aprendizado para ter essa abertura para o mundo que \u00e9 t\u00e3o ben\u00e9fica para o desenvolvimento de nossa regi\u00e3o.<\/p>\n<\/div>\n\n\n\n\n\t\t\t<\/div> \n\t\t<\/div>\n\t<\/div> \n<\/div><\/div>","protected":false},"excerpt":{"rendered":"Rudmila, 20 anos, aluna do mestrado PIETAS na ESPE, nos conta sobre sua experi\u00eancia no programa...","protected":false},"author":1,"featured_media":9007,"comment_status":"closed","ping_status":"open","sticky":false,"template":"","format":"standard","meta":{"iawp_total_views":28,"footnotes":""},"categories":[196],"tags":[197],"class_list":{"0":"post-9006","1":"post","2":"type-post","3":"status-publish","4":"format-standard","5":"has-post-thumbnail","7":"category-portraits","8":"tag-portraits"},"yoast_head":"<!-- This site is optimized with the Yoast SEO plugin v27.5 - https:\/\/yoast.com\/product\/yoast-seo-wordpress\/ -->\n<title>Rudmila \u2013 Apprendre un m\u00e9tier gr\u00e2ce au service civique &#8212; Universit\u00e9 de Guyane<\/title>\n<meta name=\"description\" content=\"Rudmila partage son parcours dans le service civique et comment cela l&#039;a aid\u00e9e \u00e0 se former dans le domaine social.\" \/>\n<meta name=\"robots\" content=\"index, follow, max-snippet:-1, max-image-preview:large, max-video-preview:-1\" \/>\n<link rel=\"canonical\" href=\"https:\/\/www.univ-guyane.fr\/pt\/2017\/11\/21\/rudmila-apprendre-un-metier-grace-au-service-civique\/\" \/>\n<meta property=\"og:locale\" content=\"pt_BR\" \/>\n<meta property=\"og:type\" content=\"article\" \/>\n<meta property=\"og:title\" content=\"Rudmila \u2013 Apprendre un m\u00e9tier gr\u00e2ce au service civique &#8212; Universit\u00e9 de Guyane\" \/>\n<meta property=\"og:description\" content=\"Rudmila partage son parcours dans le service civique et comment cela l&#039;a aid\u00e9e \u00e0 se former dans le domaine social.\" \/>\n<meta property=\"og:url\" content=\"https:\/\/www.univ-guyane.fr\/pt\/2017\/11\/21\/rudmila-apprendre-un-metier-grace-au-service-civique\/\" \/>\n<meta property=\"og:site_name\" content=\"Universit\u00e9 de Guyane\" \/>\n<meta property=\"article:publisher\" content=\"https:\/\/www.facebook.com\/univguyane\" \/>\n<meta property=\"article:published_time\" content=\"2017-11-21T14:05:09+00:00\" \/>\n<meta property=\"article:modified_time\" content=\"2024-07-15T12:55:53+00:00\" \/>\n<meta property=\"og:image\" content=\"https:\/\/www.univ-guyane.fr\/wp-content\/uploads\/portrait-rudmila-portut-service-civique-universite-de-guyane-9905.jpeg\" \/>\n\t<meta property=\"og:image:width\" content=\"1200\" \/>\n\t<meta property=\"og:image:height\" content=\"800\" \/>\n\t<meta property=\"og:image:type\" content=\"image\/jpeg\" \/>\n<meta name=\"author\" content=\"Erick Loiti\u00e8re\" \/>\n<meta name=\"twitter:card\" content=\"summary_large_image\" \/>\n<meta name=\"twitter:creator\" content=\"@univguyane\" \/>\n<meta name=\"twitter:site\" content=\"@univguyane\" \/>\n<meta name=\"twitter:label1\" content=\"Escrito por\" \/>\n\t<meta name=\"twitter:data1\" content=\"Erick Loiti\u00e8re\" \/>\n\t<meta name=\"twitter:label2\" content=\"Est. tempo de leitura\" \/>\n\t<meta name=\"twitter:data2\" content=\"4 minutos\" \/>\n<script type=\"application\/ld+json\" class=\"yoast-schema-graph\">{\"@context\":\"https:\\\/\\\/schema.org\",\"@graph\":[{\"@type\":\"Article\",\"@id\":\"https:\\\/\\\/www.univ-guyane.fr\\\/2017\\\/11\\\/21\\\/rudmila-apprendre-un-metier-grace-au-service-civique\\\/#article\",\"isPartOf\":{\"@id\":\"https:\\\/\\\/www.univ-guyane.fr\\\/2017\\\/11\\\/21\\\/rudmila-apprendre-un-metier-grace-au-service-civique\\\/\"},\"author\":{\"name\":\"Erick Loiti\u00e8re\",\"@id\":\"https:\\\/\\\/www.univ-guyane.fr\\\/#\\\/schema\\\/person\\\/86d946a28a8be51bb096ccfdf19db179\"},\"headline\":\"Rudmila \u2013 Apprendre un m\u00e9tier gr\u00e2ce au service civique\",\"datePublished\":\"2017-11-21T14:05:09+00:00\",\"dateModified\":\"2024-07-15T12:55:53+00:00\",\"mainEntityOfPage\":{\"@id\":\"https:\\\/\\\/www.univ-guyane.fr\\\/2017\\\/11\\\/21\\\/rudmila-apprendre-un-metier-grace-au-service-civique\\\/\"},\"wordCount\":802,\"publisher\":{\"@id\":\"https:\\\/\\\/www.univ-guyane.fr\\\/#organization\"},\"image\":{\"@id\":\"https:\\\/\\\/www.univ-guyane.fr\\\/2017\\\/11\\\/21\\\/rudmila-apprendre-un-metier-grace-au-service-civique\\\/#primaryimage\"},\"thumbnailUrl\":\"https:\\\/\\\/www.univ-guyane.fr\\\/wp-content\\\/uploads\\\/portrait-rudmila-portut-service-civique-universite-de-guyane-9905.jpeg\",\"keywords\":[\"Portraits\"],\"articleSection\":[\"\u2022\u00a0Portraits\"],\"inLanguage\":\"pt-BR\"},{\"@type\":\"WebPage\",\"@id\":\"https:\\\/\\\/www.univ-guyane.fr\\\/2017\\\/11\\\/21\\\/rudmila-apprendre-un-metier-grace-au-service-civique\\\/\",\"url\":\"https:\\\/\\\/www.univ-guyane.fr\\\/2017\\\/11\\\/21\\\/rudmila-apprendre-un-metier-grace-au-service-civique\\\/\",\"name\":\"Rudmila \u2013 Apprendre un m\u00e9tier gr\u00e2ce au service civique &#8212; Universit\u00e9 de Guyane\",\"isPartOf\":{\"@id\":\"https:\\\/\\\/www.univ-guyane.fr\\\/#website\"},\"primaryImageOfPage\":{\"@id\":\"https:\\\/\\\/www.univ-guyane.fr\\\/2017\\\/11\\\/21\\\/rudmila-apprendre-un-metier-grace-au-service-civique\\\/#primaryimage\"},\"image\":{\"@id\":\"https:\\\/\\\/www.univ-guyane.fr\\\/2017\\\/11\\\/21\\\/rudmila-apprendre-un-metier-grace-au-service-civique\\\/#primaryimage\"},\"thumbnailUrl\":\"https:\\\/\\\/www.univ-guyane.fr\\\/wp-content\\\/uploads\\\/portrait-rudmila-portut-service-civique-universite-de-guyane-9905.jpeg\",\"datePublished\":\"2017-11-21T14:05:09+00:00\",\"dateModified\":\"2024-07-15T12:55:53+00:00\",\"description\":\"Rudmila partage son parcours dans le service civique et comment cela l'a aid\u00e9e \u00e0 se former dans le domaine social.\",\"breadcrumb\":{\"@id\":\"https:\\\/\\\/www.univ-guyane.fr\\\/2017\\\/11\\\/21\\\/rudmila-apprendre-un-metier-grace-au-service-civique\\\/#breadcrumb\"},\"inLanguage\":\"pt-BR\",\"potentialAction\":[{\"@type\":\"ReadAction\",\"target\":[\"https:\\\/\\\/www.univ-guyane.fr\\\/2017\\\/11\\\/21\\\/rudmila-apprendre-un-metier-grace-au-service-civique\\\/\"]}]},{\"@type\":\"ImageObject\",\"inLanguage\":\"pt-BR\",\"@id\":\"https:\\\/\\\/www.univ-guyane.fr\\\/2017\\\/11\\\/21\\\/rudmila-apprendre-un-metier-grace-au-service-civique\\\/#primaryimage\",\"url\":\"https:\\\/\\\/www.univ-guyane.fr\\\/wp-content\\\/uploads\\\/portrait-rudmila-portut-service-civique-universite-de-guyane-9905.jpeg\",\"contentUrl\":\"https:\\\/\\\/www.univ-guyane.fr\\\/wp-content\\\/uploads\\\/portrait-rudmila-portut-service-civique-universite-de-guyane-9905.jpeg\",\"width\":1200,\"height\":800,\"caption\":\"Rudmila \u2013 Apprendre un m\u00e9tier gr\u00e2ce au service civique\"},{\"@type\":\"BreadcrumbList\",\"@id\":\"https:\\\/\\\/www.univ-guyane.fr\\\/2017\\\/11\\\/21\\\/rudmila-apprendre-un-metier-grace-au-service-civique\\\/#breadcrumb\",\"itemListElement\":[{\"@type\":\"ListItem\",\"position\":1,\"name\":\"Accueil\",\"item\":\"https:\\\/\\\/www.univ-guyane.fr\\\/\"},{\"@type\":\"ListItem\",\"position\":2,\"name\":\"Rudmila \u2013 Apprendre un m\u00e9tier gr\u00e2ce au service civique\"}]},{\"@type\":\"WebSite\",\"@id\":\"https:\\\/\\\/www.univ-guyane.fr\\\/#website\",\"url\":\"https:\\\/\\\/www.univ-guyane.fr\\\/\",\"name\":\"Universit\u00e9 de Guyane\",\"description\":\"Au c\u0153ur de l&#039;amazonie\",\"publisher\":{\"@id\":\"https:\\\/\\\/www.univ-guyane.fr\\\/#organization\"},\"alternateName\":\"UG\",\"potentialAction\":[{\"@type\":\"SearchAction\",\"target\":{\"@type\":\"EntryPoint\",\"urlTemplate\":\"https:\\\/\\\/www.univ-guyane.fr\\\/?s={search_term_string}\"},\"query-input\":{\"@type\":\"PropertyValueSpecification\",\"valueRequired\":true,\"valueName\":\"search_term_string\"}}],\"inLanguage\":\"pt-BR\"},{\"@type\":\"Organization\",\"@id\":\"https:\\\/\\\/www.univ-guyane.fr\\\/#organization\",\"name\":\"Universit\u00e9 de Guyane\",\"alternateName\":\"UG\",\"url\":\"https:\\\/\\\/www.univ-guyane.fr\\\/\",\"logo\":{\"@type\":\"ImageObject\",\"inLanguage\":\"pt-BR\",\"@id\":\"https:\\\/\\\/www.univ-guyane.fr\\\/#\\\/schema\\\/logo\\\/image\\\/\",\"url\":\"https:\\\/\\\/www.univ-guyane.fr\\\/wp-content\\\/uploads\\\/2024\\\/05\\\/f.png\",\"contentUrl\":\"https:\\\/\\\/www.univ-guyane.fr\\\/wp-content\\\/uploads\\\/2024\\\/05\\\/f.png\",\"width\":1024,\"height\":1024,\"caption\":\"Universit\u00e9 de Guyane\"},\"image\":{\"@id\":\"https:\\\/\\\/www.univ-guyane.fr\\\/#\\\/schema\\\/logo\\\/image\\\/\"},\"sameAs\":[\"https:\\\/\\\/www.facebook.com\\\/univguyane\",\"https:\\\/\\\/x.com\\\/univguyane\",\"https:\\\/\\\/gf.linkedin.com\\\/school\\\/universite-de-guyane\\\/\",\"https:\\\/\\\/www.instagram.com\\\/univ_guyane\\\/\"]},{\"@type\":\"Person\",\"@id\":\"https:\\\/\\\/www.univ-guyane.fr\\\/#\\\/schema\\\/person\\\/86d946a28a8be51bb096ccfdf19db179\",\"name\":\"Erick Loiti\u00e8re\",\"image\":{\"@type\":\"ImageObject\",\"inLanguage\":\"pt-BR\",\"@id\":\"https:\\\/\\\/secure.gravatar.com\\\/avatar\\\/0584f332103fbeaf37e52c73b15dca3c547fd9300deb05764e9ad8714839d072?s=96&d=robohash&r=g\",\"url\":\"https:\\\/\\\/secure.gravatar.com\\\/avatar\\\/0584f332103fbeaf37e52c73b15dca3c547fd9300deb05764e9ad8714839d072?s=96&d=robohash&r=g\",\"contentUrl\":\"https:\\\/\\\/secure.gravatar.com\\\/avatar\\\/0584f332103fbeaf37e52c73b15dca3c547fd9300deb05764e9ad8714839d072?s=96&d=robohash&r=g\",\"caption\":\"Erick Loiti\u00e8re\"},\"sameAs\":[\"http:\\\/\\\/www.univ-guyane.fr\"],\"url\":\"https:\\\/\\\/www.univ-guyane.fr\\\/pt\\\/author\\\/eloitierdbz\\\/\"}]}<\/script>\n<!-- \/ Yoast SEO plugin. -->","yoast_head_json":{"title":"Rudmila \u2013 Apprendre un m\u00e9tier gr\u00e2ce au service civique &#8212; Universit\u00e9 de Guyane","description":"Rudmila partage son parcours dans le service civique et comment cela l'a aid\u00e9e \u00e0 se former dans le domaine social.","robots":{"index":"index","follow":"follow","max-snippet":"max-snippet:-1","max-image-preview":"max-image-preview:large","max-video-preview":"max-video-preview:-1"},"canonical":"https:\/\/www.univ-guyane.fr\/pt\/2017\/11\/21\/rudmila-apprendre-un-metier-grace-au-service-civique\/","og_locale":"pt_BR","og_type":"article","og_title":"Rudmila \u2013 Apprendre un m\u00e9tier gr\u00e2ce au service civique &#8212; Universit\u00e9 de Guyane","og_description":"Rudmila partage son parcours dans le service civique et comment cela l'a aid\u00e9e \u00e0 se former dans le domaine social.","og_url":"https:\/\/www.univ-guyane.fr\/pt\/2017\/11\/21\/rudmila-apprendre-un-metier-grace-au-service-civique\/","og_site_name":"Universit\u00e9 de Guyane","article_publisher":"https:\/\/www.facebook.com\/univguyane","article_published_time":"2017-11-21T14:05:09+00:00","article_modified_time":"2024-07-15T12:55:53+00:00","og_image":[{"width":1200,"height":800,"url":"https:\/\/www.univ-guyane.fr\/wp-content\/uploads\/portrait-rudmila-portut-service-civique-universite-de-guyane-9905.jpeg","type":"image\/jpeg"}],"author":"Erick Loiti\u00e8re","twitter_card":"summary_large_image","twitter_creator":"@univguyane","twitter_site":"@univguyane","twitter_misc":{"Escrito por":"Erick Loiti\u00e8re","Est. tempo de leitura":"4 minutos"},"schema":{"@context":"https:\/\/schema.org","@graph":[{"@type":"Article","@id":"https:\/\/www.univ-guyane.fr\/2017\/11\/21\/rudmila-apprendre-un-metier-grace-au-service-civique\/#article","isPartOf":{"@id":"https:\/\/www.univ-guyane.fr\/2017\/11\/21\/rudmila-apprendre-un-metier-grace-au-service-civique\/"},"author":{"name":"Erick Loiti\u00e8re","@id":"https:\/\/www.univ-guyane.fr\/#\/schema\/person\/86d946a28a8be51bb096ccfdf19db179"},"headline":"Rudmila \u2013 Apprendre un m\u00e9tier gr\u00e2ce au service civique","datePublished":"2017-11-21T14:05:09+00:00","dateModified":"2024-07-15T12:55:53+00:00","mainEntityOfPage":{"@id":"https:\/\/www.univ-guyane.fr\/2017\/11\/21\/rudmila-apprendre-un-metier-grace-au-service-civique\/"},"wordCount":802,"publisher":{"@id":"https:\/\/www.univ-guyane.fr\/#organization"},"image":{"@id":"https:\/\/www.univ-guyane.fr\/2017\/11\/21\/rudmila-apprendre-un-metier-grace-au-service-civique\/#primaryimage"},"thumbnailUrl":"https:\/\/www.univ-guyane.fr\/wp-content\/uploads\/portrait-rudmila-portut-service-civique-universite-de-guyane-9905.jpeg","keywords":["Portraits"],"articleSection":["\u2022\u00a0Portraits"],"inLanguage":"pt-BR"},{"@type":"WebPage","@id":"https:\/\/www.univ-guyane.fr\/2017\/11\/21\/rudmila-apprendre-un-metier-grace-au-service-civique\/","url":"https:\/\/www.univ-guyane.fr\/2017\/11\/21\/rudmila-apprendre-un-metier-grace-au-service-civique\/","name":"Rudmila \u2013 Apprendre un m\u00e9tier gr\u00e2ce au service civique &#8212; Universit\u00e9 de Guyane","isPartOf":{"@id":"https:\/\/www.univ-guyane.fr\/#website"},"primaryImageOfPage":{"@id":"https:\/\/www.univ-guyane.fr\/2017\/11\/21\/rudmila-apprendre-un-metier-grace-au-service-civique\/#primaryimage"},"image":{"@id":"https:\/\/www.univ-guyane.fr\/2017\/11\/21\/rudmila-apprendre-un-metier-grace-au-service-civique\/#primaryimage"},"thumbnailUrl":"https:\/\/www.univ-guyane.fr\/wp-content\/uploads\/portrait-rudmila-portut-service-civique-universite-de-guyane-9905.jpeg","datePublished":"2017-11-21T14:05:09+00:00","dateModified":"2024-07-15T12:55:53+00:00","description":"Rudmila partage son parcours dans le service civique et comment cela l'a aid\u00e9e \u00e0 se former dans le domaine social.","breadcrumb":{"@id":"https:\/\/www.univ-guyane.fr\/2017\/11\/21\/rudmila-apprendre-un-metier-grace-au-service-civique\/#breadcrumb"},"inLanguage":"pt-BR","potentialAction":[{"@type":"ReadAction","target":["https:\/\/www.univ-guyane.fr\/2017\/11\/21\/rudmila-apprendre-un-metier-grace-au-service-civique\/"]}]},{"@type":"ImageObject","inLanguage":"pt-BR","@id":"https:\/\/www.univ-guyane.fr\/2017\/11\/21\/rudmila-apprendre-un-metier-grace-au-service-civique\/#primaryimage","url":"https:\/\/www.univ-guyane.fr\/wp-content\/uploads\/portrait-rudmila-portut-service-civique-universite-de-guyane-9905.jpeg","contentUrl":"https:\/\/www.univ-guyane.fr\/wp-content\/uploads\/portrait-rudmila-portut-service-civique-universite-de-guyane-9905.jpeg","width":1200,"height":800,"caption":"Rudmila \u2013 Apprendre un m\u00e9tier gr\u00e2ce au service civique"},{"@type":"BreadcrumbList","@id":"https:\/\/www.univ-guyane.fr\/2017\/11\/21\/rudmila-apprendre-un-metier-grace-au-service-civique\/#breadcrumb","itemListElement":[{"@type":"ListItem","position":1,"name":"Accueil","item":"https:\/\/www.univ-guyane.fr\/"},{"@type":"ListItem","position":2,"name":"Rudmila \u2013 Apprendre un m\u00e9tier gr\u00e2ce au service civique"}]},{"@type":"WebSite","@id":"https:\/\/www.univ-guyane.fr\/#website","url":"https:\/\/www.univ-guyane.fr\/","name":"Universidade da Guiana","description":"No cora\u00e7\u00e3o da Amaz\u00f4nia","publisher":{"@id":"https:\/\/www.univ-guyane.fr\/#organization"},"alternateName":"UG","potentialAction":[{"@type":"SearchAction","target":{"@type":"EntryPoint","urlTemplate":"https:\/\/www.univ-guyane.fr\/?s={search_term_string}"},"query-input":{"@type":"PropertyValueSpecification","valueRequired":true,"valueName":"search_term_string"}}],"inLanguage":"pt-BR"},{"@type":"Organization","@id":"https:\/\/www.univ-guyane.fr\/#organization","name":"Universidade da Guiana","alternateName":"UG","url":"https:\/\/www.univ-guyane.fr\/","logo":{"@type":"ImageObject","inLanguage":"pt-BR","@id":"https:\/\/www.univ-guyane.fr\/#\/schema\/logo\/image\/","url":"https:\/\/www.univ-guyane.fr\/wp-content\/uploads\/2024\/05\/f.png","contentUrl":"https:\/\/www.univ-guyane.fr\/wp-content\/uploads\/2024\/05\/f.png","width":1024,"height":1024,"caption":"Universit\u00e9 de Guyane"},"image":{"@id":"https:\/\/www.univ-guyane.fr\/#\/schema\/logo\/image\/"},"sameAs":["https:\/\/www.facebook.com\/univguyane","https:\/\/x.com\/univguyane","https:\/\/gf.linkedin.com\/school\/universite-de-guyane\/","https:\/\/www.instagram.com\/univ_guyane\/"]},{"@type":"Person","@id":"https:\/\/www.univ-guyane.fr\/#\/schema\/person\/86d946a28a8be51bb096ccfdf19db179","name":"Erick Loiti\u00e8re","image":{"@type":"ImageObject","inLanguage":"pt-BR","@id":"https:\/\/secure.gravatar.com\/avatar\/0584f332103fbeaf37e52c73b15dca3c547fd9300deb05764e9ad8714839d072?s=96&d=robohash&r=g","url":"https:\/\/secure.gravatar.com\/avatar\/0584f332103fbeaf37e52c73b15dca3c547fd9300deb05764e9ad8714839d072?s=96&d=robohash&r=g","contentUrl":"https:\/\/secure.gravatar.com\/avatar\/0584f332103fbeaf37e52c73b15dca3c547fd9300deb05764e9ad8714839d072?s=96&d=robohash&r=g","caption":"Erick Loiti\u00e8re"},"sameAs":["http:\/\/www.univ-guyane.fr"],"url":"https:\/\/www.univ-guyane.fr\/pt\/author\/eloitierdbz\/"}]}},"_links":{"self":[{"href":"https:\/\/www.univ-guyane.fr\/pt\/wp-json\/wp\/v2\/posts\/9006","targetHints":{"allow":["GET"]}}],"collection":[{"href":"https:\/\/www.univ-guyane.fr\/pt\/wp-json\/wp\/v2\/posts"}],"about":[{"href":"https:\/\/www.univ-guyane.fr\/pt\/wp-json\/wp\/v2\/types\/post"}],"author":[{"embeddable":true,"href":"https:\/\/www.univ-guyane.fr\/pt\/wp-json\/wp\/v2\/users\/1"}],"replies":[{"embeddable":true,"href":"https:\/\/www.univ-guyane.fr\/pt\/wp-json\/wp\/v2\/comments?post=9006"}],"version-history":[{"count":3,"href":"https:\/\/www.univ-guyane.fr\/pt\/wp-json\/wp\/v2\/posts\/9006\/revisions"}],"predecessor-version":[{"id":10005,"href":"https:\/\/www.univ-guyane.fr\/pt\/wp-json\/wp\/v2\/posts\/9006\/revisions\/10005"}],"wp:featuredmedia":[{"embeddable":true,"href":"https:\/\/www.univ-guyane.fr\/pt\/wp-json\/wp\/v2\/media\/9007"}],"wp:attachment":[{"href":"https:\/\/www.univ-guyane.fr\/pt\/wp-json\/wp\/v2\/media?parent=9006"}],"wp:term":[{"taxonomy":"category","embeddable":true,"href":"https:\/\/www.univ-guyane.fr\/pt\/wp-json\/wp\/v2\/categories?post=9006"},{"taxonomy":"post_tag","embeddable":true,"href":"https:\/\/www.univ-guyane.fr\/pt\/wp-json\/wp\/v2\/tags?post=9006"}],"curies":[{"name":"wp","href":"https:\/\/api.w.org\/{rel}","templated":true}]}}