{"id":9415,"date":"2020-03-05T11:07:22","date_gmt":"2020-03-05T14:07:22","guid":{"rendered":"https:\/\/www.univ-guyane.fr\/?p=9415"},"modified":"2024-06-27T11:16:09","modified_gmt":"2024-06-27T14:16:09","slug":"transition-energetique-dans-un-contexte-africain","status":"publish","type":"post","link":"https:\/\/www.univ-guyane.fr\/pt\/2020\/03\/05\/transition-energetique-dans-un-contexte-africain\/","title":{"rendered":"Transi\u00e7\u00e3o energ\u00e9tica em um contexto africano"},"content":{"rendered":"<div id=\"fws_69f3d6978f0f0\"  data-column-margin=\"default\" data-midnight=\"dark\"  class=\"wpb_row vc_row-fluid vc_row\"  style=\"padding-top: 0px; padding-bottom: 0px; \"><div class=\"row-bg-wrap\" data-bg-animation=\"none\" data-bg-animation-delay=\"\" data-bg-overlay=\"false\"><div class=\"inner-wrap row-bg-layer\" ><div class=\"row-bg viewport-desktop\"  style=\"\"><\/div><\/div><\/div><div class=\"row_col_wrap_12 col span_12 dark left\">\n\t<div  class=\"vc_col-sm-12 wpb_column column_container vc_column_container col no-extra-padding inherit_tablet inherit_phone\"  data-padding-pos=\"all\" data-has-bg-color=\"false\" data-bg-color=\"\" data-bg-opacity=\"1\" data-animation=\"\" data-delay=\"0\" >\n\t\t<div class=\"vc_column-inner\" >\n\t\t\t<div class=\"wpb_wrapper\">\n\t\t\t\t\n<div class=\"wpb_text_column wpb_content_element  chapo\" >\n\t<h2>O IUT de Kourou est\u00e1 organizando uma confer\u00eancia na segunda-feira, 9 de mar\u00e7o de 2020, a partir das 18h, no anfiteatro E do campus de Troubiran, intitulada \"Transi\u00e7\u00e3o energ\u00e9tica em um contexto africano\". A palestra ser\u00e1 ministrada pelo Dr. Mamadou Lamine NDIAYE, professor e pesquisador em eletr\u00f4nica na \u00c9cole Sup\u00e9rieure Polytechnique de l'Univ<\/h2>\n<\/div>\n\n\n\n\n<div class=\"wpb_text_column wpb_content_element\" >\n\t<div class=\"wpb_text_column wpb_content_element\">\n<div class=\"wpb_wrapper\">\n<span class=\"nectar-dropcap\" >A <\/span>om uma popula\u00e7\u00e3o de mais de um bilh\u00e3o de pessoas, a \u00c1frica Subsaariana \u00e9 a regi\u00e3o do mundo mais afetada pela pobreza energ\u00e9tica: mais de 600 milh\u00f5es de pessoas n\u00e3o t\u00eam acesso \u00e0 eletricidade (Oxfam, 2017) e cerca de 80% da popula\u00e7\u00e3o usa combust\u00edveis tradicionais (madeira, carv\u00e3o) para cozinhar (AFD, 2016). Essa situa\u00e7\u00e3o contrasta com o acesso universal \u00e0 energia, 7<sup>th<\/sup>\u00a0Objetivo de Desenvolvimento Sustent\u00e1vel, que visa garantir que, at\u00e9 2030, todos tenham acesso a servi\u00e7os de energia confi\u00e1veis, sustent\u00e1veis e modernos a um custo acess\u00edvel. A energia \u00e9 um setor fundamental para reduzir a pobreza e atingir os ODMs. O acesso a melhores servi\u00e7os de energia \u00e9 um dos principais determinantes da redu\u00e7\u00e3o da pobreza.<\/p>\n<p>A \u00c1frica rural em geral, e o Senegal em particular, \u00e9 caracterizada pela pobreza monet\u00e1ria e energ\u00e9tica, que afeta principalmente as mulheres. O ambiente rural senegal\u00eas tamb\u00e9m \u00e9 caracterizado por uma alta depend\u00eancia da energia da madeira e um baixo consumo de energia el\u00e9trica.<\/p>\n<p>A apresenta\u00e7\u00e3o examinar\u00e1 o contexto energ\u00e9tico na \u00c1frica em geral e no Senegal em particular, e tamb\u00e9m se concentrar\u00e1 no paradoxo entre o d\u00e9ficit de energia e a disponibilidade de recursos energ\u00e9ticos, especialmente de fontes renov\u00e1veis. As estrat\u00e9gias de desenvolvimento de energia renov\u00e1vel ser\u00e3o abordadas por meio da estrutura regulat\u00f3ria, das diretrizes de energia, dos desafios da integra\u00e7\u00e3o de fontes de energia renov\u00e1vel e de uma apresenta\u00e7\u00e3o de projetos atuais. Concluiremos nossa apresenta\u00e7\u00e3o com alguns pontos. A apresenta\u00e7\u00e3o ser\u00e1 encerrada com uma an\u00e1lise dos desafios internacionais.<\/p>\n<\/div>\n<\/div>\n<div class=\"wpb_text_column wpb_content_element vc_custom_1665423439500\">\n<div class=\"wpb_wrapper\">\n<p><strong>Algumas palavras sobre o palestrante<\/strong><\/p>\n<p>Mamadou Lamine NDIAYE \u00e9 professor de Eletr\u00f4nica e Telecomunica\u00e7\u00f5es no Departamento de Engenharia El\u00e9trica da ESP. Atualmente, ele dirige o Departamento de Pesquisa e Coopera\u00e7\u00e3o da ESP. Sua pesquisa se concentra na modelagem de sistemas complexos, processamento de sinais e energias renov\u00e1veis. Ele escreveu cerca de vinte publica\u00e7\u00f5es nos \u00faltimos cinco anos.   O Prof. NDIAYE lidera um grupo de pesquisa sobre sistemas de gerenciamento de energia no CIFRES da ESP desde 2010. A pesquisa de sua equipe se concentra na otimiza\u00e7\u00e3o de estrat\u00e9gias inteligentes de controle de energia. O Dr. NDIAYE foi membro da equipe que ganhou o pr\u00eamio \"Energy and first prize\" no programa D4D (Data For Development) da Orange. Seu trabalho \"Use of mobile phone data for rural electrification planning in developing countries\" (Uso de dados de telefonia m\u00f3vel para planejamento de eletrifica\u00e7\u00e3o rural em pa\u00edses em desenvolvimento) tem como objetivo avaliar a contribui\u00e7\u00e3o dos dados de telefonia m\u00f3vel para o desenvolvimento de modelos de evolu\u00e7\u00e3o da demanda de energia, a fim de aprimorar os estudos de planejamento energ\u00e9tico e as pr\u00e1ticas de eletrifica\u00e7\u00e3o existentes. Ele foi especialista em energia do projeto \"women entrepreneurship and adaptation\" (empreendedorismo feminino e adapta\u00e7\u00e3o), financiado pela CIDA no valor de US$ 3 milh\u00f5es. Esse projeto ajudou a fortalecer a resist\u00eancia clim\u00e1tica das comunidades e, em particular, dos grupos de mulheres nas aldeias de Dionewar, Niodior e Falia, no delta do Saloum, no Senegal. Ele foi um dos l\u00edderes do projeto EolSenegal: produ\u00e7\u00e3o e manuten\u00e7\u00e3o de pequenas turbinas e\u00f3licas locais para eletrifica\u00e7\u00e3o rural. Esse projeto levou \u00e0 cria\u00e7\u00e3o de um setor local para a fabrica\u00e7\u00e3o e manuten\u00e7\u00e3o de turbinas e\u00f3licas para eletrifica\u00e7\u00e3o rural. Ele \u00e9 um dos l\u00edderes do projeto \"Monitoring the performance of solar street lamps in the Sahel\" (atualmente em andamento), financiado pelo Minist\u00e9rio de Educa\u00e7\u00e3o Superior e Pesquisa Cient\u00edfica. Ele \u00e9 um dos l\u00edderes do projeto \"Cria\u00e7\u00e3o de um centro de testes em Dakar para realizar verifica\u00e7\u00f5es de qualidade em m\u00f3dulos fotovoltaicos\" (outubro de 2017 a dezembro de 2019). Esse projeto foi financiado pelo Escrit\u00f3rio Federal de Energia da Su\u00ed\u00e7a. O professor NDIAYE tamb\u00e9m est\u00e1 liderando o projeto \"Otimiza\u00e7\u00e3o do desempenho de uma prensa solar para a extra\u00e7\u00e3o produtiva de \u00f3leo de amendoim no Senegal\", financiado pela Coopera\u00e7\u00e3o Alem\u00e3 para o Desenvolvimento (GIZ) para o per\u00edodo de janeiro a setembro de 2018. Esse projeto tem como objetivo desenvolver o processamento de amendoim usando energia solar. Ele co-orientou tr\u00eas teses de doutorado j\u00e1 defendidas e atualmente est\u00e1 supervisionando cinco estudantes de doutorado na \u00e1rea de sistemas el\u00e9tricos.<\/p>\n<\/div>\n<\/div>\n<\/div>\n\n\n\n\n\t\t\t<\/div> \n\t\t<\/div>\n\t<\/div> \n<\/div><\/div>","protected":false},"excerpt":{"rendered":"O IUT de Kourou est\u00e1 organizando uma confer\u00eancia na segunda-feira, 9 de mar\u00e7o de 2020, a partir das 18h...","protected":false},"author":1,"featured_media":9417,"comment_status":"closed","ping_status":"open","sticky":false,"template":"","format":"standard","meta":{"iawp_total_views":28,"footnotes":""},"categories":[17],"tags":[],"class_list":{"0":"post-9415","1":"post","2":"type-post","3":"status-publish","4":"format-standard","5":"has-post-thumbnail","7":"category-iut"},"yoast_head":"<!-- This site is optimized with the Yoast SEO plugin v27.5 - https:\/\/yoast.com\/product\/yoast-seo-wordpress\/ -->\n<title>Transition \u00e9nerg\u00e9tique dans un contexte Africain &#8212; Universit\u00e9 de Guyane<\/title>\n<meta name=\"description\" content=\"D\u00e9couvrez les enjeux de la transition \u00e9nerg\u00e9tique en Afrique subsaharienne. Comment garantir l&#039;acc\u00e8s \u00e0 l&#039;\u00e9nergie pour tous dans une r\u00e9gion touch\u00e9e par la pauvret\u00e9 \u00e9nerg\u00e9tique.\" \/>\n<meta name=\"robots\" content=\"index, follow, max-snippet:-1, max-image-preview:large, max-video-preview:-1\" \/>\n<link rel=\"canonical\" href=\"https:\/\/www.univ-guyane.fr\/pt\/2020\/03\/05\/transition-energetique-dans-un-contexte-africain\/\" \/>\n<meta property=\"og:locale\" content=\"pt_BR\" \/>\n<meta property=\"og:type\" content=\"article\" \/>\n<meta property=\"og:title\" content=\"Transition \u00e9nerg\u00e9tique dans un contexte Africain &#8212; Universit\u00e9 de Guyane\" \/>\n<meta property=\"og:description\" content=\"D\u00e9couvrez les enjeux de la transition \u00e9nerg\u00e9tique en Afrique subsaharienne. Comment garantir l&#039;acc\u00e8s \u00e0 l&#039;\u00e9nergie pour tous dans une r\u00e9gion touch\u00e9e par la pauvret\u00e9 \u00e9nerg\u00e9tique.\" \/>\n<meta property=\"og:url\" content=\"https:\/\/www.univ-guyane.fr\/pt\/2020\/03\/05\/transition-energetique-dans-un-contexte-africain\/\" \/>\n<meta property=\"og:site_name\" content=\"Universit\u00e9 de Guyane\" \/>\n<meta property=\"article:publisher\" content=\"https:\/\/www.facebook.com\/univguyane\" \/>\n<meta property=\"article:published_time\" content=\"2020-03-05T14:07:22+00:00\" \/>\n<meta property=\"article:modified_time\" content=\"2024-06-27T14:16:09+00:00\" \/>\n<meta property=\"og:image\" content=\"https:\/\/www.univ-guyane.fr\/wp-content\/uploads\/Transition-energetique-dans-un-contexte-Africain-universite-de-guyane.jpeg\" \/>\n\t<meta property=\"og:image:width\" content=\"1024\" \/>\n\t<meta property=\"og:image:height\" content=\"683\" \/>\n\t<meta property=\"og:image:type\" content=\"image\/jpeg\" \/>\n<meta name=\"author\" content=\"Erick Loiti\u00e8re\" \/>\n<meta name=\"twitter:card\" content=\"summary_large_image\" \/>\n<meta name=\"twitter:creator\" content=\"@univguyane\" \/>\n<meta name=\"twitter:site\" content=\"@univguyane\" \/>\n<meta name=\"twitter:label1\" content=\"Escrito por\" \/>\n\t<meta name=\"twitter:data1\" content=\"Erick Loiti\u00e8re\" \/>\n\t<meta name=\"twitter:label2\" content=\"Est. tempo de leitura\" \/>\n\t<meta name=\"twitter:data2\" content=\"5 minutos\" \/>\n<script type=\"application\/ld+json\" class=\"yoast-schema-graph\">{\"@context\":\"https:\\\/\\\/schema.org\",\"@graph\":[{\"@type\":\"Article\",\"@id\":\"https:\\\/\\\/www.univ-guyane.fr\\\/2020\\\/03\\\/05\\\/transition-energetique-dans-un-contexte-africain\\\/#article\",\"isPartOf\":{\"@id\":\"https:\\\/\\\/www.univ-guyane.fr\\\/2020\\\/03\\\/05\\\/transition-energetique-dans-un-contexte-africain\\\/\"},\"author\":{\"name\":\"Erick Loiti\u00e8re\",\"@id\":\"https:\\\/\\\/www.univ-guyane.fr\\\/#\\\/schema\\\/person\\\/86d946a28a8be51bb096ccfdf19db179\"},\"headline\":\"Transition \u00e9nerg\u00e9tique dans un contexte Africain\",\"datePublished\":\"2020-03-05T14:07:22+00:00\",\"dateModified\":\"2024-06-27T14:16:09+00:00\",\"mainEntityOfPage\":{\"@id\":\"https:\\\/\\\/www.univ-guyane.fr\\\/2020\\\/03\\\/05\\\/transition-energetique-dans-un-contexte-africain\\\/\"},\"wordCount\":1028,\"publisher\":{\"@id\":\"https:\\\/\\\/www.univ-guyane.fr\\\/#organization\"},\"image\":{\"@id\":\"https:\\\/\\\/www.univ-guyane.fr\\\/2020\\\/03\\\/05\\\/transition-energetique-dans-un-contexte-africain\\\/#primaryimage\"},\"thumbnailUrl\":\"https:\\\/\\\/www.univ-guyane.fr\\\/wp-content\\\/uploads\\\/Transition-energetique-dans-un-contexte-Africain-universite-de-guyane.jpeg\",\"articleSection\":[\"\u2022 IUT\"],\"inLanguage\":\"pt-BR\"},{\"@type\":\"WebPage\",\"@id\":\"https:\\\/\\\/www.univ-guyane.fr\\\/2020\\\/03\\\/05\\\/transition-energetique-dans-un-contexte-africain\\\/\",\"url\":\"https:\\\/\\\/www.univ-guyane.fr\\\/2020\\\/03\\\/05\\\/transition-energetique-dans-un-contexte-africain\\\/\",\"name\":\"Transition \u00e9nerg\u00e9tique dans un contexte Africain &#8212; Universit\u00e9 de Guyane\",\"isPartOf\":{\"@id\":\"https:\\\/\\\/www.univ-guyane.fr\\\/#website\"},\"primaryImageOfPage\":{\"@id\":\"https:\\\/\\\/www.univ-guyane.fr\\\/2020\\\/03\\\/05\\\/transition-energetique-dans-un-contexte-africain\\\/#primaryimage\"},\"image\":{\"@id\":\"https:\\\/\\\/www.univ-guyane.fr\\\/2020\\\/03\\\/05\\\/transition-energetique-dans-un-contexte-africain\\\/#primaryimage\"},\"thumbnailUrl\":\"https:\\\/\\\/www.univ-guyane.fr\\\/wp-content\\\/uploads\\\/Transition-energetique-dans-un-contexte-Africain-universite-de-guyane.jpeg\",\"datePublished\":\"2020-03-05T14:07:22+00:00\",\"dateModified\":\"2024-06-27T14:16:09+00:00\",\"description\":\"D\u00e9couvrez les enjeux de la transition \u00e9nerg\u00e9tique en Afrique subsaharienne. Comment garantir l'acc\u00e8s \u00e0 l'\u00e9nergie pour tous dans une r\u00e9gion touch\u00e9e par la pauvret\u00e9 \u00e9nerg\u00e9tique.\",\"breadcrumb\":{\"@id\":\"https:\\\/\\\/www.univ-guyane.fr\\\/2020\\\/03\\\/05\\\/transition-energetique-dans-un-contexte-africain\\\/#breadcrumb\"},\"inLanguage\":\"pt-BR\",\"potentialAction\":[{\"@type\":\"ReadAction\",\"target\":[\"https:\\\/\\\/www.univ-guyane.fr\\\/2020\\\/03\\\/05\\\/transition-energetique-dans-un-contexte-africain\\\/\"]}]},{\"@type\":\"ImageObject\",\"inLanguage\":\"pt-BR\",\"@id\":\"https:\\\/\\\/www.univ-guyane.fr\\\/2020\\\/03\\\/05\\\/transition-energetique-dans-un-contexte-africain\\\/#primaryimage\",\"url\":\"https:\\\/\\\/www.univ-guyane.fr\\\/wp-content\\\/uploads\\\/Transition-energetique-dans-un-contexte-Africain-universite-de-guyane.jpeg\",\"contentUrl\":\"https:\\\/\\\/www.univ-guyane.fr\\\/wp-content\\\/uploads\\\/Transition-energetique-dans-un-contexte-Africain-universite-de-guyane.jpeg\",\"width\":1024,\"height\":683,\"caption\":\"Transition \u00e9nerg\u00e9tique dans un contexte Africain\"},{\"@type\":\"BreadcrumbList\",\"@id\":\"https:\\\/\\\/www.univ-guyane.fr\\\/2020\\\/03\\\/05\\\/transition-energetique-dans-un-contexte-africain\\\/#breadcrumb\",\"itemListElement\":[{\"@type\":\"ListItem\",\"position\":1,\"name\":\"Accueil\",\"item\":\"https:\\\/\\\/www.univ-guyane.fr\\\/\"},{\"@type\":\"ListItem\",\"position\":2,\"name\":\"Transition \u00e9nerg\u00e9tique dans un contexte Africain\"}]},{\"@type\":\"WebSite\",\"@id\":\"https:\\\/\\\/www.univ-guyane.fr\\\/#website\",\"url\":\"https:\\\/\\\/www.univ-guyane.fr\\\/\",\"name\":\"Universit\u00e9 de Guyane\",\"description\":\"Au c\u0153ur de l&#039;amazonie\",\"publisher\":{\"@id\":\"https:\\\/\\\/www.univ-guyane.fr\\\/#organization\"},\"alternateName\":\"UG\",\"potentialAction\":[{\"@type\":\"SearchAction\",\"target\":{\"@type\":\"EntryPoint\",\"urlTemplate\":\"https:\\\/\\\/www.univ-guyane.fr\\\/?s={search_term_string}\"},\"query-input\":{\"@type\":\"PropertyValueSpecification\",\"valueRequired\":true,\"valueName\":\"search_term_string\"}}],\"inLanguage\":\"pt-BR\"},{\"@type\":\"Organization\",\"@id\":\"https:\\\/\\\/www.univ-guyane.fr\\\/#organization\",\"name\":\"Universit\u00e9 de Guyane\",\"alternateName\":\"UG\",\"url\":\"https:\\\/\\\/www.univ-guyane.fr\\\/\",\"logo\":{\"@type\":\"ImageObject\",\"inLanguage\":\"pt-BR\",\"@id\":\"https:\\\/\\\/www.univ-guyane.fr\\\/#\\\/schema\\\/logo\\\/image\\\/\",\"url\":\"https:\\\/\\\/www.univ-guyane.fr\\\/wp-content\\\/uploads\\\/2024\\\/05\\\/f.png\",\"contentUrl\":\"https:\\\/\\\/www.univ-guyane.fr\\\/wp-content\\\/uploads\\\/2024\\\/05\\\/f.png\",\"width\":1024,\"height\":1024,\"caption\":\"Universit\u00e9 de Guyane\"},\"image\":{\"@id\":\"https:\\\/\\\/www.univ-guyane.fr\\\/#\\\/schema\\\/logo\\\/image\\\/\"},\"sameAs\":[\"https:\\\/\\\/www.facebook.com\\\/univguyane\",\"https:\\\/\\\/x.com\\\/univguyane\",\"https:\\\/\\\/gf.linkedin.com\\\/school\\\/universite-de-guyane\\\/\",\"https:\\\/\\\/www.instagram.com\\\/univ_guyane\\\/\"]},{\"@type\":\"Person\",\"@id\":\"https:\\\/\\\/www.univ-guyane.fr\\\/#\\\/schema\\\/person\\\/86d946a28a8be51bb096ccfdf19db179\",\"name\":\"Erick Loiti\u00e8re\",\"image\":{\"@type\":\"ImageObject\",\"inLanguage\":\"pt-BR\",\"@id\":\"https:\\\/\\\/secure.gravatar.com\\\/avatar\\\/0584f332103fbeaf37e52c73b15dca3c547fd9300deb05764e9ad8714839d072?s=96&d=robohash&r=g\",\"url\":\"https:\\\/\\\/secure.gravatar.com\\\/avatar\\\/0584f332103fbeaf37e52c73b15dca3c547fd9300deb05764e9ad8714839d072?s=96&d=robohash&r=g\",\"contentUrl\":\"https:\\\/\\\/secure.gravatar.com\\\/avatar\\\/0584f332103fbeaf37e52c73b15dca3c547fd9300deb05764e9ad8714839d072?s=96&d=robohash&r=g\",\"caption\":\"Erick Loiti\u00e8re\"},\"sameAs\":[\"http:\\\/\\\/www.univ-guyane.fr\"],\"url\":\"https:\\\/\\\/www.univ-guyane.fr\\\/pt\\\/author\\\/eloitierdbz\\\/\"}]}<\/script>\n<!-- \/ Yoast SEO plugin. -->","yoast_head_json":{"title":"Transition \u00e9nerg\u00e9tique dans un contexte Africain &#8212; Universit\u00e9 de Guyane","description":"D\u00e9couvrez les enjeux de la transition \u00e9nerg\u00e9tique en Afrique subsaharienne. Comment garantir l'acc\u00e8s \u00e0 l'\u00e9nergie pour tous dans une r\u00e9gion touch\u00e9e par la pauvret\u00e9 \u00e9nerg\u00e9tique.","robots":{"index":"index","follow":"follow","max-snippet":"max-snippet:-1","max-image-preview":"max-image-preview:large","max-video-preview":"max-video-preview:-1"},"canonical":"https:\/\/www.univ-guyane.fr\/pt\/2020\/03\/05\/transition-energetique-dans-un-contexte-africain\/","og_locale":"pt_BR","og_type":"article","og_title":"Transition \u00e9nerg\u00e9tique dans un contexte Africain &#8212; Universit\u00e9 de Guyane","og_description":"D\u00e9couvrez les enjeux de la transition \u00e9nerg\u00e9tique en Afrique subsaharienne. Comment garantir l'acc\u00e8s \u00e0 l'\u00e9nergie pour tous dans une r\u00e9gion touch\u00e9e par la pauvret\u00e9 \u00e9nerg\u00e9tique.","og_url":"https:\/\/www.univ-guyane.fr\/pt\/2020\/03\/05\/transition-energetique-dans-un-contexte-africain\/","og_site_name":"Universit\u00e9 de Guyane","article_publisher":"https:\/\/www.facebook.com\/univguyane","article_published_time":"2020-03-05T14:07:22+00:00","article_modified_time":"2024-06-27T14:16:09+00:00","og_image":[{"width":1024,"height":683,"url":"https:\/\/www.univ-guyane.fr\/wp-content\/uploads\/Transition-energetique-dans-un-contexte-Africain-universite-de-guyane.jpeg","type":"image\/jpeg"}],"author":"Erick Loiti\u00e8re","twitter_card":"summary_large_image","twitter_creator":"@univguyane","twitter_site":"@univguyane","twitter_misc":{"Escrito por":"Erick Loiti\u00e8re","Est. tempo de leitura":"5 minutos"},"schema":{"@context":"https:\/\/schema.org","@graph":[{"@type":"Article","@id":"https:\/\/www.univ-guyane.fr\/2020\/03\/05\/transition-energetique-dans-un-contexte-africain\/#article","isPartOf":{"@id":"https:\/\/www.univ-guyane.fr\/2020\/03\/05\/transition-energetique-dans-un-contexte-africain\/"},"author":{"name":"Erick Loiti\u00e8re","@id":"https:\/\/www.univ-guyane.fr\/#\/schema\/person\/86d946a28a8be51bb096ccfdf19db179"},"headline":"Transition \u00e9nerg\u00e9tique dans un contexte Africain","datePublished":"2020-03-05T14:07:22+00:00","dateModified":"2024-06-27T14:16:09+00:00","mainEntityOfPage":{"@id":"https:\/\/www.univ-guyane.fr\/2020\/03\/05\/transition-energetique-dans-un-contexte-africain\/"},"wordCount":1028,"publisher":{"@id":"https:\/\/www.univ-guyane.fr\/#organization"},"image":{"@id":"https:\/\/www.univ-guyane.fr\/2020\/03\/05\/transition-energetique-dans-un-contexte-africain\/#primaryimage"},"thumbnailUrl":"https:\/\/www.univ-guyane.fr\/wp-content\/uploads\/Transition-energetique-dans-un-contexte-Africain-universite-de-guyane.jpeg","articleSection":["\u2022 IUT"],"inLanguage":"pt-BR"},{"@type":"WebPage","@id":"https:\/\/www.univ-guyane.fr\/2020\/03\/05\/transition-energetique-dans-un-contexte-africain\/","url":"https:\/\/www.univ-guyane.fr\/2020\/03\/05\/transition-energetique-dans-un-contexte-africain\/","name":"Transition \u00e9nerg\u00e9tique dans un contexte Africain &#8212; Universit\u00e9 de Guyane","isPartOf":{"@id":"https:\/\/www.univ-guyane.fr\/#website"},"primaryImageOfPage":{"@id":"https:\/\/www.univ-guyane.fr\/2020\/03\/05\/transition-energetique-dans-un-contexte-africain\/#primaryimage"},"image":{"@id":"https:\/\/www.univ-guyane.fr\/2020\/03\/05\/transition-energetique-dans-un-contexte-africain\/#primaryimage"},"thumbnailUrl":"https:\/\/www.univ-guyane.fr\/wp-content\/uploads\/Transition-energetique-dans-un-contexte-Africain-universite-de-guyane.jpeg","datePublished":"2020-03-05T14:07:22+00:00","dateModified":"2024-06-27T14:16:09+00:00","description":"D\u00e9couvrez les enjeux de la transition \u00e9nerg\u00e9tique en Afrique subsaharienne. Comment garantir l'acc\u00e8s \u00e0 l'\u00e9nergie pour tous dans une r\u00e9gion touch\u00e9e par la pauvret\u00e9 \u00e9nerg\u00e9tique.","breadcrumb":{"@id":"https:\/\/www.univ-guyane.fr\/2020\/03\/05\/transition-energetique-dans-un-contexte-africain\/#breadcrumb"},"inLanguage":"pt-BR","potentialAction":[{"@type":"ReadAction","target":["https:\/\/www.univ-guyane.fr\/2020\/03\/05\/transition-energetique-dans-un-contexte-africain\/"]}]},{"@type":"ImageObject","inLanguage":"pt-BR","@id":"https:\/\/www.univ-guyane.fr\/2020\/03\/05\/transition-energetique-dans-un-contexte-africain\/#primaryimage","url":"https:\/\/www.univ-guyane.fr\/wp-content\/uploads\/Transition-energetique-dans-un-contexte-Africain-universite-de-guyane.jpeg","contentUrl":"https:\/\/www.univ-guyane.fr\/wp-content\/uploads\/Transition-energetique-dans-un-contexte-Africain-universite-de-guyane.jpeg","width":1024,"height":683,"caption":"Transition \u00e9nerg\u00e9tique dans un contexte Africain"},{"@type":"BreadcrumbList","@id":"https:\/\/www.univ-guyane.fr\/2020\/03\/05\/transition-energetique-dans-un-contexte-africain\/#breadcrumb","itemListElement":[{"@type":"ListItem","position":1,"name":"Accueil","item":"https:\/\/www.univ-guyane.fr\/"},{"@type":"ListItem","position":2,"name":"Transition \u00e9nerg\u00e9tique dans un contexte Africain"}]},{"@type":"WebSite","@id":"https:\/\/www.univ-guyane.fr\/#website","url":"https:\/\/www.univ-guyane.fr\/","name":"Universidade da Guiana","description":"No cora\u00e7\u00e3o da Amaz\u00f4nia","publisher":{"@id":"https:\/\/www.univ-guyane.fr\/#organization"},"alternateName":"UG","potentialAction":[{"@type":"SearchAction","target":{"@type":"EntryPoint","urlTemplate":"https:\/\/www.univ-guyane.fr\/?s={search_term_string}"},"query-input":{"@type":"PropertyValueSpecification","valueRequired":true,"valueName":"search_term_string"}}],"inLanguage":"pt-BR"},{"@type":"Organization","@id":"https:\/\/www.univ-guyane.fr\/#organization","name":"Universidade da Guiana","alternateName":"UG","url":"https:\/\/www.univ-guyane.fr\/","logo":{"@type":"ImageObject","inLanguage":"pt-BR","@id":"https:\/\/www.univ-guyane.fr\/#\/schema\/logo\/image\/","url":"https:\/\/www.univ-guyane.fr\/wp-content\/uploads\/2024\/05\/f.png","contentUrl":"https:\/\/www.univ-guyane.fr\/wp-content\/uploads\/2024\/05\/f.png","width":1024,"height":1024,"caption":"Universit\u00e9 de Guyane"},"image":{"@id":"https:\/\/www.univ-guyane.fr\/#\/schema\/logo\/image\/"},"sameAs":["https:\/\/www.facebook.com\/univguyane","https:\/\/x.com\/univguyane","https:\/\/gf.linkedin.com\/school\/universite-de-guyane\/","https:\/\/www.instagram.com\/univ_guyane\/"]},{"@type":"Person","@id":"https:\/\/www.univ-guyane.fr\/#\/schema\/person\/86d946a28a8be51bb096ccfdf19db179","name":"Erick Loiti\u00e8re","image":{"@type":"ImageObject","inLanguage":"pt-BR","@id":"https:\/\/secure.gravatar.com\/avatar\/0584f332103fbeaf37e52c73b15dca3c547fd9300deb05764e9ad8714839d072?s=96&d=robohash&r=g","url":"https:\/\/secure.gravatar.com\/avatar\/0584f332103fbeaf37e52c73b15dca3c547fd9300deb05764e9ad8714839d072?s=96&d=robohash&r=g","contentUrl":"https:\/\/secure.gravatar.com\/avatar\/0584f332103fbeaf37e52c73b15dca3c547fd9300deb05764e9ad8714839d072?s=96&d=robohash&r=g","caption":"Erick Loiti\u00e8re"},"sameAs":["http:\/\/www.univ-guyane.fr"],"url":"https:\/\/www.univ-guyane.fr\/pt\/author\/eloitierdbz\/"}]}},"_links":{"self":[{"href":"https:\/\/www.univ-guyane.fr\/pt\/wp-json\/wp\/v2\/posts\/9415","targetHints":{"allow":["GET"]}}],"collection":[{"href":"https:\/\/www.univ-guyane.fr\/pt\/wp-json\/wp\/v2\/posts"}],"about":[{"href":"https:\/\/www.univ-guyane.fr\/pt\/wp-json\/wp\/v2\/types\/post"}],"author":[{"embeddable":true,"href":"https:\/\/www.univ-guyane.fr\/pt\/wp-json\/wp\/v2\/users\/1"}],"replies":[{"embeddable":true,"href":"https:\/\/www.univ-guyane.fr\/pt\/wp-json\/wp\/v2\/comments?post=9415"}],"version-history":[{"count":1,"href":"https:\/\/www.univ-guyane.fr\/pt\/wp-json\/wp\/v2\/posts\/9415\/revisions"}],"predecessor-version":[{"id":9419,"href":"https:\/\/www.univ-guyane.fr\/pt\/wp-json\/wp\/v2\/posts\/9415\/revisions\/9419"}],"wp:featuredmedia":[{"embeddable":true,"href":"https:\/\/www.univ-guyane.fr\/pt\/wp-json\/wp\/v2\/media\/9417"}],"wp:attachment":[{"href":"https:\/\/www.univ-guyane.fr\/pt\/wp-json\/wp\/v2\/media?parent=9415"}],"wp:term":[{"taxonomy":"category","embeddable":true,"href":"https:\/\/www.univ-guyane.fr\/pt\/wp-json\/wp\/v2\/categories?post=9415"},{"taxonomy":"post_tag","embeddable":true,"href":"https:\/\/www.univ-guyane.fr\/pt\/wp-json\/wp\/v2\/tags?post=9415"}],"curies":[{"name":"wp","href":"https:\/\/api.w.org\/{rel}","templated":true}]}}